{"id":1595,"date":"2023-03-23T15:47:15","date_gmt":"2023-03-23T14:47:15","guid":{"rendered":"https:\/\/radiolitoral.com\/?p=1595"},"modified":"2023-03-23T15:47:41","modified_gmt":"2023-03-23T14:47:41","slug":"arriba-la-xix-edicio-de-la-cursa-popular-de-tellada","status":"publish","type":"post","link":"https:\/\/radiolitoral.com\/ca\/2023\/03\/llega-la-xix-edicion-de-la-cursa-popular-de-teulada\/","title":{"rendered":"Arriba la XIX edici\u00f3 de la Cursa Popular de Teulada"},"content":{"rendered":"<p>El proper 1 d&#039;abril se celebrar\u00e0 la<strong> XIX edici\u00f3 de la Cursa Popular de Teulada<\/strong>, organitzada per e<strong>l Club d&#039;Atletisme Corremundos, en col\u00b7laboraci\u00f3 amb l&#039;Ajuntament de Teulada.<\/strong> <strong>La sortida ser\u00e0<\/strong>, com cada any, <strong>des de la Pla\u00e7a de la Constituci\u00f3 de Teulada <\/strong>per a totes les categories i <strong>les inscripcions es podran realitzar a trav\u00e9s de <\/strong><a href=\"http:\/\/www.somesport.com\"><strong>www.somesport.com<\/strong><\/a><strong> fins al 31 de mar\u00e7.<\/strong><\/p>\n<p>Aix\u00ed doncs, les curses infantils s&#039;iniciaran a partir de les 16.00 h (des de querubins fins a juvenils) i la prova reina tindr\u00e0 lloc a les 18.30 h amb el mateix recorregut que en edicions anteriors (10 km de dist\u00e0ncia). Cal destacar que el circuit compta tamb\u00e9 amb la categoria de Veterans F.<\/p>\n<p><strong>La Policia Local de Teulada<\/strong> Moraira <strong>ha recordat que durant l&#039;esdeveniment hi haur\u00e0 talls de carrers i camins i retirada de vehicles, des de les 14.00 h fins a les 21.00 h<\/strong>, excepte l&#039;Avda. Santa Catalina, Pla\u00e7a Constituci\u00f3 i Mestre Mulet, que ser\u00e0 des de les 07:00h fins que finalitzi l&#039;esdeveniment.<\/p>\n<p>Les vies implicades s\u00f3n les seg\u00fcents: Avda. Santa Catalina, Pla\u00e7a de la Constituci\u00f3, Carrer Mestre Mulet, Carrer Canonge Vall\u00e9s, Pla\u00e7a de la Creu, El Ravalet, Carrer Senija, Carrer Sant Vicent, Pla\u00e7a del Garrofer (part de Correus), Carrer Verger, Carrer Lliber, Carrer Benissa, Av. Cam\u00ed Font de l&#039;Horta, Cam\u00ed del Boticari, Cam\u00ed Pouet del Moro i Cam\u00ed de Diego Caldo.<\/p>\n<p>Aix\u00ed mateix, hi haur\u00e0 un desviament alternatiu a l&#039;Avda. Mediterrani, estar\u00e0 senyalitzat i guiat pels agents per redirigir el tr\u00e0nsit i facilitar els accessos i sortides de la via.<\/p>\n<p>El regidor d&#039;Esports, Luis Caballero, ha expressat el seu agra\u00efment a tots els que hi participen activament perqu\u00e8 la prova es pot realitzar amb normalitat, com ara Serveis Generals, Esports, Policia Local, Protecci\u00f3 Civil i, a l&#039;organitzador de l&#039;esdeveniment, el Club de Atletisme Corremons.<\/p>\n<p>Aix\u00ed mateix, des del Club Corremundos, s&#039;han animat ve\u00efns i visitants a assistir i gaudir d&#039;aquesta festa de l&#039;esport, consolidada ja com una tradici\u00f3 despr\u00e9s dels 19 anys de celebraci\u00f3 al municipi.<\/p>","protected":false},"excerpt":{"rendered":"<p>El pr\u00f3ximo 1 de abril se celebrar\u00e1 la XIX edici\u00f3n de la Cursa Popular de Teulada, organizada por el Club de Atletismo Corremundos, en colaboraci\u00f3n con el Ayuntamiento de Teulada. La salida ser\u00e1, como cada a\u00f1o, desde la Plaza de la Constituci\u00f3n de Teulada para todas las categor\u00edas y las inscripciones se podr\u00e1n realizar a [&#8230;]<\/p>\n<p><a class=\"btn btn-secondary understrap-read-more-link\" href=\"https:\/\/radiolitoral.com\/ca\/2023\/03\/llega-la-xix-edicion-de-la-cursa-popular-de-teulada\/\">Continua llegint&#8230;<span class=\"screen-reader-text\"> from Llega la XIX edici\u00f3n de la Cursa Popular de Teulada<\/span><\/a><\/p>\n","protected":false},"author":21,"featured_media":1596,"comment_status":"open","ping_status":"closed","sticky":false,"template":"","format":"standard","meta":{"_acf_changed":false,"inline_featured_image":false,"footnotes":""},"categories":[5],"tags":[318,316,315,317,146],"class_list":["post-1595","post","type-post","status-publish","format-standard","has-post-thumbnail","hentry","category-deportes","tag-agenda-teulada","tag-cursa-popular-teulada","tag-cursa-teulada","tag-deportes-teulada","tag-teulada","cobertura-teulada-moraira"],"acf":[],"yoast_head":"<!-- This site is optimized with the Yoast SEO plugin v27.5 - https:\/\/yoast.com\/product\/yoast-seo-wordpress\/ -->\n<title>Llega la XIX edici\u00f3n de la Cursa Popular de Teulada | R\u00e0dio Litoral<\/title>\n<meta name=\"description\" content=\"Una cita para los corredores de toda la comarca\" \/>\n<meta name=\"robots\" content=\"index, follow, max-snippet:-1, max-image-preview:large, max-video-preview:-1\" \/>\n<link rel=\"canonical\" href=\"https:\/\/radiolitoral.com\/ca\/2023\/03\/arriba-la-xix-edicio-de-la-cursa-popular-de-tellada\/\" \/>\n<meta property=\"og:locale\" content=\"ca_ES\" \/>\n<meta property=\"og:type\" content=\"article\" \/>\n<meta property=\"og:title\" content=\"Llega la XIX edici\u00f3n de la Cursa Popular de Teulada | R\u00e0dio Litoral\" \/>\n<meta property=\"og:description\" content=\"Una cita para los corredores de toda la comarca\" \/>\n<meta property=\"og:url\" content=\"https:\/\/radiolitoral.com\/ca\/2023\/03\/arriba-la-xix-edicio-de-la-cursa-popular-de-tellada\/\" \/>\n<meta property=\"og:site_name\" content=\"R\u00e0dio Litoral\" \/>\n<meta property=\"article:publisher\" content=\"https:\/\/www.facebook.com\/Laradiolitoral\/\" \/>\n<meta property=\"article:published_time\" content=\"2023-03-23T14:47:15+00:00\" \/>\n<meta property=\"article:modified_time\" content=\"2023-03-23T14:47:41+00:00\" \/>\n<meta property=\"og:image\" content=\"https:\/\/media.radiolitoral.com\/wp-content\/uploads\/2023\/03\/23154646\/7-FOTO-CURSA-TEULADA-2023-653x490-1.jpg\" \/>\n\t<meta property=\"og:image:width\" content=\"653\" \/>\n\t<meta property=\"og:image:height\" content=\"490\" \/>\n\t<meta property=\"og:image:type\" content=\"image\/jpeg\" \/>\n<meta name=\"author\" content=\"Mel Pescuezo\" \/>\n<meta name=\"twitter:card\" content=\"summary_large_image\" \/>\n<meta name=\"twitter:label1\" content=\"Escrit per\" \/>\n\t<meta name=\"twitter:data1\" content=\"Mel Pescuezo\" \/>\n\t<meta name=\"twitter:label2\" content=\"Temps estimat de lectura\" \/>\n\t<meta name=\"twitter:data2\" content=\"2 minuts\" \/>\n<script type=\"application\/ld+json\" class=\"yoast-schema-graph\">{\"@context\":\"https:\\\/\\\/schema.org\",\"@graph\":[{\"@type\":\"NewsArticle\",\"@id\":\"https:\\\/\\\/radiolitoral.com\\\/2023\\\/03\\\/llega-la-xix-edicion-de-la-cursa-popular-de-teulada\\\/#article\",\"isPartOf\":{\"@id\":\"https:\\\/\\\/radiolitoral.com\\\/2023\\\/03\\\/llega-la-xix-edicion-de-la-cursa-popular-de-teulada\\\/\"},\"author\":{\"name\":\"Mel Pescuezo\",\"@id\":\"https:\\\/\\\/radiolitoral.com\\\/#\\\/schema\\\/person\\\/aad4f72efa404f85b68e832d24cac059\"},\"headline\":\"Llega la XIX edici\u00f3n de la Cursa Popular de Teulada\",\"datePublished\":\"2023-03-23T14:47:15+00:00\",\"dateModified\":\"2023-03-23T14:47:41+00:00\",\"mainEntityOfPage\":{\"@id\":\"https:\\\/\\\/radiolitoral.com\\\/2023\\\/03\\\/llega-la-xix-edicion-de-la-cursa-popular-de-teulada\\\/\"},\"wordCount\":396,\"commentCount\":0,\"publisher\":{\"@id\":\"https:\\\/\\\/radiolitoral.com\\\/#organization\"},\"image\":{\"@id\":\"https:\\\/\\\/radiolitoral.com\\\/2023\\\/03\\\/llega-la-xix-edicion-de-la-cursa-popular-de-teulada\\\/#primaryimage\"},\"thumbnailUrl\":\"https:\\\/\\\/media.radiolitoral.com\\\/wp-content\\\/uploads\\\/2023\\\/03\\\/23154646\\\/7-FOTO-CURSA-TEULADA-2023-653x490-1.jpg\",\"keywords\":[\"agenda Teulada\",\"Cursa Popular Teulada\",\"Cursa Teulada\",\"deportes Teulada\",\"Teulada\"],\"articleSection\":[\"Deportes\"],\"inLanguage\":\"ca\",\"potentialAction\":[{\"@type\":\"CommentAction\",\"name\":\"Comment\",\"target\":[\"https:\\\/\\\/radiolitoral.com\\\/2023\\\/03\\\/llega-la-xix-edicion-de-la-cursa-popular-de-teulada\\\/#respond\"]}]},{\"@type\":[\"WebPage\",\"ItemPage\"],\"@id\":\"https:\\\/\\\/radiolitoral.com\\\/2023\\\/03\\\/llega-la-xix-edicion-de-la-cursa-popular-de-teulada\\\/\",\"url\":\"https:\\\/\\\/radiolitoral.com\\\/2023\\\/03\\\/llega-la-xix-edicion-de-la-cursa-popular-de-teulada\\\/\",\"name\":\"Llega la XIX edici\u00f3n de la Cursa Popular de Teulada | R\u00e0dio Litoral\",\"isPartOf\":{\"@id\":\"https:\\\/\\\/radiolitoral.com\\\/#website\"},\"primaryImageOfPage\":{\"@id\":\"https:\\\/\\\/radiolitoral.com\\\/2023\\\/03\\\/llega-la-xix-edicion-de-la-cursa-popular-de-teulada\\\/#primaryimage\"},\"image\":{\"@id\":\"https:\\\/\\\/radiolitoral.com\\\/2023\\\/03\\\/llega-la-xix-edicion-de-la-cursa-popular-de-teulada\\\/#primaryimage\"},\"thumbnailUrl\":\"https:\\\/\\\/media.radiolitoral.com\\\/wp-content\\\/uploads\\\/2023\\\/03\\\/23154646\\\/7-FOTO-CURSA-TEULADA-2023-653x490-1.jpg\",\"datePublished\":\"2023-03-23T14:47:15+00:00\",\"dateModified\":\"2023-03-23T14:47:41+00:00\",\"description\":\"Una cita para los corredores de toda la comarca\",\"breadcrumb\":{\"@id\":\"https:\\\/\\\/radiolitoral.com\\\/2023\\\/03\\\/llega-la-xix-edicion-de-la-cursa-popular-de-teulada\\\/#breadcrumb\"},\"inLanguage\":\"ca\",\"potentialAction\":[{\"@type\":\"ReadAction\",\"target\":[\"https:\\\/\\\/radiolitoral.com\\\/2023\\\/03\\\/llega-la-xix-edicion-de-la-cursa-popular-de-teulada\\\/\"]}]},{\"@type\":\"ImageObject\",\"inLanguage\":\"ca\",\"@id\":\"https:\\\/\\\/radiolitoral.com\\\/2023\\\/03\\\/llega-la-xix-edicion-de-la-cursa-popular-de-teulada\\\/#primaryimage\",\"url\":\"https:\\\/\\\/media.radiolitoral.com\\\/wp-content\\\/uploads\\\/2023\\\/03\\\/23154646\\\/7-FOTO-CURSA-TEULADA-2023-653x490-1.jpg\",\"contentUrl\":\"https:\\\/\\\/media.radiolitoral.com\\\/wp-content\\\/uploads\\\/2023\\\/03\\\/23154646\\\/7-FOTO-CURSA-TEULADA-2023-653x490-1.jpg\",\"width\":653,\"height\":490},{\"@type\":\"BreadcrumbList\",\"@id\":\"https:\\\/\\\/radiolitoral.com\\\/2023\\\/03\\\/llega-la-xix-edicion-de-la-cursa-popular-de-teulada\\\/#breadcrumb\",\"itemListElement\":[{\"@type\":\"ListItem\",\"position\":1,\"name\":\"Portada\",\"item\":\"https:\\\/\\\/radiolitoral.com\\\/\"},{\"@type\":\"ListItem\",\"position\":2,\"name\":\"Llega la XIX edici\u00f3n de la Cursa Popular de Teulada\"}]},{\"@type\":\"WebSite\",\"@id\":\"https:\\\/\\\/radiolitoral.com\\\/#website\",\"url\":\"https:\\\/\\\/radiolitoral.com\\\/\",\"name\":\"Radio Litoral\",\"description\":\"La radio local de la Marina Alta\",\"publisher\":{\"@id\":\"https:\\\/\\\/radiolitoral.com\\\/#organization\"},\"alternateName\":\"Litoral FM\",\"potentialAction\":[{\"@type\":\"SearchAction\",\"target\":{\"@type\":\"EntryPoint\",\"urlTemplate\":\"https:\\\/\\\/radiolitoral.com\\\/?s={search_term_string}\"},\"query-input\":{\"@type\":\"PropertyValueSpecification\",\"valueRequired\":true,\"valueName\":\"search_term_string\"}}],\"inLanguage\":\"ca\"},{\"@type\":\"Organization\",\"@id\":\"https:\\\/\\\/radiolitoral.com\\\/#organization\",\"name\":\"Radio Litoral\",\"url\":\"https:\\\/\\\/radiolitoral.com\\\/\",\"logo\":{\"@type\":\"ImageObject\",\"inLanguage\":\"ca\",\"@id\":\"https:\\\/\\\/radiolitoral.com\\\/#\\\/schema\\\/logo\\\/image\\\/\",\"url\":\"https:\\\/\\\/media.radiolitoral.com\\\/wp-content\\\/uploads\\\/2023\\\/02\\\/24143238\\\/CL-V-RadioLitoral696.png\",\"contentUrl\":\"https:\\\/\\\/media.radiolitoral.com\\\/wp-content\\\/uploads\\\/2023\\\/02\\\/24143238\\\/CL-V-RadioLitoral696.png\",\"width\":696,\"height\":696,\"caption\":\"Radio Litoral\"},\"image\":{\"@id\":\"https:\\\/\\\/radiolitoral.com\\\/#\\\/schema\\\/logo\\\/image\\\/\"},\"sameAs\":[\"https:\\\/\\\/www.facebook.com\\\/Laradiolitoral\\\/\"]},{\"@type\":\"Person\",\"@id\":\"https:\\\/\\\/radiolitoral.com\\\/#\\\/schema\\\/person\\\/aad4f72efa404f85b68e832d24cac059\",\"name\":\"Mel Pescuezo\",\"image\":{\"@type\":\"ImageObject\",\"inLanguage\":\"ca\",\"@id\":\"https:\\\/\\\/secure.gravatar.com\\\/avatar\\\/993975ae489c70cb0dd9bfa9413a082f0bd276582dac13661af7b33f161e7eea?s=96&d=mm&r=g\",\"url\":\"https:\\\/\\\/secure.gravatar.com\\\/avatar\\\/993975ae489c70cb0dd9bfa9413a082f0bd276582dac13661af7b33f161e7eea?s=96&d=mm&r=g\",\"contentUrl\":\"https:\\\/\\\/secure.gravatar.com\\\/avatar\\\/993975ae489c70cb0dd9bfa9413a082f0bd276582dac13661af7b33f161e7eea?s=96&d=mm&r=g\",\"caption\":\"Mel Pescuezo\"},\"url\":\"https:\\\/\\\/radiolitoral.com\\\/ca\\\/author\\\/serviciospararadios\\\/\"}]}<\/script>\n<!-- \/ Yoast SEO plugin. -->","yoast_head_json":{"title":"Arriba la XIX edici\u00f3 de la Cursa Popular de Teulada | R\u00e0dio Litoral","description":"Una cita per als corredors de tota la comarca","robots":{"index":"index","follow":"follow","max-snippet":"max-snippet:-1","max-image-preview":"max-image-preview:large","max-video-preview":"max-video-preview:-1"},"canonical":"https:\/\/radiolitoral.com\/ca\/2023\/03\/arriba-la-xix-edicio-de-la-cursa-popular-de-tellada\/","og_locale":"ca_ES","og_type":"article","og_title":"Llega la XIX edici\u00f3n de la Cursa Popular de Teulada | R\u00e0dio Litoral","og_description":"Una cita para los corredores de toda la comarca","og_url":"https:\/\/radiolitoral.com\/ca\/2023\/03\/arriba-la-xix-edicio-de-la-cursa-popular-de-tellada\/","og_site_name":"R\u00e0dio Litoral","article_publisher":"https:\/\/www.facebook.com\/Laradiolitoral\/","article_published_time":"2023-03-23T14:47:15+00:00","article_modified_time":"2023-03-23T14:47:41+00:00","og_image":[{"width":653,"height":490,"url":"https:\/\/media.radiolitoral.com\/wp-content\/uploads\/2023\/03\/23154646\/7-FOTO-CURSA-TEULADA-2023-653x490-1.jpg","type":"image\/jpeg"}],"author":"Mel Pescuezo","twitter_card":"summary_large_image","twitter_misc":{"Escrit per":"Mel Pescuezo","Temps estimat de lectura":"2 minuts"},"schema":{"@context":"https:\/\/schema.org","@graph":[{"@type":"NewsArticle","@id":"https:\/\/radiolitoral.com\/2023\/03\/llega-la-xix-edicion-de-la-cursa-popular-de-teulada\/#article","isPartOf":{"@id":"https:\/\/radiolitoral.com\/2023\/03\/llega-la-xix-edicion-de-la-cursa-popular-de-teulada\/"},"author":{"name":"Mel Pescuezo","@id":"https:\/\/radiolitoral.com\/#\/schema\/person\/aad4f72efa404f85b68e832d24cac059"},"headline":"Llega la XIX edici\u00f3n de la Cursa Popular de Teulada","datePublished":"2023-03-23T14:47:15+00:00","dateModified":"2023-03-23T14:47:41+00:00","mainEntityOfPage":{"@id":"https:\/\/radiolitoral.com\/2023\/03\/llega-la-xix-edicion-de-la-cursa-popular-de-teulada\/"},"wordCount":396,"commentCount":0,"publisher":{"@id":"https:\/\/radiolitoral.com\/#organization"},"image":{"@id":"https:\/\/radiolitoral.com\/2023\/03\/llega-la-xix-edicion-de-la-cursa-popular-de-teulada\/#primaryimage"},"thumbnailUrl":"https:\/\/media.radiolitoral.com\/wp-content\/uploads\/2023\/03\/23154646\/7-FOTO-CURSA-TEULADA-2023-653x490-1.jpg","keywords":["agenda Teulada","Cursa Popular Teulada","Cursa Teulada","deportes Teulada","Teulada"],"articleSection":["Deportes"],"inLanguage":"ca","potentialAction":[{"@type":"CommentAction","name":"Comment","target":["https:\/\/radiolitoral.com\/2023\/03\/llega-la-xix-edicion-de-la-cursa-popular-de-teulada\/#respond"]}]},{"@type":["WebPage","ItemPage"],"@id":"https:\/\/radiolitoral.com\/2023\/03\/llega-la-xix-edicion-de-la-cursa-popular-de-teulada\/","url":"https:\/\/radiolitoral.com\/2023\/03\/llega-la-xix-edicion-de-la-cursa-popular-de-teulada\/","name":"Arriba la XIX edici\u00f3 de la Cursa Popular de Teulada | R\u00e0dio Litoral","isPartOf":{"@id":"https:\/\/radiolitoral.com\/#website"},"primaryImageOfPage":{"@id":"https:\/\/radiolitoral.com\/2023\/03\/llega-la-xix-edicion-de-la-cursa-popular-de-teulada\/#primaryimage"},"image":{"@id":"https:\/\/radiolitoral.com\/2023\/03\/llega-la-xix-edicion-de-la-cursa-popular-de-teulada\/#primaryimage"},"thumbnailUrl":"https:\/\/media.radiolitoral.com\/wp-content\/uploads\/2023\/03\/23154646\/7-FOTO-CURSA-TEULADA-2023-653x490-1.jpg","datePublished":"2023-03-23T14:47:15+00:00","dateModified":"2023-03-23T14:47:41+00:00","description":"Una cita per als corredors de tota la comarca","breadcrumb":{"@id":"https:\/\/radiolitoral.com\/2023\/03\/llega-la-xix-edicion-de-la-cursa-popular-de-teulada\/#breadcrumb"},"inLanguage":"ca","potentialAction":[{"@type":"ReadAction","target":["https:\/\/radiolitoral.com\/2023\/03\/llega-la-xix-edicion-de-la-cursa-popular-de-teulada\/"]}]},{"@type":"ImageObject","inLanguage":"ca","@id":"https:\/\/radiolitoral.com\/2023\/03\/llega-la-xix-edicion-de-la-cursa-popular-de-teulada\/#primaryimage","url":"https:\/\/media.radiolitoral.com\/wp-content\/uploads\/2023\/03\/23154646\/7-FOTO-CURSA-TEULADA-2023-653x490-1.jpg","contentUrl":"https:\/\/media.radiolitoral.com\/wp-content\/uploads\/2023\/03\/23154646\/7-FOTO-CURSA-TEULADA-2023-653x490-1.jpg","width":653,"height":490},{"@type":"BreadcrumbList","@id":"https:\/\/radiolitoral.com\/2023\/03\/llega-la-xix-edicion-de-la-cursa-popular-de-teulada\/#breadcrumb","itemListElement":[{"@type":"ListItem","position":1,"name":"Portada","item":"https:\/\/radiolitoral.com\/"},{"@type":"ListItem","position":2,"name":"Llega la XIX edici\u00f3n de la Cursa Popular de Teulada"}]},{"@type":"WebSite","@id":"https:\/\/radiolitoral.com\/#website","url":"https:\/\/radiolitoral.com\/","name":"R\u00e0dio Litoral","description":"La r\u00e0dio local de la Marina Alta","publisher":{"@id":"https:\/\/radiolitoral.com\/#organization"},"alternateName":"Litoral FM","potentialAction":[{"@type":"SearchAction","target":{"@type":"EntryPoint","urlTemplate":"https:\/\/radiolitoral.com\/?s={search_term_string}"},"query-input":{"@type":"PropertyValueSpecification","valueRequired":true,"valueName":"search_term_string"}}],"inLanguage":"ca"},{"@type":"Organization","@id":"https:\/\/radiolitoral.com\/#organization","name":"R\u00e0dio Litoral","url":"https:\/\/radiolitoral.com\/","logo":{"@type":"ImageObject","inLanguage":"ca","@id":"https:\/\/radiolitoral.com\/#\/schema\/logo\/image\/","url":"https:\/\/media.radiolitoral.com\/wp-content\/uploads\/2023\/02\/24143238\/CL-V-RadioLitoral696.png","contentUrl":"https:\/\/media.radiolitoral.com\/wp-content\/uploads\/2023\/02\/24143238\/CL-V-RadioLitoral696.png","width":696,"height":696,"caption":"Radio Litoral"},"image":{"@id":"https:\/\/radiolitoral.com\/#\/schema\/logo\/image\/"},"sameAs":["https:\/\/www.facebook.com\/Laradiolitoral\/"]},{"@type":"Person","@id":"https:\/\/radiolitoral.com\/#\/schema\/person\/aad4f72efa404f85b68e832d24cac059","name":"Mel Pescuezo","image":{"@type":"ImageObject","inLanguage":"ca","@id":"https:\/\/secure.gravatar.com\/avatar\/993975ae489c70cb0dd9bfa9413a082f0bd276582dac13661af7b33f161e7eea?s=96&d=mm&r=g","url":"https:\/\/secure.gravatar.com\/avatar\/993975ae489c70cb0dd9bfa9413a082f0bd276582dac13661af7b33f161e7eea?s=96&d=mm&r=g","contentUrl":"https:\/\/secure.gravatar.com\/avatar\/993975ae489c70cb0dd9bfa9413a082f0bd276582dac13661af7b33f161e7eea?s=96&d=mm&r=g","caption":"Mel Pescuezo"},"url":"https:\/\/radiolitoral.com\/ca\/author\/serviciospararadios\/"}]}},"_links":{"self":[{"href":"https:\/\/radiolitoral.com\/ca\/wp-json\/wp\/v2\/posts\/1595","targetHints":{"allow":["GET"]}}],"collection":[{"href":"https:\/\/radiolitoral.com\/ca\/wp-json\/wp\/v2\/posts"}],"about":[{"href":"https:\/\/radiolitoral.com\/ca\/wp-json\/wp\/v2\/types\/post"}],"author":[{"embeddable":true,"href":"https:\/\/radiolitoral.com\/ca\/wp-json\/wp\/v2\/users\/21"}],"replies":[{"embeddable":true,"href":"https:\/\/radiolitoral.com\/ca\/wp-json\/wp\/v2\/comments?post=1595"}],"version-history":[{"count":1,"href":"https:\/\/radiolitoral.com\/ca\/wp-json\/wp\/v2\/posts\/1595\/revisions"}],"predecessor-version":[{"id":1597,"href":"https:\/\/radiolitoral.com\/ca\/wp-json\/wp\/v2\/posts\/1595\/revisions\/1597"}],"wp:featuredmedia":[{"embeddable":true,"href":"https:\/\/radiolitoral.com\/ca\/wp-json\/wp\/v2\/media\/1596"}],"wp:attachment":[{"href":"https:\/\/radiolitoral.com\/ca\/wp-json\/wp\/v2\/media?parent=1595"}],"wp:term":[{"taxonomy":"category","embeddable":true,"href":"https:\/\/radiolitoral.com\/ca\/wp-json\/wp\/v2\/categories?post=1595"},{"taxonomy":"post_tag","embeddable":true,"href":"https:\/\/radiolitoral.com\/ca\/wp-json\/wp\/v2\/tags?post=1595"}],"curies":[{"name":"wp","href":"https:\/\/api.w.org\/{rel}","templated":true}]}}