{"id":1586,"date":"2023-03-23T15:32:57","date_gmt":"2023-03-23T14:32:57","guid":{"rendered":"https:\/\/radiolitoral.com\/?p=1586"},"modified":"2023-03-23T15:34:12","modified_gmt":"2023-03-23T14:34:12","slug":"una-cita-amb-el-moscatell-de-la-marina-alta-aquesta-tarda-a-benissa","status":"publish","type":"post","link":"https:\/\/radiolitoral.com\/ca\/2023\/03\/una-cita-con-el-moscatell-de-la-marina-alta-esta-tarde-en-benissa\/","title":{"rendered":"Una cita amb el Moscatell de la Marina Alta, \u00e9s tard a Benissa"},"content":{"rendered":"<p><strong>A les Cases del Batlle de Benissa, a les 19 hores<\/strong>, es dur\u00e0 a terme una <strong>xerrada &#039;Parlem del moscatell&#039;<\/strong> en el marc del Pla d&#039;Acci\u00f3 <strong>&#039;Moscatell de la Marina Alta&#039;<\/strong>, signat a principis d&#039;aquest mes pels ajuntaments de Benissa i Teulada, per impulsar i promocionar aquesta varietat de ra\u00efm, com a producte emblem\u00e0tic i diferenciador de l&#039;agricultura local i comarcal.<\/p>\n<p>Cal recordar que la Regidoria d&#039;Agricultura de Benissa ha liderat la iniciativa, l&#039;objectiu principal de la qual \u00e9s augmentar l&#039;impacte i l&#039;abast de les accions al voltant del Moscatell de la Marina Alta. El pla contempla diverses accions, com la col\u00b7laboraci\u00f3 en projectes d&#039;impuls del Moscatell, l&#039;estrat\u00e8gia per a la posada en valor del territori i el Moscatell, i la col\u00b7laboraci\u00f3 en l&#039;organitzaci\u00f3 anual de les Jornades del Moscatell de la Marina Alta, entre d&#039;altres .<\/p>\n<p>&nbsp;<\/p>","protected":false},"excerpt":{"rendered":"<p>En las Cases del Batlle de Benissa, a las 19 horas, se llevar\u00e1 a cabo una charla &#8216;Hablamos del moscatel&#8217; en el marco del Plan de Acci\u00f3n \u2018Moscatell de la Marina Alta\u2019, firmado a principios de este mes por los ayuntamientos de Benissa y Teulada, con el fin de impulsar y promocionar esta variedad de [&#8230;]<\/p>\n<p><a class=\"btn btn-secondary understrap-read-more-link\" href=\"https:\/\/radiolitoral.com\/ca\/2023\/03\/una-cita-con-el-moscatell-de-la-marina-alta-esta-tarde-en-benissa\/\">Continua llegint&#8230;<span class=\"screen-reader-text\"> from Una cita con el Moscatell de la Marina Alta, est\u00e1 tarde en Benissa<\/span><\/a><\/p>\n","protected":false},"author":21,"featured_media":1587,"comment_status":"open","ping_status":"closed","sticky":false,"template":"","format":"standard","meta":{"_acf_changed":false,"inline_featured_image":false,"footnotes":""},"categories":[55],"tags":[307,306,310,308,309],"class_list":["post-1586","post","type-post","status-publish","format-standard","has-post-thumbnail","hentry","category-cultura","tag-charla-benissa","tag-charla-moscatell","tag-moscatell","tag-vinos","tag-vinoteca","cobertura-benissa"],"acf":[],"yoast_head":"<!-- This site is optimized with the Yoast SEO plugin v27.5 - https:\/\/yoast.com\/product\/yoast-seo-wordpress\/ -->\n<title>Una cita con el Moscatell de la Marina Alta, est\u00e1 tarde en Benissa | R\u00e0dio Litoral<\/title>\n<meta name=\"description\" content=\"Ser\u00e1 una charla en las Cases del Batlle de Benissa a las 19 h\" \/>\n<meta name=\"robots\" content=\"index, follow, max-snippet:-1, max-image-preview:large, max-video-preview:-1\" \/>\n<link rel=\"canonical\" href=\"https:\/\/radiolitoral.com\/ca\/2023\/03\/una-cita-amb-el-moscatell-de-la-marina-alta-aquesta-tarda-a-benissa\/\" \/>\n<meta property=\"og:locale\" content=\"ca_ES\" \/>\n<meta property=\"og:type\" content=\"article\" \/>\n<meta property=\"og:title\" content=\"Una cita con el Moscatell de la Marina Alta, est\u00e1 tarde en Benissa | R\u00e0dio Litoral\" \/>\n<meta property=\"og:description\" content=\"Ser\u00e1 una charla en las Cases del Batlle de Benissa a las 19 h\" \/>\n<meta property=\"og:url\" content=\"https:\/\/radiolitoral.com\/ca\/2023\/03\/una-cita-amb-el-moscatell-de-la-marina-alta-aquesta-tarda-a-benissa\/\" \/>\n<meta property=\"og:site_name\" content=\"R\u00e0dio Litoral\" \/>\n<meta property=\"article:publisher\" content=\"https:\/\/www.facebook.com\/Laradiolitoral\/\" \/>\n<meta property=\"article:published_time\" content=\"2023-03-23T14:32:57+00:00\" \/>\n<meta property=\"article:modified_time\" content=\"2023-03-23T14:34:12+00:00\" \/>\n<meta property=\"og:image\" content=\"https:\/\/media.radiolitoral.com\/wp-content\/uploads\/2023\/03\/23153231\/imagen-1.jpg\" \/>\n\t<meta property=\"og:image:width\" content=\"270\" \/>\n\t<meta property=\"og:image:height\" content=\"220\" \/>\n\t<meta property=\"og:image:type\" content=\"image\/jpeg\" \/>\n<meta name=\"author\" content=\"Mel Pescuezo\" \/>\n<meta name=\"twitter:card\" content=\"summary_large_image\" \/>\n<meta name=\"twitter:label1\" content=\"Escrit per\" \/>\n\t<meta name=\"twitter:data1\" content=\"Mel Pescuezo\" \/>\n\t<meta name=\"twitter:label2\" content=\"Temps estimat de lectura\" \/>\n\t<meta name=\"twitter:data2\" content=\"1 minut\" \/>\n<script type=\"application\/ld+json\" class=\"yoast-schema-graph\">{\"@context\":\"https:\\\/\\\/schema.org\",\"@graph\":[{\"@type\":\"NewsArticle\",\"@id\":\"https:\\\/\\\/radiolitoral.com\\\/2023\\\/03\\\/una-cita-con-el-moscatell-de-la-marina-alta-esta-tarde-en-benissa\\\/#article\",\"isPartOf\":{\"@id\":\"https:\\\/\\\/radiolitoral.com\\\/2023\\\/03\\\/una-cita-con-el-moscatell-de-la-marina-alta-esta-tarde-en-benissa\\\/\"},\"author\":{\"name\":\"Mel Pescuezo\",\"@id\":\"https:\\\/\\\/radiolitoral.com\\\/#\\\/schema\\\/person\\\/aad4f72efa404f85b68e832d24cac059\"},\"headline\":\"Una cita con el Moscatell de la Marina Alta, est\u00e1 tarde en Benissa\",\"datePublished\":\"2023-03-23T14:32:57+00:00\",\"dateModified\":\"2023-03-23T14:34:12+00:00\",\"mainEntityOfPage\":{\"@id\":\"https:\\\/\\\/radiolitoral.com\\\/2023\\\/03\\\/una-cita-con-el-moscatell-de-la-marina-alta-esta-tarde-en-benissa\\\/\"},\"wordCount\":163,\"commentCount\":0,\"publisher\":{\"@id\":\"https:\\\/\\\/radiolitoral.com\\\/#organization\"},\"image\":{\"@id\":\"https:\\\/\\\/radiolitoral.com\\\/2023\\\/03\\\/una-cita-con-el-moscatell-de-la-marina-alta-esta-tarde-en-benissa\\\/#primaryimage\"},\"thumbnailUrl\":\"https:\\\/\\\/media.radiolitoral.com\\\/wp-content\\\/uploads\\\/2023\\\/03\\\/23153231\\\/imagen-1.jpg\",\"keywords\":[\"charla Benissa\",\"charla moscatell\",\"moscatell\",\"vinos\",\"vinoteca\"],\"articleSection\":[\"Cultura\"],\"inLanguage\":\"ca\",\"potentialAction\":[{\"@type\":\"CommentAction\",\"name\":\"Comment\",\"target\":[\"https:\\\/\\\/radiolitoral.com\\\/2023\\\/03\\\/una-cita-con-el-moscatell-de-la-marina-alta-esta-tarde-en-benissa\\\/#respond\"]}]},{\"@type\":[\"WebPage\",\"ItemPage\"],\"@id\":\"https:\\\/\\\/radiolitoral.com\\\/2023\\\/03\\\/una-cita-con-el-moscatell-de-la-marina-alta-esta-tarde-en-benissa\\\/\",\"url\":\"https:\\\/\\\/radiolitoral.com\\\/2023\\\/03\\\/una-cita-con-el-moscatell-de-la-marina-alta-esta-tarde-en-benissa\\\/\",\"name\":\"Una cita con el Moscatell de la Marina Alta, est\u00e1 tarde en Benissa | R\u00e0dio Litoral\",\"isPartOf\":{\"@id\":\"https:\\\/\\\/radiolitoral.com\\\/#website\"},\"primaryImageOfPage\":{\"@id\":\"https:\\\/\\\/radiolitoral.com\\\/2023\\\/03\\\/una-cita-con-el-moscatell-de-la-marina-alta-esta-tarde-en-benissa\\\/#primaryimage\"},\"image\":{\"@id\":\"https:\\\/\\\/radiolitoral.com\\\/2023\\\/03\\\/una-cita-con-el-moscatell-de-la-marina-alta-esta-tarde-en-benissa\\\/#primaryimage\"},\"thumbnailUrl\":\"https:\\\/\\\/media.radiolitoral.com\\\/wp-content\\\/uploads\\\/2023\\\/03\\\/23153231\\\/imagen-1.jpg\",\"datePublished\":\"2023-03-23T14:32:57+00:00\",\"dateModified\":\"2023-03-23T14:34:12+00:00\",\"description\":\"Ser\u00e1 una charla en las Cases del Batlle de Benissa a las 19 h\",\"breadcrumb\":{\"@id\":\"https:\\\/\\\/radiolitoral.com\\\/2023\\\/03\\\/una-cita-con-el-moscatell-de-la-marina-alta-esta-tarde-en-benissa\\\/#breadcrumb\"},\"inLanguage\":\"ca\",\"potentialAction\":[{\"@type\":\"ReadAction\",\"target\":[\"https:\\\/\\\/radiolitoral.com\\\/2023\\\/03\\\/una-cita-con-el-moscatell-de-la-marina-alta-esta-tarde-en-benissa\\\/\"]}]},{\"@type\":\"ImageObject\",\"inLanguage\":\"ca\",\"@id\":\"https:\\\/\\\/radiolitoral.com\\\/2023\\\/03\\\/una-cita-con-el-moscatell-de-la-marina-alta-esta-tarde-en-benissa\\\/#primaryimage\",\"url\":\"https:\\\/\\\/media.radiolitoral.com\\\/wp-content\\\/uploads\\\/2023\\\/03\\\/23153231\\\/imagen-1.jpg\",\"contentUrl\":\"https:\\\/\\\/media.radiolitoral.com\\\/wp-content\\\/uploads\\\/2023\\\/03\\\/23153231\\\/imagen-1.jpg\",\"width\":270,\"height\":220},{\"@type\":\"BreadcrumbList\",\"@id\":\"https:\\\/\\\/radiolitoral.com\\\/2023\\\/03\\\/una-cita-con-el-moscatell-de-la-marina-alta-esta-tarde-en-benissa\\\/#breadcrumb\",\"itemListElement\":[{\"@type\":\"ListItem\",\"position\":1,\"name\":\"Portada\",\"item\":\"https:\\\/\\\/radiolitoral.com\\\/\"},{\"@type\":\"ListItem\",\"position\":2,\"name\":\"Una cita con el Moscatell de la Marina Alta, est\u00e1 tarde en Benissa\"}]},{\"@type\":\"WebSite\",\"@id\":\"https:\\\/\\\/radiolitoral.com\\\/#website\",\"url\":\"https:\\\/\\\/radiolitoral.com\\\/\",\"name\":\"Radio Litoral\",\"description\":\"La radio local de la Marina Alta\",\"publisher\":{\"@id\":\"https:\\\/\\\/radiolitoral.com\\\/#organization\"},\"alternateName\":\"Litoral FM\",\"potentialAction\":[{\"@type\":\"SearchAction\",\"target\":{\"@type\":\"EntryPoint\",\"urlTemplate\":\"https:\\\/\\\/radiolitoral.com\\\/?s={search_term_string}\"},\"query-input\":{\"@type\":\"PropertyValueSpecification\",\"valueRequired\":true,\"valueName\":\"search_term_string\"}}],\"inLanguage\":\"ca\"},{\"@type\":\"Organization\",\"@id\":\"https:\\\/\\\/radiolitoral.com\\\/#organization\",\"name\":\"Radio Litoral\",\"url\":\"https:\\\/\\\/radiolitoral.com\\\/\",\"logo\":{\"@type\":\"ImageObject\",\"inLanguage\":\"ca\",\"@id\":\"https:\\\/\\\/radiolitoral.com\\\/#\\\/schema\\\/logo\\\/image\\\/\",\"url\":\"https:\\\/\\\/media.radiolitoral.com\\\/wp-content\\\/uploads\\\/2023\\\/02\\\/24143238\\\/CL-V-RadioLitoral696.png\",\"contentUrl\":\"https:\\\/\\\/media.radiolitoral.com\\\/wp-content\\\/uploads\\\/2023\\\/02\\\/24143238\\\/CL-V-RadioLitoral696.png\",\"width\":696,\"height\":696,\"caption\":\"Radio Litoral\"},\"image\":{\"@id\":\"https:\\\/\\\/radiolitoral.com\\\/#\\\/schema\\\/logo\\\/image\\\/\"},\"sameAs\":[\"https:\\\/\\\/www.facebook.com\\\/Laradiolitoral\\\/\"]},{\"@type\":\"Person\",\"@id\":\"https:\\\/\\\/radiolitoral.com\\\/#\\\/schema\\\/person\\\/aad4f72efa404f85b68e832d24cac059\",\"name\":\"Mel Pescuezo\",\"image\":{\"@type\":\"ImageObject\",\"inLanguage\":\"ca\",\"@id\":\"https:\\\/\\\/secure.gravatar.com\\\/avatar\\\/993975ae489c70cb0dd9bfa9413a082f0bd276582dac13661af7b33f161e7eea?s=96&d=mm&r=g\",\"url\":\"https:\\\/\\\/secure.gravatar.com\\\/avatar\\\/993975ae489c70cb0dd9bfa9413a082f0bd276582dac13661af7b33f161e7eea?s=96&d=mm&r=g\",\"contentUrl\":\"https:\\\/\\\/secure.gravatar.com\\\/avatar\\\/993975ae489c70cb0dd9bfa9413a082f0bd276582dac13661af7b33f161e7eea?s=96&d=mm&r=g\",\"caption\":\"Mel Pescuezo\"},\"url\":\"https:\\\/\\\/radiolitoral.com\\\/ca\\\/author\\\/serviciospararadios\\\/\"}]}<\/script>\n<!-- \/ Yoast SEO plugin. -->","yoast_head_json":{"title":"Una cita amb el Moscatell de la Marina Alta, tarda a Benissa | R\u00e0dio Litoral","description":"Ser\u00e0 una xerrada a les Cases del Batlle de Benissa a les 19 h","robots":{"index":"index","follow":"follow","max-snippet":"max-snippet:-1","max-image-preview":"max-image-preview:large","max-video-preview":"max-video-preview:-1"},"canonical":"https:\/\/radiolitoral.com\/ca\/2023\/03\/una-cita-amb-el-moscatell-de-la-marina-alta-aquesta-tarda-a-benissa\/","og_locale":"ca_ES","og_type":"article","og_title":"Una cita con el Moscatell de la Marina Alta, est\u00e1 tarde en Benissa | R\u00e0dio Litoral","og_description":"Ser\u00e1 una charla en las Cases del Batlle de Benissa a las 19 h","og_url":"https:\/\/radiolitoral.com\/ca\/2023\/03\/una-cita-amb-el-moscatell-de-la-marina-alta-aquesta-tarda-a-benissa\/","og_site_name":"R\u00e0dio Litoral","article_publisher":"https:\/\/www.facebook.com\/Laradiolitoral\/","article_published_time":"2023-03-23T14:32:57+00:00","article_modified_time":"2023-03-23T14:34:12+00:00","og_image":[{"width":270,"height":220,"url":"https:\/\/media.radiolitoral.com\/wp-content\/uploads\/2023\/03\/23153231\/imagen-1.jpg","type":"image\/jpeg"}],"author":"Mel Pescuezo","twitter_card":"summary_large_image","twitter_misc":{"Escrit per":"Mel Pescuezo","Temps estimat de lectura":"1 minut"},"schema":{"@context":"https:\/\/schema.org","@graph":[{"@type":"NewsArticle","@id":"https:\/\/radiolitoral.com\/2023\/03\/una-cita-con-el-moscatell-de-la-marina-alta-esta-tarde-en-benissa\/#article","isPartOf":{"@id":"https:\/\/radiolitoral.com\/2023\/03\/una-cita-con-el-moscatell-de-la-marina-alta-esta-tarde-en-benissa\/"},"author":{"name":"Mel Pescuezo","@id":"https:\/\/radiolitoral.com\/#\/schema\/person\/aad4f72efa404f85b68e832d24cac059"},"headline":"Una cita con el Moscatell de la Marina Alta, est\u00e1 tarde en Benissa","datePublished":"2023-03-23T14:32:57+00:00","dateModified":"2023-03-23T14:34:12+00:00","mainEntityOfPage":{"@id":"https:\/\/radiolitoral.com\/2023\/03\/una-cita-con-el-moscatell-de-la-marina-alta-esta-tarde-en-benissa\/"},"wordCount":163,"commentCount":0,"publisher":{"@id":"https:\/\/radiolitoral.com\/#organization"},"image":{"@id":"https:\/\/radiolitoral.com\/2023\/03\/una-cita-con-el-moscatell-de-la-marina-alta-esta-tarde-en-benissa\/#primaryimage"},"thumbnailUrl":"https:\/\/media.radiolitoral.com\/wp-content\/uploads\/2023\/03\/23153231\/imagen-1.jpg","keywords":["charla Benissa","charla moscatell","moscatell","vinos","vinoteca"],"articleSection":["Cultura"],"inLanguage":"ca","potentialAction":[{"@type":"CommentAction","name":"Comment","target":["https:\/\/radiolitoral.com\/2023\/03\/una-cita-con-el-moscatell-de-la-marina-alta-esta-tarde-en-benissa\/#respond"]}]},{"@type":["WebPage","ItemPage"],"@id":"https:\/\/radiolitoral.com\/2023\/03\/una-cita-con-el-moscatell-de-la-marina-alta-esta-tarde-en-benissa\/","url":"https:\/\/radiolitoral.com\/2023\/03\/una-cita-con-el-moscatell-de-la-marina-alta-esta-tarde-en-benissa\/","name":"Una cita amb el Moscatell de la Marina Alta, tarda a Benissa | R\u00e0dio Litoral","isPartOf":{"@id":"https:\/\/radiolitoral.com\/#website"},"primaryImageOfPage":{"@id":"https:\/\/radiolitoral.com\/2023\/03\/una-cita-con-el-moscatell-de-la-marina-alta-esta-tarde-en-benissa\/#primaryimage"},"image":{"@id":"https:\/\/radiolitoral.com\/2023\/03\/una-cita-con-el-moscatell-de-la-marina-alta-esta-tarde-en-benissa\/#primaryimage"},"thumbnailUrl":"https:\/\/media.radiolitoral.com\/wp-content\/uploads\/2023\/03\/23153231\/imagen-1.jpg","datePublished":"2023-03-23T14:32:57+00:00","dateModified":"2023-03-23T14:34:12+00:00","description":"Ser\u00e0 una xerrada a les Cases del Batlle de Benissa a les 19 h","breadcrumb":{"@id":"https:\/\/radiolitoral.com\/2023\/03\/una-cita-con-el-moscatell-de-la-marina-alta-esta-tarde-en-benissa\/#breadcrumb"},"inLanguage":"ca","potentialAction":[{"@type":"ReadAction","target":["https:\/\/radiolitoral.com\/2023\/03\/una-cita-con-el-moscatell-de-la-marina-alta-esta-tarde-en-benissa\/"]}]},{"@type":"ImageObject","inLanguage":"ca","@id":"https:\/\/radiolitoral.com\/2023\/03\/una-cita-con-el-moscatell-de-la-marina-alta-esta-tarde-en-benissa\/#primaryimage","url":"https:\/\/media.radiolitoral.com\/wp-content\/uploads\/2023\/03\/23153231\/imagen-1.jpg","contentUrl":"https:\/\/media.radiolitoral.com\/wp-content\/uploads\/2023\/03\/23153231\/imagen-1.jpg","width":270,"height":220},{"@type":"BreadcrumbList","@id":"https:\/\/radiolitoral.com\/2023\/03\/una-cita-con-el-moscatell-de-la-marina-alta-esta-tarde-en-benissa\/#breadcrumb","itemListElement":[{"@type":"ListItem","position":1,"name":"Portada","item":"https:\/\/radiolitoral.com\/"},{"@type":"ListItem","position":2,"name":"Una cita con el Moscatell de la Marina Alta, est\u00e1 tarde en Benissa"}]},{"@type":"WebSite","@id":"https:\/\/radiolitoral.com\/#website","url":"https:\/\/radiolitoral.com\/","name":"R\u00e0dio Litoral","description":"La r\u00e0dio local de la Marina Alta","publisher":{"@id":"https:\/\/radiolitoral.com\/#organization"},"alternateName":"Litoral FM","potentialAction":[{"@type":"SearchAction","target":{"@type":"EntryPoint","urlTemplate":"https:\/\/radiolitoral.com\/?s={search_term_string}"},"query-input":{"@type":"PropertyValueSpecification","valueRequired":true,"valueName":"search_term_string"}}],"inLanguage":"ca"},{"@type":"Organization","@id":"https:\/\/radiolitoral.com\/#organization","name":"R\u00e0dio Litoral","url":"https:\/\/radiolitoral.com\/","logo":{"@type":"ImageObject","inLanguage":"ca","@id":"https:\/\/radiolitoral.com\/#\/schema\/logo\/image\/","url":"https:\/\/media.radiolitoral.com\/wp-content\/uploads\/2023\/02\/24143238\/CL-V-RadioLitoral696.png","contentUrl":"https:\/\/media.radiolitoral.com\/wp-content\/uploads\/2023\/02\/24143238\/CL-V-RadioLitoral696.png","width":696,"height":696,"caption":"Radio Litoral"},"image":{"@id":"https:\/\/radiolitoral.com\/#\/schema\/logo\/image\/"},"sameAs":["https:\/\/www.facebook.com\/Laradiolitoral\/"]},{"@type":"Person","@id":"https:\/\/radiolitoral.com\/#\/schema\/person\/aad4f72efa404f85b68e832d24cac059","name":"Mel Pescuezo","image":{"@type":"ImageObject","inLanguage":"ca","@id":"https:\/\/secure.gravatar.com\/avatar\/993975ae489c70cb0dd9bfa9413a082f0bd276582dac13661af7b33f161e7eea?s=96&d=mm&r=g","url":"https:\/\/secure.gravatar.com\/avatar\/993975ae489c70cb0dd9bfa9413a082f0bd276582dac13661af7b33f161e7eea?s=96&d=mm&r=g","contentUrl":"https:\/\/secure.gravatar.com\/avatar\/993975ae489c70cb0dd9bfa9413a082f0bd276582dac13661af7b33f161e7eea?s=96&d=mm&r=g","caption":"Mel Pescuezo"},"url":"https:\/\/radiolitoral.com\/ca\/author\/serviciospararadios\/"}]}},"_links":{"self":[{"href":"https:\/\/radiolitoral.com\/ca\/wp-json\/wp\/v2\/posts\/1586","targetHints":{"allow":["GET"]}}],"collection":[{"href":"https:\/\/radiolitoral.com\/ca\/wp-json\/wp\/v2\/posts"}],"about":[{"href":"https:\/\/radiolitoral.com\/ca\/wp-json\/wp\/v2\/types\/post"}],"author":[{"embeddable":true,"href":"https:\/\/radiolitoral.com\/ca\/wp-json\/wp\/v2\/users\/21"}],"replies":[{"embeddable":true,"href":"https:\/\/radiolitoral.com\/ca\/wp-json\/wp\/v2\/comments?post=1586"}],"version-history":[{"count":1,"href":"https:\/\/radiolitoral.com\/ca\/wp-json\/wp\/v2\/posts\/1586\/revisions"}],"predecessor-version":[{"id":1588,"href":"https:\/\/radiolitoral.com\/ca\/wp-json\/wp\/v2\/posts\/1586\/revisions\/1588"}],"wp:featuredmedia":[{"embeddable":true,"href":"https:\/\/radiolitoral.com\/ca\/wp-json\/wp\/v2\/media\/1587"}],"wp:attachment":[{"href":"https:\/\/radiolitoral.com\/ca\/wp-json\/wp\/v2\/media?parent=1586"}],"wp:term":[{"taxonomy":"category","embeddable":true,"href":"https:\/\/radiolitoral.com\/ca\/wp-json\/wp\/v2\/categories?post=1586"},{"taxonomy":"post_tag","embeddable":true,"href":"https:\/\/radiolitoral.com\/ca\/wp-json\/wp\/v2\/tags?post=1586"}],"curies":[{"name":"wp","href":"https:\/\/api.w.org\/{rel}","templated":true}]}}