{"id":15854,"date":"2025-03-31T10:47:11","date_gmt":"2025-03-31T08:47:11","guid":{"rendered":"https:\/\/radiolitoral.com\/?p=15854"},"modified":"2025-03-31T10:47:11","modified_gmt":"2025-03-31T08:47:11","slug":"veronica-martinez-els-que-vinguin-a-visitar-nos-podran-gaudir-dels-nostres-paisatges-identitat-i-cultura","status":"publish","type":"post","link":"https:\/\/radiolitoral.com\/ca\/2025\/03\/veronica-martinez-los-que-vengan-a-visitarnos-podran-disfrutar-de-nuestros-paisajes-identidad-y-cultura\/","title":{"rendered":"Ver\u00f3nica Mart\u00ednez: \u201cEls que vinguin a visitar-nos podran gaudir dels nostres paisatges, identitat i cultura\u201d"},"content":{"rendered":"<p>A punt d&#039;estrenar l&#039;abril, un mes que arriba al sud de la Marina Alta carregat de celebracions, festes patronals, de temps d&#039;oci i de moltes propostes per ocupar-lo, hem dedicat el nostre<strong> Primer Caf\u00e8<\/strong> d&#039;avui a les activitats que s&#039;inclouen a la <strong>programaci\u00f3 especial de Pasqua i Setmana Santa<\/strong> que ha preparat <strong>Teulada<\/strong>. Una \u00e0mplia programaci\u00f3 que va comen\u00e7ar ahir mateix, amb un concert i que es prolongar\u00e0 <strong>fins el 23 d&#039;abril<\/strong>, com ens han explicat els nostres convidats <strong>Josep Ivars, regidor d&#039;Inf\u00e0ncia i Joventut, i Ver\u00f3nica Mart\u00ednez, edil de Cultura i Turisme.<\/strong><\/p>\n<p>Es tracta d&#039;una programaci\u00f3 que compta amb la col\u00b7laboraci\u00f3 de diferents associacions del municipi i que recupera i en d\u00f3na difusi\u00f3 a les tradicions lligades a aquestes dates. Des del vessant m\u00e9s religi\u00f3s fins al que va lligat a la cultura gastron\u00f2mica d&#039;aquestes celebracions. En aquest sentit cal destacar els tallers de cuina que ensenyaran als participants a preparar des de bunyols de carbassa a mones de pasqua en col\u00b7laboraci\u00f3 amb l&#039;Associaci\u00f3 d&#039;Mestresses de Casa. Les inscripcions s\u00f3n obertes.<\/p>\n<p>Arriben dies d&#039;aprofitar el bon temps i un major nombre d&#039;hores de sol, per aix\u00f2 la programaci\u00f3 de Setmana Santa i Pasqua de Teulada tamb\u00e9 ha previst diverses rutes de senderisme guiades per diferents entorns naturals del municipi i visites teatralitzades pels nuclis urbans que donaran a con\u00e8ixer als participants part de la hist\u00f2ria de Teulada i els seus enclavaments m\u00e9s destacats.<\/p>\n<p>Una programaci\u00f3 variada amb propostes per a tots els gustos i les edats. De fet, s&#039;han previst activitats pensades especialment per als nens i nenes del municipi i visitants, dins del que s&#039;ha anomenat la Pasqua Infantil i tamb\u00e9 per als adolescents a la Pasqua Jove.<\/p>\n<p>Arriben dies de vacances i aflu\u00e8ncia tur\u00edstica. Totes aquestes propostes i la resta que inclou la programaci\u00f3 especial de Setmana Santa i Pasqua serviran per ocupar el temps lliure, gaudir i proposar alternatives tur\u00edstiques per a aquells que elegeixin Teulada Moraira com a destinaci\u00f3 tur\u00edstica aquest mes d&#039;abril.<\/p>\n<p>Podeu tornar a escoltar l&#039;entrevista completa aqu\u00ed.<\/p>\n<audio class=\"wp-audio-shortcode\" id=\"audio-15854-1\" preload=\"none\" style=\"width: 100%;\" controls=\"controls\"><source type=\"audio\/mpeg\" src=\"https:\/\/media.radiolitoral.com\/wp-content\/uploads\/2025\/03\/31103822\/Primer-Cafe-Pasqua-Teulada.mp3?_=1\" \/><a href=\"https:\/\/media.radiolitoral.com\/wp-content\/uploads\/2025\/03\/31103822\/Primer-Cafe-Pasqua-Teulada.mp3\">https:\/\/media.radiolitoral.com\/wp-content\/uploads\/2025\/03\/31103822\/Primer-Cafe-Pasqua-Teulada.mp3<\/a><\/audio>","protected":false},"excerpt":{"rendered":"<p>A punto de estrenar abril, un mes que llega al sur de la Marina Alta cargado de celebraciones, fiestas patronales, de tiempo de ocio y de muchas propuestas con el que ocuparlo, hemos dedicado nuestro Primer Caf\u00e9 de hoy a las actividades que se incluyen en la programaci\u00f3n especial de Pascua y Semana Santa que [&#8230;]<\/p>\n<p><a class=\"btn btn-secondary understrap-read-more-link\" href=\"https:\/\/radiolitoral.com\/ca\/2025\/03\/veronica-martinez-los-que-vengan-a-visitarnos-podran-disfrutar-de-nuestros-paisajes-identidad-y-cultura\/\">Continua llegint&#8230;<span class=\"screen-reader-text\"> from Ver\u00f3nica Mart\u00ednez: \u201cLos que vengan a visitarnos podr\u00e1n disfrutar de nuestros paisajes, identidad, y cultura\u201d<\/span><\/a><\/p>\n","protected":false},"author":13,"featured_media":15856,"comment_status":"open","ping_status":"closed","sticky":false,"template":"","format":"standard","meta":{"_acf_changed":false,"inline_featured_image":false,"footnotes":""},"categories":[55,2753,144],"tags":[432,1283,232,2312,4037,4038,231,3628,2518],"class_list":["post-15854","post","type-post","status-publish","format-standard","has-post-thumbnail","hentry","category-cultura","category-entrevistas","category-turismo","tag-actividades-ninos","tag-josep-ivars","tag-pascua","tag-primer-cafe","tag-programacion-pascua-teulada","tag-rutas","tag-semana-santa","tag-talleres","tag-veronica-martinez","cobertura-teulada-moraira"],"acf":[],"yoast_head":"<!-- This site is optimized with the Yoast SEO plugin v27.5 - https:\/\/yoast.com\/product\/yoast-seo-wordpress\/ -->\n<title>Ver\u00f3nica Mart\u00ednez: \u201cLos que vengan a visitarnos podr\u00e1n disfrutar de nuestros paisajes, identidad, y cultura\u201d | R\u00e0dio Litoral<\/title>\n<meta name=\"description\" content=\"Teulada oferta una amplia oferta l\u00fadica y cultural para disfrutar de la Semana Santa y Pascua en el municipio\" \/>\n<meta name=\"robots\" content=\"index, follow, max-snippet:-1, max-image-preview:large, max-video-preview:-1\" \/>\n<link rel=\"canonical\" href=\"https:\/\/radiolitoral.com\/ca\/2025\/03\/veronica-martinez-els-que-vinguin-a-visitar-nos-podran-gaudir-dels-nostres-paisatges-identitat-i-cultura\/\" \/>\n<meta property=\"og:locale\" content=\"ca_ES\" \/>\n<meta property=\"og:type\" content=\"article\" \/>\n<meta property=\"og:title\" content=\"Ver\u00f3nica Mart\u00ednez: \u201cLos que vengan a visitarnos podr\u00e1n disfrutar de nuestros paisajes, identidad, y cultura\u201d | R\u00e0dio Litoral\" \/>\n<meta property=\"og:description\" content=\"Teulada oferta una amplia oferta l\u00fadica y cultural para disfrutar de la Semana Santa y Pascua en el municipio\" \/>\n<meta property=\"og:url\" content=\"https:\/\/radiolitoral.com\/ca\/2025\/03\/veronica-martinez-els-que-vinguin-a-visitar-nos-podran-gaudir-dels-nostres-paisatges-identitat-i-cultura\/\" \/>\n<meta property=\"og:site_name\" content=\"R\u00e0dio Litoral\" \/>\n<meta property=\"article:publisher\" content=\"https:\/\/www.facebook.com\/Laradiolitoral\/\" \/>\n<meta property=\"article:published_time\" content=\"2025-03-31T08:47:11+00:00\" \/>\n<meta property=\"og:image\" content=\"https:\/\/media.radiolitoral.com\/wp-content\/uploads\/2025\/03\/31104017\/Josep-Ivars-y-Veronica-Martinez-Primer-Cafe.jpg\" \/>\n\t<meta property=\"og:image:width\" content=\"2000\" \/>\n\t<meta property=\"og:image:height\" content=\"1500\" \/>\n\t<meta property=\"og:image:type\" content=\"image\/jpeg\" \/>\n<meta name=\"author\" content=\"Redacci\u00f3n\" \/>\n<meta name=\"twitter:card\" content=\"summary_large_image\" \/>\n<meta name=\"twitter:label1\" content=\"Escrit per\" \/>\n\t<meta name=\"twitter:data1\" content=\"Redacci\u00f3n\" \/>\n\t<meta name=\"twitter:label2\" content=\"Temps estimat de lectura\" \/>\n\t<meta name=\"twitter:data2\" content=\"2 minuts\" \/>\n<script type=\"application\/ld+json\" class=\"yoast-schema-graph\">{\"@context\":\"https:\\\/\\\/schema.org\",\"@graph\":[{\"@type\":\"NewsArticle\",\"@id\":\"https:\\\/\\\/radiolitoral.com\\\/2025\\\/03\\\/veronica-martinez-los-que-vengan-a-visitarnos-podran-disfrutar-de-nuestros-paisajes-identidad-y-cultura\\\/#article\",\"isPartOf\":{\"@id\":\"https:\\\/\\\/radiolitoral.com\\\/2025\\\/03\\\/veronica-martinez-los-que-vengan-a-visitarnos-podran-disfrutar-de-nuestros-paisajes-identidad-y-cultura\\\/\"},\"author\":{\"name\":\"Redacci\u00f3n\",\"@id\":\"https:\\\/\\\/radiolitoral.com\\\/#\\\/schema\\\/person\\\/f2b2343c49b5d721857cc1002bfdb151\"},\"headline\":\"Ver\u00f3nica Mart\u00ednez: \u201cLos que vengan a visitarnos podr\u00e1n disfrutar de nuestros paisajes, identidad, y cultura\u201d\",\"datePublished\":\"2025-03-31T08:47:11+00:00\",\"mainEntityOfPage\":{\"@id\":\"https:\\\/\\\/radiolitoral.com\\\/2025\\\/03\\\/veronica-martinez-los-que-vengan-a-visitarnos-podran-disfrutar-de-nuestros-paisajes-identidad-y-cultura\\\/\"},\"wordCount\":409,\"commentCount\":0,\"publisher\":{\"@id\":\"https:\\\/\\\/radiolitoral.com\\\/#organization\"},\"image\":{\"@id\":\"https:\\\/\\\/radiolitoral.com\\\/2025\\\/03\\\/veronica-martinez-los-que-vengan-a-visitarnos-podran-disfrutar-de-nuestros-paisajes-identidad-y-cultura\\\/#primaryimage\"},\"thumbnailUrl\":\"https:\\\/\\\/media.radiolitoral.com\\\/wp-content\\\/uploads\\\/2025\\\/03\\\/31104017\\\/Josep-Ivars-y-Veronica-Martinez-Primer-Cafe.jpg\",\"keywords\":[\"actividades ni\u00f1os\",\"Josep Ivars\",\"Pascua\",\"Primer Caf\u00e9\",\"Programaci\u00f3n Pascua Teulada\",\"Rutas\",\"Semana Santa\",\"Talleres\",\"Ver\u00f3nica Mart\u00ednez\"],\"articleSection\":[\"Cultura\",\"Entrevistas\",\"Turismo\"],\"inLanguage\":\"ca\",\"potentialAction\":[{\"@type\":\"CommentAction\",\"name\":\"Comment\",\"target\":[\"https:\\\/\\\/radiolitoral.com\\\/2025\\\/03\\\/veronica-martinez-los-que-vengan-a-visitarnos-podran-disfrutar-de-nuestros-paisajes-identidad-y-cultura\\\/#respond\"]}]},{\"@type\":[\"WebPage\",\"ItemPage\"],\"@id\":\"https:\\\/\\\/radiolitoral.com\\\/2025\\\/03\\\/veronica-martinez-los-que-vengan-a-visitarnos-podran-disfrutar-de-nuestros-paisajes-identidad-y-cultura\\\/\",\"url\":\"https:\\\/\\\/radiolitoral.com\\\/2025\\\/03\\\/veronica-martinez-los-que-vengan-a-visitarnos-podran-disfrutar-de-nuestros-paisajes-identidad-y-cultura\\\/\",\"name\":\"Ver\u00f3nica Mart\u00ednez: \u201cLos que vengan a visitarnos podr\u00e1n disfrutar de nuestros paisajes, identidad, y cultura\u201d | R\u00e0dio Litoral\",\"isPartOf\":{\"@id\":\"https:\\\/\\\/radiolitoral.com\\\/#website\"},\"primaryImageOfPage\":{\"@id\":\"https:\\\/\\\/radiolitoral.com\\\/2025\\\/03\\\/veronica-martinez-los-que-vengan-a-visitarnos-podran-disfrutar-de-nuestros-paisajes-identidad-y-cultura\\\/#primaryimage\"},\"image\":{\"@id\":\"https:\\\/\\\/radiolitoral.com\\\/2025\\\/03\\\/veronica-martinez-los-que-vengan-a-visitarnos-podran-disfrutar-de-nuestros-paisajes-identidad-y-cultura\\\/#primaryimage\"},\"thumbnailUrl\":\"https:\\\/\\\/media.radiolitoral.com\\\/wp-content\\\/uploads\\\/2025\\\/03\\\/31104017\\\/Josep-Ivars-y-Veronica-Martinez-Primer-Cafe.jpg\",\"datePublished\":\"2025-03-31T08:47:11+00:00\",\"description\":\"Teulada oferta una amplia oferta l\u00fadica y cultural para disfrutar de la Semana Santa y Pascua en el municipio\",\"breadcrumb\":{\"@id\":\"https:\\\/\\\/radiolitoral.com\\\/2025\\\/03\\\/veronica-martinez-los-que-vengan-a-visitarnos-podran-disfrutar-de-nuestros-paisajes-identidad-y-cultura\\\/#breadcrumb\"},\"inLanguage\":\"ca\",\"potentialAction\":[{\"@type\":\"ReadAction\",\"target\":[\"https:\\\/\\\/radiolitoral.com\\\/2025\\\/03\\\/veronica-martinez-los-que-vengan-a-visitarnos-podran-disfrutar-de-nuestros-paisajes-identidad-y-cultura\\\/\"]}]},{\"@type\":\"ImageObject\",\"inLanguage\":\"ca\",\"@id\":\"https:\\\/\\\/radiolitoral.com\\\/2025\\\/03\\\/veronica-martinez-los-que-vengan-a-visitarnos-podran-disfrutar-de-nuestros-paisajes-identidad-y-cultura\\\/#primaryimage\",\"url\":\"https:\\\/\\\/media.radiolitoral.com\\\/wp-content\\\/uploads\\\/2025\\\/03\\\/31104017\\\/Josep-Ivars-y-Veronica-Martinez-Primer-Cafe.jpg\",\"contentUrl\":\"https:\\\/\\\/media.radiolitoral.com\\\/wp-content\\\/uploads\\\/2025\\\/03\\\/31104017\\\/Josep-Ivars-y-Veronica-Martinez-Primer-Cafe.jpg\",\"width\":2000,\"height\":1500},{\"@type\":\"BreadcrumbList\",\"@id\":\"https:\\\/\\\/radiolitoral.com\\\/2025\\\/03\\\/veronica-martinez-los-que-vengan-a-visitarnos-podran-disfrutar-de-nuestros-paisajes-identidad-y-cultura\\\/#breadcrumb\",\"itemListElement\":[{\"@type\":\"ListItem\",\"position\":1,\"name\":\"Portada\",\"item\":\"https:\\\/\\\/radiolitoral.com\\\/\"},{\"@type\":\"ListItem\",\"position\":2,\"name\":\"Ver\u00f3nica Mart\u00ednez: \u201cLos que vengan a visitarnos podr\u00e1n disfrutar de nuestros paisajes, identidad, y cultura\u201d\"}]},{\"@type\":\"WebSite\",\"@id\":\"https:\\\/\\\/radiolitoral.com\\\/#website\",\"url\":\"https:\\\/\\\/radiolitoral.com\\\/\",\"name\":\"Radio Litoral\",\"description\":\"La radio local de la Marina Alta\",\"publisher\":{\"@id\":\"https:\\\/\\\/radiolitoral.com\\\/#organization\"},\"alternateName\":\"Litoral FM\",\"potentialAction\":[{\"@type\":\"SearchAction\",\"target\":{\"@type\":\"EntryPoint\",\"urlTemplate\":\"https:\\\/\\\/radiolitoral.com\\\/?s={search_term_string}\"},\"query-input\":{\"@type\":\"PropertyValueSpecification\",\"valueRequired\":true,\"valueName\":\"search_term_string\"}}],\"inLanguage\":\"ca\"},{\"@type\":\"Organization\",\"@id\":\"https:\\\/\\\/radiolitoral.com\\\/#organization\",\"name\":\"Radio Litoral\",\"url\":\"https:\\\/\\\/radiolitoral.com\\\/\",\"logo\":{\"@type\":\"ImageObject\",\"inLanguage\":\"ca\",\"@id\":\"https:\\\/\\\/radiolitoral.com\\\/#\\\/schema\\\/logo\\\/image\\\/\",\"url\":\"https:\\\/\\\/media.radiolitoral.com\\\/wp-content\\\/uploads\\\/2023\\\/02\\\/24143238\\\/CL-V-RadioLitoral696.png\",\"contentUrl\":\"https:\\\/\\\/media.radiolitoral.com\\\/wp-content\\\/uploads\\\/2023\\\/02\\\/24143238\\\/CL-V-RadioLitoral696.png\",\"width\":696,\"height\":696,\"caption\":\"Radio Litoral\"},\"image\":{\"@id\":\"https:\\\/\\\/radiolitoral.com\\\/#\\\/schema\\\/logo\\\/image\\\/\"},\"sameAs\":[\"https:\\\/\\\/www.facebook.com\\\/Laradiolitoral\\\/\"]},{\"@type\":\"Person\",\"@id\":\"https:\\\/\\\/radiolitoral.com\\\/#\\\/schema\\\/person\\\/f2b2343c49b5d721857cc1002bfdb151\",\"name\":\"Redacci\u00f3n\",\"image\":{\"@type\":\"ImageObject\",\"inLanguage\":\"ca\",\"@id\":\"https:\\\/\\\/secure.gravatar.com\\\/avatar\\\/f771d896c203ad8b3382d7905cfcce5a5c9b008b84b3cd9114e9b9f4cb63f789?s=96&d=mm&r=g\",\"url\":\"https:\\\/\\\/secure.gravatar.com\\\/avatar\\\/f771d896c203ad8b3382d7905cfcce5a5c9b008b84b3cd9114e9b9f4cb63f789?s=96&d=mm&r=g\",\"contentUrl\":\"https:\\\/\\\/secure.gravatar.com\\\/avatar\\\/f771d896c203ad8b3382d7905cfcce5a5c9b008b84b3cd9114e9b9f4cb63f789?s=96&d=mm&r=g\",\"caption\":\"Redacci\u00f3n\"},\"url\":\"https:\\\/\\\/radiolitoral.com\\\/ca\\\/author\\\/miriam-pagan\\\/\"}]}<\/script>\n<!-- \/ Yoast SEO plugin. -->","yoast_head_json":{"title":"Ver\u00f3nica Mart\u00ednez: \u201cEls que vinguin a visitar-nos podran gaudir dels nostres paisatges, identitat i cultura\u201d | R\u00e0dio Litoral","description":"Teulada ofereix una \u00e0mplia oferta l\u00fadica i cultural per gaudir de la Setmana Santa i Pasqua al municipi","robots":{"index":"index","follow":"follow","max-snippet":"max-snippet:-1","max-image-preview":"max-image-preview:large","max-video-preview":"max-video-preview:-1"},"canonical":"https:\/\/radiolitoral.com\/ca\/2025\/03\/veronica-martinez-els-que-vinguin-a-visitar-nos-podran-gaudir-dels-nostres-paisatges-identitat-i-cultura\/","og_locale":"ca_ES","og_type":"article","og_title":"Ver\u00f3nica Mart\u00ednez: \u201cLos que vengan a visitarnos podr\u00e1n disfrutar de nuestros paisajes, identidad, y cultura\u201d | R\u00e0dio Litoral","og_description":"Teulada oferta una amplia oferta l\u00fadica y cultural para disfrutar de la Semana Santa y Pascua en el municipio","og_url":"https:\/\/radiolitoral.com\/ca\/2025\/03\/veronica-martinez-els-que-vinguin-a-visitar-nos-podran-gaudir-dels-nostres-paisatges-identitat-i-cultura\/","og_site_name":"R\u00e0dio Litoral","article_publisher":"https:\/\/www.facebook.com\/Laradiolitoral\/","article_published_time":"2025-03-31T08:47:11+00:00","og_image":[{"width":2000,"height":1500,"url":"https:\/\/media.radiolitoral.com\/wp-content\/uploads\/2025\/03\/31104017\/Josep-Ivars-y-Veronica-Martinez-Primer-Cafe.jpg","type":"image\/jpeg"}],"author":"Redacci\u00f3n","twitter_card":"summary_large_image","twitter_misc":{"Escrit per":"Redacci\u00f3n","Temps estimat de lectura":"2 minuts"},"schema":{"@context":"https:\/\/schema.org","@graph":[{"@type":"NewsArticle","@id":"https:\/\/radiolitoral.com\/2025\/03\/veronica-martinez-los-que-vengan-a-visitarnos-podran-disfrutar-de-nuestros-paisajes-identidad-y-cultura\/#article","isPartOf":{"@id":"https:\/\/radiolitoral.com\/2025\/03\/veronica-martinez-los-que-vengan-a-visitarnos-podran-disfrutar-de-nuestros-paisajes-identidad-y-cultura\/"},"author":{"name":"Redacci\u00f3n","@id":"https:\/\/radiolitoral.com\/#\/schema\/person\/f2b2343c49b5d721857cc1002bfdb151"},"headline":"Ver\u00f3nica Mart\u00ednez: \u201cLos que vengan a visitarnos podr\u00e1n disfrutar de nuestros paisajes, identidad, y cultura\u201d","datePublished":"2025-03-31T08:47:11+00:00","mainEntityOfPage":{"@id":"https:\/\/radiolitoral.com\/2025\/03\/veronica-martinez-los-que-vengan-a-visitarnos-podran-disfrutar-de-nuestros-paisajes-identidad-y-cultura\/"},"wordCount":409,"commentCount":0,"publisher":{"@id":"https:\/\/radiolitoral.com\/#organization"},"image":{"@id":"https:\/\/radiolitoral.com\/2025\/03\/veronica-martinez-los-que-vengan-a-visitarnos-podran-disfrutar-de-nuestros-paisajes-identidad-y-cultura\/#primaryimage"},"thumbnailUrl":"https:\/\/media.radiolitoral.com\/wp-content\/uploads\/2025\/03\/31104017\/Josep-Ivars-y-Veronica-Martinez-Primer-Cafe.jpg","keywords":["actividades ni\u00f1os","Josep Ivars","Pascua","Primer Caf\u00e9","Programaci\u00f3n Pascua Teulada","Rutas","Semana Santa","Talleres","Ver\u00f3nica Mart\u00ednez"],"articleSection":["Cultura","Entrevistas","Turismo"],"inLanguage":"ca","potentialAction":[{"@type":"CommentAction","name":"Comment","target":["https:\/\/radiolitoral.com\/2025\/03\/veronica-martinez-los-que-vengan-a-visitarnos-podran-disfrutar-de-nuestros-paisajes-identidad-y-cultura\/#respond"]}]},{"@type":["WebPage","ItemPage"],"@id":"https:\/\/radiolitoral.com\/2025\/03\/veronica-martinez-los-que-vengan-a-visitarnos-podran-disfrutar-de-nuestros-paisajes-identidad-y-cultura\/","url":"https:\/\/radiolitoral.com\/2025\/03\/veronica-martinez-los-que-vengan-a-visitarnos-podran-disfrutar-de-nuestros-paisajes-identidad-y-cultura\/","name":"Ver\u00f3nica Mart\u00ednez: \u201cEls que vinguin a visitar-nos podran gaudir dels nostres paisatges, identitat i cultura\u201d | R\u00e0dio Litoral","isPartOf":{"@id":"https:\/\/radiolitoral.com\/#website"},"primaryImageOfPage":{"@id":"https:\/\/radiolitoral.com\/2025\/03\/veronica-martinez-los-que-vengan-a-visitarnos-podran-disfrutar-de-nuestros-paisajes-identidad-y-cultura\/#primaryimage"},"image":{"@id":"https:\/\/radiolitoral.com\/2025\/03\/veronica-martinez-los-que-vengan-a-visitarnos-podran-disfrutar-de-nuestros-paisajes-identidad-y-cultura\/#primaryimage"},"thumbnailUrl":"https:\/\/media.radiolitoral.com\/wp-content\/uploads\/2025\/03\/31104017\/Josep-Ivars-y-Veronica-Martinez-Primer-Cafe.jpg","datePublished":"2025-03-31T08:47:11+00:00","description":"Teulada ofereix una \u00e0mplia oferta l\u00fadica i cultural per gaudir de la Setmana Santa i Pasqua al municipi","breadcrumb":{"@id":"https:\/\/radiolitoral.com\/2025\/03\/veronica-martinez-los-que-vengan-a-visitarnos-podran-disfrutar-de-nuestros-paisajes-identidad-y-cultura\/#breadcrumb"},"inLanguage":"ca","potentialAction":[{"@type":"ReadAction","target":["https:\/\/radiolitoral.com\/2025\/03\/veronica-martinez-los-que-vengan-a-visitarnos-podran-disfrutar-de-nuestros-paisajes-identidad-y-cultura\/"]}]},{"@type":"ImageObject","inLanguage":"ca","@id":"https:\/\/radiolitoral.com\/2025\/03\/veronica-martinez-los-que-vengan-a-visitarnos-podran-disfrutar-de-nuestros-paisajes-identidad-y-cultura\/#primaryimage","url":"https:\/\/media.radiolitoral.com\/wp-content\/uploads\/2025\/03\/31104017\/Josep-Ivars-y-Veronica-Martinez-Primer-Cafe.jpg","contentUrl":"https:\/\/media.radiolitoral.com\/wp-content\/uploads\/2025\/03\/31104017\/Josep-Ivars-y-Veronica-Martinez-Primer-Cafe.jpg","width":2000,"height":1500},{"@type":"BreadcrumbList","@id":"https:\/\/radiolitoral.com\/2025\/03\/veronica-martinez-los-que-vengan-a-visitarnos-podran-disfrutar-de-nuestros-paisajes-identidad-y-cultura\/#breadcrumb","itemListElement":[{"@type":"ListItem","position":1,"name":"Portada","item":"https:\/\/radiolitoral.com\/"},{"@type":"ListItem","position":2,"name":"Ver\u00f3nica Mart\u00ednez: \u201cLos que vengan a visitarnos podr\u00e1n disfrutar de nuestros paisajes, identidad, y cultura\u201d"}]},{"@type":"WebSite","@id":"https:\/\/radiolitoral.com\/#website","url":"https:\/\/radiolitoral.com\/","name":"R\u00e0dio Litoral","description":"La r\u00e0dio local de la Marina Alta","publisher":{"@id":"https:\/\/radiolitoral.com\/#organization"},"alternateName":"Litoral FM","potentialAction":[{"@type":"SearchAction","target":{"@type":"EntryPoint","urlTemplate":"https:\/\/radiolitoral.com\/?s={search_term_string}"},"query-input":{"@type":"PropertyValueSpecification","valueRequired":true,"valueName":"search_term_string"}}],"inLanguage":"ca"},{"@type":"Organization","@id":"https:\/\/radiolitoral.com\/#organization","name":"R\u00e0dio Litoral","url":"https:\/\/radiolitoral.com\/","logo":{"@type":"ImageObject","inLanguage":"ca","@id":"https:\/\/radiolitoral.com\/#\/schema\/logo\/image\/","url":"https:\/\/media.radiolitoral.com\/wp-content\/uploads\/2023\/02\/24143238\/CL-V-RadioLitoral696.png","contentUrl":"https:\/\/media.radiolitoral.com\/wp-content\/uploads\/2023\/02\/24143238\/CL-V-RadioLitoral696.png","width":696,"height":696,"caption":"Radio Litoral"},"image":{"@id":"https:\/\/radiolitoral.com\/#\/schema\/logo\/image\/"},"sameAs":["https:\/\/www.facebook.com\/Laradiolitoral\/"]},{"@type":"Person","@id":"https:\/\/radiolitoral.com\/#\/schema\/person\/f2b2343c49b5d721857cc1002bfdb151","name":"Redacci\u00f3","image":{"@type":"ImageObject","inLanguage":"ca","@id":"https:\/\/secure.gravatar.com\/avatar\/f771d896c203ad8b3382d7905cfcce5a5c9b008b84b3cd9114e9b9f4cb63f789?s=96&d=mm&r=g","url":"https:\/\/secure.gravatar.com\/avatar\/f771d896c203ad8b3382d7905cfcce5a5c9b008b84b3cd9114e9b9f4cb63f789?s=96&d=mm&r=g","contentUrl":"https:\/\/secure.gravatar.com\/avatar\/f771d896c203ad8b3382d7905cfcce5a5c9b008b84b3cd9114e9b9f4cb63f789?s=96&d=mm&r=g","caption":"Redacci\u00f3n"},"url":"https:\/\/radiolitoral.com\/ca\/author\/miriam-pagan\/"}]}},"_links":{"self":[{"href":"https:\/\/radiolitoral.com\/ca\/wp-json\/wp\/v2\/posts\/15854","targetHints":{"allow":["GET"]}}],"collection":[{"href":"https:\/\/radiolitoral.com\/ca\/wp-json\/wp\/v2\/posts"}],"about":[{"href":"https:\/\/radiolitoral.com\/ca\/wp-json\/wp\/v2\/types\/post"}],"author":[{"embeddable":true,"href":"https:\/\/radiolitoral.com\/ca\/wp-json\/wp\/v2\/users\/13"}],"replies":[{"embeddable":true,"href":"https:\/\/radiolitoral.com\/ca\/wp-json\/wp\/v2\/comments?post=15854"}],"version-history":[{"count":4,"href":"https:\/\/radiolitoral.com\/ca\/wp-json\/wp\/v2\/posts\/15854\/revisions"}],"predecessor-version":[{"id":15860,"href":"https:\/\/radiolitoral.com\/ca\/wp-json\/wp\/v2\/posts\/15854\/revisions\/15860"}],"wp:featuredmedia":[{"embeddable":true,"href":"https:\/\/radiolitoral.com\/ca\/wp-json\/wp\/v2\/media\/15856"}],"wp:attachment":[{"href":"https:\/\/radiolitoral.com\/ca\/wp-json\/wp\/v2\/media?parent=15854"}],"wp:term":[{"taxonomy":"category","embeddable":true,"href":"https:\/\/radiolitoral.com\/ca\/wp-json\/wp\/v2\/categories?post=15854"},{"taxonomy":"post_tag","embeddable":true,"href":"https:\/\/radiolitoral.com\/ca\/wp-json\/wp\/v2\/tags?post=15854"}],"curies":[{"name":"wp","href":"https:\/\/api.w.org\/{rel}","templated":true}]}}