{"id":15850,"date":"2025-03-31T10:27:56","date_gmt":"2025-03-31T08:27:56","guid":{"rendered":"https:\/\/radiolitoral.com\/?p=15850"},"modified":"2025-03-31T10:27:56","modified_gmt":"2025-03-31T08:27:56","slug":"teulada-adapta-la-circulacio-per-les-obres-a-la-carretera-cap-a-moraira","status":"publish","type":"post","link":"https:\/\/radiolitoral.com\/ca\/2025\/03\/teulada-adapta-la-circulacion-por-las-obras-en-la-carretera-hacia-moraira\/","title":{"rendered":"Teulada adapta la circulaci\u00f3 per les obres a la carretera cap a Moraira"},"content":{"rendered":"<p class=\"\" data-start=\"290\" data-end=\"695\">Amb motiu de les <strong data-start=\"308\" data-end=\"363\">obres d&#039;ampliaci\u00f3 de la carretera Teulada-Moraira<\/strong>, iniciades el passat 27 de mar\u00e7, el <strong data-start=\"401\" data-end=\"428\">Ajuntament de Teulada<\/strong> ha implementat noves solucions per <strong data-start=\"468\" data-end=\"494\">reorganitzar el tr\u00e0nsit<\/strong> a la zona afectada. La intervenci\u00f3 ha obligat el tall de la via en sentit descendent, \u00e9s a dir, des de Teulada cap a Moraira, mentre que el tr\u00e0nsit en sentit contrari continua amb normalitat.<\/p>\n<p class=\"\" data-start=\"697\" data-end=\"1043\">La decisi\u00f3 ha estat fruit d&#039;una <strong data-start=\"730\" data-end=\"760\">coordinaci\u00f3 institucional<\/strong> amb la <strong data-start=\"768\" data-end=\"794\">Diputaci\u00f3 d&#039;Alacant<\/strong> i el <strong data-start=\"800\" data-end=\"847\">Ajuntament del Poble Nou de Benitatxell<\/strong>, celebrada divendres passat. L&#039;objectiu, segons han explicat fonts municipals, \u00e9s <strong data-start=\"935\" data-end=\"962\">garantir la mobilitat<\/strong> i evitar <strong data-start=\"972\" data-end=\"1001\">congestions innecess\u00e0ries<\/strong> durant el temps que durin els treballs.<\/p>\n<h3 class=\"\" data-start=\"1050\" data-end=\"1099\"><strong data-start=\"1054\" data-end=\"1099\">Ruta per a vehicles pesants per la CV-741<\/strong><\/h3>\n<p class=\"\" data-start=\"1101\" data-end=\"1437\">Una de les principals novetats \u00e9s el desviament habilitat per a <strong data-start=\"1163\" data-end=\"1193\">vehicles de gran tonatge<\/strong>, que hauran de prendre la <strong data-start=\"1216\" data-end=\"1256\">carretera Teulada-Benimarco (CV-741)<\/strong> des de la glorieta dacc\u00e9s. Aquesta ruta continua fins a la cru\u00eflla amb la <strong data-start=\"1327\" data-end=\"1337\">CV-745<\/strong>, on caldr\u00e0 fer un <strong data-start=\"1372\" data-end=\"1436\">gir a l&#039;esquerra per reincorporar-se en direcci\u00f3 a Moraira<\/strong>.<\/p>\n<p class=\"\" data-start=\"1497\" data-end=\"1854\">En paral\u00b7lel, el tr\u00e0nsit lleuger seguir\u00e0 utilitzant el <strong data-start=\"1550\" data-end=\"1576\">itinerari alternatiu<\/strong> habilitat pr\u00e8viament: <strong data-start=\"1601\" data-end=\"1624\">Cam\u00ed de Sant Miquel<\/strong>, <strong data-start=\"1626\" data-end=\"1647\">Carretera del Pas<\/strong> i <strong data-start=\"1650\" data-end=\"1671\">Cam\u00ed Les Rotgetes<\/strong>, amb sortida final cap a la zona n\u00e0utica. Des de l&#039;Ajuntament s&#039;adverteix que aquest tra\u00e7at presenta <strong data-start=\"1773\" data-end=\"1793\">amplada limitada<\/strong>, de manera que es <strong data-start=\"1809\" data-end=\"1853\">desaconsella el pas de vehicles grans<\/strong>.<\/p>\n<p class=\"\" data-start=\"1923\" data-end=\"2217\">Les autoritats locals no descarten <strong data-start=\"1960\" data-end=\"1986\">futures modificacions<\/strong> en la gesti\u00f3 del tr\u00e0nsit a mesura que avancin els treballs. En aquest sentit, es podria contemplar la <strong data-start=\"2088\" data-end=\"2135\">habilitaci\u00f3 del tr\u00e0nsit en ambd\u00f3s sentits<\/strong> per la carretera principal si es compleixen les condicions de seguretat necess\u00e0ries.<\/p>","protected":false},"excerpt":{"rendered":"<p>Con motivo de las obras de ampliaci\u00f3n de la carretera Teulada-Moraira, iniciadas el pasado 27 de marzo, el Ayuntamiento de Teulada ha implementado nuevas soluciones para reorganizar el tr\u00e1fico en la zona afectada. La intervenci\u00f3n ha obligado al corte de la v\u00eda en sentido descendente, es decir, desde Teulada hacia Moraira, mientras que el tr\u00e1fico [&#8230;]<\/p>\n<p><a class=\"btn btn-secondary understrap-read-more-link\" href=\"https:\/\/radiolitoral.com\/ca\/2025\/03\/teulada-adapta-la-circulacion-por-las-obras-en-la-carretera-hacia-moraira\/\">Continua llegint&#8230;<span class=\"screen-reader-text\"> from Teulada adapta la circulaci\u00f3n por las obras en la carretera hacia Moraira<\/span><\/a><\/p>\n","protected":false},"author":14,"featured_media":15851,"comment_status":"open","ping_status":"closed","sticky":false,"template":"","format":"standard","meta":{"_acf_changed":false,"inline_featured_image":false,"footnotes":""},"categories":[4034],"tags":[4035,4036,195,777],"class_list":["post-15850","post","type-post","status-publish","format-standard","has-post-thumbnail","hentry","category-trafico","tag-cortes-de-trafico","tag-desvios-trafico","tag-teulada-moraira","tag-trafico","cobertura-teulada-moraira"],"acf":[],"yoast_head":"<!-- This site is optimized with the Yoast SEO plugin v27.5 - https:\/\/yoast.com\/product\/yoast-seo-wordpress\/ -->\n<title>Teulada adapta la circulaci\u00f3n por las obras en la carretera hacia Moraira | R\u00e0dio Litoral<\/title>\n<meta name=\"description\" content=\"Se establecen desv\u00edos diferenciados para veh\u00edculos pesados y turismos ante el cierre parcial de la v\u00eda principal\" \/>\n<meta name=\"robots\" content=\"index, follow, max-snippet:-1, max-image-preview:large, max-video-preview:-1\" \/>\n<link rel=\"canonical\" href=\"https:\/\/radiolitoral.com\/ca\/2025\/03\/teulada-adapta-la-circulacio-per-les-obres-a-la-carretera-cap-a-moraira\/\" \/>\n<meta property=\"og:locale\" content=\"ca_ES\" \/>\n<meta property=\"og:type\" content=\"article\" \/>\n<meta property=\"og:title\" content=\"Teulada adapta la circulaci\u00f3n por las obras en la carretera hacia Moraira | R\u00e0dio Litoral\" \/>\n<meta property=\"og:description\" content=\"Se establecen desv\u00edos diferenciados para veh\u00edculos pesados y turismos ante el cierre parcial de la v\u00eda principal\" \/>\n<meta property=\"og:url\" content=\"https:\/\/radiolitoral.com\/ca\/2025\/03\/teulada-adapta-la-circulacio-per-les-obres-a-la-carretera-cap-a-moraira\/\" \/>\n<meta property=\"og:site_name\" content=\"R\u00e0dio Litoral\" \/>\n<meta property=\"article:publisher\" content=\"https:\/\/www.facebook.com\/Laradiolitoral\/\" \/>\n<meta property=\"article:published_time\" content=\"2025-03-31T08:27:56+00:00\" \/>\n<meta property=\"og:image\" content=\"https:\/\/media.radiolitoral.com\/wp-content\/uploads\/2025\/03\/31102656\/NOTA-DE-PRENSA-El-Ayuntamiento-de-Teulada-habilita-un-nuevo-desvio-para-el-trafico-por-las-obras-de-ampliacion-de-la-carretera-Teulada-Moraira-scaled.jpeg\" \/>\n\t<meta property=\"og:image:width\" content=\"2560\" \/>\n\t<meta property=\"og:image:height\" content=\"1920\" \/>\n\t<meta property=\"og:image:type\" content=\"image\/jpeg\" \/>\n<meta name=\"author\" content=\"Redacci\u00f3n\" \/>\n<meta name=\"twitter:card\" content=\"summary_large_image\" \/>\n<meta name=\"twitter:label1\" content=\"Escrit per\" \/>\n\t<meta name=\"twitter:data1\" content=\"Redacci\u00f3n\" \/>\n\t<meta name=\"twitter:label2\" content=\"Temps estimat de lectura\" \/>\n\t<meta name=\"twitter:data2\" content=\"2 minuts\" \/>\n<script type=\"application\/ld+json\" class=\"yoast-schema-graph\">{\"@context\":\"https:\\\/\\\/schema.org\",\"@graph\":[{\"@type\":\"NewsArticle\",\"@id\":\"https:\\\/\\\/radiolitoral.com\\\/2025\\\/03\\\/teulada-adapta-la-circulacion-por-las-obras-en-la-carretera-hacia-moraira\\\/#article\",\"isPartOf\":{\"@id\":\"https:\\\/\\\/radiolitoral.com\\\/2025\\\/03\\\/teulada-adapta-la-circulacion-por-las-obras-en-la-carretera-hacia-moraira\\\/\"},\"author\":{\"name\":\"Redacci\u00f3n\",\"@id\":\"https:\\\/\\\/radiolitoral.com\\\/#\\\/schema\\\/person\\\/96b739642eb3bedb532aac3812d23307\"},\"headline\":\"Teulada adapta la circulaci\u00f3n por las obras en la carretera hacia Moraira\",\"datePublished\":\"2025-03-31T08:27:56+00:00\",\"mainEntityOfPage\":{\"@id\":\"https:\\\/\\\/radiolitoral.com\\\/2025\\\/03\\\/teulada-adapta-la-circulacion-por-las-obras-en-la-carretera-hacia-moraira\\\/\"},\"wordCount\":295,\"commentCount\":0,\"publisher\":{\"@id\":\"https:\\\/\\\/radiolitoral.com\\\/#organization\"},\"image\":{\"@id\":\"https:\\\/\\\/radiolitoral.com\\\/2025\\\/03\\\/teulada-adapta-la-circulacion-por-las-obras-en-la-carretera-hacia-moraira\\\/#primaryimage\"},\"thumbnailUrl\":\"https:\\\/\\\/media.radiolitoral.com\\\/wp-content\\\/uploads\\\/2025\\\/03\\\/31102656\\\/NOTA-DE-PRENSA-El-Ayuntamiento-de-Teulada-habilita-un-nuevo-desvio-para-el-trafico-por-las-obras-de-ampliacion-de-la-carretera-Teulada-Moraira-scaled.jpeg\",\"keywords\":[\"cortes de tr\u00e1fico\",\"desv\u00edos tr\u00e1fico\",\"Teulada-Moraira\",\"tr\u00e1fico\"],\"articleSection\":[\"Tr\u00e1fico\"],\"inLanguage\":\"ca\",\"potentialAction\":[{\"@type\":\"CommentAction\",\"name\":\"Comment\",\"target\":[\"https:\\\/\\\/radiolitoral.com\\\/2025\\\/03\\\/teulada-adapta-la-circulacion-por-las-obras-en-la-carretera-hacia-moraira\\\/#respond\"]}]},{\"@type\":[\"WebPage\",\"ItemPage\"],\"@id\":\"https:\\\/\\\/radiolitoral.com\\\/2025\\\/03\\\/teulada-adapta-la-circulacion-por-las-obras-en-la-carretera-hacia-moraira\\\/\",\"url\":\"https:\\\/\\\/radiolitoral.com\\\/2025\\\/03\\\/teulada-adapta-la-circulacion-por-las-obras-en-la-carretera-hacia-moraira\\\/\",\"name\":\"Teulada adapta la circulaci\u00f3n por las obras en la carretera hacia Moraira | R\u00e0dio Litoral\",\"isPartOf\":{\"@id\":\"https:\\\/\\\/radiolitoral.com\\\/#website\"},\"primaryImageOfPage\":{\"@id\":\"https:\\\/\\\/radiolitoral.com\\\/2025\\\/03\\\/teulada-adapta-la-circulacion-por-las-obras-en-la-carretera-hacia-moraira\\\/#primaryimage\"},\"image\":{\"@id\":\"https:\\\/\\\/radiolitoral.com\\\/2025\\\/03\\\/teulada-adapta-la-circulacion-por-las-obras-en-la-carretera-hacia-moraira\\\/#primaryimage\"},\"thumbnailUrl\":\"https:\\\/\\\/media.radiolitoral.com\\\/wp-content\\\/uploads\\\/2025\\\/03\\\/31102656\\\/NOTA-DE-PRENSA-El-Ayuntamiento-de-Teulada-habilita-un-nuevo-desvio-para-el-trafico-por-las-obras-de-ampliacion-de-la-carretera-Teulada-Moraira-scaled.jpeg\",\"datePublished\":\"2025-03-31T08:27:56+00:00\",\"description\":\"Se establecen desv\u00edos diferenciados para veh\u00edculos pesados y turismos ante el cierre parcial de la v\u00eda principal\",\"breadcrumb\":{\"@id\":\"https:\\\/\\\/radiolitoral.com\\\/2025\\\/03\\\/teulada-adapta-la-circulacion-por-las-obras-en-la-carretera-hacia-moraira\\\/#breadcrumb\"},\"inLanguage\":\"ca\",\"potentialAction\":[{\"@type\":\"ReadAction\",\"target\":[\"https:\\\/\\\/radiolitoral.com\\\/2025\\\/03\\\/teulada-adapta-la-circulacion-por-las-obras-en-la-carretera-hacia-moraira\\\/\"]}]},{\"@type\":\"ImageObject\",\"inLanguage\":\"ca\",\"@id\":\"https:\\\/\\\/radiolitoral.com\\\/2025\\\/03\\\/teulada-adapta-la-circulacion-por-las-obras-en-la-carretera-hacia-moraira\\\/#primaryimage\",\"url\":\"https:\\\/\\\/media.radiolitoral.com\\\/wp-content\\\/uploads\\\/2025\\\/03\\\/31102656\\\/NOTA-DE-PRENSA-El-Ayuntamiento-de-Teulada-habilita-un-nuevo-desvio-para-el-trafico-por-las-obras-de-ampliacion-de-la-carretera-Teulada-Moraira-scaled.jpeg\",\"contentUrl\":\"https:\\\/\\\/media.radiolitoral.com\\\/wp-content\\\/uploads\\\/2025\\\/03\\\/31102656\\\/NOTA-DE-PRENSA-El-Ayuntamiento-de-Teulada-habilita-un-nuevo-desvio-para-el-trafico-por-las-obras-de-ampliacion-de-la-carretera-Teulada-Moraira-scaled.jpeg\",\"width\":2560,\"height\":1920},{\"@type\":\"BreadcrumbList\",\"@id\":\"https:\\\/\\\/radiolitoral.com\\\/2025\\\/03\\\/teulada-adapta-la-circulacion-por-las-obras-en-la-carretera-hacia-moraira\\\/#breadcrumb\",\"itemListElement\":[{\"@type\":\"ListItem\",\"position\":1,\"name\":\"Portada\",\"item\":\"https:\\\/\\\/radiolitoral.com\\\/\"},{\"@type\":\"ListItem\",\"position\":2,\"name\":\"Teulada adapta la circulaci\u00f3n por las obras en la carretera hacia Moraira\"}]},{\"@type\":\"WebSite\",\"@id\":\"https:\\\/\\\/radiolitoral.com\\\/#website\",\"url\":\"https:\\\/\\\/radiolitoral.com\\\/\",\"name\":\"Radio Litoral\",\"description\":\"La radio local de la Marina Alta\",\"publisher\":{\"@id\":\"https:\\\/\\\/radiolitoral.com\\\/#organization\"},\"alternateName\":\"Litoral FM\",\"potentialAction\":[{\"@type\":\"SearchAction\",\"target\":{\"@type\":\"EntryPoint\",\"urlTemplate\":\"https:\\\/\\\/radiolitoral.com\\\/?s={search_term_string}\"},\"query-input\":{\"@type\":\"PropertyValueSpecification\",\"valueRequired\":true,\"valueName\":\"search_term_string\"}}],\"inLanguage\":\"ca\"},{\"@type\":\"Organization\",\"@id\":\"https:\\\/\\\/radiolitoral.com\\\/#organization\",\"name\":\"Radio Litoral\",\"url\":\"https:\\\/\\\/radiolitoral.com\\\/\",\"logo\":{\"@type\":\"ImageObject\",\"inLanguage\":\"ca\",\"@id\":\"https:\\\/\\\/radiolitoral.com\\\/#\\\/schema\\\/logo\\\/image\\\/\",\"url\":\"https:\\\/\\\/media.radiolitoral.com\\\/wp-content\\\/uploads\\\/2023\\\/02\\\/24143238\\\/CL-V-RadioLitoral696.png\",\"contentUrl\":\"https:\\\/\\\/media.radiolitoral.com\\\/wp-content\\\/uploads\\\/2023\\\/02\\\/24143238\\\/CL-V-RadioLitoral696.png\",\"width\":696,\"height\":696,\"caption\":\"Radio Litoral\"},\"image\":{\"@id\":\"https:\\\/\\\/radiolitoral.com\\\/#\\\/schema\\\/logo\\\/image\\\/\"},\"sameAs\":[\"https:\\\/\\\/www.facebook.com\\\/Laradiolitoral\\\/\"]},{\"@type\":\"Person\",\"@id\":\"https:\\\/\\\/radiolitoral.com\\\/#\\\/schema\\\/person\\\/96b739642eb3bedb532aac3812d23307\",\"name\":\"Redacci\u00f3n\",\"image\":{\"@type\":\"ImageObject\",\"inLanguage\":\"ca\",\"@id\":\"https:\\\/\\\/secure.gravatar.com\\\/avatar\\\/30cd06129ee90411dd9c7cbdcf17464181d1a3c7b072e92070ea75a25cf0097e?s=96&d=mm&r=g\",\"url\":\"https:\\\/\\\/secure.gravatar.com\\\/avatar\\\/30cd06129ee90411dd9c7cbdcf17464181d1a3c7b072e92070ea75a25cf0097e?s=96&d=mm&r=g\",\"contentUrl\":\"https:\\\/\\\/secure.gravatar.com\\\/avatar\\\/30cd06129ee90411dd9c7cbdcf17464181d1a3c7b072e92070ea75a25cf0097e?s=96&d=mm&r=g\",\"caption\":\"Redacci\u00f3n\"},\"url\":\"https:\\\/\\\/radiolitoral.com\\\/ca\\\/author\\\/kevin-carrio\\\/\"}]}<\/script>\n<!-- \/ Yoast SEO plugin. -->","yoast_head_json":{"title":"Teulada adapta la circulaci\u00f3 per les obres a la carretera cap a Moraira | R\u00e0dio Litoral","description":"S&#039;estableixen desviaments diferenciats per a vehicles pesants i turismes davant del tancament parcial de la via principal","robots":{"index":"index","follow":"follow","max-snippet":"max-snippet:-1","max-image-preview":"max-image-preview:large","max-video-preview":"max-video-preview:-1"},"canonical":"https:\/\/radiolitoral.com\/ca\/2025\/03\/teulada-adapta-la-circulacio-per-les-obres-a-la-carretera-cap-a-moraira\/","og_locale":"ca_ES","og_type":"article","og_title":"Teulada adapta la circulaci\u00f3n por las obras en la carretera hacia Moraira | R\u00e0dio Litoral","og_description":"Se establecen desv\u00edos diferenciados para veh\u00edculos pesados y turismos ante el cierre parcial de la v\u00eda principal","og_url":"https:\/\/radiolitoral.com\/ca\/2025\/03\/teulada-adapta-la-circulacio-per-les-obres-a-la-carretera-cap-a-moraira\/","og_site_name":"R\u00e0dio Litoral","article_publisher":"https:\/\/www.facebook.com\/Laradiolitoral\/","article_published_time":"2025-03-31T08:27:56+00:00","og_image":[{"width":2560,"height":1920,"url":"https:\/\/media.radiolitoral.com\/wp-content\/uploads\/2025\/03\/31102656\/NOTA-DE-PRENSA-El-Ayuntamiento-de-Teulada-habilita-un-nuevo-desvio-para-el-trafico-por-las-obras-de-ampliacion-de-la-carretera-Teulada-Moraira-scaled.jpeg","type":"image\/jpeg"}],"author":"Redacci\u00f3n","twitter_card":"summary_large_image","twitter_misc":{"Escrit per":"Redacci\u00f3n","Temps estimat de lectura":"2 minuts"},"schema":{"@context":"https:\/\/schema.org","@graph":[{"@type":"NewsArticle","@id":"https:\/\/radiolitoral.com\/2025\/03\/teulada-adapta-la-circulacion-por-las-obras-en-la-carretera-hacia-moraira\/#article","isPartOf":{"@id":"https:\/\/radiolitoral.com\/2025\/03\/teulada-adapta-la-circulacion-por-las-obras-en-la-carretera-hacia-moraira\/"},"author":{"name":"Redacci\u00f3n","@id":"https:\/\/radiolitoral.com\/#\/schema\/person\/96b739642eb3bedb532aac3812d23307"},"headline":"Teulada adapta la circulaci\u00f3n por las obras en la carretera hacia Moraira","datePublished":"2025-03-31T08:27:56+00:00","mainEntityOfPage":{"@id":"https:\/\/radiolitoral.com\/2025\/03\/teulada-adapta-la-circulacion-por-las-obras-en-la-carretera-hacia-moraira\/"},"wordCount":295,"commentCount":0,"publisher":{"@id":"https:\/\/radiolitoral.com\/#organization"},"image":{"@id":"https:\/\/radiolitoral.com\/2025\/03\/teulada-adapta-la-circulacion-por-las-obras-en-la-carretera-hacia-moraira\/#primaryimage"},"thumbnailUrl":"https:\/\/media.radiolitoral.com\/wp-content\/uploads\/2025\/03\/31102656\/NOTA-DE-PRENSA-El-Ayuntamiento-de-Teulada-habilita-un-nuevo-desvio-para-el-trafico-por-las-obras-de-ampliacion-de-la-carretera-Teulada-Moraira-scaled.jpeg","keywords":["cortes de tr\u00e1fico","desv\u00edos tr\u00e1fico","Teulada-Moraira","tr\u00e1fico"],"articleSection":["Tr\u00e1fico"],"inLanguage":"ca","potentialAction":[{"@type":"CommentAction","name":"Comment","target":["https:\/\/radiolitoral.com\/2025\/03\/teulada-adapta-la-circulacion-por-las-obras-en-la-carretera-hacia-moraira\/#respond"]}]},{"@type":["WebPage","ItemPage"],"@id":"https:\/\/radiolitoral.com\/2025\/03\/teulada-adapta-la-circulacion-por-las-obras-en-la-carretera-hacia-moraira\/","url":"https:\/\/radiolitoral.com\/2025\/03\/teulada-adapta-la-circulacion-por-las-obras-en-la-carretera-hacia-moraira\/","name":"Teulada adapta la circulaci\u00f3 per les obres a la carretera cap a Moraira | R\u00e0dio Litoral","isPartOf":{"@id":"https:\/\/radiolitoral.com\/#website"},"primaryImageOfPage":{"@id":"https:\/\/radiolitoral.com\/2025\/03\/teulada-adapta-la-circulacion-por-las-obras-en-la-carretera-hacia-moraira\/#primaryimage"},"image":{"@id":"https:\/\/radiolitoral.com\/2025\/03\/teulada-adapta-la-circulacion-por-las-obras-en-la-carretera-hacia-moraira\/#primaryimage"},"thumbnailUrl":"https:\/\/media.radiolitoral.com\/wp-content\/uploads\/2025\/03\/31102656\/NOTA-DE-PRENSA-El-Ayuntamiento-de-Teulada-habilita-un-nuevo-desvio-para-el-trafico-por-las-obras-de-ampliacion-de-la-carretera-Teulada-Moraira-scaled.jpeg","datePublished":"2025-03-31T08:27:56+00:00","description":"S&#039;estableixen desviaments diferenciats per a vehicles pesants i turismes davant del tancament parcial de la via principal","breadcrumb":{"@id":"https:\/\/radiolitoral.com\/2025\/03\/teulada-adapta-la-circulacion-por-las-obras-en-la-carretera-hacia-moraira\/#breadcrumb"},"inLanguage":"ca","potentialAction":[{"@type":"ReadAction","target":["https:\/\/radiolitoral.com\/2025\/03\/teulada-adapta-la-circulacion-por-las-obras-en-la-carretera-hacia-moraira\/"]}]},{"@type":"ImageObject","inLanguage":"ca","@id":"https:\/\/radiolitoral.com\/2025\/03\/teulada-adapta-la-circulacion-por-las-obras-en-la-carretera-hacia-moraira\/#primaryimage","url":"https:\/\/media.radiolitoral.com\/wp-content\/uploads\/2025\/03\/31102656\/NOTA-DE-PRENSA-El-Ayuntamiento-de-Teulada-habilita-un-nuevo-desvio-para-el-trafico-por-las-obras-de-ampliacion-de-la-carretera-Teulada-Moraira-scaled.jpeg","contentUrl":"https:\/\/media.radiolitoral.com\/wp-content\/uploads\/2025\/03\/31102656\/NOTA-DE-PRENSA-El-Ayuntamiento-de-Teulada-habilita-un-nuevo-desvio-para-el-trafico-por-las-obras-de-ampliacion-de-la-carretera-Teulada-Moraira-scaled.jpeg","width":2560,"height":1920},{"@type":"BreadcrumbList","@id":"https:\/\/radiolitoral.com\/2025\/03\/teulada-adapta-la-circulacion-por-las-obras-en-la-carretera-hacia-moraira\/#breadcrumb","itemListElement":[{"@type":"ListItem","position":1,"name":"Portada","item":"https:\/\/radiolitoral.com\/"},{"@type":"ListItem","position":2,"name":"Teulada adapta la circulaci\u00f3n por las obras en la carretera hacia Moraira"}]},{"@type":"WebSite","@id":"https:\/\/radiolitoral.com\/#website","url":"https:\/\/radiolitoral.com\/","name":"R\u00e0dio Litoral","description":"La r\u00e0dio local de la Marina Alta","publisher":{"@id":"https:\/\/radiolitoral.com\/#organization"},"alternateName":"Litoral FM","potentialAction":[{"@type":"SearchAction","target":{"@type":"EntryPoint","urlTemplate":"https:\/\/radiolitoral.com\/?s={search_term_string}"},"query-input":{"@type":"PropertyValueSpecification","valueRequired":true,"valueName":"search_term_string"}}],"inLanguage":"ca"},{"@type":"Organization","@id":"https:\/\/radiolitoral.com\/#organization","name":"R\u00e0dio Litoral","url":"https:\/\/radiolitoral.com\/","logo":{"@type":"ImageObject","inLanguage":"ca","@id":"https:\/\/radiolitoral.com\/#\/schema\/logo\/image\/","url":"https:\/\/media.radiolitoral.com\/wp-content\/uploads\/2023\/02\/24143238\/CL-V-RadioLitoral696.png","contentUrl":"https:\/\/media.radiolitoral.com\/wp-content\/uploads\/2023\/02\/24143238\/CL-V-RadioLitoral696.png","width":696,"height":696,"caption":"Radio Litoral"},"image":{"@id":"https:\/\/radiolitoral.com\/#\/schema\/logo\/image\/"},"sameAs":["https:\/\/www.facebook.com\/Laradiolitoral\/"]},{"@type":"Person","@id":"https:\/\/radiolitoral.com\/#\/schema\/person\/96b739642eb3bedb532aac3812d23307","name":"Redacci\u00f3","image":{"@type":"ImageObject","inLanguage":"ca","@id":"https:\/\/secure.gravatar.com\/avatar\/30cd06129ee90411dd9c7cbdcf17464181d1a3c7b072e92070ea75a25cf0097e?s=96&d=mm&r=g","url":"https:\/\/secure.gravatar.com\/avatar\/30cd06129ee90411dd9c7cbdcf17464181d1a3c7b072e92070ea75a25cf0097e?s=96&d=mm&r=g","contentUrl":"https:\/\/secure.gravatar.com\/avatar\/30cd06129ee90411dd9c7cbdcf17464181d1a3c7b072e92070ea75a25cf0097e?s=96&d=mm&r=g","caption":"Redacci\u00f3n"},"url":"https:\/\/radiolitoral.com\/ca\/author\/kevin-carrio\/"}]}},"_links":{"self":[{"href":"https:\/\/radiolitoral.com\/ca\/wp-json\/wp\/v2\/posts\/15850","targetHints":{"allow":["GET"]}}],"collection":[{"href":"https:\/\/radiolitoral.com\/ca\/wp-json\/wp\/v2\/posts"}],"about":[{"href":"https:\/\/radiolitoral.com\/ca\/wp-json\/wp\/v2\/types\/post"}],"author":[{"embeddable":true,"href":"https:\/\/radiolitoral.com\/ca\/wp-json\/wp\/v2\/users\/14"}],"replies":[{"embeddable":true,"href":"https:\/\/radiolitoral.com\/ca\/wp-json\/wp\/v2\/comments?post=15850"}],"version-history":[{"count":1,"href":"https:\/\/radiolitoral.com\/ca\/wp-json\/wp\/v2\/posts\/15850\/revisions"}],"predecessor-version":[{"id":15852,"href":"https:\/\/radiolitoral.com\/ca\/wp-json\/wp\/v2\/posts\/15850\/revisions\/15852"}],"wp:featuredmedia":[{"embeddable":true,"href":"https:\/\/radiolitoral.com\/ca\/wp-json\/wp\/v2\/media\/15851"}],"wp:attachment":[{"href":"https:\/\/radiolitoral.com\/ca\/wp-json\/wp\/v2\/media?parent=15850"}],"wp:term":[{"taxonomy":"category","embeddable":true,"href":"https:\/\/radiolitoral.com\/ca\/wp-json\/wp\/v2\/categories?post=15850"},{"taxonomy":"post_tag","embeddable":true,"href":"https:\/\/radiolitoral.com\/ca\/wp-json\/wp\/v2\/tags?post=15850"}],"curies":[{"name":"wp","href":"https:\/\/api.w.org\/{rel}","templated":true}]}}