{"id":15818,"date":"2025-03-28T10:27:00","date_gmt":"2025-03-28T09:27:00","guid":{"rendered":"https:\/\/radiolitoral.com\/?p=15818"},"modified":"2025-03-28T10:27:17","modified_gmt":"2025-03-28T09:27:17","slug":"abril-traient-un-disc-fent-el-que-mes-magrada-no-puc-cantar-mes-fort-com-soc-afortunada","status":"publish","type":"post","link":"https:\/\/radiolitoral.com\/ca\/2025\/03\/abril-sacando-un-disco-haciendo-lo-que-mas-me-gusta-no-puedo-cantar-mas-fuerte-lo-afortunada-que-soy\/","title":{"rendered":"Abril: \u201cTraient un disc, fent el que m\u00e9s m&#039;agrada, no puc cantar m\u00e9s fort l&#039;Afortunada que s\u00f3c\u201d"},"content":{"rendered":"<p>A <strong>R\u00e0dio Litoral<\/strong> ens preparem pel cap de setmana al ritme del pop electr\u00f2nic de la<strong> cantant benissera Abril<\/strong>, una de les figures emergents de la m\u00fasica en valenci\u00e0, que acaba de treure disc, <strong>\u00abInstruccions per estimar una cereza\u00bb<\/strong>\u00a0i que est\u00e0 triomfant a les xarxes socials. I \u00e9s que, malgrat la seva atape\u00efda agenda, avui hem tingut el plaer de compartir-hi<strong> Primer Caf\u00e8. <\/strong><\/p>\n<p>Una entrevista que ens ha ajudat a con\u00e8ixer una mica m\u00e9s l&#039;Abril com a artista, la seva hist\u00f2ria, el seu darrer treball, les seves lletres i all\u00f2 que l&#039;inspira. \u201cInstruccions per estimar una cereza\u201d \u00e9s una feina acurada, resultat d&#039;un proc\u00e9s que s&#039;ha prolongat durant tot un any i al qual no se li ha pressionat amb presses. \u201c<strong>Desig<\/strong>&quot;va ser el primer senzill que vam poder escoltar d&#039;aquest disc, una can\u00e7\u00f3 que mostra la for\u00e7a festivalera que t\u00e9 la cantant de Benissa. Encara que molts van con\u00e8ixer Abril per&quot;<strong>Afortunada<\/strong>\u201d una versi\u00f3 en valenci\u00e0 que ja \u00e9s a Spotify.<\/p>\n<p>A l&#039;abril se li augura una prometedora carrera musical, destacant les melodies modernes, el directe dol\u00e7, festiu i proper. La seva capacitat per connectar amb el p\u00fablic i transmetre emocions, la posiciona com una de les artistes a seguir al panorama actual. Amb un disc recent estrenat afronta uns intensos mesos plens de concerts, en qu\u00e8 compartir\u00e0 cartell amb altres figures destacades del panorama musical. A la seva agenda s&#039;inclouen concerts a Alacant, Val\u00e8ncia, al XocoRock a Bocairent, al Feslloc a la Plana Alta, i tamb\u00e9 a diferents municipis de la Marina Alta.<\/p>\n<p>Si vols saber-ne m\u00e9s i escoltar l&#039;abril a capella, pots tornar a escoltar l&#039;entrevista aqu\u00ed.<\/p>\n<audio class=\"wp-audio-shortcode\" id=\"audio-15818-1\" preload=\"none\" style=\"width: 100%;\" controls=\"controls\"><source type=\"audio\/mpeg\" src=\"https:\/\/media.radiolitoral.com\/wp-content\/uploads\/2025\/03\/28101914\/Primer-Cafe-Abril.mp3?_=1\" \/><a href=\"https:\/\/media.radiolitoral.com\/wp-content\/uploads\/2025\/03\/28101914\/Primer-Cafe-Abril.mp3\">https:\/\/media.radiolitoral.com\/wp-content\/uploads\/2025\/03\/28101914\/Primer-Cafe-Abril.mp3<\/a><\/audio>","protected":false},"excerpt":{"rendered":"<p>En Radio Litoral nos preparamos para el fin de semana al ritmo del pop electr\u00f3nico de la cantante benissera Abril, una de las figuras emergentes de la m\u00fasica en valenciano, que acaba de sacar disco, \u00abInstruccions per estimar una cirera\u00bb\u00a0y que est\u00e1 triunfando en redes sociales. Y es que, a pesar de su apretada agenda, [&#8230;]<\/p>\n<p><a class=\"btn btn-secondary understrap-read-more-link\" href=\"https:\/\/radiolitoral.com\/ca\/2025\/03\/abril-sacando-un-disco-haciendo-lo-que-mas-me-gusta-no-puedo-cantar-mas-fuerte-lo-afortunada-que-soy\/\">Continua llegint&#8230;<span class=\"screen-reader-text\"> from Abril: \u201cSacando un disco, haciendo lo que m\u00e1s me gusta, no puedo cantar m\u00e1s fuerte lo Afortunada que soy\u201d<\/span><\/a><\/p>\n","protected":false},"author":13,"featured_media":15822,"comment_status":"open","ping_status":"closed","sticky":false,"template":"","format":"standard","meta":{"_acf_changed":false,"inline_featured_image":false,"footnotes":""},"categories":[55,2753],"tags":[4025,4029,110,4028,983,4027,4026,2312],"class_list":["post-15818","post","type-post","status-publish","format-standard","has-post-thumbnail","hentry","category-cultura","category-entrevistas","tag-abril","tag-afortunada","tag-conciertos","tag-instruccions-per-estimar-una-cirera","tag-musica","tag-musica-en-valencia","tag-nuevo-disco","tag-primer-cafe","cobertura-benissa"],"acf":[],"yoast_head":"<!-- This site is optimized with the Yoast SEO plugin v27.5 - https:\/\/yoast.com\/product\/yoast-seo-wordpress\/ -->\n<title>Abril: \u201cSacando un disco, haciendo lo que m\u00e1s me gusta, no puedo cantar m\u00e1s fuerte lo Afortunada que soy\u201d | R\u00e0dio Litoral<\/title>\n<meta name=\"description\" content=\"La cantante benissera, Abril, estrena Instruccions per estimar una cirera\u201d y una completa agenda de conciertos\" \/>\n<meta name=\"robots\" content=\"index, follow, max-snippet:-1, max-image-preview:large, max-video-preview:-1\" \/>\n<link rel=\"canonical\" href=\"https:\/\/radiolitoral.com\/ca\/2025\/03\/abril-traient-un-disc-fent-el-que-mes-magrada-no-puc-cantar-mes-fort-com-soc-afortunada\/\" \/>\n<meta property=\"og:locale\" content=\"ca_ES\" \/>\n<meta property=\"og:type\" content=\"article\" \/>\n<meta property=\"og:title\" content=\"Abril: \u201cSacando un disco, haciendo lo que m\u00e1s me gusta, no puedo cantar m\u00e1s fuerte lo Afortunada que soy\u201d | R\u00e0dio Litoral\" \/>\n<meta property=\"og:description\" content=\"La cantante benissera, Abril, estrena Instruccions per estimar una cirera\u201d y una completa agenda de conciertos\" \/>\n<meta property=\"og:url\" content=\"https:\/\/radiolitoral.com\/ca\/2025\/03\/abril-traient-un-disc-fent-el-que-mes-magrada-no-puc-cantar-mes-fort-com-soc-afortunada\/\" \/>\n<meta property=\"og:site_name\" content=\"R\u00e0dio Litoral\" \/>\n<meta property=\"article:publisher\" content=\"https:\/\/www.facebook.com\/Laradiolitoral\/\" \/>\n<meta property=\"article:published_time\" content=\"2025-03-28T09:27:00+00:00\" \/>\n<meta property=\"article:modified_time\" content=\"2025-03-28T09:27:17+00:00\" \/>\n<meta property=\"og:image\" content=\"https:\/\/media.radiolitoral.com\/wp-content\/uploads\/2025\/03\/28102159\/Abril-Primer-Cafe.jpg\" \/>\n\t<meta property=\"og:image:width\" content=\"2000\" \/>\n\t<meta property=\"og:image:height\" content=\"1500\" \/>\n\t<meta property=\"og:image:type\" content=\"image\/jpeg\" \/>\n<meta name=\"author\" content=\"Redacci\u00f3n\" \/>\n<meta name=\"twitter:card\" content=\"summary_large_image\" \/>\n<meta name=\"twitter:label1\" content=\"Escrit per\" \/>\n\t<meta name=\"twitter:data1\" content=\"Redacci\u00f3n\" \/>\n\t<meta name=\"twitter:label2\" content=\"Temps estimat de lectura\" \/>\n\t<meta name=\"twitter:data2\" content=\"2 minuts\" \/>\n<script type=\"application\/ld+json\" class=\"yoast-schema-graph\">{\"@context\":\"https:\\\/\\\/schema.org\",\"@graph\":[{\"@type\":\"NewsArticle\",\"@id\":\"https:\\\/\\\/radiolitoral.com\\\/2025\\\/03\\\/abril-sacando-un-disco-haciendo-lo-que-mas-me-gusta-no-puedo-cantar-mas-fuerte-lo-afortunada-que-soy\\\/#article\",\"isPartOf\":{\"@id\":\"https:\\\/\\\/radiolitoral.com\\\/2025\\\/03\\\/abril-sacando-un-disco-haciendo-lo-que-mas-me-gusta-no-puedo-cantar-mas-fuerte-lo-afortunada-que-soy\\\/\"},\"author\":{\"name\":\"Redacci\u00f3n\",\"@id\":\"https:\\\/\\\/radiolitoral.com\\\/#\\\/schema\\\/person\\\/f2b2343c49b5d721857cc1002bfdb151\"},\"headline\":\"Abril: \u201cSacando un disco, haciendo lo que m\u00e1s me gusta, no puedo cantar m\u00e1s fuerte lo Afortunada que soy\u201d\",\"datePublished\":\"2025-03-28T09:27:00+00:00\",\"dateModified\":\"2025-03-28T09:27:17+00:00\",\"mainEntityOfPage\":{\"@id\":\"https:\\\/\\\/radiolitoral.com\\\/2025\\\/03\\\/abril-sacando-un-disco-haciendo-lo-que-mas-me-gusta-no-puedo-cantar-mas-fuerte-lo-afortunada-que-soy\\\/\"},\"wordCount\":320,\"commentCount\":0,\"publisher\":{\"@id\":\"https:\\\/\\\/radiolitoral.com\\\/#organization\"},\"image\":{\"@id\":\"https:\\\/\\\/radiolitoral.com\\\/2025\\\/03\\\/abril-sacando-un-disco-haciendo-lo-que-mas-me-gusta-no-puedo-cantar-mas-fuerte-lo-afortunada-que-soy\\\/#primaryimage\"},\"thumbnailUrl\":\"https:\\\/\\\/media.radiolitoral.com\\\/wp-content\\\/uploads\\\/2025\\\/03\\\/28102159\\\/Abril-Primer-Cafe.jpg\",\"keywords\":[\"Abril\",\"Afortunada\",\"conciertos\",\"Instruccions per estimar una cirera\",\"M\u00fasica\",\"M\u00fasica en valenci\u00e0\",\"Nuevo disco\",\"Primer Caf\u00e9\"],\"articleSection\":[\"Cultura\",\"Entrevistas\"],\"inLanguage\":\"ca\",\"potentialAction\":[{\"@type\":\"CommentAction\",\"name\":\"Comment\",\"target\":[\"https:\\\/\\\/radiolitoral.com\\\/2025\\\/03\\\/abril-sacando-un-disco-haciendo-lo-que-mas-me-gusta-no-puedo-cantar-mas-fuerte-lo-afortunada-que-soy\\\/#respond\"]}]},{\"@type\":[\"WebPage\",\"ItemPage\"],\"@id\":\"https:\\\/\\\/radiolitoral.com\\\/2025\\\/03\\\/abril-sacando-un-disco-haciendo-lo-que-mas-me-gusta-no-puedo-cantar-mas-fuerte-lo-afortunada-que-soy\\\/\",\"url\":\"https:\\\/\\\/radiolitoral.com\\\/2025\\\/03\\\/abril-sacando-un-disco-haciendo-lo-que-mas-me-gusta-no-puedo-cantar-mas-fuerte-lo-afortunada-que-soy\\\/\",\"name\":\"Abril: \u201cSacando un disco, haciendo lo que m\u00e1s me gusta, no puedo cantar m\u00e1s fuerte lo Afortunada que soy\u201d | R\u00e0dio Litoral\",\"isPartOf\":{\"@id\":\"https:\\\/\\\/radiolitoral.com\\\/#website\"},\"primaryImageOfPage\":{\"@id\":\"https:\\\/\\\/radiolitoral.com\\\/2025\\\/03\\\/abril-sacando-un-disco-haciendo-lo-que-mas-me-gusta-no-puedo-cantar-mas-fuerte-lo-afortunada-que-soy\\\/#primaryimage\"},\"image\":{\"@id\":\"https:\\\/\\\/radiolitoral.com\\\/2025\\\/03\\\/abril-sacando-un-disco-haciendo-lo-que-mas-me-gusta-no-puedo-cantar-mas-fuerte-lo-afortunada-que-soy\\\/#primaryimage\"},\"thumbnailUrl\":\"https:\\\/\\\/media.radiolitoral.com\\\/wp-content\\\/uploads\\\/2025\\\/03\\\/28102159\\\/Abril-Primer-Cafe.jpg\",\"datePublished\":\"2025-03-28T09:27:00+00:00\",\"dateModified\":\"2025-03-28T09:27:17+00:00\",\"description\":\"La cantante benissera, Abril, estrena Instruccions per estimar una cirera\u201d y una completa agenda de conciertos\",\"breadcrumb\":{\"@id\":\"https:\\\/\\\/radiolitoral.com\\\/2025\\\/03\\\/abril-sacando-un-disco-haciendo-lo-que-mas-me-gusta-no-puedo-cantar-mas-fuerte-lo-afortunada-que-soy\\\/#breadcrumb\"},\"inLanguage\":\"ca\",\"potentialAction\":[{\"@type\":\"ReadAction\",\"target\":[\"https:\\\/\\\/radiolitoral.com\\\/2025\\\/03\\\/abril-sacando-un-disco-haciendo-lo-que-mas-me-gusta-no-puedo-cantar-mas-fuerte-lo-afortunada-que-soy\\\/\"]}]},{\"@type\":\"ImageObject\",\"inLanguage\":\"ca\",\"@id\":\"https:\\\/\\\/radiolitoral.com\\\/2025\\\/03\\\/abril-sacando-un-disco-haciendo-lo-que-mas-me-gusta-no-puedo-cantar-mas-fuerte-lo-afortunada-que-soy\\\/#primaryimage\",\"url\":\"https:\\\/\\\/media.radiolitoral.com\\\/wp-content\\\/uploads\\\/2025\\\/03\\\/28102159\\\/Abril-Primer-Cafe.jpg\",\"contentUrl\":\"https:\\\/\\\/media.radiolitoral.com\\\/wp-content\\\/uploads\\\/2025\\\/03\\\/28102159\\\/Abril-Primer-Cafe.jpg\",\"width\":2000,\"height\":1500},{\"@type\":\"BreadcrumbList\",\"@id\":\"https:\\\/\\\/radiolitoral.com\\\/2025\\\/03\\\/abril-sacando-un-disco-haciendo-lo-que-mas-me-gusta-no-puedo-cantar-mas-fuerte-lo-afortunada-que-soy\\\/#breadcrumb\",\"itemListElement\":[{\"@type\":\"ListItem\",\"position\":1,\"name\":\"Portada\",\"item\":\"https:\\\/\\\/radiolitoral.com\\\/\"},{\"@type\":\"ListItem\",\"position\":2,\"name\":\"Abril: \u201cSacando un disco, haciendo lo que m\u00e1s me gusta, no puedo cantar m\u00e1s fuerte lo Afortunada que soy\u201d\"}]},{\"@type\":\"WebSite\",\"@id\":\"https:\\\/\\\/radiolitoral.com\\\/#website\",\"url\":\"https:\\\/\\\/radiolitoral.com\\\/\",\"name\":\"Radio Litoral\",\"description\":\"La radio local de la Marina Alta\",\"publisher\":{\"@id\":\"https:\\\/\\\/radiolitoral.com\\\/#organization\"},\"alternateName\":\"Litoral FM\",\"potentialAction\":[{\"@type\":\"SearchAction\",\"target\":{\"@type\":\"EntryPoint\",\"urlTemplate\":\"https:\\\/\\\/radiolitoral.com\\\/?s={search_term_string}\"},\"query-input\":{\"@type\":\"PropertyValueSpecification\",\"valueRequired\":true,\"valueName\":\"search_term_string\"}}],\"inLanguage\":\"ca\"},{\"@type\":\"Organization\",\"@id\":\"https:\\\/\\\/radiolitoral.com\\\/#organization\",\"name\":\"Radio Litoral\",\"url\":\"https:\\\/\\\/radiolitoral.com\\\/\",\"logo\":{\"@type\":\"ImageObject\",\"inLanguage\":\"ca\",\"@id\":\"https:\\\/\\\/radiolitoral.com\\\/#\\\/schema\\\/logo\\\/image\\\/\",\"url\":\"https:\\\/\\\/media.radiolitoral.com\\\/wp-content\\\/uploads\\\/2023\\\/02\\\/24143238\\\/CL-V-RadioLitoral696.png\",\"contentUrl\":\"https:\\\/\\\/media.radiolitoral.com\\\/wp-content\\\/uploads\\\/2023\\\/02\\\/24143238\\\/CL-V-RadioLitoral696.png\",\"width\":696,\"height\":696,\"caption\":\"Radio Litoral\"},\"image\":{\"@id\":\"https:\\\/\\\/radiolitoral.com\\\/#\\\/schema\\\/logo\\\/image\\\/\"},\"sameAs\":[\"https:\\\/\\\/www.facebook.com\\\/Laradiolitoral\\\/\"]},{\"@type\":\"Person\",\"@id\":\"https:\\\/\\\/radiolitoral.com\\\/#\\\/schema\\\/person\\\/f2b2343c49b5d721857cc1002bfdb151\",\"name\":\"Redacci\u00f3n\",\"image\":{\"@type\":\"ImageObject\",\"inLanguage\":\"ca\",\"@id\":\"https:\\\/\\\/secure.gravatar.com\\\/avatar\\\/f771d896c203ad8b3382d7905cfcce5a5c9b008b84b3cd9114e9b9f4cb63f789?s=96&d=mm&r=g\",\"url\":\"https:\\\/\\\/secure.gravatar.com\\\/avatar\\\/f771d896c203ad8b3382d7905cfcce5a5c9b008b84b3cd9114e9b9f4cb63f789?s=96&d=mm&r=g\",\"contentUrl\":\"https:\\\/\\\/secure.gravatar.com\\\/avatar\\\/f771d896c203ad8b3382d7905cfcce5a5c9b008b84b3cd9114e9b9f4cb63f789?s=96&d=mm&r=g\",\"caption\":\"Redacci\u00f3n\"},\"url\":\"https:\\\/\\\/radiolitoral.com\\\/ca\\\/author\\\/miriam-pagan\\\/\"}]}<\/script>\n<!-- \/ Yoast SEO plugin. -->","yoast_head_json":{"title":"Abril: \u201cTraient un disc, fent el que m\u00e9s m&#039;agrada, no puc cantar m\u00e9s fort el que Afortunada que s\u00f3c\u201d | R\u00e0dio Litoral","description":"La cantant benissera, Abril, estrena Instruccions per estimar una cereza\u201d i una completa agenda de concerts","robots":{"index":"index","follow":"follow","max-snippet":"max-snippet:-1","max-image-preview":"max-image-preview:large","max-video-preview":"max-video-preview:-1"},"canonical":"https:\/\/radiolitoral.com\/ca\/2025\/03\/abril-traient-un-disc-fent-el-que-mes-magrada-no-puc-cantar-mes-fort-com-soc-afortunada\/","og_locale":"ca_ES","og_type":"article","og_title":"Abril: \u201cSacando un disco, haciendo lo que m\u00e1s me gusta, no puedo cantar m\u00e1s fuerte lo Afortunada que soy\u201d | R\u00e0dio Litoral","og_description":"La cantante benissera, Abril, estrena Instruccions per estimar una cirera\u201d y una completa agenda de conciertos","og_url":"https:\/\/radiolitoral.com\/ca\/2025\/03\/abril-traient-un-disc-fent-el-que-mes-magrada-no-puc-cantar-mes-fort-com-soc-afortunada\/","og_site_name":"R\u00e0dio Litoral","article_publisher":"https:\/\/www.facebook.com\/Laradiolitoral\/","article_published_time":"2025-03-28T09:27:00+00:00","article_modified_time":"2025-03-28T09:27:17+00:00","og_image":[{"width":2000,"height":1500,"url":"https:\/\/media.radiolitoral.com\/wp-content\/uploads\/2025\/03\/28102159\/Abril-Primer-Cafe.jpg","type":"image\/jpeg"}],"author":"Redacci\u00f3n","twitter_card":"summary_large_image","twitter_misc":{"Escrit per":"Redacci\u00f3n","Temps estimat de lectura":"2 minuts"},"schema":{"@context":"https:\/\/schema.org","@graph":[{"@type":"NewsArticle","@id":"https:\/\/radiolitoral.com\/2025\/03\/abril-sacando-un-disco-haciendo-lo-que-mas-me-gusta-no-puedo-cantar-mas-fuerte-lo-afortunada-que-soy\/#article","isPartOf":{"@id":"https:\/\/radiolitoral.com\/2025\/03\/abril-sacando-un-disco-haciendo-lo-que-mas-me-gusta-no-puedo-cantar-mas-fuerte-lo-afortunada-que-soy\/"},"author":{"name":"Redacci\u00f3n","@id":"https:\/\/radiolitoral.com\/#\/schema\/person\/f2b2343c49b5d721857cc1002bfdb151"},"headline":"Abril: \u201cSacando un disco, haciendo lo que m\u00e1s me gusta, no puedo cantar m\u00e1s fuerte lo Afortunada que soy\u201d","datePublished":"2025-03-28T09:27:00+00:00","dateModified":"2025-03-28T09:27:17+00:00","mainEntityOfPage":{"@id":"https:\/\/radiolitoral.com\/2025\/03\/abril-sacando-un-disco-haciendo-lo-que-mas-me-gusta-no-puedo-cantar-mas-fuerte-lo-afortunada-que-soy\/"},"wordCount":320,"commentCount":0,"publisher":{"@id":"https:\/\/radiolitoral.com\/#organization"},"image":{"@id":"https:\/\/radiolitoral.com\/2025\/03\/abril-sacando-un-disco-haciendo-lo-que-mas-me-gusta-no-puedo-cantar-mas-fuerte-lo-afortunada-que-soy\/#primaryimage"},"thumbnailUrl":"https:\/\/media.radiolitoral.com\/wp-content\/uploads\/2025\/03\/28102159\/Abril-Primer-Cafe.jpg","keywords":["Abril","Afortunada","conciertos","Instruccions per estimar una cirera","M\u00fasica","M\u00fasica en valenci\u00e0","Nuevo disco","Primer Caf\u00e9"],"articleSection":["Cultura","Entrevistas"],"inLanguage":"ca","potentialAction":[{"@type":"CommentAction","name":"Comment","target":["https:\/\/radiolitoral.com\/2025\/03\/abril-sacando-un-disco-haciendo-lo-que-mas-me-gusta-no-puedo-cantar-mas-fuerte-lo-afortunada-que-soy\/#respond"]}]},{"@type":["WebPage","ItemPage"],"@id":"https:\/\/radiolitoral.com\/2025\/03\/abril-sacando-un-disco-haciendo-lo-que-mas-me-gusta-no-puedo-cantar-mas-fuerte-lo-afortunada-que-soy\/","url":"https:\/\/radiolitoral.com\/2025\/03\/abril-sacando-un-disco-haciendo-lo-que-mas-me-gusta-no-puedo-cantar-mas-fuerte-lo-afortunada-que-soy\/","name":"Abril: \u201cTraient un disc, fent el que m\u00e9s m&#039;agrada, no puc cantar m\u00e9s fort el que Afortunada que s\u00f3c\u201d | R\u00e0dio Litoral","isPartOf":{"@id":"https:\/\/radiolitoral.com\/#website"},"primaryImageOfPage":{"@id":"https:\/\/radiolitoral.com\/2025\/03\/abril-sacando-un-disco-haciendo-lo-que-mas-me-gusta-no-puedo-cantar-mas-fuerte-lo-afortunada-que-soy\/#primaryimage"},"image":{"@id":"https:\/\/radiolitoral.com\/2025\/03\/abril-sacando-un-disco-haciendo-lo-que-mas-me-gusta-no-puedo-cantar-mas-fuerte-lo-afortunada-que-soy\/#primaryimage"},"thumbnailUrl":"https:\/\/media.radiolitoral.com\/wp-content\/uploads\/2025\/03\/28102159\/Abril-Primer-Cafe.jpg","datePublished":"2025-03-28T09:27:00+00:00","dateModified":"2025-03-28T09:27:17+00:00","description":"La cantant benissera, Abril, estrena Instruccions per estimar una cereza\u201d i una completa agenda de concerts","breadcrumb":{"@id":"https:\/\/radiolitoral.com\/2025\/03\/abril-sacando-un-disco-haciendo-lo-que-mas-me-gusta-no-puedo-cantar-mas-fuerte-lo-afortunada-que-soy\/#breadcrumb"},"inLanguage":"ca","potentialAction":[{"@type":"ReadAction","target":["https:\/\/radiolitoral.com\/2025\/03\/abril-sacando-un-disco-haciendo-lo-que-mas-me-gusta-no-puedo-cantar-mas-fuerte-lo-afortunada-que-soy\/"]}]},{"@type":"ImageObject","inLanguage":"ca","@id":"https:\/\/radiolitoral.com\/2025\/03\/abril-sacando-un-disco-haciendo-lo-que-mas-me-gusta-no-puedo-cantar-mas-fuerte-lo-afortunada-que-soy\/#primaryimage","url":"https:\/\/media.radiolitoral.com\/wp-content\/uploads\/2025\/03\/28102159\/Abril-Primer-Cafe.jpg","contentUrl":"https:\/\/media.radiolitoral.com\/wp-content\/uploads\/2025\/03\/28102159\/Abril-Primer-Cafe.jpg","width":2000,"height":1500},{"@type":"BreadcrumbList","@id":"https:\/\/radiolitoral.com\/2025\/03\/abril-sacando-un-disco-haciendo-lo-que-mas-me-gusta-no-puedo-cantar-mas-fuerte-lo-afortunada-que-soy\/#breadcrumb","itemListElement":[{"@type":"ListItem","position":1,"name":"Portada","item":"https:\/\/radiolitoral.com\/"},{"@type":"ListItem","position":2,"name":"Abril: \u201cSacando un disco, haciendo lo que m\u00e1s me gusta, no puedo cantar m\u00e1s fuerte lo Afortunada que soy\u201d"}]},{"@type":"WebSite","@id":"https:\/\/radiolitoral.com\/#website","url":"https:\/\/radiolitoral.com\/","name":"R\u00e0dio Litoral","description":"La r\u00e0dio local de la Marina Alta","publisher":{"@id":"https:\/\/radiolitoral.com\/#organization"},"alternateName":"Litoral FM","potentialAction":[{"@type":"SearchAction","target":{"@type":"EntryPoint","urlTemplate":"https:\/\/radiolitoral.com\/?s={search_term_string}"},"query-input":{"@type":"PropertyValueSpecification","valueRequired":true,"valueName":"search_term_string"}}],"inLanguage":"ca"},{"@type":"Organization","@id":"https:\/\/radiolitoral.com\/#organization","name":"R\u00e0dio Litoral","url":"https:\/\/radiolitoral.com\/","logo":{"@type":"ImageObject","inLanguage":"ca","@id":"https:\/\/radiolitoral.com\/#\/schema\/logo\/image\/","url":"https:\/\/media.radiolitoral.com\/wp-content\/uploads\/2023\/02\/24143238\/CL-V-RadioLitoral696.png","contentUrl":"https:\/\/media.radiolitoral.com\/wp-content\/uploads\/2023\/02\/24143238\/CL-V-RadioLitoral696.png","width":696,"height":696,"caption":"Radio Litoral"},"image":{"@id":"https:\/\/radiolitoral.com\/#\/schema\/logo\/image\/"},"sameAs":["https:\/\/www.facebook.com\/Laradiolitoral\/"]},{"@type":"Person","@id":"https:\/\/radiolitoral.com\/#\/schema\/person\/f2b2343c49b5d721857cc1002bfdb151","name":"Redacci\u00f3","image":{"@type":"ImageObject","inLanguage":"ca","@id":"https:\/\/secure.gravatar.com\/avatar\/f771d896c203ad8b3382d7905cfcce5a5c9b008b84b3cd9114e9b9f4cb63f789?s=96&d=mm&r=g","url":"https:\/\/secure.gravatar.com\/avatar\/f771d896c203ad8b3382d7905cfcce5a5c9b008b84b3cd9114e9b9f4cb63f789?s=96&d=mm&r=g","contentUrl":"https:\/\/secure.gravatar.com\/avatar\/f771d896c203ad8b3382d7905cfcce5a5c9b008b84b3cd9114e9b9f4cb63f789?s=96&d=mm&r=g","caption":"Redacci\u00f3n"},"url":"https:\/\/radiolitoral.com\/ca\/author\/miriam-pagan\/"}]}},"_links":{"self":[{"href":"https:\/\/radiolitoral.com\/ca\/wp-json\/wp\/v2\/posts\/15818","targetHints":{"allow":["GET"]}}],"collection":[{"href":"https:\/\/radiolitoral.com\/ca\/wp-json\/wp\/v2\/posts"}],"about":[{"href":"https:\/\/radiolitoral.com\/ca\/wp-json\/wp\/v2\/types\/post"}],"author":[{"embeddable":true,"href":"https:\/\/radiolitoral.com\/ca\/wp-json\/wp\/v2\/users\/13"}],"replies":[{"embeddable":true,"href":"https:\/\/radiolitoral.com\/ca\/wp-json\/wp\/v2\/comments?post=15818"}],"version-history":[{"count":5,"href":"https:\/\/radiolitoral.com\/ca\/wp-json\/wp\/v2\/posts\/15818\/revisions"}],"predecessor-version":[{"id":15827,"href":"https:\/\/radiolitoral.com\/ca\/wp-json\/wp\/v2\/posts\/15818\/revisions\/15827"}],"wp:featuredmedia":[{"embeddable":true,"href":"https:\/\/radiolitoral.com\/ca\/wp-json\/wp\/v2\/media\/15822"}],"wp:attachment":[{"href":"https:\/\/radiolitoral.com\/ca\/wp-json\/wp\/v2\/media?parent=15818"}],"wp:term":[{"taxonomy":"category","embeddable":true,"href":"https:\/\/radiolitoral.com\/ca\/wp-json\/wp\/v2\/categories?post=15818"},{"taxonomy":"post_tag","embeddable":true,"href":"https:\/\/radiolitoral.com\/ca\/wp-json\/wp\/v2\/tags?post=15818"}],"curies":[{"name":"wp","href":"https:\/\/api.w.org\/{rel}","templated":true}]}}