{"id":15813,"date":"2025-03-28T10:17:35","date_gmt":"2025-03-28T09:17:35","guid":{"rendered":"https:\/\/radiolitoral.com\/?p=15813"},"modified":"2025-03-28T10:17:35","modified_gmt":"2025-03-28T09:17:35","slug":"propera-cita-del-circuit-a-peu-al-verger","status":"publish","type":"post","link":"https:\/\/radiolitoral.com\/ca\/2025\/03\/proxima-cita-del-circuit-a-peu-en-el-verger\/","title":{"rendered":"Propera cita del Circuit a Peu a El Verger"},"content":{"rendered":"<p class=\"\" data-start=\"201\" data-end=\"625\">Diumenge, el <strong>Club Sense Pressa El Verger<\/strong>, en col\u00b7laboraci\u00f3 amb el <strong>Ajuntament<\/strong> i la regidoria d&#039;esports, celebrar\u00e0 la <strong>XVII Volta a Peu El Verger<\/strong>, un esdeveniment esportiu puntuable per al <strong>Circuit a Peu Marina Alta<\/strong> que promet emocionar tant els participants com els espectadors. La cursa es dur\u00e0 a terme al Verger, amb un recorregut que travessa tant el nucli urb\u00e0 de la localitat com les belles vistes de la falda de Segar\u00eda.<\/p>\n<p class=\"\" data-start=\"627\" data-end=\"1143\">La prova reina, que comen\u00e7ar\u00e0 a les <strong>10:00<\/strong> hores al Carrer Cervantes, t\u00e9 una dist\u00e0ncia de 9.800 metres, distribu\u00efts en dues voltes. La primera volta de <strong>3.400 metres<\/strong> se centra en el recorregut urb\u00e0, travessant els carrers m\u00e9s emblem\u00e0tics del poble. A la segona volta, de <strong>6.400<\/strong> metres, els corredors sortiran cap al terme municipal, passant pel Cam\u00ed de Pego, Cam\u00ed Cremaella i Cam\u00ed del Cementeri, fins a tornar al nucli urb\u00e0 i acabar a la l\u00ednia de meta, situada tamb\u00e9 al Carrer Cervantes.<\/p>\n<h4 data-start=\"627\" data-end=\"1143\">Esport i diversi\u00f3<\/h4>\n<p class=\"\" data-start=\"627\" data-end=\"1143\">L&#039;organitzaci\u00f3 ha preparat un esdeveniment que combina esport i diversi\u00f3, amb un recorregut desafiador pels atletes, per\u00f2 alhora accessible per a tots els participants. A m\u00e9s de la prova principal, a partir de les 12.00 hores se celebraran les curses infantils, on els m\u00e9s joves de les categories Barrufets i Prebenjamins, no puntuables per al Circuit, i les categories Benjamin a Juvenil, puntuables, posaran el colorit als carrers del municipi.<\/p>\n<p data-start=\"627\" data-end=\"1143\">No faltar\u00e0 l?animaci\u00f3 del p\u00fablic, que al llarg del recorregut omplir\u00e0 d?energia els carrers del Verger, i diversos punts d?avituallament per mantenir els corredors hidratats.<\/p>\n<p><script src=\"chrome-extension:\/\/flbolonkboilcbnohjlchlfgdalomdpl\/iFrame.js\" type=\"text\/javascript\"><\/script><\/p>\n<p><script src=\"chrome-extension:\/\/flbolonkboilcbnohjlchlfgdalomdpl\/iFrame.js\" type=\"text\/javascript\"><\/script><\/p>","protected":false},"excerpt":{"rendered":"<p>El domingo, el Club Sense Pressa El Verger, en colaboraci\u00f3n con el Ayuntamiento y su concejal\u00eda de deportes, celebrar\u00e1 la XVII Volta a Peu El Verger, un evento deportivo puntuable para el Circuit a Peu Marina Alta que promete emocionar tanto a los participantes como a los espectadores. La carrera se llevar\u00e1 a cabo en [&#8230;]<\/p>\n<p><a class=\"btn btn-secondary understrap-read-more-link\" href=\"https:\/\/radiolitoral.com\/ca\/2025\/03\/proxima-cita-del-circuit-a-peu-en-el-verger\/\">Continua llegint&#8230;<span class=\"screen-reader-text\"> from Pr\u00f3xima cita del Circuit a Peu en El Verger<\/span><\/a><\/p>\n","protected":false},"author":12,"featured_media":15814,"comment_status":"open","ping_status":"closed","sticky":false,"template":"","format":"standard","meta":{"_acf_changed":false,"inline_featured_image":false,"footnotes":""},"categories":[5],"tags":[922,1222,6,4024],"class_list":["post-15813","post","type-post","status-publish","format-standard","has-post-thumbnail","hentry","category-deportes","tag-circuit-a-peu-marina-alta","tag-club-sense-pressa-el-verger","tag-deportes","tag-xvii-volta-a-peu-el-verger","cobertura-el-verger"],"acf":[],"yoast_head":"<!-- This site is optimized with the Yoast SEO plugin v27.5 - https:\/\/yoast.com\/product\/yoast-seo-wordpress\/ -->\n<title>Pr\u00f3xima cita del Circuit a Peu en El Verger | R\u00e0dio Litoral<\/title>\n<meta name=\"description\" content=\"La prueba organizada por el CA Sense Pressa tiene un trazado llano de 9.800 metros por el n\u00facleo urbano y parajes del t\u00e9rmino municipio La prueba organizada por el CA Sense Pressa tiene un trazado llano de 9.800 metros por el n\u00facleo urbano y parajes del t\u00e9rmino municipio\" \/>\n<meta name=\"robots\" content=\"index, follow, max-snippet:-1, max-image-preview:large, max-video-preview:-1\" \/>\n<link rel=\"canonical\" href=\"https:\/\/radiolitoral.com\/ca\/2025\/03\/propera-cita-del-circuit-a-peu-al-verger\/\" \/>\n<meta property=\"og:locale\" content=\"ca_ES\" \/>\n<meta property=\"og:type\" content=\"article\" \/>\n<meta property=\"og:title\" content=\"Pr\u00f3xima cita del Circuit a Peu en El Verger | R\u00e0dio Litoral\" \/>\n<meta property=\"og:description\" content=\"La prueba organizada por el CA Sense Pressa tiene un trazado llano de 9.800 metros por el n\u00facleo urbano y parajes del t\u00e9rmino municipio La prueba organizada por el CA Sense Pressa tiene un trazado llano de 9.800 metros por el n\u00facleo urbano y parajes del t\u00e9rmino municipio\" \/>\n<meta property=\"og:url\" content=\"https:\/\/radiolitoral.com\/ca\/2025\/03\/propera-cita-del-circuit-a-peu-al-verger\/\" \/>\n<meta property=\"og:site_name\" content=\"R\u00e0dio Litoral\" \/>\n<meta property=\"article:publisher\" content=\"https:\/\/www.facebook.com\/Laradiolitoral\/\" \/>\n<meta property=\"article:published_time\" content=\"2025-03-28T09:17:35+00:00\" \/>\n<meta property=\"og:image\" content=\"https:\/\/media.radiolitoral.com\/wp-content\/uploads\/2025\/03\/27191209\/Atletas.jpg\" \/>\n\t<meta property=\"og:image:width\" content=\"1439\" \/>\n\t<meta property=\"og:image:height\" content=\"1000\" \/>\n\t<meta property=\"og:image:type\" content=\"image\/jpeg\" \/>\n<meta name=\"author\" content=\"Javier Zamora\" \/>\n<meta name=\"twitter:card\" content=\"summary_large_image\" \/>\n<meta name=\"twitter:label1\" content=\"Escrit per\" \/>\n\t<meta name=\"twitter:data1\" content=\"Javier Zamora\" \/>\n\t<meta name=\"twitter:label2\" content=\"Temps estimat de lectura\" \/>\n\t<meta name=\"twitter:data2\" content=\"2 minuts\" \/>\n<script type=\"application\/ld+json\" class=\"yoast-schema-graph\">{\"@context\":\"https:\\\/\\\/schema.org\",\"@graph\":[{\"@type\":\"NewsArticle\",\"@id\":\"https:\\\/\\\/radiolitoral.com\\\/2025\\\/03\\\/proxima-cita-del-circuit-a-peu-en-el-verger\\\/#article\",\"isPartOf\":{\"@id\":\"https:\\\/\\\/radiolitoral.com\\\/2025\\\/03\\\/proxima-cita-del-circuit-a-peu-en-el-verger\\\/\"},\"author\":{\"name\":\"Javier Zamora\",\"@id\":\"https:\\\/\\\/radiolitoral.com\\\/#\\\/schema\\\/person\\\/7b1480b5caeb5acdd4ec6379caf62b22\"},\"headline\":\"Pr\u00f3xima cita del Circuit a Peu en El Verger\",\"datePublished\":\"2025-03-28T09:17:35+00:00\",\"mainEntityOfPage\":{\"@id\":\"https:\\\/\\\/radiolitoral.com\\\/2025\\\/03\\\/proxima-cita-del-circuit-a-peu-en-el-verger\\\/\"},\"wordCount\":300,\"commentCount\":0,\"publisher\":{\"@id\":\"https:\\\/\\\/radiolitoral.com\\\/#organization\"},\"image\":{\"@id\":\"https:\\\/\\\/radiolitoral.com\\\/2025\\\/03\\\/proxima-cita-del-circuit-a-peu-en-el-verger\\\/#primaryimage\"},\"thumbnailUrl\":\"https:\\\/\\\/media.radiolitoral.com\\\/wp-content\\\/uploads\\\/2025\\\/03\\\/27191209\\\/Atletas.jpg\",\"keywords\":[\"Circuit a Peu Marina Alta\",\"Club Sense Pressa El Verger\",\"deportes\",\"XVII Volta a Peu El Verger\"],\"articleSection\":[\"Deportes\"],\"inLanguage\":\"ca\",\"potentialAction\":[{\"@type\":\"CommentAction\",\"name\":\"Comment\",\"target\":[\"https:\\\/\\\/radiolitoral.com\\\/2025\\\/03\\\/proxima-cita-del-circuit-a-peu-en-el-verger\\\/#respond\"]}]},{\"@type\":[\"WebPage\",\"ItemPage\"],\"@id\":\"https:\\\/\\\/radiolitoral.com\\\/2025\\\/03\\\/proxima-cita-del-circuit-a-peu-en-el-verger\\\/\",\"url\":\"https:\\\/\\\/radiolitoral.com\\\/2025\\\/03\\\/proxima-cita-del-circuit-a-peu-en-el-verger\\\/\",\"name\":\"Pr\u00f3xima cita del Circuit a Peu en El Verger | R\u00e0dio Litoral\",\"isPartOf\":{\"@id\":\"https:\\\/\\\/radiolitoral.com\\\/#website\"},\"primaryImageOfPage\":{\"@id\":\"https:\\\/\\\/radiolitoral.com\\\/2025\\\/03\\\/proxima-cita-del-circuit-a-peu-en-el-verger\\\/#primaryimage\"},\"image\":{\"@id\":\"https:\\\/\\\/radiolitoral.com\\\/2025\\\/03\\\/proxima-cita-del-circuit-a-peu-en-el-verger\\\/#primaryimage\"},\"thumbnailUrl\":\"https:\\\/\\\/media.radiolitoral.com\\\/wp-content\\\/uploads\\\/2025\\\/03\\\/27191209\\\/Atletas.jpg\",\"datePublished\":\"2025-03-28T09:17:35+00:00\",\"description\":\"La prueba organizada por el CA Sense Pressa tiene un trazado llano de 9.800 metros por el n\u00facleo urbano y parajes del t\u00e9rmino municipio La prueba organizada por el CA Sense Pressa tiene un trazado llano de 9.800 metros por el n\u00facleo urbano y parajes del t\u00e9rmino municipio\",\"breadcrumb\":{\"@id\":\"https:\\\/\\\/radiolitoral.com\\\/2025\\\/03\\\/proxima-cita-del-circuit-a-peu-en-el-verger\\\/#breadcrumb\"},\"inLanguage\":\"ca\",\"potentialAction\":[{\"@type\":\"ReadAction\",\"target\":[\"https:\\\/\\\/radiolitoral.com\\\/2025\\\/03\\\/proxima-cita-del-circuit-a-peu-en-el-verger\\\/\"]}]},{\"@type\":\"ImageObject\",\"inLanguage\":\"ca\",\"@id\":\"https:\\\/\\\/radiolitoral.com\\\/2025\\\/03\\\/proxima-cita-del-circuit-a-peu-en-el-verger\\\/#primaryimage\",\"url\":\"https:\\\/\\\/media.radiolitoral.com\\\/wp-content\\\/uploads\\\/2025\\\/03\\\/27191209\\\/Atletas.jpg\",\"contentUrl\":\"https:\\\/\\\/media.radiolitoral.com\\\/wp-content\\\/uploads\\\/2025\\\/03\\\/27191209\\\/Atletas.jpg\",\"width\":1439,\"height\":1000},{\"@type\":\"BreadcrumbList\",\"@id\":\"https:\\\/\\\/radiolitoral.com\\\/2025\\\/03\\\/proxima-cita-del-circuit-a-peu-en-el-verger\\\/#breadcrumb\",\"itemListElement\":[{\"@type\":\"ListItem\",\"position\":1,\"name\":\"Portada\",\"item\":\"https:\\\/\\\/radiolitoral.com\\\/\"},{\"@type\":\"ListItem\",\"position\":2,\"name\":\"Pr\u00f3xima cita del Circuit a Peu en El Verger\"}]},{\"@type\":\"WebSite\",\"@id\":\"https:\\\/\\\/radiolitoral.com\\\/#website\",\"url\":\"https:\\\/\\\/radiolitoral.com\\\/\",\"name\":\"Radio Litoral\",\"description\":\"La radio local de la Marina Alta\",\"publisher\":{\"@id\":\"https:\\\/\\\/radiolitoral.com\\\/#organization\"},\"alternateName\":\"Litoral FM\",\"potentialAction\":[{\"@type\":\"SearchAction\",\"target\":{\"@type\":\"EntryPoint\",\"urlTemplate\":\"https:\\\/\\\/radiolitoral.com\\\/?s={search_term_string}\"},\"query-input\":{\"@type\":\"PropertyValueSpecification\",\"valueRequired\":true,\"valueName\":\"search_term_string\"}}],\"inLanguage\":\"ca\"},{\"@type\":\"Organization\",\"@id\":\"https:\\\/\\\/radiolitoral.com\\\/#organization\",\"name\":\"Radio Litoral\",\"url\":\"https:\\\/\\\/radiolitoral.com\\\/\",\"logo\":{\"@type\":\"ImageObject\",\"inLanguage\":\"ca\",\"@id\":\"https:\\\/\\\/radiolitoral.com\\\/#\\\/schema\\\/logo\\\/image\\\/\",\"url\":\"https:\\\/\\\/media.radiolitoral.com\\\/wp-content\\\/uploads\\\/2023\\\/02\\\/24143238\\\/CL-V-RadioLitoral696.png\",\"contentUrl\":\"https:\\\/\\\/media.radiolitoral.com\\\/wp-content\\\/uploads\\\/2023\\\/02\\\/24143238\\\/CL-V-RadioLitoral696.png\",\"width\":696,\"height\":696,\"caption\":\"Radio Litoral\"},\"image\":{\"@id\":\"https:\\\/\\\/radiolitoral.com\\\/#\\\/schema\\\/logo\\\/image\\\/\"},\"sameAs\":[\"https:\\\/\\\/www.facebook.com\\\/Laradiolitoral\\\/\"]},{\"@type\":\"Person\",\"@id\":\"https:\\\/\\\/radiolitoral.com\\\/#\\\/schema\\\/person\\\/7b1480b5caeb5acdd4ec6379caf62b22\",\"name\":\"Javier Zamora\",\"image\":{\"@type\":\"ImageObject\",\"inLanguage\":\"ca\",\"@id\":\"https:\\\/\\\/secure.gravatar.com\\\/avatar\\\/467a11f6918c7d619c4043fc6fa2d3853053107973f05b6e9c04ea6c4e3a7b3f?s=96&d=mm&r=g\",\"url\":\"https:\\\/\\\/secure.gravatar.com\\\/avatar\\\/467a11f6918c7d619c4043fc6fa2d3853053107973f05b6e9c04ea6c4e3a7b3f?s=96&d=mm&r=g\",\"contentUrl\":\"https:\\\/\\\/secure.gravatar.com\\\/avatar\\\/467a11f6918c7d619c4043fc6fa2d3853053107973f05b6e9c04ea6c4e3a7b3f?s=96&d=mm&r=g\",\"caption\":\"Javier Zamora\"},\"url\":\"https:\\\/\\\/radiolitoral.com\\\/ca\\\/author\\\/javier-zamora\\\/\"}]}<\/script>\n<!-- \/ Yoast SEO plugin. -->","yoast_head_json":{"title":"Propera cita del Circuit a Peu al Verger | R\u00e0dio Litoral","description":"La prova organitzada pel CA Sense Pressa t\u00e9 un tra\u00e7at planer de 9.800 metres pel nucli urb\u00e0 i paratges del terme municipi La prova organitzada pel CA Sense Pressa t\u00e9 un tra\u00e7at pla de 9.800 metres pel nucli urb\u00e0 i paratges del terme municipi","robots":{"index":"index","follow":"follow","max-snippet":"max-snippet:-1","max-image-preview":"max-image-preview:large","max-video-preview":"max-video-preview:-1"},"canonical":"https:\/\/radiolitoral.com\/ca\/2025\/03\/propera-cita-del-circuit-a-peu-al-verger\/","og_locale":"ca_ES","og_type":"article","og_title":"Pr\u00f3xima cita del Circuit a Peu en El Verger | R\u00e0dio Litoral","og_description":"La prueba organizada por el CA Sense Pressa tiene un trazado llano de 9.800 metros por el n\u00facleo urbano y parajes del t\u00e9rmino municipio La prueba organizada por el CA Sense Pressa tiene un trazado llano de 9.800 metros por el n\u00facleo urbano y parajes del t\u00e9rmino municipio","og_url":"https:\/\/radiolitoral.com\/ca\/2025\/03\/propera-cita-del-circuit-a-peu-al-verger\/","og_site_name":"R\u00e0dio Litoral","article_publisher":"https:\/\/www.facebook.com\/Laradiolitoral\/","article_published_time":"2025-03-28T09:17:35+00:00","og_image":[{"width":1439,"height":1000,"url":"https:\/\/media.radiolitoral.com\/wp-content\/uploads\/2025\/03\/27191209\/Atletas.jpg","type":"image\/jpeg"}],"author":"Javier Zamora","twitter_card":"summary_large_image","twitter_misc":{"Escrit per":"Javier Zamora","Temps estimat de lectura":"2 minuts"},"schema":{"@context":"https:\/\/schema.org","@graph":[{"@type":"NewsArticle","@id":"https:\/\/radiolitoral.com\/2025\/03\/proxima-cita-del-circuit-a-peu-en-el-verger\/#article","isPartOf":{"@id":"https:\/\/radiolitoral.com\/2025\/03\/proxima-cita-del-circuit-a-peu-en-el-verger\/"},"author":{"name":"Javier Zamora","@id":"https:\/\/radiolitoral.com\/#\/schema\/person\/7b1480b5caeb5acdd4ec6379caf62b22"},"headline":"Pr\u00f3xima cita del Circuit a Peu en El Verger","datePublished":"2025-03-28T09:17:35+00:00","mainEntityOfPage":{"@id":"https:\/\/radiolitoral.com\/2025\/03\/proxima-cita-del-circuit-a-peu-en-el-verger\/"},"wordCount":300,"commentCount":0,"publisher":{"@id":"https:\/\/radiolitoral.com\/#organization"},"image":{"@id":"https:\/\/radiolitoral.com\/2025\/03\/proxima-cita-del-circuit-a-peu-en-el-verger\/#primaryimage"},"thumbnailUrl":"https:\/\/media.radiolitoral.com\/wp-content\/uploads\/2025\/03\/27191209\/Atletas.jpg","keywords":["Circuit a Peu Marina Alta","Club Sense Pressa El Verger","deportes","XVII Volta a Peu El Verger"],"articleSection":["Deportes"],"inLanguage":"ca","potentialAction":[{"@type":"CommentAction","name":"Comment","target":["https:\/\/radiolitoral.com\/2025\/03\/proxima-cita-del-circuit-a-peu-en-el-verger\/#respond"]}]},{"@type":["WebPage","ItemPage"],"@id":"https:\/\/radiolitoral.com\/2025\/03\/proxima-cita-del-circuit-a-peu-en-el-verger\/","url":"https:\/\/radiolitoral.com\/2025\/03\/proxima-cita-del-circuit-a-peu-en-el-verger\/","name":"Propera cita del Circuit a Peu al Verger | R\u00e0dio Litoral","isPartOf":{"@id":"https:\/\/radiolitoral.com\/#website"},"primaryImageOfPage":{"@id":"https:\/\/radiolitoral.com\/2025\/03\/proxima-cita-del-circuit-a-peu-en-el-verger\/#primaryimage"},"image":{"@id":"https:\/\/radiolitoral.com\/2025\/03\/proxima-cita-del-circuit-a-peu-en-el-verger\/#primaryimage"},"thumbnailUrl":"https:\/\/media.radiolitoral.com\/wp-content\/uploads\/2025\/03\/27191209\/Atletas.jpg","datePublished":"2025-03-28T09:17:35+00:00","description":"La prova organitzada pel CA Sense Pressa t\u00e9 un tra\u00e7at planer de 9.800 metres pel nucli urb\u00e0 i paratges del terme municipi La prova organitzada pel CA Sense Pressa t\u00e9 un tra\u00e7at pla de 9.800 metres pel nucli urb\u00e0 i paratges del terme municipi","breadcrumb":{"@id":"https:\/\/radiolitoral.com\/2025\/03\/proxima-cita-del-circuit-a-peu-en-el-verger\/#breadcrumb"},"inLanguage":"ca","potentialAction":[{"@type":"ReadAction","target":["https:\/\/radiolitoral.com\/2025\/03\/proxima-cita-del-circuit-a-peu-en-el-verger\/"]}]},{"@type":"ImageObject","inLanguage":"ca","@id":"https:\/\/radiolitoral.com\/2025\/03\/proxima-cita-del-circuit-a-peu-en-el-verger\/#primaryimage","url":"https:\/\/media.radiolitoral.com\/wp-content\/uploads\/2025\/03\/27191209\/Atletas.jpg","contentUrl":"https:\/\/media.radiolitoral.com\/wp-content\/uploads\/2025\/03\/27191209\/Atletas.jpg","width":1439,"height":1000},{"@type":"BreadcrumbList","@id":"https:\/\/radiolitoral.com\/2025\/03\/proxima-cita-del-circuit-a-peu-en-el-verger\/#breadcrumb","itemListElement":[{"@type":"ListItem","position":1,"name":"Portada","item":"https:\/\/radiolitoral.com\/"},{"@type":"ListItem","position":2,"name":"Pr\u00f3xima cita del Circuit a Peu en El Verger"}]},{"@type":"WebSite","@id":"https:\/\/radiolitoral.com\/#website","url":"https:\/\/radiolitoral.com\/","name":"R\u00e0dio Litoral","description":"La r\u00e0dio local de la Marina Alta","publisher":{"@id":"https:\/\/radiolitoral.com\/#organization"},"alternateName":"Litoral FM","potentialAction":[{"@type":"SearchAction","target":{"@type":"EntryPoint","urlTemplate":"https:\/\/radiolitoral.com\/?s={search_term_string}"},"query-input":{"@type":"PropertyValueSpecification","valueRequired":true,"valueName":"search_term_string"}}],"inLanguage":"ca"},{"@type":"Organization","@id":"https:\/\/radiolitoral.com\/#organization","name":"R\u00e0dio Litoral","url":"https:\/\/radiolitoral.com\/","logo":{"@type":"ImageObject","inLanguage":"ca","@id":"https:\/\/radiolitoral.com\/#\/schema\/logo\/image\/","url":"https:\/\/media.radiolitoral.com\/wp-content\/uploads\/2023\/02\/24143238\/CL-V-RadioLitoral696.png","contentUrl":"https:\/\/media.radiolitoral.com\/wp-content\/uploads\/2023\/02\/24143238\/CL-V-RadioLitoral696.png","width":696,"height":696,"caption":"Radio Litoral"},"image":{"@id":"https:\/\/radiolitoral.com\/#\/schema\/logo\/image\/"},"sameAs":["https:\/\/www.facebook.com\/Laradiolitoral\/"]},{"@type":"Person","@id":"https:\/\/radiolitoral.com\/#\/schema\/person\/7b1480b5caeb5acdd4ec6379caf62b22","name":"Javier Zamora","image":{"@type":"ImageObject","inLanguage":"ca","@id":"https:\/\/secure.gravatar.com\/avatar\/467a11f6918c7d619c4043fc6fa2d3853053107973f05b6e9c04ea6c4e3a7b3f?s=96&d=mm&r=g","url":"https:\/\/secure.gravatar.com\/avatar\/467a11f6918c7d619c4043fc6fa2d3853053107973f05b6e9c04ea6c4e3a7b3f?s=96&d=mm&r=g","contentUrl":"https:\/\/secure.gravatar.com\/avatar\/467a11f6918c7d619c4043fc6fa2d3853053107973f05b6e9c04ea6c4e3a7b3f?s=96&d=mm&r=g","caption":"Javier Zamora"},"url":"https:\/\/radiolitoral.com\/ca\/author\/javier-zamora\/"}]}},"_links":{"self":[{"href":"https:\/\/radiolitoral.com\/ca\/wp-json\/wp\/v2\/posts\/15813","targetHints":{"allow":["GET"]}}],"collection":[{"href":"https:\/\/radiolitoral.com\/ca\/wp-json\/wp\/v2\/posts"}],"about":[{"href":"https:\/\/radiolitoral.com\/ca\/wp-json\/wp\/v2\/types\/post"}],"author":[{"embeddable":true,"href":"https:\/\/radiolitoral.com\/ca\/wp-json\/wp\/v2\/users\/12"}],"replies":[{"embeddable":true,"href":"https:\/\/radiolitoral.com\/ca\/wp-json\/wp\/v2\/comments?post=15813"}],"version-history":[{"count":3,"href":"https:\/\/radiolitoral.com\/ca\/wp-json\/wp\/v2\/posts\/15813\/revisions"}],"predecessor-version":[{"id":15819,"href":"https:\/\/radiolitoral.com\/ca\/wp-json\/wp\/v2\/posts\/15813\/revisions\/15819"}],"wp:featuredmedia":[{"embeddable":true,"href":"https:\/\/radiolitoral.com\/ca\/wp-json\/wp\/v2\/media\/15814"}],"wp:attachment":[{"href":"https:\/\/radiolitoral.com\/ca\/wp-json\/wp\/v2\/media?parent=15813"}],"wp:term":[{"taxonomy":"category","embeddable":true,"href":"https:\/\/radiolitoral.com\/ca\/wp-json\/wp\/v2\/categories?post=15813"},{"taxonomy":"post_tag","embeddable":true,"href":"https:\/\/radiolitoral.com\/ca\/wp-json\/wp\/v2\/tags?post=15813"}],"curies":[{"name":"wp","href":"https:\/\/api.w.org\/{rel}","templated":true}]}}