{"id":15796,"date":"2025-03-27T12:40:42","date_gmt":"2025-03-27T11:40:42","guid":{"rendered":"https:\/\/radiolitoral.com\/?p=15796"},"modified":"2025-03-27T12:40:42","modified_gmt":"2025-03-27T11:40:42","slug":"denia-acull-els-xv-minijocs-de-la-marina-alta","status":"publish","type":"post","link":"https:\/\/radiolitoral.com\/ca\/2025\/03\/denia-acoge-los-xv-minijocs-de-la-marina-alta\/","title":{"rendered":"D\u00e9nia acull els XV Minijocs de la Marina Alta"},"content":{"rendered":"<p>El sal\u00f3 de plens del <strong>Ajuntament de D\u00e9nia<\/strong> va acollir la presentaci\u00f3 oficial de la XV edici\u00f3 dels <strong>Minijocs de la Marina Alta<\/strong>, que tindr\u00e0 lloc del 16 al 18 de maig a D\u00e9nia.<\/p>\n<p>L&#039;acte va estar presidit per l&#039;alcalde de D\u00e9nia, <strong>Vicent Grimalt<\/strong>, qui va destacar la import\u00e0ncia d&#039;aquest esdeveniment biennal com a punt de trobada per a l&#039;esport bas i per al foment dels valors de l&#039;olimpisme entre la joventut de la comarca. &quot;Els Minijocs representen la uni\u00f3 dels pobles de la Marina Alta a trav\u00e9s de l&#039;esport, i, com a ciutat amfitriona, per a D\u00e9nia \u00e9s un orgull acollir aquesta cita esportiva que t\u00e9 una traject\u00f2ria de gaireb\u00e9 trenta anys&quot;, va assenyalar Grimalt.<\/p>\n<figure id=\"attachment_15798\" aria-describedby=\"caption-attachment-15798\" style=\"width: 2560px\" class=\"wp-caption alignnone\"><img loading=\"lazy\" decoding=\"async\" class=\"wp-image-15798 size-full\" src=\"https:\/\/media.radiolitoral.com\/wp-content\/uploads\/2025\/03\/27123748\/DSC_1149-scaled.jpg\" alt=\"\" width=\"2560\" height=\"1707\" srcset=\"https:\/\/media.radiolitoral.com\/wp-content\/uploads\/2025\/03\/27123748\/DSC_1149-scaled.jpg 2560w, https:\/\/media.radiolitoral.com\/wp-content\/uploads\/2025\/03\/27123748\/DSC_1149-300x200.jpg 300w, https:\/\/media.radiolitoral.com\/wp-content\/uploads\/2025\/03\/27123748\/DSC_1149-1024x683.jpg 1024w, https:\/\/media.radiolitoral.com\/wp-content\/uploads\/2025\/03\/27123748\/DSC_1149-768x512.jpg 768w, https:\/\/media.radiolitoral.com\/wp-content\/uploads\/2025\/03\/27123748\/DSC_1149-1536x1024.jpg 1536w, https:\/\/media.radiolitoral.com\/wp-content\/uploads\/2025\/03\/27123748\/DSC_1149-2048x1365.jpg 2048w, https:\/\/media.radiolitoral.com\/wp-content\/uploads\/2025\/03\/27123748\/DSC_1149-18x12.jpg 18w, https:\/\/media.radiolitoral.com\/wp-content\/uploads\/2025\/03\/27123748\/DSC_1149-1000x667.jpg 1000w, https:\/\/media.radiolitoral.com\/wp-content\/uploads\/2025\/03\/27123748\/DSC_1149-100x67.jpg 100w, https:\/\/media.radiolitoral.com\/wp-content\/uploads\/2025\/03\/27123748\/DSC_1149-200x133.jpg 200w\" sizes=\"auto, (max-width: 2560px) 100vw, 2560px\" \/><figcaption id=\"caption-attachment-15798\" class=\"wp-caption-text\">Grimalt, Alcal\u00e1 i Sergi Brogniez | J. Zamora<\/figcaption><\/figure>\n<p>Tamb\u00e9 hi van ser presents el regidor d&#039;Esports de D\u00e9nia, <strong>Valen Alcal\u00e0<\/strong>, i el president de la Xarxa Esportiva de la Marina Alta i regidor d&#039;Esports del Verger, <strong>Sergi Brogniez Malonda<\/strong>, aix\u00ed com representants altres municipis participants. L&#039;acte va comptar amb la pres\u00e8ncia d&#039;alcaldes, alcaldesses, regidors i personal t\u00e8cnic d&#039;esports dels ajuntaments de <strong>Pedreguer, R\u00e0fol d&#039;Alm\u00fania, Verger, Benitachell, Orba, Beniarbeig, Pego, X\u00e0bia i D\u00e9nia<\/strong>. Aix\u00ed mateix, van assistir membres de diversos clubs esportius de la ciutat, que juguen un paper fonamental en l&#039;organitzaci\u00f3 i el desenvolupament de les competicions.<\/p>\n<p>El regidor d?Esports de D\u00e9nia, Valen Alcal\u00e0, ha expressat la seva il\u00b7lusi\u00f3 per acollir aquesta nova edici\u00f3 dels Minijocs: \u00ab\u00c9s un honor per a mi formar part d?aquesta cita hist\u00f2rica de l?esport base de la Marina Alta. Els Minijocs no s\u00f3n nom\u00e9s una competici\u00f3, sin\u00f3 una celebraci\u00f3 de l?esport, dels valors de l?esfor\u00e7 i de la camaraderia, i una mostra del que podem aconseguir quan treballem conjuntament com a comarca\u00bb.<\/p>\n<h4>Novetats: One Wall i Futbol Femen\u00ed<\/h4>\n<p>En aquesta XV edici\u00f3 hi participaran m\u00e9s de 1.000 esportistes de 17 municipis, competint en un total de 18 disciplines esportives. Entre les novetats d&#039;aquest any destaquen la incorporaci\u00f3 de l&#039;One-wall o front\u00f3 internacional, aprofitant les instal\u00b7lacions de la ciutat per donar visibilitat a aquest esport, i la inclusi\u00f3 del futbol femen\u00ed, \u201cdonant un pas endavant en la igualtat d&#039;oportunitats a l&#039;esport\u201d.<\/p>\n<p>Un altre dels elements clau de la celebraci\u00f3 dels Minijocs \u00e9s el recorregut de la torxa, que ja ha iniciat la ruta pels municipis participants. La flama arribar\u00e0 a D\u00e9nia el 15 de maig, un dia abans de la inauguraci\u00f3 que tindr\u00e0 lloc el dia 16 de maig. Aix\u00ed mateix, aquest any les medalles de les competicions seran lliurades durant dos dies, despr\u00e9s de la celebraci\u00f3 de les mateixes.<\/p>\n<figure id=\"attachment_15799\" aria-describedby=\"caption-attachment-15799\" style=\"width: 2560px\" class=\"wp-caption alignnone\"><img loading=\"lazy\" decoding=\"async\" class=\"wp-image-15799 size-full\" src=\"https:\/\/media.radiolitoral.com\/wp-content\/uploads\/2025\/03\/27123900\/DSC_1156-scaled.jpg\" alt=\"\" width=\"2560\" height=\"1707\" srcset=\"https:\/\/media.radiolitoral.com\/wp-content\/uploads\/2025\/03\/27123900\/DSC_1156-scaled.jpg 2560w, https:\/\/media.radiolitoral.com\/wp-content\/uploads\/2025\/03\/27123900\/DSC_1156-300x200.jpg 300w, https:\/\/media.radiolitoral.com\/wp-content\/uploads\/2025\/03\/27123900\/DSC_1156-1024x683.jpg 1024w, https:\/\/media.radiolitoral.com\/wp-content\/uploads\/2025\/03\/27123900\/DSC_1156-768x512.jpg 768w, https:\/\/media.radiolitoral.com\/wp-content\/uploads\/2025\/03\/27123900\/DSC_1156-1536x1024.jpg 1536w, https:\/\/media.radiolitoral.com\/wp-content\/uploads\/2025\/03\/27123900\/DSC_1156-2048x1365.jpg 2048w, https:\/\/media.radiolitoral.com\/wp-content\/uploads\/2025\/03\/27123900\/DSC_1156-18x12.jpg 18w, https:\/\/media.radiolitoral.com\/wp-content\/uploads\/2025\/03\/27123900\/DSC_1156-1000x667.jpg 1000w, https:\/\/media.radiolitoral.com\/wp-content\/uploads\/2025\/03\/27123900\/DSC_1156-100x67.jpg 100w, https:\/\/media.radiolitoral.com\/wp-content\/uploads\/2025\/03\/27123900\/DSC_1156-200x133.jpg 200w\" sizes=\"auto, (max-width: 2560px) 100vw, 2560px\" \/><figcaption id=\"caption-attachment-15799\" class=\"wp-caption-text\">Autoritats a la presentaci\u00f3 |J. Zamora<\/figcaption><\/figure>\n<p>Sergi Brogniez Malonda, president de la <strong>Xarxa Esportiva de la Marina Alta<\/strong> i regidor d&#039;Esports del Verger, va incidir en la import\u00e0ncia dels Minijocs com a esdeveniment esportiu i social per a tota la comarca. Aquest \u00e9s un moment clau per fer comarca amb l&#039;esport. Els Minijocs s\u00f3n una oportunitat perqu\u00e8 tots els nens i les nenes es coneguin, competeixin i creen vincles a trav\u00e9s de l&#039;esport\u00bb. A m\u00e9s, ha volgut destacar l&#039;esfor\u00e7 de les poblacions m\u00e9s petites i amb recursos limitats, que treballen intensament per preparar els equips i els atletes.<\/p>\n<h4>Inclusi\u00f3 i igualtat<\/h4>\n<p>Brogniez tamb\u00e9 va anunciar una novetat important per a aquesta edici\u00f3: \u00abSeguint els valors i principis amb qu\u00e8 es va crear la Xarxa Esportiva i tal com es fa a les lligues comarcals, aquest any hem incl\u00f2s la regla passarel\u00b7la, amb la qual garantim que tots els nens i nenes tinguin l&#039;oportunitat de participar activament en les competicions\u00bb. Amb aquesta mesura, es reforcen els valors d&#039;inclusi\u00f3 i igualtat a l&#039;esport base de la Marina Alta.<\/p>\n<figure id=\"attachment_15800\" aria-describedby=\"caption-attachment-15800\" style=\"width: 2048px\" class=\"wp-caption alignnone\"><img loading=\"lazy\" decoding=\"async\" class=\"wp-image-15800 size-full\" src=\"https:\/\/media.radiolitoral.com\/wp-content\/uploads\/2025\/03\/27123948\/20250326_Presentacio_XV_Minijocs_01.jpg\" alt=\"\" width=\"2048\" height=\"1536\" srcset=\"https:\/\/media.radiolitoral.com\/wp-content\/uploads\/2025\/03\/27123948\/20250326_Presentacio_XV_Minijocs_01.jpg 2048w, https:\/\/media.radiolitoral.com\/wp-content\/uploads\/2025\/03\/27123948\/20250326_Presentacio_XV_Minijocs_01-300x225.jpg 300w, https:\/\/media.radiolitoral.com\/wp-content\/uploads\/2025\/03\/27123948\/20250326_Presentacio_XV_Minijocs_01-1024x768.jpg 1024w, https:\/\/media.radiolitoral.com\/wp-content\/uploads\/2025\/03\/27123948\/20250326_Presentacio_XV_Minijocs_01-768x576.jpg 768w, https:\/\/media.radiolitoral.com\/wp-content\/uploads\/2025\/03\/27123948\/20250326_Presentacio_XV_Minijocs_01-1536x1152.jpg 1536w, https:\/\/media.radiolitoral.com\/wp-content\/uploads\/2025\/03\/27123948\/20250326_Presentacio_XV_Minijocs_01-16x12.jpg 16w, https:\/\/media.radiolitoral.com\/wp-content\/uploads\/2025\/03\/27123948\/20250326_Presentacio_XV_Minijocs_01-1000x750.jpg 1000w, https:\/\/media.radiolitoral.com\/wp-content\/uploads\/2025\/03\/27123948\/20250326_Presentacio_XV_Minijocs_01-100x75.jpg 100w, https:\/\/media.radiolitoral.com\/wp-content\/uploads\/2025\/03\/27123948\/20250326_Presentacio_XV_Minijocs_01-200x150.jpg 200w\" sizes=\"auto, (max-width: 2048px) 100vw, 2048px\" \/><figcaption id=\"caption-attachment-15800\" class=\"wp-caption-text\">Adela Marz\u00e1 | J. Zamora<\/figcaption><\/figure>\n<p>Per acabar, es va presentar el cartell d&#039;aquesta edici\u00f3, realitzat per la dissenyadora <strong>Adela Marz\u00e0<\/strong>, el qual &quot;representa a la perfecci\u00f3 la germandat i la diversitat d&#039;aquest esdeveniment esportiu&quot;.<\/p>\n<p>Finalment, totes les parts van agrair especialment el treball de la Xarxa Esportiva de la Marina Alta, la implicaci\u00f3 dels municipis participants i dels clubs esportius.<\/p>\n<p><script src=\"chrome-extension:\/\/flbolonkboilcbnohjlchlfgdalomdpl\/iFrame.js\" type=\"text\/javascript\"><\/script><\/p>","protected":false},"excerpt":{"rendered":"<p>El sal\u00f3n de plenos del Ayuntamiento de D\u00e9nia acogi\u00f3 la presentaci\u00f3n oficial de la XV edici\u00f3n de los Minijocs de la Marina Alta, que tendr\u00e1 lugar del 16 al 18 de mayo en D\u00e9nia. El acto estuvo presidido por el alcalde de D\u00e9nia, Vicent Grimalt, quien destac\u00f3 la importancia de este acontecimiento bienal como punto [&#8230;]<\/p>\n<p><a class=\"btn btn-secondary understrap-read-more-link\" href=\"https:\/\/radiolitoral.com\/ca\/2025\/03\/denia-acoge-los-xv-minijocs-de-la-marina-alta\/\">Continua llegint&#8230;<span class=\"screen-reader-text\"> from D\u00e9nia acoge los XV Minijocs de la Marina Alta<\/span><\/a><\/p>\n","protected":false},"author":12,"featured_media":15797,"comment_status":"open","ping_status":"closed","sticky":false,"template":"","format":"standard","meta":{"_acf_changed":false,"inline_featured_image":false,"footnotes":""},"categories":[5],"tags":[4022,6,4018,4021,1210,4019,2724,4020],"class_list":["post-15796","post","type-post","status-publish","format-standard","has-post-thumbnail","hentry","category-deportes","tag-adela-marza","tag-deportes","tag-que-tendra-lugar-del-16-al-18-de-mayo-en-denia-el-acto-estuvo-presidido-por-el-alcalde-de-denia","tag-sergi-brogniez-malonda","tag-valen-alcala","tag-vicent-grimalt","tag-xarxa-esportiva-de-la-marina-alta","tag-y","cobertura-marina-alta"],"acf":[],"yoast_head":"<!-- This site is optimized with the Yoast SEO plugin v27.5 - https:\/\/yoast.com\/product\/yoast-seo-wordpress\/ -->\n<title>D\u00e9nia acoge los XV Minijocs de la Marina Alta | R\u00e0dio Litoral<\/title>\n<meta name=\"description\" content=\"Este evento deportivo que cuenta con la participaci\u00f3n de 17 municipios y de m\u00e1s de 1.000 deportistas se celebrar\u00e1n del 16 al 18 de mayoEste evento deportivo que cuenta con la participaci\u00f3n de 17 municipios y de m\u00e1s de 1.000 deportistas se celebrar\u00e1n del 16 al 18 de mayo\" \/>\n<meta name=\"robots\" content=\"index, follow, max-snippet:-1, max-image-preview:large, max-video-preview:-1\" \/>\n<link rel=\"canonical\" href=\"https:\/\/radiolitoral.com\/ca\/2025\/03\/denia-acull-els-xv-minijocs-de-la-marina-alta\/\" \/>\n<meta property=\"og:locale\" content=\"ca_ES\" \/>\n<meta property=\"og:type\" content=\"article\" \/>\n<meta property=\"og:title\" content=\"D\u00e9nia acoge los XV Minijocs de la Marina Alta | R\u00e0dio Litoral\" \/>\n<meta property=\"og:description\" content=\"Este evento deportivo que cuenta con la participaci\u00f3n de 17 municipios y de m\u00e1s de 1.000 deportistas se celebrar\u00e1n del 16 al 18 de mayoEste evento deportivo que cuenta con la participaci\u00f3n de 17 municipios y de m\u00e1s de 1.000 deportistas se celebrar\u00e1n del 16 al 18 de mayo\" \/>\n<meta property=\"og:url\" content=\"https:\/\/radiolitoral.com\/ca\/2025\/03\/denia-acull-els-xv-minijocs-de-la-marina-alta\/\" \/>\n<meta property=\"og:site_name\" content=\"R\u00e0dio Litoral\" \/>\n<meta property=\"article:publisher\" content=\"https:\/\/www.facebook.com\/Laradiolitoral\/\" \/>\n<meta property=\"article:published_time\" content=\"2025-03-27T11:40:42+00:00\" \/>\n<meta property=\"og:image\" content=\"https:\/\/media.radiolitoral.com\/wp-content\/uploads\/2025\/03\/27123721\/DSC_1159-scaled.jpg\" \/>\n\t<meta property=\"og:image:width\" content=\"2560\" \/>\n\t<meta property=\"og:image:height\" content=\"1707\" \/>\n\t<meta property=\"og:image:type\" content=\"image\/jpeg\" \/>\n<meta name=\"author\" content=\"Javier Zamora\" \/>\n<meta name=\"twitter:card\" content=\"summary_large_image\" \/>\n<meta name=\"twitter:label1\" content=\"Escrit per\" \/>\n\t<meta name=\"twitter:data1\" content=\"Javier Zamora\" \/>\n\t<meta name=\"twitter:label2\" content=\"Temps estimat de lectura\" \/>\n\t<meta name=\"twitter:data2\" content=\"5 minuts\" \/>\n<script type=\"application\/ld+json\" class=\"yoast-schema-graph\">{\"@context\":\"https:\\\/\\\/schema.org\",\"@graph\":[{\"@type\":\"NewsArticle\",\"@id\":\"https:\\\/\\\/radiolitoral.com\\\/2025\\\/03\\\/denia-acoge-los-xv-minijocs-de-la-marina-alta\\\/#article\",\"isPartOf\":{\"@id\":\"https:\\\/\\\/radiolitoral.com\\\/2025\\\/03\\\/denia-acoge-los-xv-minijocs-de-la-marina-alta\\\/\"},\"author\":{\"name\":\"Javier Zamora\",\"@id\":\"https:\\\/\\\/radiolitoral.com\\\/#\\\/schema\\\/person\\\/7b1480b5caeb5acdd4ec6379caf62b22\"},\"headline\":\"D\u00e9nia acoge los XV Minijocs de la Marina Alta\",\"datePublished\":\"2025-03-27T11:40:42+00:00\",\"mainEntityOfPage\":{\"@id\":\"https:\\\/\\\/radiolitoral.com\\\/2025\\\/03\\\/denia-acoge-los-xv-minijocs-de-la-marina-alta\\\/\"},\"wordCount\":752,\"commentCount\":0,\"publisher\":{\"@id\":\"https:\\\/\\\/radiolitoral.com\\\/#organization\"},\"image\":{\"@id\":\"https:\\\/\\\/radiolitoral.com\\\/2025\\\/03\\\/denia-acoge-los-xv-minijocs-de-la-marina-alta\\\/#primaryimage\"},\"thumbnailUrl\":\"https:\\\/\\\/media.radiolitoral.com\\\/wp-content\\\/uploads\\\/2025\\\/03\\\/27123721\\\/DSC_1159-scaled.jpg\",\"keywords\":[\"Adela Marz\u00e0\",\"deportes\",\"que tendr\u00e1 lugar del 16 al 18 de mayo en D\u00e9nia. El acto estuvo presidido por el alcalde de D\u00e9nia\",\"Sergi Brogniez Malonda\",\"Valen Alcal\u00e1\",\"Vicent Grimalt\",\"Xarxa Esportiva de la Marina Alta\",\"y\"],\"articleSection\":[\"Deportes\"],\"inLanguage\":\"ca\",\"potentialAction\":[{\"@type\":\"CommentAction\",\"name\":\"Comment\",\"target\":[\"https:\\\/\\\/radiolitoral.com\\\/2025\\\/03\\\/denia-acoge-los-xv-minijocs-de-la-marina-alta\\\/#respond\"]}]},{\"@type\":[\"WebPage\",\"ItemPage\"],\"@id\":\"https:\\\/\\\/radiolitoral.com\\\/2025\\\/03\\\/denia-acoge-los-xv-minijocs-de-la-marina-alta\\\/\",\"url\":\"https:\\\/\\\/radiolitoral.com\\\/2025\\\/03\\\/denia-acoge-los-xv-minijocs-de-la-marina-alta\\\/\",\"name\":\"D\u00e9nia acoge los XV Minijocs de la Marina Alta | R\u00e0dio Litoral\",\"isPartOf\":{\"@id\":\"https:\\\/\\\/radiolitoral.com\\\/#website\"},\"primaryImageOfPage\":{\"@id\":\"https:\\\/\\\/radiolitoral.com\\\/2025\\\/03\\\/denia-acoge-los-xv-minijocs-de-la-marina-alta\\\/#primaryimage\"},\"image\":{\"@id\":\"https:\\\/\\\/radiolitoral.com\\\/2025\\\/03\\\/denia-acoge-los-xv-minijocs-de-la-marina-alta\\\/#primaryimage\"},\"thumbnailUrl\":\"https:\\\/\\\/media.radiolitoral.com\\\/wp-content\\\/uploads\\\/2025\\\/03\\\/27123721\\\/DSC_1159-scaled.jpg\",\"datePublished\":\"2025-03-27T11:40:42+00:00\",\"description\":\"Este evento deportivo que cuenta con la participaci\u00f3n de 17 municipios y de m\u00e1s de 1.000 deportistas se celebrar\u00e1n del 16 al 18 de mayoEste evento deportivo que cuenta con la participaci\u00f3n de 17 municipios y de m\u00e1s de 1.000 deportistas se celebrar\u00e1n del 16 al 18 de mayo\",\"breadcrumb\":{\"@id\":\"https:\\\/\\\/radiolitoral.com\\\/2025\\\/03\\\/denia-acoge-los-xv-minijocs-de-la-marina-alta\\\/#breadcrumb\"},\"inLanguage\":\"ca\",\"potentialAction\":[{\"@type\":\"ReadAction\",\"target\":[\"https:\\\/\\\/radiolitoral.com\\\/2025\\\/03\\\/denia-acoge-los-xv-minijocs-de-la-marina-alta\\\/\"]}]},{\"@type\":\"ImageObject\",\"inLanguage\":\"ca\",\"@id\":\"https:\\\/\\\/radiolitoral.com\\\/2025\\\/03\\\/denia-acoge-los-xv-minijocs-de-la-marina-alta\\\/#primaryimage\",\"url\":\"https:\\\/\\\/media.radiolitoral.com\\\/wp-content\\\/uploads\\\/2025\\\/03\\\/27123721\\\/DSC_1159-scaled.jpg\",\"contentUrl\":\"https:\\\/\\\/media.radiolitoral.com\\\/wp-content\\\/uploads\\\/2025\\\/03\\\/27123721\\\/DSC_1159-scaled.jpg\",\"width\":2560,\"height\":1707},{\"@type\":\"BreadcrumbList\",\"@id\":\"https:\\\/\\\/radiolitoral.com\\\/2025\\\/03\\\/denia-acoge-los-xv-minijocs-de-la-marina-alta\\\/#breadcrumb\",\"itemListElement\":[{\"@type\":\"ListItem\",\"position\":1,\"name\":\"Portada\",\"item\":\"https:\\\/\\\/radiolitoral.com\\\/\"},{\"@type\":\"ListItem\",\"position\":2,\"name\":\"D\u00e9nia acoge los XV Minijocs de la Marina Alta\"}]},{\"@type\":\"WebSite\",\"@id\":\"https:\\\/\\\/radiolitoral.com\\\/#website\",\"url\":\"https:\\\/\\\/radiolitoral.com\\\/\",\"name\":\"Radio Litoral\",\"description\":\"La radio local de la Marina Alta\",\"publisher\":{\"@id\":\"https:\\\/\\\/radiolitoral.com\\\/#organization\"},\"alternateName\":\"Litoral FM\",\"potentialAction\":[{\"@type\":\"SearchAction\",\"target\":{\"@type\":\"EntryPoint\",\"urlTemplate\":\"https:\\\/\\\/radiolitoral.com\\\/?s={search_term_string}\"},\"query-input\":{\"@type\":\"PropertyValueSpecification\",\"valueRequired\":true,\"valueName\":\"search_term_string\"}}],\"inLanguage\":\"ca\"},{\"@type\":\"Organization\",\"@id\":\"https:\\\/\\\/radiolitoral.com\\\/#organization\",\"name\":\"Radio Litoral\",\"url\":\"https:\\\/\\\/radiolitoral.com\\\/\",\"logo\":{\"@type\":\"ImageObject\",\"inLanguage\":\"ca\",\"@id\":\"https:\\\/\\\/radiolitoral.com\\\/#\\\/schema\\\/logo\\\/image\\\/\",\"url\":\"https:\\\/\\\/media.radiolitoral.com\\\/wp-content\\\/uploads\\\/2023\\\/02\\\/24143238\\\/CL-V-RadioLitoral696.png\",\"contentUrl\":\"https:\\\/\\\/media.radiolitoral.com\\\/wp-content\\\/uploads\\\/2023\\\/02\\\/24143238\\\/CL-V-RadioLitoral696.png\",\"width\":696,\"height\":696,\"caption\":\"Radio Litoral\"},\"image\":{\"@id\":\"https:\\\/\\\/radiolitoral.com\\\/#\\\/schema\\\/logo\\\/image\\\/\"},\"sameAs\":[\"https:\\\/\\\/www.facebook.com\\\/Laradiolitoral\\\/\"]},{\"@type\":\"Person\",\"@id\":\"https:\\\/\\\/radiolitoral.com\\\/#\\\/schema\\\/person\\\/7b1480b5caeb5acdd4ec6379caf62b22\",\"name\":\"Javier Zamora\",\"image\":{\"@type\":\"ImageObject\",\"inLanguage\":\"ca\",\"@id\":\"https:\\\/\\\/secure.gravatar.com\\\/avatar\\\/467a11f6918c7d619c4043fc6fa2d3853053107973f05b6e9c04ea6c4e3a7b3f?s=96&d=mm&r=g\",\"url\":\"https:\\\/\\\/secure.gravatar.com\\\/avatar\\\/467a11f6918c7d619c4043fc6fa2d3853053107973f05b6e9c04ea6c4e3a7b3f?s=96&d=mm&r=g\",\"contentUrl\":\"https:\\\/\\\/secure.gravatar.com\\\/avatar\\\/467a11f6918c7d619c4043fc6fa2d3853053107973f05b6e9c04ea6c4e3a7b3f?s=96&d=mm&r=g\",\"caption\":\"Javier Zamora\"},\"url\":\"https:\\\/\\\/radiolitoral.com\\\/ca\\\/author\\\/javier-zamora\\\/\"}]}<\/script>\n<!-- \/ Yoast SEO plugin. -->","yoast_head_json":{"title":"D\u00e9nia acull els XV Minijocs de la Marina Alta | R\u00e0dio Litoral","description":"Aquest esdeveniment esportiu que compta amb la participaci\u00f3 de 17 municipis i de m\u00e9s de 1.000 esportistes se celebraran del 16 al 18 de maig. Aquest esdeveniment esportiu que compta amb la participaci\u00f3 de 17 municipis i de m\u00e9s de 1.000 esportistes se celebraran del 16 al 18 de maig","robots":{"index":"index","follow":"follow","max-snippet":"max-snippet:-1","max-image-preview":"max-image-preview:large","max-video-preview":"max-video-preview:-1"},"canonical":"https:\/\/radiolitoral.com\/ca\/2025\/03\/denia-acull-els-xv-minijocs-de-la-marina-alta\/","og_locale":"ca_ES","og_type":"article","og_title":"D\u00e9nia acoge los XV Minijocs de la Marina Alta | R\u00e0dio Litoral","og_description":"Este evento deportivo que cuenta con la participaci\u00f3n de 17 municipios y de m\u00e1s de 1.000 deportistas se celebrar\u00e1n del 16 al 18 de mayoEste evento deportivo que cuenta con la participaci\u00f3n de 17 municipios y de m\u00e1s de 1.000 deportistas se celebrar\u00e1n del 16 al 18 de mayo","og_url":"https:\/\/radiolitoral.com\/ca\/2025\/03\/denia-acull-els-xv-minijocs-de-la-marina-alta\/","og_site_name":"R\u00e0dio Litoral","article_publisher":"https:\/\/www.facebook.com\/Laradiolitoral\/","article_published_time":"2025-03-27T11:40:42+00:00","og_image":[{"width":2560,"height":1707,"url":"https:\/\/media.radiolitoral.com\/wp-content\/uploads\/2025\/03\/27123721\/DSC_1159-scaled.jpg","type":"image\/jpeg"}],"author":"Javier Zamora","twitter_card":"summary_large_image","twitter_misc":{"Escrit per":"Javier Zamora","Temps estimat de lectura":"5 minuts"},"schema":{"@context":"https:\/\/schema.org","@graph":[{"@type":"NewsArticle","@id":"https:\/\/radiolitoral.com\/2025\/03\/denia-acoge-los-xv-minijocs-de-la-marina-alta\/#article","isPartOf":{"@id":"https:\/\/radiolitoral.com\/2025\/03\/denia-acoge-los-xv-minijocs-de-la-marina-alta\/"},"author":{"name":"Javier Zamora","@id":"https:\/\/radiolitoral.com\/#\/schema\/person\/7b1480b5caeb5acdd4ec6379caf62b22"},"headline":"D\u00e9nia acoge los XV Minijocs de la Marina Alta","datePublished":"2025-03-27T11:40:42+00:00","mainEntityOfPage":{"@id":"https:\/\/radiolitoral.com\/2025\/03\/denia-acoge-los-xv-minijocs-de-la-marina-alta\/"},"wordCount":752,"commentCount":0,"publisher":{"@id":"https:\/\/radiolitoral.com\/#organization"},"image":{"@id":"https:\/\/radiolitoral.com\/2025\/03\/denia-acoge-los-xv-minijocs-de-la-marina-alta\/#primaryimage"},"thumbnailUrl":"https:\/\/media.radiolitoral.com\/wp-content\/uploads\/2025\/03\/27123721\/DSC_1159-scaled.jpg","keywords":["Adela Marz\u00e0","deportes","que tendr\u00e1 lugar del 16 al 18 de mayo en D\u00e9nia. El acto estuvo presidido por el alcalde de D\u00e9nia","Sergi Brogniez Malonda","Valen Alcal\u00e1","Vicent Grimalt","Xarxa Esportiva de la Marina Alta","y"],"articleSection":["Deportes"],"inLanguage":"ca","potentialAction":[{"@type":"CommentAction","name":"Comment","target":["https:\/\/radiolitoral.com\/2025\/03\/denia-acoge-los-xv-minijocs-de-la-marina-alta\/#respond"]}]},{"@type":["WebPage","ItemPage"],"@id":"https:\/\/radiolitoral.com\/2025\/03\/denia-acoge-los-xv-minijocs-de-la-marina-alta\/","url":"https:\/\/radiolitoral.com\/2025\/03\/denia-acoge-los-xv-minijocs-de-la-marina-alta\/","name":"D\u00e9nia acull els XV Minijocs de la Marina Alta | R\u00e0dio Litoral","isPartOf":{"@id":"https:\/\/radiolitoral.com\/#website"},"primaryImageOfPage":{"@id":"https:\/\/radiolitoral.com\/2025\/03\/denia-acoge-los-xv-minijocs-de-la-marina-alta\/#primaryimage"},"image":{"@id":"https:\/\/radiolitoral.com\/2025\/03\/denia-acoge-los-xv-minijocs-de-la-marina-alta\/#primaryimage"},"thumbnailUrl":"https:\/\/media.radiolitoral.com\/wp-content\/uploads\/2025\/03\/27123721\/DSC_1159-scaled.jpg","datePublished":"2025-03-27T11:40:42+00:00","description":"Aquest esdeveniment esportiu que compta amb la participaci\u00f3 de 17 municipis i de m\u00e9s de 1.000 esportistes se celebraran del 16 al 18 de maig. Aquest esdeveniment esportiu que compta amb la participaci\u00f3 de 17 municipis i de m\u00e9s de 1.000 esportistes se celebraran del 16 al 18 de maig","breadcrumb":{"@id":"https:\/\/radiolitoral.com\/2025\/03\/denia-acoge-los-xv-minijocs-de-la-marina-alta\/#breadcrumb"},"inLanguage":"ca","potentialAction":[{"@type":"ReadAction","target":["https:\/\/radiolitoral.com\/2025\/03\/denia-acoge-los-xv-minijocs-de-la-marina-alta\/"]}]},{"@type":"ImageObject","inLanguage":"ca","@id":"https:\/\/radiolitoral.com\/2025\/03\/denia-acoge-los-xv-minijocs-de-la-marina-alta\/#primaryimage","url":"https:\/\/media.radiolitoral.com\/wp-content\/uploads\/2025\/03\/27123721\/DSC_1159-scaled.jpg","contentUrl":"https:\/\/media.radiolitoral.com\/wp-content\/uploads\/2025\/03\/27123721\/DSC_1159-scaled.jpg","width":2560,"height":1707},{"@type":"BreadcrumbList","@id":"https:\/\/radiolitoral.com\/2025\/03\/denia-acoge-los-xv-minijocs-de-la-marina-alta\/#breadcrumb","itemListElement":[{"@type":"ListItem","position":1,"name":"Portada","item":"https:\/\/radiolitoral.com\/"},{"@type":"ListItem","position":2,"name":"D\u00e9nia acoge los XV Minijocs de la Marina Alta"}]},{"@type":"WebSite","@id":"https:\/\/radiolitoral.com\/#website","url":"https:\/\/radiolitoral.com\/","name":"R\u00e0dio Litoral","description":"La r\u00e0dio local de la Marina Alta","publisher":{"@id":"https:\/\/radiolitoral.com\/#organization"},"alternateName":"Litoral FM","potentialAction":[{"@type":"SearchAction","target":{"@type":"EntryPoint","urlTemplate":"https:\/\/radiolitoral.com\/?s={search_term_string}"},"query-input":{"@type":"PropertyValueSpecification","valueRequired":true,"valueName":"search_term_string"}}],"inLanguage":"ca"},{"@type":"Organization","@id":"https:\/\/radiolitoral.com\/#organization","name":"R\u00e0dio Litoral","url":"https:\/\/radiolitoral.com\/","logo":{"@type":"ImageObject","inLanguage":"ca","@id":"https:\/\/radiolitoral.com\/#\/schema\/logo\/image\/","url":"https:\/\/media.radiolitoral.com\/wp-content\/uploads\/2023\/02\/24143238\/CL-V-RadioLitoral696.png","contentUrl":"https:\/\/media.radiolitoral.com\/wp-content\/uploads\/2023\/02\/24143238\/CL-V-RadioLitoral696.png","width":696,"height":696,"caption":"Radio Litoral"},"image":{"@id":"https:\/\/radiolitoral.com\/#\/schema\/logo\/image\/"},"sameAs":["https:\/\/www.facebook.com\/Laradiolitoral\/"]},{"@type":"Person","@id":"https:\/\/radiolitoral.com\/#\/schema\/person\/7b1480b5caeb5acdd4ec6379caf62b22","name":"Javier Zamora","image":{"@type":"ImageObject","inLanguage":"ca","@id":"https:\/\/secure.gravatar.com\/avatar\/467a11f6918c7d619c4043fc6fa2d3853053107973f05b6e9c04ea6c4e3a7b3f?s=96&d=mm&r=g","url":"https:\/\/secure.gravatar.com\/avatar\/467a11f6918c7d619c4043fc6fa2d3853053107973f05b6e9c04ea6c4e3a7b3f?s=96&d=mm&r=g","contentUrl":"https:\/\/secure.gravatar.com\/avatar\/467a11f6918c7d619c4043fc6fa2d3853053107973f05b6e9c04ea6c4e3a7b3f?s=96&d=mm&r=g","caption":"Javier Zamora"},"url":"https:\/\/radiolitoral.com\/ca\/author\/javier-zamora\/"}]}},"_links":{"self":[{"href":"https:\/\/radiolitoral.com\/ca\/wp-json\/wp\/v2\/posts\/15796","targetHints":{"allow":["GET"]}}],"collection":[{"href":"https:\/\/radiolitoral.com\/ca\/wp-json\/wp\/v2\/posts"}],"about":[{"href":"https:\/\/radiolitoral.com\/ca\/wp-json\/wp\/v2\/types\/post"}],"author":[{"embeddable":true,"href":"https:\/\/radiolitoral.com\/ca\/wp-json\/wp\/v2\/users\/12"}],"replies":[{"embeddable":true,"href":"https:\/\/radiolitoral.com\/ca\/wp-json\/wp\/v2\/comments?post=15796"}],"version-history":[{"count":2,"href":"https:\/\/radiolitoral.com\/ca\/wp-json\/wp\/v2\/posts\/15796\/revisions"}],"predecessor-version":[{"id":15802,"href":"https:\/\/radiolitoral.com\/ca\/wp-json\/wp\/v2\/posts\/15796\/revisions\/15802"}],"wp:featuredmedia":[{"embeddable":true,"href":"https:\/\/radiolitoral.com\/ca\/wp-json\/wp\/v2\/media\/15797"}],"wp:attachment":[{"href":"https:\/\/radiolitoral.com\/ca\/wp-json\/wp\/v2\/media?parent=15796"}],"wp:term":[{"taxonomy":"category","embeddable":true,"href":"https:\/\/radiolitoral.com\/ca\/wp-json\/wp\/v2\/categories?post=15796"},{"taxonomy":"post_tag","embeddable":true,"href":"https:\/\/radiolitoral.com\/ca\/wp-json\/wp\/v2\/tags?post=15796"}],"curies":[{"name":"wp","href":"https:\/\/api.w.org\/{rel}","templated":true}]}}