{"id":15789,"date":"2025-03-27T10:45:47","date_gmt":"2025-03-27T09:45:47","guid":{"rendered":"https:\/\/radiolitoral.com\/?p=15789"},"modified":"2025-03-27T10:59:23","modified_gmt":"2025-03-27T09:59:23","slug":"pero-cabrera-a-benissa-no-hi-havia-una-escola-cada-classe-era-un-mon-i-estaven-escampades-per-tot-el-poble","status":"publish","type":"post","link":"https:\/\/radiolitoral.com\/ca\/2025\/03\/pere-cabrera-en-benissa-no-habia-una-escuela-cada-clase-era-un-mundo-y-estaban-desperdigadas-por-todo-el-pueblo\/","title":{"rendered":"Pere Cabrera: \u201cA Benissa no hi havia una escola, cada classe era un m\u00f3n, i estaven escampades per tot el poble\u201d"},"content":{"rendered":"<p>A <strong>El Primer Caf\u00e8<\/strong> de <strong>R\u00e0dio Litoral<\/strong> ens hem avan\u00e7at a la presentaci\u00f3 convocada per aquesta tarda a les 19:30h a la <strong>Seu Universit\u00e0ria<\/strong> de Benissa del llibre <strong>\u00abEducaci\u00f3. Revista infantil mensual escola de nens n\u00ba 3 de Benissa. 1933\u00bb<\/strong>. Un treball de <strong>Pere Cabrera, Manolo Juan i Alfred Ramos<\/strong>. Hem conversat amb dos dels autors sobre aquesta publicaci\u00f3 que recupera una revista escolar elaborat pel mestre <strong>Francisco Medina<\/strong> i els seus alumnes de Benissa en temps de la <strong>II Rep\u00fablica<\/strong>, aix\u00ed com l&#039;emotiva hist\u00f2ria que hi ha darrere de la recuperaci\u00f3 d&#039;aquest treball docent, de fa m\u00e9s de 90 anys, i que va preservar amb especial afecte un dels alumnes, <strong>Juan Ortol\u00e0.<\/strong><\/p>\n<p>L&#039;Arxiu Hist\u00f2ric de Benissa va rebre l&#039;any 2016, per part de la fam\u00edlia de Juan Ortol\u00e0, una c\u00f2pia en PDF d&#039;aquesta revista tan singular. Des d&#039;aquell moment els nostres convidats han investigat i treballat per editar aquest llibre que avui ja \u00e9s una realitat. Una publicaci\u00f3 que ajudar\u00e0 els lectors a con\u00e8ixer la realitat educativa d&#039;aquella \u00e8poca. Tota una inspiraci\u00f3 per als docents actuals i una mostra de les metodologies educatives lligades a les idees de la Instituci\u00f3 Lliure d&#039;Ensenyament, ILE, qualificades d&#039;avan\u00e7ades, per Manolo Juan i Pere Cabrera.<\/p>\n<p>Una revista dirigida per Francisco Medina amb articles escrits i signats pels seus alumnes, nens d&#039;uns 12 anys, en qu\u00e8 es relata el dia a dia a les classes, all\u00f2 que impacta els escolars i les activitats realitzades en horari lectiu.<\/p>\n<p>Els assistents a la presentaci\u00f3 d\u00b4aquesta tarda seran obsequiats amb un exemplar del llibre. La cita a les 19:30 hores, a la Seu Universit\u00e0ria La Marina de Benissa.<\/p>\n<p>Podeu escoltar l&#039;entrevista aqu\u00ed.<\/p>\n<audio class=\"wp-audio-shortcode\" id=\"audio-15789-1\" preload=\"none\" style=\"width: 100%;\" controls=\"controls\"><source type=\"audio\/mpeg\" src=\"https:\/\/media.radiolitoral.com\/wp-content\/uploads\/2025\/03\/27103920\/Primer-Cafe-Revista-Escolar.mp3?_=1\" \/><a href=\"https:\/\/media.radiolitoral.com\/wp-content\/uploads\/2025\/03\/27103920\/Primer-Cafe-Revista-Escolar.mp3\">https:\/\/media.radiolitoral.com\/wp-content\/uploads\/2025\/03\/27103920\/Primer-Cafe-Revista-Escolar.mp3<\/a><\/audio>","protected":false},"excerpt":{"rendered":"<p>En El Primer Caf\u00e9 de Radio Litoral nos hemos avanzado a la presentaci\u00f3n convocada para esta tarde a las 19:30h en la Seu Universitaria de Benissa del libro \u00abEducaci\u00f3n. Revista infantil mensual escuela de ni\u00f1os n\u00ba 3 de Benissa. 1933\u00bb. Un trabajo de Pere Cabrera, Manolo Juan y Alfred Ramos. Hemos conversado con dos de [&#8230;]<\/p>\n<p><a class=\"btn btn-secondary understrap-read-more-link\" href=\"https:\/\/radiolitoral.com\/ca\/2025\/03\/pere-cabrera-en-benissa-no-habia-una-escuela-cada-clase-era-un-mundo-y-estaban-desperdigadas-por-todo-el-pueblo\/\">Continua llegint&#8230;<span class=\"screen-reader-text\"> from Pere Cabrera: \u201cEn Benissa no hab\u00eda una escuela, cada clase era un mundo, y estaban desperdigadas por todo el pueblo\u201d<\/span><\/a><\/p>\n","protected":false},"author":13,"featured_media":15791,"comment_status":"open","ping_status":"closed","sticky":false,"template":"","format":"standard","meta":{"_acf_changed":false,"inline_featured_image":false,"footnotes":""},"categories":[55,130,2753],"tags":[4015,4016,4012,4017,4013,2312,4014],"class_list":["post-15789","post","type-post","status-publish","format-standard","has-post-thumbnail","hentry","category-cultura","category-educacion","category-entrevistas","tag-ii-republica","tag-manolo-juan","tag-memoria-historica","tag-pere-cabrera","tag-presentacion-literaria","tag-primer-cafe","tag-revista-escolar-1933","cobertura-benissa"],"acf":[],"yoast_head":"<!-- This site is optimized with the Yoast SEO plugin v27.5 - https:\/\/yoast.com\/product\/yoast-seo-wordpress\/ -->\n<title>Pere Cabrera: \u201cEn Benissa no hab\u00eda una escuela, cada clase era un mundo, y estaban desperdigadas por todo el pueblo\u201d | R\u00e0dio Litoral<\/title>\n<meta name=\"description\" content=\"La Seu Universitaria la Marina de Benissa acoge la presentaci\u00f3n del libro que recupera una revista escolar elaborada en 1933\" \/>\n<meta name=\"robots\" content=\"index, follow, max-snippet:-1, max-image-preview:large, max-video-preview:-1\" \/>\n<link rel=\"canonical\" href=\"https:\/\/radiolitoral.com\/ca\/2025\/03\/pero-cabrera-a-benissa-no-hi-havia-una-escola-cada-classe-era-un-mon-i-estaven-escampades-per-tot-el-poble\/\" \/>\n<meta property=\"og:locale\" content=\"ca_ES\" \/>\n<meta property=\"og:type\" content=\"article\" \/>\n<meta property=\"og:title\" content=\"Pere Cabrera: \u201cEn Benissa no hab\u00eda una escuela, cada clase era un mundo, y estaban desperdigadas por todo el pueblo\u201d | R\u00e0dio Litoral\" \/>\n<meta property=\"og:description\" content=\"La Seu Universitaria la Marina de Benissa acoge la presentaci\u00f3n del libro que recupera una revista escolar elaborada en 1933\" \/>\n<meta property=\"og:url\" content=\"https:\/\/radiolitoral.com\/ca\/2025\/03\/pero-cabrera-a-benissa-no-hi-havia-una-escola-cada-classe-era-un-mon-i-estaven-escampades-per-tot-el-poble\/\" \/>\n<meta property=\"og:site_name\" content=\"R\u00e0dio Litoral\" \/>\n<meta property=\"article:publisher\" content=\"https:\/\/www.facebook.com\/Laradiolitoral\/\" \/>\n<meta property=\"article:published_time\" content=\"2025-03-27T09:45:47+00:00\" \/>\n<meta property=\"article:modified_time\" content=\"2025-03-27T09:59:23+00:00\" \/>\n<meta property=\"og:image\" content=\"https:\/\/media.radiolitoral.com\/wp-content\/uploads\/2025\/03\/27104238\/Manolo-Juan-i-Pere-Cabrera-Primer-Cafe.jpg\" \/>\n\t<meta property=\"og:image:width\" content=\"2000\" \/>\n\t<meta property=\"og:image:height\" content=\"1500\" \/>\n\t<meta property=\"og:image:type\" content=\"image\/jpeg\" \/>\n<meta name=\"author\" content=\"Redacci\u00f3n\" \/>\n<meta name=\"twitter:card\" content=\"summary_large_image\" \/>\n<meta name=\"twitter:label1\" content=\"Escrit per\" \/>\n\t<meta name=\"twitter:data1\" content=\"Redacci\u00f3n\" \/>\n\t<meta name=\"twitter:label2\" content=\"Temps estimat de lectura\" \/>\n\t<meta name=\"twitter:data2\" content=\"2 minuts\" \/>\n<script type=\"application\/ld+json\" class=\"yoast-schema-graph\">{\"@context\":\"https:\\\/\\\/schema.org\",\"@graph\":[{\"@type\":\"NewsArticle\",\"@id\":\"https:\\\/\\\/radiolitoral.com\\\/2025\\\/03\\\/pere-cabrera-en-benissa-no-habia-una-escuela-cada-clase-era-un-mundo-y-estaban-desperdigadas-por-todo-el-pueblo\\\/#article\",\"isPartOf\":{\"@id\":\"https:\\\/\\\/radiolitoral.com\\\/2025\\\/03\\\/pere-cabrera-en-benissa-no-habia-una-escuela-cada-clase-era-un-mundo-y-estaban-desperdigadas-por-todo-el-pueblo\\\/\"},\"author\":{\"name\":\"Redacci\u00f3n\",\"@id\":\"https:\\\/\\\/radiolitoral.com\\\/#\\\/schema\\\/person\\\/f2b2343c49b5d721857cc1002bfdb151\"},\"headline\":\"Pere Cabrera: \u201cEn Benissa no hab\u00eda una escuela, cada clase era un mundo, y estaban desperdigadas por todo el pueblo\u201d\",\"datePublished\":\"2025-03-27T09:45:47+00:00\",\"dateModified\":\"2025-03-27T09:59:23+00:00\",\"mainEntityOfPage\":{\"@id\":\"https:\\\/\\\/radiolitoral.com\\\/2025\\\/03\\\/pere-cabrera-en-benissa-no-habia-una-escuela-cada-clase-era-un-mundo-y-estaban-desperdigadas-por-todo-el-pueblo\\\/\"},\"wordCount\":336,\"commentCount\":0,\"publisher\":{\"@id\":\"https:\\\/\\\/radiolitoral.com\\\/#organization\"},\"image\":{\"@id\":\"https:\\\/\\\/radiolitoral.com\\\/2025\\\/03\\\/pere-cabrera-en-benissa-no-habia-una-escuela-cada-clase-era-un-mundo-y-estaban-desperdigadas-por-todo-el-pueblo\\\/#primaryimage\"},\"thumbnailUrl\":\"https:\\\/\\\/media.radiolitoral.com\\\/wp-content\\\/uploads\\\/2025\\\/03\\\/27104238\\\/Manolo-Juan-i-Pere-Cabrera-Primer-Cafe.jpg\",\"keywords\":[\"II Rep\u00fablica\",\"Manolo Juan\",\"Memoria Hist\u00f3rica\",\"Pere Cabrera\",\"Presentaci\u00f3n literaria\",\"Primer Caf\u00e9\",\"revista escolar 1933\"],\"articleSection\":[\"Cultura\",\"Educaci\u00f3n\",\"Entrevistas\"],\"inLanguage\":\"ca\",\"potentialAction\":[{\"@type\":\"CommentAction\",\"name\":\"Comment\",\"target\":[\"https:\\\/\\\/radiolitoral.com\\\/2025\\\/03\\\/pere-cabrera-en-benissa-no-habia-una-escuela-cada-clase-era-un-mundo-y-estaban-desperdigadas-por-todo-el-pueblo\\\/#respond\"]}]},{\"@type\":[\"WebPage\",\"ItemPage\"],\"@id\":\"https:\\\/\\\/radiolitoral.com\\\/2025\\\/03\\\/pere-cabrera-en-benissa-no-habia-una-escuela-cada-clase-era-un-mundo-y-estaban-desperdigadas-por-todo-el-pueblo\\\/\",\"url\":\"https:\\\/\\\/radiolitoral.com\\\/2025\\\/03\\\/pere-cabrera-en-benissa-no-habia-una-escuela-cada-clase-era-un-mundo-y-estaban-desperdigadas-por-todo-el-pueblo\\\/\",\"name\":\"Pere Cabrera: \u201cEn Benissa no hab\u00eda una escuela, cada clase era un mundo, y estaban desperdigadas por todo el pueblo\u201d | R\u00e0dio Litoral\",\"isPartOf\":{\"@id\":\"https:\\\/\\\/radiolitoral.com\\\/#website\"},\"primaryImageOfPage\":{\"@id\":\"https:\\\/\\\/radiolitoral.com\\\/2025\\\/03\\\/pere-cabrera-en-benissa-no-habia-una-escuela-cada-clase-era-un-mundo-y-estaban-desperdigadas-por-todo-el-pueblo\\\/#primaryimage\"},\"image\":{\"@id\":\"https:\\\/\\\/radiolitoral.com\\\/2025\\\/03\\\/pere-cabrera-en-benissa-no-habia-una-escuela-cada-clase-era-un-mundo-y-estaban-desperdigadas-por-todo-el-pueblo\\\/#primaryimage\"},\"thumbnailUrl\":\"https:\\\/\\\/media.radiolitoral.com\\\/wp-content\\\/uploads\\\/2025\\\/03\\\/27104238\\\/Manolo-Juan-i-Pere-Cabrera-Primer-Cafe.jpg\",\"datePublished\":\"2025-03-27T09:45:47+00:00\",\"dateModified\":\"2025-03-27T09:59:23+00:00\",\"description\":\"La Seu Universitaria la Marina de Benissa acoge la presentaci\u00f3n del libro que recupera una revista escolar elaborada en 1933\",\"breadcrumb\":{\"@id\":\"https:\\\/\\\/radiolitoral.com\\\/2025\\\/03\\\/pere-cabrera-en-benissa-no-habia-una-escuela-cada-clase-era-un-mundo-y-estaban-desperdigadas-por-todo-el-pueblo\\\/#breadcrumb\"},\"inLanguage\":\"ca\",\"potentialAction\":[{\"@type\":\"ReadAction\",\"target\":[\"https:\\\/\\\/radiolitoral.com\\\/2025\\\/03\\\/pere-cabrera-en-benissa-no-habia-una-escuela-cada-clase-era-un-mundo-y-estaban-desperdigadas-por-todo-el-pueblo\\\/\"]}]},{\"@type\":\"ImageObject\",\"inLanguage\":\"ca\",\"@id\":\"https:\\\/\\\/radiolitoral.com\\\/2025\\\/03\\\/pere-cabrera-en-benissa-no-habia-una-escuela-cada-clase-era-un-mundo-y-estaban-desperdigadas-por-todo-el-pueblo\\\/#primaryimage\",\"url\":\"https:\\\/\\\/media.radiolitoral.com\\\/wp-content\\\/uploads\\\/2025\\\/03\\\/27104238\\\/Manolo-Juan-i-Pere-Cabrera-Primer-Cafe.jpg\",\"contentUrl\":\"https:\\\/\\\/media.radiolitoral.com\\\/wp-content\\\/uploads\\\/2025\\\/03\\\/27104238\\\/Manolo-Juan-i-Pere-Cabrera-Primer-Cafe.jpg\",\"width\":2000,\"height\":1500},{\"@type\":\"BreadcrumbList\",\"@id\":\"https:\\\/\\\/radiolitoral.com\\\/2025\\\/03\\\/pere-cabrera-en-benissa-no-habia-una-escuela-cada-clase-era-un-mundo-y-estaban-desperdigadas-por-todo-el-pueblo\\\/#breadcrumb\",\"itemListElement\":[{\"@type\":\"ListItem\",\"position\":1,\"name\":\"Portada\",\"item\":\"https:\\\/\\\/radiolitoral.com\\\/\"},{\"@type\":\"ListItem\",\"position\":2,\"name\":\"Pere Cabrera: \u201cEn Benissa no hab\u00eda una escuela, cada clase era un mundo, y estaban desperdigadas por todo el pueblo\u201d\"}]},{\"@type\":\"WebSite\",\"@id\":\"https:\\\/\\\/radiolitoral.com\\\/#website\",\"url\":\"https:\\\/\\\/radiolitoral.com\\\/\",\"name\":\"Radio Litoral\",\"description\":\"La radio local de la Marina Alta\",\"publisher\":{\"@id\":\"https:\\\/\\\/radiolitoral.com\\\/#organization\"},\"alternateName\":\"Litoral FM\",\"potentialAction\":[{\"@type\":\"SearchAction\",\"target\":{\"@type\":\"EntryPoint\",\"urlTemplate\":\"https:\\\/\\\/radiolitoral.com\\\/?s={search_term_string}\"},\"query-input\":{\"@type\":\"PropertyValueSpecification\",\"valueRequired\":true,\"valueName\":\"search_term_string\"}}],\"inLanguage\":\"ca\"},{\"@type\":\"Organization\",\"@id\":\"https:\\\/\\\/radiolitoral.com\\\/#organization\",\"name\":\"Radio Litoral\",\"url\":\"https:\\\/\\\/radiolitoral.com\\\/\",\"logo\":{\"@type\":\"ImageObject\",\"inLanguage\":\"ca\",\"@id\":\"https:\\\/\\\/radiolitoral.com\\\/#\\\/schema\\\/logo\\\/image\\\/\",\"url\":\"https:\\\/\\\/media.radiolitoral.com\\\/wp-content\\\/uploads\\\/2023\\\/02\\\/24143238\\\/CL-V-RadioLitoral696.png\",\"contentUrl\":\"https:\\\/\\\/media.radiolitoral.com\\\/wp-content\\\/uploads\\\/2023\\\/02\\\/24143238\\\/CL-V-RadioLitoral696.png\",\"width\":696,\"height\":696,\"caption\":\"Radio Litoral\"},\"image\":{\"@id\":\"https:\\\/\\\/radiolitoral.com\\\/#\\\/schema\\\/logo\\\/image\\\/\"},\"sameAs\":[\"https:\\\/\\\/www.facebook.com\\\/Laradiolitoral\\\/\"]},{\"@type\":\"Person\",\"@id\":\"https:\\\/\\\/radiolitoral.com\\\/#\\\/schema\\\/person\\\/f2b2343c49b5d721857cc1002bfdb151\",\"name\":\"Redacci\u00f3n\",\"image\":{\"@type\":\"ImageObject\",\"inLanguage\":\"ca\",\"@id\":\"https:\\\/\\\/secure.gravatar.com\\\/avatar\\\/f771d896c203ad8b3382d7905cfcce5a5c9b008b84b3cd9114e9b9f4cb63f789?s=96&d=mm&r=g\",\"url\":\"https:\\\/\\\/secure.gravatar.com\\\/avatar\\\/f771d896c203ad8b3382d7905cfcce5a5c9b008b84b3cd9114e9b9f4cb63f789?s=96&d=mm&r=g\",\"contentUrl\":\"https:\\\/\\\/secure.gravatar.com\\\/avatar\\\/f771d896c203ad8b3382d7905cfcce5a5c9b008b84b3cd9114e9b9f4cb63f789?s=96&d=mm&r=g\",\"caption\":\"Redacci\u00f3n\"},\"url\":\"https:\\\/\\\/radiolitoral.com\\\/ca\\\/author\\\/miriam-pagan\\\/\"}]}<\/script>\n<!-- \/ Yoast SEO plugin. -->","yoast_head_json":{"title":"Pere Cabrera: \u201cA Benissa no hi havia una escola, cada classe era un m\u00f3n, i estaven escampades per tot el poble\u201d | R\u00e0dio Litoral","description":"La Seu Universit\u00e0ria la Marina de Benissa acull la presentaci\u00f3 del llibre que recupera una revista escolar elaborada el 1933","robots":{"index":"index","follow":"follow","max-snippet":"max-snippet:-1","max-image-preview":"max-image-preview:large","max-video-preview":"max-video-preview:-1"},"canonical":"https:\/\/radiolitoral.com\/ca\/2025\/03\/pero-cabrera-a-benissa-no-hi-havia-una-escola-cada-classe-era-un-mon-i-estaven-escampades-per-tot-el-poble\/","og_locale":"ca_ES","og_type":"article","og_title":"Pere Cabrera: \u201cEn Benissa no hab\u00eda una escuela, cada clase era un mundo, y estaban desperdigadas por todo el pueblo\u201d | R\u00e0dio Litoral","og_description":"La Seu Universitaria la Marina de Benissa acoge la presentaci\u00f3n del libro que recupera una revista escolar elaborada en 1933","og_url":"https:\/\/radiolitoral.com\/ca\/2025\/03\/pero-cabrera-a-benissa-no-hi-havia-una-escola-cada-classe-era-un-mon-i-estaven-escampades-per-tot-el-poble\/","og_site_name":"R\u00e0dio Litoral","article_publisher":"https:\/\/www.facebook.com\/Laradiolitoral\/","article_published_time":"2025-03-27T09:45:47+00:00","article_modified_time":"2025-03-27T09:59:23+00:00","og_image":[{"width":2000,"height":1500,"url":"https:\/\/media.radiolitoral.com\/wp-content\/uploads\/2025\/03\/27104238\/Manolo-Juan-i-Pere-Cabrera-Primer-Cafe.jpg","type":"image\/jpeg"}],"author":"Redacci\u00f3n","twitter_card":"summary_large_image","twitter_misc":{"Escrit per":"Redacci\u00f3n","Temps estimat de lectura":"2 minuts"},"schema":{"@context":"https:\/\/schema.org","@graph":[{"@type":"NewsArticle","@id":"https:\/\/radiolitoral.com\/2025\/03\/pere-cabrera-en-benissa-no-habia-una-escuela-cada-clase-era-un-mundo-y-estaban-desperdigadas-por-todo-el-pueblo\/#article","isPartOf":{"@id":"https:\/\/radiolitoral.com\/2025\/03\/pere-cabrera-en-benissa-no-habia-una-escuela-cada-clase-era-un-mundo-y-estaban-desperdigadas-por-todo-el-pueblo\/"},"author":{"name":"Redacci\u00f3n","@id":"https:\/\/radiolitoral.com\/#\/schema\/person\/f2b2343c49b5d721857cc1002bfdb151"},"headline":"Pere Cabrera: \u201cEn Benissa no hab\u00eda una escuela, cada clase era un mundo, y estaban desperdigadas por todo el pueblo\u201d","datePublished":"2025-03-27T09:45:47+00:00","dateModified":"2025-03-27T09:59:23+00:00","mainEntityOfPage":{"@id":"https:\/\/radiolitoral.com\/2025\/03\/pere-cabrera-en-benissa-no-habia-una-escuela-cada-clase-era-un-mundo-y-estaban-desperdigadas-por-todo-el-pueblo\/"},"wordCount":336,"commentCount":0,"publisher":{"@id":"https:\/\/radiolitoral.com\/#organization"},"image":{"@id":"https:\/\/radiolitoral.com\/2025\/03\/pere-cabrera-en-benissa-no-habia-una-escuela-cada-clase-era-un-mundo-y-estaban-desperdigadas-por-todo-el-pueblo\/#primaryimage"},"thumbnailUrl":"https:\/\/media.radiolitoral.com\/wp-content\/uploads\/2025\/03\/27104238\/Manolo-Juan-i-Pere-Cabrera-Primer-Cafe.jpg","keywords":["II Rep\u00fablica","Manolo Juan","Memoria Hist\u00f3rica","Pere Cabrera","Presentaci\u00f3n literaria","Primer Caf\u00e9","revista escolar 1933"],"articleSection":["Cultura","Educaci\u00f3n","Entrevistas"],"inLanguage":"ca","potentialAction":[{"@type":"CommentAction","name":"Comment","target":["https:\/\/radiolitoral.com\/2025\/03\/pere-cabrera-en-benissa-no-habia-una-escuela-cada-clase-era-un-mundo-y-estaban-desperdigadas-por-todo-el-pueblo\/#respond"]}]},{"@type":["WebPage","ItemPage"],"@id":"https:\/\/radiolitoral.com\/2025\/03\/pere-cabrera-en-benissa-no-habia-una-escuela-cada-clase-era-un-mundo-y-estaban-desperdigadas-por-todo-el-pueblo\/","url":"https:\/\/radiolitoral.com\/2025\/03\/pere-cabrera-en-benissa-no-habia-una-escuela-cada-clase-era-un-mundo-y-estaban-desperdigadas-por-todo-el-pueblo\/","name":"Pere Cabrera: \u201cA Benissa no hi havia una escola, cada classe era un m\u00f3n, i estaven escampades per tot el poble\u201d | R\u00e0dio Litoral","isPartOf":{"@id":"https:\/\/radiolitoral.com\/#website"},"primaryImageOfPage":{"@id":"https:\/\/radiolitoral.com\/2025\/03\/pere-cabrera-en-benissa-no-habia-una-escuela-cada-clase-era-un-mundo-y-estaban-desperdigadas-por-todo-el-pueblo\/#primaryimage"},"image":{"@id":"https:\/\/radiolitoral.com\/2025\/03\/pere-cabrera-en-benissa-no-habia-una-escuela-cada-clase-era-un-mundo-y-estaban-desperdigadas-por-todo-el-pueblo\/#primaryimage"},"thumbnailUrl":"https:\/\/media.radiolitoral.com\/wp-content\/uploads\/2025\/03\/27104238\/Manolo-Juan-i-Pere-Cabrera-Primer-Cafe.jpg","datePublished":"2025-03-27T09:45:47+00:00","dateModified":"2025-03-27T09:59:23+00:00","description":"La Seu Universit\u00e0ria la Marina de Benissa acull la presentaci\u00f3 del llibre que recupera una revista escolar elaborada el 1933","breadcrumb":{"@id":"https:\/\/radiolitoral.com\/2025\/03\/pere-cabrera-en-benissa-no-habia-una-escuela-cada-clase-era-un-mundo-y-estaban-desperdigadas-por-todo-el-pueblo\/#breadcrumb"},"inLanguage":"ca","potentialAction":[{"@type":"ReadAction","target":["https:\/\/radiolitoral.com\/2025\/03\/pere-cabrera-en-benissa-no-habia-una-escuela-cada-clase-era-un-mundo-y-estaban-desperdigadas-por-todo-el-pueblo\/"]}]},{"@type":"ImageObject","inLanguage":"ca","@id":"https:\/\/radiolitoral.com\/2025\/03\/pere-cabrera-en-benissa-no-habia-una-escuela-cada-clase-era-un-mundo-y-estaban-desperdigadas-por-todo-el-pueblo\/#primaryimage","url":"https:\/\/media.radiolitoral.com\/wp-content\/uploads\/2025\/03\/27104238\/Manolo-Juan-i-Pere-Cabrera-Primer-Cafe.jpg","contentUrl":"https:\/\/media.radiolitoral.com\/wp-content\/uploads\/2025\/03\/27104238\/Manolo-Juan-i-Pere-Cabrera-Primer-Cafe.jpg","width":2000,"height":1500},{"@type":"BreadcrumbList","@id":"https:\/\/radiolitoral.com\/2025\/03\/pere-cabrera-en-benissa-no-habia-una-escuela-cada-clase-era-un-mundo-y-estaban-desperdigadas-por-todo-el-pueblo\/#breadcrumb","itemListElement":[{"@type":"ListItem","position":1,"name":"Portada","item":"https:\/\/radiolitoral.com\/"},{"@type":"ListItem","position":2,"name":"Pere Cabrera: \u201cEn Benissa no hab\u00eda una escuela, cada clase era un mundo, y estaban desperdigadas por todo el pueblo\u201d"}]},{"@type":"WebSite","@id":"https:\/\/radiolitoral.com\/#website","url":"https:\/\/radiolitoral.com\/","name":"R\u00e0dio Litoral","description":"La r\u00e0dio local de la Marina Alta","publisher":{"@id":"https:\/\/radiolitoral.com\/#organization"},"alternateName":"Litoral FM","potentialAction":[{"@type":"SearchAction","target":{"@type":"EntryPoint","urlTemplate":"https:\/\/radiolitoral.com\/?s={search_term_string}"},"query-input":{"@type":"PropertyValueSpecification","valueRequired":true,"valueName":"search_term_string"}}],"inLanguage":"ca"},{"@type":"Organization","@id":"https:\/\/radiolitoral.com\/#organization","name":"R\u00e0dio Litoral","url":"https:\/\/radiolitoral.com\/","logo":{"@type":"ImageObject","inLanguage":"ca","@id":"https:\/\/radiolitoral.com\/#\/schema\/logo\/image\/","url":"https:\/\/media.radiolitoral.com\/wp-content\/uploads\/2023\/02\/24143238\/CL-V-RadioLitoral696.png","contentUrl":"https:\/\/media.radiolitoral.com\/wp-content\/uploads\/2023\/02\/24143238\/CL-V-RadioLitoral696.png","width":696,"height":696,"caption":"Radio Litoral"},"image":{"@id":"https:\/\/radiolitoral.com\/#\/schema\/logo\/image\/"},"sameAs":["https:\/\/www.facebook.com\/Laradiolitoral\/"]},{"@type":"Person","@id":"https:\/\/radiolitoral.com\/#\/schema\/person\/f2b2343c49b5d721857cc1002bfdb151","name":"Redacci\u00f3","image":{"@type":"ImageObject","inLanguage":"ca","@id":"https:\/\/secure.gravatar.com\/avatar\/f771d896c203ad8b3382d7905cfcce5a5c9b008b84b3cd9114e9b9f4cb63f789?s=96&d=mm&r=g","url":"https:\/\/secure.gravatar.com\/avatar\/f771d896c203ad8b3382d7905cfcce5a5c9b008b84b3cd9114e9b9f4cb63f789?s=96&d=mm&r=g","contentUrl":"https:\/\/secure.gravatar.com\/avatar\/f771d896c203ad8b3382d7905cfcce5a5c9b008b84b3cd9114e9b9f4cb63f789?s=96&d=mm&r=g","caption":"Redacci\u00f3n"},"url":"https:\/\/radiolitoral.com\/ca\/author\/miriam-pagan\/"}]}},"_links":{"self":[{"href":"https:\/\/radiolitoral.com\/ca\/wp-json\/wp\/v2\/posts\/15789","targetHints":{"allow":["GET"]}}],"collection":[{"href":"https:\/\/radiolitoral.com\/ca\/wp-json\/wp\/v2\/posts"}],"about":[{"href":"https:\/\/radiolitoral.com\/ca\/wp-json\/wp\/v2\/types\/post"}],"author":[{"embeddable":true,"href":"https:\/\/radiolitoral.com\/ca\/wp-json\/wp\/v2\/users\/13"}],"replies":[{"embeddable":true,"href":"https:\/\/radiolitoral.com\/ca\/wp-json\/wp\/v2\/comments?post=15789"}],"version-history":[{"count":3,"href":"https:\/\/radiolitoral.com\/ca\/wp-json\/wp\/v2\/posts\/15789\/revisions"}],"predecessor-version":[{"id":15795,"href":"https:\/\/radiolitoral.com\/ca\/wp-json\/wp\/v2\/posts\/15789\/revisions\/15795"}],"wp:featuredmedia":[{"embeddable":true,"href":"https:\/\/radiolitoral.com\/ca\/wp-json\/wp\/v2\/media\/15791"}],"wp:attachment":[{"href":"https:\/\/radiolitoral.com\/ca\/wp-json\/wp\/v2\/media?parent=15789"}],"wp:term":[{"taxonomy":"category","embeddable":true,"href":"https:\/\/radiolitoral.com\/ca\/wp-json\/wp\/v2\/categories?post=15789"},{"taxonomy":"post_tag","embeddable":true,"href":"https:\/\/radiolitoral.com\/ca\/wp-json\/wp\/v2\/tags?post=15789"}],"curies":[{"name":"wp","href":"https:\/\/api.w.org\/{rel}","templated":true}]}}