{"id":15785,"date":"2025-03-27T09:20:07","date_gmt":"2025-03-27T08:20:07","guid":{"rendered":"https:\/\/radiolitoral.com\/?p=15785"},"modified":"2025-03-27T09:20:07","modified_gmt":"2025-03-27T08:20:07","slug":"lajuntament-de-teulada-condiciona-la-llera-del-barranc-del-portet","status":"publish","type":"post","link":"https:\/\/radiolitoral.com\/ca\/2025\/03\/el-ayuntamiento-de-teulada-acondiciona-el-cauce-del-barranco-del-portet\/","title":{"rendered":"L&#039;Ajuntament de Teulada condiciona la llera del Barranc del Portet"},"content":{"rendered":"<p data-pm-slice=\"1 1 []\">El proper dijous 27 de mar\u00e7, el <strong>Ajuntament de Teulada<\/strong> posar\u00e0 en marxa una operaci\u00f3 integral per netejar i condicionar el tram urb\u00e0 del <strong>Barranc del Portet<\/strong>, concretament des dels carrers Puerto de B\u00e9jar i Puerto Moral fins a la seva desembocadura a la platja del mateix nom.<\/p>\n<p>Aquest projecte contempla la <strong>retirada d&#039;arbres caiguts i residus acumulats<\/strong>, poda d&#039;arbres i eliminaci\u00f3 de vegetaci\u00f3 invasora com ac\u00e0cies, ailants i canyes. La finalitat \u00e9s evitar obstruccions a la llera, facilitant el pas fluid de l&#039;aigua.<\/p>\n<p><strong>Inversi\u00f3 local per a seguretat ciutadana<\/strong><\/p>\n<p>La intervenci\u00f3 t\u00e9 un pressupost de 14.520 euros (IVA incl\u00f2s), finan\u00e7at completament amb recursos propis del municipi. Segons estimacions oficials, els treballs es prolongaran entre <strong>dues i tres setmanes<\/strong>, depenent de l&#039;accessibilitat i les condicions clim\u00e0tiques que es puguin presentar.<\/p>\n<p>La regidora de Medi Ambient, Pilar Vidal, va destacar la import\u00e0ncia d&#039;aquestes feines per prevenir inundacions: \u201c\u00e9s essencial netejar i conservar els barrancs del municipi per evitar qualsevol risc en la seguretat de la ciutadania\u201d.<\/p>\n<p><strong>Perm\u00eds especial per a manteniment continu<\/strong><\/p>\n<p>Des de l&#039;Ajuntament s&#039;ha sol\u00b7licitat a la Confederaci\u00f3 Hidrogr\u00e0fica del X\u00faquer una autoritzaci\u00f3 espec\u00edfica que permeti efectuar-los <strong>treballs de manera peri\u00f2dica durant els propers quatre anys<\/strong> sense necessitat de tramitar autoritzacions puntuals. Segons Vidal, aquesta mesura busca garantir una resposta r\u00e0pida davant de qualsevol necessitat de manteniment: \u201cAix\u00f2 permetr\u00e0 que la neteja es pugui fer sempre que sigui necess\u00e0ria, en temps i forma, sense necessitat d&#039;esperar l&#039;aprovaci\u00f3 dels treballs en cada actuaci\u00f3\u201d.<\/p>\n<p>Finalment, l&#039;Ajuntament ha demanat disculpes anticipades per les mol\u00e8sties que aquests treballs poguessin ocasionar als residents i visitants de la zona.<\/p>","protected":false},"excerpt":{"rendered":"<p>El pr\u00f3ximo jueves 27 de marzo, el Ayuntamiento de Teulada pondr\u00e1 en marcha una operaci\u00f3n integral para limpiar y acondicionar el tramo urbano del Barranco del Portet, concretamente desde las calles Puerto de B\u00e9jar y Puerto Moral hasta su desembocadura en la playa del mismo nombre. Este proyecto contempla la retirada de \u00e1rboles ca\u00eddos y [&#8230;]<\/p>\n<p><a class=\"btn btn-secondary understrap-read-more-link\" href=\"https:\/\/radiolitoral.com\/ca\/2025\/03\/el-ayuntamiento-de-teulada-acondiciona-el-cauce-del-barranco-del-portet\/\">Continua llegint&#8230;<span class=\"screen-reader-text\"> from El Ayuntamiento de Teulada acondiciona el cauce del Barranco del Portet<\/span><\/a><\/p>\n","protected":false},"author":14,"featured_media":15786,"comment_status":"open","ping_status":"closed","sticky":false,"template":"","format":"standard","meta":{"_acf_changed":false,"inline_featured_image":false,"footnotes":""},"categories":[325],"tags":[4010,4011,269,195],"class_list":["post-15785","post","type-post","status-publish","format-standard","has-post-thumbnail","hentry","category-medioambiente","tag-barranco-el-portet","tag-limpieza-barrancos","tag-medioambiente","tag-teulada-moraira","cobertura-teulada-moraira"],"acf":[],"yoast_head":"<!-- This site is optimized with the Yoast SEO plugin v27.5 - https:\/\/yoast.com\/product\/yoast-seo-wordpress\/ -->\n<title>El Ayuntamiento de Teulada acondiciona el cauce del Barranco del Portet | R\u00e0dio Litoral<\/title>\n<meta name=\"description\" content=\"El objetivo es evitar inundaciones y mantener la seguridad ante episodios de fuertes lluvias\" \/>\n<meta name=\"robots\" content=\"index, follow, max-snippet:-1, max-image-preview:large, max-video-preview:-1\" \/>\n<link rel=\"canonical\" href=\"https:\/\/radiolitoral.com\/ca\/2025\/03\/lajuntament-de-teulada-condiciona-la-llera-del-barranc-del-portet\/\" \/>\n<meta property=\"og:locale\" content=\"ca_ES\" \/>\n<meta property=\"og:type\" content=\"article\" \/>\n<meta property=\"og:title\" content=\"El Ayuntamiento de Teulada acondiciona el cauce del Barranco del Portet | R\u00e0dio Litoral\" \/>\n<meta property=\"og:description\" content=\"El objetivo es evitar inundaciones y mantener la seguridad ante episodios de fuertes lluvias\" \/>\n<meta property=\"og:url\" content=\"https:\/\/radiolitoral.com\/ca\/2025\/03\/lajuntament-de-teulada-condiciona-la-llera-del-barranc-del-portet\/\" \/>\n<meta property=\"og:site_name\" content=\"R\u00e0dio Litoral\" \/>\n<meta property=\"article:publisher\" content=\"https:\/\/www.facebook.com\/Laradiolitoral\/\" \/>\n<meta property=\"article:published_time\" content=\"2025-03-27T08:20:07+00:00\" \/>\n<meta property=\"og:image\" content=\"https:\/\/media.radiolitoral.com\/wp-content\/uploads\/2025\/03\/27091955\/NOTA-DE-PRENSA-El-Ayuntamiento-de-Teulada-limpia-el-cauce-del-Barranco-del-Portet-1024x724.png\" \/>\n\t<meta property=\"og:image:width\" content=\"1024\" \/>\n\t<meta property=\"og:image:height\" content=\"724\" \/>\n\t<meta property=\"og:image:type\" content=\"image\/png\" \/>\n<meta name=\"author\" content=\"Redacci\u00f3n\" \/>\n<meta name=\"twitter:card\" content=\"summary_large_image\" \/>\n<meta name=\"twitter:label1\" content=\"Escrit per\" \/>\n\t<meta name=\"twitter:data1\" content=\"Redacci\u00f3n\" \/>\n\t<meta name=\"twitter:label2\" content=\"Temps estimat de lectura\" \/>\n\t<meta name=\"twitter:data2\" content=\"2 minuts\" \/>\n<script type=\"application\/ld+json\" class=\"yoast-schema-graph\">{\"@context\":\"https:\\\/\\\/schema.org\",\"@graph\":[{\"@type\":\"NewsArticle\",\"@id\":\"https:\\\/\\\/radiolitoral.com\\\/2025\\\/03\\\/el-ayuntamiento-de-teulada-acondiciona-el-cauce-del-barranco-del-portet\\\/#article\",\"isPartOf\":{\"@id\":\"https:\\\/\\\/radiolitoral.com\\\/2025\\\/03\\\/el-ayuntamiento-de-teulada-acondiciona-el-cauce-del-barranco-del-portet\\\/\"},\"author\":{\"name\":\"Redacci\u00f3n\",\"@id\":\"https:\\\/\\\/radiolitoral.com\\\/#\\\/schema\\\/person\\\/96b739642eb3bedb532aac3812d23307\"},\"headline\":\"El Ayuntamiento de Teulada acondiciona el cauce del Barranco del Portet\",\"datePublished\":\"2025-03-27T08:20:07+00:00\",\"mainEntityOfPage\":{\"@id\":\"https:\\\/\\\/radiolitoral.com\\\/2025\\\/03\\\/el-ayuntamiento-de-teulada-acondiciona-el-cauce-del-barranco-del-portet\\\/\"},\"wordCount\":303,\"commentCount\":0,\"publisher\":{\"@id\":\"https:\\\/\\\/radiolitoral.com\\\/#organization\"},\"image\":{\"@id\":\"https:\\\/\\\/radiolitoral.com\\\/2025\\\/03\\\/el-ayuntamiento-de-teulada-acondiciona-el-cauce-del-barranco-del-portet\\\/#primaryimage\"},\"thumbnailUrl\":\"https:\\\/\\\/media.radiolitoral.com\\\/wp-content\\\/uploads\\\/2025\\\/03\\\/27091955\\\/NOTA-DE-PRENSA-El-Ayuntamiento-de-Teulada-limpia-el-cauce-del-Barranco-del-Portet.png\",\"keywords\":[\"barranco El Portet\",\"limpieza barrancos\",\"medioambiente\",\"Teulada-Moraira\"],\"articleSection\":[\"Medioambiente\"],\"inLanguage\":\"ca\",\"potentialAction\":[{\"@type\":\"CommentAction\",\"name\":\"Comment\",\"target\":[\"https:\\\/\\\/radiolitoral.com\\\/2025\\\/03\\\/el-ayuntamiento-de-teulada-acondiciona-el-cauce-del-barranco-del-portet\\\/#respond\"]}]},{\"@type\":[\"WebPage\",\"ItemPage\"],\"@id\":\"https:\\\/\\\/radiolitoral.com\\\/2025\\\/03\\\/el-ayuntamiento-de-teulada-acondiciona-el-cauce-del-barranco-del-portet\\\/\",\"url\":\"https:\\\/\\\/radiolitoral.com\\\/2025\\\/03\\\/el-ayuntamiento-de-teulada-acondiciona-el-cauce-del-barranco-del-portet\\\/\",\"name\":\"El Ayuntamiento de Teulada acondiciona el cauce del Barranco del Portet | R\u00e0dio Litoral\",\"isPartOf\":{\"@id\":\"https:\\\/\\\/radiolitoral.com\\\/#website\"},\"primaryImageOfPage\":{\"@id\":\"https:\\\/\\\/radiolitoral.com\\\/2025\\\/03\\\/el-ayuntamiento-de-teulada-acondiciona-el-cauce-del-barranco-del-portet\\\/#primaryimage\"},\"image\":{\"@id\":\"https:\\\/\\\/radiolitoral.com\\\/2025\\\/03\\\/el-ayuntamiento-de-teulada-acondiciona-el-cauce-del-barranco-del-portet\\\/#primaryimage\"},\"thumbnailUrl\":\"https:\\\/\\\/media.radiolitoral.com\\\/wp-content\\\/uploads\\\/2025\\\/03\\\/27091955\\\/NOTA-DE-PRENSA-El-Ayuntamiento-de-Teulada-limpia-el-cauce-del-Barranco-del-Portet.png\",\"datePublished\":\"2025-03-27T08:20:07+00:00\",\"description\":\"El objetivo es evitar inundaciones y mantener la seguridad ante episodios de fuertes lluvias\",\"breadcrumb\":{\"@id\":\"https:\\\/\\\/radiolitoral.com\\\/2025\\\/03\\\/el-ayuntamiento-de-teulada-acondiciona-el-cauce-del-barranco-del-portet\\\/#breadcrumb\"},\"inLanguage\":\"ca\",\"potentialAction\":[{\"@type\":\"ReadAction\",\"target\":[\"https:\\\/\\\/radiolitoral.com\\\/2025\\\/03\\\/el-ayuntamiento-de-teulada-acondiciona-el-cauce-del-barranco-del-portet\\\/\"]}]},{\"@type\":\"ImageObject\",\"inLanguage\":\"ca\",\"@id\":\"https:\\\/\\\/radiolitoral.com\\\/2025\\\/03\\\/el-ayuntamiento-de-teulada-acondiciona-el-cauce-del-barranco-del-portet\\\/#primaryimage\",\"url\":\"https:\\\/\\\/media.radiolitoral.com\\\/wp-content\\\/uploads\\\/2025\\\/03\\\/27091955\\\/NOTA-DE-PRENSA-El-Ayuntamiento-de-Teulada-limpia-el-cauce-del-Barranco-del-Portet.png\",\"contentUrl\":\"https:\\\/\\\/media.radiolitoral.com\\\/wp-content\\\/uploads\\\/2025\\\/03\\\/27091955\\\/NOTA-DE-PRENSA-El-Ayuntamiento-de-Teulada-limpia-el-cauce-del-Barranco-del-Portet.png\",\"width\":2245,\"height\":1587},{\"@type\":\"BreadcrumbList\",\"@id\":\"https:\\\/\\\/radiolitoral.com\\\/2025\\\/03\\\/el-ayuntamiento-de-teulada-acondiciona-el-cauce-del-barranco-del-portet\\\/#breadcrumb\",\"itemListElement\":[{\"@type\":\"ListItem\",\"position\":1,\"name\":\"Portada\",\"item\":\"https:\\\/\\\/radiolitoral.com\\\/\"},{\"@type\":\"ListItem\",\"position\":2,\"name\":\"El Ayuntamiento de Teulada acondiciona el cauce del Barranco del Portet\"}]},{\"@type\":\"WebSite\",\"@id\":\"https:\\\/\\\/radiolitoral.com\\\/#website\",\"url\":\"https:\\\/\\\/radiolitoral.com\\\/\",\"name\":\"Radio Litoral\",\"description\":\"La radio local de la Marina Alta\",\"publisher\":{\"@id\":\"https:\\\/\\\/radiolitoral.com\\\/#organization\"},\"alternateName\":\"Litoral FM\",\"potentialAction\":[{\"@type\":\"SearchAction\",\"target\":{\"@type\":\"EntryPoint\",\"urlTemplate\":\"https:\\\/\\\/radiolitoral.com\\\/?s={search_term_string}\"},\"query-input\":{\"@type\":\"PropertyValueSpecification\",\"valueRequired\":true,\"valueName\":\"search_term_string\"}}],\"inLanguage\":\"ca\"},{\"@type\":\"Organization\",\"@id\":\"https:\\\/\\\/radiolitoral.com\\\/#organization\",\"name\":\"Radio Litoral\",\"url\":\"https:\\\/\\\/radiolitoral.com\\\/\",\"logo\":{\"@type\":\"ImageObject\",\"inLanguage\":\"ca\",\"@id\":\"https:\\\/\\\/radiolitoral.com\\\/#\\\/schema\\\/logo\\\/image\\\/\",\"url\":\"https:\\\/\\\/media.radiolitoral.com\\\/wp-content\\\/uploads\\\/2023\\\/02\\\/24143238\\\/CL-V-RadioLitoral696.png\",\"contentUrl\":\"https:\\\/\\\/media.radiolitoral.com\\\/wp-content\\\/uploads\\\/2023\\\/02\\\/24143238\\\/CL-V-RadioLitoral696.png\",\"width\":696,\"height\":696,\"caption\":\"Radio Litoral\"},\"image\":{\"@id\":\"https:\\\/\\\/radiolitoral.com\\\/#\\\/schema\\\/logo\\\/image\\\/\"},\"sameAs\":[\"https:\\\/\\\/www.facebook.com\\\/Laradiolitoral\\\/\"]},{\"@type\":\"Person\",\"@id\":\"https:\\\/\\\/radiolitoral.com\\\/#\\\/schema\\\/person\\\/96b739642eb3bedb532aac3812d23307\",\"name\":\"Redacci\u00f3n\",\"image\":{\"@type\":\"ImageObject\",\"inLanguage\":\"ca\",\"@id\":\"https:\\\/\\\/secure.gravatar.com\\\/avatar\\\/30cd06129ee90411dd9c7cbdcf17464181d1a3c7b072e92070ea75a25cf0097e?s=96&d=mm&r=g\",\"url\":\"https:\\\/\\\/secure.gravatar.com\\\/avatar\\\/30cd06129ee90411dd9c7cbdcf17464181d1a3c7b072e92070ea75a25cf0097e?s=96&d=mm&r=g\",\"contentUrl\":\"https:\\\/\\\/secure.gravatar.com\\\/avatar\\\/30cd06129ee90411dd9c7cbdcf17464181d1a3c7b072e92070ea75a25cf0097e?s=96&d=mm&r=g\",\"caption\":\"Redacci\u00f3n\"},\"url\":\"https:\\\/\\\/radiolitoral.com\\\/ca\\\/author\\\/kevin-carrio\\\/\"}]}<\/script>\n<!-- \/ Yoast SEO plugin. -->","yoast_head_json":{"title":"L&#039;Ajuntament de Teulada condiciona la llera del Barranc del Portet | R\u00e0dio Litoral","description":"L&#039;objectiu \u00e9s evitar inundacions i mantenir la seguretat davant d&#039;episodis de fortes pluges","robots":{"index":"index","follow":"follow","max-snippet":"max-snippet:-1","max-image-preview":"max-image-preview:large","max-video-preview":"max-video-preview:-1"},"canonical":"https:\/\/radiolitoral.com\/ca\/2025\/03\/lajuntament-de-teulada-condiciona-la-llera-del-barranc-del-portet\/","og_locale":"ca_ES","og_type":"article","og_title":"El Ayuntamiento de Teulada acondiciona el cauce del Barranco del Portet | R\u00e0dio Litoral","og_description":"El objetivo es evitar inundaciones y mantener la seguridad ante episodios de fuertes lluvias","og_url":"https:\/\/radiolitoral.com\/ca\/2025\/03\/lajuntament-de-teulada-condiciona-la-llera-del-barranc-del-portet\/","og_site_name":"R\u00e0dio Litoral","article_publisher":"https:\/\/www.facebook.com\/Laradiolitoral\/","article_published_time":"2025-03-27T08:20:07+00:00","og_image":[{"width":1024,"height":724,"url":"https:\/\/media.radiolitoral.com\/wp-content\/uploads\/2025\/03\/27091955\/NOTA-DE-PRENSA-El-Ayuntamiento-de-Teulada-limpia-el-cauce-del-Barranco-del-Portet-1024x724.png","type":"image\/png"}],"author":"Redacci\u00f3n","twitter_card":"summary_large_image","twitter_misc":{"Escrit per":"Redacci\u00f3n","Temps estimat de lectura":"2 minuts"},"schema":{"@context":"https:\/\/schema.org","@graph":[{"@type":"NewsArticle","@id":"https:\/\/radiolitoral.com\/2025\/03\/el-ayuntamiento-de-teulada-acondiciona-el-cauce-del-barranco-del-portet\/#article","isPartOf":{"@id":"https:\/\/radiolitoral.com\/2025\/03\/el-ayuntamiento-de-teulada-acondiciona-el-cauce-del-barranco-del-portet\/"},"author":{"name":"Redacci\u00f3n","@id":"https:\/\/radiolitoral.com\/#\/schema\/person\/96b739642eb3bedb532aac3812d23307"},"headline":"El Ayuntamiento de Teulada acondiciona el cauce del Barranco del Portet","datePublished":"2025-03-27T08:20:07+00:00","mainEntityOfPage":{"@id":"https:\/\/radiolitoral.com\/2025\/03\/el-ayuntamiento-de-teulada-acondiciona-el-cauce-del-barranco-del-portet\/"},"wordCount":303,"commentCount":0,"publisher":{"@id":"https:\/\/radiolitoral.com\/#organization"},"image":{"@id":"https:\/\/radiolitoral.com\/2025\/03\/el-ayuntamiento-de-teulada-acondiciona-el-cauce-del-barranco-del-portet\/#primaryimage"},"thumbnailUrl":"https:\/\/media.radiolitoral.com\/wp-content\/uploads\/2025\/03\/27091955\/NOTA-DE-PRENSA-El-Ayuntamiento-de-Teulada-limpia-el-cauce-del-Barranco-del-Portet.png","keywords":["barranco El Portet","limpieza barrancos","medioambiente","Teulada-Moraira"],"articleSection":["Medioambiente"],"inLanguage":"ca","potentialAction":[{"@type":"CommentAction","name":"Comment","target":["https:\/\/radiolitoral.com\/2025\/03\/el-ayuntamiento-de-teulada-acondiciona-el-cauce-del-barranco-del-portet\/#respond"]}]},{"@type":["WebPage","ItemPage"],"@id":"https:\/\/radiolitoral.com\/2025\/03\/el-ayuntamiento-de-teulada-acondiciona-el-cauce-del-barranco-del-portet\/","url":"https:\/\/radiolitoral.com\/2025\/03\/el-ayuntamiento-de-teulada-acondiciona-el-cauce-del-barranco-del-portet\/","name":"L&#039;Ajuntament de Teulada condiciona la llera del Barranc del Portet | R\u00e0dio Litoral","isPartOf":{"@id":"https:\/\/radiolitoral.com\/#website"},"primaryImageOfPage":{"@id":"https:\/\/radiolitoral.com\/2025\/03\/el-ayuntamiento-de-teulada-acondiciona-el-cauce-del-barranco-del-portet\/#primaryimage"},"image":{"@id":"https:\/\/radiolitoral.com\/2025\/03\/el-ayuntamiento-de-teulada-acondiciona-el-cauce-del-barranco-del-portet\/#primaryimage"},"thumbnailUrl":"https:\/\/media.radiolitoral.com\/wp-content\/uploads\/2025\/03\/27091955\/NOTA-DE-PRENSA-El-Ayuntamiento-de-Teulada-limpia-el-cauce-del-Barranco-del-Portet.png","datePublished":"2025-03-27T08:20:07+00:00","description":"L&#039;objectiu \u00e9s evitar inundacions i mantenir la seguretat davant d&#039;episodis de fortes pluges","breadcrumb":{"@id":"https:\/\/radiolitoral.com\/2025\/03\/el-ayuntamiento-de-teulada-acondiciona-el-cauce-del-barranco-del-portet\/#breadcrumb"},"inLanguage":"ca","potentialAction":[{"@type":"ReadAction","target":["https:\/\/radiolitoral.com\/2025\/03\/el-ayuntamiento-de-teulada-acondiciona-el-cauce-del-barranco-del-portet\/"]}]},{"@type":"ImageObject","inLanguage":"ca","@id":"https:\/\/radiolitoral.com\/2025\/03\/el-ayuntamiento-de-teulada-acondiciona-el-cauce-del-barranco-del-portet\/#primaryimage","url":"https:\/\/media.radiolitoral.com\/wp-content\/uploads\/2025\/03\/27091955\/NOTA-DE-PRENSA-El-Ayuntamiento-de-Teulada-limpia-el-cauce-del-Barranco-del-Portet.png","contentUrl":"https:\/\/media.radiolitoral.com\/wp-content\/uploads\/2025\/03\/27091955\/NOTA-DE-PRENSA-El-Ayuntamiento-de-Teulada-limpia-el-cauce-del-Barranco-del-Portet.png","width":2245,"height":1587},{"@type":"BreadcrumbList","@id":"https:\/\/radiolitoral.com\/2025\/03\/el-ayuntamiento-de-teulada-acondiciona-el-cauce-del-barranco-del-portet\/#breadcrumb","itemListElement":[{"@type":"ListItem","position":1,"name":"Portada","item":"https:\/\/radiolitoral.com\/"},{"@type":"ListItem","position":2,"name":"El Ayuntamiento de Teulada acondiciona el cauce del Barranco del Portet"}]},{"@type":"WebSite","@id":"https:\/\/radiolitoral.com\/#website","url":"https:\/\/radiolitoral.com\/","name":"R\u00e0dio Litoral","description":"La r\u00e0dio local de la Marina Alta","publisher":{"@id":"https:\/\/radiolitoral.com\/#organization"},"alternateName":"Litoral FM","potentialAction":[{"@type":"SearchAction","target":{"@type":"EntryPoint","urlTemplate":"https:\/\/radiolitoral.com\/?s={search_term_string}"},"query-input":{"@type":"PropertyValueSpecification","valueRequired":true,"valueName":"search_term_string"}}],"inLanguage":"ca"},{"@type":"Organization","@id":"https:\/\/radiolitoral.com\/#organization","name":"R\u00e0dio Litoral","url":"https:\/\/radiolitoral.com\/","logo":{"@type":"ImageObject","inLanguage":"ca","@id":"https:\/\/radiolitoral.com\/#\/schema\/logo\/image\/","url":"https:\/\/media.radiolitoral.com\/wp-content\/uploads\/2023\/02\/24143238\/CL-V-RadioLitoral696.png","contentUrl":"https:\/\/media.radiolitoral.com\/wp-content\/uploads\/2023\/02\/24143238\/CL-V-RadioLitoral696.png","width":696,"height":696,"caption":"Radio Litoral"},"image":{"@id":"https:\/\/radiolitoral.com\/#\/schema\/logo\/image\/"},"sameAs":["https:\/\/www.facebook.com\/Laradiolitoral\/"]},{"@type":"Person","@id":"https:\/\/radiolitoral.com\/#\/schema\/person\/96b739642eb3bedb532aac3812d23307","name":"Redacci\u00f3","image":{"@type":"ImageObject","inLanguage":"ca","@id":"https:\/\/secure.gravatar.com\/avatar\/30cd06129ee90411dd9c7cbdcf17464181d1a3c7b072e92070ea75a25cf0097e?s=96&d=mm&r=g","url":"https:\/\/secure.gravatar.com\/avatar\/30cd06129ee90411dd9c7cbdcf17464181d1a3c7b072e92070ea75a25cf0097e?s=96&d=mm&r=g","contentUrl":"https:\/\/secure.gravatar.com\/avatar\/30cd06129ee90411dd9c7cbdcf17464181d1a3c7b072e92070ea75a25cf0097e?s=96&d=mm&r=g","caption":"Redacci\u00f3n"},"url":"https:\/\/radiolitoral.com\/ca\/author\/kevin-carrio\/"}]}},"_links":{"self":[{"href":"https:\/\/radiolitoral.com\/ca\/wp-json\/wp\/v2\/posts\/15785","targetHints":{"allow":["GET"]}}],"collection":[{"href":"https:\/\/radiolitoral.com\/ca\/wp-json\/wp\/v2\/posts"}],"about":[{"href":"https:\/\/radiolitoral.com\/ca\/wp-json\/wp\/v2\/types\/post"}],"author":[{"embeddable":true,"href":"https:\/\/radiolitoral.com\/ca\/wp-json\/wp\/v2\/users\/14"}],"replies":[{"embeddable":true,"href":"https:\/\/radiolitoral.com\/ca\/wp-json\/wp\/v2\/comments?post=15785"}],"version-history":[{"count":1,"href":"https:\/\/radiolitoral.com\/ca\/wp-json\/wp\/v2\/posts\/15785\/revisions"}],"predecessor-version":[{"id":15787,"href":"https:\/\/radiolitoral.com\/ca\/wp-json\/wp\/v2\/posts\/15785\/revisions\/15787"}],"wp:featuredmedia":[{"embeddable":true,"href":"https:\/\/radiolitoral.com\/ca\/wp-json\/wp\/v2\/media\/15786"}],"wp:attachment":[{"href":"https:\/\/radiolitoral.com\/ca\/wp-json\/wp\/v2\/media?parent=15785"}],"wp:term":[{"taxonomy":"category","embeddable":true,"href":"https:\/\/radiolitoral.com\/ca\/wp-json\/wp\/v2\/categories?post=15785"},{"taxonomy":"post_tag","embeddable":true,"href":"https:\/\/radiolitoral.com\/ca\/wp-json\/wp\/v2\/tags?post=15785"}],"curies":[{"name":"wp","href":"https:\/\/api.w.org\/{rel}","templated":true}]}}