{"id":15766,"date":"2025-03-26T14:43:18","date_gmt":"2025-03-26T13:43:18","guid":{"rendered":"https:\/\/radiolitoral.com\/?p=15766"},"modified":"2025-03-26T14:46:54","modified_gmt":"2025-03-26T13:46:54","slug":"la-policia-nacional-desmantella-un-call-center-a-benissa-i-dete-7-persones","status":"publish","type":"post","link":"https:\/\/radiolitoral.com\/ca\/2025\/03\/la-policia-nacional-desmantela-un-call-center-en-benissa-y-detiene-a-7-personas\/","title":{"rendered":"La Policia Nacional desmantella un call center a Benissa i det\u00e9 7 persones"},"content":{"rendered":"<p class=\"\" data-start=\"321\" data-end=\"910\">La <strong data-start=\"359\" data-end=\"379\">Policia Nacional<\/strong> ha desmantellat una <strong data-start=\"400\" data-end=\"425\">organitzaci\u00f3 criminal<\/strong> que operava des d&#039;un <strong data-start=\"447\" data-end=\"474\">call center a Alacant<\/strong>, on feien estafes com la del \u00absicari\u00bb i el \u00abfill en dificultats\u00bb.<\/p>\n<p class=\"\" data-start=\"321\" data-end=\"910\">En total, <strong data-start=\"556\" data-end=\"571\">73 persones<\/strong> han estat detingudes en el marc de l&#039;operaci\u00f3, que va incloure 22 registres simultanis a <strong data-start=\"660\" data-end=\"672\" data-is-only-node=\"\">Val\u00e8ncia<\/strong>, <strong data-start=\"674\" data-end=\"685\">Benissa<\/strong> (Alacant) i <strong data-start=\"699\" data-end=\"712\">Barcelona<\/strong>. Els detinguts formaven una estructura jer\u00e0rquica amb <strong data-start=\"767\" data-end=\"781\">captadors<\/strong>, <strong data-start=\"783\" data-end=\"798\">extractors<\/strong>, <strong data-start=\"800\" data-end=\"809\">mules<\/strong> i <strong data-start=\"812\" data-end=\"821\">veus<\/strong>, que contactaven amb v\u00edctimes pr\u00e8viament enganyades per <strong data-start=\"878\" data-end=\"909\">p\u00e0gines web falses de cites<\/strong>.<\/p>\n<p class=\"\" data-start=\"321\" data-end=\"910\">S&#039;estima que la xarxa criminal ha recaptat m\u00e9s de <strong data-start=\"962\" data-end=\"984\">2.000.000 euros<\/strong>, majorit\u00e0riament en efectiu, i utilitzava <strong data-start=\"1025\" data-end=\"1047\">empreses fict\u00edcies<\/strong> per <strong data-start=\"1053\" data-end=\"1081\">blanquejar els beneficis<\/strong>, moltes administrades per la mare del l\u00edder de l&#039;organitzaci\u00f3.<\/p>\n<p class=\"\" data-start=\"321\" data-end=\"910\">Durant els registres, van confiscar <strong data-start=\"1193\" data-end=\"1210\">250.000 euros<\/strong>, <strong data-start=\"1212\" data-end=\"1230\">armes de foc<\/strong>, <strong data-start=\"1232\" data-end=\"1244\">matxets<\/strong>, i es va aconseguir el <strong data-start=\"1260\" data-end=\"1296\">bloqueig de 129 comptes bancaris<\/strong> i <strong data-start=\"1299\" data-end=\"1322\">m\u00e9s de 20 vehicles<\/strong>. A m\u00e9s, es van trobar <strong data-start=\"1347\" data-end=\"1367\">v\u00eddeos violents<\/strong> usats per intimidar les v\u00edctimes, els qui rebien amenaces acompanyades d&#039;imatges de <strong data-start=\"1459\" data-end=\"1483\">agressions violentes<\/strong> per for\u00e7ar-les a fer pagaments.<\/p>\n<p class=\"\" data-start=\"321\" data-end=\"910\">Entre les t\u00e0ctiques d&#039;extorsi\u00f3 hi havia amenaces per part dels <strong data-start=\"1588\" data-end=\"1600\">sicaris<\/strong>, els qui, despr\u00e9s d&#039;un primer contacte a trav\u00e9s dels anuncis falsos, exigien diners sota amenaces de viol\u00e8ncia. Tamb\u00e9 es va descobrir l&#039;\u00fas de l&#039;estafa del \u00abfill amb problemes\u00bb, on els delinq\u00fcents es feien passar pels fills de les v\u00edctimes per sol\u00b7licitar <strong data-start=\"1858\" data-end=\"1876\">diners urgents<\/strong>.<\/p>\n<p class=\"\" data-start=\"321\" data-end=\"910\">L&#039;operaci\u00f3 va culminar amb la detenci\u00f3 de 73 persones, incloent-ne 7 a <strong data-start=\"1949\" data-end=\"1960\">Benissa<\/strong>, i la incautaci\u00f3 de materials inform\u00e0tics, <strong data-start=\"2007\" data-end=\"2032\">90 terminals m\u00f2bils<\/strong> i <strong data-start=\"2035\" data-end=\"2045\">drogues<\/strong>, a m\u00e9s de la <strong data-start=\"2060\" data-end=\"2087\">detenci\u00f3 de 7 membres<\/strong> de l&#039;organitzaci\u00f3 que han ingressat a la pres\u00f3. La investigaci\u00f3 continua oberta, ja que s&#039;estima que n&#039;hi ha m\u00e9s de <strong data-start=\"2204\" data-end=\"2222\">2.000 v\u00edctimes<\/strong>.<\/p>\n<figure id=\"attachment_15764\" aria-describedby=\"caption-attachment-15764\" style=\"width: 1600px\" class=\"wp-caption alignnone\"><img loading=\"lazy\" decoding=\"async\" class=\"wp-image-15764 size-full\" src=\"https:\/\/media.radiolitoral.com\/wp-content\/uploads\/2025\/03\/26143931\/prota-1.jpg\" alt=\"\" width=\"1600\" height=\"955\" srcset=\"https:\/\/media.radiolitoral.com\/wp-content\/uploads\/2025\/03\/26143931\/prota-1.jpg 1600w, https:\/\/media.radiolitoral.com\/wp-content\/uploads\/2025\/03\/26143931\/prota-1-300x179.jpg 300w, https:\/\/media.radiolitoral.com\/wp-content\/uploads\/2025\/03\/26143931\/prota-1-1024x611.jpg 1024w, https:\/\/media.radiolitoral.com\/wp-content\/uploads\/2025\/03\/26143931\/prota-1-768x458.jpg 768w, https:\/\/media.radiolitoral.com\/wp-content\/uploads\/2025\/03\/26143931\/prota-1-1536x917.jpg 1536w, https:\/\/media.radiolitoral.com\/wp-content\/uploads\/2025\/03\/26143931\/prota-1-18x12.jpg 18w, https:\/\/media.radiolitoral.com\/wp-content\/uploads\/2025\/03\/26143931\/prota-1-1000x597.jpg 1000w, https:\/\/media.radiolitoral.com\/wp-content\/uploads\/2025\/03\/26143931\/prota-1-100x60.jpg 100w, https:\/\/media.radiolitoral.com\/wp-content\/uploads\/2025\/03\/26143931\/prota-1-200x119.jpg 200w\" sizes=\"auto, (max-width: 1600px) 100vw, 1600px\" \/><figcaption id=\"caption-attachment-15764\" class=\"wp-caption-text\">Policia Nacional<\/figcaption><\/figure>","protected":false},"excerpt":{"rendered":"<p>La Polic\u00eda Nacional ha desmantelado una organizaci\u00f3n criminal que operaba desde un call center en Alicante, donde realizaban estafas como la del \u00absicario\u00bb y el \u00abhijo en apuros\u00bb. En total, 73 personas han sido detenidas en el marco de la operaci\u00f3n, que incluy\u00f3 22 registros simult\u00e1neos en Valencia, Benissa (Alicante) y Barcelona. Los detenidos formaban [&#8230;]<\/p>\n<p><a class=\"btn btn-secondary understrap-read-more-link\" href=\"https:\/\/radiolitoral.com\/ca\/2025\/03\/la-policia-nacional-desmantela-un-call-center-en-benissa-y-detiene-a-7-personas\/\">Continua llegint&#8230;<span class=\"screen-reader-text\"> from La Polic\u00eda Nacional desmantela un call center en Benissa y detiene a 7 personas<\/span><\/a><\/p>\n","protected":false},"author":13,"featured_media":15765,"comment_status":"open","ping_status":"closed","sticky":false,"template":"","format":"standard","meta":{"_acf_changed":false,"inline_featured_image":false,"footnotes":""},"categories":[8],"tags":[126,4004,10,4007,4006,4005,1022,1023],"class_list":["post-15766","post","type-post","status-publish","format-standard","has-post-thumbnail","hentry","category-sucesos","tag-benissa","tag-call-center","tag-detenciones","tag-estafa-del-hijo-en-apuros","tag-estafa-del-sicario","tag-grupo-criminal","tag-policia-nacional","tag-sucesos","cobertura-benissa"],"acf":[],"yoast_head":"<!-- This site is optimized with the Yoast SEO plugin v27.5 - https:\/\/yoast.com\/product\/yoast-seo-wordpress\/ -->\n<title>La Polic\u00eda Nacional desmantela un call center en Benissa y detiene a 7 personas | R\u00e0dio Litoral<\/title>\n<meta name=\"description\" content=\"La operaci\u00f3n se salda con la detenci\u00f3n de 73 personas en 22 registros en Valencia, Barcelona y Alicante La operaci\u00f3n se salda con incautaci\u00f3n de 250.000 euros, armas y veh\u00edculos, tras 22 registros en Valencia, Barcelona y Alicante\" \/>\n<meta name=\"robots\" content=\"index, follow, max-snippet:-1, max-image-preview:large, max-video-preview:-1\" \/>\n<link rel=\"canonical\" href=\"https:\/\/radiolitoral.com\/ca\/2025\/03\/la-policia-nacional-desmantella-un-call-center-a-benissa-i-dete-7-persones\/\" \/>\n<meta property=\"og:locale\" content=\"ca_ES\" \/>\n<meta property=\"og:type\" content=\"article\" \/>\n<meta property=\"og:title\" content=\"La Polic\u00eda Nacional desmantela un call center en Benissa y detiene a 7 personas | R\u00e0dio Litoral\" \/>\n<meta property=\"og:description\" content=\"La operaci\u00f3n se salda con la detenci\u00f3n de 73 personas en 22 registros en Valencia, Barcelona y Alicante La operaci\u00f3n se salda con incautaci\u00f3n de 250.000 euros, armas y veh\u00edculos, tras 22 registros en Valencia, Barcelona y Alicante\" \/>\n<meta property=\"og:url\" content=\"https:\/\/radiolitoral.com\/ca\/2025\/03\/la-policia-nacional-desmantella-un-call-center-a-benissa-i-dete-7-persones\/\" \/>\n<meta property=\"og:site_name\" content=\"R\u00e0dio Litoral\" \/>\n<meta property=\"article:publisher\" content=\"https:\/\/www.facebook.com\/Laradiolitoral\/\" \/>\n<meta property=\"article:published_time\" content=\"2025-03-26T13:43:18+00:00\" \/>\n<meta property=\"article:modified_time\" content=\"2025-03-26T13:46:54+00:00\" \/>\n<meta property=\"og:image\" content=\"https:\/\/media.radiolitoral.com\/wp-content\/uploads\/2025\/03\/26143936\/prota-2.jpg\" \/>\n\t<meta property=\"og:image:width\" content=\"1600\" \/>\n\t<meta property=\"og:image:height\" content=\"1200\" \/>\n\t<meta property=\"og:image:type\" content=\"image\/jpeg\" \/>\n<meta name=\"author\" content=\"Redacci\u00f3n\" \/>\n<meta name=\"twitter:card\" content=\"summary_large_image\" \/>\n<meta name=\"twitter:label1\" content=\"Escrit per\" \/>\n\t<meta name=\"twitter:data1\" content=\"Redacci\u00f3n\" \/>\n\t<meta name=\"twitter:label2\" content=\"Temps estimat de lectura\" \/>\n\t<meta name=\"twitter:data2\" content=\"2 minuts\" \/>\n<script type=\"application\/ld+json\" class=\"yoast-schema-graph\">{\"@context\":\"https:\\\/\\\/schema.org\",\"@graph\":[{\"@type\":\"NewsArticle\",\"@id\":\"https:\\\/\\\/radiolitoral.com\\\/2025\\\/03\\\/la-policia-nacional-desmantela-un-call-center-en-benissa-y-detiene-a-7-personas\\\/#article\",\"isPartOf\":{\"@id\":\"https:\\\/\\\/radiolitoral.com\\\/2025\\\/03\\\/la-policia-nacional-desmantela-un-call-center-en-benissa-y-detiene-a-7-personas\\\/\"},\"author\":{\"name\":\"Redacci\u00f3n\",\"@id\":\"https:\\\/\\\/radiolitoral.com\\\/#\\\/schema\\\/person\\\/f2b2343c49b5d721857cc1002bfdb151\"},\"headline\":\"La Polic\u00eda Nacional desmantela un call center en Benissa y detiene a 7 personas\",\"datePublished\":\"2025-03-26T13:43:18+00:00\",\"dateModified\":\"2025-03-26T13:46:54+00:00\",\"mainEntityOfPage\":{\"@id\":\"https:\\\/\\\/radiolitoral.com\\\/2025\\\/03\\\/la-policia-nacional-desmantela-un-call-center-en-benissa-y-detiene-a-7-personas\\\/\"},\"wordCount\":328,\"commentCount\":0,\"publisher\":{\"@id\":\"https:\\\/\\\/radiolitoral.com\\\/#organization\"},\"image\":{\"@id\":\"https:\\\/\\\/radiolitoral.com\\\/2025\\\/03\\\/la-policia-nacional-desmantela-un-call-center-en-benissa-y-detiene-a-7-personas\\\/#primaryimage\"},\"thumbnailUrl\":\"https:\\\/\\\/media.radiolitoral.com\\\/wp-content\\\/uploads\\\/2025\\\/03\\\/26143936\\\/prota-2.jpg\",\"keywords\":[\"Benissa\",\"call center\",\"Detenciones\",\"estafa del hijo en apuros\",\"estafa del sicario\",\"grupo criminal\",\"Polic\u00eda nacional\",\"sucesos\"],\"articleSection\":[\"Sucesos\"],\"inLanguage\":\"ca\",\"potentialAction\":[{\"@type\":\"CommentAction\",\"name\":\"Comment\",\"target\":[\"https:\\\/\\\/radiolitoral.com\\\/2025\\\/03\\\/la-policia-nacional-desmantela-un-call-center-en-benissa-y-detiene-a-7-personas\\\/#respond\"]}]},{\"@type\":[\"WebPage\",\"ItemPage\"],\"@id\":\"https:\\\/\\\/radiolitoral.com\\\/2025\\\/03\\\/la-policia-nacional-desmantela-un-call-center-en-benissa-y-detiene-a-7-personas\\\/\",\"url\":\"https:\\\/\\\/radiolitoral.com\\\/2025\\\/03\\\/la-policia-nacional-desmantela-un-call-center-en-benissa-y-detiene-a-7-personas\\\/\",\"name\":\"La Polic\u00eda Nacional desmantela un call center en Benissa y detiene a 7 personas | R\u00e0dio Litoral\",\"isPartOf\":{\"@id\":\"https:\\\/\\\/radiolitoral.com\\\/#website\"},\"primaryImageOfPage\":{\"@id\":\"https:\\\/\\\/radiolitoral.com\\\/2025\\\/03\\\/la-policia-nacional-desmantela-un-call-center-en-benissa-y-detiene-a-7-personas\\\/#primaryimage\"},\"image\":{\"@id\":\"https:\\\/\\\/radiolitoral.com\\\/2025\\\/03\\\/la-policia-nacional-desmantela-un-call-center-en-benissa-y-detiene-a-7-personas\\\/#primaryimage\"},\"thumbnailUrl\":\"https:\\\/\\\/media.radiolitoral.com\\\/wp-content\\\/uploads\\\/2025\\\/03\\\/26143936\\\/prota-2.jpg\",\"datePublished\":\"2025-03-26T13:43:18+00:00\",\"dateModified\":\"2025-03-26T13:46:54+00:00\",\"description\":\"La operaci\u00f3n se salda con la detenci\u00f3n de 73 personas en 22 registros en Valencia, Barcelona y Alicante La operaci\u00f3n se salda con incautaci\u00f3n de 250.000 euros, armas y veh\u00edculos, tras 22 registros en Valencia, Barcelona y Alicante\",\"breadcrumb\":{\"@id\":\"https:\\\/\\\/radiolitoral.com\\\/2025\\\/03\\\/la-policia-nacional-desmantela-un-call-center-en-benissa-y-detiene-a-7-personas\\\/#breadcrumb\"},\"inLanguage\":\"ca\",\"potentialAction\":[{\"@type\":\"ReadAction\",\"target\":[\"https:\\\/\\\/radiolitoral.com\\\/2025\\\/03\\\/la-policia-nacional-desmantela-un-call-center-en-benissa-y-detiene-a-7-personas\\\/\"]}]},{\"@type\":\"ImageObject\",\"inLanguage\":\"ca\",\"@id\":\"https:\\\/\\\/radiolitoral.com\\\/2025\\\/03\\\/la-policia-nacional-desmantela-un-call-center-en-benissa-y-detiene-a-7-personas\\\/#primaryimage\",\"url\":\"https:\\\/\\\/media.radiolitoral.com\\\/wp-content\\\/uploads\\\/2025\\\/03\\\/26143936\\\/prota-2.jpg\",\"contentUrl\":\"https:\\\/\\\/media.radiolitoral.com\\\/wp-content\\\/uploads\\\/2025\\\/03\\\/26143936\\\/prota-2.jpg\",\"width\":1600,\"height\":1200},{\"@type\":\"BreadcrumbList\",\"@id\":\"https:\\\/\\\/radiolitoral.com\\\/2025\\\/03\\\/la-policia-nacional-desmantela-un-call-center-en-benissa-y-detiene-a-7-personas\\\/#breadcrumb\",\"itemListElement\":[{\"@type\":\"ListItem\",\"position\":1,\"name\":\"Portada\",\"item\":\"https:\\\/\\\/radiolitoral.com\\\/\"},{\"@type\":\"ListItem\",\"position\":2,\"name\":\"La Polic\u00eda Nacional desmantela un call center en Benissa y detiene a 7 personas\"}]},{\"@type\":\"WebSite\",\"@id\":\"https:\\\/\\\/radiolitoral.com\\\/#website\",\"url\":\"https:\\\/\\\/radiolitoral.com\\\/\",\"name\":\"Radio Litoral\",\"description\":\"La radio local de la Marina Alta\",\"publisher\":{\"@id\":\"https:\\\/\\\/radiolitoral.com\\\/#organization\"},\"alternateName\":\"Litoral FM\",\"potentialAction\":[{\"@type\":\"SearchAction\",\"target\":{\"@type\":\"EntryPoint\",\"urlTemplate\":\"https:\\\/\\\/radiolitoral.com\\\/?s={search_term_string}\"},\"query-input\":{\"@type\":\"PropertyValueSpecification\",\"valueRequired\":true,\"valueName\":\"search_term_string\"}}],\"inLanguage\":\"ca\"},{\"@type\":\"Organization\",\"@id\":\"https:\\\/\\\/radiolitoral.com\\\/#organization\",\"name\":\"Radio Litoral\",\"url\":\"https:\\\/\\\/radiolitoral.com\\\/\",\"logo\":{\"@type\":\"ImageObject\",\"inLanguage\":\"ca\",\"@id\":\"https:\\\/\\\/radiolitoral.com\\\/#\\\/schema\\\/logo\\\/image\\\/\",\"url\":\"https:\\\/\\\/media.radiolitoral.com\\\/wp-content\\\/uploads\\\/2023\\\/02\\\/24143238\\\/CL-V-RadioLitoral696.png\",\"contentUrl\":\"https:\\\/\\\/media.radiolitoral.com\\\/wp-content\\\/uploads\\\/2023\\\/02\\\/24143238\\\/CL-V-RadioLitoral696.png\",\"width\":696,\"height\":696,\"caption\":\"Radio Litoral\"},\"image\":{\"@id\":\"https:\\\/\\\/radiolitoral.com\\\/#\\\/schema\\\/logo\\\/image\\\/\"},\"sameAs\":[\"https:\\\/\\\/www.facebook.com\\\/Laradiolitoral\\\/\"]},{\"@type\":\"Person\",\"@id\":\"https:\\\/\\\/radiolitoral.com\\\/#\\\/schema\\\/person\\\/f2b2343c49b5d721857cc1002bfdb151\",\"name\":\"Redacci\u00f3n\",\"image\":{\"@type\":\"ImageObject\",\"inLanguage\":\"ca\",\"@id\":\"https:\\\/\\\/secure.gravatar.com\\\/avatar\\\/f771d896c203ad8b3382d7905cfcce5a5c9b008b84b3cd9114e9b9f4cb63f789?s=96&d=mm&r=g\",\"url\":\"https:\\\/\\\/secure.gravatar.com\\\/avatar\\\/f771d896c203ad8b3382d7905cfcce5a5c9b008b84b3cd9114e9b9f4cb63f789?s=96&d=mm&r=g\",\"contentUrl\":\"https:\\\/\\\/secure.gravatar.com\\\/avatar\\\/f771d896c203ad8b3382d7905cfcce5a5c9b008b84b3cd9114e9b9f4cb63f789?s=96&d=mm&r=g\",\"caption\":\"Redacci\u00f3n\"},\"url\":\"https:\\\/\\\/radiolitoral.com\\\/ca\\\/author\\\/miriam-pagan\\\/\"}]}<\/script>\n<!-- \/ Yoast SEO plugin. -->","yoast_head_json":{"title":"La Policia Nacional desmantella un call center a Benissa i det\u00e9 7 persones | R\u00e0dio Litoral","description":"L&#039;operaci\u00f3 se salda amb la detenci\u00f3 de 73 persones a 22 registres a Val\u00e8ncia, Barcelona i Alacant L&#039;operaci\u00f3 se salda amb incautaci\u00f3 de 250.000 euros, armes i vehicles, despr\u00e9s de 22 registres a Val\u00e8ncia, Barcelona i Alacant","robots":{"index":"index","follow":"follow","max-snippet":"max-snippet:-1","max-image-preview":"max-image-preview:large","max-video-preview":"max-video-preview:-1"},"canonical":"https:\/\/radiolitoral.com\/ca\/2025\/03\/la-policia-nacional-desmantella-un-call-center-a-benissa-i-dete-7-persones\/","og_locale":"ca_ES","og_type":"article","og_title":"La Polic\u00eda Nacional desmantela un call center en Benissa y detiene a 7 personas | R\u00e0dio Litoral","og_description":"La operaci\u00f3n se salda con la detenci\u00f3n de 73 personas en 22 registros en Valencia, Barcelona y Alicante La operaci\u00f3n se salda con incautaci\u00f3n de 250.000 euros, armas y veh\u00edculos, tras 22 registros en Valencia, Barcelona y Alicante","og_url":"https:\/\/radiolitoral.com\/ca\/2025\/03\/la-policia-nacional-desmantella-un-call-center-a-benissa-i-dete-7-persones\/","og_site_name":"R\u00e0dio Litoral","article_publisher":"https:\/\/www.facebook.com\/Laradiolitoral\/","article_published_time":"2025-03-26T13:43:18+00:00","article_modified_time":"2025-03-26T13:46:54+00:00","og_image":[{"width":1600,"height":1200,"url":"https:\/\/media.radiolitoral.com\/wp-content\/uploads\/2025\/03\/26143936\/prota-2.jpg","type":"image\/jpeg"}],"author":"Redacci\u00f3n","twitter_card":"summary_large_image","twitter_misc":{"Escrit per":"Redacci\u00f3n","Temps estimat de lectura":"2 minuts"},"schema":{"@context":"https:\/\/schema.org","@graph":[{"@type":"NewsArticle","@id":"https:\/\/radiolitoral.com\/2025\/03\/la-policia-nacional-desmantela-un-call-center-en-benissa-y-detiene-a-7-personas\/#article","isPartOf":{"@id":"https:\/\/radiolitoral.com\/2025\/03\/la-policia-nacional-desmantela-un-call-center-en-benissa-y-detiene-a-7-personas\/"},"author":{"name":"Redacci\u00f3n","@id":"https:\/\/radiolitoral.com\/#\/schema\/person\/f2b2343c49b5d721857cc1002bfdb151"},"headline":"La Polic\u00eda Nacional desmantela un call center en Benissa y detiene a 7 personas","datePublished":"2025-03-26T13:43:18+00:00","dateModified":"2025-03-26T13:46:54+00:00","mainEntityOfPage":{"@id":"https:\/\/radiolitoral.com\/2025\/03\/la-policia-nacional-desmantela-un-call-center-en-benissa-y-detiene-a-7-personas\/"},"wordCount":328,"commentCount":0,"publisher":{"@id":"https:\/\/radiolitoral.com\/#organization"},"image":{"@id":"https:\/\/radiolitoral.com\/2025\/03\/la-policia-nacional-desmantela-un-call-center-en-benissa-y-detiene-a-7-personas\/#primaryimage"},"thumbnailUrl":"https:\/\/media.radiolitoral.com\/wp-content\/uploads\/2025\/03\/26143936\/prota-2.jpg","keywords":["Benissa","call center","Detenciones","estafa del hijo en apuros","estafa del sicario","grupo criminal","Polic\u00eda nacional","sucesos"],"articleSection":["Sucesos"],"inLanguage":"ca","potentialAction":[{"@type":"CommentAction","name":"Comment","target":["https:\/\/radiolitoral.com\/2025\/03\/la-policia-nacional-desmantela-un-call-center-en-benissa-y-detiene-a-7-personas\/#respond"]}]},{"@type":["WebPage","ItemPage"],"@id":"https:\/\/radiolitoral.com\/2025\/03\/la-policia-nacional-desmantela-un-call-center-en-benissa-y-detiene-a-7-personas\/","url":"https:\/\/radiolitoral.com\/2025\/03\/la-policia-nacional-desmantela-un-call-center-en-benissa-y-detiene-a-7-personas\/","name":"La Policia Nacional desmantella un call center a Benissa i det\u00e9 7 persones | R\u00e0dio Litoral","isPartOf":{"@id":"https:\/\/radiolitoral.com\/#website"},"primaryImageOfPage":{"@id":"https:\/\/radiolitoral.com\/2025\/03\/la-policia-nacional-desmantela-un-call-center-en-benissa-y-detiene-a-7-personas\/#primaryimage"},"image":{"@id":"https:\/\/radiolitoral.com\/2025\/03\/la-policia-nacional-desmantela-un-call-center-en-benissa-y-detiene-a-7-personas\/#primaryimage"},"thumbnailUrl":"https:\/\/media.radiolitoral.com\/wp-content\/uploads\/2025\/03\/26143936\/prota-2.jpg","datePublished":"2025-03-26T13:43:18+00:00","dateModified":"2025-03-26T13:46:54+00:00","description":"L&#039;operaci\u00f3 se salda amb la detenci\u00f3 de 73 persones a 22 registres a Val\u00e8ncia, Barcelona i Alacant L&#039;operaci\u00f3 se salda amb incautaci\u00f3 de 250.000 euros, armes i vehicles, despr\u00e9s de 22 registres a Val\u00e8ncia, Barcelona i Alacant","breadcrumb":{"@id":"https:\/\/radiolitoral.com\/2025\/03\/la-policia-nacional-desmantela-un-call-center-en-benissa-y-detiene-a-7-personas\/#breadcrumb"},"inLanguage":"ca","potentialAction":[{"@type":"ReadAction","target":["https:\/\/radiolitoral.com\/2025\/03\/la-policia-nacional-desmantela-un-call-center-en-benissa-y-detiene-a-7-personas\/"]}]},{"@type":"ImageObject","inLanguage":"ca","@id":"https:\/\/radiolitoral.com\/2025\/03\/la-policia-nacional-desmantela-un-call-center-en-benissa-y-detiene-a-7-personas\/#primaryimage","url":"https:\/\/media.radiolitoral.com\/wp-content\/uploads\/2025\/03\/26143936\/prota-2.jpg","contentUrl":"https:\/\/media.radiolitoral.com\/wp-content\/uploads\/2025\/03\/26143936\/prota-2.jpg","width":1600,"height":1200},{"@type":"BreadcrumbList","@id":"https:\/\/radiolitoral.com\/2025\/03\/la-policia-nacional-desmantela-un-call-center-en-benissa-y-detiene-a-7-personas\/#breadcrumb","itemListElement":[{"@type":"ListItem","position":1,"name":"Portada","item":"https:\/\/radiolitoral.com\/"},{"@type":"ListItem","position":2,"name":"La Polic\u00eda Nacional desmantela un call center en Benissa y detiene a 7 personas"}]},{"@type":"WebSite","@id":"https:\/\/radiolitoral.com\/#website","url":"https:\/\/radiolitoral.com\/","name":"R\u00e0dio Litoral","description":"La r\u00e0dio local de la Marina Alta","publisher":{"@id":"https:\/\/radiolitoral.com\/#organization"},"alternateName":"Litoral FM","potentialAction":[{"@type":"SearchAction","target":{"@type":"EntryPoint","urlTemplate":"https:\/\/radiolitoral.com\/?s={search_term_string}"},"query-input":{"@type":"PropertyValueSpecification","valueRequired":true,"valueName":"search_term_string"}}],"inLanguage":"ca"},{"@type":"Organization","@id":"https:\/\/radiolitoral.com\/#organization","name":"R\u00e0dio Litoral","url":"https:\/\/radiolitoral.com\/","logo":{"@type":"ImageObject","inLanguage":"ca","@id":"https:\/\/radiolitoral.com\/#\/schema\/logo\/image\/","url":"https:\/\/media.radiolitoral.com\/wp-content\/uploads\/2023\/02\/24143238\/CL-V-RadioLitoral696.png","contentUrl":"https:\/\/media.radiolitoral.com\/wp-content\/uploads\/2023\/02\/24143238\/CL-V-RadioLitoral696.png","width":696,"height":696,"caption":"Radio Litoral"},"image":{"@id":"https:\/\/radiolitoral.com\/#\/schema\/logo\/image\/"},"sameAs":["https:\/\/www.facebook.com\/Laradiolitoral\/"]},{"@type":"Person","@id":"https:\/\/radiolitoral.com\/#\/schema\/person\/f2b2343c49b5d721857cc1002bfdb151","name":"Redacci\u00f3","image":{"@type":"ImageObject","inLanguage":"ca","@id":"https:\/\/secure.gravatar.com\/avatar\/f771d896c203ad8b3382d7905cfcce5a5c9b008b84b3cd9114e9b9f4cb63f789?s=96&d=mm&r=g","url":"https:\/\/secure.gravatar.com\/avatar\/f771d896c203ad8b3382d7905cfcce5a5c9b008b84b3cd9114e9b9f4cb63f789?s=96&d=mm&r=g","contentUrl":"https:\/\/secure.gravatar.com\/avatar\/f771d896c203ad8b3382d7905cfcce5a5c9b008b84b3cd9114e9b9f4cb63f789?s=96&d=mm&r=g","caption":"Redacci\u00f3n"},"url":"https:\/\/radiolitoral.com\/ca\/author\/miriam-pagan\/"}]}},"_links":{"self":[{"href":"https:\/\/radiolitoral.com\/ca\/wp-json\/wp\/v2\/posts\/15766","targetHints":{"allow":["GET"]}}],"collection":[{"href":"https:\/\/radiolitoral.com\/ca\/wp-json\/wp\/v2\/posts"}],"about":[{"href":"https:\/\/radiolitoral.com\/ca\/wp-json\/wp\/v2\/types\/post"}],"author":[{"embeddable":true,"href":"https:\/\/radiolitoral.com\/ca\/wp-json\/wp\/v2\/users\/13"}],"replies":[{"embeddable":true,"href":"https:\/\/radiolitoral.com\/ca\/wp-json\/wp\/v2\/comments?post=15766"}],"version-history":[{"count":3,"href":"https:\/\/radiolitoral.com\/ca\/wp-json\/wp\/v2\/posts\/15766\/revisions"}],"predecessor-version":[{"id":15770,"href":"https:\/\/radiolitoral.com\/ca\/wp-json\/wp\/v2\/posts\/15766\/revisions\/15770"}],"wp:featuredmedia":[{"embeddable":true,"href":"https:\/\/radiolitoral.com\/ca\/wp-json\/wp\/v2\/media\/15765"}],"wp:attachment":[{"href":"https:\/\/radiolitoral.com\/ca\/wp-json\/wp\/v2\/media?parent=15766"}],"wp:term":[{"taxonomy":"category","embeddable":true,"href":"https:\/\/radiolitoral.com\/ca\/wp-json\/wp\/v2\/categories?post=15766"},{"taxonomy":"post_tag","embeddable":true,"href":"https:\/\/radiolitoral.com\/ca\/wp-json\/wp\/v2\/tags?post=15766"}],"curies":[{"name":"wp","href":"https:\/\/api.w.org\/{rel}","templated":true}]}}