{"id":1576,"date":"2023-03-23T15:24:54","date_gmt":"2023-03-23T14:24:54","guid":{"rendered":"https:\/\/radiolitoral.com\/?p=1576"},"modified":"2023-03-23T15:25:14","modified_gmt":"2023-03-23T14:25:14","slug":"teulada-senfronta-a-una-possible-vaga-de-recollida-descombraries-i-neteja-viaria","status":"publish","type":"post","link":"https:\/\/radiolitoral.com\/ca\/2023\/03\/teulada-se-enfrenta-a-una-posible-huelga-de-recogida-de-basuras-y-limpieza-viaria\/","title":{"rendered":"Teulada s&#039;enfronta a una possible vaga de recollida d&#039;escombraries i neteja vi\u00e0ria"},"content":{"rendered":"<p><strong>Teulada<\/strong> s&#039;enfronta a les conseq\u00fc\u00e8ncies d&#039;una <strong>possible vaga indefinida dels treballadors de l&#039;empresa p\u00fablica TEUMO Serveis, responsable de la recollida d&#039;escombraries i neteja vi\u00e0ria<\/strong>. Aix\u00ed ho alerten els regidors de Comprom\u00eds i no adscrits, entenent que aquest \u00e9s el resultat de caos en la gesti\u00f3 de <strong>TEUMO<\/strong>, per part de l&#039;alcalde, Ra\u00fal Llobell, i el regidor responsable i conseller delegat de la mercantil, H\u00e9ctor Morales.<\/p>\n<p>Des de l&#039;oposici\u00f3 assenyalen que <strong>hi ha una guerra p\u00fablica de desprestigis i menyspreus a costa de l&#039;aband\u00f3 de l&#039;empresa p\u00fablica Teumo Serveis<\/strong> i, per tant, de la imatge i benestar del municipi. Tamb\u00e9 denuncien que TEUMO s&#039;ha convertit en una empresa propagand\u00edstica per a H\u00e9ctor Morales i en la moneda de canvi per al PP.<\/p>\n<p>Arran d&#039;aquesta situaci\u00f3, que ha deixat al marge les reivindicacions i les necessitats dels mateixos treballadors de la mercantil, s&#039;ha arribat a l&#039;actual malestar dels empleats de TEUMO. <strong>Treballadors que estan disposats a anar a una vaga a partir del proper 6 d&#039;abril<\/strong>, com indica <strong>la portaveu valencianista, Rosa Vila:<\/strong><\/p>\n<audio class=\"wp-audio-shortcode\" id=\"audio-1576-1\" preload=\"none\" style=\"width: 100%;\" controls=\"controls\"><source type=\"audio\/mpeg\" src=\"https:\/\/media.radiolitoral.com\/wp-content\/uploads\/2023\/03\/23152027\/Rosa-Vila-1.mp3?_=1\" \/><a href=\"https:\/\/media.radiolitoral.com\/wp-content\/uploads\/2023\/03\/23152027\/Rosa-Vila-1.mp3\">https:\/\/media.radiolitoral.com\/wp-content\/uploads\/2023\/03\/23152027\/Rosa-Vila-1.mp3<\/a><\/audio>\n<p>Amb tot, Vila reclama que es convoqui de manera urgent una Junta General per abordar la greu i delicada situaci\u00f3 de TEUMO Serveis.<\/p>\n<audio class=\"wp-audio-shortcode\" id=\"audio-1576-2\" preload=\"none\" style=\"width: 100%;\" controls=\"controls\"><source type=\"audio\/mpeg\" src=\"https:\/\/media.radiolitoral.com\/wp-content\/uploads\/2023\/03\/23152036\/Rosa-Vila-2.mp3?_=2\" \/><a href=\"https:\/\/media.radiolitoral.com\/wp-content\/uploads\/2023\/03\/23152036\/Rosa-Vila-2.mp3\">https:\/\/media.radiolitoral.com\/wp-content\/uploads\/2023\/03\/23152036\/Rosa-Vila-2.mp3<\/a><\/audio>","protected":false},"excerpt":{"rendered":"<p>Teulada se enfrenta a las consecuencias de una posible huelga indefinida de los trabajadores de la empresa p\u00fablica TEUMO Serveis, responsable de la recogida de basuras y limpieza viaria. As\u00ed lo alertan los concejales de Comprom\u00eds y no adscritos, entendiendo que este es el resultado de caos en la gesti\u00f3n de TEUMO, por parte del [&#8230;]<\/p>\n<p><a class=\"btn btn-secondary understrap-read-more-link\" href=\"https:\/\/radiolitoral.com\/ca\/2023\/03\/teulada-se-enfrenta-a-una-posible-huelga-de-recogida-de-basuras-y-limpieza-viaria\/\">Continua llegint&#8230;<span class=\"screen-reader-text\"> from Teulada se enfrenta a una posible huelga de recogida de basuras y limpieza viaria<\/span><\/a><\/p>\n","protected":false},"author":13,"featured_media":1583,"comment_status":"open","ping_status":"closed","sticky":false,"template":"","format":"standard","meta":{"_acf_changed":false,"inline_featured_image":false,"footnotes":""},"categories":[85],"tags":[304,305,146],"class_list":["post-1576","post","type-post","status-publish","format-standard","has-post-thumbnail","hentry","category-servicios-publicos","tag-basuras-teulada","tag-huelga-basura","tag-teulada","cobertura-teulada-moraira"],"acf":[],"yoast_head":"<!-- This site is optimized with the Yoast SEO plugin v27.5 - https:\/\/yoast.com\/product\/yoast-seo-wordpress\/ -->\n<title>Teulada se enfrenta a una posible huelga de recogida de basuras y limpieza viaria | R\u00e0dio Litoral<\/title>\n<meta name=\"description\" content=\"Los trabajadores est\u00e1n dispuestos a ir a una huelga indefinida a partir del 6 de abril\" \/>\n<meta name=\"robots\" content=\"index, follow, max-snippet:-1, max-image-preview:large, max-video-preview:-1\" \/>\n<link rel=\"canonical\" href=\"https:\/\/radiolitoral.com\/ca\/2023\/03\/teulada-senfronta-a-una-possible-vaga-de-recollida-descombraries-i-neteja-viaria\/\" \/>\n<meta property=\"og:locale\" content=\"ca_ES\" \/>\n<meta property=\"og:type\" content=\"article\" \/>\n<meta property=\"og:title\" content=\"Teulada se enfrenta a una posible huelga de recogida de basuras y limpieza viaria | R\u00e0dio Litoral\" \/>\n<meta property=\"og:description\" content=\"Los trabajadores est\u00e1n dispuestos a ir a una huelga indefinida a partir del 6 de abril\" \/>\n<meta property=\"og:url\" content=\"https:\/\/radiolitoral.com\/ca\/2023\/03\/teulada-senfronta-a-una-possible-vaga-de-recollida-descombraries-i-neteja-viaria\/\" \/>\n<meta property=\"og:site_name\" content=\"R\u00e0dio Litoral\" \/>\n<meta property=\"article:publisher\" content=\"https:\/\/www.facebook.com\/Laradiolitoral\/\" \/>\n<meta property=\"article:published_time\" content=\"2023-03-23T14:24:54+00:00\" \/>\n<meta property=\"article:modified_time\" content=\"2023-03-23T14:25:14+00:00\" \/>\n<meta property=\"og:image\" content=\"https:\/\/media.radiolitoral.com\/wp-content\/uploads\/2023\/03\/23152447\/image.jpg\" \/>\n\t<meta property=\"og:image:width\" content=\"700\" \/>\n\t<meta property=\"og:image:height\" content=\"525\" \/>\n\t<meta property=\"og:image:type\" content=\"image\/jpeg\" \/>\n<meta name=\"author\" content=\"Redacci\u00f3n\" \/>\n<meta name=\"twitter:card\" content=\"summary_large_image\" \/>\n<meta name=\"twitter:label1\" content=\"Escrit per\" \/>\n\t<meta name=\"twitter:data1\" content=\"Redacci\u00f3n\" \/>\n\t<meta name=\"twitter:label2\" content=\"Temps estimat de lectura\" \/>\n\t<meta name=\"twitter:data2\" content=\"1 minut\" \/>\n<script type=\"application\/ld+json\" class=\"yoast-schema-graph\">{\"@context\":\"https:\\\/\\\/schema.org\",\"@graph\":[{\"@type\":\"NewsArticle\",\"@id\":\"https:\\\/\\\/radiolitoral.com\\\/2023\\\/03\\\/teulada-se-enfrenta-a-una-posible-huelga-de-recogida-de-basuras-y-limpieza-viaria\\\/#article\",\"isPartOf\":{\"@id\":\"https:\\\/\\\/radiolitoral.com\\\/2023\\\/03\\\/teulada-se-enfrenta-a-una-posible-huelga-de-recogida-de-basuras-y-limpieza-viaria\\\/\"},\"author\":{\"name\":\"Redacci\u00f3n\",\"@id\":\"https:\\\/\\\/radiolitoral.com\\\/#\\\/schema\\\/person\\\/f2b2343c49b5d721857cc1002bfdb151\"},\"headline\":\"Teulada se enfrenta a una posible huelga de recogida de basuras y limpieza viaria\",\"datePublished\":\"2023-03-23T14:24:54+00:00\",\"dateModified\":\"2023-03-23T14:25:14+00:00\",\"mainEntityOfPage\":{\"@id\":\"https:\\\/\\\/radiolitoral.com\\\/2023\\\/03\\\/teulada-se-enfrenta-a-una-posible-huelga-de-recogida-de-basuras-y-limpieza-viaria\\\/\"},\"wordCount\":255,\"commentCount\":0,\"publisher\":{\"@id\":\"https:\\\/\\\/radiolitoral.com\\\/#organization\"},\"image\":{\"@id\":\"https:\\\/\\\/radiolitoral.com\\\/2023\\\/03\\\/teulada-se-enfrenta-a-una-posible-huelga-de-recogida-de-basuras-y-limpieza-viaria\\\/#primaryimage\"},\"thumbnailUrl\":\"https:\\\/\\\/media.radiolitoral.com\\\/wp-content\\\/uploads\\\/2023\\\/03\\\/23152447\\\/image.jpg\",\"keywords\":[\"basuras Teulada\",\"huelga basura\",\"Teulada\"],\"articleSection\":[\"Servicios P\u00fablicos\"],\"inLanguage\":\"ca\",\"potentialAction\":[{\"@type\":\"CommentAction\",\"name\":\"Comment\",\"target\":[\"https:\\\/\\\/radiolitoral.com\\\/2023\\\/03\\\/teulada-se-enfrenta-a-una-posible-huelga-de-recogida-de-basuras-y-limpieza-viaria\\\/#respond\"]}]},{\"@type\":[\"WebPage\",\"ItemPage\"],\"@id\":\"https:\\\/\\\/radiolitoral.com\\\/2023\\\/03\\\/teulada-se-enfrenta-a-una-posible-huelga-de-recogida-de-basuras-y-limpieza-viaria\\\/\",\"url\":\"https:\\\/\\\/radiolitoral.com\\\/2023\\\/03\\\/teulada-se-enfrenta-a-una-posible-huelga-de-recogida-de-basuras-y-limpieza-viaria\\\/\",\"name\":\"Teulada se enfrenta a una posible huelga de recogida de basuras y limpieza viaria | R\u00e0dio Litoral\",\"isPartOf\":{\"@id\":\"https:\\\/\\\/radiolitoral.com\\\/#website\"},\"primaryImageOfPage\":{\"@id\":\"https:\\\/\\\/radiolitoral.com\\\/2023\\\/03\\\/teulada-se-enfrenta-a-una-posible-huelga-de-recogida-de-basuras-y-limpieza-viaria\\\/#primaryimage\"},\"image\":{\"@id\":\"https:\\\/\\\/radiolitoral.com\\\/2023\\\/03\\\/teulada-se-enfrenta-a-una-posible-huelga-de-recogida-de-basuras-y-limpieza-viaria\\\/#primaryimage\"},\"thumbnailUrl\":\"https:\\\/\\\/media.radiolitoral.com\\\/wp-content\\\/uploads\\\/2023\\\/03\\\/23152447\\\/image.jpg\",\"datePublished\":\"2023-03-23T14:24:54+00:00\",\"dateModified\":\"2023-03-23T14:25:14+00:00\",\"description\":\"Los trabajadores est\u00e1n dispuestos a ir a una huelga indefinida a partir del 6 de abril\",\"breadcrumb\":{\"@id\":\"https:\\\/\\\/radiolitoral.com\\\/2023\\\/03\\\/teulada-se-enfrenta-a-una-posible-huelga-de-recogida-de-basuras-y-limpieza-viaria\\\/#breadcrumb\"},\"inLanguage\":\"ca\",\"potentialAction\":[{\"@type\":\"ReadAction\",\"target\":[\"https:\\\/\\\/radiolitoral.com\\\/2023\\\/03\\\/teulada-se-enfrenta-a-una-posible-huelga-de-recogida-de-basuras-y-limpieza-viaria\\\/\"]}]},{\"@type\":\"ImageObject\",\"inLanguage\":\"ca\",\"@id\":\"https:\\\/\\\/radiolitoral.com\\\/2023\\\/03\\\/teulada-se-enfrenta-a-una-posible-huelga-de-recogida-de-basuras-y-limpieza-viaria\\\/#primaryimage\",\"url\":\"https:\\\/\\\/media.radiolitoral.com\\\/wp-content\\\/uploads\\\/2023\\\/03\\\/23152447\\\/image.jpg\",\"contentUrl\":\"https:\\\/\\\/media.radiolitoral.com\\\/wp-content\\\/uploads\\\/2023\\\/03\\\/23152447\\\/image.jpg\",\"width\":700,\"height\":525},{\"@type\":\"BreadcrumbList\",\"@id\":\"https:\\\/\\\/radiolitoral.com\\\/2023\\\/03\\\/teulada-se-enfrenta-a-una-posible-huelga-de-recogida-de-basuras-y-limpieza-viaria\\\/#breadcrumb\",\"itemListElement\":[{\"@type\":\"ListItem\",\"position\":1,\"name\":\"Portada\",\"item\":\"https:\\\/\\\/radiolitoral.com\\\/\"},{\"@type\":\"ListItem\",\"position\":2,\"name\":\"Teulada se enfrenta a una posible huelga de recogida de basuras y limpieza viaria\"}]},{\"@type\":\"WebSite\",\"@id\":\"https:\\\/\\\/radiolitoral.com\\\/#website\",\"url\":\"https:\\\/\\\/radiolitoral.com\\\/\",\"name\":\"Radio Litoral\",\"description\":\"La radio local de la Marina Alta\",\"publisher\":{\"@id\":\"https:\\\/\\\/radiolitoral.com\\\/#organization\"},\"alternateName\":\"Litoral FM\",\"potentialAction\":[{\"@type\":\"SearchAction\",\"target\":{\"@type\":\"EntryPoint\",\"urlTemplate\":\"https:\\\/\\\/radiolitoral.com\\\/?s={search_term_string}\"},\"query-input\":{\"@type\":\"PropertyValueSpecification\",\"valueRequired\":true,\"valueName\":\"search_term_string\"}}],\"inLanguage\":\"ca\"},{\"@type\":\"Organization\",\"@id\":\"https:\\\/\\\/radiolitoral.com\\\/#organization\",\"name\":\"Radio Litoral\",\"url\":\"https:\\\/\\\/radiolitoral.com\\\/\",\"logo\":{\"@type\":\"ImageObject\",\"inLanguage\":\"ca\",\"@id\":\"https:\\\/\\\/radiolitoral.com\\\/#\\\/schema\\\/logo\\\/image\\\/\",\"url\":\"https:\\\/\\\/media.radiolitoral.com\\\/wp-content\\\/uploads\\\/2023\\\/02\\\/24143238\\\/CL-V-RadioLitoral696.png\",\"contentUrl\":\"https:\\\/\\\/media.radiolitoral.com\\\/wp-content\\\/uploads\\\/2023\\\/02\\\/24143238\\\/CL-V-RadioLitoral696.png\",\"width\":696,\"height\":696,\"caption\":\"Radio Litoral\"},\"image\":{\"@id\":\"https:\\\/\\\/radiolitoral.com\\\/#\\\/schema\\\/logo\\\/image\\\/\"},\"sameAs\":[\"https:\\\/\\\/www.facebook.com\\\/Laradiolitoral\\\/\"]},{\"@type\":\"Person\",\"@id\":\"https:\\\/\\\/radiolitoral.com\\\/#\\\/schema\\\/person\\\/f2b2343c49b5d721857cc1002bfdb151\",\"name\":\"Redacci\u00f3n\",\"image\":{\"@type\":\"ImageObject\",\"inLanguage\":\"ca\",\"@id\":\"https:\\\/\\\/secure.gravatar.com\\\/avatar\\\/f771d896c203ad8b3382d7905cfcce5a5c9b008b84b3cd9114e9b9f4cb63f789?s=96&d=mm&r=g\",\"url\":\"https:\\\/\\\/secure.gravatar.com\\\/avatar\\\/f771d896c203ad8b3382d7905cfcce5a5c9b008b84b3cd9114e9b9f4cb63f789?s=96&d=mm&r=g\",\"contentUrl\":\"https:\\\/\\\/secure.gravatar.com\\\/avatar\\\/f771d896c203ad8b3382d7905cfcce5a5c9b008b84b3cd9114e9b9f4cb63f789?s=96&d=mm&r=g\",\"caption\":\"Redacci\u00f3n\"},\"url\":\"https:\\\/\\\/radiolitoral.com\\\/ca\\\/author\\\/miriam-pagan\\\/\"}]}<\/script>\n<!-- \/ Yoast SEO plugin. -->","yoast_head_json":{"title":"Teulada s&#039;enfronta a una possible vaga de recollida d&#039;escombraries i neteja vi\u00e0ria | R\u00e0dio Litoral","description":"Els treballadors estan disposats a anar a una vaga indefinida a partir del 6 dabril","robots":{"index":"index","follow":"follow","max-snippet":"max-snippet:-1","max-image-preview":"max-image-preview:large","max-video-preview":"max-video-preview:-1"},"canonical":"https:\/\/radiolitoral.com\/ca\/2023\/03\/teulada-senfronta-a-una-possible-vaga-de-recollida-descombraries-i-neteja-viaria\/","og_locale":"ca_ES","og_type":"article","og_title":"Teulada se enfrenta a una posible huelga de recogida de basuras y limpieza viaria | R\u00e0dio Litoral","og_description":"Los trabajadores est\u00e1n dispuestos a ir a una huelga indefinida a partir del 6 de abril","og_url":"https:\/\/radiolitoral.com\/ca\/2023\/03\/teulada-senfronta-a-una-possible-vaga-de-recollida-descombraries-i-neteja-viaria\/","og_site_name":"R\u00e0dio Litoral","article_publisher":"https:\/\/www.facebook.com\/Laradiolitoral\/","article_published_time":"2023-03-23T14:24:54+00:00","article_modified_time":"2023-03-23T14:25:14+00:00","og_image":[{"width":700,"height":525,"url":"https:\/\/media.radiolitoral.com\/wp-content\/uploads\/2023\/03\/23152447\/image.jpg","type":"image\/jpeg"}],"author":"Redacci\u00f3n","twitter_card":"summary_large_image","twitter_misc":{"Escrit per":"Redacci\u00f3n","Temps estimat de lectura":"1 minut"},"schema":{"@context":"https:\/\/schema.org","@graph":[{"@type":"NewsArticle","@id":"https:\/\/radiolitoral.com\/2023\/03\/teulada-se-enfrenta-a-una-posible-huelga-de-recogida-de-basuras-y-limpieza-viaria\/#article","isPartOf":{"@id":"https:\/\/radiolitoral.com\/2023\/03\/teulada-se-enfrenta-a-una-posible-huelga-de-recogida-de-basuras-y-limpieza-viaria\/"},"author":{"name":"Redacci\u00f3n","@id":"https:\/\/radiolitoral.com\/#\/schema\/person\/f2b2343c49b5d721857cc1002bfdb151"},"headline":"Teulada se enfrenta a una posible huelga de recogida de basuras y limpieza viaria","datePublished":"2023-03-23T14:24:54+00:00","dateModified":"2023-03-23T14:25:14+00:00","mainEntityOfPage":{"@id":"https:\/\/radiolitoral.com\/2023\/03\/teulada-se-enfrenta-a-una-posible-huelga-de-recogida-de-basuras-y-limpieza-viaria\/"},"wordCount":255,"commentCount":0,"publisher":{"@id":"https:\/\/radiolitoral.com\/#organization"},"image":{"@id":"https:\/\/radiolitoral.com\/2023\/03\/teulada-se-enfrenta-a-una-posible-huelga-de-recogida-de-basuras-y-limpieza-viaria\/#primaryimage"},"thumbnailUrl":"https:\/\/media.radiolitoral.com\/wp-content\/uploads\/2023\/03\/23152447\/image.jpg","keywords":["basuras Teulada","huelga basura","Teulada"],"articleSection":["Servicios P\u00fablicos"],"inLanguage":"ca","potentialAction":[{"@type":"CommentAction","name":"Comment","target":["https:\/\/radiolitoral.com\/2023\/03\/teulada-se-enfrenta-a-una-posible-huelga-de-recogida-de-basuras-y-limpieza-viaria\/#respond"]}]},{"@type":["WebPage","ItemPage"],"@id":"https:\/\/radiolitoral.com\/2023\/03\/teulada-se-enfrenta-a-una-posible-huelga-de-recogida-de-basuras-y-limpieza-viaria\/","url":"https:\/\/radiolitoral.com\/2023\/03\/teulada-se-enfrenta-a-una-posible-huelga-de-recogida-de-basuras-y-limpieza-viaria\/","name":"Teulada s&#039;enfronta a una possible vaga de recollida d&#039;escombraries i neteja vi\u00e0ria | R\u00e0dio Litoral","isPartOf":{"@id":"https:\/\/radiolitoral.com\/#website"},"primaryImageOfPage":{"@id":"https:\/\/radiolitoral.com\/2023\/03\/teulada-se-enfrenta-a-una-posible-huelga-de-recogida-de-basuras-y-limpieza-viaria\/#primaryimage"},"image":{"@id":"https:\/\/radiolitoral.com\/2023\/03\/teulada-se-enfrenta-a-una-posible-huelga-de-recogida-de-basuras-y-limpieza-viaria\/#primaryimage"},"thumbnailUrl":"https:\/\/media.radiolitoral.com\/wp-content\/uploads\/2023\/03\/23152447\/image.jpg","datePublished":"2023-03-23T14:24:54+00:00","dateModified":"2023-03-23T14:25:14+00:00","description":"Els treballadors estan disposats a anar a una vaga indefinida a partir del 6 dabril","breadcrumb":{"@id":"https:\/\/radiolitoral.com\/2023\/03\/teulada-se-enfrenta-a-una-posible-huelga-de-recogida-de-basuras-y-limpieza-viaria\/#breadcrumb"},"inLanguage":"ca","potentialAction":[{"@type":"ReadAction","target":["https:\/\/radiolitoral.com\/2023\/03\/teulada-se-enfrenta-a-una-posible-huelga-de-recogida-de-basuras-y-limpieza-viaria\/"]}]},{"@type":"ImageObject","inLanguage":"ca","@id":"https:\/\/radiolitoral.com\/2023\/03\/teulada-se-enfrenta-a-una-posible-huelga-de-recogida-de-basuras-y-limpieza-viaria\/#primaryimage","url":"https:\/\/media.radiolitoral.com\/wp-content\/uploads\/2023\/03\/23152447\/image.jpg","contentUrl":"https:\/\/media.radiolitoral.com\/wp-content\/uploads\/2023\/03\/23152447\/image.jpg","width":700,"height":525},{"@type":"BreadcrumbList","@id":"https:\/\/radiolitoral.com\/2023\/03\/teulada-se-enfrenta-a-una-posible-huelga-de-recogida-de-basuras-y-limpieza-viaria\/#breadcrumb","itemListElement":[{"@type":"ListItem","position":1,"name":"Portada","item":"https:\/\/radiolitoral.com\/"},{"@type":"ListItem","position":2,"name":"Teulada se enfrenta a una posible huelga de recogida de basuras y limpieza viaria"}]},{"@type":"WebSite","@id":"https:\/\/radiolitoral.com\/#website","url":"https:\/\/radiolitoral.com\/","name":"R\u00e0dio Litoral","description":"La r\u00e0dio local de la Marina Alta","publisher":{"@id":"https:\/\/radiolitoral.com\/#organization"},"alternateName":"Litoral FM","potentialAction":[{"@type":"SearchAction","target":{"@type":"EntryPoint","urlTemplate":"https:\/\/radiolitoral.com\/?s={search_term_string}"},"query-input":{"@type":"PropertyValueSpecification","valueRequired":true,"valueName":"search_term_string"}}],"inLanguage":"ca"},{"@type":"Organization","@id":"https:\/\/radiolitoral.com\/#organization","name":"R\u00e0dio Litoral","url":"https:\/\/radiolitoral.com\/","logo":{"@type":"ImageObject","inLanguage":"ca","@id":"https:\/\/radiolitoral.com\/#\/schema\/logo\/image\/","url":"https:\/\/media.radiolitoral.com\/wp-content\/uploads\/2023\/02\/24143238\/CL-V-RadioLitoral696.png","contentUrl":"https:\/\/media.radiolitoral.com\/wp-content\/uploads\/2023\/02\/24143238\/CL-V-RadioLitoral696.png","width":696,"height":696,"caption":"Radio Litoral"},"image":{"@id":"https:\/\/radiolitoral.com\/#\/schema\/logo\/image\/"},"sameAs":["https:\/\/www.facebook.com\/Laradiolitoral\/"]},{"@type":"Person","@id":"https:\/\/radiolitoral.com\/#\/schema\/person\/f2b2343c49b5d721857cc1002bfdb151","name":"Redacci\u00f3","image":{"@type":"ImageObject","inLanguage":"ca","@id":"https:\/\/secure.gravatar.com\/avatar\/f771d896c203ad8b3382d7905cfcce5a5c9b008b84b3cd9114e9b9f4cb63f789?s=96&d=mm&r=g","url":"https:\/\/secure.gravatar.com\/avatar\/f771d896c203ad8b3382d7905cfcce5a5c9b008b84b3cd9114e9b9f4cb63f789?s=96&d=mm&r=g","contentUrl":"https:\/\/secure.gravatar.com\/avatar\/f771d896c203ad8b3382d7905cfcce5a5c9b008b84b3cd9114e9b9f4cb63f789?s=96&d=mm&r=g","caption":"Redacci\u00f3n"},"url":"https:\/\/radiolitoral.com\/ca\/author\/miriam-pagan\/"}]}},"_links":{"self":[{"href":"https:\/\/radiolitoral.com\/ca\/wp-json\/wp\/v2\/posts\/1576","targetHints":{"allow":["GET"]}}],"collection":[{"href":"https:\/\/radiolitoral.com\/ca\/wp-json\/wp\/v2\/posts"}],"about":[{"href":"https:\/\/radiolitoral.com\/ca\/wp-json\/wp\/v2\/types\/post"}],"author":[{"embeddable":true,"href":"https:\/\/radiolitoral.com\/ca\/wp-json\/wp\/v2\/users\/13"}],"replies":[{"embeddable":true,"href":"https:\/\/radiolitoral.com\/ca\/wp-json\/wp\/v2\/comments?post=1576"}],"version-history":[{"count":1,"href":"https:\/\/radiolitoral.com\/ca\/wp-json\/wp\/v2\/posts\/1576\/revisions"}],"predecessor-version":[{"id":1584,"href":"https:\/\/radiolitoral.com\/ca\/wp-json\/wp\/v2\/posts\/1576\/revisions\/1584"}],"wp:featuredmedia":[{"embeddable":true,"href":"https:\/\/radiolitoral.com\/ca\/wp-json\/wp\/v2\/media\/1583"}],"wp:attachment":[{"href":"https:\/\/radiolitoral.com\/ca\/wp-json\/wp\/v2\/media?parent=1576"}],"wp:term":[{"taxonomy":"category","embeddable":true,"href":"https:\/\/radiolitoral.com\/ca\/wp-json\/wp\/v2\/categories?post=1576"},{"taxonomy":"post_tag","embeddable":true,"href":"https:\/\/radiolitoral.com\/ca\/wp-json\/wp\/v2\/tags?post=1576"}],"curies":[{"name":"wp","href":"https:\/\/api.w.org\/{rel}","templated":true}]}}