{"id":15742,"date":"2025-03-26T10:28:56","date_gmt":"2025-03-26T09:28:56","guid":{"rendered":"https:\/\/radiolitoral.com\/?p=15742"},"modified":"2025-03-26T10:28:56","modified_gmt":"2025-03-26T09:28:56","slug":"herminia-miralles-allo-legal-no-es-sinonim-de-saludable-i-els-adults-no-sempre-fem-les-coses-be","status":"publish","type":"post","link":"https:\/\/radiolitoral.com\/ca\/2025\/03\/herminia-miralles-lo-legal-no-es-sinonimo-de-saludable-y-los-adultos-no-siempre-hacemos-las-cosas-bien\/","title":{"rendered":"Herminia Miralles: \u201cEl legal no \u00e9s sin\u00f2nim de saludable i els adults no sempre fem les coses b\u00e9\u201d"},"content":{"rendered":"<p>Avui ens hem pres el <strong>Primer Caf\u00e8<\/strong> de <strong>R\u00e0dio Litoral<\/strong> amb l&#039;aspecte seri\u00f3s i disposats a abordar un assumpte que treu hores de son a molts pares. El <strong>acc\u00e9s i ab\u00fas, cada cop m\u00e9s d&#039;hora, de l&#039;alcohol<\/strong> i els riscos que aix\u00f2 comporta entre els m\u00e9s joves. Aquest mes de mar\u00e7 s&#039;ha aprovat la nova <strong>Llei de prevenci\u00f3 del consum dalcohol en menors<\/strong>. Una normativa que aporta moltes novetats que hem conegut amb la <strong>psic\u00f2loga Herminia Miralles<\/strong>, t\u00e8cnica de la <strong>UPCCA de Benissa<\/strong>, Unitat de Prevenci\u00f3 Comunit\u00e0ria de Conductes Addictives, que a m\u00e9s ens ha parlat de la realitat existent al municipi en relaci\u00f3 amb el consum de begudes alcoh\u00f2liques en menors d&#039;edat.<\/p>\n<p>Aquesta nova llei t\u00e9 com a objectiu prevenir el consum dalcohol, retardar ledat dinici i reduir els episodis de consum intensiu en aquest grup de la poblaci\u00f3, considerat vulnerable. Miralles ha destacat l&#039;estructuraci\u00f3 de la nova llei, ja que agrupa diferents normatives per tal que la protecci\u00f3 de menors davant de l&#039;alcohol sigui m\u00e9s efectiva. Una llei que t\u00e9 en compte diferents \u00e0mbits i tots els agents socials.<\/p>\n<p>La nostra convidada ha fet refer\u00e8ncia a l&#039;\u00faltima Enquesta Estatal sobre \u00das de Drogues en Ensenyaments Secundaris a Espanya (ESTUDES), on l&#039;alcohol \u00e9s la subst\u00e0ncia psicoactiva de consum m\u00e9s generalitzada entre estudiants de 14 a 18 anys.<\/p>\n<p>Entre les dificultats que afronta la UPCCA de Benissa davant els riscos derivats del consum de l&#039;alcohol en edats primerenques, la nostra convidada ha insistit en la normalitzaci\u00f3 del consum de begudes alcoh\u00f2liques i la vinculaci\u00f3 acceptada i consentida amb la festa i el temps d&#039;oci dels joves. La t\u00e8cnica de la UPCCA reclama una cohesi\u00f3 i un treball conjunt de tots els agents socials i de l&#039;administraci\u00f3 per aconseguir efectes positius davant d&#039;aquesta problem\u00e0tica.<\/p>\n<p>Per a aquells que estiguin preocupats per aquest tema, han de saber que Benissa compta amb la UPCCA, des d&#039;on els poden orientar, ajudar i assessorar. Podeu tornar a escoltar l&#039;entrevista completa aqu\u00ed.<\/p>\n<audio class=\"wp-audio-shortcode\" id=\"audio-15742-1\" preload=\"none\" style=\"width: 100%;\" controls=\"controls\"><source type=\"audio\/mpeg\" src=\"https:\/\/media.radiolitoral.com\/wp-content\/uploads\/2025\/03\/26102027\/Primer-Cafe-UPCCA.mp3?_=1\" \/><a href=\"https:\/\/media.radiolitoral.com\/wp-content\/uploads\/2025\/03\/26102027\/Primer-Cafe-UPCCA.mp3\">https:\/\/media.radiolitoral.com\/wp-content\/uploads\/2025\/03\/26102027\/Primer-Cafe-UPCCA.mp3<\/a><\/audio>","protected":false},"excerpt":{"rendered":"<p>Hoy nos hemos tomado el Primer Caf\u00e9 de Radio Litoral con el semblante serio y dispuestos a abordar un asunto que quita horas de sue\u00f1o a muchos padres. El acceso y abuso, cada vez m\u00e1s temprano, del alcohol y los riesgos que esto comporta entre los m\u00e1s j\u00f3venes. Este mes de marzo se ha aprobado [&#8230;]<\/p>\n<p><a class=\"btn btn-secondary understrap-read-more-link\" href=\"https:\/\/radiolitoral.com\/ca\/2025\/03\/herminia-miralles-lo-legal-no-es-sinonimo-de-saludable-y-los-adultos-no-siempre-hacemos-las-cosas-bien\/\">Continua llegint&#8230;<span class=\"screen-reader-text\"> from Herminia Miralles: \u201cLo legal no es sin\u00f3nimo de saludable y los adultos no siempre hacemos las cosas bien\u201d<\/span><\/a><\/p>\n","protected":false},"author":13,"featured_media":15748,"comment_status":"open","ping_status":"closed","sticky":false,"template":"","format":"standard","meta":{"_acf_changed":false,"inline_featured_image":false,"footnotes":""},"categories":[2753,860],"tags":[3998,3996,3999,3994,3995,4000,2312,714,3997],"class_list":["post-15742","post","type-post","status-publish","format-standard","has-post-thumbnail","hentry","category-entrevistas","category-juventud","tag-adicciones","tag-consumo-alcohol-menores","tag-herminia-miralles","tag-menores","tag-nueva-ley","tag-politicas-de-prevencion","tag-primer-cafe","tag-salud","tag-upcca-benissa","cobertura-benissa","cobertura-marina-alta"],"acf":[],"yoast_head":"<!-- This site is optimized with the Yoast SEO plugin v27.5 - https:\/\/yoast.com\/product\/yoast-seo-wordpress\/ -->\n<title>Herminia Miralles: \u201cLo legal no es sin\u00f3nimo de saludable y los adultos no siempre hacemos las cosas bien\u201d | R\u00e0dio Litoral<\/title>\n<meta name=\"description\" content=\"Conocemos con la t\u00e9cnica de la UPCCA de Benissa la nueva Ley de prevenci\u00f3n del consumo de alcohol en menores y los recursos locales\" \/>\n<meta name=\"robots\" content=\"index, follow, max-snippet:-1, max-image-preview:large, max-video-preview:-1\" \/>\n<link rel=\"canonical\" href=\"https:\/\/radiolitoral.com\/ca\/2025\/03\/herminia-miralles-allo-legal-no-es-sinonim-de-saludable-i-els-adults-no-sempre-fem-les-coses-be\/\" \/>\n<meta property=\"og:locale\" content=\"ca_ES\" \/>\n<meta property=\"og:type\" content=\"article\" \/>\n<meta property=\"og:title\" content=\"Herminia Miralles: \u201cLo legal no es sin\u00f3nimo de saludable y los adultos no siempre hacemos las cosas bien\u201d | R\u00e0dio Litoral\" \/>\n<meta property=\"og:description\" content=\"Conocemos con la t\u00e9cnica de la UPCCA de Benissa la nueva Ley de prevenci\u00f3n del consumo de alcohol en menores y los recursos locales\" \/>\n<meta property=\"og:url\" content=\"https:\/\/radiolitoral.com\/ca\/2025\/03\/herminia-miralles-allo-legal-no-es-sinonim-de-saludable-i-els-adults-no-sempre-fem-les-coses-be\/\" \/>\n<meta property=\"og:site_name\" content=\"R\u00e0dio Litoral\" \/>\n<meta property=\"article:publisher\" content=\"https:\/\/www.facebook.com\/Laradiolitoral\/\" \/>\n<meta property=\"article:published_time\" content=\"2025-03-26T09:28:56+00:00\" \/>\n<meta property=\"og:image\" content=\"https:\/\/media.radiolitoral.com\/wp-content\/uploads\/2025\/03\/26102310\/Herminia-Miralles-Primer-Cafe-UPCCA-e1742981248503.jpg\" \/>\n\t<meta property=\"og:image:width\" content=\"1757\" \/>\n\t<meta property=\"og:image:height\" content=\"1280\" \/>\n\t<meta property=\"og:image:type\" content=\"image\/jpeg\" \/>\n<meta name=\"author\" content=\"Redacci\u00f3n\" \/>\n<meta name=\"twitter:card\" content=\"summary_large_image\" \/>\n<meta name=\"twitter:label1\" content=\"Escrit per\" \/>\n\t<meta name=\"twitter:data1\" content=\"Redacci\u00f3n\" \/>\n\t<meta name=\"twitter:label2\" content=\"Temps estimat de lectura\" \/>\n\t<meta name=\"twitter:data2\" content=\"2 minuts\" \/>\n<script type=\"application\/ld+json\" class=\"yoast-schema-graph\">{\"@context\":\"https:\\\/\\\/schema.org\",\"@graph\":[{\"@type\":\"NewsArticle\",\"@id\":\"https:\\\/\\\/radiolitoral.com\\\/2025\\\/03\\\/herminia-miralles-lo-legal-no-es-sinonimo-de-saludable-y-los-adultos-no-siempre-hacemos-las-cosas-bien\\\/#article\",\"isPartOf\":{\"@id\":\"https:\\\/\\\/radiolitoral.com\\\/2025\\\/03\\\/herminia-miralles-lo-legal-no-es-sinonimo-de-saludable-y-los-adultos-no-siempre-hacemos-las-cosas-bien\\\/\"},\"author\":{\"name\":\"Redacci\u00f3n\",\"@id\":\"https:\\\/\\\/radiolitoral.com\\\/#\\\/schema\\\/person\\\/f2b2343c49b5d721857cc1002bfdb151\"},\"headline\":\"Herminia Miralles: \u201cLo legal no es sin\u00f3nimo de saludable y los adultos no siempre hacemos las cosas bien\u201d\",\"datePublished\":\"2025-03-26T09:28:56+00:00\",\"mainEntityOfPage\":{\"@id\":\"https:\\\/\\\/radiolitoral.com\\\/2025\\\/03\\\/herminia-miralles-lo-legal-no-es-sinonimo-de-saludable-y-los-adultos-no-siempre-hacemos-las-cosas-bien\\\/\"},\"wordCount\":395,\"commentCount\":0,\"publisher\":{\"@id\":\"https:\\\/\\\/radiolitoral.com\\\/#organization\"},\"image\":{\"@id\":\"https:\\\/\\\/radiolitoral.com\\\/2025\\\/03\\\/herminia-miralles-lo-legal-no-es-sinonimo-de-saludable-y-los-adultos-no-siempre-hacemos-las-cosas-bien\\\/#primaryimage\"},\"thumbnailUrl\":\"https:\\\/\\\/media.radiolitoral.com\\\/wp-content\\\/uploads\\\/2025\\\/03\\\/26102310\\\/Herminia-Miralles-Primer-Cafe-UPCCA-e1742981248503.jpg\",\"keywords\":[\"adicciones\",\"consumo alcohol menores\",\"Herminia Miralles\",\"Menores\",\"nueva ley\",\"Pol\u00edticas de prevenci\u00f3n\",\"Primer Caf\u00e9\",\"Salud\",\"UPCCA Benissa\"],\"articleSection\":[\"Entrevistas\",\"Juventud\"],\"inLanguage\":\"ca\",\"potentialAction\":[{\"@type\":\"CommentAction\",\"name\":\"Comment\",\"target\":[\"https:\\\/\\\/radiolitoral.com\\\/2025\\\/03\\\/herminia-miralles-lo-legal-no-es-sinonimo-de-saludable-y-los-adultos-no-siempre-hacemos-las-cosas-bien\\\/#respond\"]}]},{\"@type\":[\"WebPage\",\"ItemPage\"],\"@id\":\"https:\\\/\\\/radiolitoral.com\\\/2025\\\/03\\\/herminia-miralles-lo-legal-no-es-sinonimo-de-saludable-y-los-adultos-no-siempre-hacemos-las-cosas-bien\\\/\",\"url\":\"https:\\\/\\\/radiolitoral.com\\\/2025\\\/03\\\/herminia-miralles-lo-legal-no-es-sinonimo-de-saludable-y-los-adultos-no-siempre-hacemos-las-cosas-bien\\\/\",\"name\":\"Herminia Miralles: \u201cLo legal no es sin\u00f3nimo de saludable y los adultos no siempre hacemos las cosas bien\u201d | R\u00e0dio Litoral\",\"isPartOf\":{\"@id\":\"https:\\\/\\\/radiolitoral.com\\\/#website\"},\"primaryImageOfPage\":{\"@id\":\"https:\\\/\\\/radiolitoral.com\\\/2025\\\/03\\\/herminia-miralles-lo-legal-no-es-sinonimo-de-saludable-y-los-adultos-no-siempre-hacemos-las-cosas-bien\\\/#primaryimage\"},\"image\":{\"@id\":\"https:\\\/\\\/radiolitoral.com\\\/2025\\\/03\\\/herminia-miralles-lo-legal-no-es-sinonimo-de-saludable-y-los-adultos-no-siempre-hacemos-las-cosas-bien\\\/#primaryimage\"},\"thumbnailUrl\":\"https:\\\/\\\/media.radiolitoral.com\\\/wp-content\\\/uploads\\\/2025\\\/03\\\/26102310\\\/Herminia-Miralles-Primer-Cafe-UPCCA-e1742981248503.jpg\",\"datePublished\":\"2025-03-26T09:28:56+00:00\",\"description\":\"Conocemos con la t\u00e9cnica de la UPCCA de Benissa la nueva Ley de prevenci\u00f3n del consumo de alcohol en menores y los recursos locales\",\"breadcrumb\":{\"@id\":\"https:\\\/\\\/radiolitoral.com\\\/2025\\\/03\\\/herminia-miralles-lo-legal-no-es-sinonimo-de-saludable-y-los-adultos-no-siempre-hacemos-las-cosas-bien\\\/#breadcrumb\"},\"inLanguage\":\"ca\",\"potentialAction\":[{\"@type\":\"ReadAction\",\"target\":[\"https:\\\/\\\/radiolitoral.com\\\/2025\\\/03\\\/herminia-miralles-lo-legal-no-es-sinonimo-de-saludable-y-los-adultos-no-siempre-hacemos-las-cosas-bien\\\/\"]}]},{\"@type\":\"ImageObject\",\"inLanguage\":\"ca\",\"@id\":\"https:\\\/\\\/radiolitoral.com\\\/2025\\\/03\\\/herminia-miralles-lo-legal-no-es-sinonimo-de-saludable-y-los-adultos-no-siempre-hacemos-las-cosas-bien\\\/#primaryimage\",\"url\":\"https:\\\/\\\/media.radiolitoral.com\\\/wp-content\\\/uploads\\\/2025\\\/03\\\/26102310\\\/Herminia-Miralles-Primer-Cafe-UPCCA-e1742981248503.jpg\",\"contentUrl\":\"https:\\\/\\\/media.radiolitoral.com\\\/wp-content\\\/uploads\\\/2025\\\/03\\\/26102310\\\/Herminia-Miralles-Primer-Cafe-UPCCA-e1742981248503.jpg\",\"width\":1757,\"height\":1280},{\"@type\":\"BreadcrumbList\",\"@id\":\"https:\\\/\\\/radiolitoral.com\\\/2025\\\/03\\\/herminia-miralles-lo-legal-no-es-sinonimo-de-saludable-y-los-adultos-no-siempre-hacemos-las-cosas-bien\\\/#breadcrumb\",\"itemListElement\":[{\"@type\":\"ListItem\",\"position\":1,\"name\":\"Portada\",\"item\":\"https:\\\/\\\/radiolitoral.com\\\/\"},{\"@type\":\"ListItem\",\"position\":2,\"name\":\"Herminia Miralles: \u201cLo legal no es sin\u00f3nimo de saludable y los adultos no siempre hacemos las cosas bien\u201d\"}]},{\"@type\":\"WebSite\",\"@id\":\"https:\\\/\\\/radiolitoral.com\\\/#website\",\"url\":\"https:\\\/\\\/radiolitoral.com\\\/\",\"name\":\"Radio Litoral\",\"description\":\"La radio local de la Marina Alta\",\"publisher\":{\"@id\":\"https:\\\/\\\/radiolitoral.com\\\/#organization\"},\"alternateName\":\"Litoral FM\",\"potentialAction\":[{\"@type\":\"SearchAction\",\"target\":{\"@type\":\"EntryPoint\",\"urlTemplate\":\"https:\\\/\\\/radiolitoral.com\\\/?s={search_term_string}\"},\"query-input\":{\"@type\":\"PropertyValueSpecification\",\"valueRequired\":true,\"valueName\":\"search_term_string\"}}],\"inLanguage\":\"ca\"},{\"@type\":\"Organization\",\"@id\":\"https:\\\/\\\/radiolitoral.com\\\/#organization\",\"name\":\"Radio Litoral\",\"url\":\"https:\\\/\\\/radiolitoral.com\\\/\",\"logo\":{\"@type\":\"ImageObject\",\"inLanguage\":\"ca\",\"@id\":\"https:\\\/\\\/radiolitoral.com\\\/#\\\/schema\\\/logo\\\/image\\\/\",\"url\":\"https:\\\/\\\/media.radiolitoral.com\\\/wp-content\\\/uploads\\\/2023\\\/02\\\/24143238\\\/CL-V-RadioLitoral696.png\",\"contentUrl\":\"https:\\\/\\\/media.radiolitoral.com\\\/wp-content\\\/uploads\\\/2023\\\/02\\\/24143238\\\/CL-V-RadioLitoral696.png\",\"width\":696,\"height\":696,\"caption\":\"Radio Litoral\"},\"image\":{\"@id\":\"https:\\\/\\\/radiolitoral.com\\\/#\\\/schema\\\/logo\\\/image\\\/\"},\"sameAs\":[\"https:\\\/\\\/www.facebook.com\\\/Laradiolitoral\\\/\"]},{\"@type\":\"Person\",\"@id\":\"https:\\\/\\\/radiolitoral.com\\\/#\\\/schema\\\/person\\\/f2b2343c49b5d721857cc1002bfdb151\",\"name\":\"Redacci\u00f3n\",\"image\":{\"@type\":\"ImageObject\",\"inLanguage\":\"ca\",\"@id\":\"https:\\\/\\\/secure.gravatar.com\\\/avatar\\\/f771d896c203ad8b3382d7905cfcce5a5c9b008b84b3cd9114e9b9f4cb63f789?s=96&d=mm&r=g\",\"url\":\"https:\\\/\\\/secure.gravatar.com\\\/avatar\\\/f771d896c203ad8b3382d7905cfcce5a5c9b008b84b3cd9114e9b9f4cb63f789?s=96&d=mm&r=g\",\"contentUrl\":\"https:\\\/\\\/secure.gravatar.com\\\/avatar\\\/f771d896c203ad8b3382d7905cfcce5a5c9b008b84b3cd9114e9b9f4cb63f789?s=96&d=mm&r=g\",\"caption\":\"Redacci\u00f3n\"},\"url\":\"https:\\\/\\\/radiolitoral.com\\\/ca\\\/author\\\/miriam-pagan\\\/\"}]}<\/script>\n<!-- \/ Yoast SEO plugin. -->","yoast_head_json":{"title":"Herminia Miralles: \u201cEl que \u00e9s legal no \u00e9s sin\u00f2nim de saludable i els adults no sempre fem les coses b\u00e9\u201d | R\u00e0dio Litoral","description":"Coneixem amb la t\u00e8cnica de la UPCCA de Benissa la nova llei de prevenci\u00f3 del consum d&#039;alcohol en menors i els recursos locals","robots":{"index":"index","follow":"follow","max-snippet":"max-snippet:-1","max-image-preview":"max-image-preview:large","max-video-preview":"max-video-preview:-1"},"canonical":"https:\/\/radiolitoral.com\/ca\/2025\/03\/herminia-miralles-allo-legal-no-es-sinonim-de-saludable-i-els-adults-no-sempre-fem-les-coses-be\/","og_locale":"ca_ES","og_type":"article","og_title":"Herminia Miralles: \u201cLo legal no es sin\u00f3nimo de saludable y los adultos no siempre hacemos las cosas bien\u201d | R\u00e0dio Litoral","og_description":"Conocemos con la t\u00e9cnica de la UPCCA de Benissa la nueva Ley de prevenci\u00f3n del consumo de alcohol en menores y los recursos locales","og_url":"https:\/\/radiolitoral.com\/ca\/2025\/03\/herminia-miralles-allo-legal-no-es-sinonim-de-saludable-i-els-adults-no-sempre-fem-les-coses-be\/","og_site_name":"R\u00e0dio Litoral","article_publisher":"https:\/\/www.facebook.com\/Laradiolitoral\/","article_published_time":"2025-03-26T09:28:56+00:00","og_image":[{"width":1757,"height":1280,"url":"https:\/\/media.radiolitoral.com\/wp-content\/uploads\/2025\/03\/26102310\/Herminia-Miralles-Primer-Cafe-UPCCA-e1742981248503.jpg","type":"image\/jpeg"}],"author":"Redacci\u00f3n","twitter_card":"summary_large_image","twitter_misc":{"Escrit per":"Redacci\u00f3n","Temps estimat de lectura":"2 minuts"},"schema":{"@context":"https:\/\/schema.org","@graph":[{"@type":"NewsArticle","@id":"https:\/\/radiolitoral.com\/2025\/03\/herminia-miralles-lo-legal-no-es-sinonimo-de-saludable-y-los-adultos-no-siempre-hacemos-las-cosas-bien\/#article","isPartOf":{"@id":"https:\/\/radiolitoral.com\/2025\/03\/herminia-miralles-lo-legal-no-es-sinonimo-de-saludable-y-los-adultos-no-siempre-hacemos-las-cosas-bien\/"},"author":{"name":"Redacci\u00f3n","@id":"https:\/\/radiolitoral.com\/#\/schema\/person\/f2b2343c49b5d721857cc1002bfdb151"},"headline":"Herminia Miralles: \u201cLo legal no es sin\u00f3nimo de saludable y los adultos no siempre hacemos las cosas bien\u201d","datePublished":"2025-03-26T09:28:56+00:00","mainEntityOfPage":{"@id":"https:\/\/radiolitoral.com\/2025\/03\/herminia-miralles-lo-legal-no-es-sinonimo-de-saludable-y-los-adultos-no-siempre-hacemos-las-cosas-bien\/"},"wordCount":395,"commentCount":0,"publisher":{"@id":"https:\/\/radiolitoral.com\/#organization"},"image":{"@id":"https:\/\/radiolitoral.com\/2025\/03\/herminia-miralles-lo-legal-no-es-sinonimo-de-saludable-y-los-adultos-no-siempre-hacemos-las-cosas-bien\/#primaryimage"},"thumbnailUrl":"https:\/\/media.radiolitoral.com\/wp-content\/uploads\/2025\/03\/26102310\/Herminia-Miralles-Primer-Cafe-UPCCA-e1742981248503.jpg","keywords":["adicciones","consumo alcohol menores","Herminia Miralles","Menores","nueva ley","Pol\u00edticas de prevenci\u00f3n","Primer Caf\u00e9","Salud","UPCCA Benissa"],"articleSection":["Entrevistas","Juventud"],"inLanguage":"ca","potentialAction":[{"@type":"CommentAction","name":"Comment","target":["https:\/\/radiolitoral.com\/2025\/03\/herminia-miralles-lo-legal-no-es-sinonimo-de-saludable-y-los-adultos-no-siempre-hacemos-las-cosas-bien\/#respond"]}]},{"@type":["WebPage","ItemPage"],"@id":"https:\/\/radiolitoral.com\/2025\/03\/herminia-miralles-lo-legal-no-es-sinonimo-de-saludable-y-los-adultos-no-siempre-hacemos-las-cosas-bien\/","url":"https:\/\/radiolitoral.com\/2025\/03\/herminia-miralles-lo-legal-no-es-sinonimo-de-saludable-y-los-adultos-no-siempre-hacemos-las-cosas-bien\/","name":"Herminia Miralles: \u201cEl que \u00e9s legal no \u00e9s sin\u00f2nim de saludable i els adults no sempre fem les coses b\u00e9\u201d | R\u00e0dio Litoral","isPartOf":{"@id":"https:\/\/radiolitoral.com\/#website"},"primaryImageOfPage":{"@id":"https:\/\/radiolitoral.com\/2025\/03\/herminia-miralles-lo-legal-no-es-sinonimo-de-saludable-y-los-adultos-no-siempre-hacemos-las-cosas-bien\/#primaryimage"},"image":{"@id":"https:\/\/radiolitoral.com\/2025\/03\/herminia-miralles-lo-legal-no-es-sinonimo-de-saludable-y-los-adultos-no-siempre-hacemos-las-cosas-bien\/#primaryimage"},"thumbnailUrl":"https:\/\/media.radiolitoral.com\/wp-content\/uploads\/2025\/03\/26102310\/Herminia-Miralles-Primer-Cafe-UPCCA-e1742981248503.jpg","datePublished":"2025-03-26T09:28:56+00:00","description":"Coneixem amb la t\u00e8cnica de la UPCCA de Benissa la nova llei de prevenci\u00f3 del consum d&#039;alcohol en menors i els recursos locals","breadcrumb":{"@id":"https:\/\/radiolitoral.com\/2025\/03\/herminia-miralles-lo-legal-no-es-sinonimo-de-saludable-y-los-adultos-no-siempre-hacemos-las-cosas-bien\/#breadcrumb"},"inLanguage":"ca","potentialAction":[{"@type":"ReadAction","target":["https:\/\/radiolitoral.com\/2025\/03\/herminia-miralles-lo-legal-no-es-sinonimo-de-saludable-y-los-adultos-no-siempre-hacemos-las-cosas-bien\/"]}]},{"@type":"ImageObject","inLanguage":"ca","@id":"https:\/\/radiolitoral.com\/2025\/03\/herminia-miralles-lo-legal-no-es-sinonimo-de-saludable-y-los-adultos-no-siempre-hacemos-las-cosas-bien\/#primaryimage","url":"https:\/\/media.radiolitoral.com\/wp-content\/uploads\/2025\/03\/26102310\/Herminia-Miralles-Primer-Cafe-UPCCA-e1742981248503.jpg","contentUrl":"https:\/\/media.radiolitoral.com\/wp-content\/uploads\/2025\/03\/26102310\/Herminia-Miralles-Primer-Cafe-UPCCA-e1742981248503.jpg","width":1757,"height":1280},{"@type":"BreadcrumbList","@id":"https:\/\/radiolitoral.com\/2025\/03\/herminia-miralles-lo-legal-no-es-sinonimo-de-saludable-y-los-adultos-no-siempre-hacemos-las-cosas-bien\/#breadcrumb","itemListElement":[{"@type":"ListItem","position":1,"name":"Portada","item":"https:\/\/radiolitoral.com\/"},{"@type":"ListItem","position":2,"name":"Herminia Miralles: \u201cLo legal no es sin\u00f3nimo de saludable y los adultos no siempre hacemos las cosas bien\u201d"}]},{"@type":"WebSite","@id":"https:\/\/radiolitoral.com\/#website","url":"https:\/\/radiolitoral.com\/","name":"R\u00e0dio Litoral","description":"La r\u00e0dio local de la Marina Alta","publisher":{"@id":"https:\/\/radiolitoral.com\/#organization"},"alternateName":"Litoral FM","potentialAction":[{"@type":"SearchAction","target":{"@type":"EntryPoint","urlTemplate":"https:\/\/radiolitoral.com\/?s={search_term_string}"},"query-input":{"@type":"PropertyValueSpecification","valueRequired":true,"valueName":"search_term_string"}}],"inLanguage":"ca"},{"@type":"Organization","@id":"https:\/\/radiolitoral.com\/#organization","name":"R\u00e0dio Litoral","url":"https:\/\/radiolitoral.com\/","logo":{"@type":"ImageObject","inLanguage":"ca","@id":"https:\/\/radiolitoral.com\/#\/schema\/logo\/image\/","url":"https:\/\/media.radiolitoral.com\/wp-content\/uploads\/2023\/02\/24143238\/CL-V-RadioLitoral696.png","contentUrl":"https:\/\/media.radiolitoral.com\/wp-content\/uploads\/2023\/02\/24143238\/CL-V-RadioLitoral696.png","width":696,"height":696,"caption":"Radio Litoral"},"image":{"@id":"https:\/\/radiolitoral.com\/#\/schema\/logo\/image\/"},"sameAs":["https:\/\/www.facebook.com\/Laradiolitoral\/"]},{"@type":"Person","@id":"https:\/\/radiolitoral.com\/#\/schema\/person\/f2b2343c49b5d721857cc1002bfdb151","name":"Redacci\u00f3","image":{"@type":"ImageObject","inLanguage":"ca","@id":"https:\/\/secure.gravatar.com\/avatar\/f771d896c203ad8b3382d7905cfcce5a5c9b008b84b3cd9114e9b9f4cb63f789?s=96&d=mm&r=g","url":"https:\/\/secure.gravatar.com\/avatar\/f771d896c203ad8b3382d7905cfcce5a5c9b008b84b3cd9114e9b9f4cb63f789?s=96&d=mm&r=g","contentUrl":"https:\/\/secure.gravatar.com\/avatar\/f771d896c203ad8b3382d7905cfcce5a5c9b008b84b3cd9114e9b9f4cb63f789?s=96&d=mm&r=g","caption":"Redacci\u00f3n"},"url":"https:\/\/radiolitoral.com\/ca\/author\/miriam-pagan\/"}]}},"_links":{"self":[{"href":"https:\/\/radiolitoral.com\/ca\/wp-json\/wp\/v2\/posts\/15742","targetHints":{"allow":["GET"]}}],"collection":[{"href":"https:\/\/radiolitoral.com\/ca\/wp-json\/wp\/v2\/posts"}],"about":[{"href":"https:\/\/radiolitoral.com\/ca\/wp-json\/wp\/v2\/types\/post"}],"author":[{"embeddable":true,"href":"https:\/\/radiolitoral.com\/ca\/wp-json\/wp\/v2\/users\/13"}],"replies":[{"embeddable":true,"href":"https:\/\/radiolitoral.com\/ca\/wp-json\/wp\/v2\/comments?post=15742"}],"version-history":[{"count":3,"href":"https:\/\/radiolitoral.com\/ca\/wp-json\/wp\/v2\/posts\/15742\/revisions"}],"predecessor-version":[{"id":15755,"href":"https:\/\/radiolitoral.com\/ca\/wp-json\/wp\/v2\/posts\/15742\/revisions\/15755"}],"wp:featuredmedia":[{"embeddable":true,"href":"https:\/\/radiolitoral.com\/ca\/wp-json\/wp\/v2\/media\/15748"}],"wp:attachment":[{"href":"https:\/\/radiolitoral.com\/ca\/wp-json\/wp\/v2\/media?parent=15742"}],"wp:term":[{"taxonomy":"category","embeddable":true,"href":"https:\/\/radiolitoral.com\/ca\/wp-json\/wp\/v2\/categories?post=15742"},{"taxonomy":"post_tag","embeddable":true,"href":"https:\/\/radiolitoral.com\/ca\/wp-json\/wp\/v2\/tags?post=15742"}],"curies":[{"name":"wp","href":"https:\/\/api.w.org\/{rel}","templated":true}]}}