{"id":15736,"date":"2025-03-26T09:57:09","date_gmt":"2025-03-26T08:57:09","guid":{"rendered":"https:\/\/radiolitoral.com\/?p=15736"},"modified":"2025-03-26T09:57:09","modified_gmt":"2025-03-26T08:57:09","slug":"virginia-perez-la-mes-votada-el-passat-any-va-ser-ladequacio-del-castell-de-moros-i-cristians","status":"publish","type":"post","link":"https:\/\/radiolitoral.com\/ca\/2025\/03\/virginia-perez-la-mas-votada-el-pasado-ano-fue-la-adecuacion-del-castell-de-moros-i-cristians\/","title":{"rendered":"Virginia P\u00e9rez: \u00abLa m\u00e9s votada l&#039;any passat va ser l&#039;adequaci\u00f3 del Castell de Moros i Cristians\u00bb"},"content":{"rendered":"<p>Segur que en algun moment has pensat que podries fer millor les coses. Que tenies una idea espectacular per a Benissa. Doncs si no t&#039;has assabentat, podries haver presentat aquest projecte als <strong>Pressupostos Participatius 2025<\/strong>. Aquest any comptem amb <strong>60.000 \u20ac per finan\u00e7ar les propostes<\/strong> seleccionades pels ve\u00efns i ve\u00efnes empadronades a Benissa.<\/p>\n<p>L&#039;Ajuntament de <strong>Benissa<\/strong> ha anunciat l&#039;inici del proc\u00e9s de <strong>Pressupostos Participatius 2025-2026<\/strong>, una iniciativa que ofereix a la ciutadania la possibilitat de decidir directament sobre la destinaci\u00f3 de 60.000 euros del pressupost municipal, mitjan\u00e7ant la presentaci\u00f3 i votaci\u00f3 de propostes de millora per al municipi.<\/p>\n<p>La <strong>fase de presentaci\u00f3<\/strong> de propostes s&#039;estendr\u00e0 <strong>fins al 14 d&#039;abril<\/strong>. Hi podran participar les persones empadronades a Benissa, aix\u00ed com associacions locals i consells sectorials. Les propostes es poden lliurar tant de forma presencial com a trav\u00e9s de mitjans telem\u00e0tics.<\/p>\n<p>Posteriorment, entre el <strong>19 de maig i el 8 de juny<\/strong>, s&#039;obrir\u00e0 el <strong>per\u00edode de votaci\u00f3<\/strong>, en qu\u00e8 la ciutadania podr\u00e0 triar les iniciatives que considerin m\u00e9s beneficioses per a la localitat.<\/p>\n<p>Per con\u00e8ixer de prop com funcionen aquesta iniciativa, hem pogut xerrar amb la regidora de Participaci\u00f3 Ciutadana, <strong>Virginia P\u00e9rez<\/strong>. Pots escoltar l&#039;entrevista completa al seg\u00fcent podcast.<\/p>\n<audio class=\"wp-audio-shortcode\" id=\"audio-15736-1\" preload=\"none\" style=\"width: 100%;\" controls=\"controls\"><source type=\"audio\/mpeg\" src=\"https:\/\/media.radiolitoral.com\/wp-content\/uploads\/2025\/03\/26094926\/ENTREVISTA-VIRGINIA-PEREZ.mp3?_=1\" \/><a href=\"https:\/\/media.radiolitoral.com\/wp-content\/uploads\/2025\/03\/26094926\/ENTREVISTA-VIRGINIA-PEREZ.mp3\">https:\/\/media.radiolitoral.com\/wp-content\/uploads\/2025\/03\/26094926\/ENTREVISTA-VIRGINIA-PEREZ.mp3<\/a><\/audio>","protected":false},"excerpt":{"rendered":"<p>Seguro que en alg\u00fan momento has pensado que podr\u00edas hacer mejor las cosas. Que ten\u00edas una idea espectacular para Benissa. Pues si no te has enterado, podr\u00edas haber presentado ese proyecto a los Presupuestos Participativos 2025. Este a\u00f1o contamos con 60.000 \u20ac para financiar las propuestas seleccionadas por los vecinos y vecinas empadronadas en Benissa. [&#8230;]<\/p>\n<p><a class=\"btn btn-secondary understrap-read-more-link\" href=\"https:\/\/radiolitoral.com\/ca\/2025\/03\/virginia-perez-la-mas-votada-el-pasado-ano-fue-la-adecuacion-del-castell-de-moros-i-cristians\/\">Continua llegint&#8230;<span class=\"screen-reader-text\"> from Virginia P\u00e9rez: \u00abLa m\u00e1s votada el pasado a\u00f1o fue la adecuaci\u00f3n del Castell de Moros i Cristians\u00bb<\/span><\/a><\/p>\n","protected":false},"author":14,"featured_media":13002,"comment_status":"open","ping_status":"closed","sticky":false,"template":"","format":"standard","meta":{"_acf_changed":false,"inline_featured_image":false,"footnotes":""},"categories":[46],"tags":[126,608,1671,1160,2388],"class_list":["post-15736","post","type-post","status-publish","format-standard","has-post-thumbnail","hentry","category-sociedad","tag-benissa","tag-participacion-ciudadana","tag-presupuestos-participativos","tag-sociedad","tag-virginia-perez","cobertura-benissa"],"acf":[],"yoast_head":"<!-- This site is optimized with the Yoast SEO plugin v27.5 - https:\/\/yoast.com\/product\/yoast-seo-wordpress\/ -->\n<title>Virginia P\u00e9rez: &quot;La m\u00e1s votada el pasado a\u00f1o fue la adecuaci\u00f3n del Castell de Moros i Cristians&quot; | R\u00e0dio Litoral<\/title>\n<meta name=\"description\" content=\"La fase de presentaci\u00f3n de propuestas se extiende hasta el 14 de abril\" \/>\n<meta name=\"robots\" content=\"index, follow, max-snippet:-1, max-image-preview:large, max-video-preview:-1\" \/>\n<link rel=\"canonical\" href=\"https:\/\/radiolitoral.com\/ca\/2025\/03\/virginia-perez-la-mes-votada-el-passat-any-va-ser-ladequacio-del-castell-de-moros-i-cristians\/\" \/>\n<meta property=\"og:locale\" content=\"ca_ES\" \/>\n<meta property=\"og:type\" content=\"article\" \/>\n<meta property=\"og:title\" content=\"Virginia P\u00e9rez: &quot;La m\u00e1s votada el pasado a\u00f1o fue la adecuaci\u00f3n del Castell de Moros i Cristians&quot; | R\u00e0dio Litoral\" \/>\n<meta property=\"og:description\" content=\"La fase de presentaci\u00f3n de propuestas se extiende hasta el 14 de abril\" \/>\n<meta property=\"og:url\" content=\"https:\/\/radiolitoral.com\/ca\/2025\/03\/virginia-perez-la-mes-votada-el-passat-any-va-ser-ladequacio-del-castell-de-moros-i-cristians\/\" \/>\n<meta property=\"og:site_name\" content=\"R\u00e0dio Litoral\" \/>\n<meta property=\"article:publisher\" content=\"https:\/\/www.facebook.com\/Laradiolitoral\/\" \/>\n<meta property=\"article:published_time\" content=\"2025-03-26T08:57:09+00:00\" \/>\n<meta property=\"og:image\" content=\"https:\/\/media.radiolitoral.com\/wp-content\/uploads\/2024\/11\/11105357\/Virginia-Perez-Primer-Cafe-e1742979350633.jpeg\" \/>\n\t<meta property=\"og:image:width\" content=\"1693\" \/>\n\t<meta property=\"og:image:height\" content=\"1125\" \/>\n\t<meta property=\"og:image:type\" content=\"image\/jpeg\" \/>\n<meta name=\"author\" content=\"Redacci\u00f3n\" \/>\n<meta name=\"twitter:card\" content=\"summary_large_image\" \/>\n<meta name=\"twitter:label1\" content=\"Escrit per\" \/>\n\t<meta name=\"twitter:data1\" content=\"Redacci\u00f3n\" \/>\n\t<meta name=\"twitter:label2\" content=\"Temps estimat de lectura\" \/>\n\t<meta name=\"twitter:data2\" content=\"2 minuts\" \/>\n<script type=\"application\/ld+json\" class=\"yoast-schema-graph\">{\"@context\":\"https:\\\/\\\/schema.org\",\"@graph\":[{\"@type\":\"NewsArticle\",\"@id\":\"https:\\\/\\\/radiolitoral.com\\\/2025\\\/03\\\/virginia-perez-la-mas-votada-el-pasado-ano-fue-la-adecuacion-del-castell-de-moros-i-cristians\\\/#article\",\"isPartOf\":{\"@id\":\"https:\\\/\\\/radiolitoral.com\\\/2025\\\/03\\\/virginia-perez-la-mas-votada-el-pasado-ano-fue-la-adecuacion-del-castell-de-moros-i-cristians\\\/\"},\"author\":{\"name\":\"Redacci\u00f3n\",\"@id\":\"https:\\\/\\\/radiolitoral.com\\\/#\\\/schema\\\/person\\\/96b739642eb3bedb532aac3812d23307\"},\"headline\":\"Virginia P\u00e9rez: \u00abLa m\u00e1s votada el pasado a\u00f1o fue la adecuaci\u00f3n del Castell de Moros i Cristians\u00bb\",\"datePublished\":\"2025-03-26T08:57:09+00:00\",\"mainEntityOfPage\":{\"@id\":\"https:\\\/\\\/radiolitoral.com\\\/2025\\\/03\\\/virginia-perez-la-mas-votada-el-pasado-ano-fue-la-adecuacion-del-castell-de-moros-i-cristians\\\/\"},\"wordCount\":248,\"commentCount\":0,\"publisher\":{\"@id\":\"https:\\\/\\\/radiolitoral.com\\\/#organization\"},\"image\":{\"@id\":\"https:\\\/\\\/radiolitoral.com\\\/2025\\\/03\\\/virginia-perez-la-mas-votada-el-pasado-ano-fue-la-adecuacion-del-castell-de-moros-i-cristians\\\/#primaryimage\"},\"thumbnailUrl\":\"https:\\\/\\\/media.radiolitoral.com\\\/wp-content\\\/uploads\\\/2024\\\/11\\\/11105357\\\/Virginia-Perez-Primer-Cafe-e1742979350633.jpeg\",\"keywords\":[\"Benissa\",\"Participaci\u00f3n ciudadana\",\"presupuestos participativos\",\"sociedad\",\"Virginia P\u00e9rez\"],\"articleSection\":[\"Sociedad\"],\"inLanguage\":\"ca\",\"potentialAction\":[{\"@type\":\"CommentAction\",\"name\":\"Comment\",\"target\":[\"https:\\\/\\\/radiolitoral.com\\\/2025\\\/03\\\/virginia-perez-la-mas-votada-el-pasado-ano-fue-la-adecuacion-del-castell-de-moros-i-cristians\\\/#respond\"]}]},{\"@type\":[\"WebPage\",\"ItemPage\"],\"@id\":\"https:\\\/\\\/radiolitoral.com\\\/2025\\\/03\\\/virginia-perez-la-mas-votada-el-pasado-ano-fue-la-adecuacion-del-castell-de-moros-i-cristians\\\/\",\"url\":\"https:\\\/\\\/radiolitoral.com\\\/2025\\\/03\\\/virginia-perez-la-mas-votada-el-pasado-ano-fue-la-adecuacion-del-castell-de-moros-i-cristians\\\/\",\"name\":\"Virginia P\u00e9rez: \\\"La m\u00e1s votada el pasado a\u00f1o fue la adecuaci\u00f3n del Castell de Moros i Cristians\\\" | R\u00e0dio Litoral\",\"isPartOf\":{\"@id\":\"https:\\\/\\\/radiolitoral.com\\\/#website\"},\"primaryImageOfPage\":{\"@id\":\"https:\\\/\\\/radiolitoral.com\\\/2025\\\/03\\\/virginia-perez-la-mas-votada-el-pasado-ano-fue-la-adecuacion-del-castell-de-moros-i-cristians\\\/#primaryimage\"},\"image\":{\"@id\":\"https:\\\/\\\/radiolitoral.com\\\/2025\\\/03\\\/virginia-perez-la-mas-votada-el-pasado-ano-fue-la-adecuacion-del-castell-de-moros-i-cristians\\\/#primaryimage\"},\"thumbnailUrl\":\"https:\\\/\\\/media.radiolitoral.com\\\/wp-content\\\/uploads\\\/2024\\\/11\\\/11105357\\\/Virginia-Perez-Primer-Cafe-e1742979350633.jpeg\",\"datePublished\":\"2025-03-26T08:57:09+00:00\",\"description\":\"La fase de presentaci\u00f3n de propuestas se extiende hasta el 14 de abril\",\"breadcrumb\":{\"@id\":\"https:\\\/\\\/radiolitoral.com\\\/2025\\\/03\\\/virginia-perez-la-mas-votada-el-pasado-ano-fue-la-adecuacion-del-castell-de-moros-i-cristians\\\/#breadcrumb\"},\"inLanguage\":\"ca\",\"potentialAction\":[{\"@type\":\"ReadAction\",\"target\":[\"https:\\\/\\\/radiolitoral.com\\\/2025\\\/03\\\/virginia-perez-la-mas-votada-el-pasado-ano-fue-la-adecuacion-del-castell-de-moros-i-cristians\\\/\"]}]},{\"@type\":\"ImageObject\",\"inLanguage\":\"ca\",\"@id\":\"https:\\\/\\\/radiolitoral.com\\\/2025\\\/03\\\/virginia-perez-la-mas-votada-el-pasado-ano-fue-la-adecuacion-del-castell-de-moros-i-cristians\\\/#primaryimage\",\"url\":\"https:\\\/\\\/media.radiolitoral.com\\\/wp-content\\\/uploads\\\/2024\\\/11\\\/11105357\\\/Virginia-Perez-Primer-Cafe-e1742979350633.jpeg\",\"contentUrl\":\"https:\\\/\\\/media.radiolitoral.com\\\/wp-content\\\/uploads\\\/2024\\\/11\\\/11105357\\\/Virginia-Perez-Primer-Cafe-e1742979350633.jpeg\",\"width\":1693,\"height\":1125},{\"@type\":\"BreadcrumbList\",\"@id\":\"https:\\\/\\\/radiolitoral.com\\\/2025\\\/03\\\/virginia-perez-la-mas-votada-el-pasado-ano-fue-la-adecuacion-del-castell-de-moros-i-cristians\\\/#breadcrumb\",\"itemListElement\":[{\"@type\":\"ListItem\",\"position\":1,\"name\":\"Portada\",\"item\":\"https:\\\/\\\/radiolitoral.com\\\/\"},{\"@type\":\"ListItem\",\"position\":2,\"name\":\"Virginia P\u00e9rez: \u00abLa m\u00e1s votada el pasado a\u00f1o fue la adecuaci\u00f3n del Castell de Moros i Cristians\u00bb\"}]},{\"@type\":\"WebSite\",\"@id\":\"https:\\\/\\\/radiolitoral.com\\\/#website\",\"url\":\"https:\\\/\\\/radiolitoral.com\\\/\",\"name\":\"Radio Litoral\",\"description\":\"La radio local de la Marina Alta\",\"publisher\":{\"@id\":\"https:\\\/\\\/radiolitoral.com\\\/#organization\"},\"alternateName\":\"Litoral FM\",\"potentialAction\":[{\"@type\":\"SearchAction\",\"target\":{\"@type\":\"EntryPoint\",\"urlTemplate\":\"https:\\\/\\\/radiolitoral.com\\\/?s={search_term_string}\"},\"query-input\":{\"@type\":\"PropertyValueSpecification\",\"valueRequired\":true,\"valueName\":\"search_term_string\"}}],\"inLanguage\":\"ca\"},{\"@type\":\"Organization\",\"@id\":\"https:\\\/\\\/radiolitoral.com\\\/#organization\",\"name\":\"Radio Litoral\",\"url\":\"https:\\\/\\\/radiolitoral.com\\\/\",\"logo\":{\"@type\":\"ImageObject\",\"inLanguage\":\"ca\",\"@id\":\"https:\\\/\\\/radiolitoral.com\\\/#\\\/schema\\\/logo\\\/image\\\/\",\"url\":\"https:\\\/\\\/media.radiolitoral.com\\\/wp-content\\\/uploads\\\/2023\\\/02\\\/24143238\\\/CL-V-RadioLitoral696.png\",\"contentUrl\":\"https:\\\/\\\/media.radiolitoral.com\\\/wp-content\\\/uploads\\\/2023\\\/02\\\/24143238\\\/CL-V-RadioLitoral696.png\",\"width\":696,\"height\":696,\"caption\":\"Radio Litoral\"},\"image\":{\"@id\":\"https:\\\/\\\/radiolitoral.com\\\/#\\\/schema\\\/logo\\\/image\\\/\"},\"sameAs\":[\"https:\\\/\\\/www.facebook.com\\\/Laradiolitoral\\\/\"]},{\"@type\":\"Person\",\"@id\":\"https:\\\/\\\/radiolitoral.com\\\/#\\\/schema\\\/person\\\/96b739642eb3bedb532aac3812d23307\",\"name\":\"Redacci\u00f3n\",\"image\":{\"@type\":\"ImageObject\",\"inLanguage\":\"ca\",\"@id\":\"https:\\\/\\\/secure.gravatar.com\\\/avatar\\\/30cd06129ee90411dd9c7cbdcf17464181d1a3c7b072e92070ea75a25cf0097e?s=96&d=mm&r=g\",\"url\":\"https:\\\/\\\/secure.gravatar.com\\\/avatar\\\/30cd06129ee90411dd9c7cbdcf17464181d1a3c7b072e92070ea75a25cf0097e?s=96&d=mm&r=g\",\"contentUrl\":\"https:\\\/\\\/secure.gravatar.com\\\/avatar\\\/30cd06129ee90411dd9c7cbdcf17464181d1a3c7b072e92070ea75a25cf0097e?s=96&d=mm&r=g\",\"caption\":\"Redacci\u00f3n\"},\"url\":\"https:\\\/\\\/radiolitoral.com\\\/ca\\\/author\\\/kevin-carrio\\\/\"}]}<\/script>\n<!-- \/ Yoast SEO plugin. -->","yoast_head_json":{"title":"Virginia P\u00e9rez: &quot;La m\u00e9s votada l&#039;any passat va ser l&#039;adequaci\u00f3 del Castell de Moros i Cristians&quot; | R\u00e0dio Litoral","description":"La fase de presentaci\u00f3 de propostes s\u00b4est\u00e9n fins al 14 d\u00b4abril","robots":{"index":"index","follow":"follow","max-snippet":"max-snippet:-1","max-image-preview":"max-image-preview:large","max-video-preview":"max-video-preview:-1"},"canonical":"https:\/\/radiolitoral.com\/ca\/2025\/03\/virginia-perez-la-mes-votada-el-passat-any-va-ser-ladequacio-del-castell-de-moros-i-cristians\/","og_locale":"ca_ES","og_type":"article","og_title":"Virginia P\u00e9rez: \"La m\u00e1s votada el pasado a\u00f1o fue la adecuaci\u00f3n del Castell de Moros i Cristians\" | R\u00e0dio Litoral","og_description":"La fase de presentaci\u00f3n de propuestas se extiende hasta el 14 de abril","og_url":"https:\/\/radiolitoral.com\/ca\/2025\/03\/virginia-perez-la-mes-votada-el-passat-any-va-ser-ladequacio-del-castell-de-moros-i-cristians\/","og_site_name":"R\u00e0dio Litoral","article_publisher":"https:\/\/www.facebook.com\/Laradiolitoral\/","article_published_time":"2025-03-26T08:57:09+00:00","og_image":[{"width":1693,"height":1125,"url":"https:\/\/media.radiolitoral.com\/wp-content\/uploads\/2024\/11\/11105357\/Virginia-Perez-Primer-Cafe-e1742979350633.jpeg","type":"image\/jpeg"}],"author":"Redacci\u00f3n","twitter_card":"summary_large_image","twitter_misc":{"Escrit per":"Redacci\u00f3n","Temps estimat de lectura":"2 minuts"},"schema":{"@context":"https:\/\/schema.org","@graph":[{"@type":"NewsArticle","@id":"https:\/\/radiolitoral.com\/2025\/03\/virginia-perez-la-mas-votada-el-pasado-ano-fue-la-adecuacion-del-castell-de-moros-i-cristians\/#article","isPartOf":{"@id":"https:\/\/radiolitoral.com\/2025\/03\/virginia-perez-la-mas-votada-el-pasado-ano-fue-la-adecuacion-del-castell-de-moros-i-cristians\/"},"author":{"name":"Redacci\u00f3n","@id":"https:\/\/radiolitoral.com\/#\/schema\/person\/96b739642eb3bedb532aac3812d23307"},"headline":"Virginia P\u00e9rez: \u00abLa m\u00e1s votada el pasado a\u00f1o fue la adecuaci\u00f3n del Castell de Moros i Cristians\u00bb","datePublished":"2025-03-26T08:57:09+00:00","mainEntityOfPage":{"@id":"https:\/\/radiolitoral.com\/2025\/03\/virginia-perez-la-mas-votada-el-pasado-ano-fue-la-adecuacion-del-castell-de-moros-i-cristians\/"},"wordCount":248,"commentCount":0,"publisher":{"@id":"https:\/\/radiolitoral.com\/#organization"},"image":{"@id":"https:\/\/radiolitoral.com\/2025\/03\/virginia-perez-la-mas-votada-el-pasado-ano-fue-la-adecuacion-del-castell-de-moros-i-cristians\/#primaryimage"},"thumbnailUrl":"https:\/\/media.radiolitoral.com\/wp-content\/uploads\/2024\/11\/11105357\/Virginia-Perez-Primer-Cafe-e1742979350633.jpeg","keywords":["Benissa","Participaci\u00f3n ciudadana","presupuestos participativos","sociedad","Virginia P\u00e9rez"],"articleSection":["Sociedad"],"inLanguage":"ca","potentialAction":[{"@type":"CommentAction","name":"Comment","target":["https:\/\/radiolitoral.com\/2025\/03\/virginia-perez-la-mas-votada-el-pasado-ano-fue-la-adecuacion-del-castell-de-moros-i-cristians\/#respond"]}]},{"@type":["WebPage","ItemPage"],"@id":"https:\/\/radiolitoral.com\/2025\/03\/virginia-perez-la-mas-votada-el-pasado-ano-fue-la-adecuacion-del-castell-de-moros-i-cristians\/","url":"https:\/\/radiolitoral.com\/2025\/03\/virginia-perez-la-mas-votada-el-pasado-ano-fue-la-adecuacion-del-castell-de-moros-i-cristians\/","name":"Virginia P\u00e9rez: &quot;La m\u00e9s votada l&#039;any passat va ser l&#039;adequaci\u00f3 del Castell de Moros i Cristians&quot; | R\u00e0dio Litoral","isPartOf":{"@id":"https:\/\/radiolitoral.com\/#website"},"primaryImageOfPage":{"@id":"https:\/\/radiolitoral.com\/2025\/03\/virginia-perez-la-mas-votada-el-pasado-ano-fue-la-adecuacion-del-castell-de-moros-i-cristians\/#primaryimage"},"image":{"@id":"https:\/\/radiolitoral.com\/2025\/03\/virginia-perez-la-mas-votada-el-pasado-ano-fue-la-adecuacion-del-castell-de-moros-i-cristians\/#primaryimage"},"thumbnailUrl":"https:\/\/media.radiolitoral.com\/wp-content\/uploads\/2024\/11\/11105357\/Virginia-Perez-Primer-Cafe-e1742979350633.jpeg","datePublished":"2025-03-26T08:57:09+00:00","description":"La fase de presentaci\u00f3 de propostes s\u00b4est\u00e9n fins al 14 d\u00b4abril","breadcrumb":{"@id":"https:\/\/radiolitoral.com\/2025\/03\/virginia-perez-la-mas-votada-el-pasado-ano-fue-la-adecuacion-del-castell-de-moros-i-cristians\/#breadcrumb"},"inLanguage":"ca","potentialAction":[{"@type":"ReadAction","target":["https:\/\/radiolitoral.com\/2025\/03\/virginia-perez-la-mas-votada-el-pasado-ano-fue-la-adecuacion-del-castell-de-moros-i-cristians\/"]}]},{"@type":"ImageObject","inLanguage":"ca","@id":"https:\/\/radiolitoral.com\/2025\/03\/virginia-perez-la-mas-votada-el-pasado-ano-fue-la-adecuacion-del-castell-de-moros-i-cristians\/#primaryimage","url":"https:\/\/media.radiolitoral.com\/wp-content\/uploads\/2024\/11\/11105357\/Virginia-Perez-Primer-Cafe-e1742979350633.jpeg","contentUrl":"https:\/\/media.radiolitoral.com\/wp-content\/uploads\/2024\/11\/11105357\/Virginia-Perez-Primer-Cafe-e1742979350633.jpeg","width":1693,"height":1125},{"@type":"BreadcrumbList","@id":"https:\/\/radiolitoral.com\/2025\/03\/virginia-perez-la-mas-votada-el-pasado-ano-fue-la-adecuacion-del-castell-de-moros-i-cristians\/#breadcrumb","itemListElement":[{"@type":"ListItem","position":1,"name":"Portada","item":"https:\/\/radiolitoral.com\/"},{"@type":"ListItem","position":2,"name":"Virginia P\u00e9rez: \u00abLa m\u00e1s votada el pasado a\u00f1o fue la adecuaci\u00f3n del Castell de Moros i Cristians\u00bb"}]},{"@type":"WebSite","@id":"https:\/\/radiolitoral.com\/#website","url":"https:\/\/radiolitoral.com\/","name":"R\u00e0dio Litoral","description":"La r\u00e0dio local de la Marina Alta","publisher":{"@id":"https:\/\/radiolitoral.com\/#organization"},"alternateName":"Litoral FM","potentialAction":[{"@type":"SearchAction","target":{"@type":"EntryPoint","urlTemplate":"https:\/\/radiolitoral.com\/?s={search_term_string}"},"query-input":{"@type":"PropertyValueSpecification","valueRequired":true,"valueName":"search_term_string"}}],"inLanguage":"ca"},{"@type":"Organization","@id":"https:\/\/radiolitoral.com\/#organization","name":"R\u00e0dio Litoral","url":"https:\/\/radiolitoral.com\/","logo":{"@type":"ImageObject","inLanguage":"ca","@id":"https:\/\/radiolitoral.com\/#\/schema\/logo\/image\/","url":"https:\/\/media.radiolitoral.com\/wp-content\/uploads\/2023\/02\/24143238\/CL-V-RadioLitoral696.png","contentUrl":"https:\/\/media.radiolitoral.com\/wp-content\/uploads\/2023\/02\/24143238\/CL-V-RadioLitoral696.png","width":696,"height":696,"caption":"Radio Litoral"},"image":{"@id":"https:\/\/radiolitoral.com\/#\/schema\/logo\/image\/"},"sameAs":["https:\/\/www.facebook.com\/Laradiolitoral\/"]},{"@type":"Person","@id":"https:\/\/radiolitoral.com\/#\/schema\/person\/96b739642eb3bedb532aac3812d23307","name":"Redacci\u00f3","image":{"@type":"ImageObject","inLanguage":"ca","@id":"https:\/\/secure.gravatar.com\/avatar\/30cd06129ee90411dd9c7cbdcf17464181d1a3c7b072e92070ea75a25cf0097e?s=96&d=mm&r=g","url":"https:\/\/secure.gravatar.com\/avatar\/30cd06129ee90411dd9c7cbdcf17464181d1a3c7b072e92070ea75a25cf0097e?s=96&d=mm&r=g","contentUrl":"https:\/\/secure.gravatar.com\/avatar\/30cd06129ee90411dd9c7cbdcf17464181d1a3c7b072e92070ea75a25cf0097e?s=96&d=mm&r=g","caption":"Redacci\u00f3n"},"url":"https:\/\/radiolitoral.com\/ca\/author\/kevin-carrio\/"}]}},"_links":{"self":[{"href":"https:\/\/radiolitoral.com\/ca\/wp-json\/wp\/v2\/posts\/15736","targetHints":{"allow":["GET"]}}],"collection":[{"href":"https:\/\/radiolitoral.com\/ca\/wp-json\/wp\/v2\/posts"}],"about":[{"href":"https:\/\/radiolitoral.com\/ca\/wp-json\/wp\/v2\/types\/post"}],"author":[{"embeddable":true,"href":"https:\/\/radiolitoral.com\/ca\/wp-json\/wp\/v2\/users\/14"}],"replies":[{"embeddable":true,"href":"https:\/\/radiolitoral.com\/ca\/wp-json\/wp\/v2\/comments?post=15736"}],"version-history":[{"count":1,"href":"https:\/\/radiolitoral.com\/ca\/wp-json\/wp\/v2\/posts\/15736\/revisions"}],"predecessor-version":[{"id":15738,"href":"https:\/\/radiolitoral.com\/ca\/wp-json\/wp\/v2\/posts\/15736\/revisions\/15738"}],"wp:featuredmedia":[{"embeddable":true,"href":"https:\/\/radiolitoral.com\/ca\/wp-json\/wp\/v2\/media\/13002"}],"wp:attachment":[{"href":"https:\/\/radiolitoral.com\/ca\/wp-json\/wp\/v2\/media?parent=15736"}],"wp:term":[{"taxonomy":"category","embeddable":true,"href":"https:\/\/radiolitoral.com\/ca\/wp-json\/wp\/v2\/categories?post=15736"},{"taxonomy":"post_tag","embeddable":true,"href":"https:\/\/radiolitoral.com\/ca\/wp-json\/wp\/v2\/tags?post=15736"}],"curies":[{"name":"wp","href":"https:\/\/api.w.org\/{rel}","templated":true}]}}