{"id":15720,"date":"2025-03-25T10:22:44","date_gmt":"2025-03-25T09:22:44","guid":{"rendered":"https:\/\/radiolitoral.com\/?p=15720"},"modified":"2025-03-25T11:21:25","modified_gmt":"2025-03-25T10:21:25","slug":"derrota-del-denia-bc-davant-el-real-murcia-71-63","status":"publish","type":"post","link":"https:\/\/radiolitoral.com\/ca\/2025\/03\/derrota-del-denia-bc-ante-el-real-murcia-71-63\/","title":{"rendered":"Derrota del D\u00e9nia BC davant el Real M\u00farcia (71-63)"},"content":{"rendered":"<p>El <strong>D\u00e9nia BC<\/strong> no va poder aconseguir la vict\u00f2ria en la visita a M\u00farcia, caient per <strong>71-63<\/strong> en un intens duel disputat a l&#039;hist\u00f2ric pavell\u00f3 Pr\u00edncipe de Asturias, davant el <strong>Reial M\u00farcia<\/strong>.<\/p>\n<p>El partit va estar condicionat per les lesions i problemes f\u00edsics de jugadors clau com <strong>Adri\u00e1n P\u00e9rez<\/strong>, que es va retirar tot just iniciat la trobada, i <strong>Ivan Alexandrov<\/strong>, que encara no es recupera plenament.<\/p>\n<p>Tot i els contratemps, el conjunt denier va aconseguir mantenir-se competitiu durant tot el matx. Despr\u00e9s d&#039;un primer quart igualat (16-16), els murcians van aconseguir agafar avantatge al segon parcial gr\u00e0cies als tirs lliures, arribant al descans amb nou punts d&#039;avantatge (35-26).<\/p>\n<p>El tercer quart va mostrar la millor cara dels jugadors dirigits per <strong>Eduardo Clavero<\/strong>, que amb una forta defensa i encert ofensiu van igualar novament el partit (49-49). Tot i aix\u00f2, a l&#039;\u00faltim quart, l&#039;encert local des de la l\u00ednia de tres i l&#039;acumulaci\u00f3 de faltes personals van condicionar les opcions de l&#039;equip visitant.<\/p>\n<p>L&#039;eliminaci\u00f3 per faltes de quatre jugadors clau del D\u00e9nia BC va limitar la capacitat de reacci\u00f3 als instants finals, permetent al Reial M\u00farcia assegurar una vict\u00f2ria fonamental en la lluita per la perman\u00e8ncia.<\/p>\n<p>Amb aquesta derrota, D\u00e9nia BC queda en una situaci\u00f3 delicada i haur\u00e0 d&#039;afrontar amb m\u00e0xima intensitat els quatre partits que resten per evitar el descens. El proper dissabte 29 de mar\u00e7, l&#039;equip rebr\u00e0 a Joan Fuster al <strong>CB Sueca<\/strong>, on buscaran el suport de la seva afici\u00f3 per mantenir viva l&#039;esperan\u00e7a.<\/p>\n<p><script src=\"chrome-extension:\/\/flbolonkboilcbnohjlchlfgdalomdpl\/iFrame.js\" type=\"text\/javascript\"><\/script><\/p>\n<p><script src=\"chrome-extension:\/\/flbolonkboilcbnohjlchlfgdalomdpl\/iFrame.js\" type=\"text\/javascript\"><\/script><\/p>","protected":false},"excerpt":{"rendered":"<p>El D\u00e9nia BC no pudo conseguir la victoria en su visita a Murcia, cayendo por 71-63 en un intenso duelo disputado en el hist\u00f3rico pabell\u00f3n Pr\u00edncipe de Asturias, ante el Real Murcia. El partido estuvo condicionado por las lesiones y problemas f\u00edsicos de jugadores clave como Adri\u00e1n P\u00e9rez, que se retir\u00f3 apenas iniciado el encuentro, [&#8230;]<\/p>\n<p><a class=\"btn btn-secondary understrap-read-more-link\" href=\"https:\/\/radiolitoral.com\/ca\/2025\/03\/derrota-del-denia-bc-ante-el-real-murcia-71-63\/\">Continua llegint&#8230;<span class=\"screen-reader-text\"> from Derrota del D\u00e9nia BC ante el Real Murcia (71-63)<\/span><\/a><\/p>\n","protected":false},"author":12,"featured_media":15722,"comment_status":"open","ping_status":"closed","sticky":false,"template":"","format":"standard","meta":{"_acf_changed":false,"inline_featured_image":false,"footnotes":""},"categories":[5],"tags":[3985,1793,1355,6,965,3986,1790],"class_list":["post-15720","post","type-post","status-publish","format-standard","has-post-thumbnail","hentry","category-deportes","tag-adrian-perez","tag-cb-sueca","tag-denia-bc","tag-deportes","tag-eduardo-clavero","tag-ivan-alexandrov","tag-real-murcia","cobertura-denia"],"acf":[],"yoast_head":"<!-- This site is optimized with the Yoast SEO plugin v27.5 - https:\/\/yoast.com\/product\/yoast-seo-wordpress\/ -->\n<title>Derrota del D\u00e9nia BC ante el Real Murcia (71-63) | R\u00e0dio Litoral<\/title>\n<meta name=\"description\" content=\"Los dianenses compitieron durante los tres primeros cuartos, la ausencia de jugadores importantes fueron clave en la recta final del partido Los dianenses compitieron durante los tres primeros cuartos, la ausencia de jugadores importantes fueron clave en la recta final del partido\" \/>\n<meta name=\"robots\" content=\"index, follow, max-snippet:-1, max-image-preview:large, max-video-preview:-1\" \/>\n<link rel=\"canonical\" href=\"https:\/\/radiolitoral.com\/ca\/2025\/03\/derrota-del-denia-bc-davant-el-real-murcia-71-63\/\" \/>\n<meta property=\"og:locale\" content=\"ca_ES\" \/>\n<meta property=\"og:type\" content=\"article\" \/>\n<meta property=\"og:title\" content=\"Derrota del D\u00e9nia BC ante el Real Murcia (71-63) | R\u00e0dio Litoral\" \/>\n<meta property=\"og:description\" content=\"Los dianenses compitieron durante los tres primeros cuartos, la ausencia de jugadores importantes fueron clave en la recta final del partido Los dianenses compitieron durante los tres primeros cuartos, la ausencia de jugadores importantes fueron clave en la recta final del partido\" \/>\n<meta property=\"og:url\" content=\"https:\/\/radiolitoral.com\/ca\/2025\/03\/derrota-del-denia-bc-davant-el-real-murcia-71-63\/\" \/>\n<meta property=\"og:site_name\" content=\"R\u00e0dio Litoral\" \/>\n<meta property=\"article:publisher\" content=\"https:\/\/www.facebook.com\/Laradiolitoral\/\" \/>\n<meta property=\"article:published_time\" content=\"2025-03-25T09:22:44+00:00\" \/>\n<meta property=\"article:modified_time\" content=\"2025-03-25T10:21:25+00:00\" \/>\n<meta property=\"og:image\" content=\"https:\/\/media.radiolitoral.com\/wp-content\/uploads\/2025\/03\/25102157\/ADRIAN-PEREZ-LESIONADO-DURANTE-EL-ENCUENTRO-ANTE-REAL-MURCIA-scaled.jpg\" \/>\n\t<meta property=\"og:image:width\" content=\"2560\" \/>\n\t<meta property=\"og:image:height\" content=\"1707\" \/>\n\t<meta property=\"og:image:type\" content=\"image\/jpeg\" \/>\n<meta name=\"author\" content=\"Javier Zamora\" \/>\n<meta name=\"twitter:card\" content=\"summary_large_image\" \/>\n<meta name=\"twitter:label1\" content=\"Escrit per\" \/>\n\t<meta name=\"twitter:data1\" content=\"Javier Zamora\" \/>\n\t<meta name=\"twitter:label2\" content=\"Temps estimat de lectura\" \/>\n\t<meta name=\"twitter:data2\" content=\"2 minuts\" \/>\n<script type=\"application\/ld+json\" class=\"yoast-schema-graph\">{\"@context\":\"https:\\\/\\\/schema.org\",\"@graph\":[{\"@type\":\"NewsArticle\",\"@id\":\"https:\\\/\\\/radiolitoral.com\\\/2025\\\/03\\\/derrota-del-denia-bc-ante-el-real-murcia-71-63\\\/#article\",\"isPartOf\":{\"@id\":\"https:\\\/\\\/radiolitoral.com\\\/2025\\\/03\\\/derrota-del-denia-bc-ante-el-real-murcia-71-63\\\/\"},\"author\":{\"name\":\"Javier Zamora\",\"@id\":\"https:\\\/\\\/radiolitoral.com\\\/#\\\/schema\\\/person\\\/7b1480b5caeb5acdd4ec6379caf62b22\"},\"headline\":\"Derrota del D\u00e9nia BC ante el Real Murcia (71-63)\",\"datePublished\":\"2025-03-25T09:22:44+00:00\",\"dateModified\":\"2025-03-25T10:21:25+00:00\",\"mainEntityOfPage\":{\"@id\":\"https:\\\/\\\/radiolitoral.com\\\/2025\\\/03\\\/derrota-del-denia-bc-ante-el-real-murcia-71-63\\\/\"},\"wordCount\":277,\"commentCount\":0,\"publisher\":{\"@id\":\"https:\\\/\\\/radiolitoral.com\\\/#organization\"},\"image\":{\"@id\":\"https:\\\/\\\/radiolitoral.com\\\/2025\\\/03\\\/derrota-del-denia-bc-ante-el-real-murcia-71-63\\\/#primaryimage\"},\"thumbnailUrl\":\"https:\\\/\\\/media.radiolitoral.com\\\/wp-content\\\/uploads\\\/2025\\\/03\\\/25102157\\\/ADRIAN-PEREZ-LESIONADO-DURANTE-EL-ENCUENTRO-ANTE-REAL-MURCIA-scaled.jpg\",\"keywords\":[\"Adri\u00e1n P\u00e9rez\",\"CB\u00a0Sueca\",\"D\u00e9nia BC\",\"deportes\",\"Eduardo Clavero\",\"Iv\u00e1n Alexandrov\",\"Real M\u00farcia\"],\"articleSection\":[\"Deportes\"],\"inLanguage\":\"ca\",\"potentialAction\":[{\"@type\":\"CommentAction\",\"name\":\"Comment\",\"target\":[\"https:\\\/\\\/radiolitoral.com\\\/2025\\\/03\\\/derrota-del-denia-bc-ante-el-real-murcia-71-63\\\/#respond\"]}]},{\"@type\":[\"WebPage\",\"ItemPage\"],\"@id\":\"https:\\\/\\\/radiolitoral.com\\\/2025\\\/03\\\/derrota-del-denia-bc-ante-el-real-murcia-71-63\\\/\",\"url\":\"https:\\\/\\\/radiolitoral.com\\\/2025\\\/03\\\/derrota-del-denia-bc-ante-el-real-murcia-71-63\\\/\",\"name\":\"Derrota del D\u00e9nia BC ante el Real Murcia (71-63) | R\u00e0dio Litoral\",\"isPartOf\":{\"@id\":\"https:\\\/\\\/radiolitoral.com\\\/#website\"},\"primaryImageOfPage\":{\"@id\":\"https:\\\/\\\/radiolitoral.com\\\/2025\\\/03\\\/derrota-del-denia-bc-ante-el-real-murcia-71-63\\\/#primaryimage\"},\"image\":{\"@id\":\"https:\\\/\\\/radiolitoral.com\\\/2025\\\/03\\\/derrota-del-denia-bc-ante-el-real-murcia-71-63\\\/#primaryimage\"},\"thumbnailUrl\":\"https:\\\/\\\/media.radiolitoral.com\\\/wp-content\\\/uploads\\\/2025\\\/03\\\/25102157\\\/ADRIAN-PEREZ-LESIONADO-DURANTE-EL-ENCUENTRO-ANTE-REAL-MURCIA-scaled.jpg\",\"datePublished\":\"2025-03-25T09:22:44+00:00\",\"dateModified\":\"2025-03-25T10:21:25+00:00\",\"description\":\"Los dianenses compitieron durante los tres primeros cuartos, la ausencia de jugadores importantes fueron clave en la recta final del partido Los dianenses compitieron durante los tres primeros cuartos, la ausencia de jugadores importantes fueron clave en la recta final del partido\",\"breadcrumb\":{\"@id\":\"https:\\\/\\\/radiolitoral.com\\\/2025\\\/03\\\/derrota-del-denia-bc-ante-el-real-murcia-71-63\\\/#breadcrumb\"},\"inLanguage\":\"ca\",\"potentialAction\":[{\"@type\":\"ReadAction\",\"target\":[\"https:\\\/\\\/radiolitoral.com\\\/2025\\\/03\\\/derrota-del-denia-bc-ante-el-real-murcia-71-63\\\/\"]}]},{\"@type\":\"ImageObject\",\"inLanguage\":\"ca\",\"@id\":\"https:\\\/\\\/radiolitoral.com\\\/2025\\\/03\\\/derrota-del-denia-bc-ante-el-real-murcia-71-63\\\/#primaryimage\",\"url\":\"https:\\\/\\\/media.radiolitoral.com\\\/wp-content\\\/uploads\\\/2025\\\/03\\\/25102157\\\/ADRIAN-PEREZ-LESIONADO-DURANTE-EL-ENCUENTRO-ANTE-REAL-MURCIA-scaled.jpg\",\"contentUrl\":\"https:\\\/\\\/media.radiolitoral.com\\\/wp-content\\\/uploads\\\/2025\\\/03\\\/25102157\\\/ADRIAN-PEREZ-LESIONADO-DURANTE-EL-ENCUENTRO-ANTE-REAL-MURCIA-scaled.jpg\",\"width\":2560,\"height\":1707},{\"@type\":\"BreadcrumbList\",\"@id\":\"https:\\\/\\\/radiolitoral.com\\\/2025\\\/03\\\/derrota-del-denia-bc-ante-el-real-murcia-71-63\\\/#breadcrumb\",\"itemListElement\":[{\"@type\":\"ListItem\",\"position\":1,\"name\":\"Portada\",\"item\":\"https:\\\/\\\/radiolitoral.com\\\/\"},{\"@type\":\"ListItem\",\"position\":2,\"name\":\"Derrota del D\u00e9nia BC ante el Real Murcia (71-63)\"}]},{\"@type\":\"WebSite\",\"@id\":\"https:\\\/\\\/radiolitoral.com\\\/#website\",\"url\":\"https:\\\/\\\/radiolitoral.com\\\/\",\"name\":\"Radio Litoral\",\"description\":\"La radio local de la Marina Alta\",\"publisher\":{\"@id\":\"https:\\\/\\\/radiolitoral.com\\\/#organization\"},\"alternateName\":\"Litoral FM\",\"potentialAction\":[{\"@type\":\"SearchAction\",\"target\":{\"@type\":\"EntryPoint\",\"urlTemplate\":\"https:\\\/\\\/radiolitoral.com\\\/?s={search_term_string}\"},\"query-input\":{\"@type\":\"PropertyValueSpecification\",\"valueRequired\":true,\"valueName\":\"search_term_string\"}}],\"inLanguage\":\"ca\"},{\"@type\":\"Organization\",\"@id\":\"https:\\\/\\\/radiolitoral.com\\\/#organization\",\"name\":\"Radio Litoral\",\"url\":\"https:\\\/\\\/radiolitoral.com\\\/\",\"logo\":{\"@type\":\"ImageObject\",\"inLanguage\":\"ca\",\"@id\":\"https:\\\/\\\/radiolitoral.com\\\/#\\\/schema\\\/logo\\\/image\\\/\",\"url\":\"https:\\\/\\\/media.radiolitoral.com\\\/wp-content\\\/uploads\\\/2023\\\/02\\\/24143238\\\/CL-V-RadioLitoral696.png\",\"contentUrl\":\"https:\\\/\\\/media.radiolitoral.com\\\/wp-content\\\/uploads\\\/2023\\\/02\\\/24143238\\\/CL-V-RadioLitoral696.png\",\"width\":696,\"height\":696,\"caption\":\"Radio Litoral\"},\"image\":{\"@id\":\"https:\\\/\\\/radiolitoral.com\\\/#\\\/schema\\\/logo\\\/image\\\/\"},\"sameAs\":[\"https:\\\/\\\/www.facebook.com\\\/Laradiolitoral\\\/\"]},{\"@type\":\"Person\",\"@id\":\"https:\\\/\\\/radiolitoral.com\\\/#\\\/schema\\\/person\\\/7b1480b5caeb5acdd4ec6379caf62b22\",\"name\":\"Javier Zamora\",\"image\":{\"@type\":\"ImageObject\",\"inLanguage\":\"ca\",\"@id\":\"https:\\\/\\\/secure.gravatar.com\\\/avatar\\\/467a11f6918c7d619c4043fc6fa2d3853053107973f05b6e9c04ea6c4e3a7b3f?s=96&d=mm&r=g\",\"url\":\"https:\\\/\\\/secure.gravatar.com\\\/avatar\\\/467a11f6918c7d619c4043fc6fa2d3853053107973f05b6e9c04ea6c4e3a7b3f?s=96&d=mm&r=g\",\"contentUrl\":\"https:\\\/\\\/secure.gravatar.com\\\/avatar\\\/467a11f6918c7d619c4043fc6fa2d3853053107973f05b6e9c04ea6c4e3a7b3f?s=96&d=mm&r=g\",\"caption\":\"Javier Zamora\"},\"url\":\"https:\\\/\\\/radiolitoral.com\\\/ca\\\/author\\\/javier-zamora\\\/\"}]}<\/script>\n<!-- \/ Yoast SEO plugin. -->","yoast_head_json":{"title":"Derrota del D\u00e9nia BC davant el Reial M\u00farcia (71-63) | R\u00e0dio Litoral","description":"Els dianencs van competir durant els tres primers quarts, l&#039;abs\u00e8ncia de jugadors importants van ser clau a la recta final del partit Els dianencs van competir durant els tres primers quarts, l&#039;abs\u00e8ncia de jugadors importants van ser clau a la recta final del partit","robots":{"index":"index","follow":"follow","max-snippet":"max-snippet:-1","max-image-preview":"max-image-preview:large","max-video-preview":"max-video-preview:-1"},"canonical":"https:\/\/radiolitoral.com\/ca\/2025\/03\/derrota-del-denia-bc-davant-el-real-murcia-71-63\/","og_locale":"ca_ES","og_type":"article","og_title":"Derrota del D\u00e9nia BC ante el Real Murcia (71-63) | R\u00e0dio Litoral","og_description":"Los dianenses compitieron durante los tres primeros cuartos, la ausencia de jugadores importantes fueron clave en la recta final del partido Los dianenses compitieron durante los tres primeros cuartos, la ausencia de jugadores importantes fueron clave en la recta final del partido","og_url":"https:\/\/radiolitoral.com\/ca\/2025\/03\/derrota-del-denia-bc-davant-el-real-murcia-71-63\/","og_site_name":"R\u00e0dio Litoral","article_publisher":"https:\/\/www.facebook.com\/Laradiolitoral\/","article_published_time":"2025-03-25T09:22:44+00:00","article_modified_time":"2025-03-25T10:21:25+00:00","og_image":[{"width":2560,"height":1707,"url":"https:\/\/media.radiolitoral.com\/wp-content\/uploads\/2025\/03\/25102157\/ADRIAN-PEREZ-LESIONADO-DURANTE-EL-ENCUENTRO-ANTE-REAL-MURCIA-scaled.jpg","type":"image\/jpeg"}],"author":"Javier Zamora","twitter_card":"summary_large_image","twitter_misc":{"Escrit per":"Javier Zamora","Temps estimat de lectura":"2 minuts"},"schema":{"@context":"https:\/\/schema.org","@graph":[{"@type":"NewsArticle","@id":"https:\/\/radiolitoral.com\/2025\/03\/derrota-del-denia-bc-ante-el-real-murcia-71-63\/#article","isPartOf":{"@id":"https:\/\/radiolitoral.com\/2025\/03\/derrota-del-denia-bc-ante-el-real-murcia-71-63\/"},"author":{"name":"Javier Zamora","@id":"https:\/\/radiolitoral.com\/#\/schema\/person\/7b1480b5caeb5acdd4ec6379caf62b22"},"headline":"Derrota del D\u00e9nia BC ante el Real Murcia (71-63)","datePublished":"2025-03-25T09:22:44+00:00","dateModified":"2025-03-25T10:21:25+00:00","mainEntityOfPage":{"@id":"https:\/\/radiolitoral.com\/2025\/03\/derrota-del-denia-bc-ante-el-real-murcia-71-63\/"},"wordCount":277,"commentCount":0,"publisher":{"@id":"https:\/\/radiolitoral.com\/#organization"},"image":{"@id":"https:\/\/radiolitoral.com\/2025\/03\/derrota-del-denia-bc-ante-el-real-murcia-71-63\/#primaryimage"},"thumbnailUrl":"https:\/\/media.radiolitoral.com\/wp-content\/uploads\/2025\/03\/25102157\/ADRIAN-PEREZ-LESIONADO-DURANTE-EL-ENCUENTRO-ANTE-REAL-MURCIA-scaled.jpg","keywords":["Adri\u00e1n P\u00e9rez","CB\u00a0Sueca","D\u00e9nia BC","deportes","Eduardo Clavero","Iv\u00e1n Alexandrov","Real M\u00farcia"],"articleSection":["Deportes"],"inLanguage":"ca","potentialAction":[{"@type":"CommentAction","name":"Comment","target":["https:\/\/radiolitoral.com\/2025\/03\/derrota-del-denia-bc-ante-el-real-murcia-71-63\/#respond"]}]},{"@type":["WebPage","ItemPage"],"@id":"https:\/\/radiolitoral.com\/2025\/03\/derrota-del-denia-bc-ante-el-real-murcia-71-63\/","url":"https:\/\/radiolitoral.com\/2025\/03\/derrota-del-denia-bc-ante-el-real-murcia-71-63\/","name":"Derrota del D\u00e9nia BC davant el Reial M\u00farcia (71-63) | R\u00e0dio Litoral","isPartOf":{"@id":"https:\/\/radiolitoral.com\/#website"},"primaryImageOfPage":{"@id":"https:\/\/radiolitoral.com\/2025\/03\/derrota-del-denia-bc-ante-el-real-murcia-71-63\/#primaryimage"},"image":{"@id":"https:\/\/radiolitoral.com\/2025\/03\/derrota-del-denia-bc-ante-el-real-murcia-71-63\/#primaryimage"},"thumbnailUrl":"https:\/\/media.radiolitoral.com\/wp-content\/uploads\/2025\/03\/25102157\/ADRIAN-PEREZ-LESIONADO-DURANTE-EL-ENCUENTRO-ANTE-REAL-MURCIA-scaled.jpg","datePublished":"2025-03-25T09:22:44+00:00","dateModified":"2025-03-25T10:21:25+00:00","description":"Els dianencs van competir durant els tres primers quarts, l&#039;abs\u00e8ncia de jugadors importants van ser clau a la recta final del partit Els dianencs van competir durant els tres primers quarts, l&#039;abs\u00e8ncia de jugadors importants van ser clau a la recta final del partit","breadcrumb":{"@id":"https:\/\/radiolitoral.com\/2025\/03\/derrota-del-denia-bc-ante-el-real-murcia-71-63\/#breadcrumb"},"inLanguage":"ca","potentialAction":[{"@type":"ReadAction","target":["https:\/\/radiolitoral.com\/2025\/03\/derrota-del-denia-bc-ante-el-real-murcia-71-63\/"]}]},{"@type":"ImageObject","inLanguage":"ca","@id":"https:\/\/radiolitoral.com\/2025\/03\/derrota-del-denia-bc-ante-el-real-murcia-71-63\/#primaryimage","url":"https:\/\/media.radiolitoral.com\/wp-content\/uploads\/2025\/03\/25102157\/ADRIAN-PEREZ-LESIONADO-DURANTE-EL-ENCUENTRO-ANTE-REAL-MURCIA-scaled.jpg","contentUrl":"https:\/\/media.radiolitoral.com\/wp-content\/uploads\/2025\/03\/25102157\/ADRIAN-PEREZ-LESIONADO-DURANTE-EL-ENCUENTRO-ANTE-REAL-MURCIA-scaled.jpg","width":2560,"height":1707},{"@type":"BreadcrumbList","@id":"https:\/\/radiolitoral.com\/2025\/03\/derrota-del-denia-bc-ante-el-real-murcia-71-63\/#breadcrumb","itemListElement":[{"@type":"ListItem","position":1,"name":"Portada","item":"https:\/\/radiolitoral.com\/"},{"@type":"ListItem","position":2,"name":"Derrota del D\u00e9nia BC ante el Real Murcia (71-63)"}]},{"@type":"WebSite","@id":"https:\/\/radiolitoral.com\/#website","url":"https:\/\/radiolitoral.com\/","name":"R\u00e0dio Litoral","description":"La r\u00e0dio local de la Marina Alta","publisher":{"@id":"https:\/\/radiolitoral.com\/#organization"},"alternateName":"Litoral FM","potentialAction":[{"@type":"SearchAction","target":{"@type":"EntryPoint","urlTemplate":"https:\/\/radiolitoral.com\/?s={search_term_string}"},"query-input":{"@type":"PropertyValueSpecification","valueRequired":true,"valueName":"search_term_string"}}],"inLanguage":"ca"},{"@type":"Organization","@id":"https:\/\/radiolitoral.com\/#organization","name":"R\u00e0dio Litoral","url":"https:\/\/radiolitoral.com\/","logo":{"@type":"ImageObject","inLanguage":"ca","@id":"https:\/\/radiolitoral.com\/#\/schema\/logo\/image\/","url":"https:\/\/media.radiolitoral.com\/wp-content\/uploads\/2023\/02\/24143238\/CL-V-RadioLitoral696.png","contentUrl":"https:\/\/media.radiolitoral.com\/wp-content\/uploads\/2023\/02\/24143238\/CL-V-RadioLitoral696.png","width":696,"height":696,"caption":"Radio Litoral"},"image":{"@id":"https:\/\/radiolitoral.com\/#\/schema\/logo\/image\/"},"sameAs":["https:\/\/www.facebook.com\/Laradiolitoral\/"]},{"@type":"Person","@id":"https:\/\/radiolitoral.com\/#\/schema\/person\/7b1480b5caeb5acdd4ec6379caf62b22","name":"Javier Zamora","image":{"@type":"ImageObject","inLanguage":"ca","@id":"https:\/\/secure.gravatar.com\/avatar\/467a11f6918c7d619c4043fc6fa2d3853053107973f05b6e9c04ea6c4e3a7b3f?s=96&d=mm&r=g","url":"https:\/\/secure.gravatar.com\/avatar\/467a11f6918c7d619c4043fc6fa2d3853053107973f05b6e9c04ea6c4e3a7b3f?s=96&d=mm&r=g","contentUrl":"https:\/\/secure.gravatar.com\/avatar\/467a11f6918c7d619c4043fc6fa2d3853053107973f05b6e9c04ea6c4e3a7b3f?s=96&d=mm&r=g","caption":"Javier Zamora"},"url":"https:\/\/radiolitoral.com\/ca\/author\/javier-zamora\/"}]}},"_links":{"self":[{"href":"https:\/\/radiolitoral.com\/ca\/wp-json\/wp\/v2\/posts\/15720","targetHints":{"allow":["GET"]}}],"collection":[{"href":"https:\/\/radiolitoral.com\/ca\/wp-json\/wp\/v2\/posts"}],"about":[{"href":"https:\/\/radiolitoral.com\/ca\/wp-json\/wp\/v2\/types\/post"}],"author":[{"embeddable":true,"href":"https:\/\/radiolitoral.com\/ca\/wp-json\/wp\/v2\/users\/12"}],"replies":[{"embeddable":true,"href":"https:\/\/radiolitoral.com\/ca\/wp-json\/wp\/v2\/comments?post=15720"}],"version-history":[{"count":3,"href":"https:\/\/radiolitoral.com\/ca\/wp-json\/wp\/v2\/posts\/15720\/revisions"}],"predecessor-version":[{"id":15732,"href":"https:\/\/radiolitoral.com\/ca\/wp-json\/wp\/v2\/posts\/15720\/revisions\/15732"}],"wp:featuredmedia":[{"embeddable":true,"href":"https:\/\/radiolitoral.com\/ca\/wp-json\/wp\/v2\/media\/15722"}],"wp:attachment":[{"href":"https:\/\/radiolitoral.com\/ca\/wp-json\/wp\/v2\/media?parent=15720"}],"wp:term":[{"taxonomy":"category","embeddable":true,"href":"https:\/\/radiolitoral.com\/ca\/wp-json\/wp\/v2\/categories?post=15720"},{"taxonomy":"post_tag","embeddable":true,"href":"https:\/\/radiolitoral.com\/ca\/wp-json\/wp\/v2\/tags?post=15720"}],"curies":[{"name":"wp","href":"https:\/\/api.w.org\/{rel}","templated":true}]}}