{"id":15701,"date":"2025-03-24T12:29:20","date_gmt":"2025-03-24T11:29:20","guid":{"rendered":"https:\/\/radiolitoral.com\/?p=15701"},"modified":"2025-03-24T12:29:20","modified_gmt":"2025-03-24T11:29:20","slug":"la-guardia-civil-atura-en-calp-un-individu-per-diversos-robatoris-amb-forca-en-habitatges-i-establiments","status":"publish","type":"post","link":"https:\/\/radiolitoral.com\/ca\/2025\/03\/la-guardia-civil-detiene-en-calp-a-un-individuo-por-varios-robos-con-fuerza-en-viviendas-y-establecimientos\/","title":{"rendered":"La Gu\u00e0rdia Civil det\u00e9 a Calp un individu per diversos robatoris amb for\u00e7a en habitatges i establiments"},"content":{"rendered":"<p class=\"\" data-start=\"428\" data-end=\"801\">La <strong data-start=\"453\" data-end=\"470\">Gu\u00e0rdia Civil<\/strong> ha detingut a <strong>Calp<\/strong> un home, de 35 anys, com a presumpte autor de <strong data-start=\"567\" data-end=\"606\">cinc robatoris amb for\u00e7a en habitatges<\/strong> i un en una <strong data-start=\"620\" data-end=\"633\">cafeteria<\/strong>, en el marc de la <strong data-start=\"653\" data-end=\"673\">operaci\u00f3 Barnan<\/strong>. La majoria dels delictes van ser comesos a <strong data-start=\"721\" data-end=\"730\">Calp<\/strong>, excepte un registrat a <strong data-start=\"756\" data-end=\"766\">Ll\u00edber<\/strong>, des del passat mes de desembre.<\/p>\n<p class=\"\" data-start=\"428\" data-end=\"801\">Durant febrer i principis de mar\u00e7, es va detectar un augment de <strong data-start=\"867\" data-end=\"929\">robatoris amb for\u00e7a a xalets i locals comercials de Calp<\/strong>, cosa que va portar a l&#039;\u00c0rea de Recerca del Lloc Principal de la Gu\u00e0rdia Civil a posar en marxa aquesta operaci\u00f3 per identificar l&#039;autor i frenar l&#039;onada delictiva.<\/p>\n<p class=\"\" data-start=\"428\" data-end=\"801\">Les investigacions van revelar que els <strong data-start=\"1138\" data-end=\"1180\">robatoris es produ\u00efen en horari nocturn<\/strong>, i que l&#039;autor actuava sol, utilitzant un mateix <strong data-start=\"1231\" data-end=\"1249\">modus operandi<\/strong>: \u201cla fractura de portes i\/o finestres per accedir a l&#039;interior dels immobles\u201d.<\/p>\n<p class=\"\" data-start=\"428\" data-end=\"801\">Gr\u00e0cies a l&#039;an\u00e0lisi d&#039;enregistraments de seguretat, testimonis i tasques de vigil\u00e0ncia, els agents van aconseguir <strong data-start=\"1440\" data-end=\"1479\">identificar i aturar el sospit\u00f3s,<\/strong> l&#039;11 de mar\u00e7. Al registre del seu domicili, ubicat en una urbanitzaci\u00f3 del municipi, es van intervenir diversos objectes de <strong data-start=\"1608\" data-end=\"1630\">dubtosa proced\u00e8ncia<\/strong>, com aparells electr\u00f2nics, eines, joies i bijuteria.<\/p>\n<figure id=\"attachment_15698\" aria-describedby=\"caption-attachment-15698\" style=\"width: 960px\" class=\"wp-caption alignnone\"><img loading=\"lazy\" decoding=\"async\" class=\"wp-image-15698 size-full\" src=\"https:\/\/media.radiolitoral.com\/wp-content\/uploads\/2025\/03\/24122320\/Guardia-Civil-Calp-detenido-por-robos-con-fuerza-en-viviendas-y-establecimientos-1.jpg\" alt=\"\" width=\"960\" height=\"720\" srcset=\"https:\/\/media.radiolitoral.com\/wp-content\/uploads\/2025\/03\/24122320\/Guardia-Civil-Calp-detenido-por-robos-con-fuerza-en-viviendas-y-establecimientos-1.jpg 960w, https:\/\/media.radiolitoral.com\/wp-content\/uploads\/2025\/03\/24122320\/Guardia-Civil-Calp-detenido-por-robos-con-fuerza-en-viviendas-y-establecimientos-1-300x225.jpg 300w, https:\/\/media.radiolitoral.com\/wp-content\/uploads\/2025\/03\/24122320\/Guardia-Civil-Calp-detenido-por-robos-con-fuerza-en-viviendas-y-establecimientos-1-768x576.jpg 768w, https:\/\/media.radiolitoral.com\/wp-content\/uploads\/2025\/03\/24122320\/Guardia-Civil-Calp-detenido-por-robos-con-fuerza-en-viviendas-y-establecimientos-1-16x12.jpg 16w, https:\/\/media.radiolitoral.com\/wp-content\/uploads\/2025\/03\/24122320\/Guardia-Civil-Calp-detenido-por-robos-con-fuerza-en-viviendas-y-establecimientos-1-100x75.jpg 100w, https:\/\/media.radiolitoral.com\/wp-content\/uploads\/2025\/03\/24122320\/Guardia-Civil-Calp-detenido-por-robos-con-fuerza-en-viviendas-y-establecimientos-1-200x150.jpg 200w\" sizes=\"auto, (max-width: 960px) 100vw, 960px\" \/><figcaption id=\"caption-attachment-15698\" class=\"wp-caption-text\">Moment de la detenci\u00f3. \/ Gu\u00e0rdia Civil<\/figcaption><\/figure>\n<p class=\"\" data-start=\"428\" data-end=\"801\">El detingut va ser posat a disposici\u00f3 del Jutjat d&#039;Instrucci\u00f3 de Gu\u00e0rdia de <strong data-start=\"1772\" data-end=\"1781\">D\u00e9nia<\/strong>, que va ordenar la seva <strong data-start=\"1797\" data-end=\"1832\">llibertat amb mesures cautelars<\/strong>.<\/p>\n<p class=\"\" data-start=\"428\" data-end=\"801\">Cal ressaltar que l&#039;arrestat posseeix un \u201c<strong data-start=\"1877\" data-end=\"1940\">ampli historial delictiu per delictes contra el patrimoni<\/strong>\u201d i tenia en vigor una ordre de recerca, detenci\u00f3 i personaci\u00f3 emesa pel Jutjat d&#039;Instrucci\u00f3 n\u00fam. 3 de D\u00e9nia, relacionada amb diversos <strong data-start=\"2082\" data-end=\"2110\">robatoris comesos a Altea<\/strong> durant el novembre i el desembre de l&#039;any passat.<\/p>\n<p class=\"\" data-start=\"428\" data-end=\"801\">La <strong data-start=\"2161\" data-end=\"2178\">Gu\u00e0rdia Civil<\/strong> segueix investigant la proced\u00e8ncia dels objectes confiscats i n&#039;ha dif\u00f3s una <strong data-start=\"2258\" data-end=\"2272\">fotografia<\/strong> perqu\u00e8 possibles v\u00edctimes puguin recon\u00e8ixer-los i reclamar-ne la devoluci\u00f3. Els articles estan disponibles al <strong data-start=\"2384\" data-end=\"2433\">Lloc Principal de la Gu\u00e0rdia Civil de Calp<\/strong>.<\/p>\n<figure id=\"attachment_15700\" aria-describedby=\"caption-attachment-15700\" style=\"width: 960px\" class=\"wp-caption alignnone\"><img loading=\"lazy\" decoding=\"async\" class=\"wp-image-15700 size-full\" src=\"https:\/\/media.radiolitoral.com\/wp-content\/uploads\/2025\/03\/24122326\/Guardia-Civil-Calp-detenido-por-robos-con-fuerza-en-viviendas-y-establecimientos-3.jpg\" alt=\"\" width=\"960\" height=\"720\" srcset=\"https:\/\/media.radiolitoral.com\/wp-content\/uploads\/2025\/03\/24122326\/Guardia-Civil-Calp-detenido-por-robos-con-fuerza-en-viviendas-y-establecimientos-3.jpg 960w, https:\/\/media.radiolitoral.com\/wp-content\/uploads\/2025\/03\/24122326\/Guardia-Civil-Calp-detenido-por-robos-con-fuerza-en-viviendas-y-establecimientos-3-300x225.jpg 300w, https:\/\/media.radiolitoral.com\/wp-content\/uploads\/2025\/03\/24122326\/Guardia-Civil-Calp-detenido-por-robos-con-fuerza-en-viviendas-y-establecimientos-3-768x576.jpg 768w, https:\/\/media.radiolitoral.com\/wp-content\/uploads\/2025\/03\/24122326\/Guardia-Civil-Calp-detenido-por-robos-con-fuerza-en-viviendas-y-establecimientos-3-16x12.jpg 16w, https:\/\/media.radiolitoral.com\/wp-content\/uploads\/2025\/03\/24122326\/Guardia-Civil-Calp-detenido-por-robos-con-fuerza-en-viviendas-y-establecimientos-3-100x75.jpg 100w, https:\/\/media.radiolitoral.com\/wp-content\/uploads\/2025\/03\/24122326\/Guardia-Civil-Calp-detenido-por-robos-con-fuerza-en-viviendas-y-establecimientos-3-200x150.jpg 200w\" sizes=\"auto, (max-width: 960px) 100vw, 960px\" \/><figcaption id=\"caption-attachment-15700\" class=\"wp-caption-text\">Part dels objectes recuperats. \/ Gu\u00e0rdia Civil<\/figcaption><\/figure>","protected":false},"excerpt":{"rendered":"<p>La Guardia Civil ha detenido en Calp a un var\u00f3n, de 35 a\u00f1os, como presunto autor de cinco robos con fuerza en viviendas y uno en una cafeter\u00eda, en el marco de la operaci\u00f3n Barnan. La mayor\u00eda de los delitos fueron cometidos en Calp, salvo uno registrado en Ll\u00edber, desde el pasado mes de diciembre. [&#8230;]<\/p>\n<p><a class=\"btn btn-secondary understrap-read-more-link\" href=\"https:\/\/radiolitoral.com\/ca\/2025\/03\/la-guardia-civil-detiene-en-calp-a-un-individuo-por-varios-robos-con-fuerza-en-viviendas-y-establecimientos\/\">Continua llegint&#8230;<span class=\"screen-reader-text\"> from La Guardia Civil detiene en Calp a un individuo por varios robos con fuerza en viviendas y establecimientos<\/span><\/a><\/p>\n","protected":false},"author":13,"featured_media":15699,"comment_status":"open","ping_status":"closed","sticky":false,"template":"","format":"standard","meta":{"_acf_changed":false,"inline_featured_image":false,"footnotes":""},"categories":[8],"tags":[3978,122,3977,3973,11,3971,3979,3972,3412,3974,3975,3976,2623,3980,52,1023,363],"class_list":["post-15701","post","type-post","status-publish","format-standard","has-post-thumbnail","hentry","category-sucesos","tag-antecedentes-penales","tag-calp","tag-delitos-contra-el-patrimonio","tag-detenido-en-calp","tag-guardia-civil","tag-guardia-civil-calp","tag-investigacion-policial","tag-operacion-barnan","tag-robos-con-fuerza","tag-robos-en-cafeterias","tag-robos-en-calp","tag-robos-en-lliber","tag-robos-en-viviendas","tag-robos-nocturnos","tag-seguridad-ciudadana","tag-sucesos","tag-sucesos-calp","cobertura-calp"],"acf":[],"yoast_head":"<!-- This site is optimized with the Yoast SEO plugin v27.5 - https:\/\/yoast.com\/product\/yoast-seo-wordpress\/ -->\n<title>La Guardia Civil detiene en Calp a un individuo por varios robos con fuerza en viviendas y establecimientos | R\u00e0dio Litoral<\/title>\n<meta name=\"description\" content=\"El detenido supuestamente forzaba puertas y ventanas para acceder a los inmuebles y sustraer objetos de valor El detenido supuestamente forzaba puertas y ventanas para acceder a los inmuebles y sustraer objetos de valor\" \/>\n<meta name=\"robots\" content=\"index, follow, max-snippet:-1, max-image-preview:large, max-video-preview:-1\" \/>\n<link rel=\"canonical\" href=\"https:\/\/radiolitoral.com\/ca\/2025\/03\/la-guardia-civil-atura-en-calp-un-individu-per-diversos-robatoris-amb-forca-en-habitatges-i-establiments\/\" \/>\n<meta property=\"og:locale\" content=\"ca_ES\" \/>\n<meta property=\"og:type\" content=\"article\" \/>\n<meta property=\"og:title\" content=\"La Guardia Civil detiene en Calp a un individuo por varios robos con fuerza en viviendas y establecimientos | R\u00e0dio Litoral\" \/>\n<meta property=\"og:description\" content=\"El detenido supuestamente forzaba puertas y ventanas para acceder a los inmuebles y sustraer objetos de valor El detenido supuestamente forzaba puertas y ventanas para acceder a los inmuebles y sustraer objetos de valor\" \/>\n<meta property=\"og:url\" content=\"https:\/\/radiolitoral.com\/ca\/2025\/03\/la-guardia-civil-atura-en-calp-un-individu-per-diversos-robatoris-amb-forca-en-habitatges-i-establiments\/\" \/>\n<meta property=\"og:site_name\" content=\"R\u00e0dio Litoral\" \/>\n<meta property=\"article:publisher\" content=\"https:\/\/www.facebook.com\/Laradiolitoral\/\" \/>\n<meta property=\"article:published_time\" content=\"2025-03-24T11:29:20+00:00\" \/>\n<meta property=\"og:image\" content=\"https:\/\/media.radiolitoral.com\/wp-content\/uploads\/2025\/03\/24122323\/Guardia-Civil-Calp-detenido-por-robos-con-fuerza-en-viviendas-y-establecimientos-2.jpg\" \/>\n\t<meta property=\"og:image:width\" content=\"960\" \/>\n\t<meta property=\"og:image:height\" content=\"720\" \/>\n\t<meta property=\"og:image:type\" content=\"image\/jpeg\" \/>\n<meta name=\"author\" content=\"Redacci\u00f3n\" \/>\n<meta name=\"twitter:card\" content=\"summary_large_image\" \/>\n<meta name=\"twitter:label1\" content=\"Escrit per\" \/>\n\t<meta name=\"twitter:data1\" content=\"Redacci\u00f3n\" \/>\n\t<meta name=\"twitter:label2\" content=\"Temps estimat de lectura\" \/>\n\t<meta name=\"twitter:data2\" content=\"3 minuts\" \/>\n<script type=\"application\/ld+json\" class=\"yoast-schema-graph\">{\"@context\":\"https:\\\/\\\/schema.org\",\"@graph\":[{\"@type\":\"NewsArticle\",\"@id\":\"https:\\\/\\\/radiolitoral.com\\\/2025\\\/03\\\/la-guardia-civil-detiene-en-calp-a-un-individuo-por-varios-robos-con-fuerza-en-viviendas-y-establecimientos\\\/#article\",\"isPartOf\":{\"@id\":\"https:\\\/\\\/radiolitoral.com\\\/2025\\\/03\\\/la-guardia-civil-detiene-en-calp-a-un-individuo-por-varios-robos-con-fuerza-en-viviendas-y-establecimientos\\\/\"},\"author\":{\"name\":\"Redacci\u00f3n\",\"@id\":\"https:\\\/\\\/radiolitoral.com\\\/#\\\/schema\\\/person\\\/f2b2343c49b5d721857cc1002bfdb151\"},\"headline\":\"La Guardia Civil detiene en Calp a un individuo por varios robos con fuerza en viviendas y establecimientos\",\"datePublished\":\"2025-03-24T11:29:20+00:00\",\"mainEntityOfPage\":{\"@id\":\"https:\\\/\\\/radiolitoral.com\\\/2025\\\/03\\\/la-guardia-civil-detiene-en-calp-a-un-individuo-por-varios-robos-con-fuerza-en-viviendas-y-establecimientos\\\/\"},\"wordCount\":373,\"commentCount\":0,\"publisher\":{\"@id\":\"https:\\\/\\\/radiolitoral.com\\\/#organization\"},\"image\":{\"@id\":\"https:\\\/\\\/radiolitoral.com\\\/2025\\\/03\\\/la-guardia-civil-detiene-en-calp-a-un-individuo-por-varios-robos-con-fuerza-en-viviendas-y-establecimientos\\\/#primaryimage\"},\"thumbnailUrl\":\"https:\\\/\\\/media.radiolitoral.com\\\/wp-content\\\/uploads\\\/2025\\\/03\\\/24122323\\\/Guardia-Civil-Calp-detenido-por-robos-con-fuerza-en-viviendas-y-establecimientos-2.jpg\",\"keywords\":[\"antecedentes penales\",\"Calp\",\"delitos contra el patrimonio\",\"detenido en Calp\",\"Guardia Civil\",\"Guardia Civil Calp\",\"investigaci\u00f3n policial\",\"operaci\u00f3n Barnan\",\"robos con fuerza\",\"robos en cafeter\u00edas\",\"robos en Calp\",\"robos en Ll\u00edber\",\"robos en viviendas\",\"robos nocturnos\",\"Seguridad Ciudadana\",\"sucesos\",\"sucesos Calp\"],\"articleSection\":[\"Sucesos\"],\"inLanguage\":\"ca\",\"potentialAction\":[{\"@type\":\"CommentAction\",\"name\":\"Comment\",\"target\":[\"https:\\\/\\\/radiolitoral.com\\\/2025\\\/03\\\/la-guardia-civil-detiene-en-calp-a-un-individuo-por-varios-robos-con-fuerza-en-viviendas-y-establecimientos\\\/#respond\"]}]},{\"@type\":[\"WebPage\",\"ItemPage\"],\"@id\":\"https:\\\/\\\/radiolitoral.com\\\/2025\\\/03\\\/la-guardia-civil-detiene-en-calp-a-un-individuo-por-varios-robos-con-fuerza-en-viviendas-y-establecimientos\\\/\",\"url\":\"https:\\\/\\\/radiolitoral.com\\\/2025\\\/03\\\/la-guardia-civil-detiene-en-calp-a-un-individuo-por-varios-robos-con-fuerza-en-viviendas-y-establecimientos\\\/\",\"name\":\"La Guardia Civil detiene en Calp a un individuo por varios robos con fuerza en viviendas y establecimientos | R\u00e0dio Litoral\",\"isPartOf\":{\"@id\":\"https:\\\/\\\/radiolitoral.com\\\/#website\"},\"primaryImageOfPage\":{\"@id\":\"https:\\\/\\\/radiolitoral.com\\\/2025\\\/03\\\/la-guardia-civil-detiene-en-calp-a-un-individuo-por-varios-robos-con-fuerza-en-viviendas-y-establecimientos\\\/#primaryimage\"},\"image\":{\"@id\":\"https:\\\/\\\/radiolitoral.com\\\/2025\\\/03\\\/la-guardia-civil-detiene-en-calp-a-un-individuo-por-varios-robos-con-fuerza-en-viviendas-y-establecimientos\\\/#primaryimage\"},\"thumbnailUrl\":\"https:\\\/\\\/media.radiolitoral.com\\\/wp-content\\\/uploads\\\/2025\\\/03\\\/24122323\\\/Guardia-Civil-Calp-detenido-por-robos-con-fuerza-en-viviendas-y-establecimientos-2.jpg\",\"datePublished\":\"2025-03-24T11:29:20+00:00\",\"description\":\"El detenido supuestamente forzaba puertas y ventanas para acceder a los inmuebles y sustraer objetos de valor El detenido supuestamente forzaba puertas y ventanas para acceder a los inmuebles y sustraer objetos de valor\",\"breadcrumb\":{\"@id\":\"https:\\\/\\\/radiolitoral.com\\\/2025\\\/03\\\/la-guardia-civil-detiene-en-calp-a-un-individuo-por-varios-robos-con-fuerza-en-viviendas-y-establecimientos\\\/#breadcrumb\"},\"inLanguage\":\"ca\",\"potentialAction\":[{\"@type\":\"ReadAction\",\"target\":[\"https:\\\/\\\/radiolitoral.com\\\/2025\\\/03\\\/la-guardia-civil-detiene-en-calp-a-un-individuo-por-varios-robos-con-fuerza-en-viviendas-y-establecimientos\\\/\"]}]},{\"@type\":\"ImageObject\",\"inLanguage\":\"ca\",\"@id\":\"https:\\\/\\\/radiolitoral.com\\\/2025\\\/03\\\/la-guardia-civil-detiene-en-calp-a-un-individuo-por-varios-robos-con-fuerza-en-viviendas-y-establecimientos\\\/#primaryimage\",\"url\":\"https:\\\/\\\/media.radiolitoral.com\\\/wp-content\\\/uploads\\\/2025\\\/03\\\/24122323\\\/Guardia-Civil-Calp-detenido-por-robos-con-fuerza-en-viviendas-y-establecimientos-2.jpg\",\"contentUrl\":\"https:\\\/\\\/media.radiolitoral.com\\\/wp-content\\\/uploads\\\/2025\\\/03\\\/24122323\\\/Guardia-Civil-Calp-detenido-por-robos-con-fuerza-en-viviendas-y-establecimientos-2.jpg\",\"width\":960,\"height\":720},{\"@type\":\"BreadcrumbList\",\"@id\":\"https:\\\/\\\/radiolitoral.com\\\/2025\\\/03\\\/la-guardia-civil-detiene-en-calp-a-un-individuo-por-varios-robos-con-fuerza-en-viviendas-y-establecimientos\\\/#breadcrumb\",\"itemListElement\":[{\"@type\":\"ListItem\",\"position\":1,\"name\":\"Portada\",\"item\":\"https:\\\/\\\/radiolitoral.com\\\/\"},{\"@type\":\"ListItem\",\"position\":2,\"name\":\"La Guardia Civil detiene en Calp a un individuo por varios robos con fuerza en viviendas y establecimientos\"}]},{\"@type\":\"WebSite\",\"@id\":\"https:\\\/\\\/radiolitoral.com\\\/#website\",\"url\":\"https:\\\/\\\/radiolitoral.com\\\/\",\"name\":\"Radio Litoral\",\"description\":\"La radio local de la Marina Alta\",\"publisher\":{\"@id\":\"https:\\\/\\\/radiolitoral.com\\\/#organization\"},\"alternateName\":\"Litoral FM\",\"potentialAction\":[{\"@type\":\"SearchAction\",\"target\":{\"@type\":\"EntryPoint\",\"urlTemplate\":\"https:\\\/\\\/radiolitoral.com\\\/?s={search_term_string}\"},\"query-input\":{\"@type\":\"PropertyValueSpecification\",\"valueRequired\":true,\"valueName\":\"search_term_string\"}}],\"inLanguage\":\"ca\"},{\"@type\":\"Organization\",\"@id\":\"https:\\\/\\\/radiolitoral.com\\\/#organization\",\"name\":\"Radio Litoral\",\"url\":\"https:\\\/\\\/radiolitoral.com\\\/\",\"logo\":{\"@type\":\"ImageObject\",\"inLanguage\":\"ca\",\"@id\":\"https:\\\/\\\/radiolitoral.com\\\/#\\\/schema\\\/logo\\\/image\\\/\",\"url\":\"https:\\\/\\\/media.radiolitoral.com\\\/wp-content\\\/uploads\\\/2023\\\/02\\\/24143238\\\/CL-V-RadioLitoral696.png\",\"contentUrl\":\"https:\\\/\\\/media.radiolitoral.com\\\/wp-content\\\/uploads\\\/2023\\\/02\\\/24143238\\\/CL-V-RadioLitoral696.png\",\"width\":696,\"height\":696,\"caption\":\"Radio Litoral\"},\"image\":{\"@id\":\"https:\\\/\\\/radiolitoral.com\\\/#\\\/schema\\\/logo\\\/image\\\/\"},\"sameAs\":[\"https:\\\/\\\/www.facebook.com\\\/Laradiolitoral\\\/\"]},{\"@type\":\"Person\",\"@id\":\"https:\\\/\\\/radiolitoral.com\\\/#\\\/schema\\\/person\\\/f2b2343c49b5d721857cc1002bfdb151\",\"name\":\"Redacci\u00f3n\",\"image\":{\"@type\":\"ImageObject\",\"inLanguage\":\"ca\",\"@id\":\"https:\\\/\\\/secure.gravatar.com\\\/avatar\\\/f771d896c203ad8b3382d7905cfcce5a5c9b008b84b3cd9114e9b9f4cb63f789?s=96&d=mm&r=g\",\"url\":\"https:\\\/\\\/secure.gravatar.com\\\/avatar\\\/f771d896c203ad8b3382d7905cfcce5a5c9b008b84b3cd9114e9b9f4cb63f789?s=96&d=mm&r=g\",\"contentUrl\":\"https:\\\/\\\/secure.gravatar.com\\\/avatar\\\/f771d896c203ad8b3382d7905cfcce5a5c9b008b84b3cd9114e9b9f4cb63f789?s=96&d=mm&r=g\",\"caption\":\"Redacci\u00f3n\"},\"url\":\"https:\\\/\\\/radiolitoral.com\\\/ca\\\/author\\\/miriam-pagan\\\/\"}]}<\/script>\n<!-- \/ Yoast SEO plugin. -->","yoast_head_json":{"title":"La Gu\u00e0rdia Civil det\u00e9 a Calp un individu per diversos robatoris amb for\u00e7a en vivendes i establiments | R\u00e0dio Litoral","description":"El detingut suposadament for\u00e7ava portes i finestres per accedir als immobles i sostreure objectes de valor El detingut suposadament for\u00e7ava portes i finestres per accedir als immobles i sostreure objectes de valor","robots":{"index":"index","follow":"follow","max-snippet":"max-snippet:-1","max-image-preview":"max-image-preview:large","max-video-preview":"max-video-preview:-1"},"canonical":"https:\/\/radiolitoral.com\/ca\/2025\/03\/la-guardia-civil-atura-en-calp-un-individu-per-diversos-robatoris-amb-forca-en-habitatges-i-establiments\/","og_locale":"ca_ES","og_type":"article","og_title":"La Guardia Civil detiene en Calp a un individuo por varios robos con fuerza en viviendas y establecimientos | R\u00e0dio Litoral","og_description":"El detenido supuestamente forzaba puertas y ventanas para acceder a los inmuebles y sustraer objetos de valor El detenido supuestamente forzaba puertas y ventanas para acceder a los inmuebles y sustraer objetos de valor","og_url":"https:\/\/radiolitoral.com\/ca\/2025\/03\/la-guardia-civil-atura-en-calp-un-individu-per-diversos-robatoris-amb-forca-en-habitatges-i-establiments\/","og_site_name":"R\u00e0dio Litoral","article_publisher":"https:\/\/www.facebook.com\/Laradiolitoral\/","article_published_time":"2025-03-24T11:29:20+00:00","og_image":[{"width":960,"height":720,"url":"https:\/\/media.radiolitoral.com\/wp-content\/uploads\/2025\/03\/24122323\/Guardia-Civil-Calp-detenido-por-robos-con-fuerza-en-viviendas-y-establecimientos-2.jpg","type":"image\/jpeg"}],"author":"Redacci\u00f3n","twitter_card":"summary_large_image","twitter_misc":{"Escrit per":"Redacci\u00f3n","Temps estimat de lectura":"3 minuts"},"schema":{"@context":"https:\/\/schema.org","@graph":[{"@type":"NewsArticle","@id":"https:\/\/radiolitoral.com\/2025\/03\/la-guardia-civil-detiene-en-calp-a-un-individuo-por-varios-robos-con-fuerza-en-viviendas-y-establecimientos\/#article","isPartOf":{"@id":"https:\/\/radiolitoral.com\/2025\/03\/la-guardia-civil-detiene-en-calp-a-un-individuo-por-varios-robos-con-fuerza-en-viviendas-y-establecimientos\/"},"author":{"name":"Redacci\u00f3n","@id":"https:\/\/radiolitoral.com\/#\/schema\/person\/f2b2343c49b5d721857cc1002bfdb151"},"headline":"La Guardia Civil detiene en Calp a un individuo por varios robos con fuerza en viviendas y establecimientos","datePublished":"2025-03-24T11:29:20+00:00","mainEntityOfPage":{"@id":"https:\/\/radiolitoral.com\/2025\/03\/la-guardia-civil-detiene-en-calp-a-un-individuo-por-varios-robos-con-fuerza-en-viviendas-y-establecimientos\/"},"wordCount":373,"commentCount":0,"publisher":{"@id":"https:\/\/radiolitoral.com\/#organization"},"image":{"@id":"https:\/\/radiolitoral.com\/2025\/03\/la-guardia-civil-detiene-en-calp-a-un-individuo-por-varios-robos-con-fuerza-en-viviendas-y-establecimientos\/#primaryimage"},"thumbnailUrl":"https:\/\/media.radiolitoral.com\/wp-content\/uploads\/2025\/03\/24122323\/Guardia-Civil-Calp-detenido-por-robos-con-fuerza-en-viviendas-y-establecimientos-2.jpg","keywords":["antecedentes penales","Calp","delitos contra el patrimonio","detenido en Calp","Guardia Civil","Guardia Civil Calp","investigaci\u00f3n policial","operaci\u00f3n Barnan","robos con fuerza","robos en cafeter\u00edas","robos en Calp","robos en Ll\u00edber","robos en viviendas","robos nocturnos","Seguridad Ciudadana","sucesos","sucesos Calp"],"articleSection":["Sucesos"],"inLanguage":"ca","potentialAction":[{"@type":"CommentAction","name":"Comment","target":["https:\/\/radiolitoral.com\/2025\/03\/la-guardia-civil-detiene-en-calp-a-un-individuo-por-varios-robos-con-fuerza-en-viviendas-y-establecimientos\/#respond"]}]},{"@type":["WebPage","ItemPage"],"@id":"https:\/\/radiolitoral.com\/2025\/03\/la-guardia-civil-detiene-en-calp-a-un-individuo-por-varios-robos-con-fuerza-en-viviendas-y-establecimientos\/","url":"https:\/\/radiolitoral.com\/2025\/03\/la-guardia-civil-detiene-en-calp-a-un-individuo-por-varios-robos-con-fuerza-en-viviendas-y-establecimientos\/","name":"La Gu\u00e0rdia Civil det\u00e9 a Calp un individu per diversos robatoris amb for\u00e7a en vivendes i establiments | R\u00e0dio Litoral","isPartOf":{"@id":"https:\/\/radiolitoral.com\/#website"},"primaryImageOfPage":{"@id":"https:\/\/radiolitoral.com\/2025\/03\/la-guardia-civil-detiene-en-calp-a-un-individuo-por-varios-robos-con-fuerza-en-viviendas-y-establecimientos\/#primaryimage"},"image":{"@id":"https:\/\/radiolitoral.com\/2025\/03\/la-guardia-civil-detiene-en-calp-a-un-individuo-por-varios-robos-con-fuerza-en-viviendas-y-establecimientos\/#primaryimage"},"thumbnailUrl":"https:\/\/media.radiolitoral.com\/wp-content\/uploads\/2025\/03\/24122323\/Guardia-Civil-Calp-detenido-por-robos-con-fuerza-en-viviendas-y-establecimientos-2.jpg","datePublished":"2025-03-24T11:29:20+00:00","description":"El detingut suposadament for\u00e7ava portes i finestres per accedir als immobles i sostreure objectes de valor El detingut suposadament for\u00e7ava portes i finestres per accedir als immobles i sostreure objectes de valor","breadcrumb":{"@id":"https:\/\/radiolitoral.com\/2025\/03\/la-guardia-civil-detiene-en-calp-a-un-individuo-por-varios-robos-con-fuerza-en-viviendas-y-establecimientos\/#breadcrumb"},"inLanguage":"ca","potentialAction":[{"@type":"ReadAction","target":["https:\/\/radiolitoral.com\/2025\/03\/la-guardia-civil-detiene-en-calp-a-un-individuo-por-varios-robos-con-fuerza-en-viviendas-y-establecimientos\/"]}]},{"@type":"ImageObject","inLanguage":"ca","@id":"https:\/\/radiolitoral.com\/2025\/03\/la-guardia-civil-detiene-en-calp-a-un-individuo-por-varios-robos-con-fuerza-en-viviendas-y-establecimientos\/#primaryimage","url":"https:\/\/media.radiolitoral.com\/wp-content\/uploads\/2025\/03\/24122323\/Guardia-Civil-Calp-detenido-por-robos-con-fuerza-en-viviendas-y-establecimientos-2.jpg","contentUrl":"https:\/\/media.radiolitoral.com\/wp-content\/uploads\/2025\/03\/24122323\/Guardia-Civil-Calp-detenido-por-robos-con-fuerza-en-viviendas-y-establecimientos-2.jpg","width":960,"height":720},{"@type":"BreadcrumbList","@id":"https:\/\/radiolitoral.com\/2025\/03\/la-guardia-civil-detiene-en-calp-a-un-individuo-por-varios-robos-con-fuerza-en-viviendas-y-establecimientos\/#breadcrumb","itemListElement":[{"@type":"ListItem","position":1,"name":"Portada","item":"https:\/\/radiolitoral.com\/"},{"@type":"ListItem","position":2,"name":"La Guardia Civil detiene en Calp a un individuo por varios robos con fuerza en viviendas y establecimientos"}]},{"@type":"WebSite","@id":"https:\/\/radiolitoral.com\/#website","url":"https:\/\/radiolitoral.com\/","name":"R\u00e0dio Litoral","description":"La r\u00e0dio local de la Marina Alta","publisher":{"@id":"https:\/\/radiolitoral.com\/#organization"},"alternateName":"Litoral FM","potentialAction":[{"@type":"SearchAction","target":{"@type":"EntryPoint","urlTemplate":"https:\/\/radiolitoral.com\/?s={search_term_string}"},"query-input":{"@type":"PropertyValueSpecification","valueRequired":true,"valueName":"search_term_string"}}],"inLanguage":"ca"},{"@type":"Organization","@id":"https:\/\/radiolitoral.com\/#organization","name":"R\u00e0dio Litoral","url":"https:\/\/radiolitoral.com\/","logo":{"@type":"ImageObject","inLanguage":"ca","@id":"https:\/\/radiolitoral.com\/#\/schema\/logo\/image\/","url":"https:\/\/media.radiolitoral.com\/wp-content\/uploads\/2023\/02\/24143238\/CL-V-RadioLitoral696.png","contentUrl":"https:\/\/media.radiolitoral.com\/wp-content\/uploads\/2023\/02\/24143238\/CL-V-RadioLitoral696.png","width":696,"height":696,"caption":"Radio Litoral"},"image":{"@id":"https:\/\/radiolitoral.com\/#\/schema\/logo\/image\/"},"sameAs":["https:\/\/www.facebook.com\/Laradiolitoral\/"]},{"@type":"Person","@id":"https:\/\/radiolitoral.com\/#\/schema\/person\/f2b2343c49b5d721857cc1002bfdb151","name":"Redacci\u00f3","image":{"@type":"ImageObject","inLanguage":"ca","@id":"https:\/\/secure.gravatar.com\/avatar\/f771d896c203ad8b3382d7905cfcce5a5c9b008b84b3cd9114e9b9f4cb63f789?s=96&d=mm&r=g","url":"https:\/\/secure.gravatar.com\/avatar\/f771d896c203ad8b3382d7905cfcce5a5c9b008b84b3cd9114e9b9f4cb63f789?s=96&d=mm&r=g","contentUrl":"https:\/\/secure.gravatar.com\/avatar\/f771d896c203ad8b3382d7905cfcce5a5c9b008b84b3cd9114e9b9f4cb63f789?s=96&d=mm&r=g","caption":"Redacci\u00f3n"},"url":"https:\/\/radiolitoral.com\/ca\/author\/miriam-pagan\/"}]}},"_links":{"self":[{"href":"https:\/\/radiolitoral.com\/ca\/wp-json\/wp\/v2\/posts\/15701","targetHints":{"allow":["GET"]}}],"collection":[{"href":"https:\/\/radiolitoral.com\/ca\/wp-json\/wp\/v2\/posts"}],"about":[{"href":"https:\/\/radiolitoral.com\/ca\/wp-json\/wp\/v2\/types\/post"}],"author":[{"embeddable":true,"href":"https:\/\/radiolitoral.com\/ca\/wp-json\/wp\/v2\/users\/13"}],"replies":[{"embeddable":true,"href":"https:\/\/radiolitoral.com\/ca\/wp-json\/wp\/v2\/comments?post=15701"}],"version-history":[{"count":1,"href":"https:\/\/radiolitoral.com\/ca\/wp-json\/wp\/v2\/posts\/15701\/revisions"}],"predecessor-version":[{"id":15702,"href":"https:\/\/radiolitoral.com\/ca\/wp-json\/wp\/v2\/posts\/15701\/revisions\/15702"}],"wp:featuredmedia":[{"embeddable":true,"href":"https:\/\/radiolitoral.com\/ca\/wp-json\/wp\/v2\/media\/15699"}],"wp:attachment":[{"href":"https:\/\/radiolitoral.com\/ca\/wp-json\/wp\/v2\/media?parent=15701"}],"wp:term":[{"taxonomy":"category","embeddable":true,"href":"https:\/\/radiolitoral.com\/ca\/wp-json\/wp\/v2\/categories?post=15701"},{"taxonomy":"post_tag","embeddable":true,"href":"https:\/\/radiolitoral.com\/ca\/wp-json\/wp\/v2\/tags?post=15701"}],"curies":[{"name":"wp","href":"https:\/\/api.w.org\/{rel}","templated":true}]}}