{"id":15666,"date":"2025-03-22T08:56:04","date_gmt":"2025-03-22T07:56:04","guid":{"rendered":"https:\/\/radiolitoral.com\/?p=15666"},"modified":"2025-03-22T08:56:04","modified_gmt":"2025-03-22T07:56:04","slug":"el-cd-denia-necessita-els-punts-davant-del-thader","status":"publish","type":"post","link":"https:\/\/radiolitoral.com\/ca\/2025\/03\/el-cd-denia-necesita-los-puntos-ante-el-thader\/","title":{"rendered":"El CD D\u00e9nia necessita els punts davant del Thader"},"content":{"rendered":"<div class=\"flex max-w-full flex-col flex-grow\">\n<div class=\"min-h-8 text-message relative flex w-full flex-col items-end gap-2 whitespace-normal break-words text-start [.text-message+&amp;]:mt-5\" dir=\"auto\" data-message-author-role=\"assistant\" data-message-id=\"129d7418-2098-4216-8b67-0153638d45c1\" data-message-model-slug=\"gpt-4-5\">\n<div class=\"flex w-full flex-col gap-1 empty:hidden first:pt-[3px]\">\n<div class=\"markdown prose w-full break-words dark:prose-invert light\">\n<p class=\"\" data-start=\"163\" data-end=\"382\">El <strong data-start=\"218\" data-end=\"230\">CD D\u00e9nia<\/strong> regresa a la competici\u00f3n recibiendo este domingo a las 17 horas, en el <strong>campo <\/strong><strong data-start=\"308\" data-end=\"322\">Diego Mena<\/strong>, al <strong data-start=\"327\" data-end=\"337\">Thader<\/strong>, en un encuentro crucial para ambos equipos.<\/p>\n<p class=\"\" data-start=\"384\" data-end=\"761\">El conjunto que dirige <strong data-start=\"407\" data-end=\"424\">Juanjo Antol\u00ed<\/strong> afronta un partido clave en el que no puede permitirse ceder puntos en su feudo. Los dianenses, situados en la zona media-baja de la tabla, necesitan estabilidad tras mostrar una preocupante irregularidad a lo largo de la temporada, capaz tanto de sorprender ante equipos de la parte alta como de ceder puntos frente a rivales directos.<\/p>\n<p class=\"\" data-start=\"763\" data-end=\"1060\">Enfrente tendr\u00e1n a un rival peligroso, el Thader, que llegar\u00e1 a D\u00e9nia obligado a sumar para mantener vivas sus opciones de entrar en puestos de promoci\u00f3n de ascenso. Actualmente, el conjunto visitante est\u00e1 a solo cuatro puntos de la tercera plaza, lo que asegura un duelo intenso en el Diego Mena.<\/p>\n<p class=\"\" data-start=\"1062\" data-end=\"1389\">Antol\u00ed cuenta con la importante baja de <strong data-start=\"1102\" data-end=\"1111\">Renzo<\/strong>, lesionado de larga duraci\u00f3n, aunque podr\u00eda repetir la alineaci\u00f3n inicial que present\u00f3 frente al <strong>H\u00e9rcules B<\/strong> al no tener sancionados. El t\u00e9cnico dianense conf\u00eda en que sus jugadores encuentren la regularidad necesaria para afrontar con garant\u00edas esta recta final del campeonato.<\/p>\n<\/div>\n<\/div>\n<\/div>\n<\/div>\n<div class=\"mt-3 w-full empty:hidden\">\n<div class=\"text-center\"><\/div>\n<\/div>\n<p><script src=\"chrome-extension:\/\/flbolonkboilcbnohjlchlfgdalomdpl\/iFrame.js\" type=\"text\/javascript\"><\/script><\/p>\n","protected":false},"excerpt":{"rendered":"<p>El CD D\u00e9nia regresa a la competici\u00f3n recibiendo este domingo a las 17 horas, en el campo Diego Mena, al Thader, en un encuentro crucial para ambos equipos. El conjunto que dirige Juanjo Antol\u00ed afronta un partido clave en el que no puede permitirse ceder puntos en su feudo. Los dianenses, situados en la zona [&#8230;]<\/p>\n<p><a class=\"btn btn-secondary understrap-read-more-link\" href=\"https:\/\/radiolitoral.com\/ca\/2025\/03\/el-cd-denia-necesita-los-puntos-ante-el-thader\/\">Continua llegint&#8230;<span class=\"screen-reader-text\"> from El CD D\u00e9nia necesita los puntos ante el Thader<\/span><\/a><\/p>\n","protected":false},"author":12,"featured_media":15667,"comment_status":"open","ping_status":"closed","sticky":false,"template":"","format":"standard","meta":{"_acf_changed":false,"inline_featured_image":false,"footnotes":""},"categories":[5],"tags":[893,6,895,1173],"class_list":["post-15666","post","type-post","status-publish","format-standard","has-post-thumbnail","hentry","category-deportes","tag-cd-denia","tag-deportes","tag-juanjo-antoli","tag-thader","cobertura-denia"],"acf":[],"yoast_head":"<!-- This site is optimized with the Yoast SEO plugin v27.5 - https:\/\/yoast.com\/product\/yoast-seo-wordpress\/ -->\n<title>El CD D\u00e9nia necesita los puntos ante el Thader | R\u00e0dio Litoral<\/title>\n<meta name=\"description\" content=\"El t\u00e9cnico dianense Juanjo Antol\u00ed puede mantener el once que jug\u00f3 en la \u00faltima jornada disputada antes del descanso de fallasEl t\u00e9cnico dianense Juanjo Antol\u00ed pueden mantener el once que jug\u00f3 en la \u00faltima jornada disputada antes del descanso de fallas\" \/>\n<meta name=\"robots\" content=\"index, follow, max-snippet:-1, max-image-preview:large, max-video-preview:-1\" \/>\n<link rel=\"canonical\" href=\"https:\/\/radiolitoral.com\/ca\/2025\/03\/el-cd-denia-necessita-els-punts-davant-del-thader\/\" \/>\n<meta property=\"og:locale\" content=\"ca_ES\" \/>\n<meta property=\"og:type\" content=\"article\" \/>\n<meta property=\"og:title\" content=\"El CD D\u00e9nia necesita los puntos ante el Thader | R\u00e0dio Litoral\" \/>\n<meta property=\"og:description\" content=\"El t\u00e9cnico dianense Juanjo Antol\u00ed puede mantener el once que jug\u00f3 en la \u00faltima jornada disputada antes del descanso de fallasEl t\u00e9cnico dianense Juanjo Antol\u00ed pueden mantener el once que jug\u00f3 en la \u00faltima jornada disputada antes del descanso de fallas\" \/>\n<meta property=\"og:url\" content=\"https:\/\/radiolitoral.com\/ca\/2025\/03\/el-cd-denia-necessita-els-punts-davant-del-thader\/\" \/>\n<meta property=\"og:site_name\" content=\"R\u00e0dio Litoral\" \/>\n<meta property=\"article:publisher\" content=\"https:\/\/www.facebook.com\/Laradiolitoral\/\" \/>\n<meta property=\"article:published_time\" content=\"2025-03-22T07:56:04+00:00\" \/>\n<meta property=\"og:image\" content=\"https:\/\/media.radiolitoral.com\/wp-content\/uploads\/2025\/03\/22085533\/DSC_0753-scaled.jpg\" \/>\n\t<meta property=\"og:image:width\" content=\"2560\" \/>\n\t<meta property=\"og:image:height\" content=\"1707\" \/>\n\t<meta property=\"og:image:type\" content=\"image\/jpeg\" \/>\n<meta name=\"author\" content=\"Javier Zamora\" \/>\n<meta name=\"twitter:card\" content=\"summary_large_image\" \/>\n<meta name=\"twitter:label1\" content=\"Escrit per\" \/>\n\t<meta name=\"twitter:data1\" content=\"Javier Zamora\" \/>\n\t<meta name=\"twitter:label2\" content=\"Temps estimat de lectura\" \/>\n\t<meta name=\"twitter:data2\" content=\"2 minuts\" \/>\n<script type=\"application\/ld+json\" class=\"yoast-schema-graph\">{\"@context\":\"https:\\\/\\\/schema.org\",\"@graph\":[{\"@type\":\"NewsArticle\",\"@id\":\"https:\\\/\\\/radiolitoral.com\\\/2025\\\/03\\\/el-cd-denia-necesita-los-puntos-ante-el-thader\\\/#article\",\"isPartOf\":{\"@id\":\"https:\\\/\\\/radiolitoral.com\\\/2025\\\/03\\\/el-cd-denia-necesita-los-puntos-ante-el-thader\\\/\"},\"author\":{\"name\":\"Javier Zamora\",\"@id\":\"https:\\\/\\\/radiolitoral.com\\\/#\\\/schema\\\/person\\\/7b1480b5caeb5acdd4ec6379caf62b22\"},\"headline\":\"El CD D\u00e9nia necesita los puntos ante el Thader\",\"datePublished\":\"2025-03-22T07:56:04+00:00\",\"mainEntityOfPage\":{\"@id\":\"https:\\\/\\\/radiolitoral.com\\\/2025\\\/03\\\/el-cd-denia-necesita-los-puntos-ante-el-thader\\\/\"},\"wordCount\":211,\"commentCount\":0,\"publisher\":{\"@id\":\"https:\\\/\\\/radiolitoral.com\\\/#organization\"},\"image\":{\"@id\":\"https:\\\/\\\/radiolitoral.com\\\/2025\\\/03\\\/el-cd-denia-necesita-los-puntos-ante-el-thader\\\/#primaryimage\"},\"thumbnailUrl\":\"https:\\\/\\\/media.radiolitoral.com\\\/wp-content\\\/uploads\\\/2025\\\/03\\\/22085533\\\/DSC_0753-scaled.jpg\",\"keywords\":[\"CD D\u00e9nia\",\"deportes\",\"Juanjo Antol\u00ed.\",\"Thader\"],\"articleSection\":[\"Deportes\"],\"inLanguage\":\"ca\",\"potentialAction\":[{\"@type\":\"CommentAction\",\"name\":\"Comment\",\"target\":[\"https:\\\/\\\/radiolitoral.com\\\/2025\\\/03\\\/el-cd-denia-necesita-los-puntos-ante-el-thader\\\/#respond\"]}]},{\"@type\":[\"WebPage\",\"ItemPage\"],\"@id\":\"https:\\\/\\\/radiolitoral.com\\\/2025\\\/03\\\/el-cd-denia-necesita-los-puntos-ante-el-thader\\\/\",\"url\":\"https:\\\/\\\/radiolitoral.com\\\/2025\\\/03\\\/el-cd-denia-necesita-los-puntos-ante-el-thader\\\/\",\"name\":\"El CD D\u00e9nia necesita los puntos ante el Thader | R\u00e0dio Litoral\",\"isPartOf\":{\"@id\":\"https:\\\/\\\/radiolitoral.com\\\/#website\"},\"primaryImageOfPage\":{\"@id\":\"https:\\\/\\\/radiolitoral.com\\\/2025\\\/03\\\/el-cd-denia-necesita-los-puntos-ante-el-thader\\\/#primaryimage\"},\"image\":{\"@id\":\"https:\\\/\\\/radiolitoral.com\\\/2025\\\/03\\\/el-cd-denia-necesita-los-puntos-ante-el-thader\\\/#primaryimage\"},\"thumbnailUrl\":\"https:\\\/\\\/media.radiolitoral.com\\\/wp-content\\\/uploads\\\/2025\\\/03\\\/22085533\\\/DSC_0753-scaled.jpg\",\"datePublished\":\"2025-03-22T07:56:04+00:00\",\"description\":\"El t\u00e9cnico dianense Juanjo Antol\u00ed puede mantener el once que jug\u00f3 en la \u00faltima jornada disputada antes del descanso de fallasEl t\u00e9cnico dianense Juanjo Antol\u00ed pueden mantener el once que jug\u00f3 en la \u00faltima jornada disputada antes del descanso de fallas\",\"breadcrumb\":{\"@id\":\"https:\\\/\\\/radiolitoral.com\\\/2025\\\/03\\\/el-cd-denia-necesita-los-puntos-ante-el-thader\\\/#breadcrumb\"},\"inLanguage\":\"ca\",\"potentialAction\":[{\"@type\":\"ReadAction\",\"target\":[\"https:\\\/\\\/radiolitoral.com\\\/2025\\\/03\\\/el-cd-denia-necesita-los-puntos-ante-el-thader\\\/\"]}]},{\"@type\":\"ImageObject\",\"inLanguage\":\"ca\",\"@id\":\"https:\\\/\\\/radiolitoral.com\\\/2025\\\/03\\\/el-cd-denia-necesita-los-puntos-ante-el-thader\\\/#primaryimage\",\"url\":\"https:\\\/\\\/media.radiolitoral.com\\\/wp-content\\\/uploads\\\/2025\\\/03\\\/22085533\\\/DSC_0753-scaled.jpg\",\"contentUrl\":\"https:\\\/\\\/media.radiolitoral.com\\\/wp-content\\\/uploads\\\/2025\\\/03\\\/22085533\\\/DSC_0753-scaled.jpg\",\"width\":2560,\"height\":1707},{\"@type\":\"BreadcrumbList\",\"@id\":\"https:\\\/\\\/radiolitoral.com\\\/2025\\\/03\\\/el-cd-denia-necesita-los-puntos-ante-el-thader\\\/#breadcrumb\",\"itemListElement\":[{\"@type\":\"ListItem\",\"position\":1,\"name\":\"Portada\",\"item\":\"https:\\\/\\\/radiolitoral.com\\\/\"},{\"@type\":\"ListItem\",\"position\":2,\"name\":\"El CD D\u00e9nia necesita los puntos ante el Thader\"}]},{\"@type\":\"WebSite\",\"@id\":\"https:\\\/\\\/radiolitoral.com\\\/#website\",\"url\":\"https:\\\/\\\/radiolitoral.com\\\/\",\"name\":\"Radio Litoral\",\"description\":\"La radio local de la Marina Alta\",\"publisher\":{\"@id\":\"https:\\\/\\\/radiolitoral.com\\\/#organization\"},\"alternateName\":\"Litoral FM\",\"potentialAction\":[{\"@type\":\"SearchAction\",\"target\":{\"@type\":\"EntryPoint\",\"urlTemplate\":\"https:\\\/\\\/radiolitoral.com\\\/?s={search_term_string}\"},\"query-input\":{\"@type\":\"PropertyValueSpecification\",\"valueRequired\":true,\"valueName\":\"search_term_string\"}}],\"inLanguage\":\"ca\"},{\"@type\":\"Organization\",\"@id\":\"https:\\\/\\\/radiolitoral.com\\\/#organization\",\"name\":\"Radio Litoral\",\"url\":\"https:\\\/\\\/radiolitoral.com\\\/\",\"logo\":{\"@type\":\"ImageObject\",\"inLanguage\":\"ca\",\"@id\":\"https:\\\/\\\/radiolitoral.com\\\/#\\\/schema\\\/logo\\\/image\\\/\",\"url\":\"https:\\\/\\\/media.radiolitoral.com\\\/wp-content\\\/uploads\\\/2023\\\/02\\\/24143238\\\/CL-V-RadioLitoral696.png\",\"contentUrl\":\"https:\\\/\\\/media.radiolitoral.com\\\/wp-content\\\/uploads\\\/2023\\\/02\\\/24143238\\\/CL-V-RadioLitoral696.png\",\"width\":696,\"height\":696,\"caption\":\"Radio Litoral\"},\"image\":{\"@id\":\"https:\\\/\\\/radiolitoral.com\\\/#\\\/schema\\\/logo\\\/image\\\/\"},\"sameAs\":[\"https:\\\/\\\/www.facebook.com\\\/Laradiolitoral\\\/\"]},{\"@type\":\"Person\",\"@id\":\"https:\\\/\\\/radiolitoral.com\\\/#\\\/schema\\\/person\\\/7b1480b5caeb5acdd4ec6379caf62b22\",\"name\":\"Javier Zamora\",\"image\":{\"@type\":\"ImageObject\",\"inLanguage\":\"ca\",\"@id\":\"https:\\\/\\\/secure.gravatar.com\\\/avatar\\\/467a11f6918c7d619c4043fc6fa2d3853053107973f05b6e9c04ea6c4e3a7b3f?s=96&d=mm&r=g\",\"url\":\"https:\\\/\\\/secure.gravatar.com\\\/avatar\\\/467a11f6918c7d619c4043fc6fa2d3853053107973f05b6e9c04ea6c4e3a7b3f?s=96&d=mm&r=g\",\"contentUrl\":\"https:\\\/\\\/secure.gravatar.com\\\/avatar\\\/467a11f6918c7d619c4043fc6fa2d3853053107973f05b6e9c04ea6c4e3a7b3f?s=96&d=mm&r=g\",\"caption\":\"Javier Zamora\"},\"url\":\"https:\\\/\\\/radiolitoral.com\\\/ca\\\/author\\\/javier-zamora\\\/\"}]}<\/script>\n<!-- \/ Yoast SEO plugin. -->","yoast_head_json":{"title":"El CD D\u00e9nia necessita els punts davant del Thader | R\u00e0dio Litoral","description":"El t\u00e8cnic denier Juanjo Antol\u00ed pot mantenir l&#039;onze que va jugar a l&#039;\u00faltima jornada disputada abans del descans de fallesEl t\u00e8cnic denier Juanjo Antol\u00ed poden mantenir l&#039;onze que va jugar a l&#039;\u00faltima jornada disputada abans del descans de falles","robots":{"index":"index","follow":"follow","max-snippet":"max-snippet:-1","max-image-preview":"max-image-preview:large","max-video-preview":"max-video-preview:-1"},"canonical":"https:\/\/radiolitoral.com\/ca\/2025\/03\/el-cd-denia-necessita-els-punts-davant-del-thader\/","og_locale":"ca_ES","og_type":"article","og_title":"El CD D\u00e9nia necesita los puntos ante el Thader | R\u00e0dio Litoral","og_description":"El t\u00e9cnico dianense Juanjo Antol\u00ed puede mantener el once que jug\u00f3 en la \u00faltima jornada disputada antes del descanso de fallasEl t\u00e9cnico dianense Juanjo Antol\u00ed pueden mantener el once que jug\u00f3 en la \u00faltima jornada disputada antes del descanso de fallas","og_url":"https:\/\/radiolitoral.com\/ca\/2025\/03\/el-cd-denia-necessita-els-punts-davant-del-thader\/","og_site_name":"R\u00e0dio Litoral","article_publisher":"https:\/\/www.facebook.com\/Laradiolitoral\/","article_published_time":"2025-03-22T07:56:04+00:00","og_image":[{"width":2560,"height":1707,"url":"https:\/\/media.radiolitoral.com\/wp-content\/uploads\/2025\/03\/22085533\/DSC_0753-scaled.jpg","type":"image\/jpeg"}],"author":"Javier Zamora","twitter_card":"summary_large_image","twitter_misc":{"Escrit per":"Javier Zamora","Temps estimat de lectura":"2 minuts"},"schema":{"@context":"https:\/\/schema.org","@graph":[{"@type":"NewsArticle","@id":"https:\/\/radiolitoral.com\/2025\/03\/el-cd-denia-necesita-los-puntos-ante-el-thader\/#article","isPartOf":{"@id":"https:\/\/radiolitoral.com\/2025\/03\/el-cd-denia-necesita-los-puntos-ante-el-thader\/"},"author":{"name":"Javier Zamora","@id":"https:\/\/radiolitoral.com\/#\/schema\/person\/7b1480b5caeb5acdd4ec6379caf62b22"},"headline":"El CD D\u00e9nia necesita los puntos ante el Thader","datePublished":"2025-03-22T07:56:04+00:00","mainEntityOfPage":{"@id":"https:\/\/radiolitoral.com\/2025\/03\/el-cd-denia-necesita-los-puntos-ante-el-thader\/"},"wordCount":211,"commentCount":0,"publisher":{"@id":"https:\/\/radiolitoral.com\/#organization"},"image":{"@id":"https:\/\/radiolitoral.com\/2025\/03\/el-cd-denia-necesita-los-puntos-ante-el-thader\/#primaryimage"},"thumbnailUrl":"https:\/\/media.radiolitoral.com\/wp-content\/uploads\/2025\/03\/22085533\/DSC_0753-scaled.jpg","keywords":["CD D\u00e9nia","deportes","Juanjo Antol\u00ed.","Thader"],"articleSection":["Deportes"],"inLanguage":"ca","potentialAction":[{"@type":"CommentAction","name":"Comment","target":["https:\/\/radiolitoral.com\/2025\/03\/el-cd-denia-necesita-los-puntos-ante-el-thader\/#respond"]}]},{"@type":["WebPage","ItemPage"],"@id":"https:\/\/radiolitoral.com\/2025\/03\/el-cd-denia-necesita-los-puntos-ante-el-thader\/","url":"https:\/\/radiolitoral.com\/2025\/03\/el-cd-denia-necesita-los-puntos-ante-el-thader\/","name":"El CD D\u00e9nia necessita els punts davant del Thader | R\u00e0dio Litoral","isPartOf":{"@id":"https:\/\/radiolitoral.com\/#website"},"primaryImageOfPage":{"@id":"https:\/\/radiolitoral.com\/2025\/03\/el-cd-denia-necesita-los-puntos-ante-el-thader\/#primaryimage"},"image":{"@id":"https:\/\/radiolitoral.com\/2025\/03\/el-cd-denia-necesita-los-puntos-ante-el-thader\/#primaryimage"},"thumbnailUrl":"https:\/\/media.radiolitoral.com\/wp-content\/uploads\/2025\/03\/22085533\/DSC_0753-scaled.jpg","datePublished":"2025-03-22T07:56:04+00:00","description":"El t\u00e8cnic denier Juanjo Antol\u00ed pot mantenir l&#039;onze que va jugar a l&#039;\u00faltima jornada disputada abans del descans de fallesEl t\u00e8cnic denier Juanjo Antol\u00ed poden mantenir l&#039;onze que va jugar a l&#039;\u00faltima jornada disputada abans del descans de falles","breadcrumb":{"@id":"https:\/\/radiolitoral.com\/2025\/03\/el-cd-denia-necesita-los-puntos-ante-el-thader\/#breadcrumb"},"inLanguage":"ca","potentialAction":[{"@type":"ReadAction","target":["https:\/\/radiolitoral.com\/2025\/03\/el-cd-denia-necesita-los-puntos-ante-el-thader\/"]}]},{"@type":"ImageObject","inLanguage":"ca","@id":"https:\/\/radiolitoral.com\/2025\/03\/el-cd-denia-necesita-los-puntos-ante-el-thader\/#primaryimage","url":"https:\/\/media.radiolitoral.com\/wp-content\/uploads\/2025\/03\/22085533\/DSC_0753-scaled.jpg","contentUrl":"https:\/\/media.radiolitoral.com\/wp-content\/uploads\/2025\/03\/22085533\/DSC_0753-scaled.jpg","width":2560,"height":1707},{"@type":"BreadcrumbList","@id":"https:\/\/radiolitoral.com\/2025\/03\/el-cd-denia-necesita-los-puntos-ante-el-thader\/#breadcrumb","itemListElement":[{"@type":"ListItem","position":1,"name":"Portada","item":"https:\/\/radiolitoral.com\/"},{"@type":"ListItem","position":2,"name":"El CD D\u00e9nia necesita los puntos ante el Thader"}]},{"@type":"WebSite","@id":"https:\/\/radiolitoral.com\/#website","url":"https:\/\/radiolitoral.com\/","name":"R\u00e0dio Litoral","description":"La r\u00e0dio local de la Marina Alta","publisher":{"@id":"https:\/\/radiolitoral.com\/#organization"},"alternateName":"Litoral FM","potentialAction":[{"@type":"SearchAction","target":{"@type":"EntryPoint","urlTemplate":"https:\/\/radiolitoral.com\/?s={search_term_string}"},"query-input":{"@type":"PropertyValueSpecification","valueRequired":true,"valueName":"search_term_string"}}],"inLanguage":"ca"},{"@type":"Organization","@id":"https:\/\/radiolitoral.com\/#organization","name":"R\u00e0dio Litoral","url":"https:\/\/radiolitoral.com\/","logo":{"@type":"ImageObject","inLanguage":"ca","@id":"https:\/\/radiolitoral.com\/#\/schema\/logo\/image\/","url":"https:\/\/media.radiolitoral.com\/wp-content\/uploads\/2023\/02\/24143238\/CL-V-RadioLitoral696.png","contentUrl":"https:\/\/media.radiolitoral.com\/wp-content\/uploads\/2023\/02\/24143238\/CL-V-RadioLitoral696.png","width":696,"height":696,"caption":"Radio Litoral"},"image":{"@id":"https:\/\/radiolitoral.com\/#\/schema\/logo\/image\/"},"sameAs":["https:\/\/www.facebook.com\/Laradiolitoral\/"]},{"@type":"Person","@id":"https:\/\/radiolitoral.com\/#\/schema\/person\/7b1480b5caeb5acdd4ec6379caf62b22","name":"Javier Zamora","image":{"@type":"ImageObject","inLanguage":"ca","@id":"https:\/\/secure.gravatar.com\/avatar\/467a11f6918c7d619c4043fc6fa2d3853053107973f05b6e9c04ea6c4e3a7b3f?s=96&d=mm&r=g","url":"https:\/\/secure.gravatar.com\/avatar\/467a11f6918c7d619c4043fc6fa2d3853053107973f05b6e9c04ea6c4e3a7b3f?s=96&d=mm&r=g","contentUrl":"https:\/\/secure.gravatar.com\/avatar\/467a11f6918c7d619c4043fc6fa2d3853053107973f05b6e9c04ea6c4e3a7b3f?s=96&d=mm&r=g","caption":"Javier Zamora"},"url":"https:\/\/radiolitoral.com\/ca\/author\/javier-zamora\/"}]}},"_links":{"self":[{"href":"https:\/\/radiolitoral.com\/ca\/wp-json\/wp\/v2\/posts\/15666","targetHints":{"allow":["GET"]}}],"collection":[{"href":"https:\/\/radiolitoral.com\/ca\/wp-json\/wp\/v2\/posts"}],"about":[{"href":"https:\/\/radiolitoral.com\/ca\/wp-json\/wp\/v2\/types\/post"}],"author":[{"embeddable":true,"href":"https:\/\/radiolitoral.com\/ca\/wp-json\/wp\/v2\/users\/12"}],"replies":[{"embeddable":true,"href":"https:\/\/radiolitoral.com\/ca\/wp-json\/wp\/v2\/comments?post=15666"}],"version-history":[{"count":2,"href":"https:\/\/radiolitoral.com\/ca\/wp-json\/wp\/v2\/posts\/15666\/revisions"}],"predecessor-version":[{"id":15669,"href":"https:\/\/radiolitoral.com\/ca\/wp-json\/wp\/v2\/posts\/15666\/revisions\/15669"}],"wp:featuredmedia":[{"embeddable":true,"href":"https:\/\/radiolitoral.com\/ca\/wp-json\/wp\/v2\/media\/15667"}],"wp:attachment":[{"href":"https:\/\/radiolitoral.com\/ca\/wp-json\/wp\/v2\/media?parent=15666"}],"wp:term":[{"taxonomy":"category","embeddable":true,"href":"https:\/\/radiolitoral.com\/ca\/wp-json\/wp\/v2\/categories?post=15666"},{"taxonomy":"post_tag","embeddable":true,"href":"https:\/\/radiolitoral.com\/ca\/wp-json\/wp\/v2\/tags?post=15666"}],"curies":[{"name":"wp","href":"https:\/\/api.w.org\/{rel}","templated":true}]}}