{"id":15637,"date":"2025-03-21T10:29:50","date_gmt":"2025-03-21T09:29:50","guid":{"rendered":"https:\/\/radiolitoral.com\/?p=15637"},"modified":"2025-03-21T12:58:06","modified_gmt":"2025-03-21T11:58:06","slug":"javi-cabrera-mitajafava-no-es-per-ser-tacans-es-per-ser-intel%c2%b7ligents-mitja-fava-se-la-menjaven-i-mitja-la-sembraven","status":"publish","type":"post","link":"https:\/\/radiolitoral.com\/ca\/2025\/03\/javi-cabrera-mitajafava-no-es-por-ser-tacanos-es-por-ser-inteligentes-media-haba-se-la-comian-y-media-la-sembraban\/","title":{"rendered":"Javi Cabrera: \u201cMitjafava, no \u00e9s per ser garrepes, \u00e9s per ser intel\u00b7ligents\u2026 mitja fava se la menjaven i mitja la sembraven\u201d"},"content":{"rendered":"<p>Avui al nostre <strong>Primer Caf\u00e8<\/strong> hem recordat que estem en ple compte enrere per poder gaudir del <strong>Mitjafava Fest 2025.<\/strong> Una convocat\u00f2ria, marcada al calendari per a l&#039;arrencada del mes d&#039;abril, que promou el <strong>Ajuntament del Poble Nou de Benitatxell<\/strong> posant en valor un dels productes agr\u00edcoles m\u00e9s singulars i identificatius del municipi, com \u00e9s la fava. El <strong>hi havia poblera<\/strong>. Un festival gastron\u00f2mic, cultural i festiu sobre el qual hem conversat amb <strong>Javi Cabrera, regidor d&#039;Agricultura<\/strong> i <strong>Jorge Pascual, edil de Cultura.<\/strong><\/p>\n<p>La programaci\u00f3 comen\u00e7a l&#039;1 d&#039;abril amb unes Jornades Gastron\u00f2miques. Una proposta en qu\u00e8 participen diferents restaurants locals, (Pizzer\u00eda Antiquary, restaurant La Cimera, Ca Toni M\u00f2nica i La Trillaora), que fins al dia 5 oferiran un delici\u00f3s plat d&#039;arr\u00f2s amb fava als seus men\u00fas per menjar. A m\u00e9s, dijous dia 3, s&#039;ha programat una degustaci\u00f3 de vins amb els seus maridatges a c\u00e0rrec de Pablo Catal\u00e1, Sommelier del restaurant BonAmb.<\/p>\n<p>Amb l\u00b4arribada del cap de setmana del 4 al 6 d\u00b4abril, els nostres convidats ens han explicat que no tindrem temps per avorrir-nos. S&#039;hi ha programat un showcooking, un mercat artesanal, atraccions infantils, una visita guiada a un camp de cultiu, actuacions de danses populars, de la Muixeranga, degustaci\u00f3 de tapes amb el festival Tapifava, tarda, concerts, concursos i molt m\u00e9s.<\/p>\n<p>Tota aquesta programaci\u00f3 pivota entorn d&#039;un producte agr\u00edcola com \u00e9s la fava, un producte que des de l&#039;Ajuntament estan intentant incloure al cat\u00e0leg de varietats aut\u00f2ctones. Un proc\u00e9s obert que se suma a l&#039;objectiu global d&#039;impulsar aquest llegum i l&#039;agricultura local.<\/p>\n<p>Amb els nostres convidats hem compartit, a m\u00e9s, els or\u00edgens del malnom de mitjafava pel qual s\u00f3n coneguts els ve\u00efns del Poble Nou, les seves destreses culin\u00e0ries, la tradici\u00f3 i la innovaci\u00f3 lligada a la fava poblera i molt m\u00e9s.<\/p>\n<p>Podeu tornar a escoltar l&#039;entrevista completa aqu\u00ed.<\/p>\n<audio class=\"wp-audio-shortcode\" id=\"audio-15637-1\" preload=\"none\" style=\"width: 100%;\" controls=\"controls\"><source type=\"audio\/mpeg\" src=\"https:\/\/media.radiolitoral.com\/wp-content\/uploads\/2025\/03\/21102507\/Primer-Cafe-Mitjafava-Fest.mp3?_=1\" \/><a href=\"https:\/\/media.radiolitoral.com\/wp-content\/uploads\/2025\/03\/21102507\/Primer-Cafe-Mitjafava-Fest.mp3\">https:\/\/media.radiolitoral.com\/wp-content\/uploads\/2025\/03\/21102507\/Primer-Cafe-Mitjafava-Fest.mp3<\/a><\/audio>","protected":false},"excerpt":{"rendered":"<p>Hoy en nuestro Primer Caf\u00e9 hemos recordado que estamos en plena cuenta atr\u00e1s para poder disfrutar del Mitjafava Fest 2025. Una convocatoria, marcada en el calendario para el arranque del mes de abril, que promueve el Ayuntamiento de El Poble Nou de Benitatxell poniendo en valor uno de los productos agr\u00edcolas m\u00e1s singulares e identificativos [&#8230;]<\/p>\n<p><a class=\"btn btn-secondary understrap-read-more-link\" href=\"https:\/\/radiolitoral.com\/ca\/2025\/03\/javi-cabrera-mitajafava-no-es-por-ser-tacanos-es-por-ser-inteligentes-media-haba-se-la-comian-y-media-la-sembraban\/\">Continua llegint&#8230;<span class=\"screen-reader-text\"> from Javi Cabrera: \u201cMitjafava, no es por ser taca\u00f1os, es por ser inteligentes&#8230; media haba se la com\u00edan y media la sembraban\u201d<\/span><\/a><\/p>\n","protected":false},"author":13,"featured_media":15639,"comment_status":"open","ping_status":"closed","sticky":false,"template":"","format":"standard","meta":{"_acf_changed":false,"inline_featured_image":false,"footnotes":""},"categories":[859,2753,549],"tags":[3845,1350,2708,554,479,2312,3953,588,308],"class_list":["post-15637","post","type-post","status-publish","format-standard","has-post-thumbnail","hentry","category-agricultura-2","category-entrevistas","category-gastronomia","tag-fava-poblera","tag-javi-cabrera","tag-jorge-pascual","tag-jornadas-gastronomicas","tag-mitjafava-fest","tag-primer-cafe","tag-showcooking","tag-tapifava","tag-vinos","cobertura-marina-alta","cobertura-poble-nou-de-benitatxell"],"acf":[],"yoast_head":"<!-- This site is optimized with the Yoast SEO plugin v27.5 - https:\/\/yoast.com\/product\/yoast-seo-wordpress\/ -->\n<title>Javi Cabrera: \u201cMitjafava, no es por ser taca\u00f1os, es por ser inteligentes... media haba se la com\u00edan y media la sembraban\u201d | R\u00e0dio Litoral<\/title>\n<meta name=\"description\" content=\"El Mitjafava Fest de El Poble Nou de Benitatxell se celebrar\u00e1 del 1 al 6 de abril para potenciar la \u201cfava poblera\u201d\" \/>\n<meta name=\"robots\" content=\"index, follow, max-snippet:-1, max-image-preview:large, max-video-preview:-1\" \/>\n<link rel=\"canonical\" href=\"https:\/\/radiolitoral.com\/ca\/2025\/03\/javi-cabrera-mitajafava-no-es-per-ser-tacans-es-per-ser-intel\u00b7ligents-mitja-fava-se-la-menjaven-i-mitja-la-sembraven\/\" \/>\n<meta property=\"og:locale\" content=\"ca_ES\" \/>\n<meta property=\"og:type\" content=\"article\" \/>\n<meta property=\"og:title\" content=\"Javi Cabrera: \u201cMitjafava, no es por ser taca\u00f1os, es por ser inteligentes... media haba se la com\u00edan y media la sembraban\u201d | R\u00e0dio Litoral\" \/>\n<meta property=\"og:description\" content=\"El Mitjafava Fest de El Poble Nou de Benitatxell se celebrar\u00e1 del 1 al 6 de abril para potenciar la \u201cfava poblera\u201d\" \/>\n<meta property=\"og:url\" content=\"https:\/\/radiolitoral.com\/ca\/2025\/03\/javi-cabrera-mitajafava-no-es-per-ser-tacans-es-per-ser-intel\u00b7ligents-mitja-fava-se-la-menjaven-i-mitja-la-sembraven\/\" \/>\n<meta property=\"og:site_name\" content=\"R\u00e0dio Litoral\" \/>\n<meta property=\"article:publisher\" content=\"https:\/\/www.facebook.com\/Laradiolitoral\/\" \/>\n<meta property=\"article:published_time\" content=\"2025-03-21T09:29:50+00:00\" \/>\n<meta property=\"article:modified_time\" content=\"2025-03-21T11:58:06+00:00\" \/>\n<meta property=\"og:image\" content=\"https:\/\/media.radiolitoral.com\/wp-content\/uploads\/2025\/03\/21102657\/Javi-Cabrera-y-Jorge-Pascual-Primer-Cafe.jpg\" \/>\n\t<meta property=\"og:image:width\" content=\"2000\" \/>\n\t<meta property=\"og:image:height\" content=\"1500\" \/>\n\t<meta property=\"og:image:type\" content=\"image\/jpeg\" \/>\n<meta name=\"author\" content=\"Redacci\u00f3n\" \/>\n<meta name=\"twitter:card\" content=\"summary_large_image\" \/>\n<meta name=\"twitter:label1\" content=\"Escrit per\" \/>\n\t<meta name=\"twitter:data1\" content=\"Redacci\u00f3n\" \/>\n\t<meta name=\"twitter:label2\" content=\"Temps estimat de lectura\" \/>\n\t<meta name=\"twitter:data2\" content=\"2 minuts\" \/>\n<script type=\"application\/ld+json\" class=\"yoast-schema-graph\">{\"@context\":\"https:\\\/\\\/schema.org\",\"@graph\":[{\"@type\":\"NewsArticle\",\"@id\":\"https:\\\/\\\/radiolitoral.com\\\/2025\\\/03\\\/javi-cabrera-mitajafava-no-es-por-ser-tacanos-es-por-ser-inteligentes-media-haba-se-la-comian-y-media-la-sembraban\\\/#article\",\"isPartOf\":{\"@id\":\"https:\\\/\\\/radiolitoral.com\\\/2025\\\/03\\\/javi-cabrera-mitajafava-no-es-por-ser-tacanos-es-por-ser-inteligentes-media-haba-se-la-comian-y-media-la-sembraban\\\/\"},\"author\":{\"name\":\"Redacci\u00f3n\",\"@id\":\"https:\\\/\\\/radiolitoral.com\\\/#\\\/schema\\\/person\\\/f2b2343c49b5d721857cc1002bfdb151\"},\"headline\":\"Javi Cabrera: \u201cMitjafava, no es por ser taca\u00f1os, es por ser inteligentes&#8230; media haba se la com\u00edan y media la sembraban\u201d\",\"datePublished\":\"2025-03-21T09:29:50+00:00\",\"dateModified\":\"2025-03-21T11:58:06+00:00\",\"mainEntityOfPage\":{\"@id\":\"https:\\\/\\\/radiolitoral.com\\\/2025\\\/03\\\/javi-cabrera-mitajafava-no-es-por-ser-tacanos-es-por-ser-inteligentes-media-haba-se-la-comian-y-media-la-sembraban\\\/\"},\"wordCount\":366,\"commentCount\":0,\"publisher\":{\"@id\":\"https:\\\/\\\/radiolitoral.com\\\/#organization\"},\"image\":{\"@id\":\"https:\\\/\\\/radiolitoral.com\\\/2025\\\/03\\\/javi-cabrera-mitajafava-no-es-por-ser-tacanos-es-por-ser-inteligentes-media-haba-se-la-comian-y-media-la-sembraban\\\/#primaryimage\"},\"thumbnailUrl\":\"https:\\\/\\\/media.radiolitoral.com\\\/wp-content\\\/uploads\\\/2025\\\/03\\\/21102657\\\/Javi-Cabrera-y-Jorge-Pascual-Primer-Cafe.jpg\",\"keywords\":[\"fava poblera\",\"Javi Cabrera\",\"Jorge Pascual\",\"jornadas gastron\u00f3micas\",\"Mitjafava Fest\",\"Primer Caf\u00e9\",\"showcooking\",\"Tapifava\",\"vinos\"],\"articleSection\":[\"Agricultura\",\"Entrevistas\",\"Gastronom\u00eda\"],\"inLanguage\":\"ca\",\"potentialAction\":[{\"@type\":\"CommentAction\",\"name\":\"Comment\",\"target\":[\"https:\\\/\\\/radiolitoral.com\\\/2025\\\/03\\\/javi-cabrera-mitajafava-no-es-por-ser-tacanos-es-por-ser-inteligentes-media-haba-se-la-comian-y-media-la-sembraban\\\/#respond\"]}]},{\"@type\":[\"WebPage\",\"ItemPage\"],\"@id\":\"https:\\\/\\\/radiolitoral.com\\\/2025\\\/03\\\/javi-cabrera-mitajafava-no-es-por-ser-tacanos-es-por-ser-inteligentes-media-haba-se-la-comian-y-media-la-sembraban\\\/\",\"url\":\"https:\\\/\\\/radiolitoral.com\\\/2025\\\/03\\\/javi-cabrera-mitajafava-no-es-por-ser-tacanos-es-por-ser-inteligentes-media-haba-se-la-comian-y-media-la-sembraban\\\/\",\"name\":\"Javi Cabrera: \u201cMitjafava, no es por ser taca\u00f1os, es por ser inteligentes... media haba se la com\u00edan y media la sembraban\u201d | R\u00e0dio Litoral\",\"isPartOf\":{\"@id\":\"https:\\\/\\\/radiolitoral.com\\\/#website\"},\"primaryImageOfPage\":{\"@id\":\"https:\\\/\\\/radiolitoral.com\\\/2025\\\/03\\\/javi-cabrera-mitajafava-no-es-por-ser-tacanos-es-por-ser-inteligentes-media-haba-se-la-comian-y-media-la-sembraban\\\/#primaryimage\"},\"image\":{\"@id\":\"https:\\\/\\\/radiolitoral.com\\\/2025\\\/03\\\/javi-cabrera-mitajafava-no-es-por-ser-tacanos-es-por-ser-inteligentes-media-haba-se-la-comian-y-media-la-sembraban\\\/#primaryimage\"},\"thumbnailUrl\":\"https:\\\/\\\/media.radiolitoral.com\\\/wp-content\\\/uploads\\\/2025\\\/03\\\/21102657\\\/Javi-Cabrera-y-Jorge-Pascual-Primer-Cafe.jpg\",\"datePublished\":\"2025-03-21T09:29:50+00:00\",\"dateModified\":\"2025-03-21T11:58:06+00:00\",\"description\":\"El Mitjafava Fest de El Poble Nou de Benitatxell se celebrar\u00e1 del 1 al 6 de abril para potenciar la \u201cfava poblera\u201d\",\"breadcrumb\":{\"@id\":\"https:\\\/\\\/radiolitoral.com\\\/2025\\\/03\\\/javi-cabrera-mitajafava-no-es-por-ser-tacanos-es-por-ser-inteligentes-media-haba-se-la-comian-y-media-la-sembraban\\\/#breadcrumb\"},\"inLanguage\":\"ca\",\"potentialAction\":[{\"@type\":\"ReadAction\",\"target\":[\"https:\\\/\\\/radiolitoral.com\\\/2025\\\/03\\\/javi-cabrera-mitajafava-no-es-por-ser-tacanos-es-por-ser-inteligentes-media-haba-se-la-comian-y-media-la-sembraban\\\/\"]}]},{\"@type\":\"ImageObject\",\"inLanguage\":\"ca\",\"@id\":\"https:\\\/\\\/radiolitoral.com\\\/2025\\\/03\\\/javi-cabrera-mitajafava-no-es-por-ser-tacanos-es-por-ser-inteligentes-media-haba-se-la-comian-y-media-la-sembraban\\\/#primaryimage\",\"url\":\"https:\\\/\\\/media.radiolitoral.com\\\/wp-content\\\/uploads\\\/2025\\\/03\\\/21102657\\\/Javi-Cabrera-y-Jorge-Pascual-Primer-Cafe.jpg\",\"contentUrl\":\"https:\\\/\\\/media.radiolitoral.com\\\/wp-content\\\/uploads\\\/2025\\\/03\\\/21102657\\\/Javi-Cabrera-y-Jorge-Pascual-Primer-Cafe.jpg\",\"width\":2000,\"height\":1500},{\"@type\":\"BreadcrumbList\",\"@id\":\"https:\\\/\\\/radiolitoral.com\\\/2025\\\/03\\\/javi-cabrera-mitajafava-no-es-por-ser-tacanos-es-por-ser-inteligentes-media-haba-se-la-comian-y-media-la-sembraban\\\/#breadcrumb\",\"itemListElement\":[{\"@type\":\"ListItem\",\"position\":1,\"name\":\"Portada\",\"item\":\"https:\\\/\\\/radiolitoral.com\\\/\"},{\"@type\":\"ListItem\",\"position\":2,\"name\":\"Javi Cabrera: \u201cMitjafava, no es por ser taca\u00f1os, es por ser inteligentes&#8230; media haba se la com\u00edan y media la sembraban\u201d\"}]},{\"@type\":\"WebSite\",\"@id\":\"https:\\\/\\\/radiolitoral.com\\\/#website\",\"url\":\"https:\\\/\\\/radiolitoral.com\\\/\",\"name\":\"Radio Litoral\",\"description\":\"La radio local de la Marina Alta\",\"publisher\":{\"@id\":\"https:\\\/\\\/radiolitoral.com\\\/#organization\"},\"alternateName\":\"Litoral FM\",\"potentialAction\":[{\"@type\":\"SearchAction\",\"target\":{\"@type\":\"EntryPoint\",\"urlTemplate\":\"https:\\\/\\\/radiolitoral.com\\\/?s={search_term_string}\"},\"query-input\":{\"@type\":\"PropertyValueSpecification\",\"valueRequired\":true,\"valueName\":\"search_term_string\"}}],\"inLanguage\":\"ca\"},{\"@type\":\"Organization\",\"@id\":\"https:\\\/\\\/radiolitoral.com\\\/#organization\",\"name\":\"Radio Litoral\",\"url\":\"https:\\\/\\\/radiolitoral.com\\\/\",\"logo\":{\"@type\":\"ImageObject\",\"inLanguage\":\"ca\",\"@id\":\"https:\\\/\\\/radiolitoral.com\\\/#\\\/schema\\\/logo\\\/image\\\/\",\"url\":\"https:\\\/\\\/media.radiolitoral.com\\\/wp-content\\\/uploads\\\/2023\\\/02\\\/24143238\\\/CL-V-RadioLitoral696.png\",\"contentUrl\":\"https:\\\/\\\/media.radiolitoral.com\\\/wp-content\\\/uploads\\\/2023\\\/02\\\/24143238\\\/CL-V-RadioLitoral696.png\",\"width\":696,\"height\":696,\"caption\":\"Radio Litoral\"},\"image\":{\"@id\":\"https:\\\/\\\/radiolitoral.com\\\/#\\\/schema\\\/logo\\\/image\\\/\"},\"sameAs\":[\"https:\\\/\\\/www.facebook.com\\\/Laradiolitoral\\\/\"]},{\"@type\":\"Person\",\"@id\":\"https:\\\/\\\/radiolitoral.com\\\/#\\\/schema\\\/person\\\/f2b2343c49b5d721857cc1002bfdb151\",\"name\":\"Redacci\u00f3n\",\"image\":{\"@type\":\"ImageObject\",\"inLanguage\":\"ca\",\"@id\":\"https:\\\/\\\/secure.gravatar.com\\\/avatar\\\/f771d896c203ad8b3382d7905cfcce5a5c9b008b84b3cd9114e9b9f4cb63f789?s=96&d=mm&r=g\",\"url\":\"https:\\\/\\\/secure.gravatar.com\\\/avatar\\\/f771d896c203ad8b3382d7905cfcce5a5c9b008b84b3cd9114e9b9f4cb63f789?s=96&d=mm&r=g\",\"contentUrl\":\"https:\\\/\\\/secure.gravatar.com\\\/avatar\\\/f771d896c203ad8b3382d7905cfcce5a5c9b008b84b3cd9114e9b9f4cb63f789?s=96&d=mm&r=g\",\"caption\":\"Redacci\u00f3n\"},\"url\":\"https:\\\/\\\/radiolitoral.com\\\/ca\\\/author\\\/miriam-pagan\\\/\"}]}<\/script>\n<!-- \/ Yoast SEO plugin. -->","yoast_head_json":{"title":"Javi Cabrera: \u201cMitjafava, no \u00e9s per ser garrepes, \u00e9s per ser intel\u00b7ligents... mitja fava se la menjaven i mitja la sembraven\u201d | R\u00e0dio Litoral","description":"El Mitjafava Fest del Poble Nou de Benitatxell se celebrar\u00e0 de l&#039;1 al 6 d&#039;abril per potenciar la \u201cfava poblera\u201d","robots":{"index":"index","follow":"follow","max-snippet":"max-snippet:-1","max-image-preview":"max-image-preview:large","max-video-preview":"max-video-preview:-1"},"canonical":"https:\/\/radiolitoral.com\/ca\/2025\/03\/javi-cabrera-mitajafava-no-es-per-ser-tacans-es-per-ser-intel\u00b7ligents-mitja-fava-se-la-menjaven-i-mitja-la-sembraven\/","og_locale":"ca_ES","og_type":"article","og_title":"Javi Cabrera: \u201cMitjafava, no es por ser taca\u00f1os, es por ser inteligentes... media haba se la com\u00edan y media la sembraban\u201d | R\u00e0dio Litoral","og_description":"El Mitjafava Fest de El Poble Nou de Benitatxell se celebrar\u00e1 del 1 al 6 de abril para potenciar la \u201cfava poblera\u201d","og_url":"https:\/\/radiolitoral.com\/ca\/2025\/03\/javi-cabrera-mitajafava-no-es-per-ser-tacans-es-per-ser-intel\u00b7ligents-mitja-fava-se-la-menjaven-i-mitja-la-sembraven\/","og_site_name":"R\u00e0dio Litoral","article_publisher":"https:\/\/www.facebook.com\/Laradiolitoral\/","article_published_time":"2025-03-21T09:29:50+00:00","article_modified_time":"2025-03-21T11:58:06+00:00","og_image":[{"width":2000,"height":1500,"url":"https:\/\/media.radiolitoral.com\/wp-content\/uploads\/2025\/03\/21102657\/Javi-Cabrera-y-Jorge-Pascual-Primer-Cafe.jpg","type":"image\/jpeg"}],"author":"Redacci\u00f3n","twitter_card":"summary_large_image","twitter_misc":{"Escrit per":"Redacci\u00f3n","Temps estimat de lectura":"2 minuts"},"schema":{"@context":"https:\/\/schema.org","@graph":[{"@type":"NewsArticle","@id":"https:\/\/radiolitoral.com\/2025\/03\/javi-cabrera-mitajafava-no-es-por-ser-tacanos-es-por-ser-inteligentes-media-haba-se-la-comian-y-media-la-sembraban\/#article","isPartOf":{"@id":"https:\/\/radiolitoral.com\/2025\/03\/javi-cabrera-mitajafava-no-es-por-ser-tacanos-es-por-ser-inteligentes-media-haba-se-la-comian-y-media-la-sembraban\/"},"author":{"name":"Redacci\u00f3n","@id":"https:\/\/radiolitoral.com\/#\/schema\/person\/f2b2343c49b5d721857cc1002bfdb151"},"headline":"Javi Cabrera: \u201cMitjafava, no es por ser taca\u00f1os, es por ser inteligentes&#8230; media haba se la com\u00edan y media la sembraban\u201d","datePublished":"2025-03-21T09:29:50+00:00","dateModified":"2025-03-21T11:58:06+00:00","mainEntityOfPage":{"@id":"https:\/\/radiolitoral.com\/2025\/03\/javi-cabrera-mitajafava-no-es-por-ser-tacanos-es-por-ser-inteligentes-media-haba-se-la-comian-y-media-la-sembraban\/"},"wordCount":366,"commentCount":0,"publisher":{"@id":"https:\/\/radiolitoral.com\/#organization"},"image":{"@id":"https:\/\/radiolitoral.com\/2025\/03\/javi-cabrera-mitajafava-no-es-por-ser-tacanos-es-por-ser-inteligentes-media-haba-se-la-comian-y-media-la-sembraban\/#primaryimage"},"thumbnailUrl":"https:\/\/media.radiolitoral.com\/wp-content\/uploads\/2025\/03\/21102657\/Javi-Cabrera-y-Jorge-Pascual-Primer-Cafe.jpg","keywords":["fava poblera","Javi Cabrera","Jorge Pascual","jornadas gastron\u00f3micas","Mitjafava Fest","Primer Caf\u00e9","showcooking","Tapifava","vinos"],"articleSection":["Agricultura","Entrevistas","Gastronom\u00eda"],"inLanguage":"ca","potentialAction":[{"@type":"CommentAction","name":"Comment","target":["https:\/\/radiolitoral.com\/2025\/03\/javi-cabrera-mitajafava-no-es-por-ser-tacanos-es-por-ser-inteligentes-media-haba-se-la-comian-y-media-la-sembraban\/#respond"]}]},{"@type":["WebPage","ItemPage"],"@id":"https:\/\/radiolitoral.com\/2025\/03\/javi-cabrera-mitajafava-no-es-por-ser-tacanos-es-por-ser-inteligentes-media-haba-se-la-comian-y-media-la-sembraban\/","url":"https:\/\/radiolitoral.com\/2025\/03\/javi-cabrera-mitajafava-no-es-por-ser-tacanos-es-por-ser-inteligentes-media-haba-se-la-comian-y-media-la-sembraban\/","name":"Javi Cabrera: \u201cMitjafava, no \u00e9s per ser garrepes, \u00e9s per ser intel\u00b7ligents... mitja fava se la menjaven i mitja la sembraven\u201d | R\u00e0dio Litoral","isPartOf":{"@id":"https:\/\/radiolitoral.com\/#website"},"primaryImageOfPage":{"@id":"https:\/\/radiolitoral.com\/2025\/03\/javi-cabrera-mitajafava-no-es-por-ser-tacanos-es-por-ser-inteligentes-media-haba-se-la-comian-y-media-la-sembraban\/#primaryimage"},"image":{"@id":"https:\/\/radiolitoral.com\/2025\/03\/javi-cabrera-mitajafava-no-es-por-ser-tacanos-es-por-ser-inteligentes-media-haba-se-la-comian-y-media-la-sembraban\/#primaryimage"},"thumbnailUrl":"https:\/\/media.radiolitoral.com\/wp-content\/uploads\/2025\/03\/21102657\/Javi-Cabrera-y-Jorge-Pascual-Primer-Cafe.jpg","datePublished":"2025-03-21T09:29:50+00:00","dateModified":"2025-03-21T11:58:06+00:00","description":"El Mitjafava Fest del Poble Nou de Benitatxell se celebrar\u00e0 de l&#039;1 al 6 d&#039;abril per potenciar la \u201cfava poblera\u201d","breadcrumb":{"@id":"https:\/\/radiolitoral.com\/2025\/03\/javi-cabrera-mitajafava-no-es-por-ser-tacanos-es-por-ser-inteligentes-media-haba-se-la-comian-y-media-la-sembraban\/#breadcrumb"},"inLanguage":"ca","potentialAction":[{"@type":"ReadAction","target":["https:\/\/radiolitoral.com\/2025\/03\/javi-cabrera-mitajafava-no-es-por-ser-tacanos-es-por-ser-inteligentes-media-haba-se-la-comian-y-media-la-sembraban\/"]}]},{"@type":"ImageObject","inLanguage":"ca","@id":"https:\/\/radiolitoral.com\/2025\/03\/javi-cabrera-mitajafava-no-es-por-ser-tacanos-es-por-ser-inteligentes-media-haba-se-la-comian-y-media-la-sembraban\/#primaryimage","url":"https:\/\/media.radiolitoral.com\/wp-content\/uploads\/2025\/03\/21102657\/Javi-Cabrera-y-Jorge-Pascual-Primer-Cafe.jpg","contentUrl":"https:\/\/media.radiolitoral.com\/wp-content\/uploads\/2025\/03\/21102657\/Javi-Cabrera-y-Jorge-Pascual-Primer-Cafe.jpg","width":2000,"height":1500},{"@type":"BreadcrumbList","@id":"https:\/\/radiolitoral.com\/2025\/03\/javi-cabrera-mitajafava-no-es-por-ser-tacanos-es-por-ser-inteligentes-media-haba-se-la-comian-y-media-la-sembraban\/#breadcrumb","itemListElement":[{"@type":"ListItem","position":1,"name":"Portada","item":"https:\/\/radiolitoral.com\/"},{"@type":"ListItem","position":2,"name":"Javi Cabrera: \u201cMitjafava, no es por ser taca\u00f1os, es por ser inteligentes&#8230; media haba se la com\u00edan y media la sembraban\u201d"}]},{"@type":"WebSite","@id":"https:\/\/radiolitoral.com\/#website","url":"https:\/\/radiolitoral.com\/","name":"R\u00e0dio Litoral","description":"La r\u00e0dio local de la Marina Alta","publisher":{"@id":"https:\/\/radiolitoral.com\/#organization"},"alternateName":"Litoral FM","potentialAction":[{"@type":"SearchAction","target":{"@type":"EntryPoint","urlTemplate":"https:\/\/radiolitoral.com\/?s={search_term_string}"},"query-input":{"@type":"PropertyValueSpecification","valueRequired":true,"valueName":"search_term_string"}}],"inLanguage":"ca"},{"@type":"Organization","@id":"https:\/\/radiolitoral.com\/#organization","name":"R\u00e0dio Litoral","url":"https:\/\/radiolitoral.com\/","logo":{"@type":"ImageObject","inLanguage":"ca","@id":"https:\/\/radiolitoral.com\/#\/schema\/logo\/image\/","url":"https:\/\/media.radiolitoral.com\/wp-content\/uploads\/2023\/02\/24143238\/CL-V-RadioLitoral696.png","contentUrl":"https:\/\/media.radiolitoral.com\/wp-content\/uploads\/2023\/02\/24143238\/CL-V-RadioLitoral696.png","width":696,"height":696,"caption":"Radio Litoral"},"image":{"@id":"https:\/\/radiolitoral.com\/#\/schema\/logo\/image\/"},"sameAs":["https:\/\/www.facebook.com\/Laradiolitoral\/"]},{"@type":"Person","@id":"https:\/\/radiolitoral.com\/#\/schema\/person\/f2b2343c49b5d721857cc1002bfdb151","name":"Redacci\u00f3","image":{"@type":"ImageObject","inLanguage":"ca","@id":"https:\/\/secure.gravatar.com\/avatar\/f771d896c203ad8b3382d7905cfcce5a5c9b008b84b3cd9114e9b9f4cb63f789?s=96&d=mm&r=g","url":"https:\/\/secure.gravatar.com\/avatar\/f771d896c203ad8b3382d7905cfcce5a5c9b008b84b3cd9114e9b9f4cb63f789?s=96&d=mm&r=g","contentUrl":"https:\/\/secure.gravatar.com\/avatar\/f771d896c203ad8b3382d7905cfcce5a5c9b008b84b3cd9114e9b9f4cb63f789?s=96&d=mm&r=g","caption":"Redacci\u00f3n"},"url":"https:\/\/radiolitoral.com\/ca\/author\/miriam-pagan\/"}]}},"_links":{"self":[{"href":"https:\/\/radiolitoral.com\/ca\/wp-json\/wp\/v2\/posts\/15637","targetHints":{"allow":["GET"]}}],"collection":[{"href":"https:\/\/radiolitoral.com\/ca\/wp-json\/wp\/v2\/posts"}],"about":[{"href":"https:\/\/radiolitoral.com\/ca\/wp-json\/wp\/v2\/types\/post"}],"author":[{"embeddable":true,"href":"https:\/\/radiolitoral.com\/ca\/wp-json\/wp\/v2\/users\/13"}],"replies":[{"embeddable":true,"href":"https:\/\/radiolitoral.com\/ca\/wp-json\/wp\/v2\/comments?post=15637"}],"version-history":[{"count":3,"href":"https:\/\/radiolitoral.com\/ca\/wp-json\/wp\/v2\/posts\/15637\/revisions"}],"predecessor-version":[{"id":15648,"href":"https:\/\/radiolitoral.com\/ca\/wp-json\/wp\/v2\/posts\/15637\/revisions\/15648"}],"wp:featuredmedia":[{"embeddable":true,"href":"https:\/\/radiolitoral.com\/ca\/wp-json\/wp\/v2\/media\/15639"}],"wp:attachment":[{"href":"https:\/\/radiolitoral.com\/ca\/wp-json\/wp\/v2\/media?parent=15637"}],"wp:term":[{"taxonomy":"category","embeddable":true,"href":"https:\/\/radiolitoral.com\/ca\/wp-json\/wp\/v2\/categories?post=15637"},{"taxonomy":"post_tag","embeddable":true,"href":"https:\/\/radiolitoral.com\/ca\/wp-json\/wp\/v2\/tags?post=15637"}],"curies":[{"name":"wp","href":"https:\/\/api.w.org\/{rel}","templated":true}]}}