{"id":15632,"date":"2025-03-20T17:46:29","date_gmt":"2025-03-20T16:46:29","guid":{"rendered":"https:\/\/radiolitoral.com\/?p=15632"},"modified":"2025-03-20T17:46:29","modified_gmt":"2025-03-20T16:46:29","slug":"rosana-caselles-aprenen-molt-rapid-pero-molts-venen-sense-coneixements-des-de-lestranger","status":"publish","type":"post","link":"https:\/\/radiolitoral.com\/ca\/2025\/03\/rosana-caselles-aprenden-muy-rapido-pero-muchos-vienen-sin-conocimientos-desde-el-extranjero\/","title":{"rendered":"Rosana Caselles: \u00abAprenen molt r\u00e0pid, per\u00f2 molts v\u00e9nen sense coneixements des de l?estranger\u00bb"},"content":{"rendered":"<p align=\"justify\">L&#039;Ajuntament de Teulada ha posat en marxa un<strong> programa de refor\u00e7 escolar<\/strong> <strong>en valenci\u00e0<\/strong> amb lobjectiu dafavorir la integraci\u00f3 social i acad\u00e8mica de lalumnat. Aquest programa sestructura en tres projectes dirigits a diferents sectors de la poblaci\u00f3: alumnat de prim\u00e0ria, secund\u00e0ria i persones adultes.<\/p>\n<p align=\"justify\">A m\u00e9s, es compta amb un grup dirigit a alumnes que no parlen castell\u00e0 ni valenci\u00e0, en qu\u00e8 s&#039;utilitzen din\u00e0miques espec\u00edfiques per a l&#039;adquisici\u00f3 de vocabulari b\u00e0sic i quotidi\u00e0. Tamb\u00e9 s&#039;ha volgut donar un refor\u00e7 als adults que tinguin com a objectiu presentar-se als ex\u00e0mens oficials de certificaci\u00f3, s&#039;han organitzat cursos de valenci\u00e0 als nivells C1 i C2.<\/p>\n<p align=\"justify\"><strong>Rosana Caselles<\/strong>, regidora d&#039;Educaci\u00f3 de T<strong>eulada Moraira<\/strong>, fa \u00e8mfasi que \u201caquest programa pot integrar els m\u00e9s joves a la vida di\u00e0ria del municipi.\u201d Pots escoltar l&#039;entrevista completa al seg\u00fcent podcast.<\/p>\n<audio class=\"wp-audio-shortcode\" id=\"audio-15632-1\" preload=\"none\" style=\"width: 100%;\" controls=\"controls\"><source type=\"audio\/mpeg\" src=\"https:\/\/media.radiolitoral.com\/wp-content\/uploads\/2025\/03\/20174559\/ENTREVISTA-ROSANA-CASELLES-REFUERZO-VLC-OK.mp3?_=1\" \/><a href=\"https:\/\/media.radiolitoral.com\/wp-content\/uploads\/2025\/03\/20174559\/ENTREVISTA-ROSANA-CASELLES-REFUERZO-VLC-OK.mp3\">https:\/\/media.radiolitoral.com\/wp-content\/uploads\/2025\/03\/20174559\/ENTREVISTA-ROSANA-CASELLES-REFUERZO-VLC-OK.mp3<\/a><\/audio>","protected":false},"excerpt":{"rendered":"<p>El Ayuntamiento de Teulada ha puesto en marcha un programa de refuerzo escolar en valenciano con el objetivo de favorecer la integraci\u00f3n social y acad\u00e9mica del alumnado. Este programa se estructura en tres proyectos dirigidos a distintos sectores de la poblaci\u00f3n: alumnado de primaria, secundaria y personas adultas. Adem\u00e1s, se cuenta con un grupo dirigido [&#8230;]<\/p>\n<p><a class=\"btn btn-secondary understrap-read-more-link\" href=\"https:\/\/radiolitoral.com\/ca\/2025\/03\/rosana-caselles-aprenden-muy-rapido-pero-muchos-vienen-sin-conocimientos-desde-el-extranjero\/\">Continua llegint&#8230;<span class=\"screen-reader-text\"> from Rosana Caselles: \u00abAprenden muy r\u00e1pido, pero muchos vienen sin conocimientos desde el extranjero\u00bb<\/span><\/a><\/p>\n","protected":false},"author":14,"featured_media":14562,"comment_status":"open","ping_status":"closed","sticky":false,"template":"","format":"standard","meta":{"_acf_changed":false,"inline_featured_image":false,"footnotes":""},"categories":[130],"tags":[134,3952,3415,195,471],"class_list":["post-15632","post","type-post","status-publish","format-standard","has-post-thumbnail","hentry","category-educacion","tag-educacion","tag-refuerzo-valenciano","tag-rosana-caselles","tag-teulada-moraira","tag-valenciano","cobertura-teulada-moraira"],"acf":[],"yoast_head":"<!-- This site is optimized with the Yoast SEO plugin v27.5 - https:\/\/yoast.com\/product\/yoast-seo-wordpress\/ -->\n<title>Rosana Caselles: &quot;Aprenden muy r\u00e1pido, pero muchos vienen sin conocimientos desde el extranjero&quot; | R\u00e0dio Litoral<\/title>\n<meta name=\"description\" content=\"El Ayuntamiento de Teulada impulsa un programa de refuerzo escolar para aprender valenciano\" \/>\n<meta name=\"robots\" content=\"index, follow, max-snippet:-1, max-image-preview:large, max-video-preview:-1\" \/>\n<link rel=\"canonical\" href=\"https:\/\/radiolitoral.com\/ca\/2025\/03\/rosana-caselles-aprenen-molt-rapid-pero-molts-venen-sense-coneixements-des-de-lestranger\/\" \/>\n<meta property=\"og:locale\" content=\"ca_ES\" \/>\n<meta property=\"og:type\" content=\"article\" \/>\n<meta property=\"og:title\" content=\"Rosana Caselles: &quot;Aprenden muy r\u00e1pido, pero muchos vienen sin conocimientos desde el extranjero&quot; | R\u00e0dio Litoral\" \/>\n<meta property=\"og:description\" content=\"El Ayuntamiento de Teulada impulsa un programa de refuerzo escolar para aprender valenciano\" \/>\n<meta property=\"og:url\" content=\"https:\/\/radiolitoral.com\/ca\/2025\/03\/rosana-caselles-aprenen-molt-rapid-pero-molts-venen-sense-coneixements-des-de-lestranger\/\" \/>\n<meta property=\"og:site_name\" content=\"R\u00e0dio Litoral\" \/>\n<meta property=\"article:publisher\" content=\"https:\/\/www.facebook.com\/Laradiolitoral\/\" \/>\n<meta property=\"article:published_time\" content=\"2025-03-20T16:46:29+00:00\" \/>\n<meta property=\"og:image\" content=\"https:\/\/media.radiolitoral.com\/wp-content\/uploads\/2025\/01\/24101910\/Rosana-Caselles-Primer-Cafe.jpg\" \/>\n\t<meta property=\"og:image:width\" content=\"2000\" \/>\n\t<meta property=\"og:image:height\" content=\"1500\" \/>\n\t<meta property=\"og:image:type\" content=\"image\/jpeg\" \/>\n<meta name=\"author\" content=\"Redacci\u00f3n\" \/>\n<meta name=\"twitter:card\" content=\"summary_large_image\" \/>\n<meta name=\"twitter:label1\" content=\"Escrit per\" \/>\n\t<meta name=\"twitter:data1\" content=\"Redacci\u00f3n\" \/>\n\t<meta name=\"twitter:label2\" content=\"Temps estimat de lectura\" \/>\n\t<meta name=\"twitter:data2\" content=\"1 minut\" \/>\n<script type=\"application\/ld+json\" class=\"yoast-schema-graph\">{\"@context\":\"https:\\\/\\\/schema.org\",\"@graph\":[{\"@type\":\"NewsArticle\",\"@id\":\"https:\\\/\\\/radiolitoral.com\\\/2025\\\/03\\\/rosana-caselles-aprenden-muy-rapido-pero-muchos-vienen-sin-conocimientos-desde-el-extranjero\\\/#article\",\"isPartOf\":{\"@id\":\"https:\\\/\\\/radiolitoral.com\\\/2025\\\/03\\\/rosana-caselles-aprenden-muy-rapido-pero-muchos-vienen-sin-conocimientos-desde-el-extranjero\\\/\"},\"author\":{\"name\":\"Redacci\u00f3n\",\"@id\":\"https:\\\/\\\/radiolitoral.com\\\/#\\\/schema\\\/person\\\/96b739642eb3bedb532aac3812d23307\"},\"headline\":\"Rosana Caselles: \u00abAprenden muy r\u00e1pido, pero muchos vienen sin conocimientos desde el extranjero\u00bb\",\"datePublished\":\"2025-03-20T16:46:29+00:00\",\"mainEntityOfPage\":{\"@id\":\"https:\\\/\\\/radiolitoral.com\\\/2025\\\/03\\\/rosana-caselles-aprenden-muy-rapido-pero-muchos-vienen-sin-conocimientos-desde-el-extranjero\\\/\"},\"wordCount\":184,\"commentCount\":0,\"publisher\":{\"@id\":\"https:\\\/\\\/radiolitoral.com\\\/#organization\"},\"image\":{\"@id\":\"https:\\\/\\\/radiolitoral.com\\\/2025\\\/03\\\/rosana-caselles-aprenden-muy-rapido-pero-muchos-vienen-sin-conocimientos-desde-el-extranjero\\\/#primaryimage\"},\"thumbnailUrl\":\"https:\\\/\\\/media.radiolitoral.com\\\/wp-content\\\/uploads\\\/2025\\\/01\\\/24101910\\\/Rosana-Caselles-Primer-Cafe.jpg\",\"keywords\":[\"educaci\u00f3n\",\"refuerzo valenciano\",\"Rosana Caselles\",\"Teulada-Moraira\",\"valenciano\"],\"articleSection\":[\"Educaci\u00f3n\"],\"inLanguage\":\"ca\",\"potentialAction\":[{\"@type\":\"CommentAction\",\"name\":\"Comment\",\"target\":[\"https:\\\/\\\/radiolitoral.com\\\/2025\\\/03\\\/rosana-caselles-aprenden-muy-rapido-pero-muchos-vienen-sin-conocimientos-desde-el-extranjero\\\/#respond\"]}]},{\"@type\":[\"WebPage\",\"ItemPage\"],\"@id\":\"https:\\\/\\\/radiolitoral.com\\\/2025\\\/03\\\/rosana-caselles-aprenden-muy-rapido-pero-muchos-vienen-sin-conocimientos-desde-el-extranjero\\\/\",\"url\":\"https:\\\/\\\/radiolitoral.com\\\/2025\\\/03\\\/rosana-caselles-aprenden-muy-rapido-pero-muchos-vienen-sin-conocimientos-desde-el-extranjero\\\/\",\"name\":\"Rosana Caselles: \\\"Aprenden muy r\u00e1pido, pero muchos vienen sin conocimientos desde el extranjero\\\" | R\u00e0dio Litoral\",\"isPartOf\":{\"@id\":\"https:\\\/\\\/radiolitoral.com\\\/#website\"},\"primaryImageOfPage\":{\"@id\":\"https:\\\/\\\/radiolitoral.com\\\/2025\\\/03\\\/rosana-caselles-aprenden-muy-rapido-pero-muchos-vienen-sin-conocimientos-desde-el-extranjero\\\/#primaryimage\"},\"image\":{\"@id\":\"https:\\\/\\\/radiolitoral.com\\\/2025\\\/03\\\/rosana-caselles-aprenden-muy-rapido-pero-muchos-vienen-sin-conocimientos-desde-el-extranjero\\\/#primaryimage\"},\"thumbnailUrl\":\"https:\\\/\\\/media.radiolitoral.com\\\/wp-content\\\/uploads\\\/2025\\\/01\\\/24101910\\\/Rosana-Caselles-Primer-Cafe.jpg\",\"datePublished\":\"2025-03-20T16:46:29+00:00\",\"description\":\"El Ayuntamiento de Teulada impulsa un programa de refuerzo escolar para aprender valenciano\",\"breadcrumb\":{\"@id\":\"https:\\\/\\\/radiolitoral.com\\\/2025\\\/03\\\/rosana-caselles-aprenden-muy-rapido-pero-muchos-vienen-sin-conocimientos-desde-el-extranjero\\\/#breadcrumb\"},\"inLanguage\":\"ca\",\"potentialAction\":[{\"@type\":\"ReadAction\",\"target\":[\"https:\\\/\\\/radiolitoral.com\\\/2025\\\/03\\\/rosana-caselles-aprenden-muy-rapido-pero-muchos-vienen-sin-conocimientos-desde-el-extranjero\\\/\"]}]},{\"@type\":\"ImageObject\",\"inLanguage\":\"ca\",\"@id\":\"https:\\\/\\\/radiolitoral.com\\\/2025\\\/03\\\/rosana-caselles-aprenden-muy-rapido-pero-muchos-vienen-sin-conocimientos-desde-el-extranjero\\\/#primaryimage\",\"url\":\"https:\\\/\\\/media.radiolitoral.com\\\/wp-content\\\/uploads\\\/2025\\\/01\\\/24101910\\\/Rosana-Caselles-Primer-Cafe.jpg\",\"contentUrl\":\"https:\\\/\\\/media.radiolitoral.com\\\/wp-content\\\/uploads\\\/2025\\\/01\\\/24101910\\\/Rosana-Caselles-Primer-Cafe.jpg\",\"width\":2000,\"height\":1500},{\"@type\":\"BreadcrumbList\",\"@id\":\"https:\\\/\\\/radiolitoral.com\\\/2025\\\/03\\\/rosana-caselles-aprenden-muy-rapido-pero-muchos-vienen-sin-conocimientos-desde-el-extranjero\\\/#breadcrumb\",\"itemListElement\":[{\"@type\":\"ListItem\",\"position\":1,\"name\":\"Portada\",\"item\":\"https:\\\/\\\/radiolitoral.com\\\/\"},{\"@type\":\"ListItem\",\"position\":2,\"name\":\"Rosana Caselles: \u00abAprenden muy r\u00e1pido, pero muchos vienen sin conocimientos desde el extranjero\u00bb\"}]},{\"@type\":\"WebSite\",\"@id\":\"https:\\\/\\\/radiolitoral.com\\\/#website\",\"url\":\"https:\\\/\\\/radiolitoral.com\\\/\",\"name\":\"Radio Litoral\",\"description\":\"La radio local de la Marina Alta\",\"publisher\":{\"@id\":\"https:\\\/\\\/radiolitoral.com\\\/#organization\"},\"alternateName\":\"Litoral FM\",\"potentialAction\":[{\"@type\":\"SearchAction\",\"target\":{\"@type\":\"EntryPoint\",\"urlTemplate\":\"https:\\\/\\\/radiolitoral.com\\\/?s={search_term_string}\"},\"query-input\":{\"@type\":\"PropertyValueSpecification\",\"valueRequired\":true,\"valueName\":\"search_term_string\"}}],\"inLanguage\":\"ca\"},{\"@type\":\"Organization\",\"@id\":\"https:\\\/\\\/radiolitoral.com\\\/#organization\",\"name\":\"Radio Litoral\",\"url\":\"https:\\\/\\\/radiolitoral.com\\\/\",\"logo\":{\"@type\":\"ImageObject\",\"inLanguage\":\"ca\",\"@id\":\"https:\\\/\\\/radiolitoral.com\\\/#\\\/schema\\\/logo\\\/image\\\/\",\"url\":\"https:\\\/\\\/media.radiolitoral.com\\\/wp-content\\\/uploads\\\/2023\\\/02\\\/24143238\\\/CL-V-RadioLitoral696.png\",\"contentUrl\":\"https:\\\/\\\/media.radiolitoral.com\\\/wp-content\\\/uploads\\\/2023\\\/02\\\/24143238\\\/CL-V-RadioLitoral696.png\",\"width\":696,\"height\":696,\"caption\":\"Radio Litoral\"},\"image\":{\"@id\":\"https:\\\/\\\/radiolitoral.com\\\/#\\\/schema\\\/logo\\\/image\\\/\"},\"sameAs\":[\"https:\\\/\\\/www.facebook.com\\\/Laradiolitoral\\\/\"]},{\"@type\":\"Person\",\"@id\":\"https:\\\/\\\/radiolitoral.com\\\/#\\\/schema\\\/person\\\/96b739642eb3bedb532aac3812d23307\",\"name\":\"Redacci\u00f3n\",\"image\":{\"@type\":\"ImageObject\",\"inLanguage\":\"ca\",\"@id\":\"https:\\\/\\\/secure.gravatar.com\\\/avatar\\\/30cd06129ee90411dd9c7cbdcf17464181d1a3c7b072e92070ea75a25cf0097e?s=96&d=mm&r=g\",\"url\":\"https:\\\/\\\/secure.gravatar.com\\\/avatar\\\/30cd06129ee90411dd9c7cbdcf17464181d1a3c7b072e92070ea75a25cf0097e?s=96&d=mm&r=g\",\"contentUrl\":\"https:\\\/\\\/secure.gravatar.com\\\/avatar\\\/30cd06129ee90411dd9c7cbdcf17464181d1a3c7b072e92070ea75a25cf0097e?s=96&d=mm&r=g\",\"caption\":\"Redacci\u00f3n\"},\"url\":\"https:\\\/\\\/radiolitoral.com\\\/ca\\\/author\\\/kevin-carrio\\\/\"}]}<\/script>\n<!-- \/ Yoast SEO plugin. -->","yoast_head_json":{"title":"Rosana Caselles: &quot;Aprenen molt de pressa, per\u00f2 molts v\u00e9nen sense coneixements des de l&#039;estranger&quot; | R\u00e0dio Litoral","description":"L&#039;Ajuntament de Teulada impulsa un programa de refor\u00e7 escolar per aprendre valenci\u00e0","robots":{"index":"index","follow":"follow","max-snippet":"max-snippet:-1","max-image-preview":"max-image-preview:large","max-video-preview":"max-video-preview:-1"},"canonical":"https:\/\/radiolitoral.com\/ca\/2025\/03\/rosana-caselles-aprenen-molt-rapid-pero-molts-venen-sense-coneixements-des-de-lestranger\/","og_locale":"ca_ES","og_type":"article","og_title":"Rosana Caselles: \"Aprenden muy r\u00e1pido, pero muchos vienen sin conocimientos desde el extranjero\" | R\u00e0dio Litoral","og_description":"El Ayuntamiento de Teulada impulsa un programa de refuerzo escolar para aprender valenciano","og_url":"https:\/\/radiolitoral.com\/ca\/2025\/03\/rosana-caselles-aprenen-molt-rapid-pero-molts-venen-sense-coneixements-des-de-lestranger\/","og_site_name":"R\u00e0dio Litoral","article_publisher":"https:\/\/www.facebook.com\/Laradiolitoral\/","article_published_time":"2025-03-20T16:46:29+00:00","og_image":[{"width":2000,"height":1500,"url":"https:\/\/media.radiolitoral.com\/wp-content\/uploads\/2025\/01\/24101910\/Rosana-Caselles-Primer-Cafe.jpg","type":"image\/jpeg"}],"author":"Redacci\u00f3n","twitter_card":"summary_large_image","twitter_misc":{"Escrit per":"Redacci\u00f3n","Temps estimat de lectura":"1 minut"},"schema":{"@context":"https:\/\/schema.org","@graph":[{"@type":"NewsArticle","@id":"https:\/\/radiolitoral.com\/2025\/03\/rosana-caselles-aprenden-muy-rapido-pero-muchos-vienen-sin-conocimientos-desde-el-extranjero\/#article","isPartOf":{"@id":"https:\/\/radiolitoral.com\/2025\/03\/rosana-caselles-aprenden-muy-rapido-pero-muchos-vienen-sin-conocimientos-desde-el-extranjero\/"},"author":{"name":"Redacci\u00f3n","@id":"https:\/\/radiolitoral.com\/#\/schema\/person\/96b739642eb3bedb532aac3812d23307"},"headline":"Rosana Caselles: \u00abAprenden muy r\u00e1pido, pero muchos vienen sin conocimientos desde el extranjero\u00bb","datePublished":"2025-03-20T16:46:29+00:00","mainEntityOfPage":{"@id":"https:\/\/radiolitoral.com\/2025\/03\/rosana-caselles-aprenden-muy-rapido-pero-muchos-vienen-sin-conocimientos-desde-el-extranjero\/"},"wordCount":184,"commentCount":0,"publisher":{"@id":"https:\/\/radiolitoral.com\/#organization"},"image":{"@id":"https:\/\/radiolitoral.com\/2025\/03\/rosana-caselles-aprenden-muy-rapido-pero-muchos-vienen-sin-conocimientos-desde-el-extranjero\/#primaryimage"},"thumbnailUrl":"https:\/\/media.radiolitoral.com\/wp-content\/uploads\/2025\/01\/24101910\/Rosana-Caselles-Primer-Cafe.jpg","keywords":["educaci\u00f3n","refuerzo valenciano","Rosana Caselles","Teulada-Moraira","valenciano"],"articleSection":["Educaci\u00f3n"],"inLanguage":"ca","potentialAction":[{"@type":"CommentAction","name":"Comment","target":["https:\/\/radiolitoral.com\/2025\/03\/rosana-caselles-aprenden-muy-rapido-pero-muchos-vienen-sin-conocimientos-desde-el-extranjero\/#respond"]}]},{"@type":["WebPage","ItemPage"],"@id":"https:\/\/radiolitoral.com\/2025\/03\/rosana-caselles-aprenden-muy-rapido-pero-muchos-vienen-sin-conocimientos-desde-el-extranjero\/","url":"https:\/\/radiolitoral.com\/2025\/03\/rosana-caselles-aprenden-muy-rapido-pero-muchos-vienen-sin-conocimientos-desde-el-extranjero\/","name":"Rosana Caselles: &quot;Aprenen molt de pressa, per\u00f2 molts v\u00e9nen sense coneixements des de l&#039;estranger&quot; | R\u00e0dio Litoral","isPartOf":{"@id":"https:\/\/radiolitoral.com\/#website"},"primaryImageOfPage":{"@id":"https:\/\/radiolitoral.com\/2025\/03\/rosana-caselles-aprenden-muy-rapido-pero-muchos-vienen-sin-conocimientos-desde-el-extranjero\/#primaryimage"},"image":{"@id":"https:\/\/radiolitoral.com\/2025\/03\/rosana-caselles-aprenden-muy-rapido-pero-muchos-vienen-sin-conocimientos-desde-el-extranjero\/#primaryimage"},"thumbnailUrl":"https:\/\/media.radiolitoral.com\/wp-content\/uploads\/2025\/01\/24101910\/Rosana-Caselles-Primer-Cafe.jpg","datePublished":"2025-03-20T16:46:29+00:00","description":"L&#039;Ajuntament de Teulada impulsa un programa de refor\u00e7 escolar per aprendre valenci\u00e0","breadcrumb":{"@id":"https:\/\/radiolitoral.com\/2025\/03\/rosana-caselles-aprenden-muy-rapido-pero-muchos-vienen-sin-conocimientos-desde-el-extranjero\/#breadcrumb"},"inLanguage":"ca","potentialAction":[{"@type":"ReadAction","target":["https:\/\/radiolitoral.com\/2025\/03\/rosana-caselles-aprenden-muy-rapido-pero-muchos-vienen-sin-conocimientos-desde-el-extranjero\/"]}]},{"@type":"ImageObject","inLanguage":"ca","@id":"https:\/\/radiolitoral.com\/2025\/03\/rosana-caselles-aprenden-muy-rapido-pero-muchos-vienen-sin-conocimientos-desde-el-extranjero\/#primaryimage","url":"https:\/\/media.radiolitoral.com\/wp-content\/uploads\/2025\/01\/24101910\/Rosana-Caselles-Primer-Cafe.jpg","contentUrl":"https:\/\/media.radiolitoral.com\/wp-content\/uploads\/2025\/01\/24101910\/Rosana-Caselles-Primer-Cafe.jpg","width":2000,"height":1500},{"@type":"BreadcrumbList","@id":"https:\/\/radiolitoral.com\/2025\/03\/rosana-caselles-aprenden-muy-rapido-pero-muchos-vienen-sin-conocimientos-desde-el-extranjero\/#breadcrumb","itemListElement":[{"@type":"ListItem","position":1,"name":"Portada","item":"https:\/\/radiolitoral.com\/"},{"@type":"ListItem","position":2,"name":"Rosana Caselles: \u00abAprenden muy r\u00e1pido, pero muchos vienen sin conocimientos desde el extranjero\u00bb"}]},{"@type":"WebSite","@id":"https:\/\/radiolitoral.com\/#website","url":"https:\/\/radiolitoral.com\/","name":"R\u00e0dio Litoral","description":"La r\u00e0dio local de la Marina Alta","publisher":{"@id":"https:\/\/radiolitoral.com\/#organization"},"alternateName":"Litoral FM","potentialAction":[{"@type":"SearchAction","target":{"@type":"EntryPoint","urlTemplate":"https:\/\/radiolitoral.com\/?s={search_term_string}"},"query-input":{"@type":"PropertyValueSpecification","valueRequired":true,"valueName":"search_term_string"}}],"inLanguage":"ca"},{"@type":"Organization","@id":"https:\/\/radiolitoral.com\/#organization","name":"R\u00e0dio Litoral","url":"https:\/\/radiolitoral.com\/","logo":{"@type":"ImageObject","inLanguage":"ca","@id":"https:\/\/radiolitoral.com\/#\/schema\/logo\/image\/","url":"https:\/\/media.radiolitoral.com\/wp-content\/uploads\/2023\/02\/24143238\/CL-V-RadioLitoral696.png","contentUrl":"https:\/\/media.radiolitoral.com\/wp-content\/uploads\/2023\/02\/24143238\/CL-V-RadioLitoral696.png","width":696,"height":696,"caption":"Radio Litoral"},"image":{"@id":"https:\/\/radiolitoral.com\/#\/schema\/logo\/image\/"},"sameAs":["https:\/\/www.facebook.com\/Laradiolitoral\/"]},{"@type":"Person","@id":"https:\/\/radiolitoral.com\/#\/schema\/person\/96b739642eb3bedb532aac3812d23307","name":"Redacci\u00f3","image":{"@type":"ImageObject","inLanguage":"ca","@id":"https:\/\/secure.gravatar.com\/avatar\/30cd06129ee90411dd9c7cbdcf17464181d1a3c7b072e92070ea75a25cf0097e?s=96&d=mm&r=g","url":"https:\/\/secure.gravatar.com\/avatar\/30cd06129ee90411dd9c7cbdcf17464181d1a3c7b072e92070ea75a25cf0097e?s=96&d=mm&r=g","contentUrl":"https:\/\/secure.gravatar.com\/avatar\/30cd06129ee90411dd9c7cbdcf17464181d1a3c7b072e92070ea75a25cf0097e?s=96&d=mm&r=g","caption":"Redacci\u00f3n"},"url":"https:\/\/radiolitoral.com\/ca\/author\/kevin-carrio\/"}]}},"_links":{"self":[{"href":"https:\/\/radiolitoral.com\/ca\/wp-json\/wp\/v2\/posts\/15632","targetHints":{"allow":["GET"]}}],"collection":[{"href":"https:\/\/radiolitoral.com\/ca\/wp-json\/wp\/v2\/posts"}],"about":[{"href":"https:\/\/radiolitoral.com\/ca\/wp-json\/wp\/v2\/types\/post"}],"author":[{"embeddable":true,"href":"https:\/\/radiolitoral.com\/ca\/wp-json\/wp\/v2\/users\/14"}],"replies":[{"embeddable":true,"href":"https:\/\/radiolitoral.com\/ca\/wp-json\/wp\/v2\/comments?post=15632"}],"version-history":[{"count":1,"href":"https:\/\/radiolitoral.com\/ca\/wp-json\/wp\/v2\/posts\/15632\/revisions"}],"predecessor-version":[{"id":15634,"href":"https:\/\/radiolitoral.com\/ca\/wp-json\/wp\/v2\/posts\/15632\/revisions\/15634"}],"wp:featuredmedia":[{"embeddable":true,"href":"https:\/\/radiolitoral.com\/ca\/wp-json\/wp\/v2\/media\/14562"}],"wp:attachment":[{"href":"https:\/\/radiolitoral.com\/ca\/wp-json\/wp\/v2\/media?parent=15632"}],"wp:term":[{"taxonomy":"category","embeddable":true,"href":"https:\/\/radiolitoral.com\/ca\/wp-json\/wp\/v2\/categories?post=15632"},{"taxonomy":"post_tag","embeddable":true,"href":"https:\/\/radiolitoral.com\/ca\/wp-json\/wp\/v2\/tags?post=15632"}],"curies":[{"name":"wp","href":"https:\/\/api.w.org\/{rel}","templated":true}]}}