{"id":15617,"date":"2025-03-20T10:30:40","date_gmt":"2025-03-20T09:30:40","guid":{"rendered":"https:\/\/radiolitoral.com\/?p=15617"},"modified":"2025-03-20T10:30:40","modified_gmt":"2025-03-20T09:30:40","slug":"novetats-a-la-viii-volta-a-peu-de-benitatxell","status":"publish","type":"post","link":"https:\/\/radiolitoral.com\/ca\/2025\/03\/novedades-en-la-viii-volta-a-peu-de-benitatxell\/","title":{"rendered":"Novetats a la VIII Volta a Peu de Benitatxell"},"content":{"rendered":"<p>Diumenge que ve, El Poble Nou de Benitatxell tornar\u00e0 a convertir-se en l&#039;epicentre de l&#039;atletisme popular amb la celebraci\u00f3 de la <strong>VIII Volta a Peu de Benitatxell<\/strong>, una de les carreres m\u00e9s exigents i emblem\u00e0tiques del <strong>Circuit a Peu Marina Alta<\/strong>.<\/p>\n<p>Aquest any, l&#039;organitzaci\u00f3 ha introdu\u00eft novetats importants, com ara el canvi d&#039;horari de la prova, que es disputar\u00e0 el diumenge al mat\u00ed en lloc de l&#039;habitual dissabte a la tarda. La cursa principal comen\u00e7ar\u00e0 a les 10.00 hores a l&#039;Avinguda de Val\u00e8ncia, mentre que les proves infantils arrencaran a partir de les 12.00 hores.<\/p>\n<p>La prova, coneguda popularment com <strong>El Tourmalet de la Marina<\/strong> pels seus exigents desnivells, comptar\u00e0 amb un recorregut de 8,1 quil\u00f2metres i un desnivell positiu de 149 metres. Tot i aix\u00f2, aquest any s&#039;ha optat per tornar a l&#039;antic tra\u00e7at, eliminant la dura pujada del Cam\u00ed Abiar i tornant per la carretera de Teulada, cosa que far\u00e0 que la cursa sigui lleugerament m\u00e9s suportable, encara que mantenint la seva ess\u00e8ncia trencacames.<\/p>\n<p>El recorregut passar\u00e0 per alguns dels racons m\u00e9s pintorescos del municipi, com els pous de l&#039;Abiar, riuraus, camps de vinyes i els estrets i encantadors carrers del nucli urb\u00e0.<\/p>\n<p>\u00abEncara que hem fet la cursa una mica menys dura, continua sent un repte per als corredors. Altres pobles dissenyen circuits plans per batre r\u00e8cords, per\u00f2 la nostra prova \u00e9s diferent i t\u00e9 un gran atractiu\u00bb, va explicar <strong>Juan Zaragoz\u00ed<\/strong>, president del <strong>Club Multiesport Benitatxell<\/strong>, organitzador de l\u00b4esdeveniment juntament amb l\u00b4Ajuntament.<\/p>\n<h2><strong>Ambient festiu i una gran participaci\u00f3<\/strong><\/h2>\n<p>S?espera que m\u00e9s d?un miler d?atletes i les seves fam\u00edlies omplin els carrers del municipi en aquest gran esdeveniment esportiu i social. Per animar els corredors, hi haur\u00e0 acompanyament musical als punts m\u00e9s durs del recorregut amb la <strong>batucada Ondarattak, Colla La Llebetj\u00e0 i Bandeta Infantil de l&#039;Escola de M\u00fasica de Benitatxell<\/strong>.<\/p>\n<p>A m\u00e9s, una de les novetats d&#039;aquesta edici\u00f3 \u00e9s que els Festers 2025 muntaran una barra amb servei de dinar a la zona de meta perqu\u00e8 participants i acompanyants puguin reposar forces despr\u00e9s de la cursa. Tamb\u00e9 hi haur\u00e0 servei de dutxes al camp de futbol municipal La Font i guarda-roba i guarda bicis a 140 metres de la meta.<\/p>\n<p>Les inscripcions per a la prova segueixen obertes fins al <strong>divendres 21 de mar\u00e7 a les 12:00 hores<\/strong> i es poden fer a trav\u00e9s de l&#039;enlla\u00e7: <strong><a href=\"https:\/\/www.somesport.com\/volta-a-peu-poble-nou-benitatxell\/\">www.somesport.com<\/a><\/strong>.<\/p>\n<p>&nbsp;<\/p>\n<p><script src=\"chrome-extension:\/\/flbolonkboilcbnohjlchlfgdalomdpl\/iFrame.js\" type=\"text\/javascript\"><\/script><\/p>","protected":false},"excerpt":{"rendered":"<p>El pr\u00f3ximo domingo, El Poble Nou de Benitatxell volver\u00e1 a convertirse en el epicentro del atletismo popular con la celebraci\u00f3n de la VIII Volta a Peu de Benitatxell, una de las carreras m\u00e1s exigentes y emblem\u00e1ticas del Circuit a Peu Marina Alta. Este a\u00f1o, la organizaci\u00f3n ha introducido novedades importantes, como el cambio de horario [&#8230;]<\/p>\n<p><a class=\"btn btn-secondary understrap-read-more-link\" href=\"https:\/\/radiolitoral.com\/ca\/2025\/03\/novedades-en-la-viii-volta-a-peu-de-benitatxell\/\">Continua llegint&#8230;<span class=\"screen-reader-text\"> from Novedades en la VIII Volta a Peu de Benitatxell<\/span><\/a><\/p>\n","protected":false},"author":12,"featured_media":15620,"comment_status":"open","ping_status":"closed","sticky":false,"template":"","format":"standard","meta":{"_acf_changed":false,"inline_featured_image":false,"footnotes":""},"categories":[5],"tags":[922,1002,6,3946,3945],"class_list":["post-15617","post","type-post","status-publish","format-standard","has-post-thumbnail","hentry","category-deportes","tag-circuit-a-peu-marina-alta","tag-club-multiesport-benitatxell","tag-deportes","tag-uan-zaragozi","tag-viii-volta-a-peu-de-benitatxell","cobertura-poble-nou-de-benitatxell"],"acf":[],"yoast_head":"<!-- This site is optimized with the Yoast SEO plugin v27.5 - https:\/\/yoast.com\/product\/yoast-seo-wordpress\/ -->\n<title>Novedades en la VIII Volta a Peu de Benitatxell | R\u00e0dio Litoral<\/title>\n<meta name=\"description\" content=\"La organizaci\u00f3n del CA Multiesport Benitatxell ha eliminado la subida final para hacer m\u00e1s llevadera la carreraLa organizaci\u00f3n del CA Multiesport Benitatxell ha eliminado la subida final para hacer m\u00e1s llevadera la carrera\" \/>\n<meta name=\"robots\" content=\"index, follow, max-snippet:-1, max-image-preview:large, max-video-preview:-1\" \/>\n<link rel=\"canonical\" href=\"https:\/\/radiolitoral.com\/ca\/2025\/03\/novetats-a-la-viii-volta-a-peu-de-benitatxell\/\" \/>\n<meta property=\"og:locale\" content=\"ca_ES\" \/>\n<meta property=\"og:type\" content=\"article\" \/>\n<meta property=\"og:title\" content=\"Novedades en la VIII Volta a Peu de Benitatxell | R\u00e0dio Litoral\" \/>\n<meta property=\"og:description\" content=\"La organizaci\u00f3n del CA Multiesport Benitatxell ha eliminado la subida final para hacer m\u00e1s llevadera la carreraLa organizaci\u00f3n del CA Multiesport Benitatxell ha eliminado la subida final para hacer m\u00e1s llevadera la carrera\" \/>\n<meta property=\"og:url\" content=\"https:\/\/radiolitoral.com\/ca\/2025\/03\/novetats-a-la-viii-volta-a-peu-de-benitatxell\/\" \/>\n<meta property=\"og:site_name\" content=\"R\u00e0dio Litoral\" \/>\n<meta property=\"article:publisher\" content=\"https:\/\/www.facebook.com\/Laradiolitoral\/\" \/>\n<meta property=\"article:published_time\" content=\"2025-03-20T09:30:40+00:00\" \/>\n<meta property=\"og:image\" content=\"https:\/\/media.radiolitoral.com\/wp-content\/uploads\/2025\/03\/20102928\/Carrera.jpg\" \/>\n\t<meta property=\"og:image:width\" content=\"1024\" \/>\n\t<meta property=\"og:image:height\" content=\"684\" \/>\n\t<meta property=\"og:image:type\" content=\"image\/jpeg\" \/>\n<meta name=\"author\" content=\"Javier Zamora\" \/>\n<meta name=\"twitter:card\" content=\"summary_large_image\" \/>\n<meta name=\"twitter:label1\" content=\"Escrit per\" \/>\n\t<meta name=\"twitter:data1\" content=\"Javier Zamora\" \/>\n\t<meta name=\"twitter:label2\" content=\"Temps estimat de lectura\" \/>\n\t<meta name=\"twitter:data2\" content=\"3 minuts\" \/>\n<script type=\"application\/ld+json\" class=\"yoast-schema-graph\">{\"@context\":\"https:\\\/\\\/schema.org\",\"@graph\":[{\"@type\":\"NewsArticle\",\"@id\":\"https:\\\/\\\/radiolitoral.com\\\/2025\\\/03\\\/novedades-en-la-viii-volta-a-peu-de-benitatxell\\\/#article\",\"isPartOf\":{\"@id\":\"https:\\\/\\\/radiolitoral.com\\\/2025\\\/03\\\/novedades-en-la-viii-volta-a-peu-de-benitatxell\\\/\"},\"author\":{\"name\":\"Javier Zamora\",\"@id\":\"https:\\\/\\\/radiolitoral.com\\\/#\\\/schema\\\/person\\\/7b1480b5caeb5acdd4ec6379caf62b22\"},\"headline\":\"Novedades en la VIII Volta a Peu de Benitatxell\",\"datePublished\":\"2025-03-20T09:30:40+00:00\",\"mainEntityOfPage\":{\"@id\":\"https:\\\/\\\/radiolitoral.com\\\/2025\\\/03\\\/novedades-en-la-viii-volta-a-peu-de-benitatxell\\\/\"},\"wordCount\":432,\"commentCount\":0,\"publisher\":{\"@id\":\"https:\\\/\\\/radiolitoral.com\\\/#organization\"},\"image\":{\"@id\":\"https:\\\/\\\/radiolitoral.com\\\/2025\\\/03\\\/novedades-en-la-viii-volta-a-peu-de-benitatxell\\\/#primaryimage\"},\"thumbnailUrl\":\"https:\\\/\\\/media.radiolitoral.com\\\/wp-content\\\/uploads\\\/2025\\\/03\\\/20102928\\\/Carrera.jpg\",\"keywords\":[\"Circuit a Peu Marina Alta\",\"Club Multiesport Benitatxell\",\"deportes\",\"uan Zaragoz\u00ed\",\"VIII Volta a Peu de Benitatxell\"],\"articleSection\":[\"Deportes\"],\"inLanguage\":\"ca\",\"potentialAction\":[{\"@type\":\"CommentAction\",\"name\":\"Comment\",\"target\":[\"https:\\\/\\\/radiolitoral.com\\\/2025\\\/03\\\/novedades-en-la-viii-volta-a-peu-de-benitatxell\\\/#respond\"]}]},{\"@type\":[\"WebPage\",\"ItemPage\"],\"@id\":\"https:\\\/\\\/radiolitoral.com\\\/2025\\\/03\\\/novedades-en-la-viii-volta-a-peu-de-benitatxell\\\/\",\"url\":\"https:\\\/\\\/radiolitoral.com\\\/2025\\\/03\\\/novedades-en-la-viii-volta-a-peu-de-benitatxell\\\/\",\"name\":\"Novedades en la VIII Volta a Peu de Benitatxell | R\u00e0dio Litoral\",\"isPartOf\":{\"@id\":\"https:\\\/\\\/radiolitoral.com\\\/#website\"},\"primaryImageOfPage\":{\"@id\":\"https:\\\/\\\/radiolitoral.com\\\/2025\\\/03\\\/novedades-en-la-viii-volta-a-peu-de-benitatxell\\\/#primaryimage\"},\"image\":{\"@id\":\"https:\\\/\\\/radiolitoral.com\\\/2025\\\/03\\\/novedades-en-la-viii-volta-a-peu-de-benitatxell\\\/#primaryimage\"},\"thumbnailUrl\":\"https:\\\/\\\/media.radiolitoral.com\\\/wp-content\\\/uploads\\\/2025\\\/03\\\/20102928\\\/Carrera.jpg\",\"datePublished\":\"2025-03-20T09:30:40+00:00\",\"description\":\"La organizaci\u00f3n del CA Multiesport Benitatxell ha eliminado la subida final para hacer m\u00e1s llevadera la carreraLa organizaci\u00f3n del CA Multiesport Benitatxell ha eliminado la subida final para hacer m\u00e1s llevadera la carrera\",\"breadcrumb\":{\"@id\":\"https:\\\/\\\/radiolitoral.com\\\/2025\\\/03\\\/novedades-en-la-viii-volta-a-peu-de-benitatxell\\\/#breadcrumb\"},\"inLanguage\":\"ca\",\"potentialAction\":[{\"@type\":\"ReadAction\",\"target\":[\"https:\\\/\\\/radiolitoral.com\\\/2025\\\/03\\\/novedades-en-la-viii-volta-a-peu-de-benitatxell\\\/\"]}]},{\"@type\":\"ImageObject\",\"inLanguage\":\"ca\",\"@id\":\"https:\\\/\\\/radiolitoral.com\\\/2025\\\/03\\\/novedades-en-la-viii-volta-a-peu-de-benitatxell\\\/#primaryimage\",\"url\":\"https:\\\/\\\/media.radiolitoral.com\\\/wp-content\\\/uploads\\\/2025\\\/03\\\/20102928\\\/Carrera.jpg\",\"contentUrl\":\"https:\\\/\\\/media.radiolitoral.com\\\/wp-content\\\/uploads\\\/2025\\\/03\\\/20102928\\\/Carrera.jpg\",\"width\":1024,\"height\":684},{\"@type\":\"BreadcrumbList\",\"@id\":\"https:\\\/\\\/radiolitoral.com\\\/2025\\\/03\\\/novedades-en-la-viii-volta-a-peu-de-benitatxell\\\/#breadcrumb\",\"itemListElement\":[{\"@type\":\"ListItem\",\"position\":1,\"name\":\"Portada\",\"item\":\"https:\\\/\\\/radiolitoral.com\\\/\"},{\"@type\":\"ListItem\",\"position\":2,\"name\":\"Novedades en la VIII Volta a Peu de Benitatxell\"}]},{\"@type\":\"WebSite\",\"@id\":\"https:\\\/\\\/radiolitoral.com\\\/#website\",\"url\":\"https:\\\/\\\/radiolitoral.com\\\/\",\"name\":\"Radio Litoral\",\"description\":\"La radio local de la Marina Alta\",\"publisher\":{\"@id\":\"https:\\\/\\\/radiolitoral.com\\\/#organization\"},\"alternateName\":\"Litoral FM\",\"potentialAction\":[{\"@type\":\"SearchAction\",\"target\":{\"@type\":\"EntryPoint\",\"urlTemplate\":\"https:\\\/\\\/radiolitoral.com\\\/?s={search_term_string}\"},\"query-input\":{\"@type\":\"PropertyValueSpecification\",\"valueRequired\":true,\"valueName\":\"search_term_string\"}}],\"inLanguage\":\"ca\"},{\"@type\":\"Organization\",\"@id\":\"https:\\\/\\\/radiolitoral.com\\\/#organization\",\"name\":\"Radio Litoral\",\"url\":\"https:\\\/\\\/radiolitoral.com\\\/\",\"logo\":{\"@type\":\"ImageObject\",\"inLanguage\":\"ca\",\"@id\":\"https:\\\/\\\/radiolitoral.com\\\/#\\\/schema\\\/logo\\\/image\\\/\",\"url\":\"https:\\\/\\\/media.radiolitoral.com\\\/wp-content\\\/uploads\\\/2023\\\/02\\\/24143238\\\/CL-V-RadioLitoral696.png\",\"contentUrl\":\"https:\\\/\\\/media.radiolitoral.com\\\/wp-content\\\/uploads\\\/2023\\\/02\\\/24143238\\\/CL-V-RadioLitoral696.png\",\"width\":696,\"height\":696,\"caption\":\"Radio Litoral\"},\"image\":{\"@id\":\"https:\\\/\\\/radiolitoral.com\\\/#\\\/schema\\\/logo\\\/image\\\/\"},\"sameAs\":[\"https:\\\/\\\/www.facebook.com\\\/Laradiolitoral\\\/\"]},{\"@type\":\"Person\",\"@id\":\"https:\\\/\\\/radiolitoral.com\\\/#\\\/schema\\\/person\\\/7b1480b5caeb5acdd4ec6379caf62b22\",\"name\":\"Javier Zamora\",\"image\":{\"@type\":\"ImageObject\",\"inLanguage\":\"ca\",\"@id\":\"https:\\\/\\\/secure.gravatar.com\\\/avatar\\\/467a11f6918c7d619c4043fc6fa2d3853053107973f05b6e9c04ea6c4e3a7b3f?s=96&d=mm&r=g\",\"url\":\"https:\\\/\\\/secure.gravatar.com\\\/avatar\\\/467a11f6918c7d619c4043fc6fa2d3853053107973f05b6e9c04ea6c4e3a7b3f?s=96&d=mm&r=g\",\"contentUrl\":\"https:\\\/\\\/secure.gravatar.com\\\/avatar\\\/467a11f6918c7d619c4043fc6fa2d3853053107973f05b6e9c04ea6c4e3a7b3f?s=96&d=mm&r=g\",\"caption\":\"Javier Zamora\"},\"url\":\"https:\\\/\\\/radiolitoral.com\\\/ca\\\/author\\\/javier-zamora\\\/\"}]}<\/script>\n<!-- \/ Yoast SEO plugin. -->","yoast_head_json":{"title":"Novetats a la VIII Volta a Peu de Benitatxell | R\u00e0dio Litoral","description":"L&#039;organitzaci\u00f3 del CA Multiesport Benitatxell ha eliminat la pujada final per fer m\u00e9s suportable la cursa L&#039;organitzaci\u00f3 del CA Multiesport Benitatxell ha eliminat la pujada final per fer m\u00e9s suportable la cursa","robots":{"index":"index","follow":"follow","max-snippet":"max-snippet:-1","max-image-preview":"max-image-preview:large","max-video-preview":"max-video-preview:-1"},"canonical":"https:\/\/radiolitoral.com\/ca\/2025\/03\/novetats-a-la-viii-volta-a-peu-de-benitatxell\/","og_locale":"ca_ES","og_type":"article","og_title":"Novedades en la VIII Volta a Peu de Benitatxell | R\u00e0dio Litoral","og_description":"La organizaci\u00f3n del CA Multiesport Benitatxell ha eliminado la subida final para hacer m\u00e1s llevadera la carreraLa organizaci\u00f3n del CA Multiesport Benitatxell ha eliminado la subida final para hacer m\u00e1s llevadera la carrera","og_url":"https:\/\/radiolitoral.com\/ca\/2025\/03\/novetats-a-la-viii-volta-a-peu-de-benitatxell\/","og_site_name":"R\u00e0dio Litoral","article_publisher":"https:\/\/www.facebook.com\/Laradiolitoral\/","article_published_time":"2025-03-20T09:30:40+00:00","og_image":[{"width":1024,"height":684,"url":"https:\/\/media.radiolitoral.com\/wp-content\/uploads\/2025\/03\/20102928\/Carrera.jpg","type":"image\/jpeg"}],"author":"Javier Zamora","twitter_card":"summary_large_image","twitter_misc":{"Escrit per":"Javier Zamora","Temps estimat de lectura":"3 minuts"},"schema":{"@context":"https:\/\/schema.org","@graph":[{"@type":"NewsArticle","@id":"https:\/\/radiolitoral.com\/2025\/03\/novedades-en-la-viii-volta-a-peu-de-benitatxell\/#article","isPartOf":{"@id":"https:\/\/radiolitoral.com\/2025\/03\/novedades-en-la-viii-volta-a-peu-de-benitatxell\/"},"author":{"name":"Javier Zamora","@id":"https:\/\/radiolitoral.com\/#\/schema\/person\/7b1480b5caeb5acdd4ec6379caf62b22"},"headline":"Novedades en la VIII Volta a Peu de Benitatxell","datePublished":"2025-03-20T09:30:40+00:00","mainEntityOfPage":{"@id":"https:\/\/radiolitoral.com\/2025\/03\/novedades-en-la-viii-volta-a-peu-de-benitatxell\/"},"wordCount":432,"commentCount":0,"publisher":{"@id":"https:\/\/radiolitoral.com\/#organization"},"image":{"@id":"https:\/\/radiolitoral.com\/2025\/03\/novedades-en-la-viii-volta-a-peu-de-benitatxell\/#primaryimage"},"thumbnailUrl":"https:\/\/media.radiolitoral.com\/wp-content\/uploads\/2025\/03\/20102928\/Carrera.jpg","keywords":["Circuit a Peu Marina Alta","Club Multiesport Benitatxell","deportes","uan Zaragoz\u00ed","VIII Volta a Peu de Benitatxell"],"articleSection":["Deportes"],"inLanguage":"ca","potentialAction":[{"@type":"CommentAction","name":"Comment","target":["https:\/\/radiolitoral.com\/2025\/03\/novedades-en-la-viii-volta-a-peu-de-benitatxell\/#respond"]}]},{"@type":["WebPage","ItemPage"],"@id":"https:\/\/radiolitoral.com\/2025\/03\/novedades-en-la-viii-volta-a-peu-de-benitatxell\/","url":"https:\/\/radiolitoral.com\/2025\/03\/novedades-en-la-viii-volta-a-peu-de-benitatxell\/","name":"Novetats a la VIII Volta a Peu de Benitatxell | R\u00e0dio Litoral","isPartOf":{"@id":"https:\/\/radiolitoral.com\/#website"},"primaryImageOfPage":{"@id":"https:\/\/radiolitoral.com\/2025\/03\/novedades-en-la-viii-volta-a-peu-de-benitatxell\/#primaryimage"},"image":{"@id":"https:\/\/radiolitoral.com\/2025\/03\/novedades-en-la-viii-volta-a-peu-de-benitatxell\/#primaryimage"},"thumbnailUrl":"https:\/\/media.radiolitoral.com\/wp-content\/uploads\/2025\/03\/20102928\/Carrera.jpg","datePublished":"2025-03-20T09:30:40+00:00","description":"L&#039;organitzaci\u00f3 del CA Multiesport Benitatxell ha eliminat la pujada final per fer m\u00e9s suportable la cursa L&#039;organitzaci\u00f3 del CA Multiesport Benitatxell ha eliminat la pujada final per fer m\u00e9s suportable la cursa","breadcrumb":{"@id":"https:\/\/radiolitoral.com\/2025\/03\/novedades-en-la-viii-volta-a-peu-de-benitatxell\/#breadcrumb"},"inLanguage":"ca","potentialAction":[{"@type":"ReadAction","target":["https:\/\/radiolitoral.com\/2025\/03\/novedades-en-la-viii-volta-a-peu-de-benitatxell\/"]}]},{"@type":"ImageObject","inLanguage":"ca","@id":"https:\/\/radiolitoral.com\/2025\/03\/novedades-en-la-viii-volta-a-peu-de-benitatxell\/#primaryimage","url":"https:\/\/media.radiolitoral.com\/wp-content\/uploads\/2025\/03\/20102928\/Carrera.jpg","contentUrl":"https:\/\/media.radiolitoral.com\/wp-content\/uploads\/2025\/03\/20102928\/Carrera.jpg","width":1024,"height":684},{"@type":"BreadcrumbList","@id":"https:\/\/radiolitoral.com\/2025\/03\/novedades-en-la-viii-volta-a-peu-de-benitatxell\/#breadcrumb","itemListElement":[{"@type":"ListItem","position":1,"name":"Portada","item":"https:\/\/radiolitoral.com\/"},{"@type":"ListItem","position":2,"name":"Novedades en la VIII Volta a Peu de Benitatxell"}]},{"@type":"WebSite","@id":"https:\/\/radiolitoral.com\/#website","url":"https:\/\/radiolitoral.com\/","name":"R\u00e0dio Litoral","description":"La r\u00e0dio local de la Marina Alta","publisher":{"@id":"https:\/\/radiolitoral.com\/#organization"},"alternateName":"Litoral FM","potentialAction":[{"@type":"SearchAction","target":{"@type":"EntryPoint","urlTemplate":"https:\/\/radiolitoral.com\/?s={search_term_string}"},"query-input":{"@type":"PropertyValueSpecification","valueRequired":true,"valueName":"search_term_string"}}],"inLanguage":"ca"},{"@type":"Organization","@id":"https:\/\/radiolitoral.com\/#organization","name":"R\u00e0dio Litoral","url":"https:\/\/radiolitoral.com\/","logo":{"@type":"ImageObject","inLanguage":"ca","@id":"https:\/\/radiolitoral.com\/#\/schema\/logo\/image\/","url":"https:\/\/media.radiolitoral.com\/wp-content\/uploads\/2023\/02\/24143238\/CL-V-RadioLitoral696.png","contentUrl":"https:\/\/media.radiolitoral.com\/wp-content\/uploads\/2023\/02\/24143238\/CL-V-RadioLitoral696.png","width":696,"height":696,"caption":"Radio Litoral"},"image":{"@id":"https:\/\/radiolitoral.com\/#\/schema\/logo\/image\/"},"sameAs":["https:\/\/www.facebook.com\/Laradiolitoral\/"]},{"@type":"Person","@id":"https:\/\/radiolitoral.com\/#\/schema\/person\/7b1480b5caeb5acdd4ec6379caf62b22","name":"Javier Zamora","image":{"@type":"ImageObject","inLanguage":"ca","@id":"https:\/\/secure.gravatar.com\/avatar\/467a11f6918c7d619c4043fc6fa2d3853053107973f05b6e9c04ea6c4e3a7b3f?s=96&d=mm&r=g","url":"https:\/\/secure.gravatar.com\/avatar\/467a11f6918c7d619c4043fc6fa2d3853053107973f05b6e9c04ea6c4e3a7b3f?s=96&d=mm&r=g","contentUrl":"https:\/\/secure.gravatar.com\/avatar\/467a11f6918c7d619c4043fc6fa2d3853053107973f05b6e9c04ea6c4e3a7b3f?s=96&d=mm&r=g","caption":"Javier Zamora"},"url":"https:\/\/radiolitoral.com\/ca\/author\/javier-zamora\/"}]}},"_links":{"self":[{"href":"https:\/\/radiolitoral.com\/ca\/wp-json\/wp\/v2\/posts\/15617","targetHints":{"allow":["GET"]}}],"collection":[{"href":"https:\/\/radiolitoral.com\/ca\/wp-json\/wp\/v2\/posts"}],"about":[{"href":"https:\/\/radiolitoral.com\/ca\/wp-json\/wp\/v2\/types\/post"}],"author":[{"embeddable":true,"href":"https:\/\/radiolitoral.com\/ca\/wp-json\/wp\/v2\/users\/12"}],"replies":[{"embeddable":true,"href":"https:\/\/radiolitoral.com\/ca\/wp-json\/wp\/v2\/comments?post=15617"}],"version-history":[{"count":2,"href":"https:\/\/radiolitoral.com\/ca\/wp-json\/wp\/v2\/posts\/15617\/revisions"}],"predecessor-version":[{"id":15622,"href":"https:\/\/radiolitoral.com\/ca\/wp-json\/wp\/v2\/posts\/15617\/revisions\/15622"}],"wp:featuredmedia":[{"embeddable":true,"href":"https:\/\/radiolitoral.com\/ca\/wp-json\/wp\/v2\/media\/15620"}],"wp:attachment":[{"href":"https:\/\/radiolitoral.com\/ca\/wp-json\/wp\/v2\/media?parent=15617"}],"wp:term":[{"taxonomy":"category","embeddable":true,"href":"https:\/\/radiolitoral.com\/ca\/wp-json\/wp\/v2\/categories?post=15617"},{"taxonomy":"post_tag","embeddable":true,"href":"https:\/\/radiolitoral.com\/ca\/wp-json\/wp\/v2\/tags?post=15617"}],"curies":[{"name":"wp","href":"https:\/\/api.w.org\/{rel}","templated":true}]}}