{"id":15603,"date":"2025-03-18T10:09:30","date_gmt":"2025-03-18T09:09:30","guid":{"rendered":"https:\/\/radiolitoral.com\/?p=15603"},"modified":"2025-03-18T10:09:30","modified_gmt":"2025-03-18T09:09:30","slug":"victoria-i-liderat-per-al-cb-ifach-calp","status":"publish","type":"post","link":"https:\/\/radiolitoral.com\/ca\/2025\/03\/victoria-y-liderato-para-el-cb-ifach-calpe\/","title":{"rendered":"Vict\u00f2ria i lideratge per al CB Ifach Calpe"},"content":{"rendered":"<p>El <strong>CB Ifach Calp<\/strong> va aconseguir una important vict\u00f2ria en v\u00e8ncer al seu pavell\u00f3 al <strong>CB La Vila<\/strong> per <strong>91 a 72<\/strong>. Una difer\u00e8ncia que va permetre als locals guanyar el b\u00e0squet average amb el rival.<\/p>\n<p>A l&#039;arrencada del xoc els calpins es van trobar amb un oponent que es va mostrar molt inspirat en atac. La defensa local no va poder frenar el joc ofensiu que va acabar el quart amb 28 punts al marcador despr\u00e9s d&#039;anotar 7 de 9 en triples.<\/p>\n<p>Al segon parcial, el CB Ifach Calpe va ajustar m\u00e9s la seva defensa sobre els jugadors exteriors i va comen\u00e7ar a controlar el rebot sota els dos c\u00e8rcols. Els locals van millorar la faceta atacant passant a dominar el marcador.<\/p>\n<p>Al tercer quart, els calpins van aconseguir manejar-se amb avantatges que van oscil\u00b7lar entre els 10 i 12 punts mostrant la seva clara superioritat davant un rival que va buscar la manera de seguir dins del partit.<\/p>\n<h4>M\u00e0xima renda<\/h4>\n<p>A l&#039;\u00faltim per\u00edode la superioritat local es va posar de manifest amb un atac que va fregar la perfecci\u00f3. Bons moviments de la pilota buscant sempre la millor opci\u00f3 per al llan\u00e7ament. Aix\u00f2 va propiciar que el percentatge d&#039;encert s&#039;enlair\u00e9s molt, aconseguint una m\u00e0xima renda de 19 punts.<\/p>\n<p>La vict\u00f2ria permet al CB Ifach Calpe encap\u00e7alar la classificaci\u00f3 del grup B de <strong>Primera Nacional<\/strong>. El t\u00e8cnic calp\u00ed, <strong>Kike Valle<\/strong> despr\u00e9s de tenir aquest proper cap de setmana jornada de descans, disposar\u00e0 de tres setmanes per preparar la recta final de la fase regular de la lliga. L&#039;objectiu \u00e9s assolir la classificaci\u00f3 per disputar el play off d&#039;ascens. Aquest temps us permetr\u00e0 recuperar diversos jugadors que ara estan lesionats.<\/p>\n<p><script src=\"chrome-extension:\/\/flbolonkboilcbnohjlchlfgdalomdpl\/iFrame.js\" type=\"text\/javascript\"><\/script><\/p>","protected":false},"excerpt":{"rendered":"<p>El CB Ifach Calpe consigui\u00f3 una importante victoria al vencer en su pabell\u00f3n al CB La Vila por 91 a 72. Una diferencia que permiti\u00f3 a los locales ganar el basket average con su rival. En el arranque del choque los calpinos se encontraron con un oponente que se mostr\u00f3 muy inspirado en ataque. La [&#8230;]<\/p>\n<p><a class=\"btn btn-secondary understrap-read-more-link\" href=\"https:\/\/radiolitoral.com\/ca\/2025\/03\/victoria-y-liderato-para-el-cb-ifach-calpe\/\">Continua llegint&#8230;<span class=\"screen-reader-text\"> from Victoria y liderato para el CB Ifach Calpe<\/span><\/a><\/p>\n","protected":false},"author":12,"featured_media":15604,"comment_status":"open","ping_status":"closed","sticky":false,"template":"","format":"standard","meta":{"_acf_changed":false,"inline_featured_image":false,"footnotes":""},"categories":[5],"tags":[952,2410,6,2406],"class_list":["post-15603","post","type-post","status-publish","format-standard","has-post-thumbnail","hentry","category-deportes","tag-cb-ifach-calpe","tag-cb-la-vila","tag-deportes","tag-kike-valle","cobertura-calp"],"acf":[],"yoast_head":"<!-- This site is optimized with the Yoast SEO plugin v27.5 - https:\/\/yoast.com\/product\/yoast-seo-wordpress\/ -->\n<title>Victoria y liderato para el CB Ifach Calpe | R\u00e0dio Litoral<\/title>\n<meta name=\"description\" content=\"Los calpinos mostraron un alto porcentaje de acierto en ataque en el \u00faltimo cuarto superando al CB La Vila (91-72)\" \/>\n<meta name=\"robots\" content=\"index, follow, max-snippet:-1, max-image-preview:large, max-video-preview:-1\" \/>\n<link rel=\"canonical\" href=\"https:\/\/radiolitoral.com\/ca\/2025\/03\/victoria-i-liderat-per-al-cb-ifach-calp\/\" \/>\n<meta property=\"og:locale\" content=\"ca_ES\" \/>\n<meta property=\"og:type\" content=\"article\" \/>\n<meta property=\"og:title\" content=\"Victoria y liderato para el CB Ifach Calpe | R\u00e0dio Litoral\" \/>\n<meta property=\"og:description\" content=\"Los calpinos mostraron un alto porcentaje de acierto en ataque en el \u00faltimo cuarto superando al CB La Vila (91-72)\" \/>\n<meta property=\"og:url\" content=\"https:\/\/radiolitoral.com\/ca\/2025\/03\/victoria-i-liderat-per-al-cb-ifach-calp\/\" \/>\n<meta property=\"og:site_name\" content=\"R\u00e0dio Litoral\" \/>\n<meta property=\"article:publisher\" content=\"https:\/\/www.facebook.com\/Laradiolitoral\/\" \/>\n<meta property=\"article:published_time\" content=\"2025-03-18T09:09:30+00:00\" \/>\n<meta property=\"og:image\" content=\"https:\/\/media.radiolitoral.com\/wp-content\/uploads\/2025\/03\/18100642\/CB-Ifach-Calpe-tras-ganar-a-CB-La-Vila.jpg\" \/>\n\t<meta property=\"og:image:width\" content=\"2048\" \/>\n\t<meta property=\"og:image:height\" content=\"1366\" \/>\n\t<meta property=\"og:image:type\" content=\"image\/jpeg\" \/>\n<meta name=\"author\" content=\"Javier Zamora\" \/>\n<meta name=\"twitter:card\" content=\"summary_large_image\" \/>\n<meta name=\"twitter:label1\" content=\"Escrit per\" \/>\n\t<meta name=\"twitter:data1\" content=\"Javier Zamora\" \/>\n\t<meta name=\"twitter:label2\" content=\"Temps estimat de lectura\" \/>\n\t<meta name=\"twitter:data2\" content=\"2 minuts\" \/>\n<script type=\"application\/ld+json\" class=\"yoast-schema-graph\">{\"@context\":\"https:\\\/\\\/schema.org\",\"@graph\":[{\"@type\":\"NewsArticle\",\"@id\":\"https:\\\/\\\/radiolitoral.com\\\/2025\\\/03\\\/victoria-y-liderato-para-el-cb-ifach-calpe\\\/#article\",\"isPartOf\":{\"@id\":\"https:\\\/\\\/radiolitoral.com\\\/2025\\\/03\\\/victoria-y-liderato-para-el-cb-ifach-calpe\\\/\"},\"author\":{\"name\":\"Javier Zamora\",\"@id\":\"https:\\\/\\\/radiolitoral.com\\\/#\\\/schema\\\/person\\\/7b1480b5caeb5acdd4ec6379caf62b22\"},\"headline\":\"Victoria y liderato para el CB Ifach Calpe\",\"datePublished\":\"2025-03-18T09:09:30+00:00\",\"mainEntityOfPage\":{\"@id\":\"https:\\\/\\\/radiolitoral.com\\\/2025\\\/03\\\/victoria-y-liderato-para-el-cb-ifach-calpe\\\/\"},\"wordCount\":283,\"commentCount\":0,\"publisher\":{\"@id\":\"https:\\\/\\\/radiolitoral.com\\\/#organization\"},\"image\":{\"@id\":\"https:\\\/\\\/radiolitoral.com\\\/2025\\\/03\\\/victoria-y-liderato-para-el-cb-ifach-calpe\\\/#primaryimage\"},\"thumbnailUrl\":\"https:\\\/\\\/media.radiolitoral.com\\\/wp-content\\\/uploads\\\/2025\\\/03\\\/18100642\\\/CB-Ifach-Calpe-tras-ganar-a-CB-La-Vila.jpg\",\"keywords\":[\"CB Ifach Calpe\",\"CB\u00a0La Vila\",\"deportes\",\"Kike\u00a0Valle\"],\"articleSection\":[\"Deportes\"],\"inLanguage\":\"ca\",\"potentialAction\":[{\"@type\":\"CommentAction\",\"name\":\"Comment\",\"target\":[\"https:\\\/\\\/radiolitoral.com\\\/2025\\\/03\\\/victoria-y-liderato-para-el-cb-ifach-calpe\\\/#respond\"]}]},{\"@type\":[\"WebPage\",\"ItemPage\"],\"@id\":\"https:\\\/\\\/radiolitoral.com\\\/2025\\\/03\\\/victoria-y-liderato-para-el-cb-ifach-calpe\\\/\",\"url\":\"https:\\\/\\\/radiolitoral.com\\\/2025\\\/03\\\/victoria-y-liderato-para-el-cb-ifach-calpe\\\/\",\"name\":\"Victoria y liderato para el CB Ifach Calpe | R\u00e0dio Litoral\",\"isPartOf\":{\"@id\":\"https:\\\/\\\/radiolitoral.com\\\/#website\"},\"primaryImageOfPage\":{\"@id\":\"https:\\\/\\\/radiolitoral.com\\\/2025\\\/03\\\/victoria-y-liderato-para-el-cb-ifach-calpe\\\/#primaryimage\"},\"image\":{\"@id\":\"https:\\\/\\\/radiolitoral.com\\\/2025\\\/03\\\/victoria-y-liderato-para-el-cb-ifach-calpe\\\/#primaryimage\"},\"thumbnailUrl\":\"https:\\\/\\\/media.radiolitoral.com\\\/wp-content\\\/uploads\\\/2025\\\/03\\\/18100642\\\/CB-Ifach-Calpe-tras-ganar-a-CB-La-Vila.jpg\",\"datePublished\":\"2025-03-18T09:09:30+00:00\",\"description\":\"Los calpinos mostraron un alto porcentaje de acierto en ataque en el \u00faltimo cuarto superando al CB La Vila (91-72)\",\"breadcrumb\":{\"@id\":\"https:\\\/\\\/radiolitoral.com\\\/2025\\\/03\\\/victoria-y-liderato-para-el-cb-ifach-calpe\\\/#breadcrumb\"},\"inLanguage\":\"ca\",\"potentialAction\":[{\"@type\":\"ReadAction\",\"target\":[\"https:\\\/\\\/radiolitoral.com\\\/2025\\\/03\\\/victoria-y-liderato-para-el-cb-ifach-calpe\\\/\"]}]},{\"@type\":\"ImageObject\",\"inLanguage\":\"ca\",\"@id\":\"https:\\\/\\\/radiolitoral.com\\\/2025\\\/03\\\/victoria-y-liderato-para-el-cb-ifach-calpe\\\/#primaryimage\",\"url\":\"https:\\\/\\\/media.radiolitoral.com\\\/wp-content\\\/uploads\\\/2025\\\/03\\\/18100642\\\/CB-Ifach-Calpe-tras-ganar-a-CB-La-Vila.jpg\",\"contentUrl\":\"https:\\\/\\\/media.radiolitoral.com\\\/wp-content\\\/uploads\\\/2025\\\/03\\\/18100642\\\/CB-Ifach-Calpe-tras-ganar-a-CB-La-Vila.jpg\",\"width\":2048,\"height\":1366},{\"@type\":\"BreadcrumbList\",\"@id\":\"https:\\\/\\\/radiolitoral.com\\\/2025\\\/03\\\/victoria-y-liderato-para-el-cb-ifach-calpe\\\/#breadcrumb\",\"itemListElement\":[{\"@type\":\"ListItem\",\"position\":1,\"name\":\"Portada\",\"item\":\"https:\\\/\\\/radiolitoral.com\\\/\"},{\"@type\":\"ListItem\",\"position\":2,\"name\":\"Victoria y liderato para el CB Ifach Calpe\"}]},{\"@type\":\"WebSite\",\"@id\":\"https:\\\/\\\/radiolitoral.com\\\/#website\",\"url\":\"https:\\\/\\\/radiolitoral.com\\\/\",\"name\":\"Radio Litoral\",\"description\":\"La radio local de la Marina Alta\",\"publisher\":{\"@id\":\"https:\\\/\\\/radiolitoral.com\\\/#organization\"},\"alternateName\":\"Litoral FM\",\"potentialAction\":[{\"@type\":\"SearchAction\",\"target\":{\"@type\":\"EntryPoint\",\"urlTemplate\":\"https:\\\/\\\/radiolitoral.com\\\/?s={search_term_string}\"},\"query-input\":{\"@type\":\"PropertyValueSpecification\",\"valueRequired\":true,\"valueName\":\"search_term_string\"}}],\"inLanguage\":\"ca\"},{\"@type\":\"Organization\",\"@id\":\"https:\\\/\\\/radiolitoral.com\\\/#organization\",\"name\":\"Radio Litoral\",\"url\":\"https:\\\/\\\/radiolitoral.com\\\/\",\"logo\":{\"@type\":\"ImageObject\",\"inLanguage\":\"ca\",\"@id\":\"https:\\\/\\\/radiolitoral.com\\\/#\\\/schema\\\/logo\\\/image\\\/\",\"url\":\"https:\\\/\\\/media.radiolitoral.com\\\/wp-content\\\/uploads\\\/2023\\\/02\\\/24143238\\\/CL-V-RadioLitoral696.png\",\"contentUrl\":\"https:\\\/\\\/media.radiolitoral.com\\\/wp-content\\\/uploads\\\/2023\\\/02\\\/24143238\\\/CL-V-RadioLitoral696.png\",\"width\":696,\"height\":696,\"caption\":\"Radio Litoral\"},\"image\":{\"@id\":\"https:\\\/\\\/radiolitoral.com\\\/#\\\/schema\\\/logo\\\/image\\\/\"},\"sameAs\":[\"https:\\\/\\\/www.facebook.com\\\/Laradiolitoral\\\/\"]},{\"@type\":\"Person\",\"@id\":\"https:\\\/\\\/radiolitoral.com\\\/#\\\/schema\\\/person\\\/7b1480b5caeb5acdd4ec6379caf62b22\",\"name\":\"Javier Zamora\",\"image\":{\"@type\":\"ImageObject\",\"inLanguage\":\"ca\",\"@id\":\"https:\\\/\\\/secure.gravatar.com\\\/avatar\\\/467a11f6918c7d619c4043fc6fa2d3853053107973f05b6e9c04ea6c4e3a7b3f?s=96&d=mm&r=g\",\"url\":\"https:\\\/\\\/secure.gravatar.com\\\/avatar\\\/467a11f6918c7d619c4043fc6fa2d3853053107973f05b6e9c04ea6c4e3a7b3f?s=96&d=mm&r=g\",\"contentUrl\":\"https:\\\/\\\/secure.gravatar.com\\\/avatar\\\/467a11f6918c7d619c4043fc6fa2d3853053107973f05b6e9c04ea6c4e3a7b3f?s=96&d=mm&r=g\",\"caption\":\"Javier Zamora\"},\"url\":\"https:\\\/\\\/radiolitoral.com\\\/ca\\\/author\\\/javier-zamora\\\/\"}]}<\/script>\n<!-- \/ Yoast SEO plugin. -->","yoast_head_json":{"title":"Vict\u00f2ria i liderat per al CB Ifach Calpe | R\u00e0dio Litoral","description":"Els calpins van mostrar un alt percentatge d&#039;encert en atac a l&#039;\u00faltim quart superant el CB La Vila (91-72)","robots":{"index":"index","follow":"follow","max-snippet":"max-snippet:-1","max-image-preview":"max-image-preview:large","max-video-preview":"max-video-preview:-1"},"canonical":"https:\/\/radiolitoral.com\/ca\/2025\/03\/victoria-i-liderat-per-al-cb-ifach-calp\/","og_locale":"ca_ES","og_type":"article","og_title":"Victoria y liderato para el CB Ifach Calpe | R\u00e0dio Litoral","og_description":"Los calpinos mostraron un alto porcentaje de acierto en ataque en el \u00faltimo cuarto superando al CB La Vila (91-72)","og_url":"https:\/\/radiolitoral.com\/ca\/2025\/03\/victoria-i-liderat-per-al-cb-ifach-calp\/","og_site_name":"R\u00e0dio Litoral","article_publisher":"https:\/\/www.facebook.com\/Laradiolitoral\/","article_published_time":"2025-03-18T09:09:30+00:00","og_image":[{"width":2048,"height":1366,"url":"https:\/\/media.radiolitoral.com\/wp-content\/uploads\/2025\/03\/18100642\/CB-Ifach-Calpe-tras-ganar-a-CB-La-Vila.jpg","type":"image\/jpeg"}],"author":"Javier Zamora","twitter_card":"summary_large_image","twitter_misc":{"Escrit per":"Javier Zamora","Temps estimat de lectura":"2 minuts"},"schema":{"@context":"https:\/\/schema.org","@graph":[{"@type":"NewsArticle","@id":"https:\/\/radiolitoral.com\/2025\/03\/victoria-y-liderato-para-el-cb-ifach-calpe\/#article","isPartOf":{"@id":"https:\/\/radiolitoral.com\/2025\/03\/victoria-y-liderato-para-el-cb-ifach-calpe\/"},"author":{"name":"Javier Zamora","@id":"https:\/\/radiolitoral.com\/#\/schema\/person\/7b1480b5caeb5acdd4ec6379caf62b22"},"headline":"Victoria y liderato para el CB Ifach Calpe","datePublished":"2025-03-18T09:09:30+00:00","mainEntityOfPage":{"@id":"https:\/\/radiolitoral.com\/2025\/03\/victoria-y-liderato-para-el-cb-ifach-calpe\/"},"wordCount":283,"commentCount":0,"publisher":{"@id":"https:\/\/radiolitoral.com\/#organization"},"image":{"@id":"https:\/\/radiolitoral.com\/2025\/03\/victoria-y-liderato-para-el-cb-ifach-calpe\/#primaryimage"},"thumbnailUrl":"https:\/\/media.radiolitoral.com\/wp-content\/uploads\/2025\/03\/18100642\/CB-Ifach-Calpe-tras-ganar-a-CB-La-Vila.jpg","keywords":["CB Ifach Calpe","CB\u00a0La Vila","deportes","Kike\u00a0Valle"],"articleSection":["Deportes"],"inLanguage":"ca","potentialAction":[{"@type":"CommentAction","name":"Comment","target":["https:\/\/radiolitoral.com\/2025\/03\/victoria-y-liderato-para-el-cb-ifach-calpe\/#respond"]}]},{"@type":["WebPage","ItemPage"],"@id":"https:\/\/radiolitoral.com\/2025\/03\/victoria-y-liderato-para-el-cb-ifach-calpe\/","url":"https:\/\/radiolitoral.com\/2025\/03\/victoria-y-liderato-para-el-cb-ifach-calpe\/","name":"Vict\u00f2ria i liderat per al CB Ifach Calpe | R\u00e0dio Litoral","isPartOf":{"@id":"https:\/\/radiolitoral.com\/#website"},"primaryImageOfPage":{"@id":"https:\/\/radiolitoral.com\/2025\/03\/victoria-y-liderato-para-el-cb-ifach-calpe\/#primaryimage"},"image":{"@id":"https:\/\/radiolitoral.com\/2025\/03\/victoria-y-liderato-para-el-cb-ifach-calpe\/#primaryimage"},"thumbnailUrl":"https:\/\/media.radiolitoral.com\/wp-content\/uploads\/2025\/03\/18100642\/CB-Ifach-Calpe-tras-ganar-a-CB-La-Vila.jpg","datePublished":"2025-03-18T09:09:30+00:00","description":"Els calpins van mostrar un alt percentatge d&#039;encert en atac a l&#039;\u00faltim quart superant el CB La Vila (91-72)","breadcrumb":{"@id":"https:\/\/radiolitoral.com\/2025\/03\/victoria-y-liderato-para-el-cb-ifach-calpe\/#breadcrumb"},"inLanguage":"ca","potentialAction":[{"@type":"ReadAction","target":["https:\/\/radiolitoral.com\/2025\/03\/victoria-y-liderato-para-el-cb-ifach-calpe\/"]}]},{"@type":"ImageObject","inLanguage":"ca","@id":"https:\/\/radiolitoral.com\/2025\/03\/victoria-y-liderato-para-el-cb-ifach-calpe\/#primaryimage","url":"https:\/\/media.radiolitoral.com\/wp-content\/uploads\/2025\/03\/18100642\/CB-Ifach-Calpe-tras-ganar-a-CB-La-Vila.jpg","contentUrl":"https:\/\/media.radiolitoral.com\/wp-content\/uploads\/2025\/03\/18100642\/CB-Ifach-Calpe-tras-ganar-a-CB-La-Vila.jpg","width":2048,"height":1366},{"@type":"BreadcrumbList","@id":"https:\/\/radiolitoral.com\/2025\/03\/victoria-y-liderato-para-el-cb-ifach-calpe\/#breadcrumb","itemListElement":[{"@type":"ListItem","position":1,"name":"Portada","item":"https:\/\/radiolitoral.com\/"},{"@type":"ListItem","position":2,"name":"Victoria y liderato para el CB Ifach Calpe"}]},{"@type":"WebSite","@id":"https:\/\/radiolitoral.com\/#website","url":"https:\/\/radiolitoral.com\/","name":"R\u00e0dio Litoral","description":"La r\u00e0dio local de la Marina Alta","publisher":{"@id":"https:\/\/radiolitoral.com\/#organization"},"alternateName":"Litoral FM","potentialAction":[{"@type":"SearchAction","target":{"@type":"EntryPoint","urlTemplate":"https:\/\/radiolitoral.com\/?s={search_term_string}"},"query-input":{"@type":"PropertyValueSpecification","valueRequired":true,"valueName":"search_term_string"}}],"inLanguage":"ca"},{"@type":"Organization","@id":"https:\/\/radiolitoral.com\/#organization","name":"R\u00e0dio Litoral","url":"https:\/\/radiolitoral.com\/","logo":{"@type":"ImageObject","inLanguage":"ca","@id":"https:\/\/radiolitoral.com\/#\/schema\/logo\/image\/","url":"https:\/\/media.radiolitoral.com\/wp-content\/uploads\/2023\/02\/24143238\/CL-V-RadioLitoral696.png","contentUrl":"https:\/\/media.radiolitoral.com\/wp-content\/uploads\/2023\/02\/24143238\/CL-V-RadioLitoral696.png","width":696,"height":696,"caption":"Radio Litoral"},"image":{"@id":"https:\/\/radiolitoral.com\/#\/schema\/logo\/image\/"},"sameAs":["https:\/\/www.facebook.com\/Laradiolitoral\/"]},{"@type":"Person","@id":"https:\/\/radiolitoral.com\/#\/schema\/person\/7b1480b5caeb5acdd4ec6379caf62b22","name":"Javier Zamora","image":{"@type":"ImageObject","inLanguage":"ca","@id":"https:\/\/secure.gravatar.com\/avatar\/467a11f6918c7d619c4043fc6fa2d3853053107973f05b6e9c04ea6c4e3a7b3f?s=96&d=mm&r=g","url":"https:\/\/secure.gravatar.com\/avatar\/467a11f6918c7d619c4043fc6fa2d3853053107973f05b6e9c04ea6c4e3a7b3f?s=96&d=mm&r=g","contentUrl":"https:\/\/secure.gravatar.com\/avatar\/467a11f6918c7d619c4043fc6fa2d3853053107973f05b6e9c04ea6c4e3a7b3f?s=96&d=mm&r=g","caption":"Javier Zamora"},"url":"https:\/\/radiolitoral.com\/ca\/author\/javier-zamora\/"}]}},"_links":{"self":[{"href":"https:\/\/radiolitoral.com\/ca\/wp-json\/wp\/v2\/posts\/15603","targetHints":{"allow":["GET"]}}],"collection":[{"href":"https:\/\/radiolitoral.com\/ca\/wp-json\/wp\/v2\/posts"}],"about":[{"href":"https:\/\/radiolitoral.com\/ca\/wp-json\/wp\/v2\/types\/post"}],"author":[{"embeddable":true,"href":"https:\/\/radiolitoral.com\/ca\/wp-json\/wp\/v2\/users\/12"}],"replies":[{"embeddable":true,"href":"https:\/\/radiolitoral.com\/ca\/wp-json\/wp\/v2\/comments?post=15603"}],"version-history":[{"count":2,"href":"https:\/\/radiolitoral.com\/ca\/wp-json\/wp\/v2\/posts\/15603\/revisions"}],"predecessor-version":[{"id":15606,"href":"https:\/\/radiolitoral.com\/ca\/wp-json\/wp\/v2\/posts\/15603\/revisions\/15606"}],"wp:featuredmedia":[{"embeddable":true,"href":"https:\/\/radiolitoral.com\/ca\/wp-json\/wp\/v2\/media\/15604"}],"wp:attachment":[{"href":"https:\/\/radiolitoral.com\/ca\/wp-json\/wp\/v2\/media?parent=15603"}],"wp:term":[{"taxonomy":"category","embeddable":true,"href":"https:\/\/radiolitoral.com\/ca\/wp-json\/wp\/v2\/categories?post=15603"},{"taxonomy":"post_tag","embeddable":true,"href":"https:\/\/radiolitoral.com\/ca\/wp-json\/wp\/v2\/tags?post=15603"}],"curies":[{"name":"wp","href":"https:\/\/api.w.org\/{rel}","templated":true}]}}