{"id":15589,"date":"2025-03-17T10:29:26","date_gmt":"2025-03-17T09:29:26","guid":{"rendered":"https:\/\/radiolitoral.com\/?p=15589"},"modified":"2025-03-17T10:29:26","modified_gmt":"2025-03-17T09:29:26","slug":"teulada-va-viure-amb-intensitat-la-festa-del-circuit-a-peu-marina-alta","status":"publish","type":"post","link":"https:\/\/radiolitoral.com\/ca\/2025\/03\/teulada-vivio-con-intensidad-la-fiesta-del-circuit-a-peu-marina-alta\/","title":{"rendered":"Teulada va viure amb intensitat la festa del Circuit a Peu Marina Alta"},"content":{"rendered":"<p>La jornada va tornar a ser una festa de l&#039;atletisme a Teulada amb participants de tots els clubs principals inscrits. El <strong>C Ginestar Benissa<\/strong> amb 56 corredors va ser el m\u00e9s participatiu, seguit del <strong>D\u00e9nia Corre<\/strong>, amb 42 i <strong>CA Ondara<\/strong> amb 32. A m\u00e9s de la cursa reina, per completar la jornada es van celebrar curses infantils fins a disset anys amb m\u00e9s de 200 participants.<\/p>\n<p><strong>Jos\u00e9 David Moruno<\/strong> atleta de la SD Correcaminos, va ser el m\u00e9s r\u00e0pid de la prova amb una carrera treballada, davant els seus immediats perseguidors, Moruno a un ritme de 3:23\/K el quil\u00f2metre, va aturar el crono a <strong>33:07<\/strong>, per davant de <strong>Toni Soler<\/strong> que novament va ser segon amb un registre de <strong>33:24<\/strong>, completant el p\u00f2dium absolut <strong>Vicente Solbes <\/strong>del C Gladiators Benidorm, <strong>33:43<\/strong>, tots ells, a m\u00e9s van ser el p\u00f3dium de la categoria, s\u00e8nior.<\/p>\n<p><strong>Maria Isabel Ferrer, <\/strong>del CA Llebeig X\u00e0bia, continua comptant les seves participacions al Circuit per vict\u00f2ries, quatre de quatre ia Teulada registre un crono de <strong>37:03<\/strong> a un ritme de 3:47\/K millorant la seva anterior marca de la prova en vint segons, <strong>Cristina Rosell\u00f3<\/strong> (CA Publidom), amb un registre de <strong>38:00,<\/strong> va ser segona, i complet el podi femen\u00ed, <strong>Irina Lumanova<\/strong> (CA Altea), tercera amb un temps de <strong>38:26<\/strong>.<\/p>\n<figure id=\"attachment_15595\" aria-describedby=\"caption-attachment-15595\" style=\"width: 2560px\" class=\"wp-caption alignnone\"><img loading=\"lazy\" decoding=\"async\" class=\"wp-image-15595 size-full\" src=\"https:\/\/media.radiolitoral.com\/wp-content\/uploads\/2025\/03\/17102657\/Podio-absoluto-femenino-scaled.jpg\" alt=\"\" width=\"2560\" height=\"1707\" srcset=\"https:\/\/media.radiolitoral.com\/wp-content\/uploads\/2025\/03\/17102657\/Podio-absoluto-femenino-scaled.jpg 2560w, https:\/\/media.radiolitoral.com\/wp-content\/uploads\/2025\/03\/17102657\/Podio-absoluto-femenino-300x200.jpg 300w, https:\/\/media.radiolitoral.com\/wp-content\/uploads\/2025\/03\/17102657\/Podio-absoluto-femenino-1024x683.jpg 1024w, https:\/\/media.radiolitoral.com\/wp-content\/uploads\/2025\/03\/17102657\/Podio-absoluto-femenino-768x512.jpg 768w, https:\/\/media.radiolitoral.com\/wp-content\/uploads\/2025\/03\/17102657\/Podio-absoluto-femenino-1536x1024.jpg 1536w, https:\/\/media.radiolitoral.com\/wp-content\/uploads\/2025\/03\/17102657\/Podio-absoluto-femenino-2048x1365.jpg 2048w, https:\/\/media.radiolitoral.com\/wp-content\/uploads\/2025\/03\/17102657\/Podio-absoluto-femenino-18x12.jpg 18w, https:\/\/media.radiolitoral.com\/wp-content\/uploads\/2025\/03\/17102657\/Podio-absoluto-femenino-1000x667.jpg 1000w, https:\/\/media.radiolitoral.com\/wp-content\/uploads\/2025\/03\/17102657\/Podio-absoluto-femenino-100x67.jpg 100w, https:\/\/media.radiolitoral.com\/wp-content\/uploads\/2025\/03\/17102657\/Podio-absoluto-femenino-200x133.jpg 200w\" sizes=\"auto, (max-width: 2560px) 100vw, 2560px\" \/><figcaption id=\"caption-attachment-15595\" class=\"wp-caption-text\">Podi Absolut Femen\u00ed a Teulada | K. Aracil<\/figcaption><\/figure>\n<h4><strong>PODIS CORREDORS LOCALS<\/strong><\/h4>\n<p>El CA Corremundos i l&#039;Ajuntament de Teulada amb la seva regidoria d&#039;esports va premiar tots els seus corredors locals a les diferents categories de la prova reina.<\/p>\n<p>Els m\u00e9s r\u00e0pids del CA Corremundos, van ser, <strong>Vicente Malonda Rosell\u00f3,<\/strong> s\u00e8nior masc, primer amb un temps de <strong>37:33<\/strong>, segon va ser, <strong>Mart\u00ed Buigues Mestre<\/strong>, Veter\u00e0 C, amb un temps de <strong>37:42<\/strong>, seguit de la promesa sub 23, <strong>\u00d3scar Buigues Dalmau<\/strong>, tercer amb un crono de <strong>37:56<\/strong>.<\/p>\n<p>En noies <strong>Sofia Mart\u00ednez Bertomeu<\/strong>, promesa sub 23 del Corremundos, va ser les m\u00e9s r\u00e0pida dentre les seves companyes d&#039;equip, va detenir el crono en <strong>41:58<\/strong>, seguida per <strong>Joyma Garc\u00eda Signes<\/strong>, veterana C, segona local <strong>42:07, <\/strong>sent tercera <strong>Raquel Moll Puigcerver, <\/strong>veterana A <strong>49:24. <\/strong><\/p>\n<p>Pr\u00f2xima cita aquest diumenge 23 de mar\u00e7, amb la <strong>VIII Volta a Peu Benitatxell<\/strong>, amb nou recorregut de 8\u00b41 quil\u00f2metres ple d\u00b4atractius amb el seu segell d\u00b4identitat amb la coneguda pujada de l\u00b4amargor i sense la seva temuda pujada final, el conegut Turmalet<\/p>\n<p><script src=\"chrome-extension:\/\/flbolonkboilcbnohjlchlfgdalomdpl\/iFrame.js\" type=\"text\/javascript\"><\/script><\/p>","protected":false},"excerpt":{"rendered":"<p>La jornada volvi\u00f3 a ser una fiesta del atletismo en Teulada con participantes de todos los principales clubes inscritos. El C Ginestar Benissa con 56 corredores fue el m\u00e1s participativo, seguido del D\u00e9nia Corre, con 42 y CA Ondara con 32. Adem\u00e1s de la carrera reina, para completar la jornada se celebraron carreras infantiles hasta [&#8230;]<\/p>\n<p><a class=\"btn btn-secondary understrap-read-more-link\" href=\"https:\/\/radiolitoral.com\/ca\/2025\/03\/teulada-vivio-con-intensidad-la-fiesta-del-circuit-a-peu-marina-alta\/\">Continua llegint&#8230;<span class=\"screen-reader-text\"> from Teulada vivi\u00f3 con intensidad la fiesta del Circuit a Peu Marina Alta<\/span><\/a><\/p>\n","protected":false},"author":12,"featured_media":15593,"comment_status":"open","ping_status":"closed","sticky":false,"template":"","format":"standard","meta":{"_acf_changed":false,"inline_featured_image":false,"footnotes":""},"categories":[5],"tags":[3935,1373,1292,1213,1045,2110,6,3835,1357,1043,3938,3939,3940,925,3937,3936,3941],"class_list":["post-15589","post","type-post","status-publish","format-standard","has-post-thumbnail","hentry","category-deportes","tag-c-ginestar-benissa","tag-ca-ondara","tag-ca-publidom","tag-ce-llebeig-xabia","tag-cristina-rosello","tag-denia-corre","tag-deportes","tag-irina-lumanova","tag-jose-david-moruno","tag-maria-isabel-ferrer","tag-marti-buigues-mestre","tag-oscar-buigues-dalmau","tag-sofia-martinez-bertomeu","tag-toni-soler","tag-vicente-malonda-rosello","tag-vicente-solbes","tag-viii-volta-a-peu-benitatxell","cobertura-teulada-moraira"],"acf":[],"yoast_head":"<!-- This site is optimized with the Yoast SEO plugin v27.5 - https:\/\/yoast.com\/product\/yoast-seo-wordpress\/ -->\n<title>Teulada vivi\u00f3 con intensidad la fiesta del Circuit a Peu Marina Alta | R\u00e0dio Litoral<\/title>\n<meta name=\"description\" content=\"Jos\u00e9 David Moruno del SD Correcaminos y M\u00aa Isabel Ferrer del CE Llebeig X\u00e0bia fueron los mejores en la prueba reinaJos\u00e9 David Moruno del SD Correcaminos y M\u00aa Isabel Ferrer del CE Llebeig X\u00e0bia fueron los mejores en la prueba reina\" \/>\n<meta name=\"robots\" content=\"index, follow, max-snippet:-1, max-image-preview:large, max-video-preview:-1\" \/>\n<link rel=\"canonical\" href=\"https:\/\/radiolitoral.com\/ca\/2025\/03\/teulada-va-viure-amb-intensitat-la-festa-del-circuit-a-peu-marina-alta\/\" \/>\n<meta property=\"og:locale\" content=\"ca_ES\" \/>\n<meta property=\"og:type\" content=\"article\" \/>\n<meta property=\"og:title\" content=\"Teulada vivi\u00f3 con intensidad la fiesta del Circuit a Peu Marina Alta | R\u00e0dio Litoral\" \/>\n<meta property=\"og:description\" content=\"Jos\u00e9 David Moruno del SD Correcaminos y M\u00aa Isabel Ferrer del CE Llebeig X\u00e0bia fueron los mejores en la prueba reinaJos\u00e9 David Moruno del SD Correcaminos y M\u00aa Isabel Ferrer del CE Llebeig X\u00e0bia fueron los mejores en la prueba reina\" \/>\n<meta property=\"og:url\" content=\"https:\/\/radiolitoral.com\/ca\/2025\/03\/teulada-va-viure-amb-intensitat-la-festa-del-circuit-a-peu-marina-alta\/\" \/>\n<meta property=\"og:site_name\" content=\"R\u00e0dio Litoral\" \/>\n<meta property=\"article:publisher\" content=\"https:\/\/www.facebook.com\/Laradiolitoral\/\" \/>\n<meta property=\"article:published_time\" content=\"2025-03-17T09:29:26+00:00\" \/>\n<meta property=\"og:image\" content=\"https:\/\/media.radiolitoral.com\/wp-content\/uploads\/2025\/03\/17102621\/Podio-absoluto-masculino-scaled.jpg\" \/>\n\t<meta property=\"og:image:width\" content=\"2560\" \/>\n\t<meta property=\"og:image:height\" content=\"1707\" \/>\n\t<meta property=\"og:image:type\" content=\"image\/jpeg\" \/>\n<meta name=\"author\" content=\"Javier Zamora\" \/>\n<meta name=\"twitter:card\" content=\"summary_large_image\" \/>\n<meta name=\"twitter:label1\" content=\"Escrit per\" \/>\n\t<meta name=\"twitter:data1\" content=\"Javier Zamora\" \/>\n\t<meta name=\"twitter:label2\" content=\"Temps estimat de lectura\" \/>\n\t<meta name=\"twitter:data2\" content=\"3 minuts\" \/>\n<script type=\"application\/ld+json\" class=\"yoast-schema-graph\">{\"@context\":\"https:\\\/\\\/schema.org\",\"@graph\":[{\"@type\":\"NewsArticle\",\"@id\":\"https:\\\/\\\/radiolitoral.com\\\/2025\\\/03\\\/teulada-vivio-con-intensidad-la-fiesta-del-circuit-a-peu-marina-alta\\\/#article\",\"isPartOf\":{\"@id\":\"https:\\\/\\\/radiolitoral.com\\\/2025\\\/03\\\/teulada-vivio-con-intensidad-la-fiesta-del-circuit-a-peu-marina-alta\\\/\"},\"author\":{\"name\":\"Javier Zamora\",\"@id\":\"https:\\\/\\\/radiolitoral.com\\\/#\\\/schema\\\/person\\\/7b1480b5caeb5acdd4ec6379caf62b22\"},\"headline\":\"Teulada vivi\u00f3 con intensidad la fiesta del Circuit a Peu Marina Alta\",\"datePublished\":\"2025-03-17T09:29:26+00:00\",\"mainEntityOfPage\":{\"@id\":\"https:\\\/\\\/radiolitoral.com\\\/2025\\\/03\\\/teulada-vivio-con-intensidad-la-fiesta-del-circuit-a-peu-marina-alta\\\/\"},\"wordCount\":396,\"commentCount\":0,\"publisher\":{\"@id\":\"https:\\\/\\\/radiolitoral.com\\\/#organization\"},\"image\":{\"@id\":\"https:\\\/\\\/radiolitoral.com\\\/2025\\\/03\\\/teulada-vivio-con-intensidad-la-fiesta-del-circuit-a-peu-marina-alta\\\/#primaryimage\"},\"thumbnailUrl\":\"https:\\\/\\\/media.radiolitoral.com\\\/wp-content\\\/uploads\\\/2025\\\/03\\\/17102621\\\/Podio-absoluto-masculino-scaled.jpg\",\"keywords\":[\"C Ginestar Benissa\",\"CA Ondara\",\"CA Publidom\",\"CE Llebeig X\u00e1bia\",\"Cristina Rosell\u00f3\",\"D\u00e9nia Corre\",\"deportes\",\"Irina Lumanova\",\"Jos\u00e9 David Moruno\",\"Mar\u00eda Isabel Ferrer\",\"Mart\u00ed Buigues Mestre\",\"\u00d3scar Buigues Dalmau\",\"Sof\u00eda Mart\u00ednez Bertomeu\",\"Toni Soler\",\"Vicente Malonda Rosell\u00f3\",\"Vicente Solbes\",\"VIII Volta a Peu Benitatxell\"],\"articleSection\":[\"Deportes\"],\"inLanguage\":\"ca\",\"potentialAction\":[{\"@type\":\"CommentAction\",\"name\":\"Comment\",\"target\":[\"https:\\\/\\\/radiolitoral.com\\\/2025\\\/03\\\/teulada-vivio-con-intensidad-la-fiesta-del-circuit-a-peu-marina-alta\\\/#respond\"]}]},{\"@type\":[\"WebPage\",\"ItemPage\"],\"@id\":\"https:\\\/\\\/radiolitoral.com\\\/2025\\\/03\\\/teulada-vivio-con-intensidad-la-fiesta-del-circuit-a-peu-marina-alta\\\/\",\"url\":\"https:\\\/\\\/radiolitoral.com\\\/2025\\\/03\\\/teulada-vivio-con-intensidad-la-fiesta-del-circuit-a-peu-marina-alta\\\/\",\"name\":\"Teulada vivi\u00f3 con intensidad la fiesta del Circuit a Peu Marina Alta | R\u00e0dio Litoral\",\"isPartOf\":{\"@id\":\"https:\\\/\\\/radiolitoral.com\\\/#website\"},\"primaryImageOfPage\":{\"@id\":\"https:\\\/\\\/radiolitoral.com\\\/2025\\\/03\\\/teulada-vivio-con-intensidad-la-fiesta-del-circuit-a-peu-marina-alta\\\/#primaryimage\"},\"image\":{\"@id\":\"https:\\\/\\\/radiolitoral.com\\\/2025\\\/03\\\/teulada-vivio-con-intensidad-la-fiesta-del-circuit-a-peu-marina-alta\\\/#primaryimage\"},\"thumbnailUrl\":\"https:\\\/\\\/media.radiolitoral.com\\\/wp-content\\\/uploads\\\/2025\\\/03\\\/17102621\\\/Podio-absoluto-masculino-scaled.jpg\",\"datePublished\":\"2025-03-17T09:29:26+00:00\",\"description\":\"Jos\u00e9 David Moruno del SD Correcaminos y M\u00aa Isabel Ferrer del CE Llebeig X\u00e0bia fueron los mejores en la prueba reinaJos\u00e9 David Moruno del SD Correcaminos y M\u00aa Isabel Ferrer del CE Llebeig X\u00e0bia fueron los mejores en la prueba reina\",\"breadcrumb\":{\"@id\":\"https:\\\/\\\/radiolitoral.com\\\/2025\\\/03\\\/teulada-vivio-con-intensidad-la-fiesta-del-circuit-a-peu-marina-alta\\\/#breadcrumb\"},\"inLanguage\":\"ca\",\"potentialAction\":[{\"@type\":\"ReadAction\",\"target\":[\"https:\\\/\\\/radiolitoral.com\\\/2025\\\/03\\\/teulada-vivio-con-intensidad-la-fiesta-del-circuit-a-peu-marina-alta\\\/\"]}]},{\"@type\":\"ImageObject\",\"inLanguage\":\"ca\",\"@id\":\"https:\\\/\\\/radiolitoral.com\\\/2025\\\/03\\\/teulada-vivio-con-intensidad-la-fiesta-del-circuit-a-peu-marina-alta\\\/#primaryimage\",\"url\":\"https:\\\/\\\/media.radiolitoral.com\\\/wp-content\\\/uploads\\\/2025\\\/03\\\/17102621\\\/Podio-absoluto-masculino-scaled.jpg\",\"contentUrl\":\"https:\\\/\\\/media.radiolitoral.com\\\/wp-content\\\/uploads\\\/2025\\\/03\\\/17102621\\\/Podio-absoluto-masculino-scaled.jpg\",\"width\":2560,\"height\":1707},{\"@type\":\"BreadcrumbList\",\"@id\":\"https:\\\/\\\/radiolitoral.com\\\/2025\\\/03\\\/teulada-vivio-con-intensidad-la-fiesta-del-circuit-a-peu-marina-alta\\\/#breadcrumb\",\"itemListElement\":[{\"@type\":\"ListItem\",\"position\":1,\"name\":\"Portada\",\"item\":\"https:\\\/\\\/radiolitoral.com\\\/\"},{\"@type\":\"ListItem\",\"position\":2,\"name\":\"Teulada vivi\u00f3 con intensidad la fiesta del Circuit a Peu Marina Alta\"}]},{\"@type\":\"WebSite\",\"@id\":\"https:\\\/\\\/radiolitoral.com\\\/#website\",\"url\":\"https:\\\/\\\/radiolitoral.com\\\/\",\"name\":\"Radio Litoral\",\"description\":\"La radio local de la Marina Alta\",\"publisher\":{\"@id\":\"https:\\\/\\\/radiolitoral.com\\\/#organization\"},\"alternateName\":\"Litoral FM\",\"potentialAction\":[{\"@type\":\"SearchAction\",\"target\":{\"@type\":\"EntryPoint\",\"urlTemplate\":\"https:\\\/\\\/radiolitoral.com\\\/?s={search_term_string}\"},\"query-input\":{\"@type\":\"PropertyValueSpecification\",\"valueRequired\":true,\"valueName\":\"search_term_string\"}}],\"inLanguage\":\"ca\"},{\"@type\":\"Organization\",\"@id\":\"https:\\\/\\\/radiolitoral.com\\\/#organization\",\"name\":\"Radio Litoral\",\"url\":\"https:\\\/\\\/radiolitoral.com\\\/\",\"logo\":{\"@type\":\"ImageObject\",\"inLanguage\":\"ca\",\"@id\":\"https:\\\/\\\/radiolitoral.com\\\/#\\\/schema\\\/logo\\\/image\\\/\",\"url\":\"https:\\\/\\\/media.radiolitoral.com\\\/wp-content\\\/uploads\\\/2023\\\/02\\\/24143238\\\/CL-V-RadioLitoral696.png\",\"contentUrl\":\"https:\\\/\\\/media.radiolitoral.com\\\/wp-content\\\/uploads\\\/2023\\\/02\\\/24143238\\\/CL-V-RadioLitoral696.png\",\"width\":696,\"height\":696,\"caption\":\"Radio Litoral\"},\"image\":{\"@id\":\"https:\\\/\\\/radiolitoral.com\\\/#\\\/schema\\\/logo\\\/image\\\/\"},\"sameAs\":[\"https:\\\/\\\/www.facebook.com\\\/Laradiolitoral\\\/\"]},{\"@type\":\"Person\",\"@id\":\"https:\\\/\\\/radiolitoral.com\\\/#\\\/schema\\\/person\\\/7b1480b5caeb5acdd4ec6379caf62b22\",\"name\":\"Javier Zamora\",\"image\":{\"@type\":\"ImageObject\",\"inLanguage\":\"ca\",\"@id\":\"https:\\\/\\\/secure.gravatar.com\\\/avatar\\\/467a11f6918c7d619c4043fc6fa2d3853053107973f05b6e9c04ea6c4e3a7b3f?s=96&d=mm&r=g\",\"url\":\"https:\\\/\\\/secure.gravatar.com\\\/avatar\\\/467a11f6918c7d619c4043fc6fa2d3853053107973f05b6e9c04ea6c4e3a7b3f?s=96&d=mm&r=g\",\"contentUrl\":\"https:\\\/\\\/secure.gravatar.com\\\/avatar\\\/467a11f6918c7d619c4043fc6fa2d3853053107973f05b6e9c04ea6c4e3a7b3f?s=96&d=mm&r=g\",\"caption\":\"Javier Zamora\"},\"url\":\"https:\\\/\\\/radiolitoral.com\\\/ca\\\/author\\\/javier-zamora\\\/\"}]}<\/script>\n<!-- \/ Yoast SEO plugin. -->","yoast_head_json":{"title":"Teulada va viure amb intensitat la festa del Circuit a Peu Marina Alta | R\u00e0dio Litoral","description":"Jos\u00e9 David Moruno del SD Correcamins i M\u00aa Isabel Ferrer del CE Llebeig X\u00e0bia van ser els millors a la prova reina Jos\u00e9 David Moruno de la SD Correcamins i M\u00aa Isabel Ferrer del CE Llebeig X\u00e0bia van ser els millors a la prova reina","robots":{"index":"index","follow":"follow","max-snippet":"max-snippet:-1","max-image-preview":"max-image-preview:large","max-video-preview":"max-video-preview:-1"},"canonical":"https:\/\/radiolitoral.com\/ca\/2025\/03\/teulada-va-viure-amb-intensitat-la-festa-del-circuit-a-peu-marina-alta\/","og_locale":"ca_ES","og_type":"article","og_title":"Teulada vivi\u00f3 con intensidad la fiesta del Circuit a Peu Marina Alta | R\u00e0dio Litoral","og_description":"Jos\u00e9 David Moruno del SD Correcaminos y M\u00aa Isabel Ferrer del CE Llebeig X\u00e0bia fueron los mejores en la prueba reinaJos\u00e9 David Moruno del SD Correcaminos y M\u00aa Isabel Ferrer del CE Llebeig X\u00e0bia fueron los mejores en la prueba reina","og_url":"https:\/\/radiolitoral.com\/ca\/2025\/03\/teulada-va-viure-amb-intensitat-la-festa-del-circuit-a-peu-marina-alta\/","og_site_name":"R\u00e0dio Litoral","article_publisher":"https:\/\/www.facebook.com\/Laradiolitoral\/","article_published_time":"2025-03-17T09:29:26+00:00","og_image":[{"width":2560,"height":1707,"url":"https:\/\/media.radiolitoral.com\/wp-content\/uploads\/2025\/03\/17102621\/Podio-absoluto-masculino-scaled.jpg","type":"image\/jpeg"}],"author":"Javier Zamora","twitter_card":"summary_large_image","twitter_misc":{"Escrit per":"Javier Zamora","Temps estimat de lectura":"3 minuts"},"schema":{"@context":"https:\/\/schema.org","@graph":[{"@type":"NewsArticle","@id":"https:\/\/radiolitoral.com\/2025\/03\/teulada-vivio-con-intensidad-la-fiesta-del-circuit-a-peu-marina-alta\/#article","isPartOf":{"@id":"https:\/\/radiolitoral.com\/2025\/03\/teulada-vivio-con-intensidad-la-fiesta-del-circuit-a-peu-marina-alta\/"},"author":{"name":"Javier Zamora","@id":"https:\/\/radiolitoral.com\/#\/schema\/person\/7b1480b5caeb5acdd4ec6379caf62b22"},"headline":"Teulada vivi\u00f3 con intensidad la fiesta del Circuit a Peu Marina Alta","datePublished":"2025-03-17T09:29:26+00:00","mainEntityOfPage":{"@id":"https:\/\/radiolitoral.com\/2025\/03\/teulada-vivio-con-intensidad-la-fiesta-del-circuit-a-peu-marina-alta\/"},"wordCount":396,"commentCount":0,"publisher":{"@id":"https:\/\/radiolitoral.com\/#organization"},"image":{"@id":"https:\/\/radiolitoral.com\/2025\/03\/teulada-vivio-con-intensidad-la-fiesta-del-circuit-a-peu-marina-alta\/#primaryimage"},"thumbnailUrl":"https:\/\/media.radiolitoral.com\/wp-content\/uploads\/2025\/03\/17102621\/Podio-absoluto-masculino-scaled.jpg","keywords":["C Ginestar Benissa","CA Ondara","CA Publidom","CE Llebeig X\u00e1bia","Cristina Rosell\u00f3","D\u00e9nia Corre","deportes","Irina Lumanova","Jos\u00e9 David Moruno","Mar\u00eda Isabel Ferrer","Mart\u00ed Buigues Mestre","\u00d3scar Buigues Dalmau","Sof\u00eda Mart\u00ednez Bertomeu","Toni Soler","Vicente Malonda Rosell\u00f3","Vicente Solbes","VIII Volta a Peu Benitatxell"],"articleSection":["Deportes"],"inLanguage":"ca","potentialAction":[{"@type":"CommentAction","name":"Comment","target":["https:\/\/radiolitoral.com\/2025\/03\/teulada-vivio-con-intensidad-la-fiesta-del-circuit-a-peu-marina-alta\/#respond"]}]},{"@type":["WebPage","ItemPage"],"@id":"https:\/\/radiolitoral.com\/2025\/03\/teulada-vivio-con-intensidad-la-fiesta-del-circuit-a-peu-marina-alta\/","url":"https:\/\/radiolitoral.com\/2025\/03\/teulada-vivio-con-intensidad-la-fiesta-del-circuit-a-peu-marina-alta\/","name":"Teulada va viure amb intensitat la festa del Circuit a Peu Marina Alta | R\u00e0dio Litoral","isPartOf":{"@id":"https:\/\/radiolitoral.com\/#website"},"primaryImageOfPage":{"@id":"https:\/\/radiolitoral.com\/2025\/03\/teulada-vivio-con-intensidad-la-fiesta-del-circuit-a-peu-marina-alta\/#primaryimage"},"image":{"@id":"https:\/\/radiolitoral.com\/2025\/03\/teulada-vivio-con-intensidad-la-fiesta-del-circuit-a-peu-marina-alta\/#primaryimage"},"thumbnailUrl":"https:\/\/media.radiolitoral.com\/wp-content\/uploads\/2025\/03\/17102621\/Podio-absoluto-masculino-scaled.jpg","datePublished":"2025-03-17T09:29:26+00:00","description":"Jos\u00e9 David Moruno del SD Correcamins i M\u00aa Isabel Ferrer del CE Llebeig X\u00e0bia van ser els millors a la prova reina Jos\u00e9 David Moruno de la SD Correcamins i M\u00aa Isabel Ferrer del CE Llebeig X\u00e0bia van ser els millors a la prova reina","breadcrumb":{"@id":"https:\/\/radiolitoral.com\/2025\/03\/teulada-vivio-con-intensidad-la-fiesta-del-circuit-a-peu-marina-alta\/#breadcrumb"},"inLanguage":"ca","potentialAction":[{"@type":"ReadAction","target":["https:\/\/radiolitoral.com\/2025\/03\/teulada-vivio-con-intensidad-la-fiesta-del-circuit-a-peu-marina-alta\/"]}]},{"@type":"ImageObject","inLanguage":"ca","@id":"https:\/\/radiolitoral.com\/2025\/03\/teulada-vivio-con-intensidad-la-fiesta-del-circuit-a-peu-marina-alta\/#primaryimage","url":"https:\/\/media.radiolitoral.com\/wp-content\/uploads\/2025\/03\/17102621\/Podio-absoluto-masculino-scaled.jpg","contentUrl":"https:\/\/media.radiolitoral.com\/wp-content\/uploads\/2025\/03\/17102621\/Podio-absoluto-masculino-scaled.jpg","width":2560,"height":1707},{"@type":"BreadcrumbList","@id":"https:\/\/radiolitoral.com\/2025\/03\/teulada-vivio-con-intensidad-la-fiesta-del-circuit-a-peu-marina-alta\/#breadcrumb","itemListElement":[{"@type":"ListItem","position":1,"name":"Portada","item":"https:\/\/radiolitoral.com\/"},{"@type":"ListItem","position":2,"name":"Teulada vivi\u00f3 con intensidad la fiesta del Circuit a Peu Marina Alta"}]},{"@type":"WebSite","@id":"https:\/\/radiolitoral.com\/#website","url":"https:\/\/radiolitoral.com\/","name":"R\u00e0dio Litoral","description":"La r\u00e0dio local de la Marina Alta","publisher":{"@id":"https:\/\/radiolitoral.com\/#organization"},"alternateName":"Litoral FM","potentialAction":[{"@type":"SearchAction","target":{"@type":"EntryPoint","urlTemplate":"https:\/\/radiolitoral.com\/?s={search_term_string}"},"query-input":{"@type":"PropertyValueSpecification","valueRequired":true,"valueName":"search_term_string"}}],"inLanguage":"ca"},{"@type":"Organization","@id":"https:\/\/radiolitoral.com\/#organization","name":"R\u00e0dio Litoral","url":"https:\/\/radiolitoral.com\/","logo":{"@type":"ImageObject","inLanguage":"ca","@id":"https:\/\/radiolitoral.com\/#\/schema\/logo\/image\/","url":"https:\/\/media.radiolitoral.com\/wp-content\/uploads\/2023\/02\/24143238\/CL-V-RadioLitoral696.png","contentUrl":"https:\/\/media.radiolitoral.com\/wp-content\/uploads\/2023\/02\/24143238\/CL-V-RadioLitoral696.png","width":696,"height":696,"caption":"Radio Litoral"},"image":{"@id":"https:\/\/radiolitoral.com\/#\/schema\/logo\/image\/"},"sameAs":["https:\/\/www.facebook.com\/Laradiolitoral\/"]},{"@type":"Person","@id":"https:\/\/radiolitoral.com\/#\/schema\/person\/7b1480b5caeb5acdd4ec6379caf62b22","name":"Javier Zamora","image":{"@type":"ImageObject","inLanguage":"ca","@id":"https:\/\/secure.gravatar.com\/avatar\/467a11f6918c7d619c4043fc6fa2d3853053107973f05b6e9c04ea6c4e3a7b3f?s=96&d=mm&r=g","url":"https:\/\/secure.gravatar.com\/avatar\/467a11f6918c7d619c4043fc6fa2d3853053107973f05b6e9c04ea6c4e3a7b3f?s=96&d=mm&r=g","contentUrl":"https:\/\/secure.gravatar.com\/avatar\/467a11f6918c7d619c4043fc6fa2d3853053107973f05b6e9c04ea6c4e3a7b3f?s=96&d=mm&r=g","caption":"Javier Zamora"},"url":"https:\/\/radiolitoral.com\/ca\/author\/javier-zamora\/"}]}},"_links":{"self":[{"href":"https:\/\/radiolitoral.com\/ca\/wp-json\/wp\/v2\/posts\/15589","targetHints":{"allow":["GET"]}}],"collection":[{"href":"https:\/\/radiolitoral.com\/ca\/wp-json\/wp\/v2\/posts"}],"about":[{"href":"https:\/\/radiolitoral.com\/ca\/wp-json\/wp\/v2\/types\/post"}],"author":[{"embeddable":true,"href":"https:\/\/radiolitoral.com\/ca\/wp-json\/wp\/v2\/users\/12"}],"replies":[{"embeddable":true,"href":"https:\/\/radiolitoral.com\/ca\/wp-json\/wp\/v2\/comments?post=15589"}],"version-history":[{"count":2,"href":"https:\/\/radiolitoral.com\/ca\/wp-json\/wp\/v2\/posts\/15589\/revisions"}],"predecessor-version":[{"id":15597,"href":"https:\/\/radiolitoral.com\/ca\/wp-json\/wp\/v2\/posts\/15589\/revisions\/15597"}],"wp:featuredmedia":[{"embeddable":true,"href":"https:\/\/radiolitoral.com\/ca\/wp-json\/wp\/v2\/media\/15593"}],"wp:attachment":[{"href":"https:\/\/radiolitoral.com\/ca\/wp-json\/wp\/v2\/media?parent=15589"}],"wp:term":[{"taxonomy":"category","embeddable":true,"href":"https:\/\/radiolitoral.com\/ca\/wp-json\/wp\/v2\/categories?post=15589"},{"taxonomy":"post_tag","embeddable":true,"href":"https:\/\/radiolitoral.com\/ca\/wp-json\/wp\/v2\/tags?post=15589"}],"curies":[{"name":"wp","href":"https:\/\/api.w.org\/{rel}","templated":true}]}}