{"id":15585,"date":"2025-03-17T10:21:48","date_gmt":"2025-03-17T09:21:48","guid":{"rendered":"https:\/\/radiolitoral.com\/?p=15585"},"modified":"2025-03-17T10:21:48","modified_gmt":"2025-03-17T09:21:48","slug":"carme-ivars-es-summament-important-invertir-en-igualtat-en-la-promocion-del-feminisme-i-en-intervencio-en-educacio-es-el-nostre-futur","status":"publish","type":"post","link":"https:\/\/radiolitoral.com\/ca\/2025\/03\/carme-ivars-es-sumamente-importante-invertir-en-igualdad-en-la-promocion-del-feminismo-y-en-intervencion-en-educacion-es-nuestro-futuro\/","title":{"rendered":"Carme Ivars: \u201c\u00c9s summament important invertir en igualtat, en la promoci\u00f3 del feminisme i en intervenci\u00f3 en educaci\u00f3, \u00e9s el nostre futur\u201d"},"content":{"rendered":"<p>Al <strong>Primer Caf\u00e8 de R\u00e0dio Litoral<\/strong> hem arrencat setmana amb propostes per fomentar la <strong>coeducaci\u00f3<\/strong> i l&#039;ensenyament a <strong>defensa de la igualtat de g\u00e8nere<\/strong>. Aquest mat\u00ed hem compartit temps de r\u00e0dio amb <strong>Carme Ivars i Teresa de la Cruz<\/strong>, s\u00f2cies fundadores de la <strong>Naturadora.\u00a0<\/strong>Amb elles hem pogut con\u00e8ixer els <strong>projectes coeducatius amb perspectiva de g\u00e8nere<\/strong> que estan desenvolupant des de la Naturadora als centres escolars i instituts de la <strong>Marina Alta. <\/strong>Iniciatives que busquen no nom\u00e9s educar, sin\u00f3 tamb\u00e9 inspirar les noves generacions a construir un futur m\u00e9s igualitari i just per a tothom.<\/p>\n<p>Programes d&#039;educaci\u00f3 sexual, tallers sobre igualtat, activitats sobre diversitat\u2026 una maleta carregada de propostes que s\u00f3n molt ben rebudes pels estudiants de la Marina Alta. Entre les intervencions m\u00e9s recents, les nostres convidades ens han parlat d&#039;un programa de coeducaci\u00f3 que ha servit per treballar amb l&#039;alumnat de diferents col\u00b7legis sobre dones a la ci\u00e8ncia, per acostar-los a professionals del seu entorn, aportant-los referents propers.<\/p>\n<p>Entre els projectes que m\u00e9s repercussi\u00f3 han tingut des dels inicis de la Naturadora, han destacat \u201cLa perruca de Luca\u201d. Una proposta que s&#039;ha dif\u00f3s per tot el territori amb un missatge clar perqu\u00e8 els estereotips de g\u00e8nere no siguin una c\u00e0rrega i cadascun sigui com vulgui ser.<\/p>\n<p>El m\u00e9s complicat, ens han explicat, \u00e9s donar continu\u00eftat als projectes que s&#039;inicien als centres educatius, tot i que reconeixen que les administracions p\u00fabliques cada cop s\u00f3n m\u00e9s conscients de la necessitat d&#039;aquestes intervencions i de la seva continu\u00eftat en el temps.<\/p>\n<p>A la Naturadora la trobareu a xarxes socials ia la seva p\u00e0gina web. Tamb\u00e9 podeu tornar a escoltar l\u00b4entrevista aqu\u00ed.<\/p>\n<audio class=\"wp-audio-shortcode\" id=\"audio-15585-1\" preload=\"none\" style=\"width: 100%;\" controls=\"controls\"><source type=\"audio\/mpeg\" src=\"https:\/\/media.radiolitoral.com\/wp-content\/uploads\/2025\/03\/17101549\/Primer-Cafe-Naturadora.mp3?_=1\" \/><a href=\"https:\/\/media.radiolitoral.com\/wp-content\/uploads\/2025\/03\/17101549\/Primer-Cafe-Naturadora.mp3\">https:\/\/media.radiolitoral.com\/wp-content\/uploads\/2025\/03\/17101549\/Primer-Cafe-Naturadora.mp3<\/a><\/audio>","protected":false},"excerpt":{"rendered":"<p>En el Primer Caf\u00e9 de Radio Litoral hemos arrancado semana con propuestas para fomentar la coeducaci\u00f3n y la ense\u00f1anza en defensa de la igualdad de g\u00e9nero. Esta ma\u00f1ana hemos compartido tiempo de radio con Carme Ivars y Teresa de la Cruz, socias fundadoras de la Naturadora.\u00a0Con ellas hemos podido conocer los proyectos coeducativos con perspectiva [&#8230;]<\/p>\n<p><a class=\"btn btn-secondary understrap-read-more-link\" href=\"https:\/\/radiolitoral.com\/ca\/2025\/03\/carme-ivars-es-sumamente-importante-invertir-en-igualdad-en-la-promocion-del-feminismo-y-en-intervencion-en-educacion-es-nuestro-futuro\/\">Continua llegint&#8230;<span class=\"screen-reader-text\"> from Carme Ivars: \u201cEs sumamente importante invertir en igualdad, en la promoci\u00f3n del feminismo y en intervenci\u00f3n en educaci\u00f3n, es nuestro futuro\u201d<\/span><\/a><\/p>\n","protected":false},"author":13,"featured_media":15587,"comment_status":"open","ping_status":"closed","sticky":false,"template":"","format":"standard","meta":{"_acf_changed":false,"inline_featured_image":false,"footnotes":""},"categories":[130,2753],"tags":[3932,3934,586,3876,3931,2312,3930,3933],"class_list":["post-15585","post","type-post","status-publish","format-standard","has-post-thumbnail","hentry","category-educacion","category-entrevistas","tag-carme-ivars","tag-diversidad","tag-educacion-sexual","tag-igualdad-de-genero","tag-naturadora","tag-primer-cafe","tag-proyectos-coeducativos","tag-teresa-de-la-cruz","cobertura-benissa","cobertura-marina-alta"],"acf":[],"yoast_head":"<!-- This site is optimized with the Yoast SEO plugin v27.5 - https:\/\/yoast.com\/product\/yoast-seo-wordpress\/ -->\n<title>Carme Ivars: \u201cEs sumamente importante invertir en igualdad, en la promoci\u00f3n del feminismo y en intervenci\u00f3n en educaci\u00f3n, es nuestro futuro\u201d | R\u00e0dio Litoral<\/title>\n<meta name=\"description\" content=\"La Naturadora, con sede en Benissa, traslada a los centros educativos de la Marina Alta proyectos de coeducaci\u00f3n\" \/>\n<meta name=\"robots\" content=\"index, follow, max-snippet:-1, max-image-preview:large, max-video-preview:-1\" \/>\n<link rel=\"canonical\" href=\"https:\/\/radiolitoral.com\/ca\/2025\/03\/carme-ivars-es-summament-important-invertir-en-igualtat-en-la-promocion-del-feminisme-i-en-intervencio-en-educacio-es-el-nostre-futur\/\" \/>\n<meta property=\"og:locale\" content=\"ca_ES\" \/>\n<meta property=\"og:type\" content=\"article\" \/>\n<meta property=\"og:title\" content=\"Carme Ivars: \u201cEs sumamente importante invertir en igualdad, en la promoci\u00f3n del feminismo y en intervenci\u00f3n en educaci\u00f3n, es nuestro futuro\u201d | R\u00e0dio Litoral\" \/>\n<meta property=\"og:description\" content=\"La Naturadora, con sede en Benissa, traslada a los centros educativos de la Marina Alta proyectos de coeducaci\u00f3n\" \/>\n<meta property=\"og:url\" content=\"https:\/\/radiolitoral.com\/ca\/2025\/03\/carme-ivars-es-summament-important-invertir-en-igualtat-en-la-promocion-del-feminisme-i-en-intervencio-en-educacio-es-el-nostre-futur\/\" \/>\n<meta property=\"og:site_name\" content=\"R\u00e0dio Litoral\" \/>\n<meta property=\"article:publisher\" content=\"https:\/\/www.facebook.com\/Laradiolitoral\/\" \/>\n<meta property=\"article:published_time\" content=\"2025-03-17T09:21:48+00:00\" \/>\n<meta property=\"og:image\" content=\"https:\/\/media.radiolitoral.com\/wp-content\/uploads\/2025\/03\/17101726\/Carme-Ivars-y-Teresa-de-la-Cruz-socias-fundadoras-de-la-Naturadora.jpg\" \/>\n\t<meta property=\"og:image:width\" content=\"2000\" \/>\n\t<meta property=\"og:image:height\" content=\"1500\" \/>\n\t<meta property=\"og:image:type\" content=\"image\/jpeg\" \/>\n<meta name=\"author\" content=\"Redacci\u00f3n\" \/>\n<meta name=\"twitter:card\" content=\"summary_large_image\" \/>\n<meta name=\"twitter:label1\" content=\"Escrit per\" \/>\n\t<meta name=\"twitter:data1\" content=\"Redacci\u00f3n\" \/>\n\t<meta name=\"twitter:label2\" content=\"Temps estimat de lectura\" \/>\n\t<meta name=\"twitter:data2\" content=\"2 minuts\" \/>\n<script type=\"application\/ld+json\" class=\"yoast-schema-graph\">{\"@context\":\"https:\\\/\\\/schema.org\",\"@graph\":[{\"@type\":\"NewsArticle\",\"@id\":\"https:\\\/\\\/radiolitoral.com\\\/2025\\\/03\\\/carme-ivars-es-sumamente-importante-invertir-en-igualdad-en-la-promocion-del-feminismo-y-en-intervencion-en-educacion-es-nuestro-futuro\\\/#article\",\"isPartOf\":{\"@id\":\"https:\\\/\\\/radiolitoral.com\\\/2025\\\/03\\\/carme-ivars-es-sumamente-importante-invertir-en-igualdad-en-la-promocion-del-feminismo-y-en-intervencion-en-educacion-es-nuestro-futuro\\\/\"},\"author\":{\"name\":\"Redacci\u00f3n\",\"@id\":\"https:\\\/\\\/radiolitoral.com\\\/#\\\/schema\\\/person\\\/f2b2343c49b5d721857cc1002bfdb151\"},\"headline\":\"Carme Ivars: \u201cEs sumamente importante invertir en igualdad, en la promoci\u00f3n del feminismo y en intervenci\u00f3n en educaci\u00f3n, es nuestro futuro\u201d\",\"datePublished\":\"2025-03-17T09:21:48+00:00\",\"mainEntityOfPage\":{\"@id\":\"https:\\\/\\\/radiolitoral.com\\\/2025\\\/03\\\/carme-ivars-es-sumamente-importante-invertir-en-igualdad-en-la-promocion-del-feminismo-y-en-intervencion-en-educacion-es-nuestro-futuro\\\/\"},\"wordCount\":334,\"commentCount\":0,\"publisher\":{\"@id\":\"https:\\\/\\\/radiolitoral.com\\\/#organization\"},\"image\":{\"@id\":\"https:\\\/\\\/radiolitoral.com\\\/2025\\\/03\\\/carme-ivars-es-sumamente-importante-invertir-en-igualdad-en-la-promocion-del-feminismo-y-en-intervencion-en-educacion-es-nuestro-futuro\\\/#primaryimage\"},\"thumbnailUrl\":\"https:\\\/\\\/media.radiolitoral.com\\\/wp-content\\\/uploads\\\/2025\\\/03\\\/17101726\\\/Carme-Ivars-y-Teresa-de-la-Cruz-socias-fundadoras-de-la-Naturadora.jpg\",\"keywords\":[\"Carme Ivars\",\"diversidad\",\"educaci\u00f3n sexual\",\"igualdad de g\u00e9nero\",\"Naturadora\",\"Primer Caf\u00e9\",\"Proyectos coeducativos\",\"Teresa de la Cruz\"],\"articleSection\":[\"Educaci\u00f3n\",\"Entrevistas\"],\"inLanguage\":\"ca\",\"potentialAction\":[{\"@type\":\"CommentAction\",\"name\":\"Comment\",\"target\":[\"https:\\\/\\\/radiolitoral.com\\\/2025\\\/03\\\/carme-ivars-es-sumamente-importante-invertir-en-igualdad-en-la-promocion-del-feminismo-y-en-intervencion-en-educacion-es-nuestro-futuro\\\/#respond\"]}]},{\"@type\":[\"WebPage\",\"ItemPage\"],\"@id\":\"https:\\\/\\\/radiolitoral.com\\\/2025\\\/03\\\/carme-ivars-es-sumamente-importante-invertir-en-igualdad-en-la-promocion-del-feminismo-y-en-intervencion-en-educacion-es-nuestro-futuro\\\/\",\"url\":\"https:\\\/\\\/radiolitoral.com\\\/2025\\\/03\\\/carme-ivars-es-sumamente-importante-invertir-en-igualdad-en-la-promocion-del-feminismo-y-en-intervencion-en-educacion-es-nuestro-futuro\\\/\",\"name\":\"Carme Ivars: \u201cEs sumamente importante invertir en igualdad, en la promoci\u00f3n del feminismo y en intervenci\u00f3n en educaci\u00f3n, es nuestro futuro\u201d | R\u00e0dio Litoral\",\"isPartOf\":{\"@id\":\"https:\\\/\\\/radiolitoral.com\\\/#website\"},\"primaryImageOfPage\":{\"@id\":\"https:\\\/\\\/radiolitoral.com\\\/2025\\\/03\\\/carme-ivars-es-sumamente-importante-invertir-en-igualdad-en-la-promocion-del-feminismo-y-en-intervencion-en-educacion-es-nuestro-futuro\\\/#primaryimage\"},\"image\":{\"@id\":\"https:\\\/\\\/radiolitoral.com\\\/2025\\\/03\\\/carme-ivars-es-sumamente-importante-invertir-en-igualdad-en-la-promocion-del-feminismo-y-en-intervencion-en-educacion-es-nuestro-futuro\\\/#primaryimage\"},\"thumbnailUrl\":\"https:\\\/\\\/media.radiolitoral.com\\\/wp-content\\\/uploads\\\/2025\\\/03\\\/17101726\\\/Carme-Ivars-y-Teresa-de-la-Cruz-socias-fundadoras-de-la-Naturadora.jpg\",\"datePublished\":\"2025-03-17T09:21:48+00:00\",\"description\":\"La Naturadora, con sede en Benissa, traslada a los centros educativos de la Marina Alta proyectos de coeducaci\u00f3n\",\"breadcrumb\":{\"@id\":\"https:\\\/\\\/radiolitoral.com\\\/2025\\\/03\\\/carme-ivars-es-sumamente-importante-invertir-en-igualdad-en-la-promocion-del-feminismo-y-en-intervencion-en-educacion-es-nuestro-futuro\\\/#breadcrumb\"},\"inLanguage\":\"ca\",\"potentialAction\":[{\"@type\":\"ReadAction\",\"target\":[\"https:\\\/\\\/radiolitoral.com\\\/2025\\\/03\\\/carme-ivars-es-sumamente-importante-invertir-en-igualdad-en-la-promocion-del-feminismo-y-en-intervencion-en-educacion-es-nuestro-futuro\\\/\"]}]},{\"@type\":\"ImageObject\",\"inLanguage\":\"ca\",\"@id\":\"https:\\\/\\\/radiolitoral.com\\\/2025\\\/03\\\/carme-ivars-es-sumamente-importante-invertir-en-igualdad-en-la-promocion-del-feminismo-y-en-intervencion-en-educacion-es-nuestro-futuro\\\/#primaryimage\",\"url\":\"https:\\\/\\\/media.radiolitoral.com\\\/wp-content\\\/uploads\\\/2025\\\/03\\\/17101726\\\/Carme-Ivars-y-Teresa-de-la-Cruz-socias-fundadoras-de-la-Naturadora.jpg\",\"contentUrl\":\"https:\\\/\\\/media.radiolitoral.com\\\/wp-content\\\/uploads\\\/2025\\\/03\\\/17101726\\\/Carme-Ivars-y-Teresa-de-la-Cruz-socias-fundadoras-de-la-Naturadora.jpg\",\"width\":2000,\"height\":1500},{\"@type\":\"BreadcrumbList\",\"@id\":\"https:\\\/\\\/radiolitoral.com\\\/2025\\\/03\\\/carme-ivars-es-sumamente-importante-invertir-en-igualdad-en-la-promocion-del-feminismo-y-en-intervencion-en-educacion-es-nuestro-futuro\\\/#breadcrumb\",\"itemListElement\":[{\"@type\":\"ListItem\",\"position\":1,\"name\":\"Portada\",\"item\":\"https:\\\/\\\/radiolitoral.com\\\/\"},{\"@type\":\"ListItem\",\"position\":2,\"name\":\"Carme Ivars: \u201cEs sumamente importante invertir en igualdad, en la promoci\u00f3n del feminismo y en intervenci\u00f3n en educaci\u00f3n, es nuestro futuro\u201d\"}]},{\"@type\":\"WebSite\",\"@id\":\"https:\\\/\\\/radiolitoral.com\\\/#website\",\"url\":\"https:\\\/\\\/radiolitoral.com\\\/\",\"name\":\"Radio Litoral\",\"description\":\"La radio local de la Marina Alta\",\"publisher\":{\"@id\":\"https:\\\/\\\/radiolitoral.com\\\/#organization\"},\"alternateName\":\"Litoral FM\",\"potentialAction\":[{\"@type\":\"SearchAction\",\"target\":{\"@type\":\"EntryPoint\",\"urlTemplate\":\"https:\\\/\\\/radiolitoral.com\\\/?s={search_term_string}\"},\"query-input\":{\"@type\":\"PropertyValueSpecification\",\"valueRequired\":true,\"valueName\":\"search_term_string\"}}],\"inLanguage\":\"ca\"},{\"@type\":\"Organization\",\"@id\":\"https:\\\/\\\/radiolitoral.com\\\/#organization\",\"name\":\"Radio Litoral\",\"url\":\"https:\\\/\\\/radiolitoral.com\\\/\",\"logo\":{\"@type\":\"ImageObject\",\"inLanguage\":\"ca\",\"@id\":\"https:\\\/\\\/radiolitoral.com\\\/#\\\/schema\\\/logo\\\/image\\\/\",\"url\":\"https:\\\/\\\/media.radiolitoral.com\\\/wp-content\\\/uploads\\\/2023\\\/02\\\/24143238\\\/CL-V-RadioLitoral696.png\",\"contentUrl\":\"https:\\\/\\\/media.radiolitoral.com\\\/wp-content\\\/uploads\\\/2023\\\/02\\\/24143238\\\/CL-V-RadioLitoral696.png\",\"width\":696,\"height\":696,\"caption\":\"Radio Litoral\"},\"image\":{\"@id\":\"https:\\\/\\\/radiolitoral.com\\\/#\\\/schema\\\/logo\\\/image\\\/\"},\"sameAs\":[\"https:\\\/\\\/www.facebook.com\\\/Laradiolitoral\\\/\"]},{\"@type\":\"Person\",\"@id\":\"https:\\\/\\\/radiolitoral.com\\\/#\\\/schema\\\/person\\\/f2b2343c49b5d721857cc1002bfdb151\",\"name\":\"Redacci\u00f3n\",\"image\":{\"@type\":\"ImageObject\",\"inLanguage\":\"ca\",\"@id\":\"https:\\\/\\\/secure.gravatar.com\\\/avatar\\\/f771d896c203ad8b3382d7905cfcce5a5c9b008b84b3cd9114e9b9f4cb63f789?s=96&d=mm&r=g\",\"url\":\"https:\\\/\\\/secure.gravatar.com\\\/avatar\\\/f771d896c203ad8b3382d7905cfcce5a5c9b008b84b3cd9114e9b9f4cb63f789?s=96&d=mm&r=g\",\"contentUrl\":\"https:\\\/\\\/secure.gravatar.com\\\/avatar\\\/f771d896c203ad8b3382d7905cfcce5a5c9b008b84b3cd9114e9b9f4cb63f789?s=96&d=mm&r=g\",\"caption\":\"Redacci\u00f3n\"},\"url\":\"https:\\\/\\\/radiolitoral.com\\\/ca\\\/author\\\/miriam-pagan\\\/\"}]}<\/script>\n<!-- \/ Yoast SEO plugin. -->","yoast_head_json":{"title":"Carme Ivars: \u201c\u00c9s molt important invertir en igualtat, en la promoci\u00f3 del feminisme i en intervenci\u00f3 en educaci\u00f3, \u00e9s el nostre futur\u201d | R\u00e0dio Litoral","description":"La Naturadora, amb seu a Benissa, trasllada als centres educatius de la Marina Alta projectes de coeducaci\u00f3","robots":{"index":"index","follow":"follow","max-snippet":"max-snippet:-1","max-image-preview":"max-image-preview:large","max-video-preview":"max-video-preview:-1"},"canonical":"https:\/\/radiolitoral.com\/ca\/2025\/03\/carme-ivars-es-summament-important-invertir-en-igualtat-en-la-promocion-del-feminisme-i-en-intervencio-en-educacio-es-el-nostre-futur\/","og_locale":"ca_ES","og_type":"article","og_title":"Carme Ivars: \u201cEs sumamente importante invertir en igualdad, en la promoci\u00f3n del feminismo y en intervenci\u00f3n en educaci\u00f3n, es nuestro futuro\u201d | R\u00e0dio Litoral","og_description":"La Naturadora, con sede en Benissa, traslada a los centros educativos de la Marina Alta proyectos de coeducaci\u00f3n","og_url":"https:\/\/radiolitoral.com\/ca\/2025\/03\/carme-ivars-es-summament-important-invertir-en-igualtat-en-la-promocion-del-feminisme-i-en-intervencio-en-educacio-es-el-nostre-futur\/","og_site_name":"R\u00e0dio Litoral","article_publisher":"https:\/\/www.facebook.com\/Laradiolitoral\/","article_published_time":"2025-03-17T09:21:48+00:00","og_image":[{"width":2000,"height":1500,"url":"https:\/\/media.radiolitoral.com\/wp-content\/uploads\/2025\/03\/17101726\/Carme-Ivars-y-Teresa-de-la-Cruz-socias-fundadoras-de-la-Naturadora.jpg","type":"image\/jpeg"}],"author":"Redacci\u00f3n","twitter_card":"summary_large_image","twitter_misc":{"Escrit per":"Redacci\u00f3n","Temps estimat de lectura":"2 minuts"},"schema":{"@context":"https:\/\/schema.org","@graph":[{"@type":"NewsArticle","@id":"https:\/\/radiolitoral.com\/2025\/03\/carme-ivars-es-sumamente-importante-invertir-en-igualdad-en-la-promocion-del-feminismo-y-en-intervencion-en-educacion-es-nuestro-futuro\/#article","isPartOf":{"@id":"https:\/\/radiolitoral.com\/2025\/03\/carme-ivars-es-sumamente-importante-invertir-en-igualdad-en-la-promocion-del-feminismo-y-en-intervencion-en-educacion-es-nuestro-futuro\/"},"author":{"name":"Redacci\u00f3n","@id":"https:\/\/radiolitoral.com\/#\/schema\/person\/f2b2343c49b5d721857cc1002bfdb151"},"headline":"Carme Ivars: \u201cEs sumamente importante invertir en igualdad, en la promoci\u00f3n del feminismo y en intervenci\u00f3n en educaci\u00f3n, es nuestro futuro\u201d","datePublished":"2025-03-17T09:21:48+00:00","mainEntityOfPage":{"@id":"https:\/\/radiolitoral.com\/2025\/03\/carme-ivars-es-sumamente-importante-invertir-en-igualdad-en-la-promocion-del-feminismo-y-en-intervencion-en-educacion-es-nuestro-futuro\/"},"wordCount":334,"commentCount":0,"publisher":{"@id":"https:\/\/radiolitoral.com\/#organization"},"image":{"@id":"https:\/\/radiolitoral.com\/2025\/03\/carme-ivars-es-sumamente-importante-invertir-en-igualdad-en-la-promocion-del-feminismo-y-en-intervencion-en-educacion-es-nuestro-futuro\/#primaryimage"},"thumbnailUrl":"https:\/\/media.radiolitoral.com\/wp-content\/uploads\/2025\/03\/17101726\/Carme-Ivars-y-Teresa-de-la-Cruz-socias-fundadoras-de-la-Naturadora.jpg","keywords":["Carme Ivars","diversidad","educaci\u00f3n sexual","igualdad de g\u00e9nero","Naturadora","Primer Caf\u00e9","Proyectos coeducativos","Teresa de la Cruz"],"articleSection":["Educaci\u00f3n","Entrevistas"],"inLanguage":"ca","potentialAction":[{"@type":"CommentAction","name":"Comment","target":["https:\/\/radiolitoral.com\/2025\/03\/carme-ivars-es-sumamente-importante-invertir-en-igualdad-en-la-promocion-del-feminismo-y-en-intervencion-en-educacion-es-nuestro-futuro\/#respond"]}]},{"@type":["WebPage","ItemPage"],"@id":"https:\/\/radiolitoral.com\/2025\/03\/carme-ivars-es-sumamente-importante-invertir-en-igualdad-en-la-promocion-del-feminismo-y-en-intervencion-en-educacion-es-nuestro-futuro\/","url":"https:\/\/radiolitoral.com\/2025\/03\/carme-ivars-es-sumamente-importante-invertir-en-igualdad-en-la-promocion-del-feminismo-y-en-intervencion-en-educacion-es-nuestro-futuro\/","name":"Carme Ivars: \u201c\u00c9s molt important invertir en igualtat, en la promoci\u00f3 del feminisme i en intervenci\u00f3 en educaci\u00f3, \u00e9s el nostre futur\u201d | R\u00e0dio Litoral","isPartOf":{"@id":"https:\/\/radiolitoral.com\/#website"},"primaryImageOfPage":{"@id":"https:\/\/radiolitoral.com\/2025\/03\/carme-ivars-es-sumamente-importante-invertir-en-igualdad-en-la-promocion-del-feminismo-y-en-intervencion-en-educacion-es-nuestro-futuro\/#primaryimage"},"image":{"@id":"https:\/\/radiolitoral.com\/2025\/03\/carme-ivars-es-sumamente-importante-invertir-en-igualdad-en-la-promocion-del-feminismo-y-en-intervencion-en-educacion-es-nuestro-futuro\/#primaryimage"},"thumbnailUrl":"https:\/\/media.radiolitoral.com\/wp-content\/uploads\/2025\/03\/17101726\/Carme-Ivars-y-Teresa-de-la-Cruz-socias-fundadoras-de-la-Naturadora.jpg","datePublished":"2025-03-17T09:21:48+00:00","description":"La Naturadora, amb seu a Benissa, trasllada als centres educatius de la Marina Alta projectes de coeducaci\u00f3","breadcrumb":{"@id":"https:\/\/radiolitoral.com\/2025\/03\/carme-ivars-es-sumamente-importante-invertir-en-igualdad-en-la-promocion-del-feminismo-y-en-intervencion-en-educacion-es-nuestro-futuro\/#breadcrumb"},"inLanguage":"ca","potentialAction":[{"@type":"ReadAction","target":["https:\/\/radiolitoral.com\/2025\/03\/carme-ivars-es-sumamente-importante-invertir-en-igualdad-en-la-promocion-del-feminismo-y-en-intervencion-en-educacion-es-nuestro-futuro\/"]}]},{"@type":"ImageObject","inLanguage":"ca","@id":"https:\/\/radiolitoral.com\/2025\/03\/carme-ivars-es-sumamente-importante-invertir-en-igualdad-en-la-promocion-del-feminismo-y-en-intervencion-en-educacion-es-nuestro-futuro\/#primaryimage","url":"https:\/\/media.radiolitoral.com\/wp-content\/uploads\/2025\/03\/17101726\/Carme-Ivars-y-Teresa-de-la-Cruz-socias-fundadoras-de-la-Naturadora.jpg","contentUrl":"https:\/\/media.radiolitoral.com\/wp-content\/uploads\/2025\/03\/17101726\/Carme-Ivars-y-Teresa-de-la-Cruz-socias-fundadoras-de-la-Naturadora.jpg","width":2000,"height":1500},{"@type":"BreadcrumbList","@id":"https:\/\/radiolitoral.com\/2025\/03\/carme-ivars-es-sumamente-importante-invertir-en-igualdad-en-la-promocion-del-feminismo-y-en-intervencion-en-educacion-es-nuestro-futuro\/#breadcrumb","itemListElement":[{"@type":"ListItem","position":1,"name":"Portada","item":"https:\/\/radiolitoral.com\/"},{"@type":"ListItem","position":2,"name":"Carme Ivars: \u201cEs sumamente importante invertir en igualdad, en la promoci\u00f3n del feminismo y en intervenci\u00f3n en educaci\u00f3n, es nuestro futuro\u201d"}]},{"@type":"WebSite","@id":"https:\/\/radiolitoral.com\/#website","url":"https:\/\/radiolitoral.com\/","name":"R\u00e0dio Litoral","description":"La r\u00e0dio local de la Marina Alta","publisher":{"@id":"https:\/\/radiolitoral.com\/#organization"},"alternateName":"Litoral FM","potentialAction":[{"@type":"SearchAction","target":{"@type":"EntryPoint","urlTemplate":"https:\/\/radiolitoral.com\/?s={search_term_string}"},"query-input":{"@type":"PropertyValueSpecification","valueRequired":true,"valueName":"search_term_string"}}],"inLanguage":"ca"},{"@type":"Organization","@id":"https:\/\/radiolitoral.com\/#organization","name":"R\u00e0dio Litoral","url":"https:\/\/radiolitoral.com\/","logo":{"@type":"ImageObject","inLanguage":"ca","@id":"https:\/\/radiolitoral.com\/#\/schema\/logo\/image\/","url":"https:\/\/media.radiolitoral.com\/wp-content\/uploads\/2023\/02\/24143238\/CL-V-RadioLitoral696.png","contentUrl":"https:\/\/media.radiolitoral.com\/wp-content\/uploads\/2023\/02\/24143238\/CL-V-RadioLitoral696.png","width":696,"height":696,"caption":"Radio Litoral"},"image":{"@id":"https:\/\/radiolitoral.com\/#\/schema\/logo\/image\/"},"sameAs":["https:\/\/www.facebook.com\/Laradiolitoral\/"]},{"@type":"Person","@id":"https:\/\/radiolitoral.com\/#\/schema\/person\/f2b2343c49b5d721857cc1002bfdb151","name":"Redacci\u00f3","image":{"@type":"ImageObject","inLanguage":"ca","@id":"https:\/\/secure.gravatar.com\/avatar\/f771d896c203ad8b3382d7905cfcce5a5c9b008b84b3cd9114e9b9f4cb63f789?s=96&d=mm&r=g","url":"https:\/\/secure.gravatar.com\/avatar\/f771d896c203ad8b3382d7905cfcce5a5c9b008b84b3cd9114e9b9f4cb63f789?s=96&d=mm&r=g","contentUrl":"https:\/\/secure.gravatar.com\/avatar\/f771d896c203ad8b3382d7905cfcce5a5c9b008b84b3cd9114e9b9f4cb63f789?s=96&d=mm&r=g","caption":"Redacci\u00f3n"},"url":"https:\/\/radiolitoral.com\/ca\/author\/miriam-pagan\/"}]}},"_links":{"self":[{"href":"https:\/\/radiolitoral.com\/ca\/wp-json\/wp\/v2\/posts\/15585","targetHints":{"allow":["GET"]}}],"collection":[{"href":"https:\/\/radiolitoral.com\/ca\/wp-json\/wp\/v2\/posts"}],"about":[{"href":"https:\/\/radiolitoral.com\/ca\/wp-json\/wp\/v2\/types\/post"}],"author":[{"embeddable":true,"href":"https:\/\/radiolitoral.com\/ca\/wp-json\/wp\/v2\/users\/13"}],"replies":[{"embeddable":true,"href":"https:\/\/radiolitoral.com\/ca\/wp-json\/wp\/v2\/comments?post=15585"}],"version-history":[{"count":2,"href":"https:\/\/radiolitoral.com\/ca\/wp-json\/wp\/v2\/posts\/15585\/revisions"}],"predecessor-version":[{"id":15591,"href":"https:\/\/radiolitoral.com\/ca\/wp-json\/wp\/v2\/posts\/15585\/revisions\/15591"}],"wp:featuredmedia":[{"embeddable":true,"href":"https:\/\/radiolitoral.com\/ca\/wp-json\/wp\/v2\/media\/15587"}],"wp:attachment":[{"href":"https:\/\/radiolitoral.com\/ca\/wp-json\/wp\/v2\/media?parent=15585"}],"wp:term":[{"taxonomy":"category","embeddable":true,"href":"https:\/\/radiolitoral.com\/ca\/wp-json\/wp\/v2\/categories?post=15585"},{"taxonomy":"post_tag","embeddable":true,"href":"https:\/\/radiolitoral.com\/ca\/wp-json\/wp\/v2\/tags?post=15585"}],"curies":[{"name":"wp","href":"https:\/\/api.w.org\/{rel}","templated":true}]}}