{"id":15573,"date":"2025-03-14T10:06:33","date_gmt":"2025-03-14T09:06:33","guid":{"rendered":"https:\/\/radiolitoral.com\/?p=15573"},"modified":"2025-03-14T10:06:33","modified_gmt":"2025-03-14T09:06:33","slug":"raquel-oltra-convido-que-siguin-responsables-que-gaudeixin-dun-poble-net-amb-la-seva-mascota-felic","status":"publish","type":"post","link":"https:\/\/radiolitoral.com\/ca\/2025\/03\/raquel-oltra-invito-a-que-sean-responsables-que-disfruten-de-un-pueblo-limpio-con-su-mascota-feliz\/","title":{"rendered":"Raquel Oltra: \u201cConvido que siguin responsables, que gaudeixin d&#039;un poble net, amb la seva mascota feli\u00e7\u201d"},"content":{"rendered":"<p>A <strong>R\u00e0dio Litoral<\/strong>, tanquem setmana parlant de mascotes\u2026 o m\u00e9s aviat dels seus amos. Hem aprofitat el nostre <strong>Primer Caf\u00e8<\/strong> d&#039;avui divendres per con\u00e8ixer tots els detalls de la <strong>campanya de conscienciaci\u00f3 ciutadana<\/strong> posada en marxa per la <strong>regidoria de Sanitat i Benestar Animal<\/strong> del <strong>Ajuntament de Benissa<\/strong>, perqu\u00e8 es respectin i quedin lliures d&#039;excrements animals els espais p\u00fablics. Ens ho ha explicat <strong>Raquel Oltra<\/strong>, edil responsable d\u00b4aquesta acci\u00f3, que ha remarcat que l\u00b4objectiu d\u00b4aquesta iniciativa \u00e9s aconseguir una Benissa neta i salubre. Aquesta campanya inclou missatges directes com <em>\u201cEl pip\u00ed em destrueix\u201d<\/em>, <em>\u201cLa caca \u00e9s perillosa\u201d i<\/em> <em>\u201cNo deixis el marr\u00f3\u201d<\/em>, en banderoles que s&#039;han instal\u00b7lat en uns 70 fanals de la localitat.<\/p>\n<p>La proposta es completa amb adhesius a instal\u00b7lar pels ve\u00efns a les cantonades dels seus habitatges. Ser\u00e0 a partir d&#039;aquest dilluns, 17 de mar\u00e7, quan es podran sol\u00b7licitar, mitjan\u00e7ant inst\u00e0ncia, i recollir de manera gratu\u00efta aquests adhesius. Una campanya que es difon a trav\u00e9s de<strong> banderoles<\/strong>, <strong>adhesius<\/strong> i que ens posa a prova tamb\u00e9 amb un<strong> q\u00fcestionari<\/strong> digital. A m\u00e9s, inclou la col\u00b7laboraci\u00f3 de l&#039;alumnat de l&#039;IES Josep Iborra de Benissa, que estan preparant uns cartells informatius sobre alguns punts clau relacionats amb la nova llei de benestar animal sobre la cura de les nostres mascotes.<\/p>\n<p>Amb Raquel Oltra tamb\u00e9 hem parlat de la <strong>ordenan\u00e7a de conviv\u00e8ncia ciutadana<\/strong>, actualment en revisi\u00f3 per adaptar-se a la nova llei de benestar animal, on es recullen les sancions a aplicar als propietaris de mascotes que incompleixen les obligacions que implica tenir un animal. Una normativa que estableix multes que van des dels 30 fins als 600 euros per a les infraccions m\u00e9s greus.<\/p>\n<p>Podeu tornar a escoltar l&#039;entrevista aqu\u00ed.<\/p>\n<audio class=\"wp-audio-shortcode\" id=\"audio-15573-1\" preload=\"none\" style=\"width: 100%;\" controls=\"controls\"><source type=\"audio\/mpeg\" src=\"https:\/\/media.radiolitoral.com\/wp-content\/uploads\/2025\/03\/14100224\/Primer-Cafe-Campana-Perros-Bssa.mp3?_=1\" \/><a href=\"https:\/\/media.radiolitoral.com\/wp-content\/uploads\/2025\/03\/14100224\/Primer-Cafe-Campana-Perros-Bssa.mp3\">https:\/\/media.radiolitoral.com\/wp-content\/uploads\/2025\/03\/14100224\/Primer-Cafe-Campana-Perros-Bssa.mp3<\/a><\/audio>","protected":false},"excerpt":{"rendered":"<p>En Radio Litoral, cerramos semana hablando de mascotas\u2026 o m\u00e1s bien de sus due\u00f1os. Hemos aprovechado nuestro Primer Caf\u00e9 de hoy viernes para conocer todos los detalles de la campa\u00f1a de concienciaci\u00f3n ciudadana puesta en marcha por la concejal\u00eda de Sanidad y Bienestar Animal del Ayuntamiento de Benissa, para que se respeten y queden libres [&#8230;]<\/p>\n<p><a class=\"btn btn-secondary understrap-read-more-link\" href=\"https:\/\/radiolitoral.com\/ca\/2025\/03\/raquel-oltra-invito-a-que-sean-responsables-que-disfruten-de-un-pueblo-limpio-con-su-mascota-feliz\/\">Continua llegint&#8230;<span class=\"screen-reader-text\"> from Raquel Oltra: \u201cInvito a que sean responsables, que disfruten de un pueblo limpio, con su mascota feliz\u201d<\/span><\/a><\/p>\n","protected":false},"author":13,"featured_media":15575,"comment_status":"open","ping_status":"closed","sticky":false,"template":"","format":"standard","meta":{"_acf_changed":false,"inline_featured_image":false,"footnotes":""},"categories":[2753,380],"tags":[3921,2750,3928,2312,887,3929],"class_list":["post-15573","post","type-post","status-publish","format-standard","has-post-thumbnail","hentry","category-entrevistas","category-sanidad","tag-caca-perros","tag-concienciacion-ciudadana","tag-ley-bienestar-animal","tag-primer-cafe","tag-raquel-oltra","tag-salubridad","cobertura-benissa"],"acf":[],"yoast_head":"<!-- This site is optimized with the Yoast SEO plugin v27.5 - https:\/\/yoast.com\/product\/yoast-seo-wordpress\/ -->\n<title>Raquel Oltra: \u201cInvito a que sean responsables, que disfruten de un pueblo limpio, con su mascota feliz\u201d | R\u00e0dio Litoral<\/title>\n<meta name=\"description\" content=\"Benissa lanza una campa\u00f1a de concienciaci\u00f3n ciudadana en busca de un municipio m\u00e1s limpio, libre de cacas, y salubre\" \/>\n<meta name=\"robots\" content=\"index, follow, max-snippet:-1, max-image-preview:large, max-video-preview:-1\" \/>\n<link rel=\"canonical\" href=\"https:\/\/radiolitoral.com\/ca\/2025\/03\/raquel-oltra-convido-que-siguin-responsables-que-gaudeixin-dun-poble-net-amb-la-seva-mascota-felic\/\" \/>\n<meta property=\"og:locale\" content=\"ca_ES\" \/>\n<meta property=\"og:type\" content=\"article\" \/>\n<meta property=\"og:title\" content=\"Raquel Oltra: \u201cInvito a que sean responsables, que disfruten de un pueblo limpio, con su mascota feliz\u201d | R\u00e0dio Litoral\" \/>\n<meta property=\"og:description\" content=\"Benissa lanza una campa\u00f1a de concienciaci\u00f3n ciudadana en busca de un municipio m\u00e1s limpio, libre de cacas, y salubre\" \/>\n<meta property=\"og:url\" content=\"https:\/\/radiolitoral.com\/ca\/2025\/03\/raquel-oltra-convido-que-siguin-responsables-que-gaudeixin-dun-poble-net-amb-la-seva-mascota-felic\/\" \/>\n<meta property=\"og:site_name\" content=\"R\u00e0dio Litoral\" \/>\n<meta property=\"article:publisher\" content=\"https:\/\/www.facebook.com\/Laradiolitoral\/\" \/>\n<meta property=\"article:published_time\" content=\"2025-03-14T09:06:33+00:00\" \/>\n<meta property=\"og:image\" content=\"https:\/\/media.radiolitoral.com\/wp-content\/uploads\/2025\/03\/14100401\/Raquel-Oltra-Primer-Cafe.jpg\" \/>\n\t<meta property=\"og:image:width\" content=\"2000\" \/>\n\t<meta property=\"og:image:height\" content=\"1500\" \/>\n\t<meta property=\"og:image:type\" content=\"image\/jpeg\" \/>\n<meta name=\"author\" content=\"Redacci\u00f3n\" \/>\n<meta name=\"twitter:card\" content=\"summary_large_image\" \/>\n<meta name=\"twitter:label1\" content=\"Escrit per\" \/>\n\t<meta name=\"twitter:data1\" content=\"Redacci\u00f3n\" \/>\n\t<meta name=\"twitter:label2\" content=\"Temps estimat de lectura\" \/>\n\t<meta name=\"twitter:data2\" content=\"2 minuts\" \/>\n<script type=\"application\/ld+json\" class=\"yoast-schema-graph\">{\"@context\":\"https:\\\/\\\/schema.org\",\"@graph\":[{\"@type\":\"NewsArticle\",\"@id\":\"https:\\\/\\\/radiolitoral.com\\\/2025\\\/03\\\/raquel-oltra-invito-a-que-sean-responsables-que-disfruten-de-un-pueblo-limpio-con-su-mascota-feliz\\\/#article\",\"isPartOf\":{\"@id\":\"https:\\\/\\\/radiolitoral.com\\\/2025\\\/03\\\/raquel-oltra-invito-a-que-sean-responsables-que-disfruten-de-un-pueblo-limpio-con-su-mascota-feliz\\\/\"},\"author\":{\"name\":\"Redacci\u00f3n\",\"@id\":\"https:\\\/\\\/radiolitoral.com\\\/#\\\/schema\\\/person\\\/f2b2343c49b5d721857cc1002bfdb151\"},\"headline\":\"Raquel Oltra: \u201cInvito a que sean responsables, que disfruten de un pueblo limpio, con su mascota feliz\u201d\",\"datePublished\":\"2025-03-14T09:06:33+00:00\",\"mainEntityOfPage\":{\"@id\":\"https:\\\/\\\/radiolitoral.com\\\/2025\\\/03\\\/raquel-oltra-invito-a-que-sean-responsables-que-disfruten-de-un-pueblo-limpio-con-su-mascota-feliz\\\/\"},\"wordCount\":334,\"commentCount\":0,\"publisher\":{\"@id\":\"https:\\\/\\\/radiolitoral.com\\\/#organization\"},\"image\":{\"@id\":\"https:\\\/\\\/radiolitoral.com\\\/2025\\\/03\\\/raquel-oltra-invito-a-que-sean-responsables-que-disfruten-de-un-pueblo-limpio-con-su-mascota-feliz\\\/#primaryimage\"},\"thumbnailUrl\":\"https:\\\/\\\/media.radiolitoral.com\\\/wp-content\\\/uploads\\\/2025\\\/03\\\/14100401\\\/Raquel-Oltra-Primer-Cafe.jpg\",\"keywords\":[\"caca perros\",\"Concienciaci\u00f3n Ciudadana\",\"Ley Bienestar Animal\",\"Primer Caf\u00e9\",\"Raquel Oltra\",\"Salubridad\"],\"articleSection\":[\"Entrevistas\",\"Sanidad\"],\"inLanguage\":\"ca\",\"potentialAction\":[{\"@type\":\"CommentAction\",\"name\":\"Comment\",\"target\":[\"https:\\\/\\\/radiolitoral.com\\\/2025\\\/03\\\/raquel-oltra-invito-a-que-sean-responsables-que-disfruten-de-un-pueblo-limpio-con-su-mascota-feliz\\\/#respond\"]}]},{\"@type\":[\"WebPage\",\"ItemPage\"],\"@id\":\"https:\\\/\\\/radiolitoral.com\\\/2025\\\/03\\\/raquel-oltra-invito-a-que-sean-responsables-que-disfruten-de-un-pueblo-limpio-con-su-mascota-feliz\\\/\",\"url\":\"https:\\\/\\\/radiolitoral.com\\\/2025\\\/03\\\/raquel-oltra-invito-a-que-sean-responsables-que-disfruten-de-un-pueblo-limpio-con-su-mascota-feliz\\\/\",\"name\":\"Raquel Oltra: \u201cInvito a que sean responsables, que disfruten de un pueblo limpio, con su mascota feliz\u201d | R\u00e0dio Litoral\",\"isPartOf\":{\"@id\":\"https:\\\/\\\/radiolitoral.com\\\/#website\"},\"primaryImageOfPage\":{\"@id\":\"https:\\\/\\\/radiolitoral.com\\\/2025\\\/03\\\/raquel-oltra-invito-a-que-sean-responsables-que-disfruten-de-un-pueblo-limpio-con-su-mascota-feliz\\\/#primaryimage\"},\"image\":{\"@id\":\"https:\\\/\\\/radiolitoral.com\\\/2025\\\/03\\\/raquel-oltra-invito-a-que-sean-responsables-que-disfruten-de-un-pueblo-limpio-con-su-mascota-feliz\\\/#primaryimage\"},\"thumbnailUrl\":\"https:\\\/\\\/media.radiolitoral.com\\\/wp-content\\\/uploads\\\/2025\\\/03\\\/14100401\\\/Raquel-Oltra-Primer-Cafe.jpg\",\"datePublished\":\"2025-03-14T09:06:33+00:00\",\"description\":\"Benissa lanza una campa\u00f1a de concienciaci\u00f3n ciudadana en busca de un municipio m\u00e1s limpio, libre de cacas, y salubre\",\"breadcrumb\":{\"@id\":\"https:\\\/\\\/radiolitoral.com\\\/2025\\\/03\\\/raquel-oltra-invito-a-que-sean-responsables-que-disfruten-de-un-pueblo-limpio-con-su-mascota-feliz\\\/#breadcrumb\"},\"inLanguage\":\"ca\",\"potentialAction\":[{\"@type\":\"ReadAction\",\"target\":[\"https:\\\/\\\/radiolitoral.com\\\/2025\\\/03\\\/raquel-oltra-invito-a-que-sean-responsables-que-disfruten-de-un-pueblo-limpio-con-su-mascota-feliz\\\/\"]}]},{\"@type\":\"ImageObject\",\"inLanguage\":\"ca\",\"@id\":\"https:\\\/\\\/radiolitoral.com\\\/2025\\\/03\\\/raquel-oltra-invito-a-que-sean-responsables-que-disfruten-de-un-pueblo-limpio-con-su-mascota-feliz\\\/#primaryimage\",\"url\":\"https:\\\/\\\/media.radiolitoral.com\\\/wp-content\\\/uploads\\\/2025\\\/03\\\/14100401\\\/Raquel-Oltra-Primer-Cafe.jpg\",\"contentUrl\":\"https:\\\/\\\/media.radiolitoral.com\\\/wp-content\\\/uploads\\\/2025\\\/03\\\/14100401\\\/Raquel-Oltra-Primer-Cafe.jpg\",\"width\":2000,\"height\":1500},{\"@type\":\"BreadcrumbList\",\"@id\":\"https:\\\/\\\/radiolitoral.com\\\/2025\\\/03\\\/raquel-oltra-invito-a-que-sean-responsables-que-disfruten-de-un-pueblo-limpio-con-su-mascota-feliz\\\/#breadcrumb\",\"itemListElement\":[{\"@type\":\"ListItem\",\"position\":1,\"name\":\"Portada\",\"item\":\"https:\\\/\\\/radiolitoral.com\\\/\"},{\"@type\":\"ListItem\",\"position\":2,\"name\":\"Raquel Oltra: \u201cInvito a que sean responsables, que disfruten de un pueblo limpio, con su mascota feliz\u201d\"}]},{\"@type\":\"WebSite\",\"@id\":\"https:\\\/\\\/radiolitoral.com\\\/#website\",\"url\":\"https:\\\/\\\/radiolitoral.com\\\/\",\"name\":\"Radio Litoral\",\"description\":\"La radio local de la Marina Alta\",\"publisher\":{\"@id\":\"https:\\\/\\\/radiolitoral.com\\\/#organization\"},\"alternateName\":\"Litoral FM\",\"potentialAction\":[{\"@type\":\"SearchAction\",\"target\":{\"@type\":\"EntryPoint\",\"urlTemplate\":\"https:\\\/\\\/radiolitoral.com\\\/?s={search_term_string}\"},\"query-input\":{\"@type\":\"PropertyValueSpecification\",\"valueRequired\":true,\"valueName\":\"search_term_string\"}}],\"inLanguage\":\"ca\"},{\"@type\":\"Organization\",\"@id\":\"https:\\\/\\\/radiolitoral.com\\\/#organization\",\"name\":\"Radio Litoral\",\"url\":\"https:\\\/\\\/radiolitoral.com\\\/\",\"logo\":{\"@type\":\"ImageObject\",\"inLanguage\":\"ca\",\"@id\":\"https:\\\/\\\/radiolitoral.com\\\/#\\\/schema\\\/logo\\\/image\\\/\",\"url\":\"https:\\\/\\\/media.radiolitoral.com\\\/wp-content\\\/uploads\\\/2023\\\/02\\\/24143238\\\/CL-V-RadioLitoral696.png\",\"contentUrl\":\"https:\\\/\\\/media.radiolitoral.com\\\/wp-content\\\/uploads\\\/2023\\\/02\\\/24143238\\\/CL-V-RadioLitoral696.png\",\"width\":696,\"height\":696,\"caption\":\"Radio Litoral\"},\"image\":{\"@id\":\"https:\\\/\\\/radiolitoral.com\\\/#\\\/schema\\\/logo\\\/image\\\/\"},\"sameAs\":[\"https:\\\/\\\/www.facebook.com\\\/Laradiolitoral\\\/\"]},{\"@type\":\"Person\",\"@id\":\"https:\\\/\\\/radiolitoral.com\\\/#\\\/schema\\\/person\\\/f2b2343c49b5d721857cc1002bfdb151\",\"name\":\"Redacci\u00f3n\",\"image\":{\"@type\":\"ImageObject\",\"inLanguage\":\"ca\",\"@id\":\"https:\\\/\\\/secure.gravatar.com\\\/avatar\\\/f771d896c203ad8b3382d7905cfcce5a5c9b008b84b3cd9114e9b9f4cb63f789?s=96&d=mm&r=g\",\"url\":\"https:\\\/\\\/secure.gravatar.com\\\/avatar\\\/f771d896c203ad8b3382d7905cfcce5a5c9b008b84b3cd9114e9b9f4cb63f789?s=96&d=mm&r=g\",\"contentUrl\":\"https:\\\/\\\/secure.gravatar.com\\\/avatar\\\/f771d896c203ad8b3382d7905cfcce5a5c9b008b84b3cd9114e9b9f4cb63f789?s=96&d=mm&r=g\",\"caption\":\"Redacci\u00f3n\"},\"url\":\"https:\\\/\\\/radiolitoral.com\\\/ca\\\/author\\\/miriam-pagan\\\/\"}]}<\/script>\n<!-- \/ Yoast SEO plugin. -->","yoast_head_json":{"title":"Raquel Oltra: &quot;Convido que siguin responsables, que gaudeixin d&#039;un poble net, amb la seva mascota feli\u00e7&quot; | R\u00e0dio Litoral","description":"Benissa llan\u00e7a una campanya de conscienciaci\u00f3 ciutadana a la recerca d&#039;un municipi m\u00e9s net, lliure de caques, i salubre","robots":{"index":"index","follow":"follow","max-snippet":"max-snippet:-1","max-image-preview":"max-image-preview:large","max-video-preview":"max-video-preview:-1"},"canonical":"https:\/\/radiolitoral.com\/ca\/2025\/03\/raquel-oltra-convido-que-siguin-responsables-que-gaudeixin-dun-poble-net-amb-la-seva-mascota-felic\/","og_locale":"ca_ES","og_type":"article","og_title":"Raquel Oltra: \u201cInvito a que sean responsables, que disfruten de un pueblo limpio, con su mascota feliz\u201d | R\u00e0dio Litoral","og_description":"Benissa lanza una campa\u00f1a de concienciaci\u00f3n ciudadana en busca de un municipio m\u00e1s limpio, libre de cacas, y salubre","og_url":"https:\/\/radiolitoral.com\/ca\/2025\/03\/raquel-oltra-convido-que-siguin-responsables-que-gaudeixin-dun-poble-net-amb-la-seva-mascota-felic\/","og_site_name":"R\u00e0dio Litoral","article_publisher":"https:\/\/www.facebook.com\/Laradiolitoral\/","article_published_time":"2025-03-14T09:06:33+00:00","og_image":[{"width":2000,"height":1500,"url":"https:\/\/media.radiolitoral.com\/wp-content\/uploads\/2025\/03\/14100401\/Raquel-Oltra-Primer-Cafe.jpg","type":"image\/jpeg"}],"author":"Redacci\u00f3n","twitter_card":"summary_large_image","twitter_misc":{"Escrit per":"Redacci\u00f3n","Temps estimat de lectura":"2 minuts"},"schema":{"@context":"https:\/\/schema.org","@graph":[{"@type":"NewsArticle","@id":"https:\/\/radiolitoral.com\/2025\/03\/raquel-oltra-invito-a-que-sean-responsables-que-disfruten-de-un-pueblo-limpio-con-su-mascota-feliz\/#article","isPartOf":{"@id":"https:\/\/radiolitoral.com\/2025\/03\/raquel-oltra-invito-a-que-sean-responsables-que-disfruten-de-un-pueblo-limpio-con-su-mascota-feliz\/"},"author":{"name":"Redacci\u00f3n","@id":"https:\/\/radiolitoral.com\/#\/schema\/person\/f2b2343c49b5d721857cc1002bfdb151"},"headline":"Raquel Oltra: \u201cInvito a que sean responsables, que disfruten de un pueblo limpio, con su mascota feliz\u201d","datePublished":"2025-03-14T09:06:33+00:00","mainEntityOfPage":{"@id":"https:\/\/radiolitoral.com\/2025\/03\/raquel-oltra-invito-a-que-sean-responsables-que-disfruten-de-un-pueblo-limpio-con-su-mascota-feliz\/"},"wordCount":334,"commentCount":0,"publisher":{"@id":"https:\/\/radiolitoral.com\/#organization"},"image":{"@id":"https:\/\/radiolitoral.com\/2025\/03\/raquel-oltra-invito-a-que-sean-responsables-que-disfruten-de-un-pueblo-limpio-con-su-mascota-feliz\/#primaryimage"},"thumbnailUrl":"https:\/\/media.radiolitoral.com\/wp-content\/uploads\/2025\/03\/14100401\/Raquel-Oltra-Primer-Cafe.jpg","keywords":["caca perros","Concienciaci\u00f3n Ciudadana","Ley Bienestar Animal","Primer Caf\u00e9","Raquel Oltra","Salubridad"],"articleSection":["Entrevistas","Sanidad"],"inLanguage":"ca","potentialAction":[{"@type":"CommentAction","name":"Comment","target":["https:\/\/radiolitoral.com\/2025\/03\/raquel-oltra-invito-a-que-sean-responsables-que-disfruten-de-un-pueblo-limpio-con-su-mascota-feliz\/#respond"]}]},{"@type":["WebPage","ItemPage"],"@id":"https:\/\/radiolitoral.com\/2025\/03\/raquel-oltra-invito-a-que-sean-responsables-que-disfruten-de-un-pueblo-limpio-con-su-mascota-feliz\/","url":"https:\/\/radiolitoral.com\/2025\/03\/raquel-oltra-invito-a-que-sean-responsables-que-disfruten-de-un-pueblo-limpio-con-su-mascota-feliz\/","name":"Raquel Oltra: &quot;Convido que siguin responsables, que gaudeixin d&#039;un poble net, amb la seva mascota feli\u00e7&quot; | R\u00e0dio Litoral","isPartOf":{"@id":"https:\/\/radiolitoral.com\/#website"},"primaryImageOfPage":{"@id":"https:\/\/radiolitoral.com\/2025\/03\/raquel-oltra-invito-a-que-sean-responsables-que-disfruten-de-un-pueblo-limpio-con-su-mascota-feliz\/#primaryimage"},"image":{"@id":"https:\/\/radiolitoral.com\/2025\/03\/raquel-oltra-invito-a-que-sean-responsables-que-disfruten-de-un-pueblo-limpio-con-su-mascota-feliz\/#primaryimage"},"thumbnailUrl":"https:\/\/media.radiolitoral.com\/wp-content\/uploads\/2025\/03\/14100401\/Raquel-Oltra-Primer-Cafe.jpg","datePublished":"2025-03-14T09:06:33+00:00","description":"Benissa llan\u00e7a una campanya de conscienciaci\u00f3 ciutadana a la recerca d&#039;un municipi m\u00e9s net, lliure de caques, i salubre","breadcrumb":{"@id":"https:\/\/radiolitoral.com\/2025\/03\/raquel-oltra-invito-a-que-sean-responsables-que-disfruten-de-un-pueblo-limpio-con-su-mascota-feliz\/#breadcrumb"},"inLanguage":"ca","potentialAction":[{"@type":"ReadAction","target":["https:\/\/radiolitoral.com\/2025\/03\/raquel-oltra-invito-a-que-sean-responsables-que-disfruten-de-un-pueblo-limpio-con-su-mascota-feliz\/"]}]},{"@type":"ImageObject","inLanguage":"ca","@id":"https:\/\/radiolitoral.com\/2025\/03\/raquel-oltra-invito-a-que-sean-responsables-que-disfruten-de-un-pueblo-limpio-con-su-mascota-feliz\/#primaryimage","url":"https:\/\/media.radiolitoral.com\/wp-content\/uploads\/2025\/03\/14100401\/Raquel-Oltra-Primer-Cafe.jpg","contentUrl":"https:\/\/media.radiolitoral.com\/wp-content\/uploads\/2025\/03\/14100401\/Raquel-Oltra-Primer-Cafe.jpg","width":2000,"height":1500},{"@type":"BreadcrumbList","@id":"https:\/\/radiolitoral.com\/2025\/03\/raquel-oltra-invito-a-que-sean-responsables-que-disfruten-de-un-pueblo-limpio-con-su-mascota-feliz\/#breadcrumb","itemListElement":[{"@type":"ListItem","position":1,"name":"Portada","item":"https:\/\/radiolitoral.com\/"},{"@type":"ListItem","position":2,"name":"Raquel Oltra: \u201cInvito a que sean responsables, que disfruten de un pueblo limpio, con su mascota feliz\u201d"}]},{"@type":"WebSite","@id":"https:\/\/radiolitoral.com\/#website","url":"https:\/\/radiolitoral.com\/","name":"R\u00e0dio Litoral","description":"La r\u00e0dio local de la Marina Alta","publisher":{"@id":"https:\/\/radiolitoral.com\/#organization"},"alternateName":"Litoral FM","potentialAction":[{"@type":"SearchAction","target":{"@type":"EntryPoint","urlTemplate":"https:\/\/radiolitoral.com\/?s={search_term_string}"},"query-input":{"@type":"PropertyValueSpecification","valueRequired":true,"valueName":"search_term_string"}}],"inLanguage":"ca"},{"@type":"Organization","@id":"https:\/\/radiolitoral.com\/#organization","name":"R\u00e0dio Litoral","url":"https:\/\/radiolitoral.com\/","logo":{"@type":"ImageObject","inLanguage":"ca","@id":"https:\/\/radiolitoral.com\/#\/schema\/logo\/image\/","url":"https:\/\/media.radiolitoral.com\/wp-content\/uploads\/2023\/02\/24143238\/CL-V-RadioLitoral696.png","contentUrl":"https:\/\/media.radiolitoral.com\/wp-content\/uploads\/2023\/02\/24143238\/CL-V-RadioLitoral696.png","width":696,"height":696,"caption":"Radio Litoral"},"image":{"@id":"https:\/\/radiolitoral.com\/#\/schema\/logo\/image\/"},"sameAs":["https:\/\/www.facebook.com\/Laradiolitoral\/"]},{"@type":"Person","@id":"https:\/\/radiolitoral.com\/#\/schema\/person\/f2b2343c49b5d721857cc1002bfdb151","name":"Redacci\u00f3","image":{"@type":"ImageObject","inLanguage":"ca","@id":"https:\/\/secure.gravatar.com\/avatar\/f771d896c203ad8b3382d7905cfcce5a5c9b008b84b3cd9114e9b9f4cb63f789?s=96&d=mm&r=g","url":"https:\/\/secure.gravatar.com\/avatar\/f771d896c203ad8b3382d7905cfcce5a5c9b008b84b3cd9114e9b9f4cb63f789?s=96&d=mm&r=g","contentUrl":"https:\/\/secure.gravatar.com\/avatar\/f771d896c203ad8b3382d7905cfcce5a5c9b008b84b3cd9114e9b9f4cb63f789?s=96&d=mm&r=g","caption":"Redacci\u00f3n"},"url":"https:\/\/radiolitoral.com\/ca\/author\/miriam-pagan\/"}]}},"_links":{"self":[{"href":"https:\/\/radiolitoral.com\/ca\/wp-json\/wp\/v2\/posts\/15573","targetHints":{"allow":["GET"]}}],"collection":[{"href":"https:\/\/radiolitoral.com\/ca\/wp-json\/wp\/v2\/posts"}],"about":[{"href":"https:\/\/radiolitoral.com\/ca\/wp-json\/wp\/v2\/types\/post"}],"author":[{"embeddable":true,"href":"https:\/\/radiolitoral.com\/ca\/wp-json\/wp\/v2\/users\/13"}],"replies":[{"embeddable":true,"href":"https:\/\/radiolitoral.com\/ca\/wp-json\/wp\/v2\/comments?post=15573"}],"version-history":[{"count":2,"href":"https:\/\/radiolitoral.com\/ca\/wp-json\/wp\/v2\/posts\/15573\/revisions"}],"predecessor-version":[{"id":15577,"href":"https:\/\/radiolitoral.com\/ca\/wp-json\/wp\/v2\/posts\/15573\/revisions\/15577"}],"wp:featuredmedia":[{"embeddable":true,"href":"https:\/\/radiolitoral.com\/ca\/wp-json\/wp\/v2\/media\/15575"}],"wp:attachment":[{"href":"https:\/\/radiolitoral.com\/ca\/wp-json\/wp\/v2\/media?parent=15573"}],"wp:term":[{"taxonomy":"category","embeddable":true,"href":"https:\/\/radiolitoral.com\/ca\/wp-json\/wp\/v2\/categories?post=15573"},{"taxonomy":"post_tag","embeddable":true,"href":"https:\/\/radiolitoral.com\/ca\/wp-json\/wp\/v2\/tags?post=15573"}],"curies":[{"name":"wp","href":"https:\/\/api.w.org\/{rel}","templated":true}]}}