{"id":15552,"date":"2025-03-13T10:13:32","date_gmt":"2025-03-13T09:13:32","guid":{"rendered":"https:\/\/radiolitoral.com\/?p=15552"},"modified":"2025-03-13T10:13:32","modified_gmt":"2025-03-13T09:13:32","slug":"aci-no-el-pipi-em-destruix-la-campana-de-conscienciacio-sobre-les-deposicions-de-les-mascotes","status":"publish","type":"post","link":"https:\/\/radiolitoral.com\/ca\/2025\/03\/aci-no-el-pipi-em-destruix-la-campana-de-concienciacion-sobre-las-deposiciones-de-las-mascotas\/","title":{"rendered":"\u00abAqu\u00ed no: El pip\u00ed em destru\u00efx\u00bb, la campanya de conscienciaci\u00f3 sobre les deposicions de les mascotes"},"content":{"rendered":"<p data-pm-slice=\"1 1 []\">El <strong>Ajuntament de Benissa<\/strong>, a trav\u00e9s de la <strong>Regidoria de Sanitat i Benestar Animal<\/strong>, ha posat en marxa una nova campanya de conscienciaci\u00f3 destinada a millorar la neteja dels espais p\u00fablics. Sota el lema <strong>\u00abAqu\u00ed no: El pip\u00ed em destrueix\u00bb<\/strong>, la iniciativa busca recordar als amos de mascotes la import\u00e0ncia de recollir els excrements i netejar l&#039;orina dels gossos a la via p\u00fablica.<\/p>\n<p>La campanya inclou la instal\u00b7laci\u00f3 de <strong>70 banderoles<\/strong> a diferents punts del municipi, amb missatges directes i visuals com El pip\u00ed em destru\u00efx, La caca \u00e9s perillosa i No deixis el marr\u00f3. Aquests cartells busquen captar latenci\u00f3 dels ve\u00efns i fomentar comportaments m\u00e9s responsables amb lentorn.<\/p>\n<p><a href=\"https:\/\/media.radiolitoral.com\/wp-content\/uploads\/2025\/03\/13100935\/Farolas-campana-concienciacion-3-scaled.jpg\"><img loading=\"lazy\" decoding=\"async\" class=\"size-full wp-image-15554 aligncenter\" src=\"https:\/\/media.radiolitoral.com\/wp-content\/uploads\/2025\/03\/13100935\/Farolas-campana-concienciacion-3-scaled.jpg\" alt=\"\" width=\"2221\" height=\"2560\" srcset=\"https:\/\/media.radiolitoral.com\/wp-content\/uploads\/2025\/03\/13100935\/Farolas-campana-concienciacion-3-scaled.jpg 2221w, https:\/\/media.radiolitoral.com\/wp-content\/uploads\/2025\/03\/13100935\/Farolas-campana-concienciacion-3-260x300.jpg 260w, https:\/\/media.radiolitoral.com\/wp-content\/uploads\/2025\/03\/13100935\/Farolas-campana-concienciacion-3-888x1024.jpg 888w, https:\/\/media.radiolitoral.com\/wp-content\/uploads\/2025\/03\/13100935\/Farolas-campana-concienciacion-3-768x885.jpg 768w, https:\/\/media.radiolitoral.com\/wp-content\/uploads\/2025\/03\/13100935\/Farolas-campana-concienciacion-3-1333x1536.jpg 1333w, https:\/\/media.radiolitoral.com\/wp-content\/uploads\/2025\/03\/13100935\/Farolas-campana-concienciacion-3-1777x2048.jpg 1777w, https:\/\/media.radiolitoral.com\/wp-content\/uploads\/2025\/03\/13100935\/Farolas-campana-concienciacion-3-10x12.jpg 10w, https:\/\/media.radiolitoral.com\/wp-content\/uploads\/2025\/03\/13100935\/Farolas-campana-concienciacion-3-868x1000.jpg 868w, https:\/\/media.radiolitoral.com\/wp-content\/uploads\/2025\/03\/13100935\/Farolas-campana-concienciacion-3-87x100.jpg 87w, https:\/\/media.radiolitoral.com\/wp-content\/uploads\/2025\/03\/13100935\/Farolas-campana-concienciacion-3-174x200.jpg 174w\" sizes=\"auto, (max-width: 2221px) 100vw, 2221px\" \/><\/a><\/p>\n<h3>Implicaci\u00f3 de l&#039;Ajuntament a la neteja p\u00fablica<\/h3>\n<p>La regidora de <strong>Sanitat i Benestar Animal<\/strong>, <strong>Raquel Oltra<\/strong>, ha subratllat el prop\u00f2sit d&#039;aquesta acci\u00f3, i ha destacat que \u00abno es tracta nom\u00e9s d&#039;una q\u00fcesti\u00f3 est\u00e8tica, sin\u00f3 tamb\u00e9 de salut p\u00fablica i conviv\u00e8ncia. Tots volem una Benissa neta i agradable, i per aconseguir-ho necessitem la col\u00b7laboraci\u00f3 de la ciutadania\u00bb.<\/p>\n<p>El <strong>alcalde de Benissa, Arturo Poquet<\/strong>, tamb\u00e9 ha ressaltat el comprom\u00eds del consistori amb el manteniment del municipi, assenyalant que \u00abvolem que Benissa sigui un referent en neteja i civisme. Aquesta campanya \u00e9s una crida per recordar que la via p\u00fablica \u00e9s de tots i que el seu manteniment \u00e9s una responsabilitat compartida\u00bb.<\/p>\n<p><a href=\"https:\/\/media.radiolitoral.com\/wp-content\/uploads\/2025\/03\/13100958\/Farolas-campana-concienciacion-scaled.jpg\"><img loading=\"lazy\" decoding=\"async\" class=\"size-full wp-image-15555 aligncenter\" src=\"https:\/\/media.radiolitoral.com\/wp-content\/uploads\/2025\/03\/13100958\/Farolas-campana-concienciacion-scaled.jpg\" alt=\"\" width=\"2291\" height=\"2560\" srcset=\"https:\/\/media.radiolitoral.com\/wp-content\/uploads\/2025\/03\/13100958\/Farolas-campana-concienciacion-scaled.jpg 2291w, https:\/\/media.radiolitoral.com\/wp-content\/uploads\/2025\/03\/13100958\/Farolas-campana-concienciacion-269x300.jpg 269w, https:\/\/media.radiolitoral.com\/wp-content\/uploads\/2025\/03\/13100958\/Farolas-campana-concienciacion-917x1024.jpg 917w, https:\/\/media.radiolitoral.com\/wp-content\/uploads\/2025\/03\/13100958\/Farolas-campana-concienciacion-768x858.jpg 768w, https:\/\/media.radiolitoral.com\/wp-content\/uploads\/2025\/03\/13100958\/Farolas-campana-concienciacion-1375x1536.jpg 1375w, https:\/\/media.radiolitoral.com\/wp-content\/uploads\/2025\/03\/13100958\/Farolas-campana-concienciacion-1833x2048.jpg 1833w, https:\/\/media.radiolitoral.com\/wp-content\/uploads\/2025\/03\/13100958\/Farolas-campana-concienciacion-11x12.jpg 11w, https:\/\/media.radiolitoral.com\/wp-content\/uploads\/2025\/03\/13100958\/Farolas-campana-concienciacion-895x1000.jpg 895w, https:\/\/media.radiolitoral.com\/wp-content\/uploads\/2025\/03\/13100958\/Farolas-campana-concienciacion-90x100.jpg 90w, https:\/\/media.radiolitoral.com\/wp-content\/uploads\/2025\/03\/13100958\/Farolas-campana-concienciacion-179x200.jpg 179w\" sizes=\"auto, (max-width: 2291px) 100vw, 2291px\" \/><\/a><\/p>\n<h3>Material de conscienciaci\u00f3 a disposici\u00f3 dels ve\u00efns<\/h3>\n<p>Com a part de la iniciativa, a partir del <strong>dilluns 17 de mar\u00e7<\/strong>, els ve\u00efns podran recollir <strong>adhesius<\/strong> amb el lema de la campanya per col\u00b7locar a les cantonades dels edificis. Aquestes estaran disponibles de forma gratu\u00efta a la <strong>Consergeria de l&#039;Ajuntament<\/strong>, ubicada a la <strong>Pla\u00e7a del Portal, 1<\/strong>.<\/p>\n<p>A m\u00e9s, s&#039;ha posat en marxa un <strong>potser digital<\/strong> que permet als ciutadans avaluar els coneixements sobre neteja urbana i responsabilitat amb les mascotes. L&#039;eina, accessible a la plataforma <a href=\"https:\/\/yosilohago.org\/benissa\/questions\/2\">https:\/\/yosilohago.org\/benissa\/questions\/2<\/a>, busca refor\u00e7ar l&#039;educaci\u00f3 i la conscienciaci\u00f3 en aquesta mat\u00e8ria.<\/p>","protected":false},"excerpt":{"rendered":"<p>El Ayuntamiento de Benissa, a trav\u00e9s de la Concejal\u00eda de Sanidad y Bienestar Animal, ha puesto en marcha una nueva campa\u00f1a de concienciaci\u00f3n destinada a mejorar la limpieza de los espacios p\u00fablicos. Bajo el lema \u00abAc\u00ed no: El pip\u00ed em destru\u00efx\u00bb, la iniciativa busca recordar a los due\u00f1os de mascotas la importancia de recoger los [&#8230;]<\/p>\n<p><a class=\"btn btn-secondary understrap-read-more-link\" href=\"https:\/\/radiolitoral.com\/ca\/2025\/03\/aci-no-el-pipi-em-destruix-la-campana-de-concienciacion-sobre-las-deposiciones-de-las-mascotas\/\">Continua llegint&#8230;<span class=\"screen-reader-text\"> from \u00abAc\u00ed no: El pip\u00ed em destru\u00efx\u00bb, la campa\u00f1a de concienciaci\u00f3n sobre las deposiciones de las mascotas<\/span><\/a><\/p>\n","protected":false},"author":14,"featured_media":15553,"comment_status":"open","ping_status":"closed","sticky":false,"template":"","format":"standard","meta":{"_acf_changed":false,"inline_featured_image":false,"footnotes":""},"categories":[46],"tags":[126,3921,3922,89,3920],"class_list":["post-15552","post","type-post","status-publish","format-standard","has-post-thumbnail","hentry","category-sociedad","tag-benissa","tag-caca-perros","tag-deposiciones-perros","tag-mascotas","tag-pipi-perros","cobertura-benissa"],"acf":[],"yoast_head":"<!-- This site is optimized with the Yoast SEO plugin v27.5 - https:\/\/yoast.com\/product\/yoast-seo-wordpress\/ -->\n<title>&quot;Ac\u00ed no: El pip\u00ed em destru\u00efx&quot;, la campa\u00f1a de concienciaci\u00f3n sobre las deposiciones de las mascotas | R\u00e0dio Litoral<\/title>\n<meta name=\"description\" content=\"El Ayuntamiento de Benissa impulsa esta iniciativa para mejorar la convivencia\" \/>\n<meta name=\"robots\" content=\"index, follow, max-snippet:-1, max-image-preview:large, max-video-preview:-1\" \/>\n<link rel=\"canonical\" href=\"https:\/\/radiolitoral.com\/ca\/2025\/03\/aci-no-el-pipi-em-destruix-la-campana-de-conscienciacio-sobre-les-deposicions-de-les-mascotes\/\" \/>\n<meta property=\"og:locale\" content=\"ca_ES\" \/>\n<meta property=\"og:type\" content=\"article\" \/>\n<meta property=\"og:title\" content=\"&quot;Ac\u00ed no: El pip\u00ed em destru\u00efx&quot;, la campa\u00f1a de concienciaci\u00f3n sobre las deposiciones de las mascotas | R\u00e0dio Litoral\" \/>\n<meta property=\"og:description\" content=\"El Ayuntamiento de Benissa impulsa esta iniciativa para mejorar la convivencia\" \/>\n<meta property=\"og:url\" content=\"https:\/\/radiolitoral.com\/ca\/2025\/03\/aci-no-el-pipi-em-destruix-la-campana-de-conscienciacio-sobre-les-deposicions-de-les-mascotes\/\" \/>\n<meta property=\"og:site_name\" content=\"R\u00e0dio Litoral\" \/>\n<meta property=\"article:publisher\" content=\"https:\/\/www.facebook.com\/Laradiolitoral\/\" \/>\n<meta property=\"article:published_time\" content=\"2025-03-13T09:13:32+00:00\" \/>\n<meta property=\"og:image\" content=\"https:\/\/media.radiolitoral.com\/wp-content\/uploads\/2025\/03\/13100901\/Farolas-campana-concienciacion-2-scaled.jpg\" \/>\n\t<meta property=\"og:image:width\" content=\"2560\" \/>\n\t<meta property=\"og:image:height\" content=\"1920\" \/>\n\t<meta property=\"og:image:type\" content=\"image\/jpeg\" \/>\n<meta name=\"author\" content=\"Redacci\u00f3n\" \/>\n<meta name=\"twitter:card\" content=\"summary_large_image\" \/>\n<meta name=\"twitter:label1\" content=\"Escrit per\" \/>\n\t<meta name=\"twitter:data1\" content=\"Redacci\u00f3n\" \/>\n\t<meta name=\"twitter:label2\" content=\"Temps estimat de lectura\" \/>\n\t<meta name=\"twitter:data2\" content=\"3 minuts\" \/>\n<script type=\"application\/ld+json\" class=\"yoast-schema-graph\">{\"@context\":\"https:\\\/\\\/schema.org\",\"@graph\":[{\"@type\":\"NewsArticle\",\"@id\":\"https:\\\/\\\/radiolitoral.com\\\/2025\\\/03\\\/aci-no-el-pipi-em-destruix-la-campana-de-concienciacion-sobre-las-deposiciones-de-las-mascotas\\\/#article\",\"isPartOf\":{\"@id\":\"https:\\\/\\\/radiolitoral.com\\\/2025\\\/03\\\/aci-no-el-pipi-em-destruix-la-campana-de-concienciacion-sobre-las-deposiciones-de-las-mascotas\\\/\"},\"author\":{\"name\":\"Redacci\u00f3n\",\"@id\":\"https:\\\/\\\/radiolitoral.com\\\/#\\\/schema\\\/person\\\/96b739642eb3bedb532aac3812d23307\"},\"headline\":\"\u00abAc\u00ed no: El pip\u00ed em destru\u00efx\u00bb, la campa\u00f1a de concienciaci\u00f3n sobre las deposiciones de las mascotas\",\"datePublished\":\"2025-03-13T09:13:32+00:00\",\"mainEntityOfPage\":{\"@id\":\"https:\\\/\\\/radiolitoral.com\\\/2025\\\/03\\\/aci-no-el-pipi-em-destruix-la-campana-de-concienciacion-sobre-las-deposiciones-de-las-mascotas\\\/\"},\"wordCount\":383,\"commentCount\":0,\"publisher\":{\"@id\":\"https:\\\/\\\/radiolitoral.com\\\/#organization\"},\"image\":{\"@id\":\"https:\\\/\\\/radiolitoral.com\\\/2025\\\/03\\\/aci-no-el-pipi-em-destruix-la-campana-de-concienciacion-sobre-las-deposiciones-de-las-mascotas\\\/#primaryimage\"},\"thumbnailUrl\":\"https:\\\/\\\/media.radiolitoral.com\\\/wp-content\\\/uploads\\\/2025\\\/03\\\/13100901\\\/Farolas-campana-concienciacion-2-scaled.jpg\",\"keywords\":[\"Benissa\",\"caca perros\",\"deposiciones perros\",\"Mascotas\",\"pipi perros\"],\"articleSection\":[\"Sociedad\"],\"inLanguage\":\"ca\",\"potentialAction\":[{\"@type\":\"CommentAction\",\"name\":\"Comment\",\"target\":[\"https:\\\/\\\/radiolitoral.com\\\/2025\\\/03\\\/aci-no-el-pipi-em-destruix-la-campana-de-concienciacion-sobre-las-deposiciones-de-las-mascotas\\\/#respond\"]}]},{\"@type\":[\"WebPage\",\"ItemPage\"],\"@id\":\"https:\\\/\\\/radiolitoral.com\\\/2025\\\/03\\\/aci-no-el-pipi-em-destruix-la-campana-de-concienciacion-sobre-las-deposiciones-de-las-mascotas\\\/\",\"url\":\"https:\\\/\\\/radiolitoral.com\\\/2025\\\/03\\\/aci-no-el-pipi-em-destruix-la-campana-de-concienciacion-sobre-las-deposiciones-de-las-mascotas\\\/\",\"name\":\"\\\"Ac\u00ed no: El pip\u00ed em destru\u00efx\\\", la campa\u00f1a de concienciaci\u00f3n sobre las deposiciones de las mascotas | R\u00e0dio Litoral\",\"isPartOf\":{\"@id\":\"https:\\\/\\\/radiolitoral.com\\\/#website\"},\"primaryImageOfPage\":{\"@id\":\"https:\\\/\\\/radiolitoral.com\\\/2025\\\/03\\\/aci-no-el-pipi-em-destruix-la-campana-de-concienciacion-sobre-las-deposiciones-de-las-mascotas\\\/#primaryimage\"},\"image\":{\"@id\":\"https:\\\/\\\/radiolitoral.com\\\/2025\\\/03\\\/aci-no-el-pipi-em-destruix-la-campana-de-concienciacion-sobre-las-deposiciones-de-las-mascotas\\\/#primaryimage\"},\"thumbnailUrl\":\"https:\\\/\\\/media.radiolitoral.com\\\/wp-content\\\/uploads\\\/2025\\\/03\\\/13100901\\\/Farolas-campana-concienciacion-2-scaled.jpg\",\"datePublished\":\"2025-03-13T09:13:32+00:00\",\"description\":\"El Ayuntamiento de Benissa impulsa esta iniciativa para mejorar la convivencia\",\"breadcrumb\":{\"@id\":\"https:\\\/\\\/radiolitoral.com\\\/2025\\\/03\\\/aci-no-el-pipi-em-destruix-la-campana-de-concienciacion-sobre-las-deposiciones-de-las-mascotas\\\/#breadcrumb\"},\"inLanguage\":\"ca\",\"potentialAction\":[{\"@type\":\"ReadAction\",\"target\":[\"https:\\\/\\\/radiolitoral.com\\\/2025\\\/03\\\/aci-no-el-pipi-em-destruix-la-campana-de-concienciacion-sobre-las-deposiciones-de-las-mascotas\\\/\"]}]},{\"@type\":\"ImageObject\",\"inLanguage\":\"ca\",\"@id\":\"https:\\\/\\\/radiolitoral.com\\\/2025\\\/03\\\/aci-no-el-pipi-em-destruix-la-campana-de-concienciacion-sobre-las-deposiciones-de-las-mascotas\\\/#primaryimage\",\"url\":\"https:\\\/\\\/media.radiolitoral.com\\\/wp-content\\\/uploads\\\/2025\\\/03\\\/13100901\\\/Farolas-campana-concienciacion-2-scaled.jpg\",\"contentUrl\":\"https:\\\/\\\/media.radiolitoral.com\\\/wp-content\\\/uploads\\\/2025\\\/03\\\/13100901\\\/Farolas-campana-concienciacion-2-scaled.jpg\",\"width\":2560,\"height\":1920},{\"@type\":\"BreadcrumbList\",\"@id\":\"https:\\\/\\\/radiolitoral.com\\\/2025\\\/03\\\/aci-no-el-pipi-em-destruix-la-campana-de-concienciacion-sobre-las-deposiciones-de-las-mascotas\\\/#breadcrumb\",\"itemListElement\":[{\"@type\":\"ListItem\",\"position\":1,\"name\":\"Portada\",\"item\":\"https:\\\/\\\/radiolitoral.com\\\/\"},{\"@type\":\"ListItem\",\"position\":2,\"name\":\"\u00abAc\u00ed no: El pip\u00ed em destru\u00efx\u00bb, la campa\u00f1a de concienciaci\u00f3n sobre las deposiciones de las mascotas\"}]},{\"@type\":\"WebSite\",\"@id\":\"https:\\\/\\\/radiolitoral.com\\\/#website\",\"url\":\"https:\\\/\\\/radiolitoral.com\\\/\",\"name\":\"Radio Litoral\",\"description\":\"La radio local de la Marina Alta\",\"publisher\":{\"@id\":\"https:\\\/\\\/radiolitoral.com\\\/#organization\"},\"alternateName\":\"Litoral FM\",\"potentialAction\":[{\"@type\":\"SearchAction\",\"target\":{\"@type\":\"EntryPoint\",\"urlTemplate\":\"https:\\\/\\\/radiolitoral.com\\\/?s={search_term_string}\"},\"query-input\":{\"@type\":\"PropertyValueSpecification\",\"valueRequired\":true,\"valueName\":\"search_term_string\"}}],\"inLanguage\":\"ca\"},{\"@type\":\"Organization\",\"@id\":\"https:\\\/\\\/radiolitoral.com\\\/#organization\",\"name\":\"Radio Litoral\",\"url\":\"https:\\\/\\\/radiolitoral.com\\\/\",\"logo\":{\"@type\":\"ImageObject\",\"inLanguage\":\"ca\",\"@id\":\"https:\\\/\\\/radiolitoral.com\\\/#\\\/schema\\\/logo\\\/image\\\/\",\"url\":\"https:\\\/\\\/media.radiolitoral.com\\\/wp-content\\\/uploads\\\/2023\\\/02\\\/24143238\\\/CL-V-RadioLitoral696.png\",\"contentUrl\":\"https:\\\/\\\/media.radiolitoral.com\\\/wp-content\\\/uploads\\\/2023\\\/02\\\/24143238\\\/CL-V-RadioLitoral696.png\",\"width\":696,\"height\":696,\"caption\":\"Radio Litoral\"},\"image\":{\"@id\":\"https:\\\/\\\/radiolitoral.com\\\/#\\\/schema\\\/logo\\\/image\\\/\"},\"sameAs\":[\"https:\\\/\\\/www.facebook.com\\\/Laradiolitoral\\\/\"]},{\"@type\":\"Person\",\"@id\":\"https:\\\/\\\/radiolitoral.com\\\/#\\\/schema\\\/person\\\/96b739642eb3bedb532aac3812d23307\",\"name\":\"Redacci\u00f3n\",\"image\":{\"@type\":\"ImageObject\",\"inLanguage\":\"ca\",\"@id\":\"https:\\\/\\\/secure.gravatar.com\\\/avatar\\\/30cd06129ee90411dd9c7cbdcf17464181d1a3c7b072e92070ea75a25cf0097e?s=96&d=mm&r=g\",\"url\":\"https:\\\/\\\/secure.gravatar.com\\\/avatar\\\/30cd06129ee90411dd9c7cbdcf17464181d1a3c7b072e92070ea75a25cf0097e?s=96&d=mm&r=g\",\"contentUrl\":\"https:\\\/\\\/secure.gravatar.com\\\/avatar\\\/30cd06129ee90411dd9c7cbdcf17464181d1a3c7b072e92070ea75a25cf0097e?s=96&d=mm&r=g\",\"caption\":\"Redacci\u00f3n\"},\"url\":\"https:\\\/\\\/radiolitoral.com\\\/ca\\\/author\\\/kevin-carrio\\\/\"}]}<\/script>\n<!-- \/ Yoast SEO plugin. -->","yoast_head_json":{"title":"&quot;Aqu\u00ed no: El pip\u00ed em destrueix&quot;, la campanya de conscienciaci\u00f3 sobre les deposicions de les mascotes | R\u00e0dio Litoral","description":"L&#039;Ajuntament de Benissa impulsa aquesta iniciativa per millorar la conviv\u00e8ncia","robots":{"index":"index","follow":"follow","max-snippet":"max-snippet:-1","max-image-preview":"max-image-preview:large","max-video-preview":"max-video-preview:-1"},"canonical":"https:\/\/radiolitoral.com\/ca\/2025\/03\/aci-no-el-pipi-em-destruix-la-campana-de-conscienciacio-sobre-les-deposicions-de-les-mascotes\/","og_locale":"ca_ES","og_type":"article","og_title":"\"Ac\u00ed no: El pip\u00ed em destru\u00efx\", la campa\u00f1a de concienciaci\u00f3n sobre las deposiciones de las mascotas | R\u00e0dio Litoral","og_description":"El Ayuntamiento de Benissa impulsa esta iniciativa para mejorar la convivencia","og_url":"https:\/\/radiolitoral.com\/ca\/2025\/03\/aci-no-el-pipi-em-destruix-la-campana-de-conscienciacio-sobre-les-deposicions-de-les-mascotes\/","og_site_name":"R\u00e0dio Litoral","article_publisher":"https:\/\/www.facebook.com\/Laradiolitoral\/","article_published_time":"2025-03-13T09:13:32+00:00","og_image":[{"width":2560,"height":1920,"url":"https:\/\/media.radiolitoral.com\/wp-content\/uploads\/2025\/03\/13100901\/Farolas-campana-concienciacion-2-scaled.jpg","type":"image\/jpeg"}],"author":"Redacci\u00f3n","twitter_card":"summary_large_image","twitter_misc":{"Escrit per":"Redacci\u00f3n","Temps estimat de lectura":"3 minuts"},"schema":{"@context":"https:\/\/schema.org","@graph":[{"@type":"NewsArticle","@id":"https:\/\/radiolitoral.com\/2025\/03\/aci-no-el-pipi-em-destruix-la-campana-de-concienciacion-sobre-las-deposiciones-de-las-mascotas\/#article","isPartOf":{"@id":"https:\/\/radiolitoral.com\/2025\/03\/aci-no-el-pipi-em-destruix-la-campana-de-concienciacion-sobre-las-deposiciones-de-las-mascotas\/"},"author":{"name":"Redacci\u00f3n","@id":"https:\/\/radiolitoral.com\/#\/schema\/person\/96b739642eb3bedb532aac3812d23307"},"headline":"\u00abAc\u00ed no: El pip\u00ed em destru\u00efx\u00bb, la campa\u00f1a de concienciaci\u00f3n sobre las deposiciones de las mascotas","datePublished":"2025-03-13T09:13:32+00:00","mainEntityOfPage":{"@id":"https:\/\/radiolitoral.com\/2025\/03\/aci-no-el-pipi-em-destruix-la-campana-de-concienciacion-sobre-las-deposiciones-de-las-mascotas\/"},"wordCount":383,"commentCount":0,"publisher":{"@id":"https:\/\/radiolitoral.com\/#organization"},"image":{"@id":"https:\/\/radiolitoral.com\/2025\/03\/aci-no-el-pipi-em-destruix-la-campana-de-concienciacion-sobre-las-deposiciones-de-las-mascotas\/#primaryimage"},"thumbnailUrl":"https:\/\/media.radiolitoral.com\/wp-content\/uploads\/2025\/03\/13100901\/Farolas-campana-concienciacion-2-scaled.jpg","keywords":["Benissa","caca perros","deposiciones perros","Mascotas","pipi perros"],"articleSection":["Sociedad"],"inLanguage":"ca","potentialAction":[{"@type":"CommentAction","name":"Comment","target":["https:\/\/radiolitoral.com\/2025\/03\/aci-no-el-pipi-em-destruix-la-campana-de-concienciacion-sobre-las-deposiciones-de-las-mascotas\/#respond"]}]},{"@type":["WebPage","ItemPage"],"@id":"https:\/\/radiolitoral.com\/2025\/03\/aci-no-el-pipi-em-destruix-la-campana-de-concienciacion-sobre-las-deposiciones-de-las-mascotas\/","url":"https:\/\/radiolitoral.com\/2025\/03\/aci-no-el-pipi-em-destruix-la-campana-de-concienciacion-sobre-las-deposiciones-de-las-mascotas\/","name":"&quot;Aqu\u00ed no: El pip\u00ed em destrueix&quot;, la campanya de conscienciaci\u00f3 sobre les deposicions de les mascotes | R\u00e0dio Litoral","isPartOf":{"@id":"https:\/\/radiolitoral.com\/#website"},"primaryImageOfPage":{"@id":"https:\/\/radiolitoral.com\/2025\/03\/aci-no-el-pipi-em-destruix-la-campana-de-concienciacion-sobre-las-deposiciones-de-las-mascotas\/#primaryimage"},"image":{"@id":"https:\/\/radiolitoral.com\/2025\/03\/aci-no-el-pipi-em-destruix-la-campana-de-concienciacion-sobre-las-deposiciones-de-las-mascotas\/#primaryimage"},"thumbnailUrl":"https:\/\/media.radiolitoral.com\/wp-content\/uploads\/2025\/03\/13100901\/Farolas-campana-concienciacion-2-scaled.jpg","datePublished":"2025-03-13T09:13:32+00:00","description":"L&#039;Ajuntament de Benissa impulsa aquesta iniciativa per millorar la conviv\u00e8ncia","breadcrumb":{"@id":"https:\/\/radiolitoral.com\/2025\/03\/aci-no-el-pipi-em-destruix-la-campana-de-concienciacion-sobre-las-deposiciones-de-las-mascotas\/#breadcrumb"},"inLanguage":"ca","potentialAction":[{"@type":"ReadAction","target":["https:\/\/radiolitoral.com\/2025\/03\/aci-no-el-pipi-em-destruix-la-campana-de-concienciacion-sobre-las-deposiciones-de-las-mascotas\/"]}]},{"@type":"ImageObject","inLanguage":"ca","@id":"https:\/\/radiolitoral.com\/2025\/03\/aci-no-el-pipi-em-destruix-la-campana-de-concienciacion-sobre-las-deposiciones-de-las-mascotas\/#primaryimage","url":"https:\/\/media.radiolitoral.com\/wp-content\/uploads\/2025\/03\/13100901\/Farolas-campana-concienciacion-2-scaled.jpg","contentUrl":"https:\/\/media.radiolitoral.com\/wp-content\/uploads\/2025\/03\/13100901\/Farolas-campana-concienciacion-2-scaled.jpg","width":2560,"height":1920},{"@type":"BreadcrumbList","@id":"https:\/\/radiolitoral.com\/2025\/03\/aci-no-el-pipi-em-destruix-la-campana-de-concienciacion-sobre-las-deposiciones-de-las-mascotas\/#breadcrumb","itemListElement":[{"@type":"ListItem","position":1,"name":"Portada","item":"https:\/\/radiolitoral.com\/"},{"@type":"ListItem","position":2,"name":"\u00abAc\u00ed no: El pip\u00ed em destru\u00efx\u00bb, la campa\u00f1a de concienciaci\u00f3n sobre las deposiciones de las mascotas"}]},{"@type":"WebSite","@id":"https:\/\/radiolitoral.com\/#website","url":"https:\/\/radiolitoral.com\/","name":"R\u00e0dio Litoral","description":"La r\u00e0dio local de la Marina Alta","publisher":{"@id":"https:\/\/radiolitoral.com\/#organization"},"alternateName":"Litoral FM","potentialAction":[{"@type":"SearchAction","target":{"@type":"EntryPoint","urlTemplate":"https:\/\/radiolitoral.com\/?s={search_term_string}"},"query-input":{"@type":"PropertyValueSpecification","valueRequired":true,"valueName":"search_term_string"}}],"inLanguage":"ca"},{"@type":"Organization","@id":"https:\/\/radiolitoral.com\/#organization","name":"R\u00e0dio Litoral","url":"https:\/\/radiolitoral.com\/","logo":{"@type":"ImageObject","inLanguage":"ca","@id":"https:\/\/radiolitoral.com\/#\/schema\/logo\/image\/","url":"https:\/\/media.radiolitoral.com\/wp-content\/uploads\/2023\/02\/24143238\/CL-V-RadioLitoral696.png","contentUrl":"https:\/\/media.radiolitoral.com\/wp-content\/uploads\/2023\/02\/24143238\/CL-V-RadioLitoral696.png","width":696,"height":696,"caption":"Radio Litoral"},"image":{"@id":"https:\/\/radiolitoral.com\/#\/schema\/logo\/image\/"},"sameAs":["https:\/\/www.facebook.com\/Laradiolitoral\/"]},{"@type":"Person","@id":"https:\/\/radiolitoral.com\/#\/schema\/person\/96b739642eb3bedb532aac3812d23307","name":"Redacci\u00f3","image":{"@type":"ImageObject","inLanguage":"ca","@id":"https:\/\/secure.gravatar.com\/avatar\/30cd06129ee90411dd9c7cbdcf17464181d1a3c7b072e92070ea75a25cf0097e?s=96&d=mm&r=g","url":"https:\/\/secure.gravatar.com\/avatar\/30cd06129ee90411dd9c7cbdcf17464181d1a3c7b072e92070ea75a25cf0097e?s=96&d=mm&r=g","contentUrl":"https:\/\/secure.gravatar.com\/avatar\/30cd06129ee90411dd9c7cbdcf17464181d1a3c7b072e92070ea75a25cf0097e?s=96&d=mm&r=g","caption":"Redacci\u00f3n"},"url":"https:\/\/radiolitoral.com\/ca\/author\/kevin-carrio\/"}]}},"_links":{"self":[{"href":"https:\/\/radiolitoral.com\/ca\/wp-json\/wp\/v2\/posts\/15552","targetHints":{"allow":["GET"]}}],"collection":[{"href":"https:\/\/radiolitoral.com\/ca\/wp-json\/wp\/v2\/posts"}],"about":[{"href":"https:\/\/radiolitoral.com\/ca\/wp-json\/wp\/v2\/types\/post"}],"author":[{"embeddable":true,"href":"https:\/\/radiolitoral.com\/ca\/wp-json\/wp\/v2\/users\/14"}],"replies":[{"embeddable":true,"href":"https:\/\/radiolitoral.com\/ca\/wp-json\/wp\/v2\/comments?post=15552"}],"version-history":[{"count":1,"href":"https:\/\/radiolitoral.com\/ca\/wp-json\/wp\/v2\/posts\/15552\/revisions"}],"predecessor-version":[{"id":15556,"href":"https:\/\/radiolitoral.com\/ca\/wp-json\/wp\/v2\/posts\/15552\/revisions\/15556"}],"wp:featuredmedia":[{"embeddable":true,"href":"https:\/\/radiolitoral.com\/ca\/wp-json\/wp\/v2\/media\/15553"}],"wp:attachment":[{"href":"https:\/\/radiolitoral.com\/ca\/wp-json\/wp\/v2\/media?parent=15552"}],"wp:term":[{"taxonomy":"category","embeddable":true,"href":"https:\/\/radiolitoral.com\/ca\/wp-json\/wp\/v2\/categories?post=15552"},{"taxonomy":"post_tag","embeddable":true,"href":"https:\/\/radiolitoral.com\/ca\/wp-json\/wp\/v2\/tags?post=15552"}],"curies":[{"name":"wp","href":"https:\/\/api.w.org\/{rel}","templated":true}]}}