{"id":15533,"date":"2025-03-12T09:11:36","date_gmt":"2025-03-12T08:11:36","guid":{"rendered":"https:\/\/radiolitoral.com\/?p=15533"},"modified":"2025-03-12T09:12:27","modified_gmt":"2025-03-12T08:12:27","slug":"benitatxell-honra-la-memoria-de-set-dones-pioneres","status":"publish","type":"post","link":"https:\/\/radiolitoral.com\/ca\/2025\/03\/benitatxell-honra-la-memoria-de-siete-mujeres-pioneras\/","title":{"rendered":"Benitatxell honra la mem\u00f2ria de set dones pioneres"},"content":{"rendered":"<p data-pm-slice=\"1 1 []\">El passat 8 de mar\u00e7, en el marc del <strong>Dia Internacional de la Dona<\/strong>, El Poble Nou de <strong>Benitatxell<\/strong> va celebrar un emotiu homenatge a set dones que van trencar amb les normes de la seva \u00e8poca per llaurar-se un futur amb m\u00e9s oportunitats.<\/p>\n<p data-pm-slice=\"1 1 []\">L&#039;esdeveniment, que va reunir desenes d&#039;assistents al <strong>Centre Social<\/strong>, es va centrar en la projecci\u00f3 del documental &#039;<em>Mem\u00f2ria viva. Homenatge a les dones treballadores del passat&#039;<\/em> ia la inauguraci\u00f3 de l&#039;exposici\u00f3 fotogr\u00e0fica <em>Les dones de Benitatxell<\/em>, de la fot\u00f2grafa <strong>Jessica Hooghiemstra<\/strong>.<\/p>\n<figure id=\"attachment_15536\" aria-describedby=\"caption-attachment-15536\" style=\"width: 2000px\" class=\"wp-caption aligncenter\"><a href=\"https:\/\/media.radiolitoral.com\/wp-content\/uploads\/2025\/03\/12090953\/collage-presentacio-documental2.png\"><img loading=\"lazy\" decoding=\"async\" class=\"wp-image-15536 size-full\" src=\"https:\/\/media.radiolitoral.com\/wp-content\/uploads\/2025\/03\/12090953\/collage-presentacio-documental2.png\" alt=\"\" width=\"2000\" height=\"1500\" srcset=\"https:\/\/media.radiolitoral.com\/wp-content\/uploads\/2025\/03\/12090953\/collage-presentacio-documental2.png 2000w, https:\/\/media.radiolitoral.com\/wp-content\/uploads\/2025\/03\/12090953\/collage-presentacio-documental2-300x225.png 300w, https:\/\/media.radiolitoral.com\/wp-content\/uploads\/2025\/03\/12090953\/collage-presentacio-documental2-1024x768.png 1024w, https:\/\/media.radiolitoral.com\/wp-content\/uploads\/2025\/03\/12090953\/collage-presentacio-documental2-768x576.png 768w, https:\/\/media.radiolitoral.com\/wp-content\/uploads\/2025\/03\/12090953\/collage-presentacio-documental2-1536x1152.png 1536w, https:\/\/media.radiolitoral.com\/wp-content\/uploads\/2025\/03\/12090953\/collage-presentacio-documental2-16x12.png 16w, https:\/\/media.radiolitoral.com\/wp-content\/uploads\/2025\/03\/12090953\/collage-presentacio-documental2-1000x750.png 1000w, https:\/\/media.radiolitoral.com\/wp-content\/uploads\/2025\/03\/12090953\/collage-presentacio-documental2-100x75.png 100w, https:\/\/media.radiolitoral.com\/wp-content\/uploads\/2025\/03\/12090953\/collage-presentacio-documental2-200x150.png 200w\" sizes=\"auto, (max-width: 2000px) 100vw, 2000px\" \/><\/a><figcaption id=\"caption-attachment-15536\" class=\"wp-caption-text\">Homenatge a set dones a Benitatxell pel 8M | Aj. Benitatxell<\/figcaption><\/figure>\n<h3><strong>Un reconeixement a la valentia i l&#039;esfor\u00e7<\/strong><\/h3>\n<p>Les protagonistes d&#039;aquest tribut <strong>Pepica Llobell, Carmen Buigues, Maria Llobell, Gema Fontes, M\u00f2nica Garcia, Maria Comes i Marina Gilabert<\/strong>, nascudes entre 1933 i 1943, van enfrontar dificultats i barreres en un context social que limitava les seves opcions laborals i personals. Algunes van emigrar a <strong>Fran\u00e7a<\/strong> buscant oportunitats, mentre que altres van emprendre negocis propis o es van implicar en l&#039;activisme pol\u00edtic en defensa dels drets de la dona.<\/p>\n<p>Durant l&#039;acte, la <strong>regidora d&#039;Igualtat, Isa Garrido<\/strong>, va expressar la seva gratitud cap a les homenatjades: \u00abVull expressar el meu agra\u00efment m\u00e9s sincer a les dones protagonistes que avui ens acompanyen i, \u00e9s clar, a les que no han pogut estar. La vostra pres\u00e8ncia aqu\u00ed \u00e9s un testimoni de valentia, sacrifici i perseveran\u00e7a\u00bb. Aix\u00ed mateix, va destacar la implicaci\u00f3 de les fam\u00edlies i dels que van fer possible el projecte, anunciant la intenci\u00f3 de donar-li continu\u00eftat amb noves produccions audiovisuals.<\/p>\n<p><iframe loading=\"lazy\" title=\"YouTube v\u00eddeo player\" src=\"https:\/\/www.youtube.com\/embed\/XoDOJY0VB30?si=ZteOpello1gw5BEw\" width=\"560\" height=\"315\" frameborder=\"0\" allowfullscreen=\"allowfullscreen\"><\/iframe><\/p>\n<h3><strong>El paper fonamental de la dona a la societat<\/strong><\/h3>\n<p>El <strong>alcalde, Miguel \u00c1ngel Garc\u00eda<\/strong>, va subratllar la import\u00e0ncia de la feina feta per generacions de dones: \u00abAvui homenatgem el paper no nom\u00e9s d&#039;aquestes set dones, sin\u00f3 el de moltes altres que han estat base, suport i pilar de la nostra societat\u00bb.<\/p>\n<p>Tamb\u00e9 van participar associacions com <strong>Associaci\u00f3 de Dons, Cl\u00e0ssiques i Modernes i l&#039;European Union of Women Marina Alta<\/strong>, que van llegir un manifest a favor de la igualtat.<\/p>\n<h3><strong>Una programaci\u00f3 diversa pel 8M<\/strong><\/h3>\n<p>L&#039;homenatge va formar part d&#039;una programaci\u00f3 m\u00e9s \u00e0mplia que va incloure la projecci\u00f3 de curtmetratges amb col\u00b7loqui a c\u00e0rrec de <strong>Marina Gilabert<\/strong>, un berenar i jocs organitzats per la <strong>Associaci\u00f3 de Dones<\/strong>, un partit de futbol femen\u00ed i la presentaci\u00f3 del llibre <em>No s\u00f3n hero\u00efnes<\/em>, de <strong>Pilar Brotons<\/strong>.<\/p>\n<p>A m\u00e9s, algunes activitats ajornades per l&#039;alerta meteorol\u00f2gica, com ara <strong>caminada arqueol\u00f2gica<\/strong> al safareig de l&#039;Abiar i el <strong>cinef\u00f2rum<\/strong> de la pel\u00b7l\u00edcula <em>L&#039;\u00e0via i el foraster<\/em>, es van reprogramar per a aquesta setmana.<\/p>","protected":false},"excerpt":{"rendered":"<p>El pasado 8 de marzo, en el marco del D\u00eda Internacional de la Mujer, El Poble Nou de Benitatxell celebr\u00f3 un emotivo homenaje a siete mujeres que rompieron con las normas de su \u00e9poca para labrarse un futuro con m\u00e1s oportunidades. El evento, que reuni\u00f3 a decenas de asistentes en el Centro Social, se centr\u00f3 [&#8230;]<\/p>\n<p><a class=\"btn btn-secondary understrap-read-more-link\" href=\"https:\/\/radiolitoral.com\/ca\/2025\/03\/benitatxell-honra-la-memoria-de-siete-mujeres-pioneras\/\">Continua llegint&#8230;<span class=\"screen-reader-text\"> from Benitatxell honra la memoria de siete mujeres pioneras<\/span><\/a><\/p>\n","protected":false},"author":14,"featured_media":15535,"comment_status":"open","ping_status":"closed","sticky":false,"template":"","format":"standard","meta":{"_acf_changed":false,"inline_featured_image":false,"footnotes":""},"categories":[3764],"tags":[115,184,3762,3917],"class_list":["post-15533","post","type-post","status-publish","format-standard","has-post-thumbnail","hentry","category-dia-internacional-de-la-mujer-8m","tag-8m","tag-benitatxell","tag-dia-internacional-de-la-mujer","tag-documental-benitatxell","cobertura-poble-nou-de-benitatxell"],"acf":[],"yoast_head":"<!-- This site is optimized with the Yoast SEO plugin v27.5 - https:\/\/yoast.com\/product\/yoast-seo-wordpress\/ -->\n<title>Benitatxell honra la memoria de siete mujeres pioneras | R\u00e0dio Litoral<\/title>\n<meta name=\"description\" content=\"Un documental y una exposici\u00f3n ponen en valor las trayectorias de mujeres que desafiaron los roles tradicionales\" \/>\n<meta name=\"robots\" content=\"index, follow, max-snippet:-1, max-image-preview:large, max-video-preview:-1\" \/>\n<link rel=\"canonical\" href=\"https:\/\/radiolitoral.com\/ca\/2025\/03\/benitatxell-honra-la-memoria-de-set-dones-pioneres\/\" \/>\n<meta property=\"og:locale\" content=\"ca_ES\" \/>\n<meta property=\"og:type\" content=\"article\" \/>\n<meta property=\"og:title\" content=\"Benitatxell honra la memoria de siete mujeres pioneras | R\u00e0dio Litoral\" \/>\n<meta property=\"og:description\" content=\"Un documental y una exposici\u00f3n ponen en valor las trayectorias de mujeres que desafiaron los roles tradicionales\" \/>\n<meta property=\"og:url\" content=\"https:\/\/radiolitoral.com\/ca\/2025\/03\/benitatxell-honra-la-memoria-de-set-dones-pioneres\/\" \/>\n<meta property=\"og:site_name\" content=\"R\u00e0dio Litoral\" \/>\n<meta property=\"article:publisher\" content=\"https:\/\/www.facebook.com\/Laradiolitoral\/\" \/>\n<meta property=\"article:published_time\" content=\"2025-03-12T08:11:36+00:00\" \/>\n<meta property=\"article:modified_time\" content=\"2025-03-12T08:12:27+00:00\" \/>\n<meta property=\"og:image\" content=\"https:\/\/media.radiolitoral.com\/wp-content\/uploads\/2025\/03\/12090939\/8m-benitatxell-homenaje-mujeres-2-scaled.jpg\" \/>\n\t<meta property=\"og:image:width\" content=\"2560\" \/>\n\t<meta property=\"og:image:height\" content=\"1920\" \/>\n\t<meta property=\"og:image:type\" content=\"image\/jpeg\" \/>\n<meta name=\"author\" content=\"Redacci\u00f3n\" \/>\n<meta name=\"twitter:card\" content=\"summary_large_image\" \/>\n<meta name=\"twitter:label1\" content=\"Escrit per\" \/>\n\t<meta name=\"twitter:data1\" content=\"Redacci\u00f3n\" \/>\n\t<meta name=\"twitter:label2\" content=\"Temps estimat de lectura\" \/>\n\t<meta name=\"twitter:data2\" content=\"3 minuts\" \/>\n<script type=\"application\/ld+json\" class=\"yoast-schema-graph\">{\"@context\":\"https:\\\/\\\/schema.org\",\"@graph\":[{\"@type\":\"NewsArticle\",\"@id\":\"https:\\\/\\\/radiolitoral.com\\\/2025\\\/03\\\/benitatxell-honra-la-memoria-de-siete-mujeres-pioneras\\\/#article\",\"isPartOf\":{\"@id\":\"https:\\\/\\\/radiolitoral.com\\\/2025\\\/03\\\/benitatxell-honra-la-memoria-de-siete-mujeres-pioneras\\\/\"},\"author\":{\"name\":\"Redacci\u00f3n\",\"@id\":\"https:\\\/\\\/radiolitoral.com\\\/#\\\/schema\\\/person\\\/96b739642eb3bedb532aac3812d23307\"},\"headline\":\"Benitatxell honra la memoria de siete mujeres pioneras\",\"datePublished\":\"2025-03-12T08:11:36+00:00\",\"dateModified\":\"2025-03-12T08:12:27+00:00\",\"mainEntityOfPage\":{\"@id\":\"https:\\\/\\\/radiolitoral.com\\\/2025\\\/03\\\/benitatxell-honra-la-memoria-de-siete-mujeres-pioneras\\\/\"},\"wordCount\":453,\"commentCount\":0,\"publisher\":{\"@id\":\"https:\\\/\\\/radiolitoral.com\\\/#organization\"},\"image\":{\"@id\":\"https:\\\/\\\/radiolitoral.com\\\/2025\\\/03\\\/benitatxell-honra-la-memoria-de-siete-mujeres-pioneras\\\/#primaryimage\"},\"thumbnailUrl\":\"https:\\\/\\\/media.radiolitoral.com\\\/wp-content\\\/uploads\\\/2025\\\/03\\\/12090939\\\/8m-benitatxell-homenaje-mujeres-2-scaled.jpg\",\"keywords\":[\"8M\",\"Benitatxell\",\"Dia Internacional de la Mujer\",\"documental benitatxell\"],\"articleSection\":[\"D\u00eda Internacional de la Mujer - 8M\"],\"inLanguage\":\"ca\",\"potentialAction\":[{\"@type\":\"CommentAction\",\"name\":\"Comment\",\"target\":[\"https:\\\/\\\/radiolitoral.com\\\/2025\\\/03\\\/benitatxell-honra-la-memoria-de-siete-mujeres-pioneras\\\/#respond\"]}]},{\"@type\":[\"WebPage\",\"ItemPage\"],\"@id\":\"https:\\\/\\\/radiolitoral.com\\\/2025\\\/03\\\/benitatxell-honra-la-memoria-de-siete-mujeres-pioneras\\\/\",\"url\":\"https:\\\/\\\/radiolitoral.com\\\/2025\\\/03\\\/benitatxell-honra-la-memoria-de-siete-mujeres-pioneras\\\/\",\"name\":\"Benitatxell honra la memoria de siete mujeres pioneras | R\u00e0dio Litoral\",\"isPartOf\":{\"@id\":\"https:\\\/\\\/radiolitoral.com\\\/#website\"},\"primaryImageOfPage\":{\"@id\":\"https:\\\/\\\/radiolitoral.com\\\/2025\\\/03\\\/benitatxell-honra-la-memoria-de-siete-mujeres-pioneras\\\/#primaryimage\"},\"image\":{\"@id\":\"https:\\\/\\\/radiolitoral.com\\\/2025\\\/03\\\/benitatxell-honra-la-memoria-de-siete-mujeres-pioneras\\\/#primaryimage\"},\"thumbnailUrl\":\"https:\\\/\\\/media.radiolitoral.com\\\/wp-content\\\/uploads\\\/2025\\\/03\\\/12090939\\\/8m-benitatxell-homenaje-mujeres-2-scaled.jpg\",\"datePublished\":\"2025-03-12T08:11:36+00:00\",\"dateModified\":\"2025-03-12T08:12:27+00:00\",\"description\":\"Un documental y una exposici\u00f3n ponen en valor las trayectorias de mujeres que desafiaron los roles tradicionales\",\"breadcrumb\":{\"@id\":\"https:\\\/\\\/radiolitoral.com\\\/2025\\\/03\\\/benitatxell-honra-la-memoria-de-siete-mujeres-pioneras\\\/#breadcrumb\"},\"inLanguage\":\"ca\",\"potentialAction\":[{\"@type\":\"ReadAction\",\"target\":[\"https:\\\/\\\/radiolitoral.com\\\/2025\\\/03\\\/benitatxell-honra-la-memoria-de-siete-mujeres-pioneras\\\/\"]}]},{\"@type\":\"ImageObject\",\"inLanguage\":\"ca\",\"@id\":\"https:\\\/\\\/radiolitoral.com\\\/2025\\\/03\\\/benitatxell-honra-la-memoria-de-siete-mujeres-pioneras\\\/#primaryimage\",\"url\":\"https:\\\/\\\/media.radiolitoral.com\\\/wp-content\\\/uploads\\\/2025\\\/03\\\/12090939\\\/8m-benitatxell-homenaje-mujeres-2-scaled.jpg\",\"contentUrl\":\"https:\\\/\\\/media.radiolitoral.com\\\/wp-content\\\/uploads\\\/2025\\\/03\\\/12090939\\\/8m-benitatxell-homenaje-mujeres-2-scaled.jpg\",\"width\":2560,\"height\":1920},{\"@type\":\"BreadcrumbList\",\"@id\":\"https:\\\/\\\/radiolitoral.com\\\/2025\\\/03\\\/benitatxell-honra-la-memoria-de-siete-mujeres-pioneras\\\/#breadcrumb\",\"itemListElement\":[{\"@type\":\"ListItem\",\"position\":1,\"name\":\"Portada\",\"item\":\"https:\\\/\\\/radiolitoral.com\\\/\"},{\"@type\":\"ListItem\",\"position\":2,\"name\":\"Benitatxell honra la memoria de siete mujeres pioneras\"}]},{\"@type\":\"WebSite\",\"@id\":\"https:\\\/\\\/radiolitoral.com\\\/#website\",\"url\":\"https:\\\/\\\/radiolitoral.com\\\/\",\"name\":\"Radio Litoral\",\"description\":\"La radio local de la Marina Alta\",\"publisher\":{\"@id\":\"https:\\\/\\\/radiolitoral.com\\\/#organization\"},\"alternateName\":\"Litoral FM\",\"potentialAction\":[{\"@type\":\"SearchAction\",\"target\":{\"@type\":\"EntryPoint\",\"urlTemplate\":\"https:\\\/\\\/radiolitoral.com\\\/?s={search_term_string}\"},\"query-input\":{\"@type\":\"PropertyValueSpecification\",\"valueRequired\":true,\"valueName\":\"search_term_string\"}}],\"inLanguage\":\"ca\"},{\"@type\":\"Organization\",\"@id\":\"https:\\\/\\\/radiolitoral.com\\\/#organization\",\"name\":\"Radio Litoral\",\"url\":\"https:\\\/\\\/radiolitoral.com\\\/\",\"logo\":{\"@type\":\"ImageObject\",\"inLanguage\":\"ca\",\"@id\":\"https:\\\/\\\/radiolitoral.com\\\/#\\\/schema\\\/logo\\\/image\\\/\",\"url\":\"https:\\\/\\\/media.radiolitoral.com\\\/wp-content\\\/uploads\\\/2023\\\/02\\\/24143238\\\/CL-V-RadioLitoral696.png\",\"contentUrl\":\"https:\\\/\\\/media.radiolitoral.com\\\/wp-content\\\/uploads\\\/2023\\\/02\\\/24143238\\\/CL-V-RadioLitoral696.png\",\"width\":696,\"height\":696,\"caption\":\"Radio Litoral\"},\"image\":{\"@id\":\"https:\\\/\\\/radiolitoral.com\\\/#\\\/schema\\\/logo\\\/image\\\/\"},\"sameAs\":[\"https:\\\/\\\/www.facebook.com\\\/Laradiolitoral\\\/\"]},{\"@type\":\"Person\",\"@id\":\"https:\\\/\\\/radiolitoral.com\\\/#\\\/schema\\\/person\\\/96b739642eb3bedb532aac3812d23307\",\"name\":\"Redacci\u00f3n\",\"image\":{\"@type\":\"ImageObject\",\"inLanguage\":\"ca\",\"@id\":\"https:\\\/\\\/secure.gravatar.com\\\/avatar\\\/30cd06129ee90411dd9c7cbdcf17464181d1a3c7b072e92070ea75a25cf0097e?s=96&d=mm&r=g\",\"url\":\"https:\\\/\\\/secure.gravatar.com\\\/avatar\\\/30cd06129ee90411dd9c7cbdcf17464181d1a3c7b072e92070ea75a25cf0097e?s=96&d=mm&r=g\",\"contentUrl\":\"https:\\\/\\\/secure.gravatar.com\\\/avatar\\\/30cd06129ee90411dd9c7cbdcf17464181d1a3c7b072e92070ea75a25cf0097e?s=96&d=mm&r=g\",\"caption\":\"Redacci\u00f3n\"},\"url\":\"https:\\\/\\\/radiolitoral.com\\\/ca\\\/author\\\/kevin-carrio\\\/\"}]}<\/script>\n<!-- \/ Yoast SEO plugin. -->","yoast_head_json":{"title":"Benitatxell honra la mem\u00f2ria de set dones pioneres | R\u00e0dio Litoral","description":"Un documental i una exposici\u00f3 posen en valor les traject\u00f2ries de dones que van desafiar els rols tradicionals","robots":{"index":"index","follow":"follow","max-snippet":"max-snippet:-1","max-image-preview":"max-image-preview:large","max-video-preview":"max-video-preview:-1"},"canonical":"https:\/\/radiolitoral.com\/ca\/2025\/03\/benitatxell-honra-la-memoria-de-set-dones-pioneres\/","og_locale":"ca_ES","og_type":"article","og_title":"Benitatxell honra la memoria de siete mujeres pioneras | R\u00e0dio Litoral","og_description":"Un documental y una exposici\u00f3n ponen en valor las trayectorias de mujeres que desafiaron los roles tradicionales","og_url":"https:\/\/radiolitoral.com\/ca\/2025\/03\/benitatxell-honra-la-memoria-de-set-dones-pioneres\/","og_site_name":"R\u00e0dio Litoral","article_publisher":"https:\/\/www.facebook.com\/Laradiolitoral\/","article_published_time":"2025-03-12T08:11:36+00:00","article_modified_time":"2025-03-12T08:12:27+00:00","og_image":[{"width":2560,"height":1920,"url":"https:\/\/media.radiolitoral.com\/wp-content\/uploads\/2025\/03\/12090939\/8m-benitatxell-homenaje-mujeres-2-scaled.jpg","type":"image\/jpeg"}],"author":"Redacci\u00f3n","twitter_card":"summary_large_image","twitter_misc":{"Escrit per":"Redacci\u00f3n","Temps estimat de lectura":"3 minuts"},"schema":{"@context":"https:\/\/schema.org","@graph":[{"@type":"NewsArticle","@id":"https:\/\/radiolitoral.com\/2025\/03\/benitatxell-honra-la-memoria-de-siete-mujeres-pioneras\/#article","isPartOf":{"@id":"https:\/\/radiolitoral.com\/2025\/03\/benitatxell-honra-la-memoria-de-siete-mujeres-pioneras\/"},"author":{"name":"Redacci\u00f3n","@id":"https:\/\/radiolitoral.com\/#\/schema\/person\/96b739642eb3bedb532aac3812d23307"},"headline":"Benitatxell honra la memoria de siete mujeres pioneras","datePublished":"2025-03-12T08:11:36+00:00","dateModified":"2025-03-12T08:12:27+00:00","mainEntityOfPage":{"@id":"https:\/\/radiolitoral.com\/2025\/03\/benitatxell-honra-la-memoria-de-siete-mujeres-pioneras\/"},"wordCount":453,"commentCount":0,"publisher":{"@id":"https:\/\/radiolitoral.com\/#organization"},"image":{"@id":"https:\/\/radiolitoral.com\/2025\/03\/benitatxell-honra-la-memoria-de-siete-mujeres-pioneras\/#primaryimage"},"thumbnailUrl":"https:\/\/media.radiolitoral.com\/wp-content\/uploads\/2025\/03\/12090939\/8m-benitatxell-homenaje-mujeres-2-scaled.jpg","keywords":["8M","Benitatxell","Dia Internacional de la Mujer","documental benitatxell"],"articleSection":["D\u00eda Internacional de la Mujer - 8M"],"inLanguage":"ca","potentialAction":[{"@type":"CommentAction","name":"Comment","target":["https:\/\/radiolitoral.com\/2025\/03\/benitatxell-honra-la-memoria-de-siete-mujeres-pioneras\/#respond"]}]},{"@type":["WebPage","ItemPage"],"@id":"https:\/\/radiolitoral.com\/2025\/03\/benitatxell-honra-la-memoria-de-siete-mujeres-pioneras\/","url":"https:\/\/radiolitoral.com\/2025\/03\/benitatxell-honra-la-memoria-de-siete-mujeres-pioneras\/","name":"Benitatxell honra la mem\u00f2ria de set dones pioneres | R\u00e0dio Litoral","isPartOf":{"@id":"https:\/\/radiolitoral.com\/#website"},"primaryImageOfPage":{"@id":"https:\/\/radiolitoral.com\/2025\/03\/benitatxell-honra-la-memoria-de-siete-mujeres-pioneras\/#primaryimage"},"image":{"@id":"https:\/\/radiolitoral.com\/2025\/03\/benitatxell-honra-la-memoria-de-siete-mujeres-pioneras\/#primaryimage"},"thumbnailUrl":"https:\/\/media.radiolitoral.com\/wp-content\/uploads\/2025\/03\/12090939\/8m-benitatxell-homenaje-mujeres-2-scaled.jpg","datePublished":"2025-03-12T08:11:36+00:00","dateModified":"2025-03-12T08:12:27+00:00","description":"Un documental i una exposici\u00f3 posen en valor les traject\u00f2ries de dones que van desafiar els rols tradicionals","breadcrumb":{"@id":"https:\/\/radiolitoral.com\/2025\/03\/benitatxell-honra-la-memoria-de-siete-mujeres-pioneras\/#breadcrumb"},"inLanguage":"ca","potentialAction":[{"@type":"ReadAction","target":["https:\/\/radiolitoral.com\/2025\/03\/benitatxell-honra-la-memoria-de-siete-mujeres-pioneras\/"]}]},{"@type":"ImageObject","inLanguage":"ca","@id":"https:\/\/radiolitoral.com\/2025\/03\/benitatxell-honra-la-memoria-de-siete-mujeres-pioneras\/#primaryimage","url":"https:\/\/media.radiolitoral.com\/wp-content\/uploads\/2025\/03\/12090939\/8m-benitatxell-homenaje-mujeres-2-scaled.jpg","contentUrl":"https:\/\/media.radiolitoral.com\/wp-content\/uploads\/2025\/03\/12090939\/8m-benitatxell-homenaje-mujeres-2-scaled.jpg","width":2560,"height":1920},{"@type":"BreadcrumbList","@id":"https:\/\/radiolitoral.com\/2025\/03\/benitatxell-honra-la-memoria-de-siete-mujeres-pioneras\/#breadcrumb","itemListElement":[{"@type":"ListItem","position":1,"name":"Portada","item":"https:\/\/radiolitoral.com\/"},{"@type":"ListItem","position":2,"name":"Benitatxell honra la memoria de siete mujeres pioneras"}]},{"@type":"WebSite","@id":"https:\/\/radiolitoral.com\/#website","url":"https:\/\/radiolitoral.com\/","name":"R\u00e0dio Litoral","description":"La r\u00e0dio local de la Marina Alta","publisher":{"@id":"https:\/\/radiolitoral.com\/#organization"},"alternateName":"Litoral FM","potentialAction":[{"@type":"SearchAction","target":{"@type":"EntryPoint","urlTemplate":"https:\/\/radiolitoral.com\/?s={search_term_string}"},"query-input":{"@type":"PropertyValueSpecification","valueRequired":true,"valueName":"search_term_string"}}],"inLanguage":"ca"},{"@type":"Organization","@id":"https:\/\/radiolitoral.com\/#organization","name":"R\u00e0dio Litoral","url":"https:\/\/radiolitoral.com\/","logo":{"@type":"ImageObject","inLanguage":"ca","@id":"https:\/\/radiolitoral.com\/#\/schema\/logo\/image\/","url":"https:\/\/media.radiolitoral.com\/wp-content\/uploads\/2023\/02\/24143238\/CL-V-RadioLitoral696.png","contentUrl":"https:\/\/media.radiolitoral.com\/wp-content\/uploads\/2023\/02\/24143238\/CL-V-RadioLitoral696.png","width":696,"height":696,"caption":"Radio Litoral"},"image":{"@id":"https:\/\/radiolitoral.com\/#\/schema\/logo\/image\/"},"sameAs":["https:\/\/www.facebook.com\/Laradiolitoral\/"]},{"@type":"Person","@id":"https:\/\/radiolitoral.com\/#\/schema\/person\/96b739642eb3bedb532aac3812d23307","name":"Redacci\u00f3","image":{"@type":"ImageObject","inLanguage":"ca","@id":"https:\/\/secure.gravatar.com\/avatar\/30cd06129ee90411dd9c7cbdcf17464181d1a3c7b072e92070ea75a25cf0097e?s=96&d=mm&r=g","url":"https:\/\/secure.gravatar.com\/avatar\/30cd06129ee90411dd9c7cbdcf17464181d1a3c7b072e92070ea75a25cf0097e?s=96&d=mm&r=g","contentUrl":"https:\/\/secure.gravatar.com\/avatar\/30cd06129ee90411dd9c7cbdcf17464181d1a3c7b072e92070ea75a25cf0097e?s=96&d=mm&r=g","caption":"Redacci\u00f3n"},"url":"https:\/\/radiolitoral.com\/ca\/author\/kevin-carrio\/"}]}},"_links":{"self":[{"href":"https:\/\/radiolitoral.com\/ca\/wp-json\/wp\/v2\/posts\/15533","targetHints":{"allow":["GET"]}}],"collection":[{"href":"https:\/\/radiolitoral.com\/ca\/wp-json\/wp\/v2\/posts"}],"about":[{"href":"https:\/\/radiolitoral.com\/ca\/wp-json\/wp\/v2\/types\/post"}],"author":[{"embeddable":true,"href":"https:\/\/radiolitoral.com\/ca\/wp-json\/wp\/v2\/users\/14"}],"replies":[{"embeddable":true,"href":"https:\/\/radiolitoral.com\/ca\/wp-json\/wp\/v2\/comments?post=15533"}],"version-history":[{"count":2,"href":"https:\/\/radiolitoral.com\/ca\/wp-json\/wp\/v2\/posts\/15533\/revisions"}],"predecessor-version":[{"id":15538,"href":"https:\/\/radiolitoral.com\/ca\/wp-json\/wp\/v2\/posts\/15533\/revisions\/15538"}],"wp:featuredmedia":[{"embeddable":true,"href":"https:\/\/radiolitoral.com\/ca\/wp-json\/wp\/v2\/media\/15535"}],"wp:attachment":[{"href":"https:\/\/radiolitoral.com\/ca\/wp-json\/wp\/v2\/media?parent=15533"}],"wp:term":[{"taxonomy":"category","embeddable":true,"href":"https:\/\/radiolitoral.com\/ca\/wp-json\/wp\/v2\/categories?post=15533"},{"taxonomy":"post_tag","embeddable":true,"href":"https:\/\/radiolitoral.com\/ca\/wp-json\/wp\/v2\/tags?post=15533"}],"curies":[{"name":"wp","href":"https:\/\/api.w.org\/{rel}","templated":true}]}}