{"id":15524,"date":"2025-03-13T08:25:17","date_gmt":"2025-03-13T07:25:17","guid":{"rendered":"https:\/\/radiolitoral.com\/?p=15524"},"modified":"2025-03-13T08:25:17","modified_gmt":"2025-03-13T07:25:17","slug":"el-cg-calp-classifica-6-gimnastes-per-al-nacional","status":"publish","type":"post","link":"https:\/\/radiolitoral.com\/ca\/2025\/03\/el-cg-calpe-clasifica-a-6-gimnastas-para-el-nacional\/","title":{"rendered":"El CG Calp classifica 6 gimnastes per al Nacional"},"content":{"rendered":"<p data-start=\"167\" data-end=\"543\">El <strong data-start=\"170\" data-end=\"192\">pavell\u00f3 de Gandia<\/strong> va ser l&#039;escenari del <strong data-start=\"214\" data-end=\"293\">Campionat Auton\u00f2mic de gimn\u00e0stica r\u00edtmica a Nivell Nacional Base Individual<\/strong>, una cita en qu\u00e8 es van reunir les millors gimnastes de la <strong data-start=\"355\" data-end=\"379\">Comunitat Valenciana<\/strong>. El <strong data-start=\"384\" data-end=\"407\">Club Gimn\u00e0stica Calp<\/strong> va tenir una destacada participaci\u00f3, aconseguint grans resultats i aconseguint diverses classificacions per al <strong data-start=\"516\" data-end=\"540\">Campionat d\u00b4Espanya<\/strong>.<\/p>\n<p data-start=\"545\" data-end=\"917\">A la <strong data-start=\"551\" data-end=\"576\">categoria Prebenjam\u00ed<\/strong>, el club calp\u00ed va dominar la competici\u00f3. <strong data-start=\"617\" data-end=\"639\">Veronika Voloshina<\/strong> es va proclamar <strong data-start=\"652\" data-end=\"675\">campiona auton\u00f2mica<\/strong>, mentre que la seva companya <strong data-start=\"703\" data-end=\"723\">Nika Khurshudian<\/strong> va obtenir el t\u00edtol de <strong data-start=\"744\" data-end=\"770\">subcampiona auton\u00f2mica<\/strong>, aconseguint aix\u00ed un fant\u00e0stic doblet per al club. <strong data-start=\"821\" data-end=\"842\">Varvara Kovalenko<\/strong> tamb\u00e9 va fregar el podi, finalitzant en una merit\u00f2ria <strong data-start=\"895\" data-end=\"914\">quarta posici\u00f3<\/strong>.<\/p>\n<figure id=\"attachment_15526\" aria-describedby=\"caption-attachment-15526\" style=\"width: 1024px\" class=\"wp-caption alignnone\"><img loading=\"lazy\" decoding=\"async\" class=\"wp-image-15526 size-full\" src=\"https:\/\/media.radiolitoral.com\/wp-content\/uploads\/2025\/03\/11232705\/Yulia-Gavrilova.jpg\" alt=\"\" width=\"1024\" height=\"690\" srcset=\"https:\/\/media.radiolitoral.com\/wp-content\/uploads\/2025\/03\/11232705\/Yulia-Gavrilova.jpg 1024w, https:\/\/media.radiolitoral.com\/wp-content\/uploads\/2025\/03\/11232705\/Yulia-Gavrilova-300x202.jpg 300w, https:\/\/media.radiolitoral.com\/wp-content\/uploads\/2025\/03\/11232705\/Yulia-Gavrilova-768x518.jpg 768w, https:\/\/media.radiolitoral.com\/wp-content\/uploads\/2025\/03\/11232705\/Yulia-Gavrilova-18x12.jpg 18w, https:\/\/media.radiolitoral.com\/wp-content\/uploads\/2025\/03\/11232705\/Yulia-Gavrilova-1000x674.jpg 1000w, https:\/\/media.radiolitoral.com\/wp-content\/uploads\/2025\/03\/11232705\/Yulia-Gavrilova-100x67.jpg 100w, https:\/\/media.radiolitoral.com\/wp-content\/uploads\/2025\/03\/11232705\/Yulia-Gavrilova-200x135.jpg 200w\" sizes=\"auto, (max-width: 1024px) 100vw, 1024px\" \/><figcaption id=\"caption-attachment-15526\" class=\"wp-caption-text\">Yulia Gavrilova |CG Calp<\/figcaption><\/figure>\n<p data-start=\"919\" data-end=\"1197\">A la <strong data-start=\"925\" data-end=\"945\">categoria Alev\u00ed<\/strong>, <strong data-start=\"947\" data-end=\"962\">Zoe Noriega<\/strong> va aconseguir una <strong data-start=\"973\" data-end=\"990\">setena pla\u00e7a<\/strong>, demostrant el seu bon nivell. Mentre que, a <strong data-start=\"1036\" data-end=\"1057\">categoria Juvenil<\/strong>, <strong data-start=\"1059\" data-end=\"1078\">Yulia Gavrilova<\/strong> va estar a punt d&#039;emportar-se l&#039;or, per\u00f2 finalment es va penjar la <strong data-start=\"1142\" data-end=\"1162\">medalla de plata<\/strong> com <strong data-start=\"1168\" data-end=\"1194\">subcampiona auton\u00f2mica<\/strong>.<\/p>\n<p data-start=\"1199\" data-end=\"1521\" data-is-last-node=\"\" data-is-only-node=\"\">Amb aquests resultats, totes han aconseguit la seva <strong data-start=\"1251\" data-end=\"1297\">classificaci\u00f3 per al Campionat d&#039;Espanya<\/strong>, un \u00e8xit que premia el seu esfor\u00e7 i dedicaci\u00f3. Ara, les gimnastes del <strong data-start=\"1370\" data-end=\"1393\">Club Gimn\u00e0stica Calp<\/strong> ja hi s\u00f3n <strong data-start=\"1403\" data-end=\"1430\">treballant intensament<\/strong> juntament amb les seves entrenadores per arribar en la millor manera possible a aquesta cita tan important.<\/p>\n<p><script src=\"chrome-extension:\/\/flbolonkboilcbnohjlchlfgdalomdpl\/iFrame.js\" type=\"text\/javascript\"><\/script><\/p>\n<p><script src=\"chrome-extension:\/\/flbolonkboilcbnohjlchlfgdalomdpl\/iFrame.js\" type=\"text\/javascript\"><\/script><\/p>","protected":false},"excerpt":{"rendered":"<p>El pabell\u00f3n de Gand\u00eda fue el escenario del Campeonato Auton\u00f3mico de gimnasia r\u00edtmica en Nivel Nacional Base Individual, una cita en la que se reunieron las mejores gimnastas de la Comunidad Valenciana. El Club Gimnasia Calpe tuvo una destacada participaci\u00f3n, logrando grandes resultados y consiguiendo varias clasificaciones para el Campeonato de Espa\u00f1a. En la categor\u00eda [&#8230;]<\/p>\n<p><a class=\"btn btn-secondary understrap-read-more-link\" href=\"https:\/\/radiolitoral.com\/ca\/2025\/03\/el-cg-calpe-clasifica-a-6-gimnastas-para-el-nacional\/\">Continua llegint&#8230;<span class=\"screen-reader-text\"> from El CG Calpe clasifica a 6 gimnastas para el Nacional<\/span><\/a><\/p>\n","protected":false},"author":12,"featured_media":15525,"comment_status":"open","ping_status":"closed","sticky":false,"template":"","format":"standard","meta":{"_acf_changed":false,"inline_featured_image":false,"footnotes":""},"categories":[5],"tags":[3912,1387,6,3914,3915,3913,3916,1483],"class_list":["post-15524","post","type-post","status-publish","format-standard","has-post-thumbnail","hentry","category-deportes","tag-campeonato-autonomico-de-gimnasia-ritmica-en-nivel-nacional-base-individual","tag-club-gimnasia-calpe","tag-deportes","tag-nika-khurshudian","tag-varvara-kovalenko","tag-veronika-voloshina","tag-yulia-gavrilova","tag-zoe-noriega","cobertura-calp"],"acf":[],"yoast_head":"<!-- This site is optimized with the Yoast SEO plugin v27.5 - https:\/\/yoast.com\/product\/yoast-seo-wordpress\/ -->\n<title>El CG Calpe clasifica a 6 gimnastas para el Nacional | R\u00e0dio Litoral<\/title>\n<meta name=\"description\" content=\"Veronika Voloshina se proclam\u00f3 campeona auton\u00f3mica, mientras que su compa\u00f1era Nika Khurshudian obtuvo el t\u00edtulo de subcampeona Veronika Voloshina se proclam\u00f3 campeona auton\u00f3mica, mientras que su compa\u00f1era Nika Khurshudian obtuvo el t\u00edtulo de subcampeona\" \/>\n<meta name=\"robots\" content=\"index, follow, max-snippet:-1, max-image-preview:large, max-video-preview:-1\" \/>\n<link rel=\"canonical\" href=\"https:\/\/radiolitoral.com\/ca\/2025\/03\/el-cg-calp-classifica-6-gimnastes-per-al-nacional\/\" \/>\n<meta property=\"og:locale\" content=\"ca_ES\" \/>\n<meta property=\"og:type\" content=\"article\" \/>\n<meta property=\"og:title\" content=\"El CG Calpe clasifica a 6 gimnastas para el Nacional | R\u00e0dio Litoral\" \/>\n<meta property=\"og:description\" content=\"Veronika Voloshina se proclam\u00f3 campeona auton\u00f3mica, mientras que su compa\u00f1era Nika Khurshudian obtuvo el t\u00edtulo de subcampeona Veronika Voloshina se proclam\u00f3 campeona auton\u00f3mica, mientras que su compa\u00f1era Nika Khurshudian obtuvo el t\u00edtulo de subcampeona\" \/>\n<meta property=\"og:url\" content=\"https:\/\/radiolitoral.com\/ca\/2025\/03\/el-cg-calp-classifica-6-gimnastes-per-al-nacional\/\" \/>\n<meta property=\"og:site_name\" content=\"R\u00e0dio Litoral\" \/>\n<meta property=\"article:publisher\" content=\"https:\/\/www.facebook.com\/Laradiolitoral\/\" \/>\n<meta property=\"article:published_time\" content=\"2025-03-13T07:25:17+00:00\" \/>\n<meta property=\"og:image\" content=\"https:\/\/media.radiolitoral.com\/wp-content\/uploads\/2025\/03\/11232645\/Prebenjaminas-del-CG-Calpe.jpg\" \/>\n\t<meta property=\"og:image:width\" content=\"1024\" \/>\n\t<meta property=\"og:image:height\" content=\"714\" \/>\n\t<meta property=\"og:image:type\" content=\"image\/jpeg\" \/>\n<meta name=\"author\" content=\"Javier Zamora\" \/>\n<meta name=\"twitter:card\" content=\"summary_large_image\" \/>\n<meta name=\"twitter:label1\" content=\"Escrit per\" \/>\n\t<meta name=\"twitter:data1\" content=\"Javier Zamora\" \/>\n\t<meta name=\"twitter:label2\" content=\"Temps estimat de lectura\" \/>\n\t<meta name=\"twitter:data2\" content=\"2 minuts\" \/>\n<script type=\"application\/ld+json\" class=\"yoast-schema-graph\">{\"@context\":\"https:\\\/\\\/schema.org\",\"@graph\":[{\"@type\":\"NewsArticle\",\"@id\":\"https:\\\/\\\/radiolitoral.com\\\/2025\\\/03\\\/el-cg-calpe-clasifica-a-6-gimnastas-para-el-nacional\\\/#article\",\"isPartOf\":{\"@id\":\"https:\\\/\\\/radiolitoral.com\\\/2025\\\/03\\\/el-cg-calpe-clasifica-a-6-gimnastas-para-el-nacional\\\/\"},\"author\":{\"name\":\"Javier Zamora\",\"@id\":\"https:\\\/\\\/radiolitoral.com\\\/#\\\/schema\\\/person\\\/7b1480b5caeb5acdd4ec6379caf62b22\"},\"headline\":\"El CG Calpe clasifica a 6 gimnastas para el Nacional\",\"datePublished\":\"2025-03-13T07:25:17+00:00\",\"mainEntityOfPage\":{\"@id\":\"https:\\\/\\\/radiolitoral.com\\\/2025\\\/03\\\/el-cg-calpe-clasifica-a-6-gimnastas-para-el-nacional\\\/\"},\"wordCount\":233,\"commentCount\":0,\"publisher\":{\"@id\":\"https:\\\/\\\/radiolitoral.com\\\/#organization\"},\"image\":{\"@id\":\"https:\\\/\\\/radiolitoral.com\\\/2025\\\/03\\\/el-cg-calpe-clasifica-a-6-gimnastas-para-el-nacional\\\/#primaryimage\"},\"thumbnailUrl\":\"https:\\\/\\\/media.radiolitoral.com\\\/wp-content\\\/uploads\\\/2025\\\/03\\\/11232645\\\/Prebenjaminas-del-CG-Calpe.jpg\",\"keywords\":[\"Campeonato Auton\u00f3mico de gimnasia r\u00edtmica en Nivel Nacional Base Individual\",\"Club Gimnasia Calpe\",\"deportes\",\"Nika Khurshudian\",\"Varvara Kovalenko\",\"Veronika Voloshina\",\"Yulia Gavrilova\",\"Zoe Noriega\"],\"articleSection\":[\"Deportes\"],\"inLanguage\":\"ca\",\"potentialAction\":[{\"@type\":\"CommentAction\",\"name\":\"Comment\",\"target\":[\"https:\\\/\\\/radiolitoral.com\\\/2025\\\/03\\\/el-cg-calpe-clasifica-a-6-gimnastas-para-el-nacional\\\/#respond\"]}]},{\"@type\":[\"WebPage\",\"ItemPage\"],\"@id\":\"https:\\\/\\\/radiolitoral.com\\\/2025\\\/03\\\/el-cg-calpe-clasifica-a-6-gimnastas-para-el-nacional\\\/\",\"url\":\"https:\\\/\\\/radiolitoral.com\\\/2025\\\/03\\\/el-cg-calpe-clasifica-a-6-gimnastas-para-el-nacional\\\/\",\"name\":\"El CG Calpe clasifica a 6 gimnastas para el Nacional | R\u00e0dio Litoral\",\"isPartOf\":{\"@id\":\"https:\\\/\\\/radiolitoral.com\\\/#website\"},\"primaryImageOfPage\":{\"@id\":\"https:\\\/\\\/radiolitoral.com\\\/2025\\\/03\\\/el-cg-calpe-clasifica-a-6-gimnastas-para-el-nacional\\\/#primaryimage\"},\"image\":{\"@id\":\"https:\\\/\\\/radiolitoral.com\\\/2025\\\/03\\\/el-cg-calpe-clasifica-a-6-gimnastas-para-el-nacional\\\/#primaryimage\"},\"thumbnailUrl\":\"https:\\\/\\\/media.radiolitoral.com\\\/wp-content\\\/uploads\\\/2025\\\/03\\\/11232645\\\/Prebenjaminas-del-CG-Calpe.jpg\",\"datePublished\":\"2025-03-13T07:25:17+00:00\",\"description\":\"Veronika Voloshina se proclam\u00f3 campeona auton\u00f3mica, mientras que su compa\u00f1era Nika Khurshudian obtuvo el t\u00edtulo de subcampeona Veronika Voloshina se proclam\u00f3 campeona auton\u00f3mica, mientras que su compa\u00f1era Nika Khurshudian obtuvo el t\u00edtulo de subcampeona\",\"breadcrumb\":{\"@id\":\"https:\\\/\\\/radiolitoral.com\\\/2025\\\/03\\\/el-cg-calpe-clasifica-a-6-gimnastas-para-el-nacional\\\/#breadcrumb\"},\"inLanguage\":\"ca\",\"potentialAction\":[{\"@type\":\"ReadAction\",\"target\":[\"https:\\\/\\\/radiolitoral.com\\\/2025\\\/03\\\/el-cg-calpe-clasifica-a-6-gimnastas-para-el-nacional\\\/\"]}]},{\"@type\":\"ImageObject\",\"inLanguage\":\"ca\",\"@id\":\"https:\\\/\\\/radiolitoral.com\\\/2025\\\/03\\\/el-cg-calpe-clasifica-a-6-gimnastas-para-el-nacional\\\/#primaryimage\",\"url\":\"https:\\\/\\\/media.radiolitoral.com\\\/wp-content\\\/uploads\\\/2025\\\/03\\\/11232645\\\/Prebenjaminas-del-CG-Calpe.jpg\",\"contentUrl\":\"https:\\\/\\\/media.radiolitoral.com\\\/wp-content\\\/uploads\\\/2025\\\/03\\\/11232645\\\/Prebenjaminas-del-CG-Calpe.jpg\",\"width\":1024,\"height\":714},{\"@type\":\"BreadcrumbList\",\"@id\":\"https:\\\/\\\/radiolitoral.com\\\/2025\\\/03\\\/el-cg-calpe-clasifica-a-6-gimnastas-para-el-nacional\\\/#breadcrumb\",\"itemListElement\":[{\"@type\":\"ListItem\",\"position\":1,\"name\":\"Portada\",\"item\":\"https:\\\/\\\/radiolitoral.com\\\/\"},{\"@type\":\"ListItem\",\"position\":2,\"name\":\"El CG Calpe clasifica a 6 gimnastas para el Nacional\"}]},{\"@type\":\"WebSite\",\"@id\":\"https:\\\/\\\/radiolitoral.com\\\/#website\",\"url\":\"https:\\\/\\\/radiolitoral.com\\\/\",\"name\":\"Radio Litoral\",\"description\":\"La radio local de la Marina Alta\",\"publisher\":{\"@id\":\"https:\\\/\\\/radiolitoral.com\\\/#organization\"},\"alternateName\":\"Litoral FM\",\"potentialAction\":[{\"@type\":\"SearchAction\",\"target\":{\"@type\":\"EntryPoint\",\"urlTemplate\":\"https:\\\/\\\/radiolitoral.com\\\/?s={search_term_string}\"},\"query-input\":{\"@type\":\"PropertyValueSpecification\",\"valueRequired\":true,\"valueName\":\"search_term_string\"}}],\"inLanguage\":\"ca\"},{\"@type\":\"Organization\",\"@id\":\"https:\\\/\\\/radiolitoral.com\\\/#organization\",\"name\":\"Radio Litoral\",\"url\":\"https:\\\/\\\/radiolitoral.com\\\/\",\"logo\":{\"@type\":\"ImageObject\",\"inLanguage\":\"ca\",\"@id\":\"https:\\\/\\\/radiolitoral.com\\\/#\\\/schema\\\/logo\\\/image\\\/\",\"url\":\"https:\\\/\\\/media.radiolitoral.com\\\/wp-content\\\/uploads\\\/2023\\\/02\\\/24143238\\\/CL-V-RadioLitoral696.png\",\"contentUrl\":\"https:\\\/\\\/media.radiolitoral.com\\\/wp-content\\\/uploads\\\/2023\\\/02\\\/24143238\\\/CL-V-RadioLitoral696.png\",\"width\":696,\"height\":696,\"caption\":\"Radio Litoral\"},\"image\":{\"@id\":\"https:\\\/\\\/radiolitoral.com\\\/#\\\/schema\\\/logo\\\/image\\\/\"},\"sameAs\":[\"https:\\\/\\\/www.facebook.com\\\/Laradiolitoral\\\/\"]},{\"@type\":\"Person\",\"@id\":\"https:\\\/\\\/radiolitoral.com\\\/#\\\/schema\\\/person\\\/7b1480b5caeb5acdd4ec6379caf62b22\",\"name\":\"Javier Zamora\",\"image\":{\"@type\":\"ImageObject\",\"inLanguage\":\"ca\",\"@id\":\"https:\\\/\\\/secure.gravatar.com\\\/avatar\\\/467a11f6918c7d619c4043fc6fa2d3853053107973f05b6e9c04ea6c4e3a7b3f?s=96&d=mm&r=g\",\"url\":\"https:\\\/\\\/secure.gravatar.com\\\/avatar\\\/467a11f6918c7d619c4043fc6fa2d3853053107973f05b6e9c04ea6c4e3a7b3f?s=96&d=mm&r=g\",\"contentUrl\":\"https:\\\/\\\/secure.gravatar.com\\\/avatar\\\/467a11f6918c7d619c4043fc6fa2d3853053107973f05b6e9c04ea6c4e3a7b3f?s=96&d=mm&r=g\",\"caption\":\"Javier Zamora\"},\"url\":\"https:\\\/\\\/radiolitoral.com\\\/ca\\\/author\\\/javier-zamora\\\/\"}]}<\/script>\n<!-- \/ Yoast SEO plugin. -->","yoast_head_json":{"title":"El CG Calp classifica 6 gimnastes per al Nacional | R\u00e0dio Litoral","description":"Veronika Voloshina es va proclamar campiona auton\u00f2mica, mentre que la seva companya Nika Khurshudian va obtenir el t\u00edtol de subcampiona Veronika Voloshina es va proclamar campiona auton\u00f2mica, mentre que la seva companya Nika Khurshudian va obtenir el t\u00edtol de subcampiona","robots":{"index":"index","follow":"follow","max-snippet":"max-snippet:-1","max-image-preview":"max-image-preview:large","max-video-preview":"max-video-preview:-1"},"canonical":"https:\/\/radiolitoral.com\/ca\/2025\/03\/el-cg-calp-classifica-6-gimnastes-per-al-nacional\/","og_locale":"ca_ES","og_type":"article","og_title":"El CG Calpe clasifica a 6 gimnastas para el Nacional | R\u00e0dio Litoral","og_description":"Veronika Voloshina se proclam\u00f3 campeona auton\u00f3mica, mientras que su compa\u00f1era Nika Khurshudian obtuvo el t\u00edtulo de subcampeona Veronika Voloshina se proclam\u00f3 campeona auton\u00f3mica, mientras que su compa\u00f1era Nika Khurshudian obtuvo el t\u00edtulo de subcampeona","og_url":"https:\/\/radiolitoral.com\/ca\/2025\/03\/el-cg-calp-classifica-6-gimnastes-per-al-nacional\/","og_site_name":"R\u00e0dio Litoral","article_publisher":"https:\/\/www.facebook.com\/Laradiolitoral\/","article_published_time":"2025-03-13T07:25:17+00:00","og_image":[{"width":1024,"height":714,"url":"https:\/\/media.radiolitoral.com\/wp-content\/uploads\/2025\/03\/11232645\/Prebenjaminas-del-CG-Calpe.jpg","type":"image\/jpeg"}],"author":"Javier Zamora","twitter_card":"summary_large_image","twitter_misc":{"Escrit per":"Javier Zamora","Temps estimat de lectura":"2 minuts"},"schema":{"@context":"https:\/\/schema.org","@graph":[{"@type":"NewsArticle","@id":"https:\/\/radiolitoral.com\/2025\/03\/el-cg-calpe-clasifica-a-6-gimnastas-para-el-nacional\/#article","isPartOf":{"@id":"https:\/\/radiolitoral.com\/2025\/03\/el-cg-calpe-clasifica-a-6-gimnastas-para-el-nacional\/"},"author":{"name":"Javier Zamora","@id":"https:\/\/radiolitoral.com\/#\/schema\/person\/7b1480b5caeb5acdd4ec6379caf62b22"},"headline":"El CG Calpe clasifica a 6 gimnastas para el Nacional","datePublished":"2025-03-13T07:25:17+00:00","mainEntityOfPage":{"@id":"https:\/\/radiolitoral.com\/2025\/03\/el-cg-calpe-clasifica-a-6-gimnastas-para-el-nacional\/"},"wordCount":233,"commentCount":0,"publisher":{"@id":"https:\/\/radiolitoral.com\/#organization"},"image":{"@id":"https:\/\/radiolitoral.com\/2025\/03\/el-cg-calpe-clasifica-a-6-gimnastas-para-el-nacional\/#primaryimage"},"thumbnailUrl":"https:\/\/media.radiolitoral.com\/wp-content\/uploads\/2025\/03\/11232645\/Prebenjaminas-del-CG-Calpe.jpg","keywords":["Campeonato Auton\u00f3mico de gimnasia r\u00edtmica en Nivel Nacional Base Individual","Club Gimnasia Calpe","deportes","Nika Khurshudian","Varvara Kovalenko","Veronika Voloshina","Yulia Gavrilova","Zoe Noriega"],"articleSection":["Deportes"],"inLanguage":"ca","potentialAction":[{"@type":"CommentAction","name":"Comment","target":["https:\/\/radiolitoral.com\/2025\/03\/el-cg-calpe-clasifica-a-6-gimnastas-para-el-nacional\/#respond"]}]},{"@type":["WebPage","ItemPage"],"@id":"https:\/\/radiolitoral.com\/2025\/03\/el-cg-calpe-clasifica-a-6-gimnastas-para-el-nacional\/","url":"https:\/\/radiolitoral.com\/2025\/03\/el-cg-calpe-clasifica-a-6-gimnastas-para-el-nacional\/","name":"El CG Calp classifica 6 gimnastes per al Nacional | R\u00e0dio Litoral","isPartOf":{"@id":"https:\/\/radiolitoral.com\/#website"},"primaryImageOfPage":{"@id":"https:\/\/radiolitoral.com\/2025\/03\/el-cg-calpe-clasifica-a-6-gimnastas-para-el-nacional\/#primaryimage"},"image":{"@id":"https:\/\/radiolitoral.com\/2025\/03\/el-cg-calpe-clasifica-a-6-gimnastas-para-el-nacional\/#primaryimage"},"thumbnailUrl":"https:\/\/media.radiolitoral.com\/wp-content\/uploads\/2025\/03\/11232645\/Prebenjaminas-del-CG-Calpe.jpg","datePublished":"2025-03-13T07:25:17+00:00","description":"Veronika Voloshina es va proclamar campiona auton\u00f2mica, mentre que la seva companya Nika Khurshudian va obtenir el t\u00edtol de subcampiona Veronika Voloshina es va proclamar campiona auton\u00f2mica, mentre que la seva companya Nika Khurshudian va obtenir el t\u00edtol de subcampiona","breadcrumb":{"@id":"https:\/\/radiolitoral.com\/2025\/03\/el-cg-calpe-clasifica-a-6-gimnastas-para-el-nacional\/#breadcrumb"},"inLanguage":"ca","potentialAction":[{"@type":"ReadAction","target":["https:\/\/radiolitoral.com\/2025\/03\/el-cg-calpe-clasifica-a-6-gimnastas-para-el-nacional\/"]}]},{"@type":"ImageObject","inLanguage":"ca","@id":"https:\/\/radiolitoral.com\/2025\/03\/el-cg-calpe-clasifica-a-6-gimnastas-para-el-nacional\/#primaryimage","url":"https:\/\/media.radiolitoral.com\/wp-content\/uploads\/2025\/03\/11232645\/Prebenjaminas-del-CG-Calpe.jpg","contentUrl":"https:\/\/media.radiolitoral.com\/wp-content\/uploads\/2025\/03\/11232645\/Prebenjaminas-del-CG-Calpe.jpg","width":1024,"height":714},{"@type":"BreadcrumbList","@id":"https:\/\/radiolitoral.com\/2025\/03\/el-cg-calpe-clasifica-a-6-gimnastas-para-el-nacional\/#breadcrumb","itemListElement":[{"@type":"ListItem","position":1,"name":"Portada","item":"https:\/\/radiolitoral.com\/"},{"@type":"ListItem","position":2,"name":"El CG Calpe clasifica a 6 gimnastas para el Nacional"}]},{"@type":"WebSite","@id":"https:\/\/radiolitoral.com\/#website","url":"https:\/\/radiolitoral.com\/","name":"R\u00e0dio Litoral","description":"La r\u00e0dio local de la Marina Alta","publisher":{"@id":"https:\/\/radiolitoral.com\/#organization"},"alternateName":"Litoral FM","potentialAction":[{"@type":"SearchAction","target":{"@type":"EntryPoint","urlTemplate":"https:\/\/radiolitoral.com\/?s={search_term_string}"},"query-input":{"@type":"PropertyValueSpecification","valueRequired":true,"valueName":"search_term_string"}}],"inLanguage":"ca"},{"@type":"Organization","@id":"https:\/\/radiolitoral.com\/#organization","name":"R\u00e0dio Litoral","url":"https:\/\/radiolitoral.com\/","logo":{"@type":"ImageObject","inLanguage":"ca","@id":"https:\/\/radiolitoral.com\/#\/schema\/logo\/image\/","url":"https:\/\/media.radiolitoral.com\/wp-content\/uploads\/2023\/02\/24143238\/CL-V-RadioLitoral696.png","contentUrl":"https:\/\/media.radiolitoral.com\/wp-content\/uploads\/2023\/02\/24143238\/CL-V-RadioLitoral696.png","width":696,"height":696,"caption":"Radio Litoral"},"image":{"@id":"https:\/\/radiolitoral.com\/#\/schema\/logo\/image\/"},"sameAs":["https:\/\/www.facebook.com\/Laradiolitoral\/"]},{"@type":"Person","@id":"https:\/\/radiolitoral.com\/#\/schema\/person\/7b1480b5caeb5acdd4ec6379caf62b22","name":"Javier Zamora","image":{"@type":"ImageObject","inLanguage":"ca","@id":"https:\/\/secure.gravatar.com\/avatar\/467a11f6918c7d619c4043fc6fa2d3853053107973f05b6e9c04ea6c4e3a7b3f?s=96&d=mm&r=g","url":"https:\/\/secure.gravatar.com\/avatar\/467a11f6918c7d619c4043fc6fa2d3853053107973f05b6e9c04ea6c4e3a7b3f?s=96&d=mm&r=g","contentUrl":"https:\/\/secure.gravatar.com\/avatar\/467a11f6918c7d619c4043fc6fa2d3853053107973f05b6e9c04ea6c4e3a7b3f?s=96&d=mm&r=g","caption":"Javier Zamora"},"url":"https:\/\/radiolitoral.com\/ca\/author\/javier-zamora\/"}]}},"_links":{"self":[{"href":"https:\/\/radiolitoral.com\/ca\/wp-json\/wp\/v2\/posts\/15524","targetHints":{"allow":["GET"]}}],"collection":[{"href":"https:\/\/radiolitoral.com\/ca\/wp-json\/wp\/v2\/posts"}],"about":[{"href":"https:\/\/radiolitoral.com\/ca\/wp-json\/wp\/v2\/types\/post"}],"author":[{"embeddable":true,"href":"https:\/\/radiolitoral.com\/ca\/wp-json\/wp\/v2\/users\/12"}],"replies":[{"embeddable":true,"href":"https:\/\/radiolitoral.com\/ca\/wp-json\/wp\/v2\/comments?post=15524"}],"version-history":[{"count":3,"href":"https:\/\/radiolitoral.com\/ca\/wp-json\/wp\/v2\/posts\/15524\/revisions"}],"predecessor-version":[{"id":15550,"href":"https:\/\/radiolitoral.com\/ca\/wp-json\/wp\/v2\/posts\/15524\/revisions\/15550"}],"wp:featuredmedia":[{"embeddable":true,"href":"https:\/\/radiolitoral.com\/ca\/wp-json\/wp\/v2\/media\/15525"}],"wp:attachment":[{"href":"https:\/\/radiolitoral.com\/ca\/wp-json\/wp\/v2\/media?parent=15524"}],"wp:term":[{"taxonomy":"category","embeddable":true,"href":"https:\/\/radiolitoral.com\/ca\/wp-json\/wp\/v2\/categories?post=15524"},{"taxonomy":"post_tag","embeddable":true,"href":"https:\/\/radiolitoral.com\/ca\/wp-json\/wp\/v2\/tags?post=15524"}],"curies":[{"name":"wp","href":"https:\/\/api.w.org\/{rel}","templated":true}]}}