{"id":15472,"date":"2025-03-11T10:14:10","date_gmt":"2025-03-11T09:14:10","guid":{"rendered":"https:\/\/radiolitoral.com\/?p=15472"},"modified":"2025-03-11T10:14:10","modified_gmt":"2025-03-11T09:14:10","slug":"la-volta-popular-a-gata-corono-a-garcia-barragan-ia-ferrer","status":"publish","type":"post","link":"https:\/\/radiolitoral.com\/ca\/2025\/03\/la-volta-popular-a-gata-corono-a-garcia-barragan-y-a-ferrer\/","title":{"rendered":"La Volta Popular a Gata va coronar Garc\u00eda Barrag\u00e1n i Ferrer"},"content":{"rendered":"<p>La <strong>XXVI Volta Popular Gata<\/strong> va tornar a reunir una gran quantitat de corredors, amb <strong>1.100 atletes<\/strong> a la prova reina i m\u00e9s de <strong>200 nens i nenes<\/strong> a les categories infantils, gaudint d&#039;un dia assolellat que va deixar enrere les dues jornades pr\u00e8vies marcades per cels grisos.<\/p>\n<p>El gran protagonista de la jornada va ser <strong>Jos\u00e9 Manuel Garc\u00eda Barrag\u00e1n<\/strong>, del <strong>CE<\/strong> <strong>Llebeig X\u00e0bia<\/strong>, qui va aconseguir una vict\u00f2ria treballada en un final de carrera exigent. En els \u00faltims metres va aconseguir deixar enrere els seus rivals m\u00e9s immediats i va creuar la l\u00ednia de meta amb un temps de <strong>32 minuts i 35 segons<\/strong>, marcant un ritme de <strong>3:20\/K<\/strong>. <strong>Jos\u00e9 David Moruno<\/strong>, del <strong>SD Correcamins<\/strong>, va acabar en <strong>segona posici\u00f3<\/strong> amb <strong>32&#039;50\u00bb<\/strong>, a un ritme de <strong>3:21\/K<\/strong>, mentre que el <strong>tercer classificat<\/strong> va ser <strong>Joshua Bellot<\/strong>, amb un crono de <strong>33&#039;05\u00bb<\/strong>, relegant al quart lloc a <strong>Juanan Fern\u00e1ndez<\/strong>, del <strong>CA Benidorm<\/strong>.<\/p>\n<h4>La reina, M\u00aa Isabel Ferrer vencedora<\/h4>\n<p>A la categoria femenina, la gran dominadora del <strong>Circuit a Peu Marina Alta<\/strong>, <strong>Maria Isabel Ferrer<\/strong>, va tornar a demostrar la seva superioritat, aconseguint la seva <strong>tercera vict\u00f2ria absoluta<\/strong> en aquesta edici\u00f3 del circuit. <strong>Ferrer <\/strong>va creuar la meta en primera posici\u00f3 amb un temps de <strong>36 minuts i 15 segons<\/strong>, marcant una mitjana de <strong>3:42\/K<\/strong> i aconseguint a m\u00e9s la vint-i-unena posici\u00f3 de la classificaci\u00f3 general. L&#039;atleta del <strong>CA Publidom<\/strong>, <strong>Andrea Abad<\/strong>, va acabar en <strong>segona posici\u00f3<\/strong> amb <strong>37&#039;00\u00bb<\/strong> (ritme de <strong>3:48\/K<\/strong>), mentre que la seva companya d&#039;equip, <strong>Cristina Rosell\u00f3<\/strong>, va completar el podi amb un crono de <strong>38&#039;34\u00bb<\/strong> (ritme de <strong>3:56\/K<\/strong>).<\/p>\n<figure id=\"attachment_15474\" aria-describedby=\"caption-attachment-15474\" style=\"width: 2560px\" class=\"wp-caption alignnone\"><img loading=\"lazy\" decoding=\"async\" class=\"wp-image-15474 size-full\" src=\"https:\/\/media.radiolitoral.com\/wp-content\/uploads\/2025\/03\/10115804\/Podio-Femenino-en-Gata-scaled.jpg\" alt=\"\" width=\"2560\" height=\"1707\" srcset=\"https:\/\/media.radiolitoral.com\/wp-content\/uploads\/2025\/03\/10115804\/Podio-Femenino-en-Gata-scaled.jpg 2560w, https:\/\/media.radiolitoral.com\/wp-content\/uploads\/2025\/03\/10115804\/Podio-Femenino-en-Gata-300x200.jpg 300w, https:\/\/media.radiolitoral.com\/wp-content\/uploads\/2025\/03\/10115804\/Podio-Femenino-en-Gata-1024x683.jpg 1024w, https:\/\/media.radiolitoral.com\/wp-content\/uploads\/2025\/03\/10115804\/Podio-Femenino-en-Gata-768x512.jpg 768w, https:\/\/media.radiolitoral.com\/wp-content\/uploads\/2025\/03\/10115804\/Podio-Femenino-en-Gata-1536x1024.jpg 1536w, https:\/\/media.radiolitoral.com\/wp-content\/uploads\/2025\/03\/10115804\/Podio-Femenino-en-Gata-2048x1365.jpg 2048w, https:\/\/media.radiolitoral.com\/wp-content\/uploads\/2025\/03\/10115804\/Podio-Femenino-en-Gata-18x12.jpg 18w, https:\/\/media.radiolitoral.com\/wp-content\/uploads\/2025\/03\/10115804\/Podio-Femenino-en-Gata-1000x667.jpg 1000w, https:\/\/media.radiolitoral.com\/wp-content\/uploads\/2025\/03\/10115804\/Podio-Femenino-en-Gata-100x67.jpg 100w, https:\/\/media.radiolitoral.com\/wp-content\/uploads\/2025\/03\/10115804\/Podio-Femenino-en-Gata-200x133.jpg 200w\" sizes=\"auto, (max-width: 2560px) 100vw, 2560px\" \/><figcaption id=\"caption-attachment-15474\" class=\"wp-caption-text\">Podi femen\u00ed a Gata |K. Aracil<\/figcaption><\/figure>\n<p>Totes les classificacions de la cursa es poden consultar a <strong><a href=\"http:\/\/www.somesport.com\">www.somesport.com<\/a><\/strong> ia la web oficial del Circuit a Peu, <strong><a href=\"http:\/\/www.circuitapeu.com\">www.circuitapeu.com<\/a><\/strong>.<\/p>\n<p>La propera prova del Circuit a Peu Marina Alta ser\u00e0 el diumenge 16 amb la disputa de XXI Cursa Popular a Teulada.<\/p>\n<p>&nbsp;<\/p>\n<p><script src=\"chrome-extension:\/\/flbolonkboilcbnohjlchlfgdalomdpl\/iFrame.js\" type=\"text\/javascript\"><\/script><\/p>\n<p><script src=\"chrome-extension:\/\/flbolonkboilcbnohjlchlfgdalomdpl\/iFrame.js\" type=\"text\/javascript\"><\/script><\/p>\n<p><script src=\"chrome-extension:\/\/flbolonkboilcbnohjlchlfgdalomdpl\/iFrame.js\" type=\"text\/javascript\"><\/script><\/p>","protected":false},"excerpt":{"rendered":"<p>La XXVI Volta Popular Gata volvi\u00f3 a reunir a una gran cantidad de corredores, con 1.100 atletas en la prueba reina y m\u00e1s de 200 ni\u00f1os y ni\u00f1as en las categor\u00edas infantiles, disfrutando de un d\u00eda soleado que dej\u00f3 atr\u00e1s las dos jornadas previas marcadas por cielos grises. El gran protagonista de la jornada fue [&#8230;]<\/p>\n<p><a class=\"btn btn-secondary understrap-read-more-link\" href=\"https:\/\/radiolitoral.com\/ca\/2025\/03\/la-volta-popular-a-gata-corono-a-garcia-barragan-y-a-ferrer\/\">Continua llegint&#8230;<span class=\"screen-reader-text\"> from La Volta Popular a Gata coron\u00f3 a Garc\u00eda Barrag\u00e1n y a Ferrer<\/span><\/a><\/p>\n","protected":false},"author":12,"featured_media":15473,"comment_status":"open","ping_status":"closed","sticky":false,"template":"","format":"standard","meta":{"_acf_changed":false,"inline_featured_image":false,"footnotes":""},"categories":[5],"tags":[1261,1213,922,1045,6,1357,1407,3889,1043,3888],"class_list":["post-15472","post","type-post","status-publish","format-standard","has-post-thumbnail","hentry","category-deportes","tag-andrea-abad","tag-ce-llebeig-xabia","tag-circuit-a-peu-marina-alta","tag-cristina-rosello","tag-deportes","tag-jose-david-moruno","tag-jose-manuel-garcia-barragan","tag-joshua-bellot","tag-maria-isabel-ferrer","tag-volta-popular-gata","cobertura-gata-de-gorgos"],"acf":[],"yoast_head":"<!-- This site is optimized with the Yoast SEO plugin v27.5 - https:\/\/yoast.com\/product\/yoast-seo-wordpress\/ -->\n<title>La Volta Popular a Gata coron\u00f3 a Garc\u00eda Barrag\u00e1n y a Ferrer | R\u00e0dio Litoral<\/title>\n<meta name=\"description\" content=\"Los atletas del CE Llebeig X\u00e0bia siguen mostrando una amplia superioridad al resto de atletas participantes en el Circuit a Peu Marina Alta\" \/>\n<meta name=\"robots\" content=\"index, follow, max-snippet:-1, max-image-preview:large, max-video-preview:-1\" \/>\n<link rel=\"canonical\" href=\"https:\/\/radiolitoral.com\/ca\/2025\/03\/la-volta-popular-a-gata-corono-a-garcia-barragan-ia-ferrer\/\" \/>\n<meta property=\"og:locale\" content=\"ca_ES\" \/>\n<meta property=\"og:type\" content=\"article\" \/>\n<meta property=\"og:title\" content=\"La Volta Popular a Gata coron\u00f3 a Garc\u00eda Barrag\u00e1n y a Ferrer | R\u00e0dio Litoral\" \/>\n<meta property=\"og:description\" content=\"Los atletas del CE Llebeig X\u00e0bia siguen mostrando una amplia superioridad al resto de atletas participantes en el Circuit a Peu Marina Alta\" \/>\n<meta property=\"og:url\" content=\"https:\/\/radiolitoral.com\/ca\/2025\/03\/la-volta-popular-a-gata-corono-a-garcia-barragan-ia-ferrer\/\" \/>\n<meta property=\"og:site_name\" content=\"R\u00e0dio Litoral\" \/>\n<meta property=\"article:publisher\" content=\"https:\/\/www.facebook.com\/Laradiolitoral\/\" \/>\n<meta property=\"article:published_time\" content=\"2025-03-11T09:14:10+00:00\" \/>\n<meta property=\"og:image\" content=\"https:\/\/media.radiolitoral.com\/wp-content\/uploads\/2025\/03\/10115347\/Podio-Masculino-en-Gata-scaled.jpg\" \/>\n\t<meta property=\"og:image:width\" content=\"2560\" \/>\n\t<meta property=\"og:image:height\" content=\"1707\" \/>\n\t<meta property=\"og:image:type\" content=\"image\/jpeg\" \/>\n<meta name=\"author\" content=\"Javier Zamora\" \/>\n<meta name=\"twitter:card\" content=\"summary_large_image\" \/>\n<meta name=\"twitter:label1\" content=\"Escrit per\" \/>\n\t<meta name=\"twitter:data1\" content=\"Javier Zamora\" \/>\n\t<meta name=\"twitter:label2\" content=\"Temps estimat de lectura\" \/>\n\t<meta name=\"twitter:data2\" content=\"2 minuts\" \/>\n<script type=\"application\/ld+json\" class=\"yoast-schema-graph\">{\"@context\":\"https:\\\/\\\/schema.org\",\"@graph\":[{\"@type\":\"NewsArticle\",\"@id\":\"https:\\\/\\\/radiolitoral.com\\\/2025\\\/03\\\/la-volta-popular-a-gata-corono-a-garcia-barragan-y-a-ferrer\\\/#article\",\"isPartOf\":{\"@id\":\"https:\\\/\\\/radiolitoral.com\\\/2025\\\/03\\\/la-volta-popular-a-gata-corono-a-garcia-barragan-y-a-ferrer\\\/\"},\"author\":{\"name\":\"Javier Zamora\",\"@id\":\"https:\\\/\\\/radiolitoral.com\\\/#\\\/schema\\\/person\\\/7b1480b5caeb5acdd4ec6379caf62b22\"},\"headline\":\"La Volta Popular a Gata coron\u00f3 a Garc\u00eda Barrag\u00e1n y a Ferrer\",\"datePublished\":\"2025-03-11T09:14:10+00:00\",\"mainEntityOfPage\":{\"@id\":\"https:\\\/\\\/radiolitoral.com\\\/2025\\\/03\\\/la-volta-popular-a-gata-corono-a-garcia-barragan-y-a-ferrer\\\/\"},\"wordCount\":339,\"commentCount\":0,\"publisher\":{\"@id\":\"https:\\\/\\\/radiolitoral.com\\\/#organization\"},\"image\":{\"@id\":\"https:\\\/\\\/radiolitoral.com\\\/2025\\\/03\\\/la-volta-popular-a-gata-corono-a-garcia-barragan-y-a-ferrer\\\/#primaryimage\"},\"thumbnailUrl\":\"https:\\\/\\\/media.radiolitoral.com\\\/wp-content\\\/uploads\\\/2025\\\/03\\\/10115347\\\/Podio-Masculino-en-Gata-scaled.jpg\",\"keywords\":[\"Andrea Abad\",\"CE Llebeig X\u00e1bia\",\"Circuit a Peu Marina Alta\",\"Cristina Rosell\u00f3\",\"deportes\",\"Jos\u00e9 David Moruno\",\"Jos\u00e9 Manuel Garc\u00eda Barrag\u00e1n\",\"Joshua Bellot\",\"Mar\u00eda Isabel Ferrer\",\"Volta Popular Gata\"],\"articleSection\":[\"Deportes\"],\"inLanguage\":\"ca\",\"potentialAction\":[{\"@type\":\"CommentAction\",\"name\":\"Comment\",\"target\":[\"https:\\\/\\\/radiolitoral.com\\\/2025\\\/03\\\/la-volta-popular-a-gata-corono-a-garcia-barragan-y-a-ferrer\\\/#respond\"]}]},{\"@type\":[\"WebPage\",\"ItemPage\"],\"@id\":\"https:\\\/\\\/radiolitoral.com\\\/2025\\\/03\\\/la-volta-popular-a-gata-corono-a-garcia-barragan-y-a-ferrer\\\/\",\"url\":\"https:\\\/\\\/radiolitoral.com\\\/2025\\\/03\\\/la-volta-popular-a-gata-corono-a-garcia-barragan-y-a-ferrer\\\/\",\"name\":\"La Volta Popular a Gata coron\u00f3 a Garc\u00eda Barrag\u00e1n y a Ferrer | R\u00e0dio Litoral\",\"isPartOf\":{\"@id\":\"https:\\\/\\\/radiolitoral.com\\\/#website\"},\"primaryImageOfPage\":{\"@id\":\"https:\\\/\\\/radiolitoral.com\\\/2025\\\/03\\\/la-volta-popular-a-gata-corono-a-garcia-barragan-y-a-ferrer\\\/#primaryimage\"},\"image\":{\"@id\":\"https:\\\/\\\/radiolitoral.com\\\/2025\\\/03\\\/la-volta-popular-a-gata-corono-a-garcia-barragan-y-a-ferrer\\\/#primaryimage\"},\"thumbnailUrl\":\"https:\\\/\\\/media.radiolitoral.com\\\/wp-content\\\/uploads\\\/2025\\\/03\\\/10115347\\\/Podio-Masculino-en-Gata-scaled.jpg\",\"datePublished\":\"2025-03-11T09:14:10+00:00\",\"description\":\"Los atletas del CE Llebeig X\u00e0bia siguen mostrando una amplia superioridad al resto de atletas participantes en el Circuit a Peu Marina Alta\",\"breadcrumb\":{\"@id\":\"https:\\\/\\\/radiolitoral.com\\\/2025\\\/03\\\/la-volta-popular-a-gata-corono-a-garcia-barragan-y-a-ferrer\\\/#breadcrumb\"},\"inLanguage\":\"ca\",\"potentialAction\":[{\"@type\":\"ReadAction\",\"target\":[\"https:\\\/\\\/radiolitoral.com\\\/2025\\\/03\\\/la-volta-popular-a-gata-corono-a-garcia-barragan-y-a-ferrer\\\/\"]}]},{\"@type\":\"ImageObject\",\"inLanguage\":\"ca\",\"@id\":\"https:\\\/\\\/radiolitoral.com\\\/2025\\\/03\\\/la-volta-popular-a-gata-corono-a-garcia-barragan-y-a-ferrer\\\/#primaryimage\",\"url\":\"https:\\\/\\\/media.radiolitoral.com\\\/wp-content\\\/uploads\\\/2025\\\/03\\\/10115347\\\/Podio-Masculino-en-Gata-scaled.jpg\",\"contentUrl\":\"https:\\\/\\\/media.radiolitoral.com\\\/wp-content\\\/uploads\\\/2025\\\/03\\\/10115347\\\/Podio-Masculino-en-Gata-scaled.jpg\",\"width\":2560,\"height\":1707},{\"@type\":\"BreadcrumbList\",\"@id\":\"https:\\\/\\\/radiolitoral.com\\\/2025\\\/03\\\/la-volta-popular-a-gata-corono-a-garcia-barragan-y-a-ferrer\\\/#breadcrumb\",\"itemListElement\":[{\"@type\":\"ListItem\",\"position\":1,\"name\":\"Portada\",\"item\":\"https:\\\/\\\/radiolitoral.com\\\/\"},{\"@type\":\"ListItem\",\"position\":2,\"name\":\"La Volta Popular a Gata coron\u00f3 a Garc\u00eda Barrag\u00e1n y a Ferrer\"}]},{\"@type\":\"WebSite\",\"@id\":\"https:\\\/\\\/radiolitoral.com\\\/#website\",\"url\":\"https:\\\/\\\/radiolitoral.com\\\/\",\"name\":\"Radio Litoral\",\"description\":\"La radio local de la Marina Alta\",\"publisher\":{\"@id\":\"https:\\\/\\\/radiolitoral.com\\\/#organization\"},\"alternateName\":\"Litoral FM\",\"potentialAction\":[{\"@type\":\"SearchAction\",\"target\":{\"@type\":\"EntryPoint\",\"urlTemplate\":\"https:\\\/\\\/radiolitoral.com\\\/?s={search_term_string}\"},\"query-input\":{\"@type\":\"PropertyValueSpecification\",\"valueRequired\":true,\"valueName\":\"search_term_string\"}}],\"inLanguage\":\"ca\"},{\"@type\":\"Organization\",\"@id\":\"https:\\\/\\\/radiolitoral.com\\\/#organization\",\"name\":\"Radio Litoral\",\"url\":\"https:\\\/\\\/radiolitoral.com\\\/\",\"logo\":{\"@type\":\"ImageObject\",\"inLanguage\":\"ca\",\"@id\":\"https:\\\/\\\/radiolitoral.com\\\/#\\\/schema\\\/logo\\\/image\\\/\",\"url\":\"https:\\\/\\\/media.radiolitoral.com\\\/wp-content\\\/uploads\\\/2023\\\/02\\\/24143238\\\/CL-V-RadioLitoral696.png\",\"contentUrl\":\"https:\\\/\\\/media.radiolitoral.com\\\/wp-content\\\/uploads\\\/2023\\\/02\\\/24143238\\\/CL-V-RadioLitoral696.png\",\"width\":696,\"height\":696,\"caption\":\"Radio Litoral\"},\"image\":{\"@id\":\"https:\\\/\\\/radiolitoral.com\\\/#\\\/schema\\\/logo\\\/image\\\/\"},\"sameAs\":[\"https:\\\/\\\/www.facebook.com\\\/Laradiolitoral\\\/\"]},{\"@type\":\"Person\",\"@id\":\"https:\\\/\\\/radiolitoral.com\\\/#\\\/schema\\\/person\\\/7b1480b5caeb5acdd4ec6379caf62b22\",\"name\":\"Javier Zamora\",\"image\":{\"@type\":\"ImageObject\",\"inLanguage\":\"ca\",\"@id\":\"https:\\\/\\\/secure.gravatar.com\\\/avatar\\\/467a11f6918c7d619c4043fc6fa2d3853053107973f05b6e9c04ea6c4e3a7b3f?s=96&d=mm&r=g\",\"url\":\"https:\\\/\\\/secure.gravatar.com\\\/avatar\\\/467a11f6918c7d619c4043fc6fa2d3853053107973f05b6e9c04ea6c4e3a7b3f?s=96&d=mm&r=g\",\"contentUrl\":\"https:\\\/\\\/secure.gravatar.com\\\/avatar\\\/467a11f6918c7d619c4043fc6fa2d3853053107973f05b6e9c04ea6c4e3a7b3f?s=96&d=mm&r=g\",\"caption\":\"Javier Zamora\"},\"url\":\"https:\\\/\\\/radiolitoral.com\\\/ca\\\/author\\\/javier-zamora\\\/\"}]}<\/script>\n<!-- \/ Yoast SEO plugin. -->","yoast_head_json":{"title":"La Volta Popular a Gata va coronar Garc\u00eda Barrag\u00e1n i Ferrer | R\u00e0dio Litoral","description":"Els atletes del CE Llebeig X\u00e0bia segueixen mostrant una \u00e0mplia superioritat a la resta d&#039;atletes participants al Circuit a Peu Marina Alta","robots":{"index":"index","follow":"follow","max-snippet":"max-snippet:-1","max-image-preview":"max-image-preview:large","max-video-preview":"max-video-preview:-1"},"canonical":"https:\/\/radiolitoral.com\/ca\/2025\/03\/la-volta-popular-a-gata-corono-a-garcia-barragan-ia-ferrer\/","og_locale":"ca_ES","og_type":"article","og_title":"La Volta Popular a Gata coron\u00f3 a Garc\u00eda Barrag\u00e1n y a Ferrer | R\u00e0dio Litoral","og_description":"Los atletas del CE Llebeig X\u00e0bia siguen mostrando una amplia superioridad al resto de atletas participantes en el Circuit a Peu Marina Alta","og_url":"https:\/\/radiolitoral.com\/ca\/2025\/03\/la-volta-popular-a-gata-corono-a-garcia-barragan-ia-ferrer\/","og_site_name":"R\u00e0dio Litoral","article_publisher":"https:\/\/www.facebook.com\/Laradiolitoral\/","article_published_time":"2025-03-11T09:14:10+00:00","og_image":[{"width":2560,"height":1707,"url":"https:\/\/media.radiolitoral.com\/wp-content\/uploads\/2025\/03\/10115347\/Podio-Masculino-en-Gata-scaled.jpg","type":"image\/jpeg"}],"author":"Javier Zamora","twitter_card":"summary_large_image","twitter_misc":{"Escrit per":"Javier Zamora","Temps estimat de lectura":"2 minuts"},"schema":{"@context":"https:\/\/schema.org","@graph":[{"@type":"NewsArticle","@id":"https:\/\/radiolitoral.com\/2025\/03\/la-volta-popular-a-gata-corono-a-garcia-barragan-y-a-ferrer\/#article","isPartOf":{"@id":"https:\/\/radiolitoral.com\/2025\/03\/la-volta-popular-a-gata-corono-a-garcia-barragan-y-a-ferrer\/"},"author":{"name":"Javier Zamora","@id":"https:\/\/radiolitoral.com\/#\/schema\/person\/7b1480b5caeb5acdd4ec6379caf62b22"},"headline":"La Volta Popular a Gata coron\u00f3 a Garc\u00eda Barrag\u00e1n y a Ferrer","datePublished":"2025-03-11T09:14:10+00:00","mainEntityOfPage":{"@id":"https:\/\/radiolitoral.com\/2025\/03\/la-volta-popular-a-gata-corono-a-garcia-barragan-y-a-ferrer\/"},"wordCount":339,"commentCount":0,"publisher":{"@id":"https:\/\/radiolitoral.com\/#organization"},"image":{"@id":"https:\/\/radiolitoral.com\/2025\/03\/la-volta-popular-a-gata-corono-a-garcia-barragan-y-a-ferrer\/#primaryimage"},"thumbnailUrl":"https:\/\/media.radiolitoral.com\/wp-content\/uploads\/2025\/03\/10115347\/Podio-Masculino-en-Gata-scaled.jpg","keywords":["Andrea Abad","CE Llebeig X\u00e1bia","Circuit a Peu Marina Alta","Cristina Rosell\u00f3","deportes","Jos\u00e9 David Moruno","Jos\u00e9 Manuel Garc\u00eda Barrag\u00e1n","Joshua Bellot","Mar\u00eda Isabel Ferrer","Volta Popular Gata"],"articleSection":["Deportes"],"inLanguage":"ca","potentialAction":[{"@type":"CommentAction","name":"Comment","target":["https:\/\/radiolitoral.com\/2025\/03\/la-volta-popular-a-gata-corono-a-garcia-barragan-y-a-ferrer\/#respond"]}]},{"@type":["WebPage","ItemPage"],"@id":"https:\/\/radiolitoral.com\/2025\/03\/la-volta-popular-a-gata-corono-a-garcia-barragan-y-a-ferrer\/","url":"https:\/\/radiolitoral.com\/2025\/03\/la-volta-popular-a-gata-corono-a-garcia-barragan-y-a-ferrer\/","name":"La Volta Popular a Gata va coronar Garc\u00eda Barrag\u00e1n i Ferrer | R\u00e0dio Litoral","isPartOf":{"@id":"https:\/\/radiolitoral.com\/#website"},"primaryImageOfPage":{"@id":"https:\/\/radiolitoral.com\/2025\/03\/la-volta-popular-a-gata-corono-a-garcia-barragan-y-a-ferrer\/#primaryimage"},"image":{"@id":"https:\/\/radiolitoral.com\/2025\/03\/la-volta-popular-a-gata-corono-a-garcia-barragan-y-a-ferrer\/#primaryimage"},"thumbnailUrl":"https:\/\/media.radiolitoral.com\/wp-content\/uploads\/2025\/03\/10115347\/Podio-Masculino-en-Gata-scaled.jpg","datePublished":"2025-03-11T09:14:10+00:00","description":"Els atletes del CE Llebeig X\u00e0bia segueixen mostrant una \u00e0mplia superioritat a la resta d&#039;atletes participants al Circuit a Peu Marina Alta","breadcrumb":{"@id":"https:\/\/radiolitoral.com\/2025\/03\/la-volta-popular-a-gata-corono-a-garcia-barragan-y-a-ferrer\/#breadcrumb"},"inLanguage":"ca","potentialAction":[{"@type":"ReadAction","target":["https:\/\/radiolitoral.com\/2025\/03\/la-volta-popular-a-gata-corono-a-garcia-barragan-y-a-ferrer\/"]}]},{"@type":"ImageObject","inLanguage":"ca","@id":"https:\/\/radiolitoral.com\/2025\/03\/la-volta-popular-a-gata-corono-a-garcia-barragan-y-a-ferrer\/#primaryimage","url":"https:\/\/media.radiolitoral.com\/wp-content\/uploads\/2025\/03\/10115347\/Podio-Masculino-en-Gata-scaled.jpg","contentUrl":"https:\/\/media.radiolitoral.com\/wp-content\/uploads\/2025\/03\/10115347\/Podio-Masculino-en-Gata-scaled.jpg","width":2560,"height":1707},{"@type":"BreadcrumbList","@id":"https:\/\/radiolitoral.com\/2025\/03\/la-volta-popular-a-gata-corono-a-garcia-barragan-y-a-ferrer\/#breadcrumb","itemListElement":[{"@type":"ListItem","position":1,"name":"Portada","item":"https:\/\/radiolitoral.com\/"},{"@type":"ListItem","position":2,"name":"La Volta Popular a Gata coron\u00f3 a Garc\u00eda Barrag\u00e1n y a Ferrer"}]},{"@type":"WebSite","@id":"https:\/\/radiolitoral.com\/#website","url":"https:\/\/radiolitoral.com\/","name":"R\u00e0dio Litoral","description":"La r\u00e0dio local de la Marina Alta","publisher":{"@id":"https:\/\/radiolitoral.com\/#organization"},"alternateName":"Litoral FM","potentialAction":[{"@type":"SearchAction","target":{"@type":"EntryPoint","urlTemplate":"https:\/\/radiolitoral.com\/?s={search_term_string}"},"query-input":{"@type":"PropertyValueSpecification","valueRequired":true,"valueName":"search_term_string"}}],"inLanguage":"ca"},{"@type":"Organization","@id":"https:\/\/radiolitoral.com\/#organization","name":"R\u00e0dio Litoral","url":"https:\/\/radiolitoral.com\/","logo":{"@type":"ImageObject","inLanguage":"ca","@id":"https:\/\/radiolitoral.com\/#\/schema\/logo\/image\/","url":"https:\/\/media.radiolitoral.com\/wp-content\/uploads\/2023\/02\/24143238\/CL-V-RadioLitoral696.png","contentUrl":"https:\/\/media.radiolitoral.com\/wp-content\/uploads\/2023\/02\/24143238\/CL-V-RadioLitoral696.png","width":696,"height":696,"caption":"Radio Litoral"},"image":{"@id":"https:\/\/radiolitoral.com\/#\/schema\/logo\/image\/"},"sameAs":["https:\/\/www.facebook.com\/Laradiolitoral\/"]},{"@type":"Person","@id":"https:\/\/radiolitoral.com\/#\/schema\/person\/7b1480b5caeb5acdd4ec6379caf62b22","name":"Javier Zamora","image":{"@type":"ImageObject","inLanguage":"ca","@id":"https:\/\/secure.gravatar.com\/avatar\/467a11f6918c7d619c4043fc6fa2d3853053107973f05b6e9c04ea6c4e3a7b3f?s=96&d=mm&r=g","url":"https:\/\/secure.gravatar.com\/avatar\/467a11f6918c7d619c4043fc6fa2d3853053107973f05b6e9c04ea6c4e3a7b3f?s=96&d=mm&r=g","contentUrl":"https:\/\/secure.gravatar.com\/avatar\/467a11f6918c7d619c4043fc6fa2d3853053107973f05b6e9c04ea6c4e3a7b3f?s=96&d=mm&r=g","caption":"Javier Zamora"},"url":"https:\/\/radiolitoral.com\/ca\/author\/javier-zamora\/"}]}},"_links":{"self":[{"href":"https:\/\/radiolitoral.com\/ca\/wp-json\/wp\/v2\/posts\/15472","targetHints":{"allow":["GET"]}}],"collection":[{"href":"https:\/\/radiolitoral.com\/ca\/wp-json\/wp\/v2\/posts"}],"about":[{"href":"https:\/\/radiolitoral.com\/ca\/wp-json\/wp\/v2\/types\/post"}],"author":[{"embeddable":true,"href":"https:\/\/radiolitoral.com\/ca\/wp-json\/wp\/v2\/users\/12"}],"replies":[{"embeddable":true,"href":"https:\/\/radiolitoral.com\/ca\/wp-json\/wp\/v2\/comments?post=15472"}],"version-history":[{"count":4,"href":"https:\/\/radiolitoral.com\/ca\/wp-json\/wp\/v2\/posts\/15472\/revisions"}],"predecessor-version":[{"id":15503,"href":"https:\/\/radiolitoral.com\/ca\/wp-json\/wp\/v2\/posts\/15472\/revisions\/15503"}],"wp:featuredmedia":[{"embeddable":true,"href":"https:\/\/radiolitoral.com\/ca\/wp-json\/wp\/v2\/media\/15473"}],"wp:attachment":[{"href":"https:\/\/radiolitoral.com\/ca\/wp-json\/wp\/v2\/media?parent=15472"}],"wp:term":[{"taxonomy":"category","embeddable":true,"href":"https:\/\/radiolitoral.com\/ca\/wp-json\/wp\/v2\/categories?post=15472"},{"taxonomy":"post_tag","embeddable":true,"href":"https:\/\/radiolitoral.com\/ca\/wp-json\/wp\/v2\/tags?post=15472"}],"curies":[{"name":"wp","href":"https:\/\/api.w.org\/{rel}","templated":true}]}}