{"id":1546,"date":"2023-03-22T15:16:36","date_gmt":"2023-03-22T14:16:36","guid":{"rendered":"https:\/\/radiolitoral.com\/?p=1546"},"modified":"2023-03-22T15:16:49","modified_gmt":"2023-03-22T14:16:49","slug":"itineraris-artistics-amb-obres-integrades-al-paisatge-calpi","status":"publish","type":"post","link":"https:\/\/radiolitoral.com\/ca\/2023\/03\/itinerarios-artisticos-con-obras-integradas-en-el-paisaje-calpino\/","title":{"rendered":"Itineraris art\u00edstics amb obres integrades al paisatge calp\u00ed"},"content":{"rendered":"<p>El <strong>candidat del PP a l&#039;alcaldia de Calp, C\u00e9sar S\u00e1nchez, i la presidenta del partit a nivell local, Pilar Cabrera<\/strong>, han mostrat el seu inter\u00e8s per tirar endavant un <strong>projecte que uneix art i natura<\/strong>. La idea suposa, segons han explicat des del partit, generar <strong>itineraris art\u00edstics amb obres integrades al paisatge<\/strong>.<\/p>\n<p>Una manera respectuosa de construir manifestacions art\u00edstiques a la muntanya, mitjan\u00e7ant la pintura o l&#039;escultura, i que formin part d&#039;itineraris senderistes que seran reclam dels amants de l&#039;ecologia, el patrimoni i l&#039;art, segons afirmen des del PP.<\/p>\n<p>La proposta, avancen els populars, comptar\u00e0 principalment amb l&#039;impuls dels <strong>artistes calpins que deixaran la seva empremta creativa a la pr\u00f2pia natura<\/strong> que ens envolta.<\/p>","protected":false},"excerpt":{"rendered":"<p>El candidato del PP a la alcald\u00eda de Calp, C\u00e9sar S\u00e1nchez, y la presidenta del partido a nivel local, Pilar Cabrera, han mostrado su inter\u00e9s por llevar adelante un proyecto que a\u00fana arte y naturaleza. La idea supone, seg\u00fan han explicado desde el partido, generar itinerarios art\u00edsticos con obras integradas en el paisaje. Una forma [&#8230;]<\/p>\n<p><a class=\"btn btn-secondary understrap-read-more-link\" href=\"https:\/\/radiolitoral.com\/ca\/2023\/03\/itinerarios-artisticos-con-obras-integradas-en-el-paisaje-calpino\/\">Continua llegint&#8230;<span class=\"screen-reader-text\"> from Itinerarios art\u00edsticos con obras integradas en el paisaje calpino<\/span><\/a><\/p>\n","protected":false},"author":13,"featured_media":1547,"comment_status":"open","ping_status":"closed","sticky":false,"template":"","format":"standard","meta":{"_acf_changed":false,"inline_featured_image":false,"footnotes":""},"categories":[55],"tags":[297,301,122,99,161,300,121,299,298],"class_list":["post-1546","post","type-post","status-publish","format-standard","has-post-thumbnail","hentry","category-cultura","tag-arte-en-calp","tag-artistas-calp","tag-calp","tag-cesar-sanchez","tag-elecciones-2023","tag-itinerarios-artisticos","tag-pp-calp","tag-senderismo","tag-senderos-con-arte","cobertura-calp"],"acf":[],"yoast_head":"<!-- This site is optimized with the Yoast SEO plugin v27.5 - https:\/\/yoast.com\/product\/yoast-seo-wordpress\/ -->\n<title>Itinerarios art\u00edsticos con obras integradas en el paisaje calpino | R\u00e0dio Litoral<\/title>\n<meta name=\"description\" content=\"Es la propuesta de los populares que contar\u00e1 con los artistas locales\" \/>\n<meta name=\"robots\" content=\"index, follow, max-snippet:-1, max-image-preview:large, max-video-preview:-1\" \/>\n<link rel=\"canonical\" href=\"https:\/\/radiolitoral.com\/ca\/2023\/03\/itineraris-artistics-amb-obres-integrades-al-paisatge-calpi\/\" \/>\n<meta property=\"og:locale\" content=\"ca_ES\" \/>\n<meta property=\"og:type\" content=\"article\" \/>\n<meta property=\"og:title\" content=\"Itinerarios art\u00edsticos con obras integradas en el paisaje calpino | R\u00e0dio Litoral\" \/>\n<meta property=\"og:description\" content=\"Es la propuesta de los populares que contar\u00e1 con los artistas locales\" \/>\n<meta property=\"og:url\" content=\"https:\/\/radiolitoral.com\/ca\/2023\/03\/itineraris-artistics-amb-obres-integrades-al-paisatge-calpi\/\" \/>\n<meta property=\"og:site_name\" content=\"R\u00e0dio Litoral\" \/>\n<meta property=\"article:publisher\" content=\"https:\/\/www.facebook.com\/Laradiolitoral\/\" \/>\n<meta property=\"article:published_time\" content=\"2023-03-22T14:16:36+00:00\" \/>\n<meta property=\"article:modified_time\" content=\"2023-03-22T14:16:49+00:00\" \/>\n<meta property=\"og:image\" content=\"https:\/\/media.radiolitoral.com\/wp-content\/uploads\/2023\/03\/22151512\/calpe-1-scaled.jpg\" \/>\n\t<meta property=\"og:image:width\" content=\"2560\" \/>\n\t<meta property=\"og:image:height\" content=\"1642\" \/>\n\t<meta property=\"og:image:type\" content=\"image\/jpeg\" \/>\n<meta name=\"author\" content=\"Redacci\u00f3n\" \/>\n<meta name=\"twitter:card\" content=\"summary_large_image\" \/>\n<meta name=\"twitter:label1\" content=\"Escrit per\" \/>\n\t<meta name=\"twitter:data1\" content=\"Redacci\u00f3n\" \/>\n\t<meta name=\"twitter:label2\" content=\"Temps estimat de lectura\" \/>\n\t<meta name=\"twitter:data2\" content=\"1 minut\" \/>\n<script type=\"application\/ld+json\" class=\"yoast-schema-graph\">{\"@context\":\"https:\\\/\\\/schema.org\",\"@graph\":[{\"@type\":\"NewsArticle\",\"@id\":\"https:\\\/\\\/radiolitoral.com\\\/2023\\\/03\\\/itinerarios-artisticos-con-obras-integradas-en-el-paisaje-calpino\\\/#article\",\"isPartOf\":{\"@id\":\"https:\\\/\\\/radiolitoral.com\\\/2023\\\/03\\\/itinerarios-artisticos-con-obras-integradas-en-el-paisaje-calpino\\\/\"},\"author\":{\"name\":\"Redacci\u00f3n\",\"@id\":\"https:\\\/\\\/radiolitoral.com\\\/#\\\/schema\\\/person\\\/f2b2343c49b5d721857cc1002bfdb151\"},\"headline\":\"Itinerarios art\u00edsticos con obras integradas en el paisaje calpino\",\"datePublished\":\"2023-03-22T14:16:36+00:00\",\"dateModified\":\"2023-03-22T14:16:49+00:00\",\"mainEntityOfPage\":{\"@id\":\"https:\\\/\\\/radiolitoral.com\\\/2023\\\/03\\\/itinerarios-artisticos-con-obras-integradas-en-el-paisaje-calpino\\\/\"},\"wordCount\":147,\"commentCount\":0,\"publisher\":{\"@id\":\"https:\\\/\\\/radiolitoral.com\\\/#organization\"},\"image\":{\"@id\":\"https:\\\/\\\/radiolitoral.com\\\/2023\\\/03\\\/itinerarios-artisticos-con-obras-integradas-en-el-paisaje-calpino\\\/#primaryimage\"},\"thumbnailUrl\":\"https:\\\/\\\/media.radiolitoral.com\\\/wp-content\\\/uploads\\\/2023\\\/03\\\/22151512\\\/calpe-1-scaled.jpg\",\"keywords\":[\"arte en Calp\",\"artistas Calp\",\"Calp\",\"C\u00e9sar S\u00e1nchez\",\"elecciones 2023\",\"itinerarios art\u00edsticos\",\"PP Calp\",\"senderismo\",\"senderos con arte\"],\"articleSection\":[\"Cultura\"],\"inLanguage\":\"ca\",\"potentialAction\":[{\"@type\":\"CommentAction\",\"name\":\"Comment\",\"target\":[\"https:\\\/\\\/radiolitoral.com\\\/2023\\\/03\\\/itinerarios-artisticos-con-obras-integradas-en-el-paisaje-calpino\\\/#respond\"]}]},{\"@type\":[\"WebPage\",\"ItemPage\"],\"@id\":\"https:\\\/\\\/radiolitoral.com\\\/2023\\\/03\\\/itinerarios-artisticos-con-obras-integradas-en-el-paisaje-calpino\\\/\",\"url\":\"https:\\\/\\\/radiolitoral.com\\\/2023\\\/03\\\/itinerarios-artisticos-con-obras-integradas-en-el-paisaje-calpino\\\/\",\"name\":\"Itinerarios art\u00edsticos con obras integradas en el paisaje calpino | R\u00e0dio Litoral\",\"isPartOf\":{\"@id\":\"https:\\\/\\\/radiolitoral.com\\\/#website\"},\"primaryImageOfPage\":{\"@id\":\"https:\\\/\\\/radiolitoral.com\\\/2023\\\/03\\\/itinerarios-artisticos-con-obras-integradas-en-el-paisaje-calpino\\\/#primaryimage\"},\"image\":{\"@id\":\"https:\\\/\\\/radiolitoral.com\\\/2023\\\/03\\\/itinerarios-artisticos-con-obras-integradas-en-el-paisaje-calpino\\\/#primaryimage\"},\"thumbnailUrl\":\"https:\\\/\\\/media.radiolitoral.com\\\/wp-content\\\/uploads\\\/2023\\\/03\\\/22151512\\\/calpe-1-scaled.jpg\",\"datePublished\":\"2023-03-22T14:16:36+00:00\",\"dateModified\":\"2023-03-22T14:16:49+00:00\",\"description\":\"Es la propuesta de los populares que contar\u00e1 con los artistas locales\",\"breadcrumb\":{\"@id\":\"https:\\\/\\\/radiolitoral.com\\\/2023\\\/03\\\/itinerarios-artisticos-con-obras-integradas-en-el-paisaje-calpino\\\/#breadcrumb\"},\"inLanguage\":\"ca\",\"potentialAction\":[{\"@type\":\"ReadAction\",\"target\":[\"https:\\\/\\\/radiolitoral.com\\\/2023\\\/03\\\/itinerarios-artisticos-con-obras-integradas-en-el-paisaje-calpino\\\/\"]}]},{\"@type\":\"ImageObject\",\"inLanguage\":\"ca\",\"@id\":\"https:\\\/\\\/radiolitoral.com\\\/2023\\\/03\\\/itinerarios-artisticos-con-obras-integradas-en-el-paisaje-calpino\\\/#primaryimage\",\"url\":\"https:\\\/\\\/media.radiolitoral.com\\\/wp-content\\\/uploads\\\/2023\\\/03\\\/22151512\\\/calpe-1-scaled.jpg\",\"contentUrl\":\"https:\\\/\\\/media.radiolitoral.com\\\/wp-content\\\/uploads\\\/2023\\\/03\\\/22151512\\\/calpe-1-scaled.jpg\",\"width\":2560,\"height\":1642},{\"@type\":\"BreadcrumbList\",\"@id\":\"https:\\\/\\\/radiolitoral.com\\\/2023\\\/03\\\/itinerarios-artisticos-con-obras-integradas-en-el-paisaje-calpino\\\/#breadcrumb\",\"itemListElement\":[{\"@type\":\"ListItem\",\"position\":1,\"name\":\"Portada\",\"item\":\"https:\\\/\\\/radiolitoral.com\\\/\"},{\"@type\":\"ListItem\",\"position\":2,\"name\":\"Itinerarios art\u00edsticos con obras integradas en el paisaje calpino\"}]},{\"@type\":\"WebSite\",\"@id\":\"https:\\\/\\\/radiolitoral.com\\\/#website\",\"url\":\"https:\\\/\\\/radiolitoral.com\\\/\",\"name\":\"Radio Litoral\",\"description\":\"La radio local de la Marina Alta\",\"publisher\":{\"@id\":\"https:\\\/\\\/radiolitoral.com\\\/#organization\"},\"alternateName\":\"Litoral FM\",\"potentialAction\":[{\"@type\":\"SearchAction\",\"target\":{\"@type\":\"EntryPoint\",\"urlTemplate\":\"https:\\\/\\\/radiolitoral.com\\\/?s={search_term_string}\"},\"query-input\":{\"@type\":\"PropertyValueSpecification\",\"valueRequired\":true,\"valueName\":\"search_term_string\"}}],\"inLanguage\":\"ca\"},{\"@type\":\"Organization\",\"@id\":\"https:\\\/\\\/radiolitoral.com\\\/#organization\",\"name\":\"Radio Litoral\",\"url\":\"https:\\\/\\\/radiolitoral.com\\\/\",\"logo\":{\"@type\":\"ImageObject\",\"inLanguage\":\"ca\",\"@id\":\"https:\\\/\\\/radiolitoral.com\\\/#\\\/schema\\\/logo\\\/image\\\/\",\"url\":\"https:\\\/\\\/media.radiolitoral.com\\\/wp-content\\\/uploads\\\/2023\\\/02\\\/24143238\\\/CL-V-RadioLitoral696.png\",\"contentUrl\":\"https:\\\/\\\/media.radiolitoral.com\\\/wp-content\\\/uploads\\\/2023\\\/02\\\/24143238\\\/CL-V-RadioLitoral696.png\",\"width\":696,\"height\":696,\"caption\":\"Radio Litoral\"},\"image\":{\"@id\":\"https:\\\/\\\/radiolitoral.com\\\/#\\\/schema\\\/logo\\\/image\\\/\"},\"sameAs\":[\"https:\\\/\\\/www.facebook.com\\\/Laradiolitoral\\\/\"]},{\"@type\":\"Person\",\"@id\":\"https:\\\/\\\/radiolitoral.com\\\/#\\\/schema\\\/person\\\/f2b2343c49b5d721857cc1002bfdb151\",\"name\":\"Redacci\u00f3n\",\"image\":{\"@type\":\"ImageObject\",\"inLanguage\":\"ca\",\"@id\":\"https:\\\/\\\/secure.gravatar.com\\\/avatar\\\/f771d896c203ad8b3382d7905cfcce5a5c9b008b84b3cd9114e9b9f4cb63f789?s=96&d=mm&r=g\",\"url\":\"https:\\\/\\\/secure.gravatar.com\\\/avatar\\\/f771d896c203ad8b3382d7905cfcce5a5c9b008b84b3cd9114e9b9f4cb63f789?s=96&d=mm&r=g\",\"contentUrl\":\"https:\\\/\\\/secure.gravatar.com\\\/avatar\\\/f771d896c203ad8b3382d7905cfcce5a5c9b008b84b3cd9114e9b9f4cb63f789?s=96&d=mm&r=g\",\"caption\":\"Redacci\u00f3n\"},\"url\":\"https:\\\/\\\/radiolitoral.com\\\/ca\\\/author\\\/miriam-pagan\\\/\"}]}<\/script>\n<!-- \/ Yoast SEO plugin. -->","yoast_head_json":{"title":"Itineraris art\u00edstics amb obres integrades al paisatge calp\u00ed | R\u00e0dio Litoral","description":"\u00c9s la proposta dels populars que comptar\u00e0 amb els artistes locals","robots":{"index":"index","follow":"follow","max-snippet":"max-snippet:-1","max-image-preview":"max-image-preview:large","max-video-preview":"max-video-preview:-1"},"canonical":"https:\/\/radiolitoral.com\/ca\/2023\/03\/itineraris-artistics-amb-obres-integrades-al-paisatge-calpi\/","og_locale":"ca_ES","og_type":"article","og_title":"Itinerarios art\u00edsticos con obras integradas en el paisaje calpino | R\u00e0dio Litoral","og_description":"Es la propuesta de los populares que contar\u00e1 con los artistas locales","og_url":"https:\/\/radiolitoral.com\/ca\/2023\/03\/itineraris-artistics-amb-obres-integrades-al-paisatge-calpi\/","og_site_name":"R\u00e0dio Litoral","article_publisher":"https:\/\/www.facebook.com\/Laradiolitoral\/","article_published_time":"2023-03-22T14:16:36+00:00","article_modified_time":"2023-03-22T14:16:49+00:00","og_image":[{"width":2560,"height":1642,"url":"https:\/\/media.radiolitoral.com\/wp-content\/uploads\/2023\/03\/22151512\/calpe-1-scaled.jpg","type":"image\/jpeg"}],"author":"Redacci\u00f3n","twitter_card":"summary_large_image","twitter_misc":{"Escrit per":"Redacci\u00f3n","Temps estimat de lectura":"1 minut"},"schema":{"@context":"https:\/\/schema.org","@graph":[{"@type":"NewsArticle","@id":"https:\/\/radiolitoral.com\/2023\/03\/itinerarios-artisticos-con-obras-integradas-en-el-paisaje-calpino\/#article","isPartOf":{"@id":"https:\/\/radiolitoral.com\/2023\/03\/itinerarios-artisticos-con-obras-integradas-en-el-paisaje-calpino\/"},"author":{"name":"Redacci\u00f3n","@id":"https:\/\/radiolitoral.com\/#\/schema\/person\/f2b2343c49b5d721857cc1002bfdb151"},"headline":"Itinerarios art\u00edsticos con obras integradas en el paisaje calpino","datePublished":"2023-03-22T14:16:36+00:00","dateModified":"2023-03-22T14:16:49+00:00","mainEntityOfPage":{"@id":"https:\/\/radiolitoral.com\/2023\/03\/itinerarios-artisticos-con-obras-integradas-en-el-paisaje-calpino\/"},"wordCount":147,"commentCount":0,"publisher":{"@id":"https:\/\/radiolitoral.com\/#organization"},"image":{"@id":"https:\/\/radiolitoral.com\/2023\/03\/itinerarios-artisticos-con-obras-integradas-en-el-paisaje-calpino\/#primaryimage"},"thumbnailUrl":"https:\/\/media.radiolitoral.com\/wp-content\/uploads\/2023\/03\/22151512\/calpe-1-scaled.jpg","keywords":["arte en Calp","artistas Calp","Calp","C\u00e9sar S\u00e1nchez","elecciones 2023","itinerarios art\u00edsticos","PP Calp","senderismo","senderos con arte"],"articleSection":["Cultura"],"inLanguage":"ca","potentialAction":[{"@type":"CommentAction","name":"Comment","target":["https:\/\/radiolitoral.com\/2023\/03\/itinerarios-artisticos-con-obras-integradas-en-el-paisaje-calpino\/#respond"]}]},{"@type":["WebPage","ItemPage"],"@id":"https:\/\/radiolitoral.com\/2023\/03\/itinerarios-artisticos-con-obras-integradas-en-el-paisaje-calpino\/","url":"https:\/\/radiolitoral.com\/2023\/03\/itinerarios-artisticos-con-obras-integradas-en-el-paisaje-calpino\/","name":"Itineraris art\u00edstics amb obres integrades al paisatge calp\u00ed | R\u00e0dio Litoral","isPartOf":{"@id":"https:\/\/radiolitoral.com\/#website"},"primaryImageOfPage":{"@id":"https:\/\/radiolitoral.com\/2023\/03\/itinerarios-artisticos-con-obras-integradas-en-el-paisaje-calpino\/#primaryimage"},"image":{"@id":"https:\/\/radiolitoral.com\/2023\/03\/itinerarios-artisticos-con-obras-integradas-en-el-paisaje-calpino\/#primaryimage"},"thumbnailUrl":"https:\/\/media.radiolitoral.com\/wp-content\/uploads\/2023\/03\/22151512\/calpe-1-scaled.jpg","datePublished":"2023-03-22T14:16:36+00:00","dateModified":"2023-03-22T14:16:49+00:00","description":"\u00c9s la proposta dels populars que comptar\u00e0 amb els artistes locals","breadcrumb":{"@id":"https:\/\/radiolitoral.com\/2023\/03\/itinerarios-artisticos-con-obras-integradas-en-el-paisaje-calpino\/#breadcrumb"},"inLanguage":"ca","potentialAction":[{"@type":"ReadAction","target":["https:\/\/radiolitoral.com\/2023\/03\/itinerarios-artisticos-con-obras-integradas-en-el-paisaje-calpino\/"]}]},{"@type":"ImageObject","inLanguage":"ca","@id":"https:\/\/radiolitoral.com\/2023\/03\/itinerarios-artisticos-con-obras-integradas-en-el-paisaje-calpino\/#primaryimage","url":"https:\/\/media.radiolitoral.com\/wp-content\/uploads\/2023\/03\/22151512\/calpe-1-scaled.jpg","contentUrl":"https:\/\/media.radiolitoral.com\/wp-content\/uploads\/2023\/03\/22151512\/calpe-1-scaled.jpg","width":2560,"height":1642},{"@type":"BreadcrumbList","@id":"https:\/\/radiolitoral.com\/2023\/03\/itinerarios-artisticos-con-obras-integradas-en-el-paisaje-calpino\/#breadcrumb","itemListElement":[{"@type":"ListItem","position":1,"name":"Portada","item":"https:\/\/radiolitoral.com\/"},{"@type":"ListItem","position":2,"name":"Itinerarios art\u00edsticos con obras integradas en el paisaje calpino"}]},{"@type":"WebSite","@id":"https:\/\/radiolitoral.com\/#website","url":"https:\/\/radiolitoral.com\/","name":"R\u00e0dio Litoral","description":"La r\u00e0dio local de la Marina Alta","publisher":{"@id":"https:\/\/radiolitoral.com\/#organization"},"alternateName":"Litoral FM","potentialAction":[{"@type":"SearchAction","target":{"@type":"EntryPoint","urlTemplate":"https:\/\/radiolitoral.com\/?s={search_term_string}"},"query-input":{"@type":"PropertyValueSpecification","valueRequired":true,"valueName":"search_term_string"}}],"inLanguage":"ca"},{"@type":"Organization","@id":"https:\/\/radiolitoral.com\/#organization","name":"R\u00e0dio Litoral","url":"https:\/\/radiolitoral.com\/","logo":{"@type":"ImageObject","inLanguage":"ca","@id":"https:\/\/radiolitoral.com\/#\/schema\/logo\/image\/","url":"https:\/\/media.radiolitoral.com\/wp-content\/uploads\/2023\/02\/24143238\/CL-V-RadioLitoral696.png","contentUrl":"https:\/\/media.radiolitoral.com\/wp-content\/uploads\/2023\/02\/24143238\/CL-V-RadioLitoral696.png","width":696,"height":696,"caption":"Radio Litoral"},"image":{"@id":"https:\/\/radiolitoral.com\/#\/schema\/logo\/image\/"},"sameAs":["https:\/\/www.facebook.com\/Laradiolitoral\/"]},{"@type":"Person","@id":"https:\/\/radiolitoral.com\/#\/schema\/person\/f2b2343c49b5d721857cc1002bfdb151","name":"Redacci\u00f3","image":{"@type":"ImageObject","inLanguage":"ca","@id":"https:\/\/secure.gravatar.com\/avatar\/f771d896c203ad8b3382d7905cfcce5a5c9b008b84b3cd9114e9b9f4cb63f789?s=96&d=mm&r=g","url":"https:\/\/secure.gravatar.com\/avatar\/f771d896c203ad8b3382d7905cfcce5a5c9b008b84b3cd9114e9b9f4cb63f789?s=96&d=mm&r=g","contentUrl":"https:\/\/secure.gravatar.com\/avatar\/f771d896c203ad8b3382d7905cfcce5a5c9b008b84b3cd9114e9b9f4cb63f789?s=96&d=mm&r=g","caption":"Redacci\u00f3n"},"url":"https:\/\/radiolitoral.com\/ca\/author\/miriam-pagan\/"}]}},"_links":{"self":[{"href":"https:\/\/radiolitoral.com\/ca\/wp-json\/wp\/v2\/posts\/1546","targetHints":{"allow":["GET"]}}],"collection":[{"href":"https:\/\/radiolitoral.com\/ca\/wp-json\/wp\/v2\/posts"}],"about":[{"href":"https:\/\/radiolitoral.com\/ca\/wp-json\/wp\/v2\/types\/post"}],"author":[{"embeddable":true,"href":"https:\/\/radiolitoral.com\/ca\/wp-json\/wp\/v2\/users\/13"}],"replies":[{"embeddable":true,"href":"https:\/\/radiolitoral.com\/ca\/wp-json\/wp\/v2\/comments?post=1546"}],"version-history":[{"count":1,"href":"https:\/\/radiolitoral.com\/ca\/wp-json\/wp\/v2\/posts\/1546\/revisions"}],"predecessor-version":[{"id":1548,"href":"https:\/\/radiolitoral.com\/ca\/wp-json\/wp\/v2\/posts\/1546\/revisions\/1548"}],"wp:featuredmedia":[{"embeddable":true,"href":"https:\/\/radiolitoral.com\/ca\/wp-json\/wp\/v2\/media\/1547"}],"wp:attachment":[{"href":"https:\/\/radiolitoral.com\/ca\/wp-json\/wp\/v2\/media?parent=1546"}],"wp:term":[{"taxonomy":"category","embeddable":true,"href":"https:\/\/radiolitoral.com\/ca\/wp-json\/wp\/v2\/categories?post=1546"},{"taxonomy":"post_tag","embeddable":true,"href":"https:\/\/radiolitoral.com\/ca\/wp-json\/wp\/v2\/tags?post=1546"}],"curies":[{"name":"wp","href":"https:\/\/api.w.org\/{rel}","templated":true}]}}