{"id":15430,"date":"2025-03-07T12:20:31","date_gmt":"2025-03-07T11:20:31","guid":{"rendered":"https:\/\/radiolitoral.com\/?p=15430"},"modified":"2025-03-07T12:20:31","modified_gmt":"2025-03-07T11:20:31","slug":"toni-artacho-des-del-feminisme-necessitem-els-homes-perque-ens-donin-suport-i-reconeguin-que-la-nostra-lluita-es-legitima","status":"publish","type":"post","link":"https:\/\/radiolitoral.com\/ca\/2025\/03\/toni-artacho-desde-el-feminismo-necesitamos-a-los-hombres-para-que-nos-apoyen-y-reconozcan-que-nuestra-lucha-es-legitima\/","title":{"rendered":"To\u00f1i Artacho: \u201cDes del feminisme necessitem els homes perqu\u00e8 ens donin suport i reconeguin que la nostra lluita \u00e9s leg\u00edtima\u201d"},"content":{"rendered":"<p>Aquest divendres, 7 de mar\u00e7, vam tancar una setmana en qu\u00e8 les<strong> reivindicacions feministes i el treball en pro de la igualtat<\/strong> de g\u00e8nere ha ocupat el nostre <strong>Primer Caf\u00e8.<\/strong> Seguint en aquesta mateixa l\u00ednia, a portes del <strong>8M, Dia Internacional de la Dona,<\/strong> ia fi d&#039;aportar el nostre granet de sorra a la construcci\u00f3 d&#039;una societat m\u00e9s justa i equitativa, aquest mat\u00ed hem compartit aquest espai de r\u00e0dio amb <strong>To\u00f1i Artacho i Patricia Greene,<\/strong> integrants de la<strong> Associaci\u00f3 Dones per la Igualtat de Calp.\u00a0<\/strong><\/p>\n<p>Un col\u00b7lectiu que fa m\u00e9s d&#039;una d\u00e8cada que est\u00e0 en lluita feminista, amb un treball constant des de diferents vessants: social, cultural i pol\u00edtic. Una feina que es prolonga al llarg de tot l&#039;any i que t\u00e9 al 8M, un dels seus moments clau per al\u00e7ar la veu i difondre les reivindicacions feministes, que les nostres convidades han exposat al llarg de l&#039;entrevista.<\/p>\n<p>Amb motiu d&#039;aquesta data reivindicativa des de Mujeres por la Igualdad han organitzat diferents activitats, des d&#039;una lectura col\u00b7lectiva feminista, de la qual han participat els clubs de lectura locals i estudiants de Calp, passant per diverses confer\u00e8ncies i xerrades, tallers d&#039;art, creaci\u00f3 d&#039;un mural i obertura del Punt de la Sororitat. Tot un conjunt de propostes enfocades a la sensibilitzaci\u00f3 de la ciutadania i la difusi\u00f3 de la lluita feminista, entesa com la lluita per la igualtat de drets i oportunitats entre dones i homes.<\/p>\n<p>Una entrevista que ens ha servit per posar sobre la taula alguns dels molts reptes que afronten les dones en la lluita per la igualtat de g\u00e8nere avui dia, per fer una crida a l&#039;activisme feminista, i no nom\u00e9s de les dones, sin\u00f3 tamb\u00e9 dels homes, i demanar accions amb qu\u00e8 assolir la necess\u00e0ria igualtat de g\u00e8nere.<\/p>\n<p>Podeu escoltar l&#039;entrevista completa aqu\u00ed.<\/p>\n<audio class=\"wp-audio-shortcode\" id=\"audio-15430-1\" preload=\"none\" style=\"width: 100%;\" controls=\"controls\"><source type=\"audio\/mpeg\" src=\"https:\/\/media.radiolitoral.com\/wp-content\/uploads\/2025\/03\/07121537\/Primer-Cafe-Mujeres-por-la-Igualdad.mp3?_=1\" \/><a href=\"https:\/\/media.radiolitoral.com\/wp-content\/uploads\/2025\/03\/07121537\/Primer-Cafe-Mujeres-por-la-Igualdad.mp3\">https:\/\/media.radiolitoral.com\/wp-content\/uploads\/2025\/03\/07121537\/Primer-Cafe-Mujeres-por-la-Igualdad.mp3<\/a><\/audio>","protected":false},"excerpt":{"rendered":"<p>En este viernes, 7 de marzo, cerramos una semana en la que las reivindicaciones feministas y el trabajo en pro de la igualdad de g\u00e9nero ha ocupado nuestro Primer Caf\u00e9. Siguiendo en esta misma l\u00ednea, a puertas del 8M, D\u00eda Internacional de la Mujer, y con el fin de aportar nuestro granito de arena en [&#8230;]<\/p>\n<p><a class=\"btn btn-secondary understrap-read-more-link\" href=\"https:\/\/radiolitoral.com\/ca\/2025\/03\/toni-artacho-desde-el-feminismo-necesitamos-a-los-hombres-para-que-nos-apoyen-y-reconozcan-que-nuestra-lucha-es-legitima\/\">Continua llegint&#8230;<span class=\"screen-reader-text\"> from To\u00f1i Artacho: \u201cDesde el feminismo necesitamos a los hombres para que nos apoyen y reconozcan que nuestra lucha es leg\u00edtima\u201d<\/span><\/a><\/p>\n","protected":false},"author":13,"featured_media":15432,"comment_status":"open","ping_status":"closed","sticky":false,"template":"","format":"standard","meta":{"_acf_changed":false,"inline_featured_image":false,"footnotes":""},"categories":[2753,114,46],"tags":[115,3762,2694,3869,2693,2312,3881,3882],"class_list":["post-15430","post","type-post","status-publish","format-standard","has-post-thumbnail","hentry","category-entrevistas","category-igualdad","category-sociedad","tag-8m","tag-dia-internacional-de-la-mujer","tag-feminismo","tag-lucha-feminista","tag-mujeres-por-la-igualdad","tag-primer-cafe","tag-programacion-8m","tag-reivindicaciones","cobertura-calp"],"acf":[],"yoast_head":"<!-- This site is optimized with the Yoast SEO plugin v27.5 - https:\/\/yoast.com\/product\/yoast-seo-wordpress\/ -->\n<title>To\u00f1i Artacho: \u201cDesde el feminismo necesitamos a los hombres para que nos apoyen y reconozcan que nuestra lucha es leg\u00edtima\u201d | R\u00e0dio Litoral<\/title>\n<meta name=\"description\" content=\"La Asociaci\u00f3n Mujeres por la Igualdad de Calp conmemora el 8 de Marzo con actos culturales y reivindicativos\" \/>\n<meta name=\"robots\" content=\"index, follow, max-snippet:-1, max-image-preview:large, max-video-preview:-1\" \/>\n<link rel=\"canonical\" href=\"https:\/\/radiolitoral.com\/ca\/2025\/03\/toni-artacho-des-del-feminisme-necessitem-els-homes-perque-ens-donin-suport-i-reconeguin-que-la-nostra-lluita-es-legitima\/\" \/>\n<meta property=\"og:locale\" content=\"ca_ES\" \/>\n<meta property=\"og:type\" content=\"article\" \/>\n<meta property=\"og:title\" content=\"To\u00f1i Artacho: \u201cDesde el feminismo necesitamos a los hombres para que nos apoyen y reconozcan que nuestra lucha es leg\u00edtima\u201d | R\u00e0dio Litoral\" \/>\n<meta property=\"og:description\" content=\"La Asociaci\u00f3n Mujeres por la Igualdad de Calp conmemora el 8 de Marzo con actos culturales y reivindicativos\" \/>\n<meta property=\"og:url\" content=\"https:\/\/radiolitoral.com\/ca\/2025\/03\/toni-artacho-des-del-feminisme-necessitem-els-homes-perque-ens-donin-suport-i-reconeguin-que-la-nostra-lluita-es-legitima\/\" \/>\n<meta property=\"og:site_name\" content=\"R\u00e0dio Litoral\" \/>\n<meta property=\"article:publisher\" content=\"https:\/\/www.facebook.com\/Laradiolitoral\/\" \/>\n<meta property=\"article:published_time\" content=\"2025-03-07T11:20:31+00:00\" \/>\n<meta property=\"og:image\" content=\"https:\/\/media.radiolitoral.com\/wp-content\/uploads\/2025\/03\/07121659\/Mujeres-por-la-Igualdad-de-Calp-Toni-y-Patricia.jpg\" \/>\n\t<meta property=\"og:image:width\" content=\"2000\" \/>\n\t<meta property=\"og:image:height\" content=\"1500\" \/>\n\t<meta property=\"og:image:type\" content=\"image\/jpeg\" \/>\n<meta name=\"author\" content=\"Redacci\u00f3n\" \/>\n<meta name=\"twitter:card\" content=\"summary_large_image\" \/>\n<meta name=\"twitter:label1\" content=\"Escrit per\" \/>\n\t<meta name=\"twitter:data1\" content=\"Redacci\u00f3n\" \/>\n\t<meta name=\"twitter:label2\" content=\"Temps estimat de lectura\" \/>\n\t<meta name=\"twitter:data2\" content=\"2 minuts\" \/>\n<script type=\"application\/ld+json\" class=\"yoast-schema-graph\">{\"@context\":\"https:\\\/\\\/schema.org\",\"@graph\":[{\"@type\":\"NewsArticle\",\"@id\":\"https:\\\/\\\/radiolitoral.com\\\/2025\\\/03\\\/toni-artacho-desde-el-feminismo-necesitamos-a-los-hombres-para-que-nos-apoyen-y-reconozcan-que-nuestra-lucha-es-legitima\\\/#article\",\"isPartOf\":{\"@id\":\"https:\\\/\\\/radiolitoral.com\\\/2025\\\/03\\\/toni-artacho-desde-el-feminismo-necesitamos-a-los-hombres-para-que-nos-apoyen-y-reconozcan-que-nuestra-lucha-es-legitima\\\/\"},\"author\":{\"name\":\"Redacci\u00f3n\",\"@id\":\"https:\\\/\\\/radiolitoral.com\\\/#\\\/schema\\\/person\\\/f2b2343c49b5d721857cc1002bfdb151\"},\"headline\":\"To\u00f1i Artacho: \u201cDesde el feminismo necesitamos a los hombres para que nos apoyen y reconozcan que nuestra lucha es leg\u00edtima\u201d\",\"datePublished\":\"2025-03-07T11:20:31+00:00\",\"mainEntityOfPage\":{\"@id\":\"https:\\\/\\\/radiolitoral.com\\\/2025\\\/03\\\/toni-artacho-desde-el-feminismo-necesitamos-a-los-hombres-para-que-nos-apoyen-y-reconozcan-que-nuestra-lucha-es-legitima\\\/\"},\"wordCount\":362,\"commentCount\":0,\"publisher\":{\"@id\":\"https:\\\/\\\/radiolitoral.com\\\/#organization\"},\"image\":{\"@id\":\"https:\\\/\\\/radiolitoral.com\\\/2025\\\/03\\\/toni-artacho-desde-el-feminismo-necesitamos-a-los-hombres-para-que-nos-apoyen-y-reconozcan-que-nuestra-lucha-es-legitima\\\/#primaryimage\"},\"thumbnailUrl\":\"https:\\\/\\\/media.radiolitoral.com\\\/wp-content\\\/uploads\\\/2025\\\/03\\\/07121659\\\/Mujeres-por-la-Igualdad-de-Calp-Toni-y-Patricia.jpg\",\"keywords\":[\"8M\",\"Dia Internacional de la Mujer\",\"feminismo\",\"lucha feminista\",\"Mujeres por la Igualdad\",\"Primer Caf\u00e9\",\"Programaci\u00f3n 8M\",\"Reivindicaciones\"],\"articleSection\":[\"Entrevistas\",\"Igualdad\",\"Sociedad\"],\"inLanguage\":\"ca\",\"potentialAction\":[{\"@type\":\"CommentAction\",\"name\":\"Comment\",\"target\":[\"https:\\\/\\\/radiolitoral.com\\\/2025\\\/03\\\/toni-artacho-desde-el-feminismo-necesitamos-a-los-hombres-para-que-nos-apoyen-y-reconozcan-que-nuestra-lucha-es-legitima\\\/#respond\"]}]},{\"@type\":[\"WebPage\",\"ItemPage\"],\"@id\":\"https:\\\/\\\/radiolitoral.com\\\/2025\\\/03\\\/toni-artacho-desde-el-feminismo-necesitamos-a-los-hombres-para-que-nos-apoyen-y-reconozcan-que-nuestra-lucha-es-legitima\\\/\",\"url\":\"https:\\\/\\\/radiolitoral.com\\\/2025\\\/03\\\/toni-artacho-desde-el-feminismo-necesitamos-a-los-hombres-para-que-nos-apoyen-y-reconozcan-que-nuestra-lucha-es-legitima\\\/\",\"name\":\"To\u00f1i Artacho: \u201cDesde el feminismo necesitamos a los hombres para que nos apoyen y reconozcan que nuestra lucha es leg\u00edtima\u201d | R\u00e0dio Litoral\",\"isPartOf\":{\"@id\":\"https:\\\/\\\/radiolitoral.com\\\/#website\"},\"primaryImageOfPage\":{\"@id\":\"https:\\\/\\\/radiolitoral.com\\\/2025\\\/03\\\/toni-artacho-desde-el-feminismo-necesitamos-a-los-hombres-para-que-nos-apoyen-y-reconozcan-que-nuestra-lucha-es-legitima\\\/#primaryimage\"},\"image\":{\"@id\":\"https:\\\/\\\/radiolitoral.com\\\/2025\\\/03\\\/toni-artacho-desde-el-feminismo-necesitamos-a-los-hombres-para-que-nos-apoyen-y-reconozcan-que-nuestra-lucha-es-legitima\\\/#primaryimage\"},\"thumbnailUrl\":\"https:\\\/\\\/media.radiolitoral.com\\\/wp-content\\\/uploads\\\/2025\\\/03\\\/07121659\\\/Mujeres-por-la-Igualdad-de-Calp-Toni-y-Patricia.jpg\",\"datePublished\":\"2025-03-07T11:20:31+00:00\",\"description\":\"La Asociaci\u00f3n Mujeres por la Igualdad de Calp conmemora el 8 de Marzo con actos culturales y reivindicativos\",\"breadcrumb\":{\"@id\":\"https:\\\/\\\/radiolitoral.com\\\/2025\\\/03\\\/toni-artacho-desde-el-feminismo-necesitamos-a-los-hombres-para-que-nos-apoyen-y-reconozcan-que-nuestra-lucha-es-legitima\\\/#breadcrumb\"},\"inLanguage\":\"ca\",\"potentialAction\":[{\"@type\":\"ReadAction\",\"target\":[\"https:\\\/\\\/radiolitoral.com\\\/2025\\\/03\\\/toni-artacho-desde-el-feminismo-necesitamos-a-los-hombres-para-que-nos-apoyen-y-reconozcan-que-nuestra-lucha-es-legitima\\\/\"]}]},{\"@type\":\"ImageObject\",\"inLanguage\":\"ca\",\"@id\":\"https:\\\/\\\/radiolitoral.com\\\/2025\\\/03\\\/toni-artacho-desde-el-feminismo-necesitamos-a-los-hombres-para-que-nos-apoyen-y-reconozcan-que-nuestra-lucha-es-legitima\\\/#primaryimage\",\"url\":\"https:\\\/\\\/media.radiolitoral.com\\\/wp-content\\\/uploads\\\/2025\\\/03\\\/07121659\\\/Mujeres-por-la-Igualdad-de-Calp-Toni-y-Patricia.jpg\",\"contentUrl\":\"https:\\\/\\\/media.radiolitoral.com\\\/wp-content\\\/uploads\\\/2025\\\/03\\\/07121659\\\/Mujeres-por-la-Igualdad-de-Calp-Toni-y-Patricia.jpg\",\"width\":2000,\"height\":1500},{\"@type\":\"BreadcrumbList\",\"@id\":\"https:\\\/\\\/radiolitoral.com\\\/2025\\\/03\\\/toni-artacho-desde-el-feminismo-necesitamos-a-los-hombres-para-que-nos-apoyen-y-reconozcan-que-nuestra-lucha-es-legitima\\\/#breadcrumb\",\"itemListElement\":[{\"@type\":\"ListItem\",\"position\":1,\"name\":\"Portada\",\"item\":\"https:\\\/\\\/radiolitoral.com\\\/\"},{\"@type\":\"ListItem\",\"position\":2,\"name\":\"To\u00f1i Artacho: \u201cDesde el feminismo necesitamos a los hombres para que nos apoyen y reconozcan que nuestra lucha es leg\u00edtima\u201d\"}]},{\"@type\":\"WebSite\",\"@id\":\"https:\\\/\\\/radiolitoral.com\\\/#website\",\"url\":\"https:\\\/\\\/radiolitoral.com\\\/\",\"name\":\"Radio Litoral\",\"description\":\"La radio local de la Marina Alta\",\"publisher\":{\"@id\":\"https:\\\/\\\/radiolitoral.com\\\/#organization\"},\"alternateName\":\"Litoral FM\",\"potentialAction\":[{\"@type\":\"SearchAction\",\"target\":{\"@type\":\"EntryPoint\",\"urlTemplate\":\"https:\\\/\\\/radiolitoral.com\\\/?s={search_term_string}\"},\"query-input\":{\"@type\":\"PropertyValueSpecification\",\"valueRequired\":true,\"valueName\":\"search_term_string\"}}],\"inLanguage\":\"ca\"},{\"@type\":\"Organization\",\"@id\":\"https:\\\/\\\/radiolitoral.com\\\/#organization\",\"name\":\"Radio Litoral\",\"url\":\"https:\\\/\\\/radiolitoral.com\\\/\",\"logo\":{\"@type\":\"ImageObject\",\"inLanguage\":\"ca\",\"@id\":\"https:\\\/\\\/radiolitoral.com\\\/#\\\/schema\\\/logo\\\/image\\\/\",\"url\":\"https:\\\/\\\/media.radiolitoral.com\\\/wp-content\\\/uploads\\\/2023\\\/02\\\/24143238\\\/CL-V-RadioLitoral696.png\",\"contentUrl\":\"https:\\\/\\\/media.radiolitoral.com\\\/wp-content\\\/uploads\\\/2023\\\/02\\\/24143238\\\/CL-V-RadioLitoral696.png\",\"width\":696,\"height\":696,\"caption\":\"Radio Litoral\"},\"image\":{\"@id\":\"https:\\\/\\\/radiolitoral.com\\\/#\\\/schema\\\/logo\\\/image\\\/\"},\"sameAs\":[\"https:\\\/\\\/www.facebook.com\\\/Laradiolitoral\\\/\"]},{\"@type\":\"Person\",\"@id\":\"https:\\\/\\\/radiolitoral.com\\\/#\\\/schema\\\/person\\\/f2b2343c49b5d721857cc1002bfdb151\",\"name\":\"Redacci\u00f3n\",\"image\":{\"@type\":\"ImageObject\",\"inLanguage\":\"ca\",\"@id\":\"https:\\\/\\\/secure.gravatar.com\\\/avatar\\\/f771d896c203ad8b3382d7905cfcce5a5c9b008b84b3cd9114e9b9f4cb63f789?s=96&d=mm&r=g\",\"url\":\"https:\\\/\\\/secure.gravatar.com\\\/avatar\\\/f771d896c203ad8b3382d7905cfcce5a5c9b008b84b3cd9114e9b9f4cb63f789?s=96&d=mm&r=g\",\"contentUrl\":\"https:\\\/\\\/secure.gravatar.com\\\/avatar\\\/f771d896c203ad8b3382d7905cfcce5a5c9b008b84b3cd9114e9b9f4cb63f789?s=96&d=mm&r=g\",\"caption\":\"Redacci\u00f3n\"},\"url\":\"https:\\\/\\\/radiolitoral.com\\\/ca\\\/author\\\/miriam-pagan\\\/\"}]}<\/script>\n<!-- \/ Yoast SEO plugin. -->","yoast_head_json":{"title":"To\u00f1i Artacho: \u201cDes del feminisme necessitem els homes perqu\u00e8 ens donin suport i reconeguin que la nostra lluita \u00e9s leg\u00edtima\u201d | R\u00e0dio Litoral","description":"L\u00b4Associaci\u00f3 Dones per la Igualtat de Calp commemora el 8 de Mar\u00e7 amb actes culturals i reivindicatius","robots":{"index":"index","follow":"follow","max-snippet":"max-snippet:-1","max-image-preview":"max-image-preview:large","max-video-preview":"max-video-preview:-1"},"canonical":"https:\/\/radiolitoral.com\/ca\/2025\/03\/toni-artacho-des-del-feminisme-necessitem-els-homes-perque-ens-donin-suport-i-reconeguin-que-la-nostra-lluita-es-legitima\/","og_locale":"ca_ES","og_type":"article","og_title":"To\u00f1i Artacho: \u201cDesde el feminismo necesitamos a los hombres para que nos apoyen y reconozcan que nuestra lucha es leg\u00edtima\u201d | R\u00e0dio Litoral","og_description":"La Asociaci\u00f3n Mujeres por la Igualdad de Calp conmemora el 8 de Marzo con actos culturales y reivindicativos","og_url":"https:\/\/radiolitoral.com\/ca\/2025\/03\/toni-artacho-des-del-feminisme-necessitem-els-homes-perque-ens-donin-suport-i-reconeguin-que-la-nostra-lluita-es-legitima\/","og_site_name":"R\u00e0dio Litoral","article_publisher":"https:\/\/www.facebook.com\/Laradiolitoral\/","article_published_time":"2025-03-07T11:20:31+00:00","og_image":[{"width":2000,"height":1500,"url":"https:\/\/media.radiolitoral.com\/wp-content\/uploads\/2025\/03\/07121659\/Mujeres-por-la-Igualdad-de-Calp-Toni-y-Patricia.jpg","type":"image\/jpeg"}],"author":"Redacci\u00f3n","twitter_card":"summary_large_image","twitter_misc":{"Escrit per":"Redacci\u00f3n","Temps estimat de lectura":"2 minuts"},"schema":{"@context":"https:\/\/schema.org","@graph":[{"@type":"NewsArticle","@id":"https:\/\/radiolitoral.com\/2025\/03\/toni-artacho-desde-el-feminismo-necesitamos-a-los-hombres-para-que-nos-apoyen-y-reconozcan-que-nuestra-lucha-es-legitima\/#article","isPartOf":{"@id":"https:\/\/radiolitoral.com\/2025\/03\/toni-artacho-desde-el-feminismo-necesitamos-a-los-hombres-para-que-nos-apoyen-y-reconozcan-que-nuestra-lucha-es-legitima\/"},"author":{"name":"Redacci\u00f3n","@id":"https:\/\/radiolitoral.com\/#\/schema\/person\/f2b2343c49b5d721857cc1002bfdb151"},"headline":"To\u00f1i Artacho: \u201cDesde el feminismo necesitamos a los hombres para que nos apoyen y reconozcan que nuestra lucha es leg\u00edtima\u201d","datePublished":"2025-03-07T11:20:31+00:00","mainEntityOfPage":{"@id":"https:\/\/radiolitoral.com\/2025\/03\/toni-artacho-desde-el-feminismo-necesitamos-a-los-hombres-para-que-nos-apoyen-y-reconozcan-que-nuestra-lucha-es-legitima\/"},"wordCount":362,"commentCount":0,"publisher":{"@id":"https:\/\/radiolitoral.com\/#organization"},"image":{"@id":"https:\/\/radiolitoral.com\/2025\/03\/toni-artacho-desde-el-feminismo-necesitamos-a-los-hombres-para-que-nos-apoyen-y-reconozcan-que-nuestra-lucha-es-legitima\/#primaryimage"},"thumbnailUrl":"https:\/\/media.radiolitoral.com\/wp-content\/uploads\/2025\/03\/07121659\/Mujeres-por-la-Igualdad-de-Calp-Toni-y-Patricia.jpg","keywords":["8M","Dia Internacional de la Mujer","feminismo","lucha feminista","Mujeres por la Igualdad","Primer Caf\u00e9","Programaci\u00f3n 8M","Reivindicaciones"],"articleSection":["Entrevistas","Igualdad","Sociedad"],"inLanguage":"ca","potentialAction":[{"@type":"CommentAction","name":"Comment","target":["https:\/\/radiolitoral.com\/2025\/03\/toni-artacho-desde-el-feminismo-necesitamos-a-los-hombres-para-que-nos-apoyen-y-reconozcan-que-nuestra-lucha-es-legitima\/#respond"]}]},{"@type":["WebPage","ItemPage"],"@id":"https:\/\/radiolitoral.com\/2025\/03\/toni-artacho-desde-el-feminismo-necesitamos-a-los-hombres-para-que-nos-apoyen-y-reconozcan-que-nuestra-lucha-es-legitima\/","url":"https:\/\/radiolitoral.com\/2025\/03\/toni-artacho-desde-el-feminismo-necesitamos-a-los-hombres-para-que-nos-apoyen-y-reconozcan-que-nuestra-lucha-es-legitima\/","name":"To\u00f1i Artacho: \u201cDes del feminisme necessitem els homes perqu\u00e8 ens donin suport i reconeguin que la nostra lluita \u00e9s leg\u00edtima\u201d | R\u00e0dio Litoral","isPartOf":{"@id":"https:\/\/radiolitoral.com\/#website"},"primaryImageOfPage":{"@id":"https:\/\/radiolitoral.com\/2025\/03\/toni-artacho-desde-el-feminismo-necesitamos-a-los-hombres-para-que-nos-apoyen-y-reconozcan-que-nuestra-lucha-es-legitima\/#primaryimage"},"image":{"@id":"https:\/\/radiolitoral.com\/2025\/03\/toni-artacho-desde-el-feminismo-necesitamos-a-los-hombres-para-que-nos-apoyen-y-reconozcan-que-nuestra-lucha-es-legitima\/#primaryimage"},"thumbnailUrl":"https:\/\/media.radiolitoral.com\/wp-content\/uploads\/2025\/03\/07121659\/Mujeres-por-la-Igualdad-de-Calp-Toni-y-Patricia.jpg","datePublished":"2025-03-07T11:20:31+00:00","description":"L\u00b4Associaci\u00f3 Dones per la Igualtat de Calp commemora el 8 de Mar\u00e7 amb actes culturals i reivindicatius","breadcrumb":{"@id":"https:\/\/radiolitoral.com\/2025\/03\/toni-artacho-desde-el-feminismo-necesitamos-a-los-hombres-para-que-nos-apoyen-y-reconozcan-que-nuestra-lucha-es-legitima\/#breadcrumb"},"inLanguage":"ca","potentialAction":[{"@type":"ReadAction","target":["https:\/\/radiolitoral.com\/2025\/03\/toni-artacho-desde-el-feminismo-necesitamos-a-los-hombres-para-que-nos-apoyen-y-reconozcan-que-nuestra-lucha-es-legitima\/"]}]},{"@type":"ImageObject","inLanguage":"ca","@id":"https:\/\/radiolitoral.com\/2025\/03\/toni-artacho-desde-el-feminismo-necesitamos-a-los-hombres-para-que-nos-apoyen-y-reconozcan-que-nuestra-lucha-es-legitima\/#primaryimage","url":"https:\/\/media.radiolitoral.com\/wp-content\/uploads\/2025\/03\/07121659\/Mujeres-por-la-Igualdad-de-Calp-Toni-y-Patricia.jpg","contentUrl":"https:\/\/media.radiolitoral.com\/wp-content\/uploads\/2025\/03\/07121659\/Mujeres-por-la-Igualdad-de-Calp-Toni-y-Patricia.jpg","width":2000,"height":1500},{"@type":"BreadcrumbList","@id":"https:\/\/radiolitoral.com\/2025\/03\/toni-artacho-desde-el-feminismo-necesitamos-a-los-hombres-para-que-nos-apoyen-y-reconozcan-que-nuestra-lucha-es-legitima\/#breadcrumb","itemListElement":[{"@type":"ListItem","position":1,"name":"Portada","item":"https:\/\/radiolitoral.com\/"},{"@type":"ListItem","position":2,"name":"To\u00f1i Artacho: \u201cDesde el feminismo necesitamos a los hombres para que nos apoyen y reconozcan que nuestra lucha es leg\u00edtima\u201d"}]},{"@type":"WebSite","@id":"https:\/\/radiolitoral.com\/#website","url":"https:\/\/radiolitoral.com\/","name":"R\u00e0dio Litoral","description":"La r\u00e0dio local de la Marina Alta","publisher":{"@id":"https:\/\/radiolitoral.com\/#organization"},"alternateName":"Litoral FM","potentialAction":[{"@type":"SearchAction","target":{"@type":"EntryPoint","urlTemplate":"https:\/\/radiolitoral.com\/?s={search_term_string}"},"query-input":{"@type":"PropertyValueSpecification","valueRequired":true,"valueName":"search_term_string"}}],"inLanguage":"ca"},{"@type":"Organization","@id":"https:\/\/radiolitoral.com\/#organization","name":"R\u00e0dio Litoral","url":"https:\/\/radiolitoral.com\/","logo":{"@type":"ImageObject","inLanguage":"ca","@id":"https:\/\/radiolitoral.com\/#\/schema\/logo\/image\/","url":"https:\/\/media.radiolitoral.com\/wp-content\/uploads\/2023\/02\/24143238\/CL-V-RadioLitoral696.png","contentUrl":"https:\/\/media.radiolitoral.com\/wp-content\/uploads\/2023\/02\/24143238\/CL-V-RadioLitoral696.png","width":696,"height":696,"caption":"Radio Litoral"},"image":{"@id":"https:\/\/radiolitoral.com\/#\/schema\/logo\/image\/"},"sameAs":["https:\/\/www.facebook.com\/Laradiolitoral\/"]},{"@type":"Person","@id":"https:\/\/radiolitoral.com\/#\/schema\/person\/f2b2343c49b5d721857cc1002bfdb151","name":"Redacci\u00f3","image":{"@type":"ImageObject","inLanguage":"ca","@id":"https:\/\/secure.gravatar.com\/avatar\/f771d896c203ad8b3382d7905cfcce5a5c9b008b84b3cd9114e9b9f4cb63f789?s=96&d=mm&r=g","url":"https:\/\/secure.gravatar.com\/avatar\/f771d896c203ad8b3382d7905cfcce5a5c9b008b84b3cd9114e9b9f4cb63f789?s=96&d=mm&r=g","contentUrl":"https:\/\/secure.gravatar.com\/avatar\/f771d896c203ad8b3382d7905cfcce5a5c9b008b84b3cd9114e9b9f4cb63f789?s=96&d=mm&r=g","caption":"Redacci\u00f3n"},"url":"https:\/\/radiolitoral.com\/ca\/author\/miriam-pagan\/"}]}},"_links":{"self":[{"href":"https:\/\/radiolitoral.com\/ca\/wp-json\/wp\/v2\/posts\/15430","targetHints":{"allow":["GET"]}}],"collection":[{"href":"https:\/\/radiolitoral.com\/ca\/wp-json\/wp\/v2\/posts"}],"about":[{"href":"https:\/\/radiolitoral.com\/ca\/wp-json\/wp\/v2\/types\/post"}],"author":[{"embeddable":true,"href":"https:\/\/radiolitoral.com\/ca\/wp-json\/wp\/v2\/users\/13"}],"replies":[{"embeddable":true,"href":"https:\/\/radiolitoral.com\/ca\/wp-json\/wp\/v2\/comments?post=15430"}],"version-history":[{"count":2,"href":"https:\/\/radiolitoral.com\/ca\/wp-json\/wp\/v2\/posts\/15430\/revisions"}],"predecessor-version":[{"id":15434,"href":"https:\/\/radiolitoral.com\/ca\/wp-json\/wp\/v2\/posts\/15430\/revisions\/15434"}],"wp:featuredmedia":[{"embeddable":true,"href":"https:\/\/radiolitoral.com\/ca\/wp-json\/wp\/v2\/media\/15432"}],"wp:attachment":[{"href":"https:\/\/radiolitoral.com\/ca\/wp-json\/wp\/v2\/media?parent=15430"}],"wp:term":[{"taxonomy":"category","embeddable":true,"href":"https:\/\/radiolitoral.com\/ca\/wp-json\/wp\/v2\/categories?post=15430"},{"taxonomy":"post_tag","embeddable":true,"href":"https:\/\/radiolitoral.com\/ca\/wp-json\/wp\/v2\/tags?post=15430"}],"curies":[{"name":"wp","href":"https:\/\/api.w.org\/{rel}","templated":true}]}}