{"id":15389,"date":"2025-03-05T12:06:34","date_gmt":"2025-03-05T11:06:34","guid":{"rendered":"https:\/\/radiolitoral.com\/?p=15389"},"modified":"2025-03-05T12:06:34","modified_gmt":"2025-03-05T11:06:34","slug":"maria-llobell-primer-que-perdin-la-por-a-la-paraula-feminisme-simplement-demanem-la-igualtat-real-entre-dones-i-homes","status":"publish","type":"post","link":"https:\/\/radiolitoral.com\/ca\/2025\/03\/maria-llobell-primero-que-pierdan-el-miedo-a-la-palabra-feminismo-simplemente-pedimos-la-igualdad-real-entre-mujeres-y-hombres\/","title":{"rendered":"Mar\u00eda Llobell: \u201cPrimer que perdin la por a la paraula feminisme, simplement demanem la igualtat real entre dones i homes\u201d"},"content":{"rendered":"<p>Ens apropem a una data clau dins de la <strong>lluita feminista<\/strong>. Ens apropem al <strong>8M, Dia Internacional de la Dona,<\/strong> jornada per celebrar els drets adquirits i reivindicar la necessitat de continuar avan\u00e7ant en una societat m\u00e9s igualit\u00e0ria i justa, entre <strong>homes i dones<\/strong>. Tenint en compte aquesta efem\u00e8ride, aquest mat\u00ed al <strong>Primer Caf\u00e8 de R\u00e0dio Litoral<\/strong>, ens han acompanyat <strong>Mireia Mas i Maria Llobell,<\/strong> dos integrants de la <strong>Xarxa de Dones de Teulada Moraira.<\/strong> Amb elles hem conegut els actes reivindicatius, l\u00fadics i culturals que han organitzat des d&#039;aquest col\u00b7lectiu amb motiu del 8M, i hem parlat dels \u00e8xits aconseguits durant els anys de lluita i els reptes encara pendents sobre els quals se segueix treballant.<\/p>\n<p>En concret, des de la Xarxa de Dons de Teulada Moraira s&#039;ha programat la <strong>presentaci\u00f3 del llibre \u201cNo s\u00f3n hero\u00efnes\u201d de Pilar Brotons<\/strong> que recull les viv\u00e8ncies i els reptes superats de diverses dones al llarg de la hist\u00f2ria. Convocat\u00f2ria prevista per dem\u00e0 dijous, a les 19 hores, a la Biblioteca Municipal de Teulada. Tamb\u00e9 n&#039;han coordinat una <strong>exposici\u00f3 fotogr\u00e0fica<\/strong>, que amb el t\u00edtol <strong>Dones, oficis i professions: l&#039;evoluci\u00f3 d&#039;un dret<\/strong> ocupar\u00e0 la pla\u00e7a de la Constituci\u00f3 a partir de dissabte, 8 de mar\u00e7, per visibilitzar l&#039;esfor\u00e7 de dones pioneres que van trencar estereotips de g\u00e8nere dins del m\u00f3n laboral o la tasca del qual va quedar silenciada.<\/p>\n<p>Per\u00f2 la lluita en defensa del feminisme no se circumscriu a un sol dia, ni a una setmana d?actes en record del 8M. \u00c9s una tasca continua, segons han remarcat les nostres convidades, que han posat especial \u00e8mfasi en la necessitat d&#039;integrar el missatge feminista entre els m\u00e9s joves, fer comprendre qu\u00e8 significa el feminisme, ent\u00e8s com la instauraci\u00f3 del <strong>dret d&#039;igualtat entre homes i dones<\/strong>.<\/p>\n<p>La Xarxa de Dons de Teulada Moraira forma part del moviment feminista de la Marina Alta, un moviment viu que necessita involucrar m\u00e9s dones joves en aquesta necess\u00e0ria lluita. Aquest col\u00b7lectiu conjuntament amb altres associacions feministes de la Marina Alta participar\u00e0 en una mobilitzaci\u00f3 comarcal convocada a D\u00e9nia, aquest dissabte, 8 de mar\u00e7, a les 18.30 hores.<\/p>\n<p>Podeu escoltar l&#039;entrevista completa aqu\u00ed.<\/p>\n<audio class=\"wp-audio-shortcode\" id=\"audio-15389-1\" preload=\"none\" style=\"width: 100%;\" controls=\"controls\"><source type=\"audio\/mpeg\" src=\"https:\/\/media.radiolitoral.com\/wp-content\/uploads\/2025\/03\/05120123\/Primer-Cafe-Xarxa-Dones-TM.mp3?_=1\" \/><a href=\"https:\/\/media.radiolitoral.com\/wp-content\/uploads\/2025\/03\/05120123\/Primer-Cafe-Xarxa-Dones-TM.mp3\">https:\/\/media.radiolitoral.com\/wp-content\/uploads\/2025\/03\/05120123\/Primer-Cafe-Xarxa-Dones-TM.mp3<\/a><\/audio>","protected":false},"excerpt":{"rendered":"<p>Nos acercamos a una fecha clave dentro de la lucha feminista. Nos acercamos al 8M, D\u00eda Internacional de la Mujer, jornada para celebrar los derechos adquiridos y reivindicar la necesidad de seguir avanzando en una sociedad m\u00e1s igualitaria y justa, entre hombres y mujeres. Teniendo en cuenta esta efem\u00e9ride, esta ma\u00f1ana en el Primer Caf\u00e9 [&#8230;]<\/p>\n<p><a class=\"btn btn-secondary understrap-read-more-link\" href=\"https:\/\/radiolitoral.com\/ca\/2025\/03\/maria-llobell-primero-que-pierdan-el-miedo-a-la-palabra-feminismo-simplemente-pedimos-la-igualdad-real-entre-mujeres-y-hombres\/\">Continua llegint&#8230;<span class=\"screen-reader-text\"> from Mar\u00eda Llobell: \u201cPrimero que pierdan el miedo a la palabra feminismo, simplemente pedimos la igualdad real entre mujeres y hombres\u201d<\/span><\/a><\/p>\n","protected":false},"author":13,"featured_media":15391,"comment_status":"open","ping_status":"closed","sticky":false,"template":"","format":"standard","meta":{"_acf_changed":false,"inline_featured_image":false,"footnotes":""},"categories":[2753,114,46],"tags":[115,3762,3869,3868,3867,2312,3866],"class_list":["post-15389","post","type-post","status-publish","format-standard","has-post-thumbnail","hentry","category-entrevistas","category-igualdad","category-sociedad","tag-8m","tag-dia-internacional-de-la-mujer","tag-lucha-feminista","tag-maria-llobell","tag-mireia-mas","tag-primer-cafe","tag-xarxa-de-dones-teulada-moraira","cobertura-teulada-moraira"],"acf":[],"yoast_head":"<!-- This site is optimized with the Yoast SEO plugin v27.5 - https:\/\/yoast.com\/product\/yoast-seo-wordpress\/ -->\n<title>Mar\u00eda Llobell: \u201cPrimero que pierdan el miedo a la palabra feminismo, simplemente pedimos la igualdad real entre mujeres y hombres\u201d | R\u00e0dio Litoral<\/title>\n<meta name=\"description\" content=\"La Xarxa de Dones Teulada Moraira conmemora el 8M con una muestra fotogr\u00e1fica que pone el valor a la mujer en el mundo laboral\" \/>\n<meta name=\"robots\" content=\"index, follow, max-snippet:-1, max-image-preview:large, max-video-preview:-1\" \/>\n<link rel=\"canonical\" href=\"https:\/\/radiolitoral.com\/ca\/2025\/03\/maria-llobell-primer-que-perdin-la-por-a-la-paraula-feminisme-simplement-demanem-la-igualtat-real-entre-dones-i-homes\/\" \/>\n<meta property=\"og:locale\" content=\"ca_ES\" \/>\n<meta property=\"og:type\" content=\"article\" \/>\n<meta property=\"og:title\" content=\"Mar\u00eda Llobell: \u201cPrimero que pierdan el miedo a la palabra feminismo, simplemente pedimos la igualdad real entre mujeres y hombres\u201d | R\u00e0dio Litoral\" \/>\n<meta property=\"og:description\" content=\"La Xarxa de Dones Teulada Moraira conmemora el 8M con una muestra fotogr\u00e1fica que pone el valor a la mujer en el mundo laboral\" \/>\n<meta property=\"og:url\" content=\"https:\/\/radiolitoral.com\/ca\/2025\/03\/maria-llobell-primer-que-perdin-la-por-a-la-paraula-feminisme-simplement-demanem-la-igualtat-real-entre-dones-i-homes\/\" \/>\n<meta property=\"og:site_name\" content=\"R\u00e0dio Litoral\" \/>\n<meta property=\"article:publisher\" content=\"https:\/\/www.facebook.com\/Laradiolitoral\/\" \/>\n<meta property=\"article:published_time\" content=\"2025-03-05T11:06:34+00:00\" \/>\n<meta property=\"og:image\" content=\"https:\/\/media.radiolitoral.com\/wp-content\/uploads\/2025\/03\/05120314\/Mireia-Mas-y-Maria-Llobell-Primer-Cafe.jpg\" \/>\n\t<meta property=\"og:image:width\" content=\"2000\" \/>\n\t<meta property=\"og:image:height\" content=\"1500\" \/>\n\t<meta property=\"og:image:type\" content=\"image\/jpeg\" \/>\n<meta name=\"author\" content=\"Redacci\u00f3n\" \/>\n<meta name=\"twitter:card\" content=\"summary_large_image\" \/>\n<meta name=\"twitter:label1\" content=\"Escrit per\" \/>\n\t<meta name=\"twitter:data1\" content=\"Redacci\u00f3n\" \/>\n\t<meta name=\"twitter:label2\" content=\"Temps estimat de lectura\" \/>\n\t<meta name=\"twitter:data2\" content=\"3 minuts\" \/>\n<script type=\"application\/ld+json\" class=\"yoast-schema-graph\">{\"@context\":\"https:\\\/\\\/schema.org\",\"@graph\":[{\"@type\":\"NewsArticle\",\"@id\":\"https:\\\/\\\/radiolitoral.com\\\/2025\\\/03\\\/maria-llobell-primero-que-pierdan-el-miedo-a-la-palabra-feminismo-simplemente-pedimos-la-igualdad-real-entre-mujeres-y-hombres\\\/#article\",\"isPartOf\":{\"@id\":\"https:\\\/\\\/radiolitoral.com\\\/2025\\\/03\\\/maria-llobell-primero-que-pierdan-el-miedo-a-la-palabra-feminismo-simplemente-pedimos-la-igualdad-real-entre-mujeres-y-hombres\\\/\"},\"author\":{\"name\":\"Redacci\u00f3n\",\"@id\":\"https:\\\/\\\/radiolitoral.com\\\/#\\\/schema\\\/person\\\/f2b2343c49b5d721857cc1002bfdb151\"},\"headline\":\"Mar\u00eda Llobell: \u201cPrimero que pierdan el miedo a la palabra feminismo, simplemente pedimos la igualdad real entre mujeres y hombres\u201d\",\"datePublished\":\"2025-03-05T11:06:34+00:00\",\"mainEntityOfPage\":{\"@id\":\"https:\\\/\\\/radiolitoral.com\\\/2025\\\/03\\\/maria-llobell-primero-que-pierdan-el-miedo-a-la-palabra-feminismo-simplemente-pedimos-la-igualdad-real-entre-mujeres-y-hombres\\\/\"},\"wordCount\":416,\"commentCount\":0,\"publisher\":{\"@id\":\"https:\\\/\\\/radiolitoral.com\\\/#organization\"},\"image\":{\"@id\":\"https:\\\/\\\/radiolitoral.com\\\/2025\\\/03\\\/maria-llobell-primero-que-pierdan-el-miedo-a-la-palabra-feminismo-simplemente-pedimos-la-igualdad-real-entre-mujeres-y-hombres\\\/#primaryimage\"},\"thumbnailUrl\":\"https:\\\/\\\/media.radiolitoral.com\\\/wp-content\\\/uploads\\\/2025\\\/03\\\/05120314\\\/Mireia-Mas-y-Maria-Llobell-Primer-Cafe.jpg\",\"keywords\":[\"8M\",\"Dia Internacional de la Mujer\",\"lucha feminista\",\"Mar\u00eda Llobell\",\"Mireia Mas\",\"Primer Caf\u00e9\",\"Xarxa de Dones Teulada Moraira\"],\"articleSection\":[\"Entrevistas\",\"Igualdad\",\"Sociedad\"],\"inLanguage\":\"ca\",\"potentialAction\":[{\"@type\":\"CommentAction\",\"name\":\"Comment\",\"target\":[\"https:\\\/\\\/radiolitoral.com\\\/2025\\\/03\\\/maria-llobell-primero-que-pierdan-el-miedo-a-la-palabra-feminismo-simplemente-pedimos-la-igualdad-real-entre-mujeres-y-hombres\\\/#respond\"]}]},{\"@type\":[\"WebPage\",\"ItemPage\"],\"@id\":\"https:\\\/\\\/radiolitoral.com\\\/2025\\\/03\\\/maria-llobell-primero-que-pierdan-el-miedo-a-la-palabra-feminismo-simplemente-pedimos-la-igualdad-real-entre-mujeres-y-hombres\\\/\",\"url\":\"https:\\\/\\\/radiolitoral.com\\\/2025\\\/03\\\/maria-llobell-primero-que-pierdan-el-miedo-a-la-palabra-feminismo-simplemente-pedimos-la-igualdad-real-entre-mujeres-y-hombres\\\/\",\"name\":\"Mar\u00eda Llobell: \u201cPrimero que pierdan el miedo a la palabra feminismo, simplemente pedimos la igualdad real entre mujeres y hombres\u201d | R\u00e0dio Litoral\",\"isPartOf\":{\"@id\":\"https:\\\/\\\/radiolitoral.com\\\/#website\"},\"primaryImageOfPage\":{\"@id\":\"https:\\\/\\\/radiolitoral.com\\\/2025\\\/03\\\/maria-llobell-primero-que-pierdan-el-miedo-a-la-palabra-feminismo-simplemente-pedimos-la-igualdad-real-entre-mujeres-y-hombres\\\/#primaryimage\"},\"image\":{\"@id\":\"https:\\\/\\\/radiolitoral.com\\\/2025\\\/03\\\/maria-llobell-primero-que-pierdan-el-miedo-a-la-palabra-feminismo-simplemente-pedimos-la-igualdad-real-entre-mujeres-y-hombres\\\/#primaryimage\"},\"thumbnailUrl\":\"https:\\\/\\\/media.radiolitoral.com\\\/wp-content\\\/uploads\\\/2025\\\/03\\\/05120314\\\/Mireia-Mas-y-Maria-Llobell-Primer-Cafe.jpg\",\"datePublished\":\"2025-03-05T11:06:34+00:00\",\"description\":\"La Xarxa de Dones Teulada Moraira conmemora el 8M con una muestra fotogr\u00e1fica que pone el valor a la mujer en el mundo laboral\",\"breadcrumb\":{\"@id\":\"https:\\\/\\\/radiolitoral.com\\\/2025\\\/03\\\/maria-llobell-primero-que-pierdan-el-miedo-a-la-palabra-feminismo-simplemente-pedimos-la-igualdad-real-entre-mujeres-y-hombres\\\/#breadcrumb\"},\"inLanguage\":\"ca\",\"potentialAction\":[{\"@type\":\"ReadAction\",\"target\":[\"https:\\\/\\\/radiolitoral.com\\\/2025\\\/03\\\/maria-llobell-primero-que-pierdan-el-miedo-a-la-palabra-feminismo-simplemente-pedimos-la-igualdad-real-entre-mujeres-y-hombres\\\/\"]}]},{\"@type\":\"ImageObject\",\"inLanguage\":\"ca\",\"@id\":\"https:\\\/\\\/radiolitoral.com\\\/2025\\\/03\\\/maria-llobell-primero-que-pierdan-el-miedo-a-la-palabra-feminismo-simplemente-pedimos-la-igualdad-real-entre-mujeres-y-hombres\\\/#primaryimage\",\"url\":\"https:\\\/\\\/media.radiolitoral.com\\\/wp-content\\\/uploads\\\/2025\\\/03\\\/05120314\\\/Mireia-Mas-y-Maria-Llobell-Primer-Cafe.jpg\",\"contentUrl\":\"https:\\\/\\\/media.radiolitoral.com\\\/wp-content\\\/uploads\\\/2025\\\/03\\\/05120314\\\/Mireia-Mas-y-Maria-Llobell-Primer-Cafe.jpg\",\"width\":2000,\"height\":1500},{\"@type\":\"BreadcrumbList\",\"@id\":\"https:\\\/\\\/radiolitoral.com\\\/2025\\\/03\\\/maria-llobell-primero-que-pierdan-el-miedo-a-la-palabra-feminismo-simplemente-pedimos-la-igualdad-real-entre-mujeres-y-hombres\\\/#breadcrumb\",\"itemListElement\":[{\"@type\":\"ListItem\",\"position\":1,\"name\":\"Portada\",\"item\":\"https:\\\/\\\/radiolitoral.com\\\/\"},{\"@type\":\"ListItem\",\"position\":2,\"name\":\"Mar\u00eda Llobell: \u201cPrimero que pierdan el miedo a la palabra feminismo, simplemente pedimos la igualdad real entre mujeres y hombres\u201d\"}]},{\"@type\":\"WebSite\",\"@id\":\"https:\\\/\\\/radiolitoral.com\\\/#website\",\"url\":\"https:\\\/\\\/radiolitoral.com\\\/\",\"name\":\"Radio Litoral\",\"description\":\"La radio local de la Marina Alta\",\"publisher\":{\"@id\":\"https:\\\/\\\/radiolitoral.com\\\/#organization\"},\"alternateName\":\"Litoral FM\",\"potentialAction\":[{\"@type\":\"SearchAction\",\"target\":{\"@type\":\"EntryPoint\",\"urlTemplate\":\"https:\\\/\\\/radiolitoral.com\\\/?s={search_term_string}\"},\"query-input\":{\"@type\":\"PropertyValueSpecification\",\"valueRequired\":true,\"valueName\":\"search_term_string\"}}],\"inLanguage\":\"ca\"},{\"@type\":\"Organization\",\"@id\":\"https:\\\/\\\/radiolitoral.com\\\/#organization\",\"name\":\"Radio Litoral\",\"url\":\"https:\\\/\\\/radiolitoral.com\\\/\",\"logo\":{\"@type\":\"ImageObject\",\"inLanguage\":\"ca\",\"@id\":\"https:\\\/\\\/radiolitoral.com\\\/#\\\/schema\\\/logo\\\/image\\\/\",\"url\":\"https:\\\/\\\/media.radiolitoral.com\\\/wp-content\\\/uploads\\\/2023\\\/02\\\/24143238\\\/CL-V-RadioLitoral696.png\",\"contentUrl\":\"https:\\\/\\\/media.radiolitoral.com\\\/wp-content\\\/uploads\\\/2023\\\/02\\\/24143238\\\/CL-V-RadioLitoral696.png\",\"width\":696,\"height\":696,\"caption\":\"Radio Litoral\"},\"image\":{\"@id\":\"https:\\\/\\\/radiolitoral.com\\\/#\\\/schema\\\/logo\\\/image\\\/\"},\"sameAs\":[\"https:\\\/\\\/www.facebook.com\\\/Laradiolitoral\\\/\"]},{\"@type\":\"Person\",\"@id\":\"https:\\\/\\\/radiolitoral.com\\\/#\\\/schema\\\/person\\\/f2b2343c49b5d721857cc1002bfdb151\",\"name\":\"Redacci\u00f3n\",\"image\":{\"@type\":\"ImageObject\",\"inLanguage\":\"ca\",\"@id\":\"https:\\\/\\\/secure.gravatar.com\\\/avatar\\\/f771d896c203ad8b3382d7905cfcce5a5c9b008b84b3cd9114e9b9f4cb63f789?s=96&d=mm&r=g\",\"url\":\"https:\\\/\\\/secure.gravatar.com\\\/avatar\\\/f771d896c203ad8b3382d7905cfcce5a5c9b008b84b3cd9114e9b9f4cb63f789?s=96&d=mm&r=g\",\"contentUrl\":\"https:\\\/\\\/secure.gravatar.com\\\/avatar\\\/f771d896c203ad8b3382d7905cfcce5a5c9b008b84b3cd9114e9b9f4cb63f789?s=96&d=mm&r=g\",\"caption\":\"Redacci\u00f3n\"},\"url\":\"https:\\\/\\\/radiolitoral.com\\\/ca\\\/author\\\/miriam-pagan\\\/\"}]}<\/script>\n<!-- \/ Yoast SEO plugin. -->","yoast_head_json":{"title":"Mar\u00eda Llobell: \u201cPrimer que perdin la por a la paraula feminisme, simplement demanem la igualtat real entre dones i homes\u201d | R\u00e0dio Litoral","description":"La Xarxa de Dones Teulada Moraira commemora el 8M amb una mostra fotogr\u00e0fica que posa el valor a la dona al m\u00f3n laboral","robots":{"index":"index","follow":"follow","max-snippet":"max-snippet:-1","max-image-preview":"max-image-preview:large","max-video-preview":"max-video-preview:-1"},"canonical":"https:\/\/radiolitoral.com\/ca\/2025\/03\/maria-llobell-primer-que-perdin-la-por-a-la-paraula-feminisme-simplement-demanem-la-igualtat-real-entre-dones-i-homes\/","og_locale":"ca_ES","og_type":"article","og_title":"Mar\u00eda Llobell: \u201cPrimero que pierdan el miedo a la palabra feminismo, simplemente pedimos la igualdad real entre mujeres y hombres\u201d | R\u00e0dio Litoral","og_description":"La Xarxa de Dones Teulada Moraira conmemora el 8M con una muestra fotogr\u00e1fica que pone el valor a la mujer en el mundo laboral","og_url":"https:\/\/radiolitoral.com\/ca\/2025\/03\/maria-llobell-primer-que-perdin-la-por-a-la-paraula-feminisme-simplement-demanem-la-igualtat-real-entre-dones-i-homes\/","og_site_name":"R\u00e0dio Litoral","article_publisher":"https:\/\/www.facebook.com\/Laradiolitoral\/","article_published_time":"2025-03-05T11:06:34+00:00","og_image":[{"width":2000,"height":1500,"url":"https:\/\/media.radiolitoral.com\/wp-content\/uploads\/2025\/03\/05120314\/Mireia-Mas-y-Maria-Llobell-Primer-Cafe.jpg","type":"image\/jpeg"}],"author":"Redacci\u00f3n","twitter_card":"summary_large_image","twitter_misc":{"Escrit per":"Redacci\u00f3n","Temps estimat de lectura":"3 minuts"},"schema":{"@context":"https:\/\/schema.org","@graph":[{"@type":"NewsArticle","@id":"https:\/\/radiolitoral.com\/2025\/03\/maria-llobell-primero-que-pierdan-el-miedo-a-la-palabra-feminismo-simplemente-pedimos-la-igualdad-real-entre-mujeres-y-hombres\/#article","isPartOf":{"@id":"https:\/\/radiolitoral.com\/2025\/03\/maria-llobell-primero-que-pierdan-el-miedo-a-la-palabra-feminismo-simplemente-pedimos-la-igualdad-real-entre-mujeres-y-hombres\/"},"author":{"name":"Redacci\u00f3n","@id":"https:\/\/radiolitoral.com\/#\/schema\/person\/f2b2343c49b5d721857cc1002bfdb151"},"headline":"Mar\u00eda Llobell: \u201cPrimero que pierdan el miedo a la palabra feminismo, simplemente pedimos la igualdad real entre mujeres y hombres\u201d","datePublished":"2025-03-05T11:06:34+00:00","mainEntityOfPage":{"@id":"https:\/\/radiolitoral.com\/2025\/03\/maria-llobell-primero-que-pierdan-el-miedo-a-la-palabra-feminismo-simplemente-pedimos-la-igualdad-real-entre-mujeres-y-hombres\/"},"wordCount":416,"commentCount":0,"publisher":{"@id":"https:\/\/radiolitoral.com\/#organization"},"image":{"@id":"https:\/\/radiolitoral.com\/2025\/03\/maria-llobell-primero-que-pierdan-el-miedo-a-la-palabra-feminismo-simplemente-pedimos-la-igualdad-real-entre-mujeres-y-hombres\/#primaryimage"},"thumbnailUrl":"https:\/\/media.radiolitoral.com\/wp-content\/uploads\/2025\/03\/05120314\/Mireia-Mas-y-Maria-Llobell-Primer-Cafe.jpg","keywords":["8M","Dia Internacional de la Mujer","lucha feminista","Mar\u00eda Llobell","Mireia Mas","Primer Caf\u00e9","Xarxa de Dones Teulada Moraira"],"articleSection":["Entrevistas","Igualdad","Sociedad"],"inLanguage":"ca","potentialAction":[{"@type":"CommentAction","name":"Comment","target":["https:\/\/radiolitoral.com\/2025\/03\/maria-llobell-primero-que-pierdan-el-miedo-a-la-palabra-feminismo-simplemente-pedimos-la-igualdad-real-entre-mujeres-y-hombres\/#respond"]}]},{"@type":["WebPage","ItemPage"],"@id":"https:\/\/radiolitoral.com\/2025\/03\/maria-llobell-primero-que-pierdan-el-miedo-a-la-palabra-feminismo-simplemente-pedimos-la-igualdad-real-entre-mujeres-y-hombres\/","url":"https:\/\/radiolitoral.com\/2025\/03\/maria-llobell-primero-que-pierdan-el-miedo-a-la-palabra-feminismo-simplemente-pedimos-la-igualdad-real-entre-mujeres-y-hombres\/","name":"Mar\u00eda Llobell: \u201cPrimer que perdin la por a la paraula feminisme, simplement demanem la igualtat real entre dones i homes\u201d | R\u00e0dio Litoral","isPartOf":{"@id":"https:\/\/radiolitoral.com\/#website"},"primaryImageOfPage":{"@id":"https:\/\/radiolitoral.com\/2025\/03\/maria-llobell-primero-que-pierdan-el-miedo-a-la-palabra-feminismo-simplemente-pedimos-la-igualdad-real-entre-mujeres-y-hombres\/#primaryimage"},"image":{"@id":"https:\/\/radiolitoral.com\/2025\/03\/maria-llobell-primero-que-pierdan-el-miedo-a-la-palabra-feminismo-simplemente-pedimos-la-igualdad-real-entre-mujeres-y-hombres\/#primaryimage"},"thumbnailUrl":"https:\/\/media.radiolitoral.com\/wp-content\/uploads\/2025\/03\/05120314\/Mireia-Mas-y-Maria-Llobell-Primer-Cafe.jpg","datePublished":"2025-03-05T11:06:34+00:00","description":"La Xarxa de Dones Teulada Moraira commemora el 8M amb una mostra fotogr\u00e0fica que posa el valor a la dona al m\u00f3n laboral","breadcrumb":{"@id":"https:\/\/radiolitoral.com\/2025\/03\/maria-llobell-primero-que-pierdan-el-miedo-a-la-palabra-feminismo-simplemente-pedimos-la-igualdad-real-entre-mujeres-y-hombres\/#breadcrumb"},"inLanguage":"ca","potentialAction":[{"@type":"ReadAction","target":["https:\/\/radiolitoral.com\/2025\/03\/maria-llobell-primero-que-pierdan-el-miedo-a-la-palabra-feminismo-simplemente-pedimos-la-igualdad-real-entre-mujeres-y-hombres\/"]}]},{"@type":"ImageObject","inLanguage":"ca","@id":"https:\/\/radiolitoral.com\/2025\/03\/maria-llobell-primero-que-pierdan-el-miedo-a-la-palabra-feminismo-simplemente-pedimos-la-igualdad-real-entre-mujeres-y-hombres\/#primaryimage","url":"https:\/\/media.radiolitoral.com\/wp-content\/uploads\/2025\/03\/05120314\/Mireia-Mas-y-Maria-Llobell-Primer-Cafe.jpg","contentUrl":"https:\/\/media.radiolitoral.com\/wp-content\/uploads\/2025\/03\/05120314\/Mireia-Mas-y-Maria-Llobell-Primer-Cafe.jpg","width":2000,"height":1500},{"@type":"BreadcrumbList","@id":"https:\/\/radiolitoral.com\/2025\/03\/maria-llobell-primero-que-pierdan-el-miedo-a-la-palabra-feminismo-simplemente-pedimos-la-igualdad-real-entre-mujeres-y-hombres\/#breadcrumb","itemListElement":[{"@type":"ListItem","position":1,"name":"Portada","item":"https:\/\/radiolitoral.com\/"},{"@type":"ListItem","position":2,"name":"Mar\u00eda Llobell: \u201cPrimero que pierdan el miedo a la palabra feminismo, simplemente pedimos la igualdad real entre mujeres y hombres\u201d"}]},{"@type":"WebSite","@id":"https:\/\/radiolitoral.com\/#website","url":"https:\/\/radiolitoral.com\/","name":"R\u00e0dio Litoral","description":"La r\u00e0dio local de la Marina Alta","publisher":{"@id":"https:\/\/radiolitoral.com\/#organization"},"alternateName":"Litoral FM","potentialAction":[{"@type":"SearchAction","target":{"@type":"EntryPoint","urlTemplate":"https:\/\/radiolitoral.com\/?s={search_term_string}"},"query-input":{"@type":"PropertyValueSpecification","valueRequired":true,"valueName":"search_term_string"}}],"inLanguage":"ca"},{"@type":"Organization","@id":"https:\/\/radiolitoral.com\/#organization","name":"R\u00e0dio Litoral","url":"https:\/\/radiolitoral.com\/","logo":{"@type":"ImageObject","inLanguage":"ca","@id":"https:\/\/radiolitoral.com\/#\/schema\/logo\/image\/","url":"https:\/\/media.radiolitoral.com\/wp-content\/uploads\/2023\/02\/24143238\/CL-V-RadioLitoral696.png","contentUrl":"https:\/\/media.radiolitoral.com\/wp-content\/uploads\/2023\/02\/24143238\/CL-V-RadioLitoral696.png","width":696,"height":696,"caption":"Radio Litoral"},"image":{"@id":"https:\/\/radiolitoral.com\/#\/schema\/logo\/image\/"},"sameAs":["https:\/\/www.facebook.com\/Laradiolitoral\/"]},{"@type":"Person","@id":"https:\/\/radiolitoral.com\/#\/schema\/person\/f2b2343c49b5d721857cc1002bfdb151","name":"Redacci\u00f3","image":{"@type":"ImageObject","inLanguage":"ca","@id":"https:\/\/secure.gravatar.com\/avatar\/f771d896c203ad8b3382d7905cfcce5a5c9b008b84b3cd9114e9b9f4cb63f789?s=96&d=mm&r=g","url":"https:\/\/secure.gravatar.com\/avatar\/f771d896c203ad8b3382d7905cfcce5a5c9b008b84b3cd9114e9b9f4cb63f789?s=96&d=mm&r=g","contentUrl":"https:\/\/secure.gravatar.com\/avatar\/f771d896c203ad8b3382d7905cfcce5a5c9b008b84b3cd9114e9b9f4cb63f789?s=96&d=mm&r=g","caption":"Redacci\u00f3n"},"url":"https:\/\/radiolitoral.com\/ca\/author\/miriam-pagan\/"}]}},"_links":{"self":[{"href":"https:\/\/radiolitoral.com\/ca\/wp-json\/wp\/v2\/posts\/15389","targetHints":{"allow":["GET"]}}],"collection":[{"href":"https:\/\/radiolitoral.com\/ca\/wp-json\/wp\/v2\/posts"}],"about":[{"href":"https:\/\/radiolitoral.com\/ca\/wp-json\/wp\/v2\/types\/post"}],"author":[{"embeddable":true,"href":"https:\/\/radiolitoral.com\/ca\/wp-json\/wp\/v2\/users\/13"}],"replies":[{"embeddable":true,"href":"https:\/\/radiolitoral.com\/ca\/wp-json\/wp\/v2\/comments?post=15389"}],"version-history":[{"count":2,"href":"https:\/\/radiolitoral.com\/ca\/wp-json\/wp\/v2\/posts\/15389\/revisions"}],"predecessor-version":[{"id":15393,"href":"https:\/\/radiolitoral.com\/ca\/wp-json\/wp\/v2\/posts\/15389\/revisions\/15393"}],"wp:featuredmedia":[{"embeddable":true,"href":"https:\/\/radiolitoral.com\/ca\/wp-json\/wp\/v2\/media\/15391"}],"wp:attachment":[{"href":"https:\/\/radiolitoral.com\/ca\/wp-json\/wp\/v2\/media?parent=15389"}],"wp:term":[{"taxonomy":"category","embeddable":true,"href":"https:\/\/radiolitoral.com\/ca\/wp-json\/wp\/v2\/categories?post=15389"},{"taxonomy":"post_tag","embeddable":true,"href":"https:\/\/radiolitoral.com\/ca\/wp-json\/wp\/v2\/tags?post=15389"}],"curies":[{"name":"wp","href":"https:\/\/api.w.org\/{rel}","templated":true}]}}