{"id":15353,"date":"2025-03-04T10:19:38","date_gmt":"2025-03-04T09:19:38","guid":{"rendered":"https:\/\/radiolitoral.com\/?p=15353"},"modified":"2025-03-04T10:19:38","modified_gmt":"2025-03-04T09:19:38","slug":"derrota-del-cb-ifach-calp-en-un-partit-dalta-exigencia","status":"publish","type":"post","link":"https:\/\/radiolitoral.com\/ca\/2025\/03\/derrota-del-cb-ifach-calpe-en-un-partido-de-alta-exigencia\/","title":{"rendered":"Derrota del CB Ifach Calpe en un partit d&#039;alta exig\u00e8ncia"},"content":{"rendered":"<p>El <strong>CB Ifach Calp<\/strong> va collir una derrota en la seva visita a la pista del <strong>NB Alzira<\/strong> <strong>(86-78<\/strong>), en un matx marcat per la duresa defensiva del rival, que des de l&#039;inici va imposar el seu f\u00edsic i intensitat, aconseguint un avantatge que va arribar a superar els 20 punts.<\/p>\n<p>Tot i les dificultats, la formaci\u00f3 que dirigeix <strong>Kike Valle<\/strong> mai va abaixar els bra\u00e7os i va protagonitzar una gran reacci\u00f3 a l&#039;\u00faltim quart, reduint la difer\u00e8ncia fins sol <strong>5 punts<\/strong>. Alguns errors en moments clau, l&#039;encert del rival i certes decisions arbitrals van impedir culminar la remuntada.<\/p>\n<p>Tot i la derrota, el CB Ifach Calpe mant\u00e9 intacta la seva ambici\u00f3 i ja centra la seva atenci\u00f3 en el proper desafiament davant el<strong> CBI Elx<\/strong>, un rival directe en la lluita per la part alta de la classificaci\u00f3.<\/p>\n<h4>Lesions i Baixes<\/h4>\n<p>Des del club s&#039;ha em\u00e8s un comunicat oficial en qu\u00e8 es d\u00f3na a con\u00e8ixer les baixes permanents de dos jugadors i una altra de temporal. El base <strong>Dani G\u00f3mez<\/strong> que ha estat diagnosticat amb trencament del lligament creuat del genoll que l&#039;obliga a passar pel quir\u00f2fan i que deixar\u00e0 fora de les pistes el que resta de temporada.<\/p>\n<p><strong>Juanjo Crespo<\/strong>, \u00e9s una altra baixa per una lesi\u00f3 a la m\u00e0 que tamb\u00e9 el tindr\u00e0 allunyat de les pistes durant un per\u00edode llarg. A m\u00e9s, d&#039;aquestes baixes per lesi\u00f3 s&#039;uneix la de <strong>Vicente Ferr\u00e1ndez<\/strong> que ha deixat la plantilla per motius personals.<\/p>\n<p><script src=\"chrome-extension:\/\/flbolonkboilcbnohjlchlfgdalomdpl\/iFrame.js\" type=\"text\/javascript\"><\/script><\/p>","protected":false},"excerpt":{"rendered":"<p>El CB Ifach Calpe cosech\u00f3 una derrota en su visita a la cancha del NB Alzira (86-78), \u00a0en un encuentro marcado por la dureza defensiva del rival, que desde el inicio impuso su f\u00edsico e intensidad, logrando una ventaja que lleg\u00f3 a superar los 20 puntos. A pesar de las dificultades, la formaci\u00f3n que dirige [&#8230;]<\/p>\n<p><a class=\"btn btn-secondary understrap-read-more-link\" href=\"https:\/\/radiolitoral.com\/ca\/2025\/03\/derrota-del-cb-ifach-calpe-en-un-partido-de-alta-exigencia\/\">Continua llegint&#8230;<span class=\"screen-reader-text\"> from Derrota del CB Ifach Calpe en un partido de alta exigencia<\/span><\/a><\/p>\n","protected":false},"author":12,"featured_media":15356,"comment_status":"open","ping_status":"closed","sticky":false,"template":"","format":"standard","meta":{"_acf_changed":false,"inline_featured_image":false,"footnotes":""},"categories":[5],"tags":[952,2859,3851,6,2082,2406,2407,2081],"class_list":["post-15353","post","type-post","status-publish","format-standard","has-post-thumbnail","hentry","category-deportes","tag-cb-ifach-calpe","tag-cbi-elche","tag-dani-gomez","tag-deportes","tag-juanjo-crespo","tag-kike-valle","tag-nb-alzira","tag-vicente-ferrandez","cobertura-calp"],"acf":[],"yoast_head":"<!-- This site is optimized with the Yoast SEO plugin v27.5 - https:\/\/yoast.com\/product\/yoast-seo-wordpress\/ -->\n<title>Derrota del CB Ifach Calpe en un partido de alta exigencia | R\u00e0dio Litoral<\/title>\n<meta name=\"description\" content=\"Un gran esfuerzo en el \u00faltimo cuarto no fue suficiente para la remontada calpina ante el NB Alzira (86-78)\" \/>\n<meta name=\"robots\" content=\"index, follow, max-snippet:-1, max-image-preview:large, max-video-preview:-1\" \/>\n<link rel=\"canonical\" href=\"https:\/\/radiolitoral.com\/ca\/2025\/03\/derrota-del-cb-ifach-calp-en-un-partit-dalta-exigencia\/\" \/>\n<meta property=\"og:locale\" content=\"ca_ES\" \/>\n<meta property=\"og:type\" content=\"article\" \/>\n<meta property=\"og:title\" content=\"Derrota del CB Ifach Calpe en un partido de alta exigencia | R\u00e0dio Litoral\" \/>\n<meta property=\"og:description\" content=\"Un gran esfuerzo en el \u00faltimo cuarto no fue suficiente para la remontada calpina ante el NB Alzira (86-78)\" \/>\n<meta property=\"og:url\" content=\"https:\/\/radiolitoral.com\/ca\/2025\/03\/derrota-del-cb-ifach-calp-en-un-partit-dalta-exigencia\/\" \/>\n<meta property=\"og:site_name\" content=\"R\u00e0dio Litoral\" \/>\n<meta property=\"article:publisher\" content=\"https:\/\/www.facebook.com\/Laradiolitoral\/\" \/>\n<meta property=\"article:published_time\" content=\"2025-03-04T09:19:38+00:00\" \/>\n<meta property=\"og:image\" content=\"https:\/\/media.radiolitoral.com\/wp-content\/uploads\/2025\/03\/04101607\/CB-Ifach-Calpe-Nacional.jpg\" \/>\n\t<meta property=\"og:image:width\" content=\"1484\" \/>\n\t<meta property=\"og:image:height\" content=\"989\" \/>\n\t<meta property=\"og:image:type\" content=\"image\/jpeg\" \/>\n<meta name=\"author\" content=\"Javier Zamora\" \/>\n<meta name=\"twitter:card\" content=\"summary_large_image\" \/>\n<meta name=\"twitter:label1\" content=\"Escrit per\" \/>\n\t<meta name=\"twitter:data1\" content=\"Javier Zamora\" \/>\n\t<meta name=\"twitter:label2\" content=\"Temps estimat de lectura\" \/>\n\t<meta name=\"twitter:data2\" content=\"2 minuts\" \/>\n<script type=\"application\/ld+json\" class=\"yoast-schema-graph\">{\"@context\":\"https:\\\/\\\/schema.org\",\"@graph\":[{\"@type\":\"NewsArticle\",\"@id\":\"https:\\\/\\\/radiolitoral.com\\\/2025\\\/03\\\/derrota-del-cb-ifach-calpe-en-un-partido-de-alta-exigencia\\\/#article\",\"isPartOf\":{\"@id\":\"https:\\\/\\\/radiolitoral.com\\\/2025\\\/03\\\/derrota-del-cb-ifach-calpe-en-un-partido-de-alta-exigencia\\\/\"},\"author\":{\"name\":\"Javier Zamora\",\"@id\":\"https:\\\/\\\/radiolitoral.com\\\/#\\\/schema\\\/person\\\/7b1480b5caeb5acdd4ec6379caf62b22\"},\"headline\":\"Derrota del CB Ifach Calpe en un partido de alta exigencia\",\"datePublished\":\"2025-03-04T09:19:38+00:00\",\"mainEntityOfPage\":{\"@id\":\"https:\\\/\\\/radiolitoral.com\\\/2025\\\/03\\\/derrota-del-cb-ifach-calpe-en-un-partido-de-alta-exigencia\\\/\"},\"wordCount\":266,\"commentCount\":0,\"publisher\":{\"@id\":\"https:\\\/\\\/radiolitoral.com\\\/#organization\"},\"image\":{\"@id\":\"https:\\\/\\\/radiolitoral.com\\\/2025\\\/03\\\/derrota-del-cb-ifach-calpe-en-un-partido-de-alta-exigencia\\\/#primaryimage\"},\"thumbnailUrl\":\"https:\\\/\\\/media.radiolitoral.com\\\/wp-content\\\/uploads\\\/2025\\\/03\\\/04101607\\\/CB-Ifach-Calpe-Nacional.jpg\",\"keywords\":[\"CB Ifach Calpe\",\"CBI Elche\",\"Dani G\u00f3mez\",\"deportes\",\"Juanjo\u00a0Crespo\",\"Kike\u00a0Valle\",\"NB\u00a0Alzira\",\"Vicente\u00a0Ferr\u00e1ndez\"],\"articleSection\":[\"Deportes\"],\"inLanguage\":\"ca\",\"potentialAction\":[{\"@type\":\"CommentAction\",\"name\":\"Comment\",\"target\":[\"https:\\\/\\\/radiolitoral.com\\\/2025\\\/03\\\/derrota-del-cb-ifach-calpe-en-un-partido-de-alta-exigencia\\\/#respond\"]}]},{\"@type\":[\"WebPage\",\"ItemPage\"],\"@id\":\"https:\\\/\\\/radiolitoral.com\\\/2025\\\/03\\\/derrota-del-cb-ifach-calpe-en-un-partido-de-alta-exigencia\\\/\",\"url\":\"https:\\\/\\\/radiolitoral.com\\\/2025\\\/03\\\/derrota-del-cb-ifach-calpe-en-un-partido-de-alta-exigencia\\\/\",\"name\":\"Derrota del CB Ifach Calpe en un partido de alta exigencia | R\u00e0dio Litoral\",\"isPartOf\":{\"@id\":\"https:\\\/\\\/radiolitoral.com\\\/#website\"},\"primaryImageOfPage\":{\"@id\":\"https:\\\/\\\/radiolitoral.com\\\/2025\\\/03\\\/derrota-del-cb-ifach-calpe-en-un-partido-de-alta-exigencia\\\/#primaryimage\"},\"image\":{\"@id\":\"https:\\\/\\\/radiolitoral.com\\\/2025\\\/03\\\/derrota-del-cb-ifach-calpe-en-un-partido-de-alta-exigencia\\\/#primaryimage\"},\"thumbnailUrl\":\"https:\\\/\\\/media.radiolitoral.com\\\/wp-content\\\/uploads\\\/2025\\\/03\\\/04101607\\\/CB-Ifach-Calpe-Nacional.jpg\",\"datePublished\":\"2025-03-04T09:19:38+00:00\",\"description\":\"Un gran esfuerzo en el \u00faltimo cuarto no fue suficiente para la remontada calpina ante el NB Alzira (86-78)\",\"breadcrumb\":{\"@id\":\"https:\\\/\\\/radiolitoral.com\\\/2025\\\/03\\\/derrota-del-cb-ifach-calpe-en-un-partido-de-alta-exigencia\\\/#breadcrumb\"},\"inLanguage\":\"ca\",\"potentialAction\":[{\"@type\":\"ReadAction\",\"target\":[\"https:\\\/\\\/radiolitoral.com\\\/2025\\\/03\\\/derrota-del-cb-ifach-calpe-en-un-partido-de-alta-exigencia\\\/\"]}]},{\"@type\":\"ImageObject\",\"inLanguage\":\"ca\",\"@id\":\"https:\\\/\\\/radiolitoral.com\\\/2025\\\/03\\\/derrota-del-cb-ifach-calpe-en-un-partido-de-alta-exigencia\\\/#primaryimage\",\"url\":\"https:\\\/\\\/media.radiolitoral.com\\\/wp-content\\\/uploads\\\/2025\\\/03\\\/04101607\\\/CB-Ifach-Calpe-Nacional.jpg\",\"contentUrl\":\"https:\\\/\\\/media.radiolitoral.com\\\/wp-content\\\/uploads\\\/2025\\\/03\\\/04101607\\\/CB-Ifach-Calpe-Nacional.jpg\",\"width\":1484,\"height\":989},{\"@type\":\"BreadcrumbList\",\"@id\":\"https:\\\/\\\/radiolitoral.com\\\/2025\\\/03\\\/derrota-del-cb-ifach-calpe-en-un-partido-de-alta-exigencia\\\/#breadcrumb\",\"itemListElement\":[{\"@type\":\"ListItem\",\"position\":1,\"name\":\"Portada\",\"item\":\"https:\\\/\\\/radiolitoral.com\\\/\"},{\"@type\":\"ListItem\",\"position\":2,\"name\":\"Derrota del CB Ifach Calpe en un partido de alta exigencia\"}]},{\"@type\":\"WebSite\",\"@id\":\"https:\\\/\\\/radiolitoral.com\\\/#website\",\"url\":\"https:\\\/\\\/radiolitoral.com\\\/\",\"name\":\"Radio Litoral\",\"description\":\"La radio local de la Marina Alta\",\"publisher\":{\"@id\":\"https:\\\/\\\/radiolitoral.com\\\/#organization\"},\"alternateName\":\"Litoral FM\",\"potentialAction\":[{\"@type\":\"SearchAction\",\"target\":{\"@type\":\"EntryPoint\",\"urlTemplate\":\"https:\\\/\\\/radiolitoral.com\\\/?s={search_term_string}\"},\"query-input\":{\"@type\":\"PropertyValueSpecification\",\"valueRequired\":true,\"valueName\":\"search_term_string\"}}],\"inLanguage\":\"ca\"},{\"@type\":\"Organization\",\"@id\":\"https:\\\/\\\/radiolitoral.com\\\/#organization\",\"name\":\"Radio Litoral\",\"url\":\"https:\\\/\\\/radiolitoral.com\\\/\",\"logo\":{\"@type\":\"ImageObject\",\"inLanguage\":\"ca\",\"@id\":\"https:\\\/\\\/radiolitoral.com\\\/#\\\/schema\\\/logo\\\/image\\\/\",\"url\":\"https:\\\/\\\/media.radiolitoral.com\\\/wp-content\\\/uploads\\\/2023\\\/02\\\/24143238\\\/CL-V-RadioLitoral696.png\",\"contentUrl\":\"https:\\\/\\\/media.radiolitoral.com\\\/wp-content\\\/uploads\\\/2023\\\/02\\\/24143238\\\/CL-V-RadioLitoral696.png\",\"width\":696,\"height\":696,\"caption\":\"Radio Litoral\"},\"image\":{\"@id\":\"https:\\\/\\\/radiolitoral.com\\\/#\\\/schema\\\/logo\\\/image\\\/\"},\"sameAs\":[\"https:\\\/\\\/www.facebook.com\\\/Laradiolitoral\\\/\"]},{\"@type\":\"Person\",\"@id\":\"https:\\\/\\\/radiolitoral.com\\\/#\\\/schema\\\/person\\\/7b1480b5caeb5acdd4ec6379caf62b22\",\"name\":\"Javier Zamora\",\"image\":{\"@type\":\"ImageObject\",\"inLanguage\":\"ca\",\"@id\":\"https:\\\/\\\/secure.gravatar.com\\\/avatar\\\/467a11f6918c7d619c4043fc6fa2d3853053107973f05b6e9c04ea6c4e3a7b3f?s=96&d=mm&r=g\",\"url\":\"https:\\\/\\\/secure.gravatar.com\\\/avatar\\\/467a11f6918c7d619c4043fc6fa2d3853053107973f05b6e9c04ea6c4e3a7b3f?s=96&d=mm&r=g\",\"contentUrl\":\"https:\\\/\\\/secure.gravatar.com\\\/avatar\\\/467a11f6918c7d619c4043fc6fa2d3853053107973f05b6e9c04ea6c4e3a7b3f?s=96&d=mm&r=g\",\"caption\":\"Javier Zamora\"},\"url\":\"https:\\\/\\\/radiolitoral.com\\\/ca\\\/author\\\/javier-zamora\\\/\"}]}<\/script>\n<!-- \/ Yoast SEO plugin. -->","yoast_head_json":{"title":"Derrota del CB Ifach Calpe en un partit d?alta exig\u00e8ncia | R\u00e0dio Litoral","description":"Un gran esfor\u00e7 a l&#039;\u00faltim quart no va ser suficient per a la remuntada calpina davant l&#039;NB Alzira (86-78)","robots":{"index":"index","follow":"follow","max-snippet":"max-snippet:-1","max-image-preview":"max-image-preview:large","max-video-preview":"max-video-preview:-1"},"canonical":"https:\/\/radiolitoral.com\/ca\/2025\/03\/derrota-del-cb-ifach-calp-en-un-partit-dalta-exigencia\/","og_locale":"ca_ES","og_type":"article","og_title":"Derrota del CB Ifach Calpe en un partido de alta exigencia | R\u00e0dio Litoral","og_description":"Un gran esfuerzo en el \u00faltimo cuarto no fue suficiente para la remontada calpina ante el NB Alzira (86-78)","og_url":"https:\/\/radiolitoral.com\/ca\/2025\/03\/derrota-del-cb-ifach-calp-en-un-partit-dalta-exigencia\/","og_site_name":"R\u00e0dio Litoral","article_publisher":"https:\/\/www.facebook.com\/Laradiolitoral\/","article_published_time":"2025-03-04T09:19:38+00:00","og_image":[{"width":1484,"height":989,"url":"https:\/\/media.radiolitoral.com\/wp-content\/uploads\/2025\/03\/04101607\/CB-Ifach-Calpe-Nacional.jpg","type":"image\/jpeg"}],"author":"Javier Zamora","twitter_card":"summary_large_image","twitter_misc":{"Escrit per":"Javier Zamora","Temps estimat de lectura":"2 minuts"},"schema":{"@context":"https:\/\/schema.org","@graph":[{"@type":"NewsArticle","@id":"https:\/\/radiolitoral.com\/2025\/03\/derrota-del-cb-ifach-calpe-en-un-partido-de-alta-exigencia\/#article","isPartOf":{"@id":"https:\/\/radiolitoral.com\/2025\/03\/derrota-del-cb-ifach-calpe-en-un-partido-de-alta-exigencia\/"},"author":{"name":"Javier Zamora","@id":"https:\/\/radiolitoral.com\/#\/schema\/person\/7b1480b5caeb5acdd4ec6379caf62b22"},"headline":"Derrota del CB Ifach Calpe en un partido de alta exigencia","datePublished":"2025-03-04T09:19:38+00:00","mainEntityOfPage":{"@id":"https:\/\/radiolitoral.com\/2025\/03\/derrota-del-cb-ifach-calpe-en-un-partido-de-alta-exigencia\/"},"wordCount":266,"commentCount":0,"publisher":{"@id":"https:\/\/radiolitoral.com\/#organization"},"image":{"@id":"https:\/\/radiolitoral.com\/2025\/03\/derrota-del-cb-ifach-calpe-en-un-partido-de-alta-exigencia\/#primaryimage"},"thumbnailUrl":"https:\/\/media.radiolitoral.com\/wp-content\/uploads\/2025\/03\/04101607\/CB-Ifach-Calpe-Nacional.jpg","keywords":["CB Ifach Calpe","CBI Elche","Dani G\u00f3mez","deportes","Juanjo\u00a0Crespo","Kike\u00a0Valle","NB\u00a0Alzira","Vicente\u00a0Ferr\u00e1ndez"],"articleSection":["Deportes"],"inLanguage":"ca","potentialAction":[{"@type":"CommentAction","name":"Comment","target":["https:\/\/radiolitoral.com\/2025\/03\/derrota-del-cb-ifach-calpe-en-un-partido-de-alta-exigencia\/#respond"]}]},{"@type":["WebPage","ItemPage"],"@id":"https:\/\/radiolitoral.com\/2025\/03\/derrota-del-cb-ifach-calpe-en-un-partido-de-alta-exigencia\/","url":"https:\/\/radiolitoral.com\/2025\/03\/derrota-del-cb-ifach-calpe-en-un-partido-de-alta-exigencia\/","name":"Derrota del CB Ifach Calpe en un partit d?alta exig\u00e8ncia | R\u00e0dio Litoral","isPartOf":{"@id":"https:\/\/radiolitoral.com\/#website"},"primaryImageOfPage":{"@id":"https:\/\/radiolitoral.com\/2025\/03\/derrota-del-cb-ifach-calpe-en-un-partido-de-alta-exigencia\/#primaryimage"},"image":{"@id":"https:\/\/radiolitoral.com\/2025\/03\/derrota-del-cb-ifach-calpe-en-un-partido-de-alta-exigencia\/#primaryimage"},"thumbnailUrl":"https:\/\/media.radiolitoral.com\/wp-content\/uploads\/2025\/03\/04101607\/CB-Ifach-Calpe-Nacional.jpg","datePublished":"2025-03-04T09:19:38+00:00","description":"Un gran esfor\u00e7 a l&#039;\u00faltim quart no va ser suficient per a la remuntada calpina davant l&#039;NB Alzira (86-78)","breadcrumb":{"@id":"https:\/\/radiolitoral.com\/2025\/03\/derrota-del-cb-ifach-calpe-en-un-partido-de-alta-exigencia\/#breadcrumb"},"inLanguage":"ca","potentialAction":[{"@type":"ReadAction","target":["https:\/\/radiolitoral.com\/2025\/03\/derrota-del-cb-ifach-calpe-en-un-partido-de-alta-exigencia\/"]}]},{"@type":"ImageObject","inLanguage":"ca","@id":"https:\/\/radiolitoral.com\/2025\/03\/derrota-del-cb-ifach-calpe-en-un-partido-de-alta-exigencia\/#primaryimage","url":"https:\/\/media.radiolitoral.com\/wp-content\/uploads\/2025\/03\/04101607\/CB-Ifach-Calpe-Nacional.jpg","contentUrl":"https:\/\/media.radiolitoral.com\/wp-content\/uploads\/2025\/03\/04101607\/CB-Ifach-Calpe-Nacional.jpg","width":1484,"height":989},{"@type":"BreadcrumbList","@id":"https:\/\/radiolitoral.com\/2025\/03\/derrota-del-cb-ifach-calpe-en-un-partido-de-alta-exigencia\/#breadcrumb","itemListElement":[{"@type":"ListItem","position":1,"name":"Portada","item":"https:\/\/radiolitoral.com\/"},{"@type":"ListItem","position":2,"name":"Derrota del CB Ifach Calpe en un partido de alta exigencia"}]},{"@type":"WebSite","@id":"https:\/\/radiolitoral.com\/#website","url":"https:\/\/radiolitoral.com\/","name":"R\u00e0dio Litoral","description":"La r\u00e0dio local de la Marina Alta","publisher":{"@id":"https:\/\/radiolitoral.com\/#organization"},"alternateName":"Litoral FM","potentialAction":[{"@type":"SearchAction","target":{"@type":"EntryPoint","urlTemplate":"https:\/\/radiolitoral.com\/?s={search_term_string}"},"query-input":{"@type":"PropertyValueSpecification","valueRequired":true,"valueName":"search_term_string"}}],"inLanguage":"ca"},{"@type":"Organization","@id":"https:\/\/radiolitoral.com\/#organization","name":"R\u00e0dio Litoral","url":"https:\/\/radiolitoral.com\/","logo":{"@type":"ImageObject","inLanguage":"ca","@id":"https:\/\/radiolitoral.com\/#\/schema\/logo\/image\/","url":"https:\/\/media.radiolitoral.com\/wp-content\/uploads\/2023\/02\/24143238\/CL-V-RadioLitoral696.png","contentUrl":"https:\/\/media.radiolitoral.com\/wp-content\/uploads\/2023\/02\/24143238\/CL-V-RadioLitoral696.png","width":696,"height":696,"caption":"Radio Litoral"},"image":{"@id":"https:\/\/radiolitoral.com\/#\/schema\/logo\/image\/"},"sameAs":["https:\/\/www.facebook.com\/Laradiolitoral\/"]},{"@type":"Person","@id":"https:\/\/radiolitoral.com\/#\/schema\/person\/7b1480b5caeb5acdd4ec6379caf62b22","name":"Javier Zamora","image":{"@type":"ImageObject","inLanguage":"ca","@id":"https:\/\/secure.gravatar.com\/avatar\/467a11f6918c7d619c4043fc6fa2d3853053107973f05b6e9c04ea6c4e3a7b3f?s=96&d=mm&r=g","url":"https:\/\/secure.gravatar.com\/avatar\/467a11f6918c7d619c4043fc6fa2d3853053107973f05b6e9c04ea6c4e3a7b3f?s=96&d=mm&r=g","contentUrl":"https:\/\/secure.gravatar.com\/avatar\/467a11f6918c7d619c4043fc6fa2d3853053107973f05b6e9c04ea6c4e3a7b3f?s=96&d=mm&r=g","caption":"Javier Zamora"},"url":"https:\/\/radiolitoral.com\/ca\/author\/javier-zamora\/"}]}},"_links":{"self":[{"href":"https:\/\/radiolitoral.com\/ca\/wp-json\/wp\/v2\/posts\/15353","targetHints":{"allow":["GET"]}}],"collection":[{"href":"https:\/\/radiolitoral.com\/ca\/wp-json\/wp\/v2\/posts"}],"about":[{"href":"https:\/\/radiolitoral.com\/ca\/wp-json\/wp\/v2\/types\/post"}],"author":[{"embeddable":true,"href":"https:\/\/radiolitoral.com\/ca\/wp-json\/wp\/v2\/users\/12"}],"replies":[{"embeddable":true,"href":"https:\/\/radiolitoral.com\/ca\/wp-json\/wp\/v2\/comments?post=15353"}],"version-history":[{"count":2,"href":"https:\/\/radiolitoral.com\/ca\/wp-json\/wp\/v2\/posts\/15353\/revisions"}],"predecessor-version":[{"id":15360,"href":"https:\/\/radiolitoral.com\/ca\/wp-json\/wp\/v2\/posts\/15353\/revisions\/15360"}],"wp:featuredmedia":[{"embeddable":true,"href":"https:\/\/radiolitoral.com\/ca\/wp-json\/wp\/v2\/media\/15356"}],"wp:attachment":[{"href":"https:\/\/radiolitoral.com\/ca\/wp-json\/wp\/v2\/media?parent=15353"}],"wp:term":[{"taxonomy":"category","embeddable":true,"href":"https:\/\/radiolitoral.com\/ca\/wp-json\/wp\/v2\/categories?post=15353"},{"taxonomy":"post_tag","embeddable":true,"href":"https:\/\/radiolitoral.com\/ca\/wp-json\/wp\/v2\/tags?post=15353"}],"curies":[{"name":"wp","href":"https:\/\/api.w.org\/{rel}","templated":true}]}}