{"id":15345,"date":"2025-03-03T21:43:41","date_gmt":"2025-03-03T20:43:41","guid":{"rendered":"https:\/\/radiolitoral.com\/?p=15345"},"modified":"2025-03-03T21:43:41","modified_gmt":"2025-03-03T20:43:41","slug":"suspeses-les-classes-a-la-marina-alta-el-dimarts-4-de-marc","status":"publish","type":"post","link":"https:\/\/radiolitoral.com\/ca\/2025\/03\/suspendidas-las-clases-en-la-marina-alta-el-martes-4-de-marzo\/","title":{"rendered":"Suspeses les classes a la Marina Alta, el dimarts 4 de mar\u00e7"},"content":{"rendered":"<p>Els <strong>Ajuntaments de la Marina<\/strong> Alta han decidit <strong>suspendre les classes, les activitats escolars i educatives el dimarts 4 de mar\u00e7,\u00a0<\/strong>despr\u00e9s de decretar-se la situaci\u00f3 0 per inundacions.<\/p>\n<div class=\"\">Aix\u00ed com les activitats esportives, les activitats a l&#039;aire lliure, es tanca la circulaci\u00f3 barrancs, rambles i els seus<\/div>\n<div class=\"\">voltants. Es recomana evitar els despla\u00e7aments i zones inundables.<\/div>\n<div class=\"\"><\/div>\n<p>El <strong>Centre de Coordinaci\u00f3 d&#039;Emerg\u00e8ncies de la Generalitat Valenciana ha establert l&#039;Emerg\u00e8ncia situaci\u00f3 0 per inundacions<\/strong> a tota la prov\u00edncia de Castell\u00f3,<strong> litoral nord d&#039;Alacant (Marina Alta)<\/strong> i en tota la prov\u00edncia de Val\u00e8ncia (aquesta declaraci\u00f3 no modifica la situaci\u00f3 dels municipis declarats en situaci\u00f3 1 i 2 per motiu de la DANA del 29 d&#039;octubre del 2024).<\/p>\n<p>La<strong> situaci\u00f3 0<\/strong> es qualifica quan <strong>\u201cles dades meteorol\u00f2giques i hidrol\u00f2giques permetin preveure la immin\u00e8ncia d&#039;inundacions amb perill per a les persones i els b\u00e9ns<\/strong>. Aquesta situaci\u00f3 comporta la <strong>Alerta Hidrol\u00f2gica<\/strong>, que es realitza quan a trav\u00e9s de les dades de la fase de Seguiment de la preemerg\u00e8ncia, es detectin pluges molt fortes o torrencials i avingudes que fan previsible la inundaci\u00f3, en una o diverses conques, amb perill per a persones i b\u00e9ns.<\/p>\n<p>Entre les recomanacions del 112 de la Comunitat Valenciana figuren el tancament de la circulaci\u00f3 en barrancs, rambles i rodalies; la suspensi\u00f3 de les activitats escolars i educatives, i de les activitats a l&#039;aire lliure. Recomanacions que es mantindran fins a la finalitzaci\u00f3 de la situaci\u00f3 demerg\u00e8ncia declarada.<\/p>","protected":false},"excerpt":{"rendered":"<p>Los Ayuntamientos de la Marina Alta han decidido suspender las clases, las actividades escolares y educativas el martes 4 de marzo,\u00a0tras decretarse la situaci\u00f3n 0 por inundaciones. As\u00ed como\u00a0las actividades deportivas, las actividades al aire libre,\u00a0se cierra la circulaci\u00f3n barrancos, ramblas y sus alrededores. Se recomienda evitar los desplazamientos y las zonas\u00a0inundables. El Centro de [&#8230;]<\/p>\n<p><a class=\"btn btn-secondary understrap-read-more-link\" href=\"https:\/\/radiolitoral.com\/ca\/2025\/03\/suspendidas-las-clases-en-la-marina-alta-el-martes-4-de-marzo\/\">Continua llegint&#8230;<span class=\"screen-reader-text\"> from Suspendidas las clases en la Marina Alta, el martes 4 de marzo<\/span><\/a><\/p>\n","protected":false},"author":13,"featured_media":15346,"comment_status":"open","ping_status":"closed","sticky":false,"template":"","format":"standard","meta":{"_acf_changed":false,"inline_featured_image":false,"footnotes":""},"categories":[223],"tags":[3849,3847,3848,314],"class_list":["post-15345","post","type-post","status-publish","format-standard","has-post-thumbnail","hentry","category-meteorologia","tag-alertas-meteorologicas","tag-avisos-meteorologicos","tag-inundaciones","tag-marina-alta","cobertura-marina-alta"],"acf":[],"yoast_head":"<!-- This site is optimized with the Yoast SEO plugin v27.5 - https:\/\/yoast.com\/product\/yoast-seo-wordpress\/ -->\n<title>Suspendidas las clases en la Marina Alta, el martes 4 de marzo | R\u00e0dio Litoral<\/title>\n<meta name=\"description\" content=\"El Centro de Coordinaci\u00f3n de Emergencias de la Generalitat Valenciana ha establecido la Emergencia situaci\u00f3n 0 por inundaciones El Centro de Coordinaci\u00f3n de Emergencias de la Generalitat Valenciana ha establecido la Emergencia situaci\u00f3n 0 por inundaciones\" \/>\n<meta name=\"robots\" content=\"index, follow, max-snippet:-1, max-image-preview:large, max-video-preview:-1\" \/>\n<link rel=\"canonical\" href=\"https:\/\/radiolitoral.com\/ca\/2025\/03\/suspeses-les-classes-a-la-marina-alta-el-dimarts-4-de-marc\/\" \/>\n<meta property=\"og:locale\" content=\"ca_ES\" \/>\n<meta property=\"og:type\" content=\"article\" \/>\n<meta property=\"og:title\" content=\"Suspendidas las clases en la Marina Alta, el martes 4 de marzo | R\u00e0dio Litoral\" \/>\n<meta property=\"og:description\" content=\"El Centro de Coordinaci\u00f3n de Emergencias de la Generalitat Valenciana ha establecido la Emergencia situaci\u00f3n 0 por inundaciones El Centro de Coordinaci\u00f3n de Emergencias de la Generalitat Valenciana ha establecido la Emergencia situaci\u00f3n 0 por inundaciones\" \/>\n<meta property=\"og:url\" content=\"https:\/\/radiolitoral.com\/ca\/2025\/03\/suspeses-les-classes-a-la-marina-alta-el-dimarts-4-de-marc\/\" \/>\n<meta property=\"og:site_name\" content=\"R\u00e0dio Litoral\" \/>\n<meta property=\"article:publisher\" content=\"https:\/\/www.facebook.com\/Laradiolitoral\/\" \/>\n<meta property=\"article:published_time\" content=\"2025-03-03T20:43:41+00:00\" \/>\n<meta property=\"og:image\" content=\"https:\/\/media.radiolitoral.com\/wp-content\/uploads\/2025\/03\/03214210\/GlIcsU8XsAAedEJ.jpg\" \/>\n\t<meta property=\"og:image:width\" content=\"1045\" \/>\n\t<meta property=\"og:image:height\" content=\"771\" \/>\n\t<meta property=\"og:image:type\" content=\"image\/jpeg\" \/>\n<meta name=\"author\" content=\"Redacci\u00f3n\" \/>\n<meta name=\"twitter:card\" content=\"summary_large_image\" \/>\n<meta name=\"twitter:label1\" content=\"Escrit per\" \/>\n\t<meta name=\"twitter:data1\" content=\"Redacci\u00f3n\" \/>\n\t<meta name=\"twitter:label2\" content=\"Temps estimat de lectura\" \/>\n\t<meta name=\"twitter:data2\" content=\"2 minuts\" \/>\n<script type=\"application\/ld+json\" class=\"yoast-schema-graph\">{\"@context\":\"https:\\\/\\\/schema.org\",\"@graph\":[{\"@type\":\"NewsArticle\",\"@id\":\"https:\\\/\\\/radiolitoral.com\\\/2025\\\/03\\\/suspendidas-las-clases-en-la-marina-alta-el-martes-4-de-marzo\\\/#article\",\"isPartOf\":{\"@id\":\"https:\\\/\\\/radiolitoral.com\\\/2025\\\/03\\\/suspendidas-las-clases-en-la-marina-alta-el-martes-4-de-marzo\\\/\"},\"author\":{\"name\":\"Redacci\u00f3n\",\"@id\":\"https:\\\/\\\/radiolitoral.com\\\/#\\\/schema\\\/person\\\/f2b2343c49b5d721857cc1002bfdb151\"},\"headline\":\"Suspendidas las clases en la Marina Alta, el martes 4 de marzo\",\"datePublished\":\"2025-03-03T20:43:41+00:00\",\"mainEntityOfPage\":{\"@id\":\"https:\\\/\\\/radiolitoral.com\\\/2025\\\/03\\\/suspendidas-las-clases-en-la-marina-alta-el-martes-4-de-marzo\\\/\"},\"wordCount\":261,\"commentCount\":0,\"publisher\":{\"@id\":\"https:\\\/\\\/radiolitoral.com\\\/#organization\"},\"image\":{\"@id\":\"https:\\\/\\\/radiolitoral.com\\\/2025\\\/03\\\/suspendidas-las-clases-en-la-marina-alta-el-martes-4-de-marzo\\\/#primaryimage\"},\"thumbnailUrl\":\"https:\\\/\\\/media.radiolitoral.com\\\/wp-content\\\/uploads\\\/2025\\\/03\\\/03214210\\\/GlIcsU8XsAAedEJ.jpg\",\"keywords\":[\"alertas meteorol\u00f3gicas\",\"avisos meteor\u00f3logicos\",\"inundaciones\",\"Marina Alta\"],\"articleSection\":[\"Meteorolog\u00eda\"],\"inLanguage\":\"ca\",\"potentialAction\":[{\"@type\":\"CommentAction\",\"name\":\"Comment\",\"target\":[\"https:\\\/\\\/radiolitoral.com\\\/2025\\\/03\\\/suspendidas-las-clases-en-la-marina-alta-el-martes-4-de-marzo\\\/#respond\"]}]},{\"@type\":[\"WebPage\",\"ItemPage\"],\"@id\":\"https:\\\/\\\/radiolitoral.com\\\/2025\\\/03\\\/suspendidas-las-clases-en-la-marina-alta-el-martes-4-de-marzo\\\/\",\"url\":\"https:\\\/\\\/radiolitoral.com\\\/2025\\\/03\\\/suspendidas-las-clases-en-la-marina-alta-el-martes-4-de-marzo\\\/\",\"name\":\"Suspendidas las clases en la Marina Alta, el martes 4 de marzo | R\u00e0dio Litoral\",\"isPartOf\":{\"@id\":\"https:\\\/\\\/radiolitoral.com\\\/#website\"},\"primaryImageOfPage\":{\"@id\":\"https:\\\/\\\/radiolitoral.com\\\/2025\\\/03\\\/suspendidas-las-clases-en-la-marina-alta-el-martes-4-de-marzo\\\/#primaryimage\"},\"image\":{\"@id\":\"https:\\\/\\\/radiolitoral.com\\\/2025\\\/03\\\/suspendidas-las-clases-en-la-marina-alta-el-martes-4-de-marzo\\\/#primaryimage\"},\"thumbnailUrl\":\"https:\\\/\\\/media.radiolitoral.com\\\/wp-content\\\/uploads\\\/2025\\\/03\\\/03214210\\\/GlIcsU8XsAAedEJ.jpg\",\"datePublished\":\"2025-03-03T20:43:41+00:00\",\"description\":\"El Centro de Coordinaci\u00f3n de Emergencias de la Generalitat Valenciana ha establecido la Emergencia situaci\u00f3n 0 por inundaciones El Centro de Coordinaci\u00f3n de Emergencias de la Generalitat Valenciana ha establecido la Emergencia situaci\u00f3n 0 por inundaciones\",\"breadcrumb\":{\"@id\":\"https:\\\/\\\/radiolitoral.com\\\/2025\\\/03\\\/suspendidas-las-clases-en-la-marina-alta-el-martes-4-de-marzo\\\/#breadcrumb\"},\"inLanguage\":\"ca\",\"potentialAction\":[{\"@type\":\"ReadAction\",\"target\":[\"https:\\\/\\\/radiolitoral.com\\\/2025\\\/03\\\/suspendidas-las-clases-en-la-marina-alta-el-martes-4-de-marzo\\\/\"]}]},{\"@type\":\"ImageObject\",\"inLanguage\":\"ca\",\"@id\":\"https:\\\/\\\/radiolitoral.com\\\/2025\\\/03\\\/suspendidas-las-clases-en-la-marina-alta-el-martes-4-de-marzo\\\/#primaryimage\",\"url\":\"https:\\\/\\\/media.radiolitoral.com\\\/wp-content\\\/uploads\\\/2025\\\/03\\\/03214210\\\/GlIcsU8XsAAedEJ.jpg\",\"contentUrl\":\"https:\\\/\\\/media.radiolitoral.com\\\/wp-content\\\/uploads\\\/2025\\\/03\\\/03214210\\\/GlIcsU8XsAAedEJ.jpg\",\"width\":1045,\"height\":771},{\"@type\":\"BreadcrumbList\",\"@id\":\"https:\\\/\\\/radiolitoral.com\\\/2025\\\/03\\\/suspendidas-las-clases-en-la-marina-alta-el-martes-4-de-marzo\\\/#breadcrumb\",\"itemListElement\":[{\"@type\":\"ListItem\",\"position\":1,\"name\":\"Portada\",\"item\":\"https:\\\/\\\/radiolitoral.com\\\/\"},{\"@type\":\"ListItem\",\"position\":2,\"name\":\"Suspendidas las clases en la Marina Alta, el martes 4 de marzo\"}]},{\"@type\":\"WebSite\",\"@id\":\"https:\\\/\\\/radiolitoral.com\\\/#website\",\"url\":\"https:\\\/\\\/radiolitoral.com\\\/\",\"name\":\"Radio Litoral\",\"description\":\"La radio local de la Marina Alta\",\"publisher\":{\"@id\":\"https:\\\/\\\/radiolitoral.com\\\/#organization\"},\"alternateName\":\"Litoral FM\",\"potentialAction\":[{\"@type\":\"SearchAction\",\"target\":{\"@type\":\"EntryPoint\",\"urlTemplate\":\"https:\\\/\\\/radiolitoral.com\\\/?s={search_term_string}\"},\"query-input\":{\"@type\":\"PropertyValueSpecification\",\"valueRequired\":true,\"valueName\":\"search_term_string\"}}],\"inLanguage\":\"ca\"},{\"@type\":\"Organization\",\"@id\":\"https:\\\/\\\/radiolitoral.com\\\/#organization\",\"name\":\"Radio Litoral\",\"url\":\"https:\\\/\\\/radiolitoral.com\\\/\",\"logo\":{\"@type\":\"ImageObject\",\"inLanguage\":\"ca\",\"@id\":\"https:\\\/\\\/radiolitoral.com\\\/#\\\/schema\\\/logo\\\/image\\\/\",\"url\":\"https:\\\/\\\/media.radiolitoral.com\\\/wp-content\\\/uploads\\\/2023\\\/02\\\/24143238\\\/CL-V-RadioLitoral696.png\",\"contentUrl\":\"https:\\\/\\\/media.radiolitoral.com\\\/wp-content\\\/uploads\\\/2023\\\/02\\\/24143238\\\/CL-V-RadioLitoral696.png\",\"width\":696,\"height\":696,\"caption\":\"Radio Litoral\"},\"image\":{\"@id\":\"https:\\\/\\\/radiolitoral.com\\\/#\\\/schema\\\/logo\\\/image\\\/\"},\"sameAs\":[\"https:\\\/\\\/www.facebook.com\\\/Laradiolitoral\\\/\"]},{\"@type\":\"Person\",\"@id\":\"https:\\\/\\\/radiolitoral.com\\\/#\\\/schema\\\/person\\\/f2b2343c49b5d721857cc1002bfdb151\",\"name\":\"Redacci\u00f3n\",\"image\":{\"@type\":\"ImageObject\",\"inLanguage\":\"ca\",\"@id\":\"https:\\\/\\\/secure.gravatar.com\\\/avatar\\\/f771d896c203ad8b3382d7905cfcce5a5c9b008b84b3cd9114e9b9f4cb63f789?s=96&d=mm&r=g\",\"url\":\"https:\\\/\\\/secure.gravatar.com\\\/avatar\\\/f771d896c203ad8b3382d7905cfcce5a5c9b008b84b3cd9114e9b9f4cb63f789?s=96&d=mm&r=g\",\"contentUrl\":\"https:\\\/\\\/secure.gravatar.com\\\/avatar\\\/f771d896c203ad8b3382d7905cfcce5a5c9b008b84b3cd9114e9b9f4cb63f789?s=96&d=mm&r=g\",\"caption\":\"Redacci\u00f3n\"},\"url\":\"https:\\\/\\\/radiolitoral.com\\\/ca\\\/author\\\/miriam-pagan\\\/\"}]}<\/script>\n<!-- \/ Yoast SEO plugin. -->","yoast_head_json":{"title":"Suspeses les classes a la Marina Alta, dimarts 4 de mar\u00e7 | R\u00e0dio Litoral","description":"El Centre de Coordinaci\u00f3 d&#039;Emerg\u00e8ncies de la Generalitat Valenciana ha establert l&#039;Emerg\u00e8ncia situaci\u00f3 0 per inundacions El Centre de Coordinaci\u00f3 d&#039;Emerg\u00e8ncies de la Generalitat Valenciana ha establert l&#039;Emerg\u00e8ncia situaci\u00f3 0 per inundacions","robots":{"index":"index","follow":"follow","max-snippet":"max-snippet:-1","max-image-preview":"max-image-preview:large","max-video-preview":"max-video-preview:-1"},"canonical":"https:\/\/radiolitoral.com\/ca\/2025\/03\/suspeses-les-classes-a-la-marina-alta-el-dimarts-4-de-marc\/","og_locale":"ca_ES","og_type":"article","og_title":"Suspendidas las clases en la Marina Alta, el martes 4 de marzo | R\u00e0dio Litoral","og_description":"El Centro de Coordinaci\u00f3n de Emergencias de la Generalitat Valenciana ha establecido la Emergencia situaci\u00f3n 0 por inundaciones El Centro de Coordinaci\u00f3n de Emergencias de la Generalitat Valenciana ha establecido la Emergencia situaci\u00f3n 0 por inundaciones","og_url":"https:\/\/radiolitoral.com\/ca\/2025\/03\/suspeses-les-classes-a-la-marina-alta-el-dimarts-4-de-marc\/","og_site_name":"R\u00e0dio Litoral","article_publisher":"https:\/\/www.facebook.com\/Laradiolitoral\/","article_published_time":"2025-03-03T20:43:41+00:00","og_image":[{"width":1045,"height":771,"url":"https:\/\/media.radiolitoral.com\/wp-content\/uploads\/2025\/03\/03214210\/GlIcsU8XsAAedEJ.jpg","type":"image\/jpeg"}],"author":"Redacci\u00f3n","twitter_card":"summary_large_image","twitter_misc":{"Escrit per":"Redacci\u00f3n","Temps estimat de lectura":"2 minuts"},"schema":{"@context":"https:\/\/schema.org","@graph":[{"@type":"NewsArticle","@id":"https:\/\/radiolitoral.com\/2025\/03\/suspendidas-las-clases-en-la-marina-alta-el-martes-4-de-marzo\/#article","isPartOf":{"@id":"https:\/\/radiolitoral.com\/2025\/03\/suspendidas-las-clases-en-la-marina-alta-el-martes-4-de-marzo\/"},"author":{"name":"Redacci\u00f3n","@id":"https:\/\/radiolitoral.com\/#\/schema\/person\/f2b2343c49b5d721857cc1002bfdb151"},"headline":"Suspendidas las clases en la Marina Alta, el martes 4 de marzo","datePublished":"2025-03-03T20:43:41+00:00","mainEntityOfPage":{"@id":"https:\/\/radiolitoral.com\/2025\/03\/suspendidas-las-clases-en-la-marina-alta-el-martes-4-de-marzo\/"},"wordCount":261,"commentCount":0,"publisher":{"@id":"https:\/\/radiolitoral.com\/#organization"},"image":{"@id":"https:\/\/radiolitoral.com\/2025\/03\/suspendidas-las-clases-en-la-marina-alta-el-martes-4-de-marzo\/#primaryimage"},"thumbnailUrl":"https:\/\/media.radiolitoral.com\/wp-content\/uploads\/2025\/03\/03214210\/GlIcsU8XsAAedEJ.jpg","keywords":["alertas meteorol\u00f3gicas","avisos meteor\u00f3logicos","inundaciones","Marina Alta"],"articleSection":["Meteorolog\u00eda"],"inLanguage":"ca","potentialAction":[{"@type":"CommentAction","name":"Comment","target":["https:\/\/radiolitoral.com\/2025\/03\/suspendidas-las-clases-en-la-marina-alta-el-martes-4-de-marzo\/#respond"]}]},{"@type":["WebPage","ItemPage"],"@id":"https:\/\/radiolitoral.com\/2025\/03\/suspendidas-las-clases-en-la-marina-alta-el-martes-4-de-marzo\/","url":"https:\/\/radiolitoral.com\/2025\/03\/suspendidas-las-clases-en-la-marina-alta-el-martes-4-de-marzo\/","name":"Suspeses les classes a la Marina Alta, dimarts 4 de mar\u00e7 | R\u00e0dio Litoral","isPartOf":{"@id":"https:\/\/radiolitoral.com\/#website"},"primaryImageOfPage":{"@id":"https:\/\/radiolitoral.com\/2025\/03\/suspendidas-las-clases-en-la-marina-alta-el-martes-4-de-marzo\/#primaryimage"},"image":{"@id":"https:\/\/radiolitoral.com\/2025\/03\/suspendidas-las-clases-en-la-marina-alta-el-martes-4-de-marzo\/#primaryimage"},"thumbnailUrl":"https:\/\/media.radiolitoral.com\/wp-content\/uploads\/2025\/03\/03214210\/GlIcsU8XsAAedEJ.jpg","datePublished":"2025-03-03T20:43:41+00:00","description":"El Centre de Coordinaci\u00f3 d&#039;Emerg\u00e8ncies de la Generalitat Valenciana ha establert l&#039;Emerg\u00e8ncia situaci\u00f3 0 per inundacions El Centre de Coordinaci\u00f3 d&#039;Emerg\u00e8ncies de la Generalitat Valenciana ha establert l&#039;Emerg\u00e8ncia situaci\u00f3 0 per inundacions","breadcrumb":{"@id":"https:\/\/radiolitoral.com\/2025\/03\/suspendidas-las-clases-en-la-marina-alta-el-martes-4-de-marzo\/#breadcrumb"},"inLanguage":"ca","potentialAction":[{"@type":"ReadAction","target":["https:\/\/radiolitoral.com\/2025\/03\/suspendidas-las-clases-en-la-marina-alta-el-martes-4-de-marzo\/"]}]},{"@type":"ImageObject","inLanguage":"ca","@id":"https:\/\/radiolitoral.com\/2025\/03\/suspendidas-las-clases-en-la-marina-alta-el-martes-4-de-marzo\/#primaryimage","url":"https:\/\/media.radiolitoral.com\/wp-content\/uploads\/2025\/03\/03214210\/GlIcsU8XsAAedEJ.jpg","contentUrl":"https:\/\/media.radiolitoral.com\/wp-content\/uploads\/2025\/03\/03214210\/GlIcsU8XsAAedEJ.jpg","width":1045,"height":771},{"@type":"BreadcrumbList","@id":"https:\/\/radiolitoral.com\/2025\/03\/suspendidas-las-clases-en-la-marina-alta-el-martes-4-de-marzo\/#breadcrumb","itemListElement":[{"@type":"ListItem","position":1,"name":"Portada","item":"https:\/\/radiolitoral.com\/"},{"@type":"ListItem","position":2,"name":"Suspendidas las clases en la Marina Alta, el martes 4 de marzo"}]},{"@type":"WebSite","@id":"https:\/\/radiolitoral.com\/#website","url":"https:\/\/radiolitoral.com\/","name":"R\u00e0dio Litoral","description":"La r\u00e0dio local de la Marina Alta","publisher":{"@id":"https:\/\/radiolitoral.com\/#organization"},"alternateName":"Litoral FM","potentialAction":[{"@type":"SearchAction","target":{"@type":"EntryPoint","urlTemplate":"https:\/\/radiolitoral.com\/?s={search_term_string}"},"query-input":{"@type":"PropertyValueSpecification","valueRequired":true,"valueName":"search_term_string"}}],"inLanguage":"ca"},{"@type":"Organization","@id":"https:\/\/radiolitoral.com\/#organization","name":"R\u00e0dio Litoral","url":"https:\/\/radiolitoral.com\/","logo":{"@type":"ImageObject","inLanguage":"ca","@id":"https:\/\/radiolitoral.com\/#\/schema\/logo\/image\/","url":"https:\/\/media.radiolitoral.com\/wp-content\/uploads\/2023\/02\/24143238\/CL-V-RadioLitoral696.png","contentUrl":"https:\/\/media.radiolitoral.com\/wp-content\/uploads\/2023\/02\/24143238\/CL-V-RadioLitoral696.png","width":696,"height":696,"caption":"Radio Litoral"},"image":{"@id":"https:\/\/radiolitoral.com\/#\/schema\/logo\/image\/"},"sameAs":["https:\/\/www.facebook.com\/Laradiolitoral\/"]},{"@type":"Person","@id":"https:\/\/radiolitoral.com\/#\/schema\/person\/f2b2343c49b5d721857cc1002bfdb151","name":"Redacci\u00f3","image":{"@type":"ImageObject","inLanguage":"ca","@id":"https:\/\/secure.gravatar.com\/avatar\/f771d896c203ad8b3382d7905cfcce5a5c9b008b84b3cd9114e9b9f4cb63f789?s=96&d=mm&r=g","url":"https:\/\/secure.gravatar.com\/avatar\/f771d896c203ad8b3382d7905cfcce5a5c9b008b84b3cd9114e9b9f4cb63f789?s=96&d=mm&r=g","contentUrl":"https:\/\/secure.gravatar.com\/avatar\/f771d896c203ad8b3382d7905cfcce5a5c9b008b84b3cd9114e9b9f4cb63f789?s=96&d=mm&r=g","caption":"Redacci\u00f3n"},"url":"https:\/\/radiolitoral.com\/ca\/author\/miriam-pagan\/"}]}},"_links":{"self":[{"href":"https:\/\/radiolitoral.com\/ca\/wp-json\/wp\/v2\/posts\/15345","targetHints":{"allow":["GET"]}}],"collection":[{"href":"https:\/\/radiolitoral.com\/ca\/wp-json\/wp\/v2\/posts"}],"about":[{"href":"https:\/\/radiolitoral.com\/ca\/wp-json\/wp\/v2\/types\/post"}],"author":[{"embeddable":true,"href":"https:\/\/radiolitoral.com\/ca\/wp-json\/wp\/v2\/users\/13"}],"replies":[{"embeddable":true,"href":"https:\/\/radiolitoral.com\/ca\/wp-json\/wp\/v2\/comments?post=15345"}],"version-history":[{"count":1,"href":"https:\/\/radiolitoral.com\/ca\/wp-json\/wp\/v2\/posts\/15345\/revisions"}],"predecessor-version":[{"id":15347,"href":"https:\/\/radiolitoral.com\/ca\/wp-json\/wp\/v2\/posts\/15345\/revisions\/15347"}],"wp:featuredmedia":[{"embeddable":true,"href":"https:\/\/radiolitoral.com\/ca\/wp-json\/wp\/v2\/media\/15346"}],"wp:attachment":[{"href":"https:\/\/radiolitoral.com\/ca\/wp-json\/wp\/v2\/media?parent=15345"}],"wp:term":[{"taxonomy":"category","embeddable":true,"href":"https:\/\/radiolitoral.com\/ca\/wp-json\/wp\/v2\/categories?post=15345"},{"taxonomy":"post_tag","embeddable":true,"href":"https:\/\/radiolitoral.com\/ca\/wp-json\/wp\/v2\/tags?post=15345"}],"curies":[{"name":"wp","href":"https:\/\/api.w.org\/{rel}","templated":true}]}}