{"id":15334,"date":"2025-03-03T17:39:24","date_gmt":"2025-03-03T16:39:24","guid":{"rendered":"https:\/\/radiolitoral.com\/?p=15334"},"modified":"2025-03-03T17:39:24","modified_gmt":"2025-03-03T16:39:24","slug":"benitatxell-aposta-per-la-fava-poblera-i-busca-la-seva-proteccio-oficial","status":"publish","type":"post","link":"https:\/\/radiolitoral.com\/ca\/2025\/03\/benitatxell-apuesta-por-la-fava-poblera-y-busca-su-proteccion-oficial\/","title":{"rendered":"Benitatxell aposta per la &#039;fava poblera&#039; i busca la protecci\u00f3 oficial"},"content":{"rendered":"<p data-pm-slice=\"1 1 []\">La &#039;<strong>fava poblera<\/strong>&#039;, un producte amb fort arrelament a <strong>El Poble Nou de Benitatxell<\/strong>, \u00e9s al centre d&#039;un nou impuls municipal que busca assegurar-ne el futur. A trav\u00e9s d&#039;un curs pr\u00e0ctic i la possible inclusi\u00f3 al cat\u00e0leg de varietats aut\u00f2ctones, l&#039;Ajuntament pret\u00e9n revitalitzar-ne el cultiu i consolidar-lo com a part essencial del patrimoni agr\u00edcola local.<\/p>\n<h3><strong>Formaci\u00f3 per a nous i experimentats agricultors<\/strong><\/h3>\n<p>Conscients de la disminuci\u00f3 de la seva producci\u00f3 en els darrers anys, la Regidoria d&#039;Agricultura ha engegat una formaci\u00f3 especialitzada en el cultiu de la fava. Hi agricultors, t\u00e8cnics i ve\u00efns interessats aprenen t\u00e8cniques que van des de la preparaci\u00f3 del s\u00f2l fins a la collita. La iniciativa es duu a terme als horts urbans impulsats el passat any i en parcel\u00b7les privades, amb l&#039;objectiu de garantir una producci\u00f3 <strong>sostenible<\/strong> i respectuosa amb lentorn.<\/p>\n<figure id=\"attachment_15337\" aria-describedby=\"caption-attachment-15337\" style=\"width: 1500px\" class=\"wp-caption aligncenter\"><a href=\"https:\/\/media.radiolitoral.com\/wp-content\/uploads\/2025\/03\/03173333\/fava-poblera-Benitatxell-3.jpeg\"><img loading=\"lazy\" decoding=\"async\" class=\"wp-image-15337 size-full\" src=\"https:\/\/media.radiolitoral.com\/wp-content\/uploads\/2025\/03\/03173333\/fava-poblera-Benitatxell-3.jpeg\" alt=\"\" width=\"1500\" height=\"1125\" srcset=\"https:\/\/media.radiolitoral.com\/wp-content\/uploads\/2025\/03\/03173333\/fava-poblera-Benitatxell-3.jpeg 1500w, https:\/\/media.radiolitoral.com\/wp-content\/uploads\/2025\/03\/03173333\/fava-poblera-Benitatxell-3-300x225.jpeg 300w, https:\/\/media.radiolitoral.com\/wp-content\/uploads\/2025\/03\/03173333\/fava-poblera-Benitatxell-3-1024x768.jpeg 1024w, https:\/\/media.radiolitoral.com\/wp-content\/uploads\/2025\/03\/03173333\/fava-poblera-Benitatxell-3-768x576.jpeg 768w, https:\/\/media.radiolitoral.com\/wp-content\/uploads\/2025\/03\/03173333\/fava-poblera-Benitatxell-3-16x12.jpeg 16w, https:\/\/media.radiolitoral.com\/wp-content\/uploads\/2025\/03\/03173333\/fava-poblera-Benitatxell-3-1000x750.jpeg 1000w, https:\/\/media.radiolitoral.com\/wp-content\/uploads\/2025\/03\/03173333\/fava-poblera-Benitatxell-3-100x75.jpeg 100w, https:\/\/media.radiolitoral.com\/wp-content\/uploads\/2025\/03\/03173333\/fava-poblera-Benitatxell-3-200x150.jpeg 200w\" sizes=\"auto, (max-width: 1500px) 100vw, 1500px\" \/><\/a><figcaption id=\"caption-attachment-15337\" class=\"wp-caption-text\">Un curs pr\u00e0ctic als horts urbans promou el cultiu de la fava poblera | Aj. Benitatxell<\/figcaption><\/figure>\n<p>A m\u00e9s de la part pr\u00e0ctica, experts de la <strong>Estaci\u00f3 Experimental Agr\u00e0ria de Carcaixent<\/strong> han ofert pon\u00e8ncies sobre les caracter\u00edstiques espec\u00edfiques d&#039;aquesta lleguminosa. La seva adaptaci\u00f3 al clima de la zona i el seu valor a la gastronomia local, en plats com l&#039;arr\u00f2s amb fava pel\u00e0, la converteixen en un ingredient clau de la tradici\u00f3 culin\u00e0ria poblera.<\/p>\n<h3><strong>Un reconeixement que garantiria el futur<\/strong><\/h3>\n<p>El seg\u00fcent pas que planteja l&#039;\u00e0rea d&#039;Agricultura \u00e9s la inclusi\u00f3 de la &#039;fava poblera&#039; al <strong>cat\u00e0leg de varietats aut\u00f2ctones<\/strong>. Aquest reconeixement oficial en facilitaria la protecci\u00f3 i contribuiria a fomentar-ne el cultiu a la comarca, assegurant-ne la continu\u00eftat i enfortint-ne la posici\u00f3 dins del sector agroalimentari.<\/p>\n<figure id=\"attachment_15335\" aria-describedby=\"caption-attachment-15335\" style=\"width: 2000px\" class=\"wp-caption aligncenter\"><a href=\"https:\/\/media.radiolitoral.com\/wp-content\/uploads\/2025\/03\/03173324\/fava-poblera-Benitatxell-1.jpeg\"><img loading=\"lazy\" decoding=\"async\" class=\"wp-image-15335 size-full\" src=\"https:\/\/media.radiolitoral.com\/wp-content\/uploads\/2025\/03\/03173324\/fava-poblera-Benitatxell-1.jpeg\" alt=\"\" width=\"2000\" height=\"1500\" srcset=\"https:\/\/media.radiolitoral.com\/wp-content\/uploads\/2025\/03\/03173324\/fava-poblera-Benitatxell-1.jpeg 2000w, https:\/\/media.radiolitoral.com\/wp-content\/uploads\/2025\/03\/03173324\/fava-poblera-Benitatxell-1-300x225.jpeg 300w, https:\/\/media.radiolitoral.com\/wp-content\/uploads\/2025\/03\/03173324\/fava-poblera-Benitatxell-1-1024x768.jpeg 1024w, https:\/\/media.radiolitoral.com\/wp-content\/uploads\/2025\/03\/03173324\/fava-poblera-Benitatxell-1-768x576.jpeg 768w, https:\/\/media.radiolitoral.com\/wp-content\/uploads\/2025\/03\/03173324\/fava-poblera-Benitatxell-1-1536x1152.jpeg 1536w, https:\/\/media.radiolitoral.com\/wp-content\/uploads\/2025\/03\/03173324\/fava-poblera-Benitatxell-1-16x12.jpeg 16w, https:\/\/media.radiolitoral.com\/wp-content\/uploads\/2025\/03\/03173324\/fava-poblera-Benitatxell-1-1000x750.jpeg 1000w, https:\/\/media.radiolitoral.com\/wp-content\/uploads\/2025\/03\/03173324\/fava-poblera-Benitatxell-1-100x75.jpeg 100w, https:\/\/media.radiolitoral.com\/wp-content\/uploads\/2025\/03\/03173324\/fava-poblera-Benitatxell-1-200x150.jpeg 200w\" sizes=\"auto, (max-width: 2000px) 100vw, 2000px\" \/><\/a><figcaption id=\"caption-attachment-15335\" class=\"wp-caption-text\">Curs pr\u00e0ctic sobre la fava poblera | Aj. Benitatxell<\/figcaption><\/figure>\n<p>&nbsp;<\/p>\n<p>El regidor dAgricultura, <strong>Javi Cabrera<\/strong>, ha destacat la rellev\u00e0ncia d\u02bbaquest proc\u00e9s: &quot;Aquest esfor\u00e7 conjunt entre institucions, agricultors i comunitat suposa un pas clau per preservar la identitat agr\u00edcola del nostre poble i revaloritzar un producte que forma part de la nostra cultura gastron\u00f2mica i hist\u00f2rica&quot;. A m\u00e9s, ha subratllat que aquesta iniciativa podria ser el punt de partida per a futures accions de recuperaci\u00f3 i promoci\u00f3 d&#039;altres varietats locals.<\/p>","protected":false},"excerpt":{"rendered":"<p>La \u2018fava poblera\u2019, un producto con fuerte arraigo en El Poble Nou de Benitatxell, est\u00e1 en el centro de un nuevo impulso municipal que busca asegurar su futuro. A trav\u00e9s de un curso pr\u00e1ctico y la posible inclusi\u00f3n en el cat\u00e1logo de variedades aut\u00f3ctonas, el Ayuntamiento pretende revitalizar su cultivo y consolidarlo como parte esencial [&#8230;]<\/p>\n<p><a class=\"btn btn-secondary understrap-read-more-link\" href=\"https:\/\/radiolitoral.com\/ca\/2025\/03\/benitatxell-apuesta-por-la-fava-poblera-y-busca-su-proteccion-oficial\/\">Continua llegint&#8230;<span class=\"screen-reader-text\"> from Benitatxell apuesta por la \u2018fava poblera\u2019 y busca su protecci\u00f3n oficial<\/span><\/a><\/p>\n","protected":false},"author":14,"featured_media":15336,"comment_status":"open","ping_status":"closed","sticky":false,"template":"","format":"standard","meta":{"_acf_changed":false,"inline_featured_image":false,"footnotes":""},"categories":[859],"tags":[268,184,3846,3845],"class_list":["post-15334","post","type-post","status-publish","format-standard","has-post-thumbnail","hentry","category-agricultura-2","tag-agricultura","tag-benitatxell","tag-curso-agricultura","tag-fava-poblera","cobertura-poble-nou-de-benitatxell"],"acf":[],"yoast_head":"<!-- This site is optimized with the Yoast SEO plugin v27.5 - https:\/\/yoast.com\/product\/yoast-seo-wordpress\/ -->\n<title>Benitatxell apuesta por la \u2018fava poblera\u2019 y busca su protecci\u00f3n oficial | R\u00e0dio Litoral<\/title>\n<meta name=\"description\" content=\"Un curso pr\u00e1ctico fomenta su cultivo sostenible y refuerza su valor gastron\u00f3mico\" \/>\n<meta name=\"robots\" content=\"index, follow, max-snippet:-1, max-image-preview:large, max-video-preview:-1\" \/>\n<link rel=\"canonical\" href=\"https:\/\/radiolitoral.com\/ca\/2025\/03\/benitatxell-aposta-per-la-fava-poblera-i-busca-la-seva-proteccio-oficial\/\" \/>\n<meta property=\"og:locale\" content=\"ca_ES\" \/>\n<meta property=\"og:type\" content=\"article\" \/>\n<meta property=\"og:title\" content=\"Benitatxell apuesta por la \u2018fava poblera\u2019 y busca su protecci\u00f3n oficial | R\u00e0dio Litoral\" \/>\n<meta property=\"og:description\" content=\"Un curso pr\u00e1ctico fomenta su cultivo sostenible y refuerza su valor gastron\u00f3mico\" \/>\n<meta property=\"og:url\" content=\"https:\/\/radiolitoral.com\/ca\/2025\/03\/benitatxell-aposta-per-la-fava-poblera-i-busca-la-seva-proteccio-oficial\/\" \/>\n<meta property=\"og:site_name\" content=\"R\u00e0dio Litoral\" \/>\n<meta property=\"article:publisher\" content=\"https:\/\/www.facebook.com\/Laradiolitoral\/\" \/>\n<meta property=\"article:published_time\" content=\"2025-03-03T16:39:24+00:00\" \/>\n<meta property=\"og:image\" content=\"https:\/\/media.radiolitoral.com\/wp-content\/uploads\/2025\/03\/03173329\/fava-poblera-Benitatxell-2.jpeg\" \/>\n\t<meta property=\"og:image:width\" content=\"1200\" \/>\n\t<meta property=\"og:image:height\" content=\"900\" \/>\n\t<meta property=\"og:image:type\" content=\"image\/jpeg\" \/>\n<meta name=\"author\" content=\"Redacci\u00f3n\" \/>\n<meta name=\"twitter:card\" content=\"summary_large_image\" \/>\n<meta name=\"twitter:label1\" content=\"Escrit per\" \/>\n\t<meta name=\"twitter:data1\" content=\"Redacci\u00f3n\" \/>\n\t<meta name=\"twitter:label2\" content=\"Temps estimat de lectura\" \/>\n\t<meta name=\"twitter:data2\" content=\"3 minuts\" \/>\n<script type=\"application\/ld+json\" class=\"yoast-schema-graph\">{\"@context\":\"https:\\\/\\\/schema.org\",\"@graph\":[{\"@type\":\"NewsArticle\",\"@id\":\"https:\\\/\\\/radiolitoral.com\\\/2025\\\/03\\\/benitatxell-apuesta-por-la-fava-poblera-y-busca-su-proteccion-oficial\\\/#article\",\"isPartOf\":{\"@id\":\"https:\\\/\\\/radiolitoral.com\\\/2025\\\/03\\\/benitatxell-apuesta-por-la-fava-poblera-y-busca-su-proteccion-oficial\\\/\"},\"author\":{\"name\":\"Redacci\u00f3n\",\"@id\":\"https:\\\/\\\/radiolitoral.com\\\/#\\\/schema\\\/person\\\/96b739642eb3bedb532aac3812d23307\"},\"headline\":\"Benitatxell apuesta por la \u2018fava poblera\u2019 y busca su protecci\u00f3n oficial\",\"datePublished\":\"2025-03-03T16:39:24+00:00\",\"mainEntityOfPage\":{\"@id\":\"https:\\\/\\\/radiolitoral.com\\\/2025\\\/03\\\/benitatxell-apuesta-por-la-fava-poblera-y-busca-su-proteccion-oficial\\\/\"},\"wordCount\":414,\"commentCount\":0,\"publisher\":{\"@id\":\"https:\\\/\\\/radiolitoral.com\\\/#organization\"},\"image\":{\"@id\":\"https:\\\/\\\/radiolitoral.com\\\/2025\\\/03\\\/benitatxell-apuesta-por-la-fava-poblera-y-busca-su-proteccion-oficial\\\/#primaryimage\"},\"thumbnailUrl\":\"https:\\\/\\\/media.radiolitoral.com\\\/wp-content\\\/uploads\\\/2025\\\/03\\\/03173329\\\/fava-poblera-Benitatxell-2.jpeg\",\"keywords\":[\"agricultura\",\"Benitatxell\",\"curso agricultura\",\"fava poblera\"],\"articleSection\":[\"Agricultura\"],\"inLanguage\":\"ca\",\"potentialAction\":[{\"@type\":\"CommentAction\",\"name\":\"Comment\",\"target\":[\"https:\\\/\\\/radiolitoral.com\\\/2025\\\/03\\\/benitatxell-apuesta-por-la-fava-poblera-y-busca-su-proteccion-oficial\\\/#respond\"]}]},{\"@type\":[\"WebPage\",\"ItemPage\"],\"@id\":\"https:\\\/\\\/radiolitoral.com\\\/2025\\\/03\\\/benitatxell-apuesta-por-la-fava-poblera-y-busca-su-proteccion-oficial\\\/\",\"url\":\"https:\\\/\\\/radiolitoral.com\\\/2025\\\/03\\\/benitatxell-apuesta-por-la-fava-poblera-y-busca-su-proteccion-oficial\\\/\",\"name\":\"Benitatxell apuesta por la \u2018fava poblera\u2019 y busca su protecci\u00f3n oficial | R\u00e0dio Litoral\",\"isPartOf\":{\"@id\":\"https:\\\/\\\/radiolitoral.com\\\/#website\"},\"primaryImageOfPage\":{\"@id\":\"https:\\\/\\\/radiolitoral.com\\\/2025\\\/03\\\/benitatxell-apuesta-por-la-fava-poblera-y-busca-su-proteccion-oficial\\\/#primaryimage\"},\"image\":{\"@id\":\"https:\\\/\\\/radiolitoral.com\\\/2025\\\/03\\\/benitatxell-apuesta-por-la-fava-poblera-y-busca-su-proteccion-oficial\\\/#primaryimage\"},\"thumbnailUrl\":\"https:\\\/\\\/media.radiolitoral.com\\\/wp-content\\\/uploads\\\/2025\\\/03\\\/03173329\\\/fava-poblera-Benitatxell-2.jpeg\",\"datePublished\":\"2025-03-03T16:39:24+00:00\",\"description\":\"Un curso pr\u00e1ctico fomenta su cultivo sostenible y refuerza su valor gastron\u00f3mico\",\"breadcrumb\":{\"@id\":\"https:\\\/\\\/radiolitoral.com\\\/2025\\\/03\\\/benitatxell-apuesta-por-la-fava-poblera-y-busca-su-proteccion-oficial\\\/#breadcrumb\"},\"inLanguage\":\"ca\",\"potentialAction\":[{\"@type\":\"ReadAction\",\"target\":[\"https:\\\/\\\/radiolitoral.com\\\/2025\\\/03\\\/benitatxell-apuesta-por-la-fava-poblera-y-busca-su-proteccion-oficial\\\/\"]}]},{\"@type\":\"ImageObject\",\"inLanguage\":\"ca\",\"@id\":\"https:\\\/\\\/radiolitoral.com\\\/2025\\\/03\\\/benitatxell-apuesta-por-la-fava-poblera-y-busca-su-proteccion-oficial\\\/#primaryimage\",\"url\":\"https:\\\/\\\/media.radiolitoral.com\\\/wp-content\\\/uploads\\\/2025\\\/03\\\/03173329\\\/fava-poblera-Benitatxell-2.jpeg\",\"contentUrl\":\"https:\\\/\\\/media.radiolitoral.com\\\/wp-content\\\/uploads\\\/2025\\\/03\\\/03173329\\\/fava-poblera-Benitatxell-2.jpeg\",\"width\":1200,\"height\":900},{\"@type\":\"BreadcrumbList\",\"@id\":\"https:\\\/\\\/radiolitoral.com\\\/2025\\\/03\\\/benitatxell-apuesta-por-la-fava-poblera-y-busca-su-proteccion-oficial\\\/#breadcrumb\",\"itemListElement\":[{\"@type\":\"ListItem\",\"position\":1,\"name\":\"Portada\",\"item\":\"https:\\\/\\\/radiolitoral.com\\\/\"},{\"@type\":\"ListItem\",\"position\":2,\"name\":\"Benitatxell apuesta por la \u2018fava poblera\u2019 y busca su protecci\u00f3n oficial\"}]},{\"@type\":\"WebSite\",\"@id\":\"https:\\\/\\\/radiolitoral.com\\\/#website\",\"url\":\"https:\\\/\\\/radiolitoral.com\\\/\",\"name\":\"Radio Litoral\",\"description\":\"La radio local de la Marina Alta\",\"publisher\":{\"@id\":\"https:\\\/\\\/radiolitoral.com\\\/#organization\"},\"alternateName\":\"Litoral FM\",\"potentialAction\":[{\"@type\":\"SearchAction\",\"target\":{\"@type\":\"EntryPoint\",\"urlTemplate\":\"https:\\\/\\\/radiolitoral.com\\\/?s={search_term_string}\"},\"query-input\":{\"@type\":\"PropertyValueSpecification\",\"valueRequired\":true,\"valueName\":\"search_term_string\"}}],\"inLanguage\":\"ca\"},{\"@type\":\"Organization\",\"@id\":\"https:\\\/\\\/radiolitoral.com\\\/#organization\",\"name\":\"Radio Litoral\",\"url\":\"https:\\\/\\\/radiolitoral.com\\\/\",\"logo\":{\"@type\":\"ImageObject\",\"inLanguage\":\"ca\",\"@id\":\"https:\\\/\\\/radiolitoral.com\\\/#\\\/schema\\\/logo\\\/image\\\/\",\"url\":\"https:\\\/\\\/media.radiolitoral.com\\\/wp-content\\\/uploads\\\/2023\\\/02\\\/24143238\\\/CL-V-RadioLitoral696.png\",\"contentUrl\":\"https:\\\/\\\/media.radiolitoral.com\\\/wp-content\\\/uploads\\\/2023\\\/02\\\/24143238\\\/CL-V-RadioLitoral696.png\",\"width\":696,\"height\":696,\"caption\":\"Radio Litoral\"},\"image\":{\"@id\":\"https:\\\/\\\/radiolitoral.com\\\/#\\\/schema\\\/logo\\\/image\\\/\"},\"sameAs\":[\"https:\\\/\\\/www.facebook.com\\\/Laradiolitoral\\\/\"]},{\"@type\":\"Person\",\"@id\":\"https:\\\/\\\/radiolitoral.com\\\/#\\\/schema\\\/person\\\/96b739642eb3bedb532aac3812d23307\",\"name\":\"Redacci\u00f3n\",\"image\":{\"@type\":\"ImageObject\",\"inLanguage\":\"ca\",\"@id\":\"https:\\\/\\\/secure.gravatar.com\\\/avatar\\\/30cd06129ee90411dd9c7cbdcf17464181d1a3c7b072e92070ea75a25cf0097e?s=96&d=mm&r=g\",\"url\":\"https:\\\/\\\/secure.gravatar.com\\\/avatar\\\/30cd06129ee90411dd9c7cbdcf17464181d1a3c7b072e92070ea75a25cf0097e?s=96&d=mm&r=g\",\"contentUrl\":\"https:\\\/\\\/secure.gravatar.com\\\/avatar\\\/30cd06129ee90411dd9c7cbdcf17464181d1a3c7b072e92070ea75a25cf0097e?s=96&d=mm&r=g\",\"caption\":\"Redacci\u00f3n\"},\"url\":\"https:\\\/\\\/radiolitoral.com\\\/ca\\\/author\\\/kevin-carrio\\\/\"}]}<\/script>\n<!-- \/ Yoast SEO plugin. -->","yoast_head_json":{"title":"Benitatxell aposta per la &#039;fava poblera&#039; i busca la protecci\u00f3 oficial | R\u00e0dio Litoral","description":"Un curs pr\u00e0ctic en fomenta el cultiu sostenible i en refor\u00e7a el valor gastron\u00f2mic","robots":{"index":"index","follow":"follow","max-snippet":"max-snippet:-1","max-image-preview":"max-image-preview:large","max-video-preview":"max-video-preview:-1"},"canonical":"https:\/\/radiolitoral.com\/ca\/2025\/03\/benitatxell-aposta-per-la-fava-poblera-i-busca-la-seva-proteccio-oficial\/","og_locale":"ca_ES","og_type":"article","og_title":"Benitatxell apuesta por la \u2018fava poblera\u2019 y busca su protecci\u00f3n oficial | R\u00e0dio Litoral","og_description":"Un curso pr\u00e1ctico fomenta su cultivo sostenible y refuerza su valor gastron\u00f3mico","og_url":"https:\/\/radiolitoral.com\/ca\/2025\/03\/benitatxell-aposta-per-la-fava-poblera-i-busca-la-seva-proteccio-oficial\/","og_site_name":"R\u00e0dio Litoral","article_publisher":"https:\/\/www.facebook.com\/Laradiolitoral\/","article_published_time":"2025-03-03T16:39:24+00:00","og_image":[{"width":1200,"height":900,"url":"https:\/\/media.radiolitoral.com\/wp-content\/uploads\/2025\/03\/03173329\/fava-poblera-Benitatxell-2.jpeg","type":"image\/jpeg"}],"author":"Redacci\u00f3n","twitter_card":"summary_large_image","twitter_misc":{"Escrit per":"Redacci\u00f3n","Temps estimat de lectura":"3 minuts"},"schema":{"@context":"https:\/\/schema.org","@graph":[{"@type":"NewsArticle","@id":"https:\/\/radiolitoral.com\/2025\/03\/benitatxell-apuesta-por-la-fava-poblera-y-busca-su-proteccion-oficial\/#article","isPartOf":{"@id":"https:\/\/radiolitoral.com\/2025\/03\/benitatxell-apuesta-por-la-fava-poblera-y-busca-su-proteccion-oficial\/"},"author":{"name":"Redacci\u00f3n","@id":"https:\/\/radiolitoral.com\/#\/schema\/person\/96b739642eb3bedb532aac3812d23307"},"headline":"Benitatxell apuesta por la \u2018fava poblera\u2019 y busca su protecci\u00f3n oficial","datePublished":"2025-03-03T16:39:24+00:00","mainEntityOfPage":{"@id":"https:\/\/radiolitoral.com\/2025\/03\/benitatxell-apuesta-por-la-fava-poblera-y-busca-su-proteccion-oficial\/"},"wordCount":414,"commentCount":0,"publisher":{"@id":"https:\/\/radiolitoral.com\/#organization"},"image":{"@id":"https:\/\/radiolitoral.com\/2025\/03\/benitatxell-apuesta-por-la-fava-poblera-y-busca-su-proteccion-oficial\/#primaryimage"},"thumbnailUrl":"https:\/\/media.radiolitoral.com\/wp-content\/uploads\/2025\/03\/03173329\/fava-poblera-Benitatxell-2.jpeg","keywords":["agricultura","Benitatxell","curso agricultura","fava poblera"],"articleSection":["Agricultura"],"inLanguage":"ca","potentialAction":[{"@type":"CommentAction","name":"Comment","target":["https:\/\/radiolitoral.com\/2025\/03\/benitatxell-apuesta-por-la-fava-poblera-y-busca-su-proteccion-oficial\/#respond"]}]},{"@type":["WebPage","ItemPage"],"@id":"https:\/\/radiolitoral.com\/2025\/03\/benitatxell-apuesta-por-la-fava-poblera-y-busca-su-proteccion-oficial\/","url":"https:\/\/radiolitoral.com\/2025\/03\/benitatxell-apuesta-por-la-fava-poblera-y-busca-su-proteccion-oficial\/","name":"Benitatxell aposta per la &#039;fava poblera&#039; i busca la protecci\u00f3 oficial | R\u00e0dio Litoral","isPartOf":{"@id":"https:\/\/radiolitoral.com\/#website"},"primaryImageOfPage":{"@id":"https:\/\/radiolitoral.com\/2025\/03\/benitatxell-apuesta-por-la-fava-poblera-y-busca-su-proteccion-oficial\/#primaryimage"},"image":{"@id":"https:\/\/radiolitoral.com\/2025\/03\/benitatxell-apuesta-por-la-fava-poblera-y-busca-su-proteccion-oficial\/#primaryimage"},"thumbnailUrl":"https:\/\/media.radiolitoral.com\/wp-content\/uploads\/2025\/03\/03173329\/fava-poblera-Benitatxell-2.jpeg","datePublished":"2025-03-03T16:39:24+00:00","description":"Un curs pr\u00e0ctic en fomenta el cultiu sostenible i en refor\u00e7a el valor gastron\u00f2mic","breadcrumb":{"@id":"https:\/\/radiolitoral.com\/2025\/03\/benitatxell-apuesta-por-la-fava-poblera-y-busca-su-proteccion-oficial\/#breadcrumb"},"inLanguage":"ca","potentialAction":[{"@type":"ReadAction","target":["https:\/\/radiolitoral.com\/2025\/03\/benitatxell-apuesta-por-la-fava-poblera-y-busca-su-proteccion-oficial\/"]}]},{"@type":"ImageObject","inLanguage":"ca","@id":"https:\/\/radiolitoral.com\/2025\/03\/benitatxell-apuesta-por-la-fava-poblera-y-busca-su-proteccion-oficial\/#primaryimage","url":"https:\/\/media.radiolitoral.com\/wp-content\/uploads\/2025\/03\/03173329\/fava-poblera-Benitatxell-2.jpeg","contentUrl":"https:\/\/media.radiolitoral.com\/wp-content\/uploads\/2025\/03\/03173329\/fava-poblera-Benitatxell-2.jpeg","width":1200,"height":900},{"@type":"BreadcrumbList","@id":"https:\/\/radiolitoral.com\/2025\/03\/benitatxell-apuesta-por-la-fava-poblera-y-busca-su-proteccion-oficial\/#breadcrumb","itemListElement":[{"@type":"ListItem","position":1,"name":"Portada","item":"https:\/\/radiolitoral.com\/"},{"@type":"ListItem","position":2,"name":"Benitatxell apuesta por la \u2018fava poblera\u2019 y busca su protecci\u00f3n oficial"}]},{"@type":"WebSite","@id":"https:\/\/radiolitoral.com\/#website","url":"https:\/\/radiolitoral.com\/","name":"R\u00e0dio Litoral","description":"La r\u00e0dio local de la Marina Alta","publisher":{"@id":"https:\/\/radiolitoral.com\/#organization"},"alternateName":"Litoral FM","potentialAction":[{"@type":"SearchAction","target":{"@type":"EntryPoint","urlTemplate":"https:\/\/radiolitoral.com\/?s={search_term_string}"},"query-input":{"@type":"PropertyValueSpecification","valueRequired":true,"valueName":"search_term_string"}}],"inLanguage":"ca"},{"@type":"Organization","@id":"https:\/\/radiolitoral.com\/#organization","name":"R\u00e0dio Litoral","url":"https:\/\/radiolitoral.com\/","logo":{"@type":"ImageObject","inLanguage":"ca","@id":"https:\/\/radiolitoral.com\/#\/schema\/logo\/image\/","url":"https:\/\/media.radiolitoral.com\/wp-content\/uploads\/2023\/02\/24143238\/CL-V-RadioLitoral696.png","contentUrl":"https:\/\/media.radiolitoral.com\/wp-content\/uploads\/2023\/02\/24143238\/CL-V-RadioLitoral696.png","width":696,"height":696,"caption":"Radio Litoral"},"image":{"@id":"https:\/\/radiolitoral.com\/#\/schema\/logo\/image\/"},"sameAs":["https:\/\/www.facebook.com\/Laradiolitoral\/"]},{"@type":"Person","@id":"https:\/\/radiolitoral.com\/#\/schema\/person\/96b739642eb3bedb532aac3812d23307","name":"Redacci\u00f3","image":{"@type":"ImageObject","inLanguage":"ca","@id":"https:\/\/secure.gravatar.com\/avatar\/30cd06129ee90411dd9c7cbdcf17464181d1a3c7b072e92070ea75a25cf0097e?s=96&d=mm&r=g","url":"https:\/\/secure.gravatar.com\/avatar\/30cd06129ee90411dd9c7cbdcf17464181d1a3c7b072e92070ea75a25cf0097e?s=96&d=mm&r=g","contentUrl":"https:\/\/secure.gravatar.com\/avatar\/30cd06129ee90411dd9c7cbdcf17464181d1a3c7b072e92070ea75a25cf0097e?s=96&d=mm&r=g","caption":"Redacci\u00f3n"},"url":"https:\/\/radiolitoral.com\/ca\/author\/kevin-carrio\/"}]}},"_links":{"self":[{"href":"https:\/\/radiolitoral.com\/ca\/wp-json\/wp\/v2\/posts\/15334","targetHints":{"allow":["GET"]}}],"collection":[{"href":"https:\/\/radiolitoral.com\/ca\/wp-json\/wp\/v2\/posts"}],"about":[{"href":"https:\/\/radiolitoral.com\/ca\/wp-json\/wp\/v2\/types\/post"}],"author":[{"embeddable":true,"href":"https:\/\/radiolitoral.com\/ca\/wp-json\/wp\/v2\/users\/14"}],"replies":[{"embeddable":true,"href":"https:\/\/radiolitoral.com\/ca\/wp-json\/wp\/v2\/comments?post=15334"}],"version-history":[{"count":1,"href":"https:\/\/radiolitoral.com\/ca\/wp-json\/wp\/v2\/posts\/15334\/revisions"}],"predecessor-version":[{"id":15338,"href":"https:\/\/radiolitoral.com\/ca\/wp-json\/wp\/v2\/posts\/15334\/revisions\/15338"}],"wp:featuredmedia":[{"embeddable":true,"href":"https:\/\/radiolitoral.com\/ca\/wp-json\/wp\/v2\/media\/15336"}],"wp:attachment":[{"href":"https:\/\/radiolitoral.com\/ca\/wp-json\/wp\/v2\/media?parent=15334"}],"wp:term":[{"taxonomy":"category","embeddable":true,"href":"https:\/\/radiolitoral.com\/ca\/wp-json\/wp\/v2\/categories?post=15334"},{"taxonomy":"post_tag","embeddable":true,"href":"https:\/\/radiolitoral.com\/ca\/wp-json\/wp\/v2\/tags?post=15334"}],"curies":[{"name":"wp","href":"https:\/\/api.w.org\/{rel}","templated":true}]}}