{"id":15310,"date":"2025-03-03T09:52:55","date_gmt":"2025-03-03T08:52:55","guid":{"rendered":"https:\/\/radiolitoral.com\/?p=15310"},"modified":"2025-03-03T10:39:04","modified_gmt":"2025-03-03T09:39:04","slug":"exit-a-la-xii-cursa-popular-de-calp-malgrat-lamenaca-meteorologica","status":"publish","type":"post","link":"https:\/\/radiolitoral.com\/ca\/2025\/03\/exito-en-la-xii-cursa-popular-de-calp-a-pesar-de-la-amenaza-meteorologica\/","title":{"rendered":"\u00c8xit a la XII Cursa Popular de Calp malgrat l&#039;amena\u00e7a meteorol\u00f2gica"},"content":{"rendered":"<p>Calp es va convertir en l&#039;epicentre de l&#039;atletisme popular amb la celebraci\u00f3 de la <strong data-start=\"276\" data-end=\"297\">XII Cursa Popular<\/strong>, segona prova puntuable del <strong data-start=\"328\" data-end=\"357\">Circuit a Peu Marina Alta<\/strong>. Tot i la incertesa generada per les alertes meteorol\u00f2giques, la prova organitzada pel <strong data-start=\"456\" data-end=\"487\">Club d&#039;Atletisme Irun Calp<\/strong>, en col\u00b7laboraci\u00f3 amb l&#039;Ajuntament calp\u00ed i la seva regidoria d&#039;esports, es va desenvolupar amb total normalitat i va reunir m\u00e9s de <strong data-start=\"615\" data-end=\"638\">1.200 participants<\/strong> entre la cursa reina i les categories infantils.<\/p>\n<h4>Podis Absoluts<\/h4>\n<p>L&#039;atleta del <strong>CE<\/strong> <strong data-start=\"766\" data-end=\"783\">Llebeig X\u00e0bia<\/strong>, <strong data-start=\"785\" data-end=\"809\">Jos\u00e9 Manuel Garc\u00eda Barrag\u00e1n<\/strong>, es va proclamar vencedor absolut despr\u00e9s de completar el recorregut en <strong data-start=\"872\" data-end=\"900\">30 minuts i 32 segons<\/strong>, a un ritme vertigin\u00f3s de <strong data-start=\"928\" data-end=\"938\">3:17\/K<\/strong>. En segon lloc va arribar <strong data-start=\"963\" data-end=\"980\">Igor Si\u00f3dmiak<\/strong> (7Pro Si\u00f3dmiak Team), amb un temps de <strong data-start=\"1020\" data-end=\"1030\">30&#039;50\u00bb<\/strong> i un ritme de <strong data-start=\"1045\" data-end=\"1055\">3:19\/K<\/strong>, seguit de <strong data-start=\"1068\" data-end=\"1088\">Juanan Fern\u00e1ndez<\/strong> (CA Benidorm), qui va tancar el podi mascul\u00ed amb <strong data-start=\"1139\" data-end=\"1149\">30&#039;59\u00bb<\/strong> a <strong data-start=\"1152\" data-end=\"1162\">3:20\/K<\/strong>.<\/p>\n<p>A la categoria femenina, la incombustible <strong data-start=\"1283\" data-end=\"1306\">Maria Isabel Ferrer<\/strong> va tornar a demostrar el seu domini al Circuit a Peu, creuant la meta a <strong data-start=\"1378\" data-end=\"1388\">33&#039;43\u00bb<\/strong> i aconseguint la seva <strong data-start=\"1403\" data-end=\"1432\">segona vict\u00f2ria absoluta<\/strong> a la competici\u00f3. <strong data-start=\"1452\" data-end=\"1472\">Cristina Rosell\u00f3<\/strong> (CA Publidom) va ser segona amb <strong data-start=\"1503\" data-end=\"1513\">35&#039;10\u00bb<\/strong>, mentre que <strong data-start=\"1528\" data-end=\"1546\">Irina Lumanova<\/strong> (CA Altea) va completar el podi amb <strong data-start=\"1580\" data-end=\"1590\">35&#039;51\u00bb.<\/strong><\/p>\n<figure id=\"attachment_15312\" aria-describedby=\"caption-attachment-15312\" style=\"width: 2560px\" class=\"wp-caption alignnone\"><img loading=\"lazy\" decoding=\"async\" class=\"wp-image-15312 size-full\" src=\"https:\/\/media.radiolitoral.com\/wp-content\/uploads\/2025\/03\/03095139\/PODI-ABSOLUT-FEMENI-CALP-2025-scaled.jpg\" alt=\"\" width=\"2560\" height=\"1707\" srcset=\"https:\/\/media.radiolitoral.com\/wp-content\/uploads\/2025\/03\/03095139\/PODI-ABSOLUT-FEMENI-CALP-2025-scaled.jpg 2560w, https:\/\/media.radiolitoral.com\/wp-content\/uploads\/2025\/03\/03095139\/PODI-ABSOLUT-FEMENI-CALP-2025-300x200.jpg 300w, https:\/\/media.radiolitoral.com\/wp-content\/uploads\/2025\/03\/03095139\/PODI-ABSOLUT-FEMENI-CALP-2025-1024x683.jpg 1024w, https:\/\/media.radiolitoral.com\/wp-content\/uploads\/2025\/03\/03095139\/PODI-ABSOLUT-FEMENI-CALP-2025-768x512.jpg 768w, https:\/\/media.radiolitoral.com\/wp-content\/uploads\/2025\/03\/03095139\/PODI-ABSOLUT-FEMENI-CALP-2025-1536x1024.jpg 1536w, https:\/\/media.radiolitoral.com\/wp-content\/uploads\/2025\/03\/03095139\/PODI-ABSOLUT-FEMENI-CALP-2025-2048x1365.jpg 2048w, https:\/\/media.radiolitoral.com\/wp-content\/uploads\/2025\/03\/03095139\/PODI-ABSOLUT-FEMENI-CALP-2025-18x12.jpg 18w, https:\/\/media.radiolitoral.com\/wp-content\/uploads\/2025\/03\/03095139\/PODI-ABSOLUT-FEMENI-CALP-2025-1000x667.jpg 1000w, https:\/\/media.radiolitoral.com\/wp-content\/uploads\/2025\/03\/03095139\/PODI-ABSOLUT-FEMENI-CALP-2025-100x67.jpg 100w, https:\/\/media.radiolitoral.com\/wp-content\/uploads\/2025\/03\/03095139\/PODI-ABSOLUT-FEMENI-CALP-2025-200x133.jpg 200w\" sizes=\"auto, (max-width: 2560px) 100vw, 2560px\" \/><figcaption id=\"caption-attachment-15312\" class=\"wp-caption-text\">Podi Absoluts Femen\u00ed | K. Aracil<\/figcaption><\/figure>\n<h4>Podis locals<\/h4>\n<p>A la categoria local femenina, les tres primeres van ser <strong data-start=\"1699\" data-end=\"1755\">Jessica Mu\u00f1oz, Sarah Melissa de Jonghe i Silvia Sanz<\/strong>, mentre que a la masculina es van imposar <strong data-start=\"1800\" data-end=\"1860\">Francisco Jos\u00e9 Barba, Jos\u00e9 Luis Fern\u00e1ndez i Marcus Jones<\/strong>.<\/p>\n<p>Despr\u00e9s del lliurament de premis, la jornada va continuar amb les curses de les categories inferiors, des de barrufets fins a juvenils, consolidant un esdeveniment esportiu que segueix creixent i oferint espectacle a cada edici\u00f3.<\/p>\n<p><script src=\"chrome-extension:\/\/flbolonkboilcbnohjlchlfgdalomdpl\/iFrame.js\" type=\"text\/javascript\"><\/script><\/p>\n<p><script src=\"chrome-extension:\/\/flbolonkboilcbnohjlchlfgdalomdpl\/iFrame.js\" type=\"text\/javascript\"><\/script><\/p>","protected":false},"excerpt":{"rendered":"<p>Calp se convirti\u00f3 en el epicentro del atletismo popular con la celebraci\u00f3n de la XII Cursa Popular, segunda prueba puntuable del Circuit a Peu Marina Alta. A pesar de la incertidumbre generada por las alertas meteorol\u00f3gicas, la prueba organizada por el Club de Atletismo Irun Calp, en colaboraci\u00f3n con el Ayuntamiento calpino y su concejal\u00eda [&#8230;]<\/p>\n<p><a class=\"btn btn-secondary understrap-read-more-link\" href=\"https:\/\/radiolitoral.com\/ca\/2025\/03\/exito-en-la-xii-cursa-popular-de-calp-a-pesar-de-la-amenaza-meteorologica\/\">Continua llegint&#8230;<span class=\"screen-reader-text\"> from \u00c9xito en la XII Cursa Popular de Calp a pesar de la amenaza meteorol\u00f3gica<\/span><\/a><\/p>\n","protected":false},"author":12,"featured_media":15311,"comment_status":"open","ping_status":"closed","sticky":false,"template":"","format":"standard","meta":{"_acf_changed":false,"inline_featured_image":false,"footnotes":""},"categories":[5],"tags":[1213,922,3833,1045,6,3839,3834,3835,3836,3840,1407,1291,3841,1043,3837,3838],"class_list":["post-15310","post","type-post","status-publish","format-standard","has-post-thumbnail","hentry","category-deportes","tag-ce-llebeig-xabia","tag-circuit-a-peu-marina-alta","tag-club-de-atletismo-irun-calp","tag-cristina-rosello","tag-deportes","tag-francisco-jose-barba","tag-igor-siodmiak","tag-irina-lumanova","tag-jessica-munoz","tag-jose-luis-fernandez","tag-jose-manuel-garcia-barragan","tag-juanan-fernandez","tag-marcus-jones","tag-maria-isabel-ferrer","tag-sarah-melissa-de-jonghe","tag-silvia-sanz","cobertura-calp"],"acf":[],"yoast_head":"<!-- This site is optimized with the Yoast SEO plugin v27.5 - https:\/\/yoast.com\/product\/yoast-seo-wordpress\/ -->\n<title>\u00c9xito en la XII Cursa Popular de Calp a pesar de la amenaza meteorol\u00f3gica | R\u00e0dio Litoral<\/title>\n<meta name=\"description\" content=\"Jos\u00e9 Manuel Garc\u00eda Barrag\u00e1n y M\u00aa Isabel Ferrer vencedores absolutos en una carrera que cont\u00f3 con 1.200 participantes Jos\u00e9 Manuel Garc\u00eda Barrag\u00e1n y M\u00aa Isabel Ferrer impusieron su ley en una carrera que cont\u00f3 con 1.200 participantes\" \/>\n<meta name=\"robots\" content=\"index, follow, max-snippet:-1, max-image-preview:large, max-video-preview:-1\" \/>\n<link rel=\"canonical\" href=\"https:\/\/radiolitoral.com\/ca\/2025\/03\/exit-a-la-xii-cursa-popular-de-calp-malgrat-lamenaca-meteorologica\/\" \/>\n<meta property=\"og:locale\" content=\"ca_ES\" \/>\n<meta property=\"og:type\" content=\"article\" \/>\n<meta property=\"og:title\" content=\"\u00c9xito en la XII Cursa Popular de Calp a pesar de la amenaza meteorol\u00f3gica | R\u00e0dio Litoral\" \/>\n<meta property=\"og:description\" content=\"Jos\u00e9 Manuel Garc\u00eda Barrag\u00e1n y M\u00aa Isabel Ferrer vencedores absolutos en una carrera que cont\u00f3 con 1.200 participantes Jos\u00e9 Manuel Garc\u00eda Barrag\u00e1n y M\u00aa Isabel Ferrer impusieron su ley en una carrera que cont\u00f3 con 1.200 participantes\" \/>\n<meta property=\"og:url\" content=\"https:\/\/radiolitoral.com\/ca\/2025\/03\/exit-a-la-xii-cursa-popular-de-calp-malgrat-lamenaca-meteorologica\/\" \/>\n<meta property=\"og:site_name\" content=\"R\u00e0dio Litoral\" \/>\n<meta property=\"article:publisher\" content=\"https:\/\/www.facebook.com\/Laradiolitoral\/\" \/>\n<meta property=\"article:published_time\" content=\"2025-03-03T08:52:55+00:00\" \/>\n<meta property=\"article:modified_time\" content=\"2025-03-03T09:39:04+00:00\" \/>\n<meta property=\"og:image\" content=\"https:\/\/media.radiolitoral.com\/wp-content\/uploads\/2025\/03\/03095113\/PODI-ABSOLUT-CALP-2025-scaled.jpg\" \/>\n\t<meta property=\"og:image:width\" content=\"2560\" \/>\n\t<meta property=\"og:image:height\" content=\"1707\" \/>\n\t<meta property=\"og:image:type\" content=\"image\/jpeg\" \/>\n<meta name=\"author\" content=\"Javier Zamora\" \/>\n<meta name=\"twitter:card\" content=\"summary_large_image\" \/>\n<meta name=\"twitter:label1\" content=\"Escrit per\" \/>\n\t<meta name=\"twitter:data1\" content=\"Javier Zamora\" \/>\n\t<meta name=\"twitter:label2\" content=\"Temps estimat de lectura\" \/>\n\t<meta name=\"twitter:data2\" content=\"2 minuts\" \/>\n<script type=\"application\/ld+json\" class=\"yoast-schema-graph\">{\"@context\":\"https:\\\/\\\/schema.org\",\"@graph\":[{\"@type\":\"NewsArticle\",\"@id\":\"https:\\\/\\\/radiolitoral.com\\\/2025\\\/03\\\/exito-en-la-xii-cursa-popular-de-calp-a-pesar-de-la-amenaza-meteorologica\\\/#article\",\"isPartOf\":{\"@id\":\"https:\\\/\\\/radiolitoral.com\\\/2025\\\/03\\\/exito-en-la-xii-cursa-popular-de-calp-a-pesar-de-la-amenaza-meteorologica\\\/\"},\"author\":{\"name\":\"Javier Zamora\",\"@id\":\"https:\\\/\\\/radiolitoral.com\\\/#\\\/schema\\\/person\\\/7b1480b5caeb5acdd4ec6379caf62b22\"},\"headline\":\"\u00c9xito en la XII Cursa Popular de Calp a pesar de la amenaza meteorol\u00f3gica\",\"datePublished\":\"2025-03-03T08:52:55+00:00\",\"dateModified\":\"2025-03-03T09:39:04+00:00\",\"mainEntityOfPage\":{\"@id\":\"https:\\\/\\\/radiolitoral.com\\\/2025\\\/03\\\/exito-en-la-xii-cursa-popular-de-calp-a-pesar-de-la-amenaza-meteorologica\\\/\"},\"wordCount\":303,\"commentCount\":0,\"publisher\":{\"@id\":\"https:\\\/\\\/radiolitoral.com\\\/#organization\"},\"image\":{\"@id\":\"https:\\\/\\\/radiolitoral.com\\\/2025\\\/03\\\/exito-en-la-xii-cursa-popular-de-calp-a-pesar-de-la-amenaza-meteorologica\\\/#primaryimage\"},\"thumbnailUrl\":\"https:\\\/\\\/media.radiolitoral.com\\\/wp-content\\\/uploads\\\/2025\\\/03\\\/03095113\\\/PODI-ABSOLUT-CALP-2025-scaled.jpg\",\"keywords\":[\"CE Llebeig X\u00e1bia\",\"Circuit a Peu Marina Alta\",\"Club de Atletismo Irun Calp\",\"Cristina Rosell\u00f3\",\"deportes\",\"Francisco Jos\u00e9 Barba\",\"Igor Si\u00f3dmiak\",\"Irina Lumanova\",\"Jessica Mu\u00f1oz\",\"Jos\u00e9 Luis Fern\u00e1ndez\",\"Jos\u00e9 Manuel Garc\u00eda Barrag\u00e1n\",\"Juanan Fern\u00e1ndez\",\"Marcus Jones\",\"Mar\u00eda Isabel Ferrer\",\"Sarah Melissa de Jonghe\",\"Silvia Sanz\"],\"articleSection\":[\"Deportes\"],\"inLanguage\":\"ca\",\"potentialAction\":[{\"@type\":\"CommentAction\",\"name\":\"Comment\",\"target\":[\"https:\\\/\\\/radiolitoral.com\\\/2025\\\/03\\\/exito-en-la-xii-cursa-popular-de-calp-a-pesar-de-la-amenaza-meteorologica\\\/#respond\"]}]},{\"@type\":[\"WebPage\",\"ItemPage\"],\"@id\":\"https:\\\/\\\/radiolitoral.com\\\/2025\\\/03\\\/exito-en-la-xii-cursa-popular-de-calp-a-pesar-de-la-amenaza-meteorologica\\\/\",\"url\":\"https:\\\/\\\/radiolitoral.com\\\/2025\\\/03\\\/exito-en-la-xii-cursa-popular-de-calp-a-pesar-de-la-amenaza-meteorologica\\\/\",\"name\":\"\u00c9xito en la XII Cursa Popular de Calp a pesar de la amenaza meteorol\u00f3gica | R\u00e0dio Litoral\",\"isPartOf\":{\"@id\":\"https:\\\/\\\/radiolitoral.com\\\/#website\"},\"primaryImageOfPage\":{\"@id\":\"https:\\\/\\\/radiolitoral.com\\\/2025\\\/03\\\/exito-en-la-xii-cursa-popular-de-calp-a-pesar-de-la-amenaza-meteorologica\\\/#primaryimage\"},\"image\":{\"@id\":\"https:\\\/\\\/radiolitoral.com\\\/2025\\\/03\\\/exito-en-la-xii-cursa-popular-de-calp-a-pesar-de-la-amenaza-meteorologica\\\/#primaryimage\"},\"thumbnailUrl\":\"https:\\\/\\\/media.radiolitoral.com\\\/wp-content\\\/uploads\\\/2025\\\/03\\\/03095113\\\/PODI-ABSOLUT-CALP-2025-scaled.jpg\",\"datePublished\":\"2025-03-03T08:52:55+00:00\",\"dateModified\":\"2025-03-03T09:39:04+00:00\",\"description\":\"Jos\u00e9 Manuel Garc\u00eda Barrag\u00e1n y M\u00aa Isabel Ferrer vencedores absolutos en una carrera que cont\u00f3 con 1.200 participantes Jos\u00e9 Manuel Garc\u00eda Barrag\u00e1n y M\u00aa Isabel Ferrer impusieron su ley en una carrera que cont\u00f3 con 1.200 participantes\",\"breadcrumb\":{\"@id\":\"https:\\\/\\\/radiolitoral.com\\\/2025\\\/03\\\/exito-en-la-xii-cursa-popular-de-calp-a-pesar-de-la-amenaza-meteorologica\\\/#breadcrumb\"},\"inLanguage\":\"ca\",\"potentialAction\":[{\"@type\":\"ReadAction\",\"target\":[\"https:\\\/\\\/radiolitoral.com\\\/2025\\\/03\\\/exito-en-la-xii-cursa-popular-de-calp-a-pesar-de-la-amenaza-meteorologica\\\/\"]}]},{\"@type\":\"ImageObject\",\"inLanguage\":\"ca\",\"@id\":\"https:\\\/\\\/radiolitoral.com\\\/2025\\\/03\\\/exito-en-la-xii-cursa-popular-de-calp-a-pesar-de-la-amenaza-meteorologica\\\/#primaryimage\",\"url\":\"https:\\\/\\\/media.radiolitoral.com\\\/wp-content\\\/uploads\\\/2025\\\/03\\\/03095113\\\/PODI-ABSOLUT-CALP-2025-scaled.jpg\",\"contentUrl\":\"https:\\\/\\\/media.radiolitoral.com\\\/wp-content\\\/uploads\\\/2025\\\/03\\\/03095113\\\/PODI-ABSOLUT-CALP-2025-scaled.jpg\",\"width\":2560,\"height\":1707},{\"@type\":\"BreadcrumbList\",\"@id\":\"https:\\\/\\\/radiolitoral.com\\\/2025\\\/03\\\/exito-en-la-xii-cursa-popular-de-calp-a-pesar-de-la-amenaza-meteorologica\\\/#breadcrumb\",\"itemListElement\":[{\"@type\":\"ListItem\",\"position\":1,\"name\":\"Portada\",\"item\":\"https:\\\/\\\/radiolitoral.com\\\/\"},{\"@type\":\"ListItem\",\"position\":2,\"name\":\"\u00c9xito en la XII Cursa Popular de Calp a pesar de la amenaza meteorol\u00f3gica\"}]},{\"@type\":\"WebSite\",\"@id\":\"https:\\\/\\\/radiolitoral.com\\\/#website\",\"url\":\"https:\\\/\\\/radiolitoral.com\\\/\",\"name\":\"Radio Litoral\",\"description\":\"La radio local de la Marina Alta\",\"publisher\":{\"@id\":\"https:\\\/\\\/radiolitoral.com\\\/#organization\"},\"alternateName\":\"Litoral FM\",\"potentialAction\":[{\"@type\":\"SearchAction\",\"target\":{\"@type\":\"EntryPoint\",\"urlTemplate\":\"https:\\\/\\\/radiolitoral.com\\\/?s={search_term_string}\"},\"query-input\":{\"@type\":\"PropertyValueSpecification\",\"valueRequired\":true,\"valueName\":\"search_term_string\"}}],\"inLanguage\":\"ca\"},{\"@type\":\"Organization\",\"@id\":\"https:\\\/\\\/radiolitoral.com\\\/#organization\",\"name\":\"Radio Litoral\",\"url\":\"https:\\\/\\\/radiolitoral.com\\\/\",\"logo\":{\"@type\":\"ImageObject\",\"inLanguage\":\"ca\",\"@id\":\"https:\\\/\\\/radiolitoral.com\\\/#\\\/schema\\\/logo\\\/image\\\/\",\"url\":\"https:\\\/\\\/media.radiolitoral.com\\\/wp-content\\\/uploads\\\/2023\\\/02\\\/24143238\\\/CL-V-RadioLitoral696.png\",\"contentUrl\":\"https:\\\/\\\/media.radiolitoral.com\\\/wp-content\\\/uploads\\\/2023\\\/02\\\/24143238\\\/CL-V-RadioLitoral696.png\",\"width\":696,\"height\":696,\"caption\":\"Radio Litoral\"},\"image\":{\"@id\":\"https:\\\/\\\/radiolitoral.com\\\/#\\\/schema\\\/logo\\\/image\\\/\"},\"sameAs\":[\"https:\\\/\\\/www.facebook.com\\\/Laradiolitoral\\\/\"]},{\"@type\":\"Person\",\"@id\":\"https:\\\/\\\/radiolitoral.com\\\/#\\\/schema\\\/person\\\/7b1480b5caeb5acdd4ec6379caf62b22\",\"name\":\"Javier Zamora\",\"image\":{\"@type\":\"ImageObject\",\"inLanguage\":\"ca\",\"@id\":\"https:\\\/\\\/secure.gravatar.com\\\/avatar\\\/467a11f6918c7d619c4043fc6fa2d3853053107973f05b6e9c04ea6c4e3a7b3f?s=96&d=mm&r=g\",\"url\":\"https:\\\/\\\/secure.gravatar.com\\\/avatar\\\/467a11f6918c7d619c4043fc6fa2d3853053107973f05b6e9c04ea6c4e3a7b3f?s=96&d=mm&r=g\",\"contentUrl\":\"https:\\\/\\\/secure.gravatar.com\\\/avatar\\\/467a11f6918c7d619c4043fc6fa2d3853053107973f05b6e9c04ea6c4e3a7b3f?s=96&d=mm&r=g\",\"caption\":\"Javier Zamora\"},\"url\":\"https:\\\/\\\/radiolitoral.com\\\/ca\\\/author\\\/javier-zamora\\\/\"}]}<\/script>\n<!-- \/ Yoast SEO plugin. -->","yoast_head_json":{"title":"\u00c8xit a la XII Cursa Popular de Calp malgrat l&#039;amena\u00e7a meteorol\u00f2gica | R\u00e0dio Litoral","description":"Jos\u00e9 Manuel Garc\u00eda Barrag\u00e1n i M\u00aa Isabel Ferrer vencedors absoluts en una cursa que va comptar amb 1.200 participants Jos\u00e9 Manuel Garc\u00eda Barrag\u00e1n i M\u00aa Isabel Ferrer van imposar la seva llei en una carrera que va comptar amb 1.200 participants","robots":{"index":"index","follow":"follow","max-snippet":"max-snippet:-1","max-image-preview":"max-image-preview:large","max-video-preview":"max-video-preview:-1"},"canonical":"https:\/\/radiolitoral.com\/ca\/2025\/03\/exit-a-la-xii-cursa-popular-de-calp-malgrat-lamenaca-meteorologica\/","og_locale":"ca_ES","og_type":"article","og_title":"\u00c9xito en la XII Cursa Popular de Calp a pesar de la amenaza meteorol\u00f3gica | R\u00e0dio Litoral","og_description":"Jos\u00e9 Manuel Garc\u00eda Barrag\u00e1n y M\u00aa Isabel Ferrer vencedores absolutos en una carrera que cont\u00f3 con 1.200 participantes Jos\u00e9 Manuel Garc\u00eda Barrag\u00e1n y M\u00aa Isabel Ferrer impusieron su ley en una carrera que cont\u00f3 con 1.200 participantes","og_url":"https:\/\/radiolitoral.com\/ca\/2025\/03\/exit-a-la-xii-cursa-popular-de-calp-malgrat-lamenaca-meteorologica\/","og_site_name":"R\u00e0dio Litoral","article_publisher":"https:\/\/www.facebook.com\/Laradiolitoral\/","article_published_time":"2025-03-03T08:52:55+00:00","article_modified_time":"2025-03-03T09:39:04+00:00","og_image":[{"width":2560,"height":1707,"url":"https:\/\/media.radiolitoral.com\/wp-content\/uploads\/2025\/03\/03095113\/PODI-ABSOLUT-CALP-2025-scaled.jpg","type":"image\/jpeg"}],"author":"Javier Zamora","twitter_card":"summary_large_image","twitter_misc":{"Escrit per":"Javier Zamora","Temps estimat de lectura":"2 minuts"},"schema":{"@context":"https:\/\/schema.org","@graph":[{"@type":"NewsArticle","@id":"https:\/\/radiolitoral.com\/2025\/03\/exito-en-la-xii-cursa-popular-de-calp-a-pesar-de-la-amenaza-meteorologica\/#article","isPartOf":{"@id":"https:\/\/radiolitoral.com\/2025\/03\/exito-en-la-xii-cursa-popular-de-calp-a-pesar-de-la-amenaza-meteorologica\/"},"author":{"name":"Javier Zamora","@id":"https:\/\/radiolitoral.com\/#\/schema\/person\/7b1480b5caeb5acdd4ec6379caf62b22"},"headline":"\u00c9xito en la XII Cursa Popular de Calp a pesar de la amenaza meteorol\u00f3gica","datePublished":"2025-03-03T08:52:55+00:00","dateModified":"2025-03-03T09:39:04+00:00","mainEntityOfPage":{"@id":"https:\/\/radiolitoral.com\/2025\/03\/exito-en-la-xii-cursa-popular-de-calp-a-pesar-de-la-amenaza-meteorologica\/"},"wordCount":303,"commentCount":0,"publisher":{"@id":"https:\/\/radiolitoral.com\/#organization"},"image":{"@id":"https:\/\/radiolitoral.com\/2025\/03\/exito-en-la-xii-cursa-popular-de-calp-a-pesar-de-la-amenaza-meteorologica\/#primaryimage"},"thumbnailUrl":"https:\/\/media.radiolitoral.com\/wp-content\/uploads\/2025\/03\/03095113\/PODI-ABSOLUT-CALP-2025-scaled.jpg","keywords":["CE Llebeig X\u00e1bia","Circuit a Peu Marina Alta","Club de Atletismo Irun Calp","Cristina Rosell\u00f3","deportes","Francisco Jos\u00e9 Barba","Igor Si\u00f3dmiak","Irina Lumanova","Jessica Mu\u00f1oz","Jos\u00e9 Luis Fern\u00e1ndez","Jos\u00e9 Manuel Garc\u00eda Barrag\u00e1n","Juanan Fern\u00e1ndez","Marcus Jones","Mar\u00eda Isabel Ferrer","Sarah Melissa de Jonghe","Silvia Sanz"],"articleSection":["Deportes"],"inLanguage":"ca","potentialAction":[{"@type":"CommentAction","name":"Comment","target":["https:\/\/radiolitoral.com\/2025\/03\/exito-en-la-xii-cursa-popular-de-calp-a-pesar-de-la-amenaza-meteorologica\/#respond"]}]},{"@type":["WebPage","ItemPage"],"@id":"https:\/\/radiolitoral.com\/2025\/03\/exito-en-la-xii-cursa-popular-de-calp-a-pesar-de-la-amenaza-meteorologica\/","url":"https:\/\/radiolitoral.com\/2025\/03\/exito-en-la-xii-cursa-popular-de-calp-a-pesar-de-la-amenaza-meteorologica\/","name":"\u00c8xit a la XII Cursa Popular de Calp malgrat l&#039;amena\u00e7a meteorol\u00f2gica | R\u00e0dio Litoral","isPartOf":{"@id":"https:\/\/radiolitoral.com\/#website"},"primaryImageOfPage":{"@id":"https:\/\/radiolitoral.com\/2025\/03\/exito-en-la-xii-cursa-popular-de-calp-a-pesar-de-la-amenaza-meteorologica\/#primaryimage"},"image":{"@id":"https:\/\/radiolitoral.com\/2025\/03\/exito-en-la-xii-cursa-popular-de-calp-a-pesar-de-la-amenaza-meteorologica\/#primaryimage"},"thumbnailUrl":"https:\/\/media.radiolitoral.com\/wp-content\/uploads\/2025\/03\/03095113\/PODI-ABSOLUT-CALP-2025-scaled.jpg","datePublished":"2025-03-03T08:52:55+00:00","dateModified":"2025-03-03T09:39:04+00:00","description":"Jos\u00e9 Manuel Garc\u00eda Barrag\u00e1n i M\u00aa Isabel Ferrer vencedors absoluts en una cursa que va comptar amb 1.200 participants Jos\u00e9 Manuel Garc\u00eda Barrag\u00e1n i M\u00aa Isabel Ferrer van imposar la seva llei en una carrera que va comptar amb 1.200 participants","breadcrumb":{"@id":"https:\/\/radiolitoral.com\/2025\/03\/exito-en-la-xii-cursa-popular-de-calp-a-pesar-de-la-amenaza-meteorologica\/#breadcrumb"},"inLanguage":"ca","potentialAction":[{"@type":"ReadAction","target":["https:\/\/radiolitoral.com\/2025\/03\/exito-en-la-xii-cursa-popular-de-calp-a-pesar-de-la-amenaza-meteorologica\/"]}]},{"@type":"ImageObject","inLanguage":"ca","@id":"https:\/\/radiolitoral.com\/2025\/03\/exito-en-la-xii-cursa-popular-de-calp-a-pesar-de-la-amenaza-meteorologica\/#primaryimage","url":"https:\/\/media.radiolitoral.com\/wp-content\/uploads\/2025\/03\/03095113\/PODI-ABSOLUT-CALP-2025-scaled.jpg","contentUrl":"https:\/\/media.radiolitoral.com\/wp-content\/uploads\/2025\/03\/03095113\/PODI-ABSOLUT-CALP-2025-scaled.jpg","width":2560,"height":1707},{"@type":"BreadcrumbList","@id":"https:\/\/radiolitoral.com\/2025\/03\/exito-en-la-xii-cursa-popular-de-calp-a-pesar-de-la-amenaza-meteorologica\/#breadcrumb","itemListElement":[{"@type":"ListItem","position":1,"name":"Portada","item":"https:\/\/radiolitoral.com\/"},{"@type":"ListItem","position":2,"name":"\u00c9xito en la XII Cursa Popular de Calp a pesar de la amenaza meteorol\u00f3gica"}]},{"@type":"WebSite","@id":"https:\/\/radiolitoral.com\/#website","url":"https:\/\/radiolitoral.com\/","name":"R\u00e0dio Litoral","description":"La r\u00e0dio local de la Marina Alta","publisher":{"@id":"https:\/\/radiolitoral.com\/#organization"},"alternateName":"Litoral FM","potentialAction":[{"@type":"SearchAction","target":{"@type":"EntryPoint","urlTemplate":"https:\/\/radiolitoral.com\/?s={search_term_string}"},"query-input":{"@type":"PropertyValueSpecification","valueRequired":true,"valueName":"search_term_string"}}],"inLanguage":"ca"},{"@type":"Organization","@id":"https:\/\/radiolitoral.com\/#organization","name":"R\u00e0dio Litoral","url":"https:\/\/radiolitoral.com\/","logo":{"@type":"ImageObject","inLanguage":"ca","@id":"https:\/\/radiolitoral.com\/#\/schema\/logo\/image\/","url":"https:\/\/media.radiolitoral.com\/wp-content\/uploads\/2023\/02\/24143238\/CL-V-RadioLitoral696.png","contentUrl":"https:\/\/media.radiolitoral.com\/wp-content\/uploads\/2023\/02\/24143238\/CL-V-RadioLitoral696.png","width":696,"height":696,"caption":"Radio Litoral"},"image":{"@id":"https:\/\/radiolitoral.com\/#\/schema\/logo\/image\/"},"sameAs":["https:\/\/www.facebook.com\/Laradiolitoral\/"]},{"@type":"Person","@id":"https:\/\/radiolitoral.com\/#\/schema\/person\/7b1480b5caeb5acdd4ec6379caf62b22","name":"Javier Zamora","image":{"@type":"ImageObject","inLanguage":"ca","@id":"https:\/\/secure.gravatar.com\/avatar\/467a11f6918c7d619c4043fc6fa2d3853053107973f05b6e9c04ea6c4e3a7b3f?s=96&d=mm&r=g","url":"https:\/\/secure.gravatar.com\/avatar\/467a11f6918c7d619c4043fc6fa2d3853053107973f05b6e9c04ea6c4e3a7b3f?s=96&d=mm&r=g","contentUrl":"https:\/\/secure.gravatar.com\/avatar\/467a11f6918c7d619c4043fc6fa2d3853053107973f05b6e9c04ea6c4e3a7b3f?s=96&d=mm&r=g","caption":"Javier Zamora"},"url":"https:\/\/radiolitoral.com\/ca\/author\/javier-zamora\/"}]}},"_links":{"self":[{"href":"https:\/\/radiolitoral.com\/ca\/wp-json\/wp\/v2\/posts\/15310","targetHints":{"allow":["GET"]}}],"collection":[{"href":"https:\/\/radiolitoral.com\/ca\/wp-json\/wp\/v2\/posts"}],"about":[{"href":"https:\/\/radiolitoral.com\/ca\/wp-json\/wp\/v2\/types\/post"}],"author":[{"embeddable":true,"href":"https:\/\/radiolitoral.com\/ca\/wp-json\/wp\/v2\/users\/12"}],"replies":[{"embeddable":true,"href":"https:\/\/radiolitoral.com\/ca\/wp-json\/wp\/v2\/comments?post=15310"}],"version-history":[{"count":4,"href":"https:\/\/radiolitoral.com\/ca\/wp-json\/wp\/v2\/posts\/15310\/revisions"}],"predecessor-version":[{"id":15323,"href":"https:\/\/radiolitoral.com\/ca\/wp-json\/wp\/v2\/posts\/15310\/revisions\/15323"}],"wp:featuredmedia":[{"embeddable":true,"href":"https:\/\/radiolitoral.com\/ca\/wp-json\/wp\/v2\/media\/15311"}],"wp:attachment":[{"href":"https:\/\/radiolitoral.com\/ca\/wp-json\/wp\/v2\/media?parent=15310"}],"wp:term":[{"taxonomy":"category","embeddable":true,"href":"https:\/\/radiolitoral.com\/ca\/wp-json\/wp\/v2\/categories?post=15310"},{"taxonomy":"post_tag","embeddable":true,"href":"https:\/\/radiolitoral.com\/ca\/wp-json\/wp\/v2\/tags?post=15310"}],"curies":[{"name":"wp","href":"https:\/\/api.w.org\/{rel}","templated":true}]}}