{"id":15286,"date":"2025-02-28T12:52:01","date_gmt":"2025-02-28T11:52:01","guid":{"rendered":"https:\/\/radiolitoral.com\/?p=15286"},"modified":"2025-02-28T13:23:47","modified_gmt":"2025-02-28T12:23:47","slug":"detinguts-a-calp-pel-furt-de-productes-gurmet-valorats-en-mes-de-1-700-euros","status":"publish","type":"post","link":"https:\/\/radiolitoral.com\/ca\/2025\/02\/detinguts-a-calp-pel-furt-de-productes-gourmet-valorats-en-mes-de-1-700-euros\/","title":{"rendered":"Detinguts a Calp pel furt de productes gurmet valorats en m\u00e9s de 1.700 euros"},"content":{"rendered":"<p>La<strong> Guardia Civil<\/strong> ha detingut a<strong> dos homes, de 40 i 59 anys<\/strong>, com a <strong>presumptes autors d&#039;un delit continuat de furt<\/strong>. Els arrestats van ser sorpresos mentre sostreien<strong> productes gurmet a un supermercat de Calp, valorats en m\u00e9s de 1.700 euros<\/strong>.<\/p>\n<h3>R\u00e0pida intervenci\u00f3<\/h3>\n<p>La mat\u00ed del 26 de febrer del 2025, agents de l&#039;<strong>\u00c0rea de Recerca de la Guardia Civil de Calp<\/strong> van observar un <strong>comportament sospit\u00f3s<\/strong> d&#039;un home dins d&#039;un vehicle estacionat davant d&#039;un supermercat local.<\/p>\n<p>Com a resultat, van realitzar una <strong>vigil\u00e0ncia discret<\/strong>a. Minuts despr\u00e9s, un altre<strong> individu va sortir de l&#039;establiment amb una motxilla<\/strong> carregada de productes i la va dipositar r\u00e0pidament al maleter del cotxe.<\/p>\n<p>Els agents van intervenir immediatament, <strong>identificant els dos individus i registrant el vehicle<\/strong>. A l&#039;interior van trobar<strong> nombroses bosses plenes de productes gurmet<\/strong>, entre ells conserves premium de marisc, ib\u00e8rics i talls de carns selectes. <span class=\"hiddenSuggestion\">A no poder<\/span> acreditar la compra d&#039;<span class=\"hiddenSuggestion\">aquests<\/span> articles, es va verificar amb el supermercat proper que els productes havien estat sostrets sense haver passat per caixa.<\/p>\n<h3>Antecedents i posada a disposici\u00f3 judicial<\/h3>\n<p>Els detinguts tenen <strong>antecedents per fets similars comesos en altres prov\u00edncies.<\/strong> Van ser posats a disposici\u00f3 del Jutjat d&#039;Instrucci\u00f3 de Gu\u00e0rdia de D\u00e9nia el 27 de febrer de 2025, <strong>quedant en llibertat amb la imposici\u00f3 de mesures cautelars.<\/strong><\/p>\n<p>La totalitat dels productes sostrets, amb un valor superior als 1.700 euros, va ser recuperada i gestionada per part dels agents per a la seva donaci\u00f3 a una organitzaci\u00f3 ben\u00e8fica encarregada de la seva distribuci\u00f3.<\/p>","protected":false},"excerpt":{"rendered":"<p>La Gu\u00e0rdia Civil ha detingut a dos homes, de 40 i 59 anys, com a presumptes autors d&#8217;un delicte continuat de furt. Els arrestats van ser sorpresos mentre sostreien productes gurmet en un supermercat de Calp, valorats en m\u00e9s de 1.700 euros. R\u00e0pida intervenci\u00f3 El mat\u00ed del 26 de febrer de 2025, agents de l&#8217;\u00c0rea [&#8230;]<\/p>\n<p><a class=\"btn btn-secondary understrap-read-more-link\" href=\"https:\/\/radiolitoral.com\/ca\/2025\/02\/detinguts-a-calp-pel-furt-de-productes-gourmet-valorats-en-mes-de-1-700-euros\/\">Continua llegint&#8230;<span class=\"screen-reader-text\"> from Detinguts a Calp pel furt de productes gurmet valorats en m\u00e9s de 1.700 euros<\/span><\/a><\/p>\n","protected":false},"author":13,"featured_media":15285,"comment_status":"open","ping_status":"closed","sticky":false,"template":"","format":"standard","meta":{"_acf_changed":false,"inline_featured_image":false,"footnotes":""},"categories":[8],"tags":[122,3825,11,3826,3828,3827,1023,363],"class_list":["post-15286","post","type-post","status-publish","format-standard","has-post-thumbnail","hentry","category-sucesos","tag-calp","tag-detenidos-calp","tag-guardia-civil","tag-hurto-productos-gourmet","tag-productos-gourmet-robados","tag-robo-supermercado-calpe","tag-sucesos","tag-sucesos-calp","cobertura-calp"],"acf":[],"yoast_head":"<!-- This site is optimized with the Yoast SEO plugin v27.5 - https:\/\/yoast.com\/product\/yoast-seo-wordpress\/ -->\n<title>Detinguts a Calp pel furt de productes gurmet valorats en m\u00e9s de 1.700 euros | R\u00e0dio Litoral<\/title>\n<meta name=\"description\" content=\"La Gu\u00e0rdia Civil interv\u00e9 r\u00e0pidament despr\u00e9s de detectar un comportament sospit\u00f3s en un supermercat local La Gu\u00e0rdia Civil interv\u00e9 r\u00e0pidament despr\u00e9s de detectar un comportament sospit\u00f3s en un supermercat local\" \/>\n<meta name=\"robots\" content=\"index, follow, max-snippet:-1, max-image-preview:large, max-video-preview:-1\" \/>\n<link rel=\"canonical\" href=\"https:\/\/radiolitoral.com\/ca\/2025\/02\/detinguts-a-calp-pel-furt-de-productes-gurmet-valorats-en-mes-de-1-700-euros\/\" \/>\n<meta property=\"og:locale\" content=\"ca_ES\" \/>\n<meta property=\"og:type\" content=\"article\" \/>\n<meta property=\"og:title\" content=\"Detinguts a Calp pel furt de productes gurmet valorats en m\u00e9s de 1.700 euros | R\u00e0dio Litoral\" \/>\n<meta property=\"og:description\" content=\"La Gu\u00e0rdia Civil interv\u00e9 r\u00e0pidament despr\u00e9s de detectar un comportament sospit\u00f3s en un supermercat local La Gu\u00e0rdia Civil interv\u00e9 r\u00e0pidament despr\u00e9s de detectar un comportament sospit\u00f3s en un supermercat local\" \/>\n<meta property=\"og:url\" content=\"https:\/\/radiolitoral.com\/ca\/2025\/02\/detinguts-a-calp-pel-furt-de-productes-gurmet-valorats-en-mes-de-1-700-euros\/\" \/>\n<meta property=\"og:site_name\" content=\"R\u00e0dio Litoral\" \/>\n<meta property=\"article:publisher\" content=\"https:\/\/www.facebook.com\/Laradiolitoral\/\" \/>\n<meta property=\"article:published_time\" content=\"2025-02-28T11:52:01+00:00\" \/>\n<meta property=\"article:modified_time\" content=\"2025-02-28T12:23:47+00:00\" \/>\n<meta property=\"og:image\" content=\"https:\/\/media.radiolitoral.com\/wp-content\/uploads\/2025\/02\/28124839\/Guardia-Civil-Calp-productos-Gourmet.jpg\" \/>\n\t<meta property=\"og:image:width\" content=\"960\" \/>\n\t<meta property=\"og:image:height\" content=\"720\" \/>\n\t<meta property=\"og:image:type\" content=\"image\/jpeg\" \/>\n<meta name=\"author\" content=\"Redacci\u00f3n\" \/>\n<meta name=\"twitter:card\" content=\"summary_large_image\" \/>\n<meta name=\"twitter:label1\" content=\"Escrit per\" \/>\n\t<meta name=\"twitter:data1\" content=\"Redacci\u00f3n\" \/>\n\t<meta name=\"twitter:label2\" content=\"Temps estimat de lectura\" \/>\n\t<meta name=\"twitter:data2\" content=\"2 minuts\" \/>\n<script type=\"application\/ld+json\" class=\"yoast-schema-graph\">{\"@context\":\"https:\\\/\\\/schema.org\",\"@graph\":[{\"@type\":\"NewsArticle\",\"@id\":\"https:\\\/\\\/radiolitoral.com\\\/2025\\\/02\\\/detinguts-a-calp-pel-furt-de-productes-gourmet-valorats-en-mes-de-1-700-euros\\\/#article\",\"isPartOf\":{\"@id\":\"https:\\\/\\\/radiolitoral.com\\\/2025\\\/02\\\/detinguts-a-calp-pel-furt-de-productes-gourmet-valorats-en-mes-de-1-700-euros\\\/\"},\"author\":{\"name\":\"Redacci\u00f3n\",\"@id\":\"https:\\\/\\\/radiolitoral.com\\\/#\\\/schema\\\/person\\\/f2b2343c49b5d721857cc1002bfdb151\"},\"headline\":\"Detinguts a Calp pel furt de productes gurmet valorats en m\u00e9s de 1.700 euros\",\"datePublished\":\"2025-02-28T11:52:01+00:00\",\"dateModified\":\"2025-02-28T12:23:47+00:00\",\"mainEntityOfPage\":{\"@id\":\"https:\\\/\\\/radiolitoral.com\\\/2025\\\/02\\\/detinguts-a-calp-pel-furt-de-productes-gourmet-valorats-en-mes-de-1-700-euros\\\/\"},\"wordCount\":278,\"commentCount\":0,\"publisher\":{\"@id\":\"https:\\\/\\\/radiolitoral.com\\\/#organization\"},\"image\":{\"@id\":\"https:\\\/\\\/radiolitoral.com\\\/2025\\\/02\\\/detinguts-a-calp-pel-furt-de-productes-gourmet-valorats-en-mes-de-1-700-euros\\\/#primaryimage\"},\"thumbnailUrl\":\"https:\\\/\\\/media.radiolitoral.com\\\/wp-content\\\/uploads\\\/2025\\\/02\\\/28124839\\\/Guardia-Civil-Calp-productos-Gourmet.jpg\",\"keywords\":[\"Calp\",\"detenidos Calp\",\"Guardia Civil\",\"hurto productos gourmet\",\"productos gourmet robados\",\"robo supermercado Calpe\",\"sucesos\",\"sucesos Calp\"],\"articleSection\":[\"Sucesos\"],\"inLanguage\":\"ca\",\"potentialAction\":[{\"@type\":\"CommentAction\",\"name\":\"Comment\",\"target\":[\"https:\\\/\\\/radiolitoral.com\\\/2025\\\/02\\\/detinguts-a-calp-pel-furt-de-productes-gourmet-valorats-en-mes-de-1-700-euros\\\/#respond\"]}]},{\"@type\":[\"WebPage\",\"ItemPage\"],\"@id\":\"https:\\\/\\\/radiolitoral.com\\\/2025\\\/02\\\/detinguts-a-calp-pel-furt-de-productes-gourmet-valorats-en-mes-de-1-700-euros\\\/\",\"url\":\"https:\\\/\\\/radiolitoral.com\\\/2025\\\/02\\\/detinguts-a-calp-pel-furt-de-productes-gourmet-valorats-en-mes-de-1-700-euros\\\/\",\"name\":\"Detinguts a Calp pel furt de productes gurmet valorats en m\u00e9s de 1.700 euros | R\u00e0dio Litoral\",\"isPartOf\":{\"@id\":\"https:\\\/\\\/radiolitoral.com\\\/#website\"},\"primaryImageOfPage\":{\"@id\":\"https:\\\/\\\/radiolitoral.com\\\/2025\\\/02\\\/detinguts-a-calp-pel-furt-de-productes-gourmet-valorats-en-mes-de-1-700-euros\\\/#primaryimage\"},\"image\":{\"@id\":\"https:\\\/\\\/radiolitoral.com\\\/2025\\\/02\\\/detinguts-a-calp-pel-furt-de-productes-gourmet-valorats-en-mes-de-1-700-euros\\\/#primaryimage\"},\"thumbnailUrl\":\"https:\\\/\\\/media.radiolitoral.com\\\/wp-content\\\/uploads\\\/2025\\\/02\\\/28124839\\\/Guardia-Civil-Calp-productos-Gourmet.jpg\",\"datePublished\":\"2025-02-28T11:52:01+00:00\",\"dateModified\":\"2025-02-28T12:23:47+00:00\",\"description\":\"La Gu\u00e0rdia Civil interv\u00e9 r\u00e0pidament despr\u00e9s de detectar un comportament sospit\u00f3s en un supermercat local La Gu\u00e0rdia Civil interv\u00e9 r\u00e0pidament despr\u00e9s de detectar un comportament sospit\u00f3s en un supermercat local\",\"breadcrumb\":{\"@id\":\"https:\\\/\\\/radiolitoral.com\\\/2025\\\/02\\\/detinguts-a-calp-pel-furt-de-productes-gourmet-valorats-en-mes-de-1-700-euros\\\/#breadcrumb\"},\"inLanguage\":\"ca\",\"potentialAction\":[{\"@type\":\"ReadAction\",\"target\":[\"https:\\\/\\\/radiolitoral.com\\\/2025\\\/02\\\/detinguts-a-calp-pel-furt-de-productes-gourmet-valorats-en-mes-de-1-700-euros\\\/\"]}]},{\"@type\":\"ImageObject\",\"inLanguage\":\"ca\",\"@id\":\"https:\\\/\\\/radiolitoral.com\\\/2025\\\/02\\\/detinguts-a-calp-pel-furt-de-productes-gourmet-valorats-en-mes-de-1-700-euros\\\/#primaryimage\",\"url\":\"https:\\\/\\\/media.radiolitoral.com\\\/wp-content\\\/uploads\\\/2025\\\/02\\\/28124839\\\/Guardia-Civil-Calp-productos-Gourmet.jpg\",\"contentUrl\":\"https:\\\/\\\/media.radiolitoral.com\\\/wp-content\\\/uploads\\\/2025\\\/02\\\/28124839\\\/Guardia-Civil-Calp-productos-Gourmet.jpg\",\"width\":960,\"height\":720},{\"@type\":\"BreadcrumbList\",\"@id\":\"https:\\\/\\\/radiolitoral.com\\\/2025\\\/02\\\/detinguts-a-calp-pel-furt-de-productes-gourmet-valorats-en-mes-de-1-700-euros\\\/#breadcrumb\",\"itemListElement\":[{\"@type\":\"ListItem\",\"position\":1,\"name\":\"Portada\",\"item\":\"https:\\\/\\\/radiolitoral.com\\\/\"},{\"@type\":\"ListItem\",\"position\":2,\"name\":\"Detinguts a Calp pel furt de productes gurmet valorats en m\u00e9s de 1.700 euros\"}]},{\"@type\":\"WebSite\",\"@id\":\"https:\\\/\\\/radiolitoral.com\\\/#website\",\"url\":\"https:\\\/\\\/radiolitoral.com\\\/\",\"name\":\"Radio Litoral\",\"description\":\"La radio local de la Marina Alta\",\"publisher\":{\"@id\":\"https:\\\/\\\/radiolitoral.com\\\/#organization\"},\"alternateName\":\"Litoral FM\",\"potentialAction\":[{\"@type\":\"SearchAction\",\"target\":{\"@type\":\"EntryPoint\",\"urlTemplate\":\"https:\\\/\\\/radiolitoral.com\\\/?s={search_term_string}\"},\"query-input\":{\"@type\":\"PropertyValueSpecification\",\"valueRequired\":true,\"valueName\":\"search_term_string\"}}],\"inLanguage\":\"ca\"},{\"@type\":\"Organization\",\"@id\":\"https:\\\/\\\/radiolitoral.com\\\/#organization\",\"name\":\"Radio Litoral\",\"url\":\"https:\\\/\\\/radiolitoral.com\\\/\",\"logo\":{\"@type\":\"ImageObject\",\"inLanguage\":\"ca\",\"@id\":\"https:\\\/\\\/radiolitoral.com\\\/#\\\/schema\\\/logo\\\/image\\\/\",\"url\":\"https:\\\/\\\/media.radiolitoral.com\\\/wp-content\\\/uploads\\\/2023\\\/02\\\/24143238\\\/CL-V-RadioLitoral696.png\",\"contentUrl\":\"https:\\\/\\\/media.radiolitoral.com\\\/wp-content\\\/uploads\\\/2023\\\/02\\\/24143238\\\/CL-V-RadioLitoral696.png\",\"width\":696,\"height\":696,\"caption\":\"Radio Litoral\"},\"image\":{\"@id\":\"https:\\\/\\\/radiolitoral.com\\\/#\\\/schema\\\/logo\\\/image\\\/\"},\"sameAs\":[\"https:\\\/\\\/www.facebook.com\\\/Laradiolitoral\\\/\"]},{\"@type\":\"Person\",\"@id\":\"https:\\\/\\\/radiolitoral.com\\\/#\\\/schema\\\/person\\\/f2b2343c49b5d721857cc1002bfdb151\",\"name\":\"Redacci\u00f3n\",\"image\":{\"@type\":\"ImageObject\",\"inLanguage\":\"ca\",\"@id\":\"https:\\\/\\\/secure.gravatar.com\\\/avatar\\\/f771d896c203ad8b3382d7905cfcce5a5c9b008b84b3cd9114e9b9f4cb63f789?s=96&d=mm&r=g\",\"url\":\"https:\\\/\\\/secure.gravatar.com\\\/avatar\\\/f771d896c203ad8b3382d7905cfcce5a5c9b008b84b3cd9114e9b9f4cb63f789?s=96&d=mm&r=g\",\"contentUrl\":\"https:\\\/\\\/secure.gravatar.com\\\/avatar\\\/f771d896c203ad8b3382d7905cfcce5a5c9b008b84b3cd9114e9b9f4cb63f789?s=96&d=mm&r=g\",\"caption\":\"Redacci\u00f3n\"},\"url\":\"https:\\\/\\\/radiolitoral.com\\\/ca\\\/author\\\/miriam-pagan\\\/\"}]}<\/script>\n<!-- \/ Yoast SEO plugin. -->","yoast_head_json":{"title":"Detinguts a Calp pel furt de productes gurmet valorats en m\u00e9s de 1.700 euros | R\u00e0dio Litoral","description":"La Gu\u00e0rdia Civil interv\u00e9 r\u00e0pidament despr\u00e9s de detectar un comportament sospit\u00f3s a un supermercat local La Gu\u00e0rdia Civil interv\u00e9 r\u00e0pidament despr\u00e9s de detectar un comportament sospit\u00f3s a un supermercat local","robots":{"index":"index","follow":"follow","max-snippet":"max-snippet:-1","max-image-preview":"max-image-preview:large","max-video-preview":"max-video-preview:-1"},"canonical":"https:\/\/radiolitoral.com\/ca\/2025\/02\/detinguts-a-calp-pel-furt-de-productes-gurmet-valorats-en-mes-de-1-700-euros\/","og_locale":"ca_ES","og_type":"article","og_title":"Detinguts a Calp pel furt de productes gurmet valorats en m\u00e9s de 1.700 euros | R\u00e0dio Litoral","og_description":"La Gu\u00e0rdia Civil interv\u00e9 r\u00e0pidament despr\u00e9s de detectar un comportament sospit\u00f3s en un supermercat local La Gu\u00e0rdia Civil interv\u00e9 r\u00e0pidament despr\u00e9s de detectar un comportament sospit\u00f3s en un supermercat local","og_url":"https:\/\/radiolitoral.com\/ca\/2025\/02\/detinguts-a-calp-pel-furt-de-productes-gurmet-valorats-en-mes-de-1-700-euros\/","og_site_name":"R\u00e0dio Litoral","article_publisher":"https:\/\/www.facebook.com\/Laradiolitoral\/","article_published_time":"2025-02-28T11:52:01+00:00","article_modified_time":"2025-02-28T12:23:47+00:00","og_image":[{"width":960,"height":720,"url":"https:\/\/media.radiolitoral.com\/wp-content\/uploads\/2025\/02\/28124839\/Guardia-Civil-Calp-productos-Gourmet.jpg","type":"image\/jpeg"}],"author":"Redacci\u00f3n","twitter_card":"summary_large_image","twitter_misc":{"Escrit per":"Redacci\u00f3n","Temps estimat de lectura":"2 minuts"},"schema":{"@context":"https:\/\/schema.org","@graph":[{"@type":"NewsArticle","@id":"https:\/\/radiolitoral.com\/2025\/02\/detinguts-a-calp-pel-furt-de-productes-gourmet-valorats-en-mes-de-1-700-euros\/#article","isPartOf":{"@id":"https:\/\/radiolitoral.com\/2025\/02\/detinguts-a-calp-pel-furt-de-productes-gourmet-valorats-en-mes-de-1-700-euros\/"},"author":{"name":"Redacci\u00f3n","@id":"https:\/\/radiolitoral.com\/#\/schema\/person\/f2b2343c49b5d721857cc1002bfdb151"},"headline":"Detinguts a Calp pel furt de productes gurmet valorats en m\u00e9s de 1.700 euros","datePublished":"2025-02-28T11:52:01+00:00","dateModified":"2025-02-28T12:23:47+00:00","mainEntityOfPage":{"@id":"https:\/\/radiolitoral.com\/2025\/02\/detinguts-a-calp-pel-furt-de-productes-gourmet-valorats-en-mes-de-1-700-euros\/"},"wordCount":278,"commentCount":0,"publisher":{"@id":"https:\/\/radiolitoral.com\/#organization"},"image":{"@id":"https:\/\/radiolitoral.com\/2025\/02\/detinguts-a-calp-pel-furt-de-productes-gourmet-valorats-en-mes-de-1-700-euros\/#primaryimage"},"thumbnailUrl":"https:\/\/media.radiolitoral.com\/wp-content\/uploads\/2025\/02\/28124839\/Guardia-Civil-Calp-productos-Gourmet.jpg","keywords":["Calp","detenidos Calp","Guardia Civil","hurto productos gourmet","productos gourmet robados","robo supermercado Calpe","sucesos","sucesos Calp"],"articleSection":["Sucesos"],"inLanguage":"ca","potentialAction":[{"@type":"CommentAction","name":"Comment","target":["https:\/\/radiolitoral.com\/2025\/02\/detinguts-a-calp-pel-furt-de-productes-gourmet-valorats-en-mes-de-1-700-euros\/#respond"]}]},{"@type":["WebPage","ItemPage"],"@id":"https:\/\/radiolitoral.com\/2025\/02\/detinguts-a-calp-pel-furt-de-productes-gourmet-valorats-en-mes-de-1-700-euros\/","url":"https:\/\/radiolitoral.com\/2025\/02\/detinguts-a-calp-pel-furt-de-productes-gourmet-valorats-en-mes-de-1-700-euros\/","name":"Detinguts a Calp pel furt de productes gurmet valorats en m\u00e9s de 1.700 euros | R\u00e0dio Litoral","isPartOf":{"@id":"https:\/\/radiolitoral.com\/#website"},"primaryImageOfPage":{"@id":"https:\/\/radiolitoral.com\/2025\/02\/detinguts-a-calp-pel-furt-de-productes-gourmet-valorats-en-mes-de-1-700-euros\/#primaryimage"},"image":{"@id":"https:\/\/radiolitoral.com\/2025\/02\/detinguts-a-calp-pel-furt-de-productes-gourmet-valorats-en-mes-de-1-700-euros\/#primaryimage"},"thumbnailUrl":"https:\/\/media.radiolitoral.com\/wp-content\/uploads\/2025\/02\/28124839\/Guardia-Civil-Calp-productos-Gourmet.jpg","datePublished":"2025-02-28T11:52:01+00:00","dateModified":"2025-02-28T12:23:47+00:00","description":"La Gu\u00e0rdia Civil interv\u00e9 r\u00e0pidament despr\u00e9s de detectar un comportament sospit\u00f3s a un supermercat local La Gu\u00e0rdia Civil interv\u00e9 r\u00e0pidament despr\u00e9s de detectar un comportament sospit\u00f3s a un supermercat local","breadcrumb":{"@id":"https:\/\/radiolitoral.com\/2025\/02\/detinguts-a-calp-pel-furt-de-productes-gourmet-valorats-en-mes-de-1-700-euros\/#breadcrumb"},"inLanguage":"ca","potentialAction":[{"@type":"ReadAction","target":["https:\/\/radiolitoral.com\/2025\/02\/detinguts-a-calp-pel-furt-de-productes-gourmet-valorats-en-mes-de-1-700-euros\/"]}]},{"@type":"ImageObject","inLanguage":"ca","@id":"https:\/\/radiolitoral.com\/2025\/02\/detinguts-a-calp-pel-furt-de-productes-gourmet-valorats-en-mes-de-1-700-euros\/#primaryimage","url":"https:\/\/media.radiolitoral.com\/wp-content\/uploads\/2025\/02\/28124839\/Guardia-Civil-Calp-productos-Gourmet.jpg","contentUrl":"https:\/\/media.radiolitoral.com\/wp-content\/uploads\/2025\/02\/28124839\/Guardia-Civil-Calp-productos-Gourmet.jpg","width":960,"height":720},{"@type":"BreadcrumbList","@id":"https:\/\/radiolitoral.com\/2025\/02\/detinguts-a-calp-pel-furt-de-productes-gourmet-valorats-en-mes-de-1-700-euros\/#breadcrumb","itemListElement":[{"@type":"ListItem","position":1,"name":"Portada","item":"https:\/\/radiolitoral.com\/"},{"@type":"ListItem","position":2,"name":"Detinguts a Calp pel furt de productes gurmet valorats en m\u00e9s de 1.700 euros"}]},{"@type":"WebSite","@id":"https:\/\/radiolitoral.com\/#website","url":"https:\/\/radiolitoral.com\/","name":"R\u00e0dio Litoral","description":"La r\u00e0dio local de la Marina Alta","publisher":{"@id":"https:\/\/radiolitoral.com\/#organization"},"alternateName":"Litoral FM","potentialAction":[{"@type":"SearchAction","target":{"@type":"EntryPoint","urlTemplate":"https:\/\/radiolitoral.com\/?s={search_term_string}"},"query-input":{"@type":"PropertyValueSpecification","valueRequired":true,"valueName":"search_term_string"}}],"inLanguage":"ca"},{"@type":"Organization","@id":"https:\/\/radiolitoral.com\/#organization","name":"R\u00e0dio Litoral","url":"https:\/\/radiolitoral.com\/","logo":{"@type":"ImageObject","inLanguage":"ca","@id":"https:\/\/radiolitoral.com\/#\/schema\/logo\/image\/","url":"https:\/\/media.radiolitoral.com\/wp-content\/uploads\/2023\/02\/24143238\/CL-V-RadioLitoral696.png","contentUrl":"https:\/\/media.radiolitoral.com\/wp-content\/uploads\/2023\/02\/24143238\/CL-V-RadioLitoral696.png","width":696,"height":696,"caption":"Radio Litoral"},"image":{"@id":"https:\/\/radiolitoral.com\/#\/schema\/logo\/image\/"},"sameAs":["https:\/\/www.facebook.com\/Laradiolitoral\/"]},{"@type":"Person","@id":"https:\/\/radiolitoral.com\/#\/schema\/person\/f2b2343c49b5d721857cc1002bfdb151","name":"Redacci\u00f3","image":{"@type":"ImageObject","inLanguage":"ca","@id":"https:\/\/secure.gravatar.com\/avatar\/f771d896c203ad8b3382d7905cfcce5a5c9b008b84b3cd9114e9b9f4cb63f789?s=96&d=mm&r=g","url":"https:\/\/secure.gravatar.com\/avatar\/f771d896c203ad8b3382d7905cfcce5a5c9b008b84b3cd9114e9b9f4cb63f789?s=96&d=mm&r=g","contentUrl":"https:\/\/secure.gravatar.com\/avatar\/f771d896c203ad8b3382d7905cfcce5a5c9b008b84b3cd9114e9b9f4cb63f789?s=96&d=mm&r=g","caption":"Redacci\u00f3n"},"url":"https:\/\/radiolitoral.com\/ca\/author\/miriam-pagan\/"}]}},"_links":{"self":[{"href":"https:\/\/radiolitoral.com\/ca\/wp-json\/wp\/v2\/posts\/15286","targetHints":{"allow":["GET"]}}],"collection":[{"href":"https:\/\/radiolitoral.com\/ca\/wp-json\/wp\/v2\/posts"}],"about":[{"href":"https:\/\/radiolitoral.com\/ca\/wp-json\/wp\/v2\/types\/post"}],"author":[{"embeddable":true,"href":"https:\/\/radiolitoral.com\/ca\/wp-json\/wp\/v2\/users\/13"}],"replies":[{"embeddable":true,"href":"https:\/\/radiolitoral.com\/ca\/wp-json\/wp\/v2\/comments?post=15286"}],"version-history":[{"count":3,"href":"https:\/\/radiolitoral.com\/ca\/wp-json\/wp\/v2\/posts\/15286\/revisions"}],"predecessor-version":[{"id":15289,"href":"https:\/\/radiolitoral.com\/ca\/wp-json\/wp\/v2\/posts\/15286\/revisions\/15289"}],"wp:featuredmedia":[{"embeddable":true,"href":"https:\/\/radiolitoral.com\/ca\/wp-json\/wp\/v2\/media\/15285"}],"wp:attachment":[{"href":"https:\/\/radiolitoral.com\/ca\/wp-json\/wp\/v2\/media?parent=15286"}],"wp:term":[{"taxonomy":"category","embeddable":true,"href":"https:\/\/radiolitoral.com\/ca\/wp-json\/wp\/v2\/categories?post=15286"},{"taxonomy":"post_tag","embeddable":true,"href":"https:\/\/radiolitoral.com\/ca\/wp-json\/wp\/v2\/tags?post=15286"}],"curies":[{"name":"wp","href":"https:\/\/api.w.org\/{rel}","templated":true}]}}