{"id":15259,"date":"2025-02-28T10:07:02","date_gmt":"2025-02-28T09:07:02","guid":{"rendered":"https:\/\/radiolitoral.com\/?p=15259"},"modified":"2025-02-28T10:07:02","modified_gmt":"2025-02-28T09:07:02","slug":"calp-es-prepara-per-a-la-xii-cursa-popular","status":"publish","type":"post","link":"https:\/\/radiolitoral.com\/ca\/2025\/02\/calp-es-prepara-per-a-la-xii-cursa-popular\/","title":{"rendered":"Calp \u00e9s prepara per a la XII Cursa Popular"},"content":{"rendered":"<article class=\"w-full text-token-text-primary focus-visible:outline-2 focus-visible:outline-offset-[-4px]\" dir=\"auto\" data-testid=\"conversation-turn-207\" data-scroll-anchor=\"true\">\n<div class=\"m-auto text-base py-[18px] px-6\">\n<div class=\"mx-auto flex flex-1 text-base gap-4 md:gap-5 lg:gap-6 md:max-w-3xl lg:max-w-[40rem] xl:max-w-[48rem]\">\n<div class=\"group\/conversation-turn relative flex w-full min-w-0 flex-col agent-turn @xs\/thread:px-0 @sm\/thread:px-1.5 @md\/thread:px-4\">\n<div class=\"flex-col gap-1 md:gap-3\">\n<div class=\"flex max-w-full flex-col flex-grow\">\n<div class=\"min-h-8 text-message relative flex w-full flex-col items-end gap-2 whitespace-normal break-words text-start [.text-message+&amp;]:mt-5\" dir=\"auto\" data-message-author-role=\"assistant\" data-message-id=\"44f6db45-d601-4372-b2e0-341d5bf415d4\" data-message-model-slug=\"gpt-4o\">\n<div class=\"flex w-full flex-col gap-1 empty:hidden first:pt-[3px]\">\n<div class=\"markdown prose w-full break-words dark:prose-invert light\">\n<p data-start=\"151\" data-end=\"523\">Calp es troba immers en els \u00faltims preparatius per a acollir <strong data-start=\"212\" data-end=\"276\">una de les cites esportives m\u00e9s importants del seu calendari<\/strong>, la <strong data-start=\"281\" data-end=\"302\">XII Cursa Popular<\/strong>, una prova que any rere any reuneix a centenars d\u2019atletes i aficionats a l\u2019atletisme. L\u2019esdeveniment est\u00e0 organitzat pel <strong data-start=\"424\" data-end=\"452\">Club Atletismo Irun Calpe<\/strong> amb el suport de la <strong data-start=\"473\" data-end=\"496\">Regidoria d\u2019Esports<\/strong> de l\u2019Ajuntament de Calp.<\/p>\n<p data-start=\"525\" data-end=\"820\">Els participants hauran de rec\u00f3rrer un <strong data-start=\"564\" data-end=\"590\">tra\u00e7at de 9.200 metres<\/strong>, que es desenvolupar\u00e0 <strong data-start=\"613\" data-end=\"671\">majorit\u00e0riament pels passejos mar\u00edtims de la localitat<\/strong>, oferint <strong data-start=\"681\" data-end=\"730\">unes vistes privilegiades del mar Mediterrani<\/strong>. <strong data-start=\"732\" data-end=\"818\">Un recorregut ideal per a gaudir de l\u2019esport i del paisatge \u00fanic que ofereix Calp.<\/strong><\/p>\n<h3 data-start=\"822\" data-end=\"870\"><strong data-start=\"826\" data-end=\"868\">Horaris i caracter\u00edstiques de la prova<\/strong><\/h3>\n<ul data-start=\"871\" data-end=\"988\">\n<li data-start=\"871\" data-end=\"903\"><strong data-start=\"873\" data-end=\"884\">Eixida:<\/strong> Av. Gabriel Mir\u00f3<\/li>\n<li data-start=\"904\" data-end=\"925\"><strong data-start=\"906\" data-end=\"915\">Hora:<\/strong> 10:00 h<\/li>\n<li data-start=\"926\" data-end=\"988\"><strong data-start=\"928\" data-end=\"967\">Temps m\u00e0xim per completar la prova:<\/strong> 1 hora i 15 minuts<\/li>\n<\/ul>\n<p data-start=\"990\" data-end=\"1247\">Una vegada finalitzada la <strong data-start=\"1016\" data-end=\"1031\">cursa reina<\/strong> i realitzada l\u2019<strong data-start=\"1047\" data-end=\"1069\">entrega de trofeus<\/strong> per a les categories absolutes, es disputaran les carreres destinades a les <strong data-start=\"1146\" data-end=\"1170\">categories inferiors<\/strong>, fomentant aix\u00ed la participaci\u00f3 dels m\u00e9s joves en aquesta festa esportiva.<\/p>\n<p data-start=\"1249\" data-end=\"1522\" data-is-last-node=\"\" data-is-only-node=\"\">Aquesta cursa <strong data-start=\"1263\" data-end=\"1289\">\u00e9s la segona puntuable<\/strong> per al <strong data-start=\"1297\" data-end=\"1332\">XXVII Circuit a Peu Marina Alta<\/strong>, que va donar inici la passada setmana amb la <strong data-start=\"1379\" data-end=\"1402\">Volta a Peu a X\u00e0bia<\/strong>. Amb una gran aflu\u00e8ncia d\u2019atletes prevista, Calp es prepara per a viure una jornada <strong data-start=\"1487\" data-end=\"1521\">d\u2019esport, companyonia i emoci\u00f3<\/strong>.<\/p>\n<\/div>\n<\/div>\n<\/div>\n<\/div>\n<div class=\"mb-2 flex gap-3 empty:hidden -ml-2\">\n<div class=\"items-center justify-start rounded-xl p-1 flex\">\n<div class=\"flex items-center\">\n<div class=\"flex\"><\/div>\n<\/div>\n<\/div>\n<\/div>\n<div class=\"mt-3 w-full empty:hidden\">\n<div class=\"text-center\"><\/div>\n<\/div>\n<\/div>\n<div class=\"absolute\">\n<div class=\"flex items-center justify-center\"><\/div>\n<\/div>\n<\/div>\n<\/div>\n<\/div>\n<\/article>\n<div class=\"pointer-events-none h-px w-px\" aria-hidden=\"true\" data-edge=\"true\"><\/div>\n<p><script src=\"chrome-extension:\/\/flbolonkboilcbnohjlchlfgdalomdpl\/iFrame.js\" type=\"text\/javascript\"><\/script><\/p>\n<p><script src=\"chrome-extension:\/\/flbolonkboilcbnohjlchlfgdalomdpl\/iFrame.js\" type=\"text\/javascript\"><\/script><\/p>\n<p><script src=\"chrome-extension:\/\/flbolonkboilcbnohjlchlfgdalomdpl\/iFrame.js\" type=\"text\/javascript\"><\/script><\/p>\n","protected":false},"excerpt":{"rendered":"<p>Calp es troba immers en els \u00faltims preparatius per a acollir una de les cites esportives m\u00e9s importants del seu calendari, la XII Cursa Popular, una prova que any rere any reuneix a centenars d\u2019atletes i aficionats a l\u2019atletisme. L\u2019esdeveniment est\u00e0 organitzat pel Club Atletismo Irun Calpe amb el suport de la Regidoria d\u2019Esports de [&#8230;]<\/p>\n<p><a class=\"btn btn-secondary understrap-read-more-link\" href=\"https:\/\/radiolitoral.com\/ca\/2025\/02\/calp-es-prepara-per-a-la-xii-cursa-popular\/\">Continua llegint&#8230;<span class=\"screen-reader-text\"> from Calp es prepara per a la XII Cursa Popular<\/span><\/a><\/p>\n","protected":false},"author":12,"featured_media":15263,"comment_status":"open","ping_status":"closed","sticky":false,"template":"","format":"standard","meta":{"_acf_changed":false,"inline_featured_image":false,"footnotes":""},"categories":[5],"tags":[922,3818,3817,6,3819,3816,3750],"class_list":["post-15259","post","type-post","status-publish","format-standard","has-post-thumbnail","hentry","category-deportes","tag-circuit-a-peu-marina-alta","tag-club-atletismo-irun-calpe","tag-cursa-popular-a-calp","tag-deportes","tag-regidoria-desports-de-lajuntament-de-calp","tag-xii-cursa-popular-a-calp","tag-xxvii-circuit-a-peu-marina-alta","cobertura-calp"],"acf":[],"yoast_head":"<!-- This site is optimized with the Yoast SEO plugin v27.5 - https:\/\/yoast.com\/product\/yoast-seo-wordpress\/ -->\n<title>Calp es prepara per a la XII Cursa Popular | R\u00e0dio Litoral<\/title>\n<meta name=\"description\" content=\"La prova, segona del Circuit a Peu Marina Alta, recorrer\u00e0 9.200 metres pels passejos mar\u00edtims La prova, segona del Circuit a Peu Marina Alta, recorrer\u00e0 9.200 metres pels passejos mar\u00edtims\" \/>\n<meta name=\"robots\" content=\"index, follow, max-snippet:-1, max-image-preview:large, max-video-preview:-1\" \/>\n<link rel=\"canonical\" href=\"https:\/\/radiolitoral.com\/ca\/2025\/02\/calp-es-prepara-per-a-la-xii-cursa-popular\/\" \/>\n<meta property=\"og:locale\" content=\"ca_ES\" \/>\n<meta property=\"og:type\" content=\"article\" \/>\n<meta property=\"og:title\" content=\"Calp es prepara per a la XII Cursa Popular | R\u00e0dio Litoral\" \/>\n<meta property=\"og:description\" content=\"La prova, segona del Circuit a Peu Marina Alta, recorrer\u00e0 9.200 metres pels passejos mar\u00edtims La prova, segona del Circuit a Peu Marina Alta, recorrer\u00e0 9.200 metres pels passejos mar\u00edtims\" \/>\n<meta property=\"og:url\" content=\"https:\/\/radiolitoral.com\/ca\/2025\/02\/calp-es-prepara-per-a-la-xii-cursa-popular\/\" \/>\n<meta property=\"og:site_name\" content=\"R\u00e0dio Litoral\" \/>\n<meta property=\"article:publisher\" content=\"https:\/\/www.facebook.com\/Laradiolitoral\/\" \/>\n<meta property=\"article:published_time\" content=\"2025-02-28T09:07:02+00:00\" \/>\n<meta property=\"og:image\" content=\"https:\/\/media.radiolitoral.com\/wp-content\/uploads\/2025\/02\/27123913\/Atletes-en-la-Cursa-Popular-a-Calp.jpg\" \/>\n\t<meta property=\"og:image:width\" content=\"1296\" \/>\n\t<meta property=\"og:image:height\" content=\"864\" \/>\n\t<meta property=\"og:image:type\" content=\"image\/jpeg\" \/>\n<meta name=\"author\" content=\"Javier Zamora\" \/>\n<meta name=\"twitter:card\" content=\"summary_large_image\" \/>\n<meta name=\"twitter:label1\" content=\"Escrit per\" \/>\n\t<meta name=\"twitter:data1\" content=\"Javier Zamora\" \/>\n\t<meta name=\"twitter:label2\" content=\"Temps estimat de lectura\" \/>\n\t<meta name=\"twitter:data2\" content=\"2 minuts\" \/>\n<script type=\"application\/ld+json\" class=\"yoast-schema-graph\">{\"@context\":\"https:\\\/\\\/schema.org\",\"@graph\":[{\"@type\":\"NewsArticle\",\"@id\":\"https:\\\/\\\/radiolitoral.com\\\/2025\\\/02\\\/calp-es-prepara-per-a-la-xii-cursa-popular\\\/#article\",\"isPartOf\":{\"@id\":\"https:\\\/\\\/radiolitoral.com\\\/2025\\\/02\\\/calp-es-prepara-per-a-la-xii-cursa-popular\\\/\"},\"author\":{\"name\":\"Javier Zamora\",\"@id\":\"https:\\\/\\\/radiolitoral.com\\\/#\\\/schema\\\/person\\\/7b1480b5caeb5acdd4ec6379caf62b22\"},\"headline\":\"Calp es prepara per a la XII Cursa Popular\",\"datePublished\":\"2025-02-28T09:07:02+00:00\",\"mainEntityOfPage\":{\"@id\":\"https:\\\/\\\/radiolitoral.com\\\/2025\\\/02\\\/calp-es-prepara-per-a-la-xii-cursa-popular\\\/\"},\"wordCount\":230,\"commentCount\":0,\"publisher\":{\"@id\":\"https:\\\/\\\/radiolitoral.com\\\/#organization\"},\"image\":{\"@id\":\"https:\\\/\\\/radiolitoral.com\\\/2025\\\/02\\\/calp-es-prepara-per-a-la-xii-cursa-popular\\\/#primaryimage\"},\"thumbnailUrl\":\"https:\\\/\\\/media.radiolitoral.com\\\/wp-content\\\/uploads\\\/2025\\\/02\\\/27123913\\\/Atletes-en-la-Cursa-Popular-a-Calp.jpg\",\"keywords\":[\"Circuit a Peu Marina Alta\",\"Club Atletismo Irun Calpe\",\"Cursa Popular a Calp\",\"deportes\",\"Regidoria d\u2019Esports de l\u2019Ajuntament de Calp\",\"XII Cursa Popular a Calp\",\"XXVII Circuit a Peu Marina Alta\"],\"articleSection\":[\"Deportes\"],\"inLanguage\":\"ca\",\"potentialAction\":[{\"@type\":\"CommentAction\",\"name\":\"Comment\",\"target\":[\"https:\\\/\\\/radiolitoral.com\\\/2025\\\/02\\\/calp-es-prepara-per-a-la-xii-cursa-popular\\\/#respond\"]}]},{\"@type\":[\"WebPage\",\"ItemPage\"],\"@id\":\"https:\\\/\\\/radiolitoral.com\\\/2025\\\/02\\\/calp-es-prepara-per-a-la-xii-cursa-popular\\\/\",\"url\":\"https:\\\/\\\/radiolitoral.com\\\/2025\\\/02\\\/calp-es-prepara-per-a-la-xii-cursa-popular\\\/\",\"name\":\"Calp es prepara per a la XII Cursa Popular | R\u00e0dio Litoral\",\"isPartOf\":{\"@id\":\"https:\\\/\\\/radiolitoral.com\\\/#website\"},\"primaryImageOfPage\":{\"@id\":\"https:\\\/\\\/radiolitoral.com\\\/2025\\\/02\\\/calp-es-prepara-per-a-la-xii-cursa-popular\\\/#primaryimage\"},\"image\":{\"@id\":\"https:\\\/\\\/radiolitoral.com\\\/2025\\\/02\\\/calp-es-prepara-per-a-la-xii-cursa-popular\\\/#primaryimage\"},\"thumbnailUrl\":\"https:\\\/\\\/media.radiolitoral.com\\\/wp-content\\\/uploads\\\/2025\\\/02\\\/27123913\\\/Atletes-en-la-Cursa-Popular-a-Calp.jpg\",\"datePublished\":\"2025-02-28T09:07:02+00:00\",\"description\":\"La prova, segona del Circuit a Peu Marina Alta, recorrer\u00e0 9.200 metres pels passejos mar\u00edtims La prova, segona del Circuit a Peu Marina Alta, recorrer\u00e0 9.200 metres pels passejos mar\u00edtims\",\"breadcrumb\":{\"@id\":\"https:\\\/\\\/radiolitoral.com\\\/2025\\\/02\\\/calp-es-prepara-per-a-la-xii-cursa-popular\\\/#breadcrumb\"},\"inLanguage\":\"ca\",\"potentialAction\":[{\"@type\":\"ReadAction\",\"target\":[\"https:\\\/\\\/radiolitoral.com\\\/2025\\\/02\\\/calp-es-prepara-per-a-la-xii-cursa-popular\\\/\"]}]},{\"@type\":\"ImageObject\",\"inLanguage\":\"ca\",\"@id\":\"https:\\\/\\\/radiolitoral.com\\\/2025\\\/02\\\/calp-es-prepara-per-a-la-xii-cursa-popular\\\/#primaryimage\",\"url\":\"https:\\\/\\\/media.radiolitoral.com\\\/wp-content\\\/uploads\\\/2025\\\/02\\\/27123913\\\/Atletes-en-la-Cursa-Popular-a-Calp.jpg\",\"contentUrl\":\"https:\\\/\\\/media.radiolitoral.com\\\/wp-content\\\/uploads\\\/2025\\\/02\\\/27123913\\\/Atletes-en-la-Cursa-Popular-a-Calp.jpg\",\"width\":1296,\"height\":864},{\"@type\":\"BreadcrumbList\",\"@id\":\"https:\\\/\\\/radiolitoral.com\\\/2025\\\/02\\\/calp-es-prepara-per-a-la-xii-cursa-popular\\\/#breadcrumb\",\"itemListElement\":[{\"@type\":\"ListItem\",\"position\":1,\"name\":\"Portada\",\"item\":\"https:\\\/\\\/radiolitoral.com\\\/\"},{\"@type\":\"ListItem\",\"position\":2,\"name\":\"Calp es prepara per a la XII Cursa Popular\"}]},{\"@type\":\"WebSite\",\"@id\":\"https:\\\/\\\/radiolitoral.com\\\/#website\",\"url\":\"https:\\\/\\\/radiolitoral.com\\\/\",\"name\":\"Radio Litoral\",\"description\":\"La radio local de la Marina Alta\",\"publisher\":{\"@id\":\"https:\\\/\\\/radiolitoral.com\\\/#organization\"},\"alternateName\":\"Litoral FM\",\"potentialAction\":[{\"@type\":\"SearchAction\",\"target\":{\"@type\":\"EntryPoint\",\"urlTemplate\":\"https:\\\/\\\/radiolitoral.com\\\/?s={search_term_string}\"},\"query-input\":{\"@type\":\"PropertyValueSpecification\",\"valueRequired\":true,\"valueName\":\"search_term_string\"}}],\"inLanguage\":\"ca\"},{\"@type\":\"Organization\",\"@id\":\"https:\\\/\\\/radiolitoral.com\\\/#organization\",\"name\":\"Radio Litoral\",\"url\":\"https:\\\/\\\/radiolitoral.com\\\/\",\"logo\":{\"@type\":\"ImageObject\",\"inLanguage\":\"ca\",\"@id\":\"https:\\\/\\\/radiolitoral.com\\\/#\\\/schema\\\/logo\\\/image\\\/\",\"url\":\"https:\\\/\\\/media.radiolitoral.com\\\/wp-content\\\/uploads\\\/2023\\\/02\\\/24143238\\\/CL-V-RadioLitoral696.png\",\"contentUrl\":\"https:\\\/\\\/media.radiolitoral.com\\\/wp-content\\\/uploads\\\/2023\\\/02\\\/24143238\\\/CL-V-RadioLitoral696.png\",\"width\":696,\"height\":696,\"caption\":\"Radio Litoral\"},\"image\":{\"@id\":\"https:\\\/\\\/radiolitoral.com\\\/#\\\/schema\\\/logo\\\/image\\\/\"},\"sameAs\":[\"https:\\\/\\\/www.facebook.com\\\/Laradiolitoral\\\/\"]},{\"@type\":\"Person\",\"@id\":\"https:\\\/\\\/radiolitoral.com\\\/#\\\/schema\\\/person\\\/7b1480b5caeb5acdd4ec6379caf62b22\",\"name\":\"Javier Zamora\",\"image\":{\"@type\":\"ImageObject\",\"inLanguage\":\"ca\",\"@id\":\"https:\\\/\\\/secure.gravatar.com\\\/avatar\\\/467a11f6918c7d619c4043fc6fa2d3853053107973f05b6e9c04ea6c4e3a7b3f?s=96&d=mm&r=g\",\"url\":\"https:\\\/\\\/secure.gravatar.com\\\/avatar\\\/467a11f6918c7d619c4043fc6fa2d3853053107973f05b6e9c04ea6c4e3a7b3f?s=96&d=mm&r=g\",\"contentUrl\":\"https:\\\/\\\/secure.gravatar.com\\\/avatar\\\/467a11f6918c7d619c4043fc6fa2d3853053107973f05b6e9c04ea6c4e3a7b3f?s=96&d=mm&r=g\",\"caption\":\"Javier Zamora\"},\"url\":\"https:\\\/\\\/radiolitoral.com\\\/ca\\\/author\\\/javier-zamora\\\/\"}]}<\/script>\n<!-- \/ Yoast SEO plugin. -->","yoast_head_json":{"title":"Calp \u00e9s prepara per a la XII Cursa Popular | R\u00e0dio Litoral","description":"La prova, segona del Circuit a Peu Marina Alta, recorrer\u00e0 9.200 metres pels pases mar\u00edtims.","robots":{"index":"index","follow":"follow","max-snippet":"max-snippet:-1","max-image-preview":"max-image-preview:large","max-video-preview":"max-video-preview:-1"},"canonical":"https:\/\/radiolitoral.com\/ca\/2025\/02\/calp-es-prepara-per-a-la-xii-cursa-popular\/","og_locale":"ca_ES","og_type":"article","og_title":"Calp es prepara per a la XII Cursa Popular | R\u00e0dio Litoral","og_description":"La prova, segona del Circuit a Peu Marina Alta, recorrer\u00e0 9.200 metres pels passejos mar\u00edtims La prova, segona del Circuit a Peu Marina Alta, recorrer\u00e0 9.200 metres pels passejos mar\u00edtims","og_url":"https:\/\/radiolitoral.com\/ca\/2025\/02\/calp-es-prepara-per-a-la-xii-cursa-popular\/","og_site_name":"R\u00e0dio Litoral","article_publisher":"https:\/\/www.facebook.com\/Laradiolitoral\/","article_published_time":"2025-02-28T09:07:02+00:00","og_image":[{"width":1296,"height":864,"url":"https:\/\/media.radiolitoral.com\/wp-content\/uploads\/2025\/02\/27123913\/Atletes-en-la-Cursa-Popular-a-Calp.jpg","type":"image\/jpeg"}],"author":"Javier Zamora","twitter_card":"summary_large_image","twitter_misc":{"Escrit per":"Javier Zamora","Temps estimat de lectura":"2 minuts"},"schema":{"@context":"https:\/\/schema.org","@graph":[{"@type":"NewsArticle","@id":"https:\/\/radiolitoral.com\/2025\/02\/calp-es-prepara-per-a-la-xii-cursa-popular\/#article","isPartOf":{"@id":"https:\/\/radiolitoral.com\/2025\/02\/calp-es-prepara-per-a-la-xii-cursa-popular\/"},"author":{"name":"Javier Zamora","@id":"https:\/\/radiolitoral.com\/#\/schema\/person\/7b1480b5caeb5acdd4ec6379caf62b22"},"headline":"Calp es prepara per a la XII Cursa Popular","datePublished":"2025-02-28T09:07:02+00:00","mainEntityOfPage":{"@id":"https:\/\/radiolitoral.com\/2025\/02\/calp-es-prepara-per-a-la-xii-cursa-popular\/"},"wordCount":230,"commentCount":0,"publisher":{"@id":"https:\/\/radiolitoral.com\/#organization"},"image":{"@id":"https:\/\/radiolitoral.com\/2025\/02\/calp-es-prepara-per-a-la-xii-cursa-popular\/#primaryimage"},"thumbnailUrl":"https:\/\/media.radiolitoral.com\/wp-content\/uploads\/2025\/02\/27123913\/Atletes-en-la-Cursa-Popular-a-Calp.jpg","keywords":["Circuit a Peu Marina Alta","Club Atletismo Irun Calpe","Cursa Popular a Calp","deportes","Regidoria d\u2019Esports de l\u2019Ajuntament de Calp","XII Cursa Popular a Calp","XXVII Circuit a Peu Marina Alta"],"articleSection":["Deportes"],"inLanguage":"ca","potentialAction":[{"@type":"CommentAction","name":"Comment","target":["https:\/\/radiolitoral.com\/2025\/02\/calp-es-prepara-per-a-la-xii-cursa-popular\/#respond"]}]},{"@type":["WebPage","ItemPage"],"@id":"https:\/\/radiolitoral.com\/2025\/02\/calp-es-prepara-per-a-la-xii-cursa-popular\/","url":"https:\/\/radiolitoral.com\/2025\/02\/calp-es-prepara-per-a-la-xii-cursa-popular\/","name":"Calp \u00e9s prepara per a la XII Cursa Popular | R\u00e0dio Litoral","isPartOf":{"@id":"https:\/\/radiolitoral.com\/#website"},"primaryImageOfPage":{"@id":"https:\/\/radiolitoral.com\/2025\/02\/calp-es-prepara-per-a-la-xii-cursa-popular\/#primaryimage"},"image":{"@id":"https:\/\/radiolitoral.com\/2025\/02\/calp-es-prepara-per-a-la-xii-cursa-popular\/#primaryimage"},"thumbnailUrl":"https:\/\/media.radiolitoral.com\/wp-content\/uploads\/2025\/02\/27123913\/Atletes-en-la-Cursa-Popular-a-Calp.jpg","datePublished":"2025-02-28T09:07:02+00:00","description":"La prova, segona del Circuit a Peu Marina Alta, recorrer\u00e0 9.200 metres pels pases mar\u00edtims.","breadcrumb":{"@id":"https:\/\/radiolitoral.com\/2025\/02\/calp-es-prepara-per-a-la-xii-cursa-popular\/#breadcrumb"},"inLanguage":"ca","potentialAction":[{"@type":"ReadAction","target":["https:\/\/radiolitoral.com\/2025\/02\/calp-es-prepara-per-a-la-xii-cursa-popular\/"]}]},{"@type":"ImageObject","inLanguage":"ca","@id":"https:\/\/radiolitoral.com\/2025\/02\/calp-es-prepara-per-a-la-xii-cursa-popular\/#primaryimage","url":"https:\/\/media.radiolitoral.com\/wp-content\/uploads\/2025\/02\/27123913\/Atletes-en-la-Cursa-Popular-a-Calp.jpg","contentUrl":"https:\/\/media.radiolitoral.com\/wp-content\/uploads\/2025\/02\/27123913\/Atletes-en-la-Cursa-Popular-a-Calp.jpg","width":1296,"height":864},{"@type":"BreadcrumbList","@id":"https:\/\/radiolitoral.com\/2025\/02\/calp-es-prepara-per-a-la-xii-cursa-popular\/#breadcrumb","itemListElement":[{"@type":"ListItem","position":1,"name":"Portada","item":"https:\/\/radiolitoral.com\/"},{"@type":"ListItem","position":2,"name":"Calp es prepara per a la XII Cursa Popular"}]},{"@type":"WebSite","@id":"https:\/\/radiolitoral.com\/#website","url":"https:\/\/radiolitoral.com\/","name":"R\u00e0dio Litoral","description":"La r\u00e0dio local de la Marina Alta","publisher":{"@id":"https:\/\/radiolitoral.com\/#organization"},"alternateName":"Litoral FM","potentialAction":[{"@type":"SearchAction","target":{"@type":"EntryPoint","urlTemplate":"https:\/\/radiolitoral.com\/?s={search_term_string}"},"query-input":{"@type":"PropertyValueSpecification","valueRequired":true,"valueName":"search_term_string"}}],"inLanguage":"ca"},{"@type":"Organization","@id":"https:\/\/radiolitoral.com\/#organization","name":"R\u00e0dio Litoral","url":"https:\/\/radiolitoral.com\/","logo":{"@type":"ImageObject","inLanguage":"ca","@id":"https:\/\/radiolitoral.com\/#\/schema\/logo\/image\/","url":"https:\/\/media.radiolitoral.com\/wp-content\/uploads\/2023\/02\/24143238\/CL-V-RadioLitoral696.png","contentUrl":"https:\/\/media.radiolitoral.com\/wp-content\/uploads\/2023\/02\/24143238\/CL-V-RadioLitoral696.png","width":696,"height":696,"caption":"Radio Litoral"},"image":{"@id":"https:\/\/radiolitoral.com\/#\/schema\/logo\/image\/"},"sameAs":["https:\/\/www.facebook.com\/Laradiolitoral\/"]},{"@type":"Person","@id":"https:\/\/radiolitoral.com\/#\/schema\/person\/7b1480b5caeb5acdd4ec6379caf62b22","name":"Javier Zamora","image":{"@type":"ImageObject","inLanguage":"ca","@id":"https:\/\/secure.gravatar.com\/avatar\/467a11f6918c7d619c4043fc6fa2d3853053107973f05b6e9c04ea6c4e3a7b3f?s=96&d=mm&r=g","url":"https:\/\/secure.gravatar.com\/avatar\/467a11f6918c7d619c4043fc6fa2d3853053107973f05b6e9c04ea6c4e3a7b3f?s=96&d=mm&r=g","contentUrl":"https:\/\/secure.gravatar.com\/avatar\/467a11f6918c7d619c4043fc6fa2d3853053107973f05b6e9c04ea6c4e3a7b3f?s=96&d=mm&r=g","caption":"Javier Zamora"},"url":"https:\/\/radiolitoral.com\/ca\/author\/javier-zamora\/"}]}},"_links":{"self":[{"href":"https:\/\/radiolitoral.com\/ca\/wp-json\/wp\/v2\/posts\/15259","targetHints":{"allow":["GET"]}}],"collection":[{"href":"https:\/\/radiolitoral.com\/ca\/wp-json\/wp\/v2\/posts"}],"about":[{"href":"https:\/\/radiolitoral.com\/ca\/wp-json\/wp\/v2\/types\/post"}],"author":[{"embeddable":true,"href":"https:\/\/radiolitoral.com\/ca\/wp-json\/wp\/v2\/users\/12"}],"replies":[{"embeddable":true,"href":"https:\/\/radiolitoral.com\/ca\/wp-json\/wp\/v2\/comments?post=15259"}],"version-history":[{"count":4,"href":"https:\/\/radiolitoral.com\/ca\/wp-json\/wp\/v2\/posts\/15259\/revisions"}],"predecessor-version":[{"id":15274,"href":"https:\/\/radiolitoral.com\/ca\/wp-json\/wp\/v2\/posts\/15259\/revisions\/15274"}],"wp:featuredmedia":[{"embeddable":true,"href":"https:\/\/radiolitoral.com\/ca\/wp-json\/wp\/v2\/media\/15263"}],"wp:attachment":[{"href":"https:\/\/radiolitoral.com\/ca\/wp-json\/wp\/v2\/media?parent=15259"}],"wp:term":[{"taxonomy":"category","embeddable":true,"href":"https:\/\/radiolitoral.com\/ca\/wp-json\/wp\/v2\/categories?post=15259"},{"taxonomy":"post_tag","embeddable":true,"href":"https:\/\/radiolitoral.com\/ca\/wp-json\/wp\/v2\/tags?post=15259"}],"curies":[{"name":"wp","href":"https:\/\/api.w.org\/{rel}","templated":true}]}}