{"id":15254,"date":"2025-02-27T12:32:29","date_gmt":"2025-02-27T11:32:29","guid":{"rendered":"https:\/\/radiolitoral.com\/?p=15254"},"modified":"2025-02-27T12:32:29","modified_gmt":"2025-02-27T11:32:29","slug":"rosa-sala-volem-aconseguir-que-reflexionin-sobre-la-necessitat-de-la-igualtat-que-benissa-segueixi-mes-justa","status":"publish","type":"post","link":"https:\/\/radiolitoral.com\/ca\/2025\/02\/rosa-sala-volem-aconseguir-que-reflexionen-sobre-la-necessitat-de-la-igualtat-que-benissa-siga-mes-justa\/","title":{"rendered":"Rosa Sala: \u201cVolem aconseguir que reflexionin sobre la necessitat de la igualtat, que Benissa segueixi m\u00e9s justa\u201d"},"content":{"rendered":"<p>El nostre <strong>Primer Caf\u00e8<\/strong> de hui s&#039;ha tintat de morat, color que simbolitza la lluita feminista. Ens hem avan\u00e7at al que passar\u00e0 al llarg de l&#039;imminent mes de mar\u00e7 per parlar de la commemoraci\u00f3 del <strong>8M a Benissa<\/strong>, <strong>Dia Internacional de la Dona<\/strong>. Efem\u00e8ride que es recorda al llarg de tot un mes per donar visibilitat a les reivindicacions en defensa de la <strong>igualtat de g\u00e8nere<\/strong>. Hem compartit aquest Primer Caf\u00e8 color morat amb <strong>Rosa Sala, secretaria del Consell Municipal d&#039;Igualtat<\/strong> i membre de la <strong>Xarxa de Dons de la Marina Alta<\/strong>. Amb ella hem pogut con\u00e8ixer les propostes que conformaran el programa commemoratiu del Dia Internacional de la Dona a Benissa.<\/p>\n<p>Una programaci\u00f3 que posa l&#039;accent a la lluita dels dons migrants. S&#039;ha preparat una exposici\u00f3 que sota el t\u00edtol Benissers emigrants d\u00f3na visibilitat a aquelles dons valentes i decidides que per diferents motius van haver d&#039;emigrar a l&#039;estranger. Una mostra que recull les viv\u00e8ncies i els desafiaments d&#039;una veintena de ve\u00efns de Benissa que van viatjar a Alemanya, Fran\u00e7a, Argentina o Alg\u00e8ria. Una exposici\u00f3 que inclou un apartat dedicat al treball de les benisseres a la f\u00e0brica de Schubert, i que \u00e9s el fruit d&#039;una laboriosa recerca amb la qual es vol recuperar la mem\u00f2ria de Benissa i el paper fonamental de les dones. La mostra ocupar\u00e0 el c\u00e8ntric carrer Pur\u00edssima, al nucli hist\u00f2ric, i ser\u00e0 inaugurada el divendres 7 de mar\u00e7 a les 19 hores.<\/p>\n<p>La programaci\u00f3 tamb\u00e9 inclou: xerrades, un curs de defensa personal, una lectura p\u00fablica, l&#039;acte institucional amb motiu del 8M amb la lectura del manifest feminista per la igualtat, el concurs de relats per la igualtat dirigit a estudiants de la localitat, un concert, conta-contes per a la xicalla, una taula rodona sobre els estereotips de g\u00e8nere en les professions, un espectacle po\u00e8tic i la posada en escena de l&#039;obra teatral \u201cAdeu, Paco\u201d. Un complet programa d&#039;activitats que arranca l&#039;1 de mar\u00e7 i es prolongar\u00e0 fins al 28 d&#039;aquest mes.<\/p>\n<p>Podeu escortar l&#039;entrevista completa aqu\u00ed.<\/p>\n<audio class=\"wp-audio-shortcode\" id=\"audio-15254-1\" preload=\"none\" style=\"width: 100%;\" controls=\"controls\"><source type=\"audio\/mpeg\" src=\"https:\/\/media.radiolitoral.com\/wp-content\/uploads\/2025\/02\/27122133\/Primer-Cafe-8M-a-Benissa.mp3?_=1\" \/><a href=\"https:\/\/media.radiolitoral.com\/wp-content\/uploads\/2025\/02\/27122133\/Primer-Cafe-8M-a-Benissa.mp3\">https:\/\/media.radiolitoral.com\/wp-content\/uploads\/2025\/02\/27122133\/Primer-Cafe-8M-a-Benissa.mp3<\/a><\/audio>","protected":false},"excerpt":{"rendered":"<p>El nostre Primer Caf\u00e9 de hui s&#8217;ha tintat de morat, color que simbolitza la lluita feminista. Ens hem avan\u00e7at al que passar\u00e0 al llarg de l&#8217;imminent mes de mar\u00e7 per parlar de la commemoraci\u00f3 del 8M a Benissa, Dia Internacional de la Dona. Efem\u00e8ride que es recorda al llarg de tot un mes per a [&#8230;]<\/p>\n<p><a class=\"btn btn-secondary understrap-read-more-link\" href=\"https:\/\/radiolitoral.com\/ca\/2025\/02\/rosa-sala-volem-aconseguir-que-reflexionen-sobre-la-necessitat-de-la-igualtat-que-benissa-siga-mes-justa\/\">Continua llegint&#8230;<span class=\"screen-reader-text\"> from Rosa Sala: \u201cVolem aconseguir que reflexionen sobre la necessitat de la igualtat, que Benissa siga m\u00e9s justa\u201d<\/span><\/a><\/p>\n","protected":false},"author":13,"featured_media":15256,"comment_status":"open","ping_status":"closed","sticky":false,"template":"","format":"standard","meta":{"_acf_changed":false,"inline_featured_image":false,"footnotes":""},"categories":[2753,114],"tags":[115,63,3762,3119,3814,2312,3813],"class_list":["post-15254","post","type-post","status-publish","format-standard","has-post-thumbnail","hentry","category-entrevistas","category-igualdad","tag-8m","tag-agenda","tag-dia-internacional-de-la-mujer","tag-exposicio","tag-migracio","tag-primer-cafe","tag-rosa-sala","cobertura-benissa"],"acf":[],"yoast_head":"<!-- This site is optimized with the Yoast SEO plugin v27.5 - https:\/\/yoast.com\/product\/yoast-seo-wordpress\/ -->\n<title>Rosa Sala: \u201cVolem aconseguir que reflexionen sobre la necessitat de la igualtat, que Benissa siga m\u00e9s justa\u201d | R\u00e0dio Litoral<\/title>\n<meta name=\"description\" content=\"Benissa dedica el mes de mar\u00e7 a la dona amb un ampli i variat programa d&#039;activitats l\u00fadiques, culturals i reivindicatives\" \/>\n<meta name=\"robots\" content=\"index, follow, max-snippet:-1, max-image-preview:large, max-video-preview:-1\" \/>\n<link rel=\"canonical\" href=\"https:\/\/radiolitoral.com\/ca\/2025\/02\/rosa-sala-volem-aconseguir-que-reflexionin-sobre-la-necessitat-de-la-igualtat-que-benissa-segueixi-mes-justa\/\" \/>\n<meta property=\"og:locale\" content=\"ca_ES\" \/>\n<meta property=\"og:type\" content=\"article\" \/>\n<meta property=\"og:title\" content=\"Rosa Sala: \u201cVolem aconseguir que reflexionen sobre la necessitat de la igualtat, que Benissa siga m\u00e9s justa\u201d | R\u00e0dio Litoral\" \/>\n<meta property=\"og:description\" content=\"Benissa dedica el mes de mar\u00e7 a la dona amb un ampli i variat programa d&#039;activitats l\u00fadiques, culturals i reivindicatives\" \/>\n<meta property=\"og:url\" content=\"https:\/\/radiolitoral.com\/ca\/2025\/02\/rosa-sala-volem-aconseguir-que-reflexionin-sobre-la-necessitat-de-la-igualtat-que-benissa-segueixi-mes-justa\/\" \/>\n<meta property=\"og:site_name\" content=\"R\u00e0dio Litoral\" \/>\n<meta property=\"article:publisher\" content=\"https:\/\/www.facebook.com\/Laradiolitoral\/\" \/>\n<meta property=\"article:published_time\" content=\"2025-02-27T11:32:29+00:00\" \/>\n<meta property=\"og:image\" content=\"https:\/\/media.radiolitoral.com\/wp-content\/uploads\/2025\/02\/27122726\/Rosa-Sala-Primer-Cafe-e1740655826937.jpg\" \/>\n\t<meta property=\"og:image:width\" content=\"2000\" \/>\n\t<meta property=\"og:image:height\" content=\"1353\" \/>\n\t<meta property=\"og:image:type\" content=\"image\/jpeg\" \/>\n<meta name=\"author\" content=\"Redacci\u00f3n\" \/>\n<meta name=\"twitter:card\" content=\"summary_large_image\" \/>\n<meta name=\"twitter:label1\" content=\"Escrit per\" \/>\n\t<meta name=\"twitter:data1\" content=\"Redacci\u00f3n\" \/>\n\t<meta name=\"twitter:label2\" content=\"Temps estimat de lectura\" \/>\n\t<meta name=\"twitter:data2\" content=\"2 minuts\" \/>\n<script type=\"application\/ld+json\" class=\"yoast-schema-graph\">{\"@context\":\"https:\\\/\\\/schema.org\",\"@graph\":[{\"@type\":\"NewsArticle\",\"@id\":\"https:\\\/\\\/radiolitoral.com\\\/2025\\\/02\\\/rosa-sala-volem-aconseguir-que-reflexionen-sobre-la-necessitat-de-la-igualtat-que-benissa-siga-mes-justa\\\/#article\",\"isPartOf\":{\"@id\":\"https:\\\/\\\/radiolitoral.com\\\/2025\\\/02\\\/rosa-sala-volem-aconseguir-que-reflexionen-sobre-la-necessitat-de-la-igualtat-que-benissa-siga-mes-justa\\\/\"},\"author\":{\"name\":\"Redacci\u00f3n\",\"@id\":\"https:\\\/\\\/radiolitoral.com\\\/#\\\/schema\\\/person\\\/f2b2343c49b5d721857cc1002bfdb151\"},\"headline\":\"Rosa Sala: \u201cVolem aconseguir que reflexionen sobre la necessitat de la igualtat, que Benissa siga m\u00e9s justa\u201d\",\"datePublished\":\"2025-02-27T11:32:29+00:00\",\"mainEntityOfPage\":{\"@id\":\"https:\\\/\\\/radiolitoral.com\\\/2025\\\/02\\\/rosa-sala-volem-aconseguir-que-reflexionen-sobre-la-necessitat-de-la-igualtat-que-benissa-siga-mes-justa\\\/\"},\"wordCount\":392,\"commentCount\":0,\"publisher\":{\"@id\":\"https:\\\/\\\/radiolitoral.com\\\/#organization\"},\"image\":{\"@id\":\"https:\\\/\\\/radiolitoral.com\\\/2025\\\/02\\\/rosa-sala-volem-aconseguir-que-reflexionen-sobre-la-necessitat-de-la-igualtat-que-benissa-siga-mes-justa\\\/#primaryimage\"},\"thumbnailUrl\":\"https:\\\/\\\/media.radiolitoral.com\\\/wp-content\\\/uploads\\\/2025\\\/02\\\/27122726\\\/Rosa-Sala-Primer-Cafe-e1740655826937.jpg\",\"keywords\":[\"8M\",\"Agenda\",\"Dia Internacional de la Mujer\",\"Exposici\u00f3\",\"Migraci\u00f3\",\"Primer Caf\u00e9\",\"Rosa Sala\"],\"articleSection\":[\"Entrevistas\",\"Igualdad\"],\"inLanguage\":\"ca\",\"potentialAction\":[{\"@type\":\"CommentAction\",\"name\":\"Comment\",\"target\":[\"https:\\\/\\\/radiolitoral.com\\\/2025\\\/02\\\/rosa-sala-volem-aconseguir-que-reflexionen-sobre-la-necessitat-de-la-igualtat-que-benissa-siga-mes-justa\\\/#respond\"]}]},{\"@type\":[\"WebPage\",\"ItemPage\"],\"@id\":\"https:\\\/\\\/radiolitoral.com\\\/2025\\\/02\\\/rosa-sala-volem-aconseguir-que-reflexionen-sobre-la-necessitat-de-la-igualtat-que-benissa-siga-mes-justa\\\/\",\"url\":\"https:\\\/\\\/radiolitoral.com\\\/2025\\\/02\\\/rosa-sala-volem-aconseguir-que-reflexionen-sobre-la-necessitat-de-la-igualtat-que-benissa-siga-mes-justa\\\/\",\"name\":\"Rosa Sala: \u201cVolem aconseguir que reflexionen sobre la necessitat de la igualtat, que Benissa siga m\u00e9s justa\u201d | R\u00e0dio Litoral\",\"isPartOf\":{\"@id\":\"https:\\\/\\\/radiolitoral.com\\\/#website\"},\"primaryImageOfPage\":{\"@id\":\"https:\\\/\\\/radiolitoral.com\\\/2025\\\/02\\\/rosa-sala-volem-aconseguir-que-reflexionen-sobre-la-necessitat-de-la-igualtat-que-benissa-siga-mes-justa\\\/#primaryimage\"},\"image\":{\"@id\":\"https:\\\/\\\/radiolitoral.com\\\/2025\\\/02\\\/rosa-sala-volem-aconseguir-que-reflexionen-sobre-la-necessitat-de-la-igualtat-que-benissa-siga-mes-justa\\\/#primaryimage\"},\"thumbnailUrl\":\"https:\\\/\\\/media.radiolitoral.com\\\/wp-content\\\/uploads\\\/2025\\\/02\\\/27122726\\\/Rosa-Sala-Primer-Cafe-e1740655826937.jpg\",\"datePublished\":\"2025-02-27T11:32:29+00:00\",\"description\":\"Benissa dedica el mes de mar\u00e7 a la dona amb un ampli i variat programa d'activitats l\u00fadiques, culturals i reivindicatives\",\"breadcrumb\":{\"@id\":\"https:\\\/\\\/radiolitoral.com\\\/2025\\\/02\\\/rosa-sala-volem-aconseguir-que-reflexionen-sobre-la-necessitat-de-la-igualtat-que-benissa-siga-mes-justa\\\/#breadcrumb\"},\"inLanguage\":\"ca\",\"potentialAction\":[{\"@type\":\"ReadAction\",\"target\":[\"https:\\\/\\\/radiolitoral.com\\\/2025\\\/02\\\/rosa-sala-volem-aconseguir-que-reflexionen-sobre-la-necessitat-de-la-igualtat-que-benissa-siga-mes-justa\\\/\"]}]},{\"@type\":\"ImageObject\",\"inLanguage\":\"ca\",\"@id\":\"https:\\\/\\\/radiolitoral.com\\\/2025\\\/02\\\/rosa-sala-volem-aconseguir-que-reflexionen-sobre-la-necessitat-de-la-igualtat-que-benissa-siga-mes-justa\\\/#primaryimage\",\"url\":\"https:\\\/\\\/media.radiolitoral.com\\\/wp-content\\\/uploads\\\/2025\\\/02\\\/27122726\\\/Rosa-Sala-Primer-Cafe-e1740655826937.jpg\",\"contentUrl\":\"https:\\\/\\\/media.radiolitoral.com\\\/wp-content\\\/uploads\\\/2025\\\/02\\\/27122726\\\/Rosa-Sala-Primer-Cafe-e1740655826937.jpg\",\"width\":2000,\"height\":1353},{\"@type\":\"BreadcrumbList\",\"@id\":\"https:\\\/\\\/radiolitoral.com\\\/2025\\\/02\\\/rosa-sala-volem-aconseguir-que-reflexionen-sobre-la-necessitat-de-la-igualtat-que-benissa-siga-mes-justa\\\/#breadcrumb\",\"itemListElement\":[{\"@type\":\"ListItem\",\"position\":1,\"name\":\"Portada\",\"item\":\"https:\\\/\\\/radiolitoral.com\\\/\"},{\"@type\":\"ListItem\",\"position\":2,\"name\":\"Rosa Sala: \u201cVolem aconseguir que reflexionen sobre la necessitat de la igualtat, que Benissa siga m\u00e9s justa\u201d\"}]},{\"@type\":\"WebSite\",\"@id\":\"https:\\\/\\\/radiolitoral.com\\\/#website\",\"url\":\"https:\\\/\\\/radiolitoral.com\\\/\",\"name\":\"Radio Litoral\",\"description\":\"La radio local de la Marina Alta\",\"publisher\":{\"@id\":\"https:\\\/\\\/radiolitoral.com\\\/#organization\"},\"alternateName\":\"Litoral FM\",\"potentialAction\":[{\"@type\":\"SearchAction\",\"target\":{\"@type\":\"EntryPoint\",\"urlTemplate\":\"https:\\\/\\\/radiolitoral.com\\\/?s={search_term_string}\"},\"query-input\":{\"@type\":\"PropertyValueSpecification\",\"valueRequired\":true,\"valueName\":\"search_term_string\"}}],\"inLanguage\":\"ca\"},{\"@type\":\"Organization\",\"@id\":\"https:\\\/\\\/radiolitoral.com\\\/#organization\",\"name\":\"Radio Litoral\",\"url\":\"https:\\\/\\\/radiolitoral.com\\\/\",\"logo\":{\"@type\":\"ImageObject\",\"inLanguage\":\"ca\",\"@id\":\"https:\\\/\\\/radiolitoral.com\\\/#\\\/schema\\\/logo\\\/image\\\/\",\"url\":\"https:\\\/\\\/media.radiolitoral.com\\\/wp-content\\\/uploads\\\/2023\\\/02\\\/24143238\\\/CL-V-RadioLitoral696.png\",\"contentUrl\":\"https:\\\/\\\/media.radiolitoral.com\\\/wp-content\\\/uploads\\\/2023\\\/02\\\/24143238\\\/CL-V-RadioLitoral696.png\",\"width\":696,\"height\":696,\"caption\":\"Radio Litoral\"},\"image\":{\"@id\":\"https:\\\/\\\/radiolitoral.com\\\/#\\\/schema\\\/logo\\\/image\\\/\"},\"sameAs\":[\"https:\\\/\\\/www.facebook.com\\\/Laradiolitoral\\\/\"]},{\"@type\":\"Person\",\"@id\":\"https:\\\/\\\/radiolitoral.com\\\/#\\\/schema\\\/person\\\/f2b2343c49b5d721857cc1002bfdb151\",\"name\":\"Redacci\u00f3n\",\"image\":{\"@type\":\"ImageObject\",\"inLanguage\":\"ca\",\"@id\":\"https:\\\/\\\/secure.gravatar.com\\\/avatar\\\/f771d896c203ad8b3382d7905cfcce5a5c9b008b84b3cd9114e9b9f4cb63f789?s=96&d=mm&r=g\",\"url\":\"https:\\\/\\\/secure.gravatar.com\\\/avatar\\\/f771d896c203ad8b3382d7905cfcce5a5c9b008b84b3cd9114e9b9f4cb63f789?s=96&d=mm&r=g\",\"contentUrl\":\"https:\\\/\\\/secure.gravatar.com\\\/avatar\\\/f771d896c203ad8b3382d7905cfcce5a5c9b008b84b3cd9114e9b9f4cb63f789?s=96&d=mm&r=g\",\"caption\":\"Redacci\u00f3n\"},\"url\":\"https:\\\/\\\/radiolitoral.com\\\/ca\\\/author\\\/miriam-pagan\\\/\"}]}<\/script>\n<!-- \/ Yoast SEO plugin. -->","yoast_head_json":{"title":"Rosa Sala: &quot;Volem aconseguir que reflexionin sobre la necessitat de la igualtat, que Benissa segueixi m\u00e9s justa&quot; | R\u00e0dio Litoral","description":"Benissa dedica el mes de mar\u00e7 a la dona amb un ampli i variat programa d&#039;activitats l\u00fadiques, culturals i reivindicatives","robots":{"index":"index","follow":"follow","max-snippet":"max-snippet:-1","max-image-preview":"max-image-preview:large","max-video-preview":"max-video-preview:-1"},"canonical":"https:\/\/radiolitoral.com\/ca\/2025\/02\/rosa-sala-volem-aconseguir-que-reflexionin-sobre-la-necessitat-de-la-igualtat-que-benissa-segueixi-mes-justa\/","og_locale":"ca_ES","og_type":"article","og_title":"Rosa Sala: \u201cVolem aconseguir que reflexionen sobre la necessitat de la igualtat, que Benissa siga m\u00e9s justa\u201d | R\u00e0dio Litoral","og_description":"Benissa dedica el mes de mar\u00e7 a la dona amb un ampli i variat programa d'activitats l\u00fadiques, culturals i reivindicatives","og_url":"https:\/\/radiolitoral.com\/ca\/2025\/02\/rosa-sala-volem-aconseguir-que-reflexionin-sobre-la-necessitat-de-la-igualtat-que-benissa-segueixi-mes-justa\/","og_site_name":"R\u00e0dio Litoral","article_publisher":"https:\/\/www.facebook.com\/Laradiolitoral\/","article_published_time":"2025-02-27T11:32:29+00:00","og_image":[{"width":2000,"height":1353,"url":"https:\/\/media.radiolitoral.com\/wp-content\/uploads\/2025\/02\/27122726\/Rosa-Sala-Primer-Cafe-e1740655826937.jpg","type":"image\/jpeg"}],"author":"Redacci\u00f3n","twitter_card":"summary_large_image","twitter_misc":{"Escrit per":"Redacci\u00f3n","Temps estimat de lectura":"2 minuts"},"schema":{"@context":"https:\/\/schema.org","@graph":[{"@type":"NewsArticle","@id":"https:\/\/radiolitoral.com\/2025\/02\/rosa-sala-volem-aconseguir-que-reflexionen-sobre-la-necessitat-de-la-igualtat-que-benissa-siga-mes-justa\/#article","isPartOf":{"@id":"https:\/\/radiolitoral.com\/2025\/02\/rosa-sala-volem-aconseguir-que-reflexionen-sobre-la-necessitat-de-la-igualtat-que-benissa-siga-mes-justa\/"},"author":{"name":"Redacci\u00f3n","@id":"https:\/\/radiolitoral.com\/#\/schema\/person\/f2b2343c49b5d721857cc1002bfdb151"},"headline":"Rosa Sala: \u201cVolem aconseguir que reflexionen sobre la necessitat de la igualtat, que Benissa siga m\u00e9s justa\u201d","datePublished":"2025-02-27T11:32:29+00:00","mainEntityOfPage":{"@id":"https:\/\/radiolitoral.com\/2025\/02\/rosa-sala-volem-aconseguir-que-reflexionen-sobre-la-necessitat-de-la-igualtat-que-benissa-siga-mes-justa\/"},"wordCount":392,"commentCount":0,"publisher":{"@id":"https:\/\/radiolitoral.com\/#organization"},"image":{"@id":"https:\/\/radiolitoral.com\/2025\/02\/rosa-sala-volem-aconseguir-que-reflexionen-sobre-la-necessitat-de-la-igualtat-que-benissa-siga-mes-justa\/#primaryimage"},"thumbnailUrl":"https:\/\/media.radiolitoral.com\/wp-content\/uploads\/2025\/02\/27122726\/Rosa-Sala-Primer-Cafe-e1740655826937.jpg","keywords":["8M","Agenda","Dia Internacional de la Mujer","Exposici\u00f3","Migraci\u00f3","Primer Caf\u00e9","Rosa Sala"],"articleSection":["Entrevistas","Igualdad"],"inLanguage":"ca","potentialAction":[{"@type":"CommentAction","name":"Comment","target":["https:\/\/radiolitoral.com\/2025\/02\/rosa-sala-volem-aconseguir-que-reflexionen-sobre-la-necessitat-de-la-igualtat-que-benissa-siga-mes-justa\/#respond"]}]},{"@type":["WebPage","ItemPage"],"@id":"https:\/\/radiolitoral.com\/2025\/02\/rosa-sala-volem-aconseguir-que-reflexionen-sobre-la-necessitat-de-la-igualtat-que-benissa-siga-mes-justa\/","url":"https:\/\/radiolitoral.com\/2025\/02\/rosa-sala-volem-aconseguir-que-reflexionen-sobre-la-necessitat-de-la-igualtat-que-benissa-siga-mes-justa\/","name":"Rosa Sala: &quot;Volem aconseguir que reflexionin sobre la necessitat de la igualtat, que Benissa segueixi m\u00e9s justa&quot; | R\u00e0dio Litoral","isPartOf":{"@id":"https:\/\/radiolitoral.com\/#website"},"primaryImageOfPage":{"@id":"https:\/\/radiolitoral.com\/2025\/02\/rosa-sala-volem-aconseguir-que-reflexionen-sobre-la-necessitat-de-la-igualtat-que-benissa-siga-mes-justa\/#primaryimage"},"image":{"@id":"https:\/\/radiolitoral.com\/2025\/02\/rosa-sala-volem-aconseguir-que-reflexionen-sobre-la-necessitat-de-la-igualtat-que-benissa-siga-mes-justa\/#primaryimage"},"thumbnailUrl":"https:\/\/media.radiolitoral.com\/wp-content\/uploads\/2025\/02\/27122726\/Rosa-Sala-Primer-Cafe-e1740655826937.jpg","datePublished":"2025-02-27T11:32:29+00:00","description":"Benissa dedica el mes de mar\u00e7 a la dona amb un ampli i variat programa d&#039;activitats l\u00fadiques, culturals i reivindicatives","breadcrumb":{"@id":"https:\/\/radiolitoral.com\/2025\/02\/rosa-sala-volem-aconseguir-que-reflexionen-sobre-la-necessitat-de-la-igualtat-que-benissa-siga-mes-justa\/#breadcrumb"},"inLanguage":"ca","potentialAction":[{"@type":"ReadAction","target":["https:\/\/radiolitoral.com\/2025\/02\/rosa-sala-volem-aconseguir-que-reflexionen-sobre-la-necessitat-de-la-igualtat-que-benissa-siga-mes-justa\/"]}]},{"@type":"ImageObject","inLanguage":"ca","@id":"https:\/\/radiolitoral.com\/2025\/02\/rosa-sala-volem-aconseguir-que-reflexionen-sobre-la-necessitat-de-la-igualtat-que-benissa-siga-mes-justa\/#primaryimage","url":"https:\/\/media.radiolitoral.com\/wp-content\/uploads\/2025\/02\/27122726\/Rosa-Sala-Primer-Cafe-e1740655826937.jpg","contentUrl":"https:\/\/media.radiolitoral.com\/wp-content\/uploads\/2025\/02\/27122726\/Rosa-Sala-Primer-Cafe-e1740655826937.jpg","width":2000,"height":1353},{"@type":"BreadcrumbList","@id":"https:\/\/radiolitoral.com\/2025\/02\/rosa-sala-volem-aconseguir-que-reflexionen-sobre-la-necessitat-de-la-igualtat-que-benissa-siga-mes-justa\/#breadcrumb","itemListElement":[{"@type":"ListItem","position":1,"name":"Portada","item":"https:\/\/radiolitoral.com\/"},{"@type":"ListItem","position":2,"name":"Rosa Sala: \u201cVolem aconseguir que reflexionen sobre la necessitat de la igualtat, que Benissa siga m\u00e9s justa\u201d"}]},{"@type":"WebSite","@id":"https:\/\/radiolitoral.com\/#website","url":"https:\/\/radiolitoral.com\/","name":"R\u00e0dio Litoral","description":"La r\u00e0dio local de la Marina Alta","publisher":{"@id":"https:\/\/radiolitoral.com\/#organization"},"alternateName":"Litoral FM","potentialAction":[{"@type":"SearchAction","target":{"@type":"EntryPoint","urlTemplate":"https:\/\/radiolitoral.com\/?s={search_term_string}"},"query-input":{"@type":"PropertyValueSpecification","valueRequired":true,"valueName":"search_term_string"}}],"inLanguage":"ca"},{"@type":"Organization","@id":"https:\/\/radiolitoral.com\/#organization","name":"R\u00e0dio Litoral","url":"https:\/\/radiolitoral.com\/","logo":{"@type":"ImageObject","inLanguage":"ca","@id":"https:\/\/radiolitoral.com\/#\/schema\/logo\/image\/","url":"https:\/\/media.radiolitoral.com\/wp-content\/uploads\/2023\/02\/24143238\/CL-V-RadioLitoral696.png","contentUrl":"https:\/\/media.radiolitoral.com\/wp-content\/uploads\/2023\/02\/24143238\/CL-V-RadioLitoral696.png","width":696,"height":696,"caption":"Radio Litoral"},"image":{"@id":"https:\/\/radiolitoral.com\/#\/schema\/logo\/image\/"},"sameAs":["https:\/\/www.facebook.com\/Laradiolitoral\/"]},{"@type":"Person","@id":"https:\/\/radiolitoral.com\/#\/schema\/person\/f2b2343c49b5d721857cc1002bfdb151","name":"Redacci\u00f3","image":{"@type":"ImageObject","inLanguage":"ca","@id":"https:\/\/secure.gravatar.com\/avatar\/f771d896c203ad8b3382d7905cfcce5a5c9b008b84b3cd9114e9b9f4cb63f789?s=96&d=mm&r=g","url":"https:\/\/secure.gravatar.com\/avatar\/f771d896c203ad8b3382d7905cfcce5a5c9b008b84b3cd9114e9b9f4cb63f789?s=96&d=mm&r=g","contentUrl":"https:\/\/secure.gravatar.com\/avatar\/f771d896c203ad8b3382d7905cfcce5a5c9b008b84b3cd9114e9b9f4cb63f789?s=96&d=mm&r=g","caption":"Redacci\u00f3n"},"url":"https:\/\/radiolitoral.com\/ca\/author\/miriam-pagan\/"}]}},"_links":{"self":[{"href":"https:\/\/radiolitoral.com\/ca\/wp-json\/wp\/v2\/posts\/15254","targetHints":{"allow":["GET"]}}],"collection":[{"href":"https:\/\/radiolitoral.com\/ca\/wp-json\/wp\/v2\/posts"}],"about":[{"href":"https:\/\/radiolitoral.com\/ca\/wp-json\/wp\/v2\/types\/post"}],"author":[{"embeddable":true,"href":"https:\/\/radiolitoral.com\/ca\/wp-json\/wp\/v2\/users\/13"}],"replies":[{"embeddable":true,"href":"https:\/\/radiolitoral.com\/ca\/wp-json\/wp\/v2\/comments?post=15254"}],"version-history":[{"count":3,"href":"https:\/\/radiolitoral.com\/ca\/wp-json\/wp\/v2\/posts\/15254\/revisions"}],"predecessor-version":[{"id":15261,"href":"https:\/\/radiolitoral.com\/ca\/wp-json\/wp\/v2\/posts\/15254\/revisions\/15261"}],"wp:featuredmedia":[{"embeddable":true,"href":"https:\/\/radiolitoral.com\/ca\/wp-json\/wp\/v2\/media\/15256"}],"wp:attachment":[{"href":"https:\/\/radiolitoral.com\/ca\/wp-json\/wp\/v2\/media?parent=15254"}],"wp:term":[{"taxonomy":"category","embeddable":true,"href":"https:\/\/radiolitoral.com\/ca\/wp-json\/wp\/v2\/categories?post=15254"},{"taxonomy":"post_tag","embeddable":true,"href":"https:\/\/radiolitoral.com\/ca\/wp-json\/wp\/v2\/tags?post=15254"}],"curies":[{"name":"wp","href":"https:\/\/api.w.org\/{rel}","templated":true}]}}