{"id":15252,"date":"2025-02-28T10:05:56","date_gmt":"2025-02-28T09:05:56","guid":{"rendered":"https:\/\/radiolitoral.com\/?p=15252"},"modified":"2025-02-28T10:05:56","modified_gmt":"2025-02-28T09:05:56","slug":"masymas-renova-el-patrocini-al-pilotari-marc-giner","status":"publish","type":"post","link":"https:\/\/radiolitoral.com\/ca\/2025\/02\/masymas-renueva-el-patrocinio-al-pelotari-marc-giner\/","title":{"rendered":"Masymas renova el patrocini al pilot Marc Giner"},"content":{"rendered":"<p><strong><span class=\"hiddenSpellError\">Masymas<\/span>\u00a0Supermercats<\/strong> ha renovat el patrocini amb el pilotari <strong>Marc\u00a0<span class=\"hiddenSuggestion\">Giner<\/span><\/strong>, assegurant aix\u00ed la seva continu\u00eftat com a imatge de la cadena durant una temporada m\u00e9s. Aquesta col\u00b7laboraci\u00f3, que es va mantenir dons de fa m\u00e9s de set anys, reafirma el comprom\u00eds de l&#039;empresa valenciana amb l&#039;esport aut\u00f2cton i amb els joves promesos de la pilota.<\/p>\n<p>Marc\u00a0<span class=\"hiddenSuggestion\">Giner<\/span>, que actualment combina la seva carrera com a professional amb la tasca d&#039;entrenador a l&#039;escola de pilota, ha expressat el seu agrade\u00efment: \u00ab\u00c9s un honor comptar amb el suport de Masymas. Han estat al meu costat dons dels meus inicis i han donat suport als grans referents de la pilota abans que jo debut\u00e9s\u00bb.<\/p>\n<p>El Director General de masymas Supermercats, <strong>Josep\u00a0<span class=\"hiddenSpellError\">Joan<\/span>\u00a0<span class=\"hiddenSpellError\">Forn\u00e8s<\/span><\/strong>, va destacar la import\u00e0ncia d&#039;<span class=\"hiddenSuggestion\">aquest<\/span>\u00a0acord: \u00abCom a empresa valenciana, \u00e9s un orgull comprometre&#039;ns amb\u00a0<span class=\"hiddenSuggestion\">aquest<\/span>\u00a0esport tan nostre i donar suport als millors pilotaris. Marc\u00a0<span class=\"hiddenSuggestion\">Giner<\/span> representa valors com el talent, l&#039;esfor\u00e7 i la passi\u00f3, i estem encantats de continuar recolzant-lo en la seva traject\u00f2ria\u00bb.<\/p>\n<p>Des que es va convertir en professional el 2017,\u00a0<span class=\"hiddenSuggestion\">Giner<\/span>\u00a0ha acumulat un palmar\u00e8s impressionant, per\u00f2 el 2024 ha estat, sens dubte, el seu any m\u00e9s brillant. A m\u00e9s de sumar dos mundials i dos europeus amb la selecci\u00f3, ha aconseguit els dos t\u00edtols m\u00e9s importants de la pilota valenciana a la m\u00e0xima categoria en una mateixa temporada:<\/p>\n<p><strong>Campi\u00f3 de la Lliga CaixaBank<\/strong><br \/>\n<strong>Campi\u00f3 de l&#039;Individual President de la Generalitat<\/strong><br \/>\nA m\u00e9s, al seu extens palmar\u00e8s figuren:<br \/>\n<strong>Subcampi\u00f3 de la Lliga (2021)<\/strong><br \/>\n<strong>Campi\u00f3 del Trofeu\u00a0<span class=\"hiddenSpellError\">Masymas<\/span>\u00a0(2017)<\/strong><br \/>\n<strong>Campi\u00f3 del Trofeu Diputaci\u00f3 d&#039;Alacant (2017, 2020, 2021)<\/strong><br \/>\n<strong>Campi\u00f3 del Trofeu Generalitat Valenciana (2020)<\/strong><br \/>\n<strong>Campi\u00f3 del Trofeu Mestres-Ciutat de Val\u00e8ncia (2021)<\/strong><br \/>\n<strong>Campi\u00f3 del Trofeu de D\u00e9nia (2021)<\/strong><br \/>\n<strong>Campi\u00f3 del Trofeu Vila de Benissa (2021)<\/strong><br \/>\n<strong>Subcampi\u00f3 del Trofeu\u00a0<span class=\"hiddenSpellError\">Vicente<\/span>\u00a0P\u00e9rez Devesa (2020)<\/strong><\/p>\n<p>Despr\u00e9s d\u00b4una temporada espectacular,\u00a0<span class=\"hiddenSuggestion\">Giner<\/span>\u00a0\u00e9s el n\u00famero 1 del r\u00e0nquing oficial de la <strong>Federaci\u00f3 de Pilota Valenciana<\/strong> per m\u00e8rits esportius i lluir\u00e0 la malla vermella a tots els trinquets fins a la disputa del t\u00edtol el 2025.<\/p>\n<p>Amb la renovaci\u00f3 del contracte de patrocini, Marc <span class=\"hiddenSuggestion\">Giner<\/span>\u00a0afronta el 2025 amb l&#039;ambici\u00f3 de repetir \u00e8xits i consolidar-<span class=\"hiddenGrammarError\">ca<\/span>\u00a0com el millor pilotari del moment.<\/p>\n<p><span class=\"hiddenSpellError\">Masymas<\/span>, fidel al seu comprom\u00eds amb la pilota valenciana, renova la seva confian\u00e7a en un dels jugadors m\u00e9s complets de la modalitat reina, compartint amb ells valors com l&#039;esfor\u00e7, la const\u00e0ncia i la passi\u00f3 per la pilota.<\/p>\n<p><script src=\"chrome-extension:\/\/flbolonkboilcbnohjlchlfgdalomdpl\/iFrame.js\" type=\"text\/javascript\"><\/script><\/p>\n<p><script src=\"chrome-extension:\/\/flbolonkboilcbnohjlchlfgdalomdpl\/iFrame.js\" type=\"text\/javascript\"><\/script><\/p>","protected":false},"excerpt":{"rendered":"<p>Masymas\u00a0Supermercats ha renovat el seu patrocini amb el pilotari Marc\u00a0Giner, assegurant aix\u00ed la seua continu\u00eftat com a imatge de la cadena durant una temporada m\u00e9s. Esta col\u00b7laboraci\u00f3, que es mant\u00e9 dones de fa m\u00e9s de set anys, reafirma el comprom\u00eds de l\u2019empresa valenciana amb l\u2019esport aut\u00f2cton i amb els joves promeses de la pilota. Marc\u00a0Giner, [&#8230;]<\/p>\n<p><a class=\"btn btn-secondary understrap-read-more-link\" href=\"https:\/\/radiolitoral.com\/ca\/2025\/02\/masymas-renueva-el-patrocinio-al-pelotari-marc-giner\/\">Continua llegint&#8230;<span class=\"screen-reader-text\"> from Masymas renueva el patrocinio al pelotari Marc Giner<\/span><\/a><\/p>\n","protected":false},"author":12,"featured_media":15253,"comment_status":"open","ping_status":"closed","sticky":false,"template":"","format":"standard","meta":{"_acf_changed":false,"inline_featured_image":false,"footnotes":""},"categories":[5],"tags":[6,1212,2810,3815,2809],"class_list":["post-15252","post","type-post","status-publish","format-standard","has-post-thumbnail","hentry","category-deportes","tag-deportes","tag-federacio-de-pilota-valenciana","tag-jose-juan-fornes","tag-marc-giner","tag-masymas-supermercats","cobertura-pedreguer"],"acf":[],"yoast_head":"<!-- This site is optimized with the Yoast SEO plugin v27.5 - https:\/\/yoast.com\/product\/yoast-seo-wordpress\/ -->\n<title>Masymas renueva el patrocinio al pelotari Marc Giner | R\u00e0dio Litoral<\/title>\n<meta name=\"description\" content=\"L&#039;objectiu que s&#039;ha marcat el jugador de Murla \u00e9s revalidar el seu t\u00edtol de campi\u00f3\" \/>\n<meta name=\"robots\" content=\"index, follow, max-snippet:-1, max-image-preview:large, max-video-preview:-1\" \/>\n<link rel=\"canonical\" href=\"https:\/\/radiolitoral.com\/ca\/2025\/02\/masymas-renova-el-patrocini-al-pilotari-marc-giner\/\" \/>\n<meta property=\"og:locale\" content=\"ca_ES\" \/>\n<meta property=\"og:type\" content=\"article\" \/>\n<meta property=\"og:title\" content=\"Masymas renueva el patrocinio al pelotari Marc Giner | R\u00e0dio Litoral\" \/>\n<meta property=\"og:description\" content=\"L&#039;objectiu que s&#039;ha marcat el jugador de Murla \u00e9s revalidar el seu t\u00edtol de campi\u00f3\" \/>\n<meta property=\"og:url\" content=\"https:\/\/radiolitoral.com\/ca\/2025\/02\/masymas-renova-el-patrocini-al-pilotari-marc-giner\/\" \/>\n<meta property=\"og:site_name\" content=\"R\u00e0dio Litoral\" \/>\n<meta property=\"article:publisher\" content=\"https:\/\/www.facebook.com\/Laradiolitoral\/\" \/>\n<meta property=\"article:published_time\" content=\"2025-02-28T09:05:56+00:00\" \/>\n<meta property=\"og:image\" content=\"https:\/\/media.radiolitoral.com\/wp-content\/uploads\/2025\/02\/27121034\/ginermasymas03-scaled.jpg\" \/>\n\t<meta property=\"og:image:width\" content=\"2560\" \/>\n\t<meta property=\"og:image:height\" content=\"1920\" \/>\n\t<meta property=\"og:image:type\" content=\"image\/jpeg\" \/>\n<meta name=\"author\" content=\"Javier Zamora\" \/>\n<meta name=\"twitter:card\" content=\"summary_large_image\" \/>\n<meta name=\"twitter:label1\" content=\"Escrit per\" \/>\n\t<meta name=\"twitter:data1\" content=\"Javier Zamora\" \/>\n\t<meta name=\"twitter:label2\" content=\"Temps estimat de lectura\" \/>\n\t<meta name=\"twitter:data2\" content=\"3 minuts\" \/>\n<script type=\"application\/ld+json\" class=\"yoast-schema-graph\">{\"@context\":\"https:\\\/\\\/schema.org\",\"@graph\":[{\"@type\":\"NewsArticle\",\"@id\":\"https:\\\/\\\/radiolitoral.com\\\/2025\\\/02\\\/masymas-renueva-el-patrocinio-al-pelotari-marc-giner\\\/#article\",\"isPartOf\":{\"@id\":\"https:\\\/\\\/radiolitoral.com\\\/2025\\\/02\\\/masymas-renueva-el-patrocinio-al-pelotari-marc-giner\\\/\"},\"author\":{\"name\":\"Javier Zamora\",\"@id\":\"https:\\\/\\\/radiolitoral.com\\\/#\\\/schema\\\/person\\\/7b1480b5caeb5acdd4ec6379caf62b22\"},\"headline\":\"Masymas renueva el patrocinio al pelotari Marc Giner\",\"datePublished\":\"2025-02-28T09:05:56+00:00\",\"mainEntityOfPage\":{\"@id\":\"https:\\\/\\\/radiolitoral.com\\\/2025\\\/02\\\/masymas-renueva-el-patrocinio-al-pelotari-marc-giner\\\/\"},\"wordCount\":433,\"commentCount\":0,\"publisher\":{\"@id\":\"https:\\\/\\\/radiolitoral.com\\\/#organization\"},\"image\":{\"@id\":\"https:\\\/\\\/radiolitoral.com\\\/2025\\\/02\\\/masymas-renueva-el-patrocinio-al-pelotari-marc-giner\\\/#primaryimage\"},\"thumbnailUrl\":\"https:\\\/\\\/media.radiolitoral.com\\\/wp-content\\\/uploads\\\/2025\\\/02\\\/27121034\\\/ginermasymas03-scaled.jpg\",\"keywords\":[\"deportes\",\"Federaci\u00f3 de Pilota Valenciana\",\"Jos\u00e9 Juan Forn\u00e9s\",\"Marc Giner\",\"MasyMas Supermercats\"],\"articleSection\":[\"Deportes\"],\"inLanguage\":\"ca\",\"potentialAction\":[{\"@type\":\"CommentAction\",\"name\":\"Comment\",\"target\":[\"https:\\\/\\\/radiolitoral.com\\\/2025\\\/02\\\/masymas-renueva-el-patrocinio-al-pelotari-marc-giner\\\/#respond\"]}]},{\"@type\":[\"WebPage\",\"ItemPage\"],\"@id\":\"https:\\\/\\\/radiolitoral.com\\\/2025\\\/02\\\/masymas-renueva-el-patrocinio-al-pelotari-marc-giner\\\/\",\"url\":\"https:\\\/\\\/radiolitoral.com\\\/2025\\\/02\\\/masymas-renueva-el-patrocinio-al-pelotari-marc-giner\\\/\",\"name\":\"Masymas renueva el patrocinio al pelotari Marc Giner | R\u00e0dio Litoral\",\"isPartOf\":{\"@id\":\"https:\\\/\\\/radiolitoral.com\\\/#website\"},\"primaryImageOfPage\":{\"@id\":\"https:\\\/\\\/radiolitoral.com\\\/2025\\\/02\\\/masymas-renueva-el-patrocinio-al-pelotari-marc-giner\\\/#primaryimage\"},\"image\":{\"@id\":\"https:\\\/\\\/radiolitoral.com\\\/2025\\\/02\\\/masymas-renueva-el-patrocinio-al-pelotari-marc-giner\\\/#primaryimage\"},\"thumbnailUrl\":\"https:\\\/\\\/media.radiolitoral.com\\\/wp-content\\\/uploads\\\/2025\\\/02\\\/27121034\\\/ginermasymas03-scaled.jpg\",\"datePublished\":\"2025-02-28T09:05:56+00:00\",\"description\":\"L'objectiu que s'ha marcat el jugador de Murla \u00e9s revalidar el seu t\u00edtol de campi\u00f3\",\"breadcrumb\":{\"@id\":\"https:\\\/\\\/radiolitoral.com\\\/2025\\\/02\\\/masymas-renueva-el-patrocinio-al-pelotari-marc-giner\\\/#breadcrumb\"},\"inLanguage\":\"ca\",\"potentialAction\":[{\"@type\":\"ReadAction\",\"target\":[\"https:\\\/\\\/radiolitoral.com\\\/2025\\\/02\\\/masymas-renueva-el-patrocinio-al-pelotari-marc-giner\\\/\"]}]},{\"@type\":\"ImageObject\",\"inLanguage\":\"ca\",\"@id\":\"https:\\\/\\\/radiolitoral.com\\\/2025\\\/02\\\/masymas-renueva-el-patrocinio-al-pelotari-marc-giner\\\/#primaryimage\",\"url\":\"https:\\\/\\\/media.radiolitoral.com\\\/wp-content\\\/uploads\\\/2025\\\/02\\\/27121034\\\/ginermasymas03-scaled.jpg\",\"contentUrl\":\"https:\\\/\\\/media.radiolitoral.com\\\/wp-content\\\/uploads\\\/2025\\\/02\\\/27121034\\\/ginermasymas03-scaled.jpg\",\"width\":2560,\"height\":1920},{\"@type\":\"BreadcrumbList\",\"@id\":\"https:\\\/\\\/radiolitoral.com\\\/2025\\\/02\\\/masymas-renueva-el-patrocinio-al-pelotari-marc-giner\\\/#breadcrumb\",\"itemListElement\":[{\"@type\":\"ListItem\",\"position\":1,\"name\":\"Portada\",\"item\":\"https:\\\/\\\/radiolitoral.com\\\/\"},{\"@type\":\"ListItem\",\"position\":2,\"name\":\"Masymas renueva el patrocinio al pelotari Marc Giner\"}]},{\"@type\":\"WebSite\",\"@id\":\"https:\\\/\\\/radiolitoral.com\\\/#website\",\"url\":\"https:\\\/\\\/radiolitoral.com\\\/\",\"name\":\"Radio Litoral\",\"description\":\"La radio local de la Marina Alta\",\"publisher\":{\"@id\":\"https:\\\/\\\/radiolitoral.com\\\/#organization\"},\"alternateName\":\"Litoral FM\",\"potentialAction\":[{\"@type\":\"SearchAction\",\"target\":{\"@type\":\"EntryPoint\",\"urlTemplate\":\"https:\\\/\\\/radiolitoral.com\\\/?s={search_term_string}\"},\"query-input\":{\"@type\":\"PropertyValueSpecification\",\"valueRequired\":true,\"valueName\":\"search_term_string\"}}],\"inLanguage\":\"ca\"},{\"@type\":\"Organization\",\"@id\":\"https:\\\/\\\/radiolitoral.com\\\/#organization\",\"name\":\"Radio Litoral\",\"url\":\"https:\\\/\\\/radiolitoral.com\\\/\",\"logo\":{\"@type\":\"ImageObject\",\"inLanguage\":\"ca\",\"@id\":\"https:\\\/\\\/radiolitoral.com\\\/#\\\/schema\\\/logo\\\/image\\\/\",\"url\":\"https:\\\/\\\/media.radiolitoral.com\\\/wp-content\\\/uploads\\\/2023\\\/02\\\/24143238\\\/CL-V-RadioLitoral696.png\",\"contentUrl\":\"https:\\\/\\\/media.radiolitoral.com\\\/wp-content\\\/uploads\\\/2023\\\/02\\\/24143238\\\/CL-V-RadioLitoral696.png\",\"width\":696,\"height\":696,\"caption\":\"Radio Litoral\"},\"image\":{\"@id\":\"https:\\\/\\\/radiolitoral.com\\\/#\\\/schema\\\/logo\\\/image\\\/\"},\"sameAs\":[\"https:\\\/\\\/www.facebook.com\\\/Laradiolitoral\\\/\"]},{\"@type\":\"Person\",\"@id\":\"https:\\\/\\\/radiolitoral.com\\\/#\\\/schema\\\/person\\\/7b1480b5caeb5acdd4ec6379caf62b22\",\"name\":\"Javier Zamora\",\"image\":{\"@type\":\"ImageObject\",\"inLanguage\":\"ca\",\"@id\":\"https:\\\/\\\/secure.gravatar.com\\\/avatar\\\/467a11f6918c7d619c4043fc6fa2d3853053107973f05b6e9c04ea6c4e3a7b3f?s=96&d=mm&r=g\",\"url\":\"https:\\\/\\\/secure.gravatar.com\\\/avatar\\\/467a11f6918c7d619c4043fc6fa2d3853053107973f05b6e9c04ea6c4e3a7b3f?s=96&d=mm&r=g\",\"contentUrl\":\"https:\\\/\\\/secure.gravatar.com\\\/avatar\\\/467a11f6918c7d619c4043fc6fa2d3853053107973f05b6e9c04ea6c4e3a7b3f?s=96&d=mm&r=g\",\"caption\":\"Javier Zamora\"},\"url\":\"https:\\\/\\\/radiolitoral.com\\\/ca\\\/author\\\/javier-zamora\\\/\"}]}<\/script>\n<!-- \/ Yoast SEO plugin. -->","yoast_head_json":{"title":"Masymas renova el patrocini el pilot Marc Giner | R\u00e0dio Litoral","description":"L&#039;objectiu que s&#039;ha marcat el jugador de Murla \u00e9s revalidar el t\u00edtol de campi\u00f3","robots":{"index":"index","follow":"follow","max-snippet":"max-snippet:-1","max-image-preview":"max-image-preview:large","max-video-preview":"max-video-preview:-1"},"canonical":"https:\/\/radiolitoral.com\/ca\/2025\/02\/masymas-renova-el-patrocini-al-pilotari-marc-giner\/","og_locale":"ca_ES","og_type":"article","og_title":"Masymas renueva el patrocinio al pelotari Marc Giner | R\u00e0dio Litoral","og_description":"L'objectiu que s'ha marcat el jugador de Murla \u00e9s revalidar el seu t\u00edtol de campi\u00f3","og_url":"https:\/\/radiolitoral.com\/ca\/2025\/02\/masymas-renova-el-patrocini-al-pilotari-marc-giner\/","og_site_name":"R\u00e0dio Litoral","article_publisher":"https:\/\/www.facebook.com\/Laradiolitoral\/","article_published_time":"2025-02-28T09:05:56+00:00","og_image":[{"width":2560,"height":1920,"url":"https:\/\/media.radiolitoral.com\/wp-content\/uploads\/2025\/02\/27121034\/ginermasymas03-scaled.jpg","type":"image\/jpeg"}],"author":"Javier Zamora","twitter_card":"summary_large_image","twitter_misc":{"Escrit per":"Javier Zamora","Temps estimat de lectura":"3 minuts"},"schema":{"@context":"https:\/\/schema.org","@graph":[{"@type":"NewsArticle","@id":"https:\/\/radiolitoral.com\/2025\/02\/masymas-renueva-el-patrocinio-al-pelotari-marc-giner\/#article","isPartOf":{"@id":"https:\/\/radiolitoral.com\/2025\/02\/masymas-renueva-el-patrocinio-al-pelotari-marc-giner\/"},"author":{"name":"Javier Zamora","@id":"https:\/\/radiolitoral.com\/#\/schema\/person\/7b1480b5caeb5acdd4ec6379caf62b22"},"headline":"Masymas renueva el patrocinio al pelotari Marc Giner","datePublished":"2025-02-28T09:05:56+00:00","mainEntityOfPage":{"@id":"https:\/\/radiolitoral.com\/2025\/02\/masymas-renueva-el-patrocinio-al-pelotari-marc-giner\/"},"wordCount":433,"commentCount":0,"publisher":{"@id":"https:\/\/radiolitoral.com\/#organization"},"image":{"@id":"https:\/\/radiolitoral.com\/2025\/02\/masymas-renueva-el-patrocinio-al-pelotari-marc-giner\/#primaryimage"},"thumbnailUrl":"https:\/\/media.radiolitoral.com\/wp-content\/uploads\/2025\/02\/27121034\/ginermasymas03-scaled.jpg","keywords":["deportes","Federaci\u00f3 de Pilota Valenciana","Jos\u00e9 Juan Forn\u00e9s","Marc Giner","MasyMas Supermercats"],"articleSection":["Deportes"],"inLanguage":"ca","potentialAction":[{"@type":"CommentAction","name":"Comment","target":["https:\/\/radiolitoral.com\/2025\/02\/masymas-renueva-el-patrocinio-al-pelotari-marc-giner\/#respond"]}]},{"@type":["WebPage","ItemPage"],"@id":"https:\/\/radiolitoral.com\/2025\/02\/masymas-renueva-el-patrocinio-al-pelotari-marc-giner\/","url":"https:\/\/radiolitoral.com\/2025\/02\/masymas-renueva-el-patrocinio-al-pelotari-marc-giner\/","name":"Masymas renova el patrocini el pilot Marc Giner | R\u00e0dio Litoral","isPartOf":{"@id":"https:\/\/radiolitoral.com\/#website"},"primaryImageOfPage":{"@id":"https:\/\/radiolitoral.com\/2025\/02\/masymas-renueva-el-patrocinio-al-pelotari-marc-giner\/#primaryimage"},"image":{"@id":"https:\/\/radiolitoral.com\/2025\/02\/masymas-renueva-el-patrocinio-al-pelotari-marc-giner\/#primaryimage"},"thumbnailUrl":"https:\/\/media.radiolitoral.com\/wp-content\/uploads\/2025\/02\/27121034\/ginermasymas03-scaled.jpg","datePublished":"2025-02-28T09:05:56+00:00","description":"L&#039;objectiu que s&#039;ha marcat el jugador de Murla \u00e9s revalidar el t\u00edtol de campi\u00f3","breadcrumb":{"@id":"https:\/\/radiolitoral.com\/2025\/02\/masymas-renueva-el-patrocinio-al-pelotari-marc-giner\/#breadcrumb"},"inLanguage":"ca","potentialAction":[{"@type":"ReadAction","target":["https:\/\/radiolitoral.com\/2025\/02\/masymas-renueva-el-patrocinio-al-pelotari-marc-giner\/"]}]},{"@type":"ImageObject","inLanguage":"ca","@id":"https:\/\/radiolitoral.com\/2025\/02\/masymas-renueva-el-patrocinio-al-pelotari-marc-giner\/#primaryimage","url":"https:\/\/media.radiolitoral.com\/wp-content\/uploads\/2025\/02\/27121034\/ginermasymas03-scaled.jpg","contentUrl":"https:\/\/media.radiolitoral.com\/wp-content\/uploads\/2025\/02\/27121034\/ginermasymas03-scaled.jpg","width":2560,"height":1920},{"@type":"BreadcrumbList","@id":"https:\/\/radiolitoral.com\/2025\/02\/masymas-renueva-el-patrocinio-al-pelotari-marc-giner\/#breadcrumb","itemListElement":[{"@type":"ListItem","position":1,"name":"Portada","item":"https:\/\/radiolitoral.com\/"},{"@type":"ListItem","position":2,"name":"Masymas renueva el patrocinio al pelotari Marc Giner"}]},{"@type":"WebSite","@id":"https:\/\/radiolitoral.com\/#website","url":"https:\/\/radiolitoral.com\/","name":"R\u00e0dio Litoral","description":"La r\u00e0dio local de la Marina Alta","publisher":{"@id":"https:\/\/radiolitoral.com\/#organization"},"alternateName":"Litoral FM","potentialAction":[{"@type":"SearchAction","target":{"@type":"EntryPoint","urlTemplate":"https:\/\/radiolitoral.com\/?s={search_term_string}"},"query-input":{"@type":"PropertyValueSpecification","valueRequired":true,"valueName":"search_term_string"}}],"inLanguage":"ca"},{"@type":"Organization","@id":"https:\/\/radiolitoral.com\/#organization","name":"R\u00e0dio Litoral","url":"https:\/\/radiolitoral.com\/","logo":{"@type":"ImageObject","inLanguage":"ca","@id":"https:\/\/radiolitoral.com\/#\/schema\/logo\/image\/","url":"https:\/\/media.radiolitoral.com\/wp-content\/uploads\/2023\/02\/24143238\/CL-V-RadioLitoral696.png","contentUrl":"https:\/\/media.radiolitoral.com\/wp-content\/uploads\/2023\/02\/24143238\/CL-V-RadioLitoral696.png","width":696,"height":696,"caption":"Radio Litoral"},"image":{"@id":"https:\/\/radiolitoral.com\/#\/schema\/logo\/image\/"},"sameAs":["https:\/\/www.facebook.com\/Laradiolitoral\/"]},{"@type":"Person","@id":"https:\/\/radiolitoral.com\/#\/schema\/person\/7b1480b5caeb5acdd4ec6379caf62b22","name":"Javier Zamora","image":{"@type":"ImageObject","inLanguage":"ca","@id":"https:\/\/secure.gravatar.com\/avatar\/467a11f6918c7d619c4043fc6fa2d3853053107973f05b6e9c04ea6c4e3a7b3f?s=96&d=mm&r=g","url":"https:\/\/secure.gravatar.com\/avatar\/467a11f6918c7d619c4043fc6fa2d3853053107973f05b6e9c04ea6c4e3a7b3f?s=96&d=mm&r=g","contentUrl":"https:\/\/secure.gravatar.com\/avatar\/467a11f6918c7d619c4043fc6fa2d3853053107973f05b6e9c04ea6c4e3a7b3f?s=96&d=mm&r=g","caption":"Javier Zamora"},"url":"https:\/\/radiolitoral.com\/ca\/author\/javier-zamora\/"}]}},"_links":{"self":[{"href":"https:\/\/radiolitoral.com\/ca\/wp-json\/wp\/v2\/posts\/15252","targetHints":{"allow":["GET"]}}],"collection":[{"href":"https:\/\/radiolitoral.com\/ca\/wp-json\/wp\/v2\/posts"}],"about":[{"href":"https:\/\/radiolitoral.com\/ca\/wp-json\/wp\/v2\/types\/post"}],"author":[{"embeddable":true,"href":"https:\/\/radiolitoral.com\/ca\/wp-json\/wp\/v2\/users\/12"}],"replies":[{"embeddable":true,"href":"https:\/\/radiolitoral.com\/ca\/wp-json\/wp\/v2\/comments?post=15252"}],"version-history":[{"count":2,"href":"https:\/\/radiolitoral.com\/ca\/wp-json\/wp\/v2\/posts\/15252\/revisions"}],"predecessor-version":[{"id":15272,"href":"https:\/\/radiolitoral.com\/ca\/wp-json\/wp\/v2\/posts\/15252\/revisions\/15272"}],"wp:featuredmedia":[{"embeddable":true,"href":"https:\/\/radiolitoral.com\/ca\/wp-json\/wp\/v2\/media\/15253"}],"wp:attachment":[{"href":"https:\/\/radiolitoral.com\/ca\/wp-json\/wp\/v2\/media?parent=15252"}],"wp:term":[{"taxonomy":"category","embeddable":true,"href":"https:\/\/radiolitoral.com\/ca\/wp-json\/wp\/v2\/categories?post=15252"},{"taxonomy":"post_tag","embeddable":true,"href":"https:\/\/radiolitoral.com\/ca\/wp-json\/wp\/v2\/tags?post=15252"}],"curies":[{"name":"wp","href":"https:\/\/api.w.org\/{rel}","templated":true}]}}