{"id":15237,"date":"2025-02-26T19:22:12","date_gmt":"2025-02-26T18:22:12","guid":{"rendered":"https:\/\/radiolitoral.com\/?p=15237"},"modified":"2025-02-26T19:22:12","modified_gmt":"2025-02-26T18:22:12","slug":"benissa-i-teulada-treballin-conjuntament-per-aconseguir-fons-europeus","status":"publish","type":"post","link":"https:\/\/radiolitoral.com\/ca\/2025\/02\/benissa-i-teulada-treballen-conjuntament-per-aconseguir-fons-europeus\/","title":{"rendered":"Benissa i Teulada treballen conjuntament per aconseguir fons europeus"},"content":{"rendered":"<p data-pm-slice=\"1 1 []\">Els ajuntaments de <strong>Benissa<\/strong> i <strong>Teulada Moraira<\/strong> han aprovat aquesta setmana el <strong>Pla d&#039;Actuaci\u00f3 Integral (PAI)<\/strong> per presentar-se als <strong>plans EDIL<\/strong> (Estrat\u00e8gia de Desenvolupament Urb\u00e0 Sostenible i Integrat), una iniciativa impulsada per la <strong>Uni\u00f3 Europea<\/strong> i finan\u00e7ada amb <strong>fons FEDER<\/strong> (Fons Europeu de Desenvolupament Regional). L&#039;objectiu \u00e9s desenvolupar accions estrat\u00e8giques basades en les necessitats detectades a l&#039;<strong>Agenda Urbana 2030 de Teulada Moraira<\/strong>.<\/p>\n<p>Amb un pressupost total de <strong>10 milions d&#039;euros<\/strong>, el pla contempla diversos projectes per a la modernitzaci\u00f3 i transformaci\u00f3 sostenible de tots dos municipis.<\/p>\n<h4><strong>Quatre grans projectes per a la transformaci\u00f3 urbana<\/strong><\/h4>\n<div>El PAI <strong>Teulada Moraira-Benissa Smart &amp; Green<\/strong> inclou quatre iniciatives clau:<\/div>\n<ul data-spread=\"false\">\n<li><strong>Finalitzaci\u00f3 del passeig ecol\u00f2gic<\/strong>, que unir\u00e0 tota la franja litoral entre Benissa i Teulada Moraira, fomentant una mobilitat m\u00e9s sostenible.<\/li>\n<li><strong>Reurbanitzaci\u00f3 de l&#039;Avinguda del Pa\u00eds Valenci\u00e0 (antiga N-332)<\/strong> a Benissa, per millorar la seguretat vi\u00e0ria i la qualitat urbana.<\/li>\n<li><strong>Desviament de les aig\u00fces de les Sorts a Moraira<\/strong>, amb la finalitat de minimitzar el risc d&#039;inundacions i gestionar l&#039;aigua de manera eficient.<\/li>\n<li><strong>Digitalitzaci\u00f3 dels serveis p\u00fablics<\/strong>, convertint ambd\u00f3s municipis en <strong>Smart Cities<\/strong>, amb processos m\u00e9s \u00e0gils i accessibles per a la ciutadania.<\/li>\n<\/ul>\n<h4><strong>Un model innovador i sostenible<\/strong><\/h4>\n<p>Per a <strong>Adri\u00e1n Cabrera<\/strong>, regidor de Projectes Europeus de Benissa, \u00aboptar a aquests fons europeus ens va obrir la porta a una transformaci\u00f3 profunda de les nostres infraestructures i serveis. La <strong>reurbanitzaci\u00f3<\/strong> <strong>de l&#039;Avinguda<\/strong> <strong>del Pa\u00eds<\/strong> <strong>Valenci\u00e0<\/strong>, la digitalitzaci\u00f3 de l&#039;administraci\u00f3 i la finalitzaci\u00f3 del passeig ecol\u00f2gic reflecteixen el nostre comprom\u00eds amb un creixement equilibrat i sostenible\u00bb.<\/p>\n<p>Per la seva banda, <strong>Susanne Katzgrau<\/strong>, regidora de Fons Europeus de Teulada, ha destacat la import\u00e0ncia de la col\u00b7laboraci\u00f3 entre municipis: \u00abUnim Teulada Moraira i Benissa amb la prolongaci\u00f3 del passeig ecol\u00f2gic, millorant la mobilitat sostenible a la nostra costa. A m\u00e9s, gran part dels fons es destinaran a la gesti\u00f3 eficient de l&#039;aigua a les Sorts per evitar inundacions i garantir la sostenibilitat ambiental\u00bb.<\/p>\n<div><strong>Un projecte recolzat per les autoritats locals<\/strong><\/div>\n<p>L&#039;alcalde de Benissa, <strong>Arturo Poquet<\/strong>, ha posat en valor la unificaci\u00f3 d&#039;esfor\u00e7os: \u00abAquest acord demostra que la col\u00b7laboraci\u00f3 entre municipis \u00e9s clau per continuar creixent de manera sostenible i innovadora\u00bb.<\/p>\n<p>D&#039;altra banda, el seu hom\u00f2leg de Teulada Moraira, <strong>Ra\u00fal Llobell<\/strong>, ha subratllat la import\u00e0ncia d&#039;aquesta iniciativa: \u201cOptar als Fons Europeus de Desenvolupament Regional ens situa en una posici\u00f3 favorable per millorar la qualitat de vida dels nostres ve\u00efns. Aquests projectes, avalats per la nostra Agenda Urbana 2030, s\u00f3n una aposta pel futur del nostre territori\u00bb.<\/p>","protected":false},"excerpt":{"rendered":"<p>Els ajuntaments de Benissa i Teulada Moraira han aprovat aquesta setmana el Pla d&#8217;Actuaci\u00f3 Integral (PAI) per presentar-se als plans EDIL (Estrategia de Desenvolupament Urb\u00e0 Sostenible i Integrat), una iniciativa impulsada per la Uni\u00f3 Europea i finan\u00e7ada amb fons FEDER (Fons Europeu de Desenvolupament Regional). L&#8217;objectiu \u00e9s desenvolupar accions estrat\u00e8giques basades en les necessitats detectades [&#8230;]<\/p>\n<p><a class=\"btn btn-secondary understrap-read-more-link\" href=\"https:\/\/radiolitoral.com\/ca\/2025\/02\/benissa-i-teulada-treballen-conjuntament-per-aconseguir-fons-europeus\/\">Continua llegint&#8230;<span class=\"screen-reader-text\"> from Benissa i Teulada treballen conjuntament per aconseguir fons europeus<\/span><\/a><\/p>\n","protected":false},"author":14,"featured_media":15238,"comment_status":"open","ping_status":"closed","sticky":false,"template":"","format":"standard","meta":{"_acf_changed":false,"inline_featured_image":false,"footnotes":""},"categories":[13],"tags":[1209,126,3810,1282,146],"class_list":["post-15237","post","type-post","status-publish","format-standard","has-post-thumbnail","hentry","category-politica","tag-arturo-poquet","tag-benissa","tag-fondos-europeos","tag-raul-llobell","tag-teulada","cobertura-benissa","cobertura-teulada-moraira"],"acf":[],"yoast_head":"<!-- This site is optimized with the Yoast SEO plugin v27.5 - https:\/\/yoast.com\/product\/yoast-seo-wordpress\/ -->\n<title>Benissa i Teulada treballen conjuntament per aconseguir fons europeus | R\u00e0dio Litoral<\/title>\n<meta name=\"description\" content=\"Un projecte que aspira a una inversi\u00f3 de 10 milions d\u2019euros per impulsar la sostenibilitat\" \/>\n<meta name=\"robots\" content=\"index, follow, max-snippet:-1, max-image-preview:large, max-video-preview:-1\" \/>\n<link rel=\"canonical\" href=\"https:\/\/radiolitoral.com\/ca\/2025\/02\/benissa-i-teulada-treballin-conjuntament-per-aconseguir-fons-europeus\/\" \/>\n<meta property=\"og:locale\" content=\"ca_ES\" \/>\n<meta property=\"og:type\" content=\"article\" \/>\n<meta property=\"og:title\" content=\"Benissa i Teulada treballen conjuntament per aconseguir fons europeus | R\u00e0dio Litoral\" \/>\n<meta property=\"og:description\" content=\"Un projecte que aspira a una inversi\u00f3 de 10 milions d\u2019euros per impulsar la sostenibilitat\" \/>\n<meta property=\"og:url\" content=\"https:\/\/radiolitoral.com\/ca\/2025\/02\/benissa-i-teulada-treballin-conjuntament-per-aconseguir-fons-europeus\/\" \/>\n<meta property=\"og:site_name\" content=\"R\u00e0dio Litoral\" \/>\n<meta property=\"article:publisher\" content=\"https:\/\/www.facebook.com\/Laradiolitoral\/\" \/>\n<meta property=\"article:published_time\" content=\"2025-02-26T18:22:12+00:00\" \/>\n<meta property=\"og:image\" content=\"https:\/\/media.radiolitoral.com\/wp-content\/uploads\/2025\/02\/26192035\/NOTA-DE-PRENSA-Benissa-y-Teulada-Moraira-unen-fuerzas-para-optar-a-10-millones-de-euros-de-los-fondos-europeos-FEDER.jpeg\" \/>\n\t<meta property=\"og:image:width\" content=\"1600\" \/>\n\t<meta property=\"og:image:height\" content=\"900\" \/>\n\t<meta property=\"og:image:type\" content=\"image\/jpeg\" \/>\n<meta name=\"author\" content=\"Redacci\u00f3n\" \/>\n<meta name=\"twitter:card\" content=\"summary_large_image\" \/>\n<meta name=\"twitter:label1\" content=\"Escrit per\" \/>\n\t<meta name=\"twitter:data1\" content=\"Redacci\u00f3n\" \/>\n\t<meta name=\"twitter:label2\" content=\"Temps estimat de lectura\" \/>\n\t<meta name=\"twitter:data2\" content=\"3 minuts\" \/>\n<script type=\"application\/ld+json\" class=\"yoast-schema-graph\">{\"@context\":\"https:\\\/\\\/schema.org\",\"@graph\":[{\"@type\":\"NewsArticle\",\"@id\":\"https:\\\/\\\/radiolitoral.com\\\/2025\\\/02\\\/benissa-i-teulada-treballen-conjuntament-per-aconseguir-fons-europeus\\\/#article\",\"isPartOf\":{\"@id\":\"https:\\\/\\\/radiolitoral.com\\\/2025\\\/02\\\/benissa-i-teulada-treballen-conjuntament-per-aconseguir-fons-europeus\\\/\"},\"author\":{\"name\":\"Redacci\u00f3n\",\"@id\":\"https:\\\/\\\/radiolitoral.com\\\/#\\\/schema\\\/person\\\/96b739642eb3bedb532aac3812d23307\"},\"headline\":\"Benissa i Teulada treballen conjuntament per aconseguir fons europeus\",\"datePublished\":\"2025-02-26T18:22:12+00:00\",\"mainEntityOfPage\":{\"@id\":\"https:\\\/\\\/radiolitoral.com\\\/2025\\\/02\\\/benissa-i-teulada-treballen-conjuntament-per-aconseguir-fons-europeus\\\/\"},\"wordCount\":450,\"commentCount\":0,\"publisher\":{\"@id\":\"https:\\\/\\\/radiolitoral.com\\\/#organization\"},\"image\":{\"@id\":\"https:\\\/\\\/radiolitoral.com\\\/2025\\\/02\\\/benissa-i-teulada-treballen-conjuntament-per-aconseguir-fons-europeus\\\/#primaryimage\"},\"thumbnailUrl\":\"https:\\\/\\\/media.radiolitoral.com\\\/wp-content\\\/uploads\\\/2025\\\/02\\\/26192035\\\/NOTA-DE-PRENSA-Benissa-y-Teulada-Moraira-unen-fuerzas-para-optar-a-10-millones-de-euros-de-los-fondos-europeos-FEDER.jpeg\",\"keywords\":[\"Arturo Poquet\",\"Benissa\",\"fondos europeos\",\"Ra\u00fal Llobell\",\"Teulada\"],\"articleSection\":[\"Pol\u00edtica\"],\"inLanguage\":\"ca\",\"potentialAction\":[{\"@type\":\"CommentAction\",\"name\":\"Comment\",\"target\":[\"https:\\\/\\\/radiolitoral.com\\\/2025\\\/02\\\/benissa-i-teulada-treballen-conjuntament-per-aconseguir-fons-europeus\\\/#respond\"]}]},{\"@type\":[\"WebPage\",\"ItemPage\"],\"@id\":\"https:\\\/\\\/radiolitoral.com\\\/2025\\\/02\\\/benissa-i-teulada-treballen-conjuntament-per-aconseguir-fons-europeus\\\/\",\"url\":\"https:\\\/\\\/radiolitoral.com\\\/2025\\\/02\\\/benissa-i-teulada-treballen-conjuntament-per-aconseguir-fons-europeus\\\/\",\"name\":\"Benissa i Teulada treballen conjuntament per aconseguir fons europeus | R\u00e0dio Litoral\",\"isPartOf\":{\"@id\":\"https:\\\/\\\/radiolitoral.com\\\/#website\"},\"primaryImageOfPage\":{\"@id\":\"https:\\\/\\\/radiolitoral.com\\\/2025\\\/02\\\/benissa-i-teulada-treballen-conjuntament-per-aconseguir-fons-europeus\\\/#primaryimage\"},\"image\":{\"@id\":\"https:\\\/\\\/radiolitoral.com\\\/2025\\\/02\\\/benissa-i-teulada-treballen-conjuntament-per-aconseguir-fons-europeus\\\/#primaryimage\"},\"thumbnailUrl\":\"https:\\\/\\\/media.radiolitoral.com\\\/wp-content\\\/uploads\\\/2025\\\/02\\\/26192035\\\/NOTA-DE-PRENSA-Benissa-y-Teulada-Moraira-unen-fuerzas-para-optar-a-10-millones-de-euros-de-los-fondos-europeos-FEDER.jpeg\",\"datePublished\":\"2025-02-26T18:22:12+00:00\",\"description\":\"Un projecte que aspira a una inversi\u00f3 de 10 milions d\u2019euros per impulsar la sostenibilitat\",\"breadcrumb\":{\"@id\":\"https:\\\/\\\/radiolitoral.com\\\/2025\\\/02\\\/benissa-i-teulada-treballen-conjuntament-per-aconseguir-fons-europeus\\\/#breadcrumb\"},\"inLanguage\":\"ca\",\"potentialAction\":[{\"@type\":\"ReadAction\",\"target\":[\"https:\\\/\\\/radiolitoral.com\\\/2025\\\/02\\\/benissa-i-teulada-treballen-conjuntament-per-aconseguir-fons-europeus\\\/\"]}]},{\"@type\":\"ImageObject\",\"inLanguage\":\"ca\",\"@id\":\"https:\\\/\\\/radiolitoral.com\\\/2025\\\/02\\\/benissa-i-teulada-treballen-conjuntament-per-aconseguir-fons-europeus\\\/#primaryimage\",\"url\":\"https:\\\/\\\/media.radiolitoral.com\\\/wp-content\\\/uploads\\\/2025\\\/02\\\/26192035\\\/NOTA-DE-PRENSA-Benissa-y-Teulada-Moraira-unen-fuerzas-para-optar-a-10-millones-de-euros-de-los-fondos-europeos-FEDER.jpeg\",\"contentUrl\":\"https:\\\/\\\/media.radiolitoral.com\\\/wp-content\\\/uploads\\\/2025\\\/02\\\/26192035\\\/NOTA-DE-PRENSA-Benissa-y-Teulada-Moraira-unen-fuerzas-para-optar-a-10-millones-de-euros-de-los-fondos-europeos-FEDER.jpeg\",\"width\":1600,\"height\":900},{\"@type\":\"BreadcrumbList\",\"@id\":\"https:\\\/\\\/radiolitoral.com\\\/2025\\\/02\\\/benissa-i-teulada-treballen-conjuntament-per-aconseguir-fons-europeus\\\/#breadcrumb\",\"itemListElement\":[{\"@type\":\"ListItem\",\"position\":1,\"name\":\"Portada\",\"item\":\"https:\\\/\\\/radiolitoral.com\\\/\"},{\"@type\":\"ListItem\",\"position\":2,\"name\":\"Benissa i Teulada treballen conjuntament per aconseguir fons europeus\"}]},{\"@type\":\"WebSite\",\"@id\":\"https:\\\/\\\/radiolitoral.com\\\/#website\",\"url\":\"https:\\\/\\\/radiolitoral.com\\\/\",\"name\":\"Radio Litoral\",\"description\":\"La radio local de la Marina Alta\",\"publisher\":{\"@id\":\"https:\\\/\\\/radiolitoral.com\\\/#organization\"},\"alternateName\":\"Litoral FM\",\"potentialAction\":[{\"@type\":\"SearchAction\",\"target\":{\"@type\":\"EntryPoint\",\"urlTemplate\":\"https:\\\/\\\/radiolitoral.com\\\/?s={search_term_string}\"},\"query-input\":{\"@type\":\"PropertyValueSpecification\",\"valueRequired\":true,\"valueName\":\"search_term_string\"}}],\"inLanguage\":\"ca\"},{\"@type\":\"Organization\",\"@id\":\"https:\\\/\\\/radiolitoral.com\\\/#organization\",\"name\":\"Radio Litoral\",\"url\":\"https:\\\/\\\/radiolitoral.com\\\/\",\"logo\":{\"@type\":\"ImageObject\",\"inLanguage\":\"ca\",\"@id\":\"https:\\\/\\\/radiolitoral.com\\\/#\\\/schema\\\/logo\\\/image\\\/\",\"url\":\"https:\\\/\\\/media.radiolitoral.com\\\/wp-content\\\/uploads\\\/2023\\\/02\\\/24143238\\\/CL-V-RadioLitoral696.png\",\"contentUrl\":\"https:\\\/\\\/media.radiolitoral.com\\\/wp-content\\\/uploads\\\/2023\\\/02\\\/24143238\\\/CL-V-RadioLitoral696.png\",\"width\":696,\"height\":696,\"caption\":\"Radio Litoral\"},\"image\":{\"@id\":\"https:\\\/\\\/radiolitoral.com\\\/#\\\/schema\\\/logo\\\/image\\\/\"},\"sameAs\":[\"https:\\\/\\\/www.facebook.com\\\/Laradiolitoral\\\/\"]},{\"@type\":\"Person\",\"@id\":\"https:\\\/\\\/radiolitoral.com\\\/#\\\/schema\\\/person\\\/96b739642eb3bedb532aac3812d23307\",\"name\":\"Redacci\u00f3n\",\"image\":{\"@type\":\"ImageObject\",\"inLanguage\":\"ca\",\"@id\":\"https:\\\/\\\/secure.gravatar.com\\\/avatar\\\/30cd06129ee90411dd9c7cbdcf17464181d1a3c7b072e92070ea75a25cf0097e?s=96&d=mm&r=g\",\"url\":\"https:\\\/\\\/secure.gravatar.com\\\/avatar\\\/30cd06129ee90411dd9c7cbdcf17464181d1a3c7b072e92070ea75a25cf0097e?s=96&d=mm&r=g\",\"contentUrl\":\"https:\\\/\\\/secure.gravatar.com\\\/avatar\\\/30cd06129ee90411dd9c7cbdcf17464181d1a3c7b072e92070ea75a25cf0097e?s=96&d=mm&r=g\",\"caption\":\"Redacci\u00f3n\"},\"url\":\"https:\\\/\\\/radiolitoral.com\\\/ca\\\/author\\\/kevin-carrio\\\/\"}]}<\/script>\n<!-- \/ Yoast SEO plugin. -->","yoast_head_json":{"title":"Benissa i Teulada treballen conjuntament per aconseguir fons europeus | R\u00e0dio Litoral","description":"Un projecte que aspira a una inversi\u00f3 de 10 milions d&#039;euros per impulsar la sostenibilitat","robots":{"index":"index","follow":"follow","max-snippet":"max-snippet:-1","max-image-preview":"max-image-preview:large","max-video-preview":"max-video-preview:-1"},"canonical":"https:\/\/radiolitoral.com\/ca\/2025\/02\/benissa-i-teulada-treballin-conjuntament-per-aconseguir-fons-europeus\/","og_locale":"ca_ES","og_type":"article","og_title":"Benissa i Teulada treballen conjuntament per aconseguir fons europeus | R\u00e0dio Litoral","og_description":"Un projecte que aspira a una inversi\u00f3 de 10 milions d\u2019euros per impulsar la sostenibilitat","og_url":"https:\/\/radiolitoral.com\/ca\/2025\/02\/benissa-i-teulada-treballin-conjuntament-per-aconseguir-fons-europeus\/","og_site_name":"R\u00e0dio Litoral","article_publisher":"https:\/\/www.facebook.com\/Laradiolitoral\/","article_published_time":"2025-02-26T18:22:12+00:00","og_image":[{"width":1600,"height":900,"url":"https:\/\/media.radiolitoral.com\/wp-content\/uploads\/2025\/02\/26192035\/NOTA-DE-PRENSA-Benissa-y-Teulada-Moraira-unen-fuerzas-para-optar-a-10-millones-de-euros-de-los-fondos-europeos-FEDER.jpeg","type":"image\/jpeg"}],"author":"Redacci\u00f3n","twitter_card":"summary_large_image","twitter_misc":{"Escrit per":"Redacci\u00f3n","Temps estimat de lectura":"3 minuts"},"schema":{"@context":"https:\/\/schema.org","@graph":[{"@type":"NewsArticle","@id":"https:\/\/radiolitoral.com\/2025\/02\/benissa-i-teulada-treballen-conjuntament-per-aconseguir-fons-europeus\/#article","isPartOf":{"@id":"https:\/\/radiolitoral.com\/2025\/02\/benissa-i-teulada-treballen-conjuntament-per-aconseguir-fons-europeus\/"},"author":{"name":"Redacci\u00f3n","@id":"https:\/\/radiolitoral.com\/#\/schema\/person\/96b739642eb3bedb532aac3812d23307"},"headline":"Benissa i Teulada treballen conjuntament per aconseguir fons europeus","datePublished":"2025-02-26T18:22:12+00:00","mainEntityOfPage":{"@id":"https:\/\/radiolitoral.com\/2025\/02\/benissa-i-teulada-treballen-conjuntament-per-aconseguir-fons-europeus\/"},"wordCount":450,"commentCount":0,"publisher":{"@id":"https:\/\/radiolitoral.com\/#organization"},"image":{"@id":"https:\/\/radiolitoral.com\/2025\/02\/benissa-i-teulada-treballen-conjuntament-per-aconseguir-fons-europeus\/#primaryimage"},"thumbnailUrl":"https:\/\/media.radiolitoral.com\/wp-content\/uploads\/2025\/02\/26192035\/NOTA-DE-PRENSA-Benissa-y-Teulada-Moraira-unen-fuerzas-para-optar-a-10-millones-de-euros-de-los-fondos-europeos-FEDER.jpeg","keywords":["Arturo Poquet","Benissa","fondos europeos","Ra\u00fal Llobell","Teulada"],"articleSection":["Pol\u00edtica"],"inLanguage":"ca","potentialAction":[{"@type":"CommentAction","name":"Comment","target":["https:\/\/radiolitoral.com\/2025\/02\/benissa-i-teulada-treballen-conjuntament-per-aconseguir-fons-europeus\/#respond"]}]},{"@type":["WebPage","ItemPage"],"@id":"https:\/\/radiolitoral.com\/2025\/02\/benissa-i-teulada-treballen-conjuntament-per-aconseguir-fons-europeus\/","url":"https:\/\/radiolitoral.com\/2025\/02\/benissa-i-teulada-treballen-conjuntament-per-aconseguir-fons-europeus\/","name":"Benissa i Teulada treballen conjuntament per aconseguir fons europeus | R\u00e0dio Litoral","isPartOf":{"@id":"https:\/\/radiolitoral.com\/#website"},"primaryImageOfPage":{"@id":"https:\/\/radiolitoral.com\/2025\/02\/benissa-i-teulada-treballen-conjuntament-per-aconseguir-fons-europeus\/#primaryimage"},"image":{"@id":"https:\/\/radiolitoral.com\/2025\/02\/benissa-i-teulada-treballen-conjuntament-per-aconseguir-fons-europeus\/#primaryimage"},"thumbnailUrl":"https:\/\/media.radiolitoral.com\/wp-content\/uploads\/2025\/02\/26192035\/NOTA-DE-PRENSA-Benissa-y-Teulada-Moraira-unen-fuerzas-para-optar-a-10-millones-de-euros-de-los-fondos-europeos-FEDER.jpeg","datePublished":"2025-02-26T18:22:12+00:00","description":"Un projecte que aspira a una inversi\u00f3 de 10 milions d&#039;euros per impulsar la sostenibilitat","breadcrumb":{"@id":"https:\/\/radiolitoral.com\/2025\/02\/benissa-i-teulada-treballen-conjuntament-per-aconseguir-fons-europeus\/#breadcrumb"},"inLanguage":"ca","potentialAction":[{"@type":"ReadAction","target":["https:\/\/radiolitoral.com\/2025\/02\/benissa-i-teulada-treballen-conjuntament-per-aconseguir-fons-europeus\/"]}]},{"@type":"ImageObject","inLanguage":"ca","@id":"https:\/\/radiolitoral.com\/2025\/02\/benissa-i-teulada-treballen-conjuntament-per-aconseguir-fons-europeus\/#primaryimage","url":"https:\/\/media.radiolitoral.com\/wp-content\/uploads\/2025\/02\/26192035\/NOTA-DE-PRENSA-Benissa-y-Teulada-Moraira-unen-fuerzas-para-optar-a-10-millones-de-euros-de-los-fondos-europeos-FEDER.jpeg","contentUrl":"https:\/\/media.radiolitoral.com\/wp-content\/uploads\/2025\/02\/26192035\/NOTA-DE-PRENSA-Benissa-y-Teulada-Moraira-unen-fuerzas-para-optar-a-10-millones-de-euros-de-los-fondos-europeos-FEDER.jpeg","width":1600,"height":900},{"@type":"BreadcrumbList","@id":"https:\/\/radiolitoral.com\/2025\/02\/benissa-i-teulada-treballen-conjuntament-per-aconseguir-fons-europeus\/#breadcrumb","itemListElement":[{"@type":"ListItem","position":1,"name":"Portada","item":"https:\/\/radiolitoral.com\/"},{"@type":"ListItem","position":2,"name":"Benissa i Teulada treballen conjuntament per aconseguir fons europeus"}]},{"@type":"WebSite","@id":"https:\/\/radiolitoral.com\/#website","url":"https:\/\/radiolitoral.com\/","name":"R\u00e0dio Litoral","description":"La r\u00e0dio local de la Marina Alta","publisher":{"@id":"https:\/\/radiolitoral.com\/#organization"},"alternateName":"Litoral FM","potentialAction":[{"@type":"SearchAction","target":{"@type":"EntryPoint","urlTemplate":"https:\/\/radiolitoral.com\/?s={search_term_string}"},"query-input":{"@type":"PropertyValueSpecification","valueRequired":true,"valueName":"search_term_string"}}],"inLanguage":"ca"},{"@type":"Organization","@id":"https:\/\/radiolitoral.com\/#organization","name":"R\u00e0dio Litoral","url":"https:\/\/radiolitoral.com\/","logo":{"@type":"ImageObject","inLanguage":"ca","@id":"https:\/\/radiolitoral.com\/#\/schema\/logo\/image\/","url":"https:\/\/media.radiolitoral.com\/wp-content\/uploads\/2023\/02\/24143238\/CL-V-RadioLitoral696.png","contentUrl":"https:\/\/media.radiolitoral.com\/wp-content\/uploads\/2023\/02\/24143238\/CL-V-RadioLitoral696.png","width":696,"height":696,"caption":"Radio Litoral"},"image":{"@id":"https:\/\/radiolitoral.com\/#\/schema\/logo\/image\/"},"sameAs":["https:\/\/www.facebook.com\/Laradiolitoral\/"]},{"@type":"Person","@id":"https:\/\/radiolitoral.com\/#\/schema\/person\/96b739642eb3bedb532aac3812d23307","name":"Redacci\u00f3","image":{"@type":"ImageObject","inLanguage":"ca","@id":"https:\/\/secure.gravatar.com\/avatar\/30cd06129ee90411dd9c7cbdcf17464181d1a3c7b072e92070ea75a25cf0097e?s=96&d=mm&r=g","url":"https:\/\/secure.gravatar.com\/avatar\/30cd06129ee90411dd9c7cbdcf17464181d1a3c7b072e92070ea75a25cf0097e?s=96&d=mm&r=g","contentUrl":"https:\/\/secure.gravatar.com\/avatar\/30cd06129ee90411dd9c7cbdcf17464181d1a3c7b072e92070ea75a25cf0097e?s=96&d=mm&r=g","caption":"Redacci\u00f3n"},"url":"https:\/\/radiolitoral.com\/ca\/author\/kevin-carrio\/"}]}},"_links":{"self":[{"href":"https:\/\/radiolitoral.com\/ca\/wp-json\/wp\/v2\/posts\/15237","targetHints":{"allow":["GET"]}}],"collection":[{"href":"https:\/\/radiolitoral.com\/ca\/wp-json\/wp\/v2\/posts"}],"about":[{"href":"https:\/\/radiolitoral.com\/ca\/wp-json\/wp\/v2\/types\/post"}],"author":[{"embeddable":true,"href":"https:\/\/radiolitoral.com\/ca\/wp-json\/wp\/v2\/users\/14"}],"replies":[{"embeddable":true,"href":"https:\/\/radiolitoral.com\/ca\/wp-json\/wp\/v2\/comments?post=15237"}],"version-history":[{"count":1,"href":"https:\/\/radiolitoral.com\/ca\/wp-json\/wp\/v2\/posts\/15237\/revisions"}],"predecessor-version":[{"id":15239,"href":"https:\/\/radiolitoral.com\/ca\/wp-json\/wp\/v2\/posts\/15237\/revisions\/15239"}],"wp:featuredmedia":[{"embeddable":true,"href":"https:\/\/radiolitoral.com\/ca\/wp-json\/wp\/v2\/media\/15238"}],"wp:attachment":[{"href":"https:\/\/radiolitoral.com\/ca\/wp-json\/wp\/v2\/media?parent=15237"}],"wp:term":[{"taxonomy":"category","embeddable":true,"href":"https:\/\/radiolitoral.com\/ca\/wp-json\/wp\/v2\/categories?post=15237"},{"taxonomy":"post_tag","embeddable":true,"href":"https:\/\/radiolitoral.com\/ca\/wp-json\/wp\/v2\/tags?post=15237"}],"curies":[{"name":"wp","href":"https:\/\/api.w.org\/{rel}","templated":true}]}}