{"id":15202,"date":"2025-02-25T10:51:19","date_gmt":"2025-02-25T09:51:19","guid":{"rendered":"https:\/\/radiolitoral.com\/?p=15202"},"modified":"2025-02-25T10:51:19","modified_gmt":"2025-02-25T09:51:19","slug":"victor-girons-volem-convidar-a-tots-els-corredors-de-muntanya-benissers-que-sacstin-al-cor-de-la-cursa-que-involucrin","status":"publish","type":"post","link":"https:\/\/radiolitoral.com\/ca\/2025\/02\/victor-girones-volem-convidar-a-tots-els-corredors-de-muntanya-benissers-que-sacosten-al-cor-de-la-carrera-que-sinvolucren\/","title":{"rendered":"V\u00edctor Giron\u00e9s: \u201cVolem convidar tots els corredors de muntanya benissers que s&#039;acostin al cor de la cursa, que s&#039;involucren\u201d"},"content":{"rendered":"<p>Al <strong>Primer Caf\u00e8 de R\u00e0dio Litoral<\/strong> ens hem fixat a la <strong>Perimetral de Benissa<\/strong>, tot un cl\u00e0ssic dins de les<strong> carrers de muntanya<\/strong>, que se celebra <strong>dissabte 8 de mar\u00e7<\/strong>, i que a dalt amb moltes novetats. Una cita que \u00e9s m\u00e9s que una prova esportiva, \u00e9s tot un repte, del qual destaca la bellesa del seu recorregut i que <strong>inclou 3 dist\u00e0ncies<\/strong> en qu\u00e8 participar: <strong>Ultra 72K, Solana Trail 41K i Malla Verda 24K.<\/strong> Ens ho han explicat dos <strong>membres de l&#039;organitzaci\u00f3<\/strong> <strong>V\u00edctor Giron\u00e9s i Jaki Mart\u00ednez<\/strong>, que a m\u00e9s \u00e9s corredor des de fa ja una d\u00e8cada.<\/p>\n<p>A l&#039;edici\u00f3 2025, la n\u00famero 12, s&#039;han inscrit uns 400 corredors, encara que se n&#039;esperin alguns m\u00e9s, ja que el per\u00edode d&#039;inscripci\u00f3 continuar\u00e0 obert fins al 2 de mar\u00e7. La cursa se celebra un dia amb un marcat car\u00e0cter feminista, el 8M, Dia Internacional de la Dona, una data que tamb\u00e9 s&#039;ha tingut en compte pels organitzadors de la prova, que han decidit mostrar el comprom\u00eds social de la Perimetral amb la defensa de la igualtat creant una camiseta reivindicativa que es lliurar\u00e0 als voluntaris que col\u00b7laborin amb la prova.<\/p>\n<p>Els nostres convidats han incidit en la import\u00e0ncia del voluntariat al desenvolupament de la prova. Aquells que volen col\u00b7laborar amb la Perimetral encara estan a temps, poden inscriure&#039;s com a voluntaris a la p\u00e0gina web perimetralbenissa.com. A m\u00e9s, s&#039;ha convocat una reuni\u00f3 informativa per a aquells que se sumin a ajudar per al proper dimarts, 4 de mar\u00e7, a les 20 hores, a la sala d&#039;actes de la Cultural.<\/p>\n<p>Una convocat\u00f2ria que inclou diferents novetats, no sols al recorregut de les tres carreres que conformen la Perimetral, tamb\u00e9 als trofeus i premis que aconseguiran els primers classificats, aix\u00ed com al trofeu Cromany\u00f3, la inclusi\u00f3 a la prova del Campionat Auton\u00f2mic per als Bombers Forestals, aix\u00ed com la gravaci\u00f3 i seguiment en directe des del canal de YouTube.<\/p>\n<p>Dem\u00e0 dimecres tindr\u00e0 lloc la presentaci\u00f3 oficial de la cursa a les 20 hores a les Cases del Batle. Tamb\u00e9 s&#039;ha programat una xerrada t\u00e8cnica pr\u00e8via a la prova, de gran import\u00e0ncia pels corredors.<\/p>\n<p>Podeu escortar l&#039;entrevista \u00edntegra aqu\u00ed.<\/p>\n<audio class=\"wp-audio-shortcode\" id=\"audio-15202-1\" preload=\"none\" style=\"width: 100%;\" controls=\"controls\"><source type=\"audio\/mpeg\" src=\"https:\/\/media.radiolitoral.com\/wp-content\/uploads\/2025\/02\/25104507\/Primer-Cafe-Perimetral-Bssa.mp3?_=1\" \/><a href=\"https:\/\/media.radiolitoral.com\/wp-content\/uploads\/2025\/02\/25104507\/Primer-Cafe-Perimetral-Bssa.mp3\">https:\/\/media.radiolitoral.com\/wp-content\/uploads\/2025\/02\/25104507\/Primer-Cafe-Perimetral-Bssa.mp3<\/a><\/audio>","protected":false},"excerpt":{"rendered":"<p>En el Primer Caf\u00e9 de R\u00e0dio Litoral ens hem fixat en la Perimetral de Benissa, tot un cl\u00e0ssic dins de les carreres de muntanya, que se celebra dissabte 8 de mar\u00e7, i que arriba amb moltes novetats. Una cita que \u00e9s m\u00e9s que una prova esportiva, \u00e9s tot un repte, del qual destaca la bellesa [&#8230;]<\/p>\n<p><a class=\"btn btn-secondary understrap-read-more-link\" href=\"https:\/\/radiolitoral.com\/ca\/2025\/02\/victor-girones-volem-convidar-a-tots-els-corredors-de-muntanya-benissers-que-sacosten-al-cor-de-la-carrera-que-sinvolucren\/\">Continua llegint&#8230;<span class=\"screen-reader-text\"> from V\u00edctor Giron\u00e9s: \u201cVolem convidar a tots els corredors de muntanya benissers que s&#8217;acosten al cor de la carrera, que s\u2019involucren\u201d<\/span><\/a><\/p>\n","protected":false},"author":13,"featured_media":15204,"comment_status":"open","ping_status":"closed","sticky":false,"template":"","format":"standard","meta":{"_acf_changed":false,"inline_featured_image":false,"footnotes":""},"categories":[5,2753],"tags":[2422,3788,3786,896,2312,3787,3789,3785],"class_list":["post-15202","post","type-post","status-publish","format-standard","has-post-thumbnail","hentry","category-deportes","category-entrevistas","tag-carreras-montana","tag-corredors-de-muntanya","tag-jaki-martinez","tag-perimetral-benissa","tag-primer-cafe","tag-proba-esportiva","tag-serra-de-bernia","tag-victor-girones","cobertura-benissa"],"acf":[],"yoast_head":"<!-- This site is optimized with the Yoast SEO plugin v27.5 - https:\/\/yoast.com\/product\/yoast-seo-wordpress\/ -->\n<title>V\u00edctor Giron\u00e9s: \u201cVolem convidar a tots els corredors de muntanya benissers que s&#039;acosten al cor de la carrera, que s\u2019involucren\u201d | R\u00e0dio Litoral<\/title>\n<meta name=\"description\" content=\"M\u00e9s de 400 corredors participaran el dissabte 8 de mar\u00e7 a la XII Perimetral de Benissa carregada de novetats\" \/>\n<meta name=\"robots\" content=\"index, follow, max-snippet:-1, max-image-preview:large, max-video-preview:-1\" \/>\n<link rel=\"canonical\" href=\"https:\/\/radiolitoral.com\/ca\/2025\/02\/victor-girons-volem-convidar-a-tots-els-corredors-de-muntanya-benissers-que-sacstin-al-cor-de-la-cursa-que-involucrin\/\" \/>\n<meta property=\"og:locale\" content=\"ca_ES\" \/>\n<meta property=\"og:type\" content=\"article\" \/>\n<meta property=\"og:title\" content=\"V\u00edctor Giron\u00e9s: \u201cVolem convidar a tots els corredors de muntanya benissers que s&#039;acosten al cor de la carrera, que s\u2019involucren\u201d | R\u00e0dio Litoral\" \/>\n<meta property=\"og:description\" content=\"M\u00e9s de 400 corredors participaran el dissabte 8 de mar\u00e7 a la XII Perimetral de Benissa carregada de novetats\" \/>\n<meta property=\"og:url\" content=\"https:\/\/radiolitoral.com\/ca\/2025\/02\/victor-girons-volem-convidar-a-tots-els-corredors-de-muntanya-benissers-que-sacstin-al-cor-de-la-cursa-que-involucrin\/\" \/>\n<meta property=\"og:site_name\" content=\"R\u00e0dio Litoral\" \/>\n<meta property=\"article:publisher\" content=\"https:\/\/www.facebook.com\/Laradiolitoral\/\" \/>\n<meta property=\"article:published_time\" content=\"2025-02-25T09:51:19+00:00\" \/>\n<meta property=\"og:image\" content=\"https:\/\/media.radiolitoral.com\/wp-content\/uploads\/2025\/02\/25104706\/Victor-i-Jaki-en-el-Primer-Cafe-e1740477037218.jpg\" \/>\n\t<meta property=\"og:image:width\" content=\"1600\" \/>\n\t<meta property=\"og:image:height\" content=\"1107\" \/>\n\t<meta property=\"og:image:type\" content=\"image\/jpeg\" \/>\n<meta name=\"author\" content=\"Redacci\u00f3n\" \/>\n<meta name=\"twitter:card\" content=\"summary_large_image\" \/>\n<meta name=\"twitter:label1\" content=\"Escrit per\" \/>\n\t<meta name=\"twitter:data1\" content=\"Redacci\u00f3n\" \/>\n\t<meta name=\"twitter:label2\" content=\"Temps estimat de lectura\" \/>\n\t<meta name=\"twitter:data2\" content=\"3 minuts\" \/>\n<script type=\"application\/ld+json\" class=\"yoast-schema-graph\">{\"@context\":\"https:\\\/\\\/schema.org\",\"@graph\":[{\"@type\":\"NewsArticle\",\"@id\":\"https:\\\/\\\/radiolitoral.com\\\/2025\\\/02\\\/victor-girones-volem-convidar-a-tots-els-corredors-de-muntanya-benissers-que-sacosten-al-cor-de-la-carrera-que-sinvolucren\\\/#article\",\"isPartOf\":{\"@id\":\"https:\\\/\\\/radiolitoral.com\\\/2025\\\/02\\\/victor-girones-volem-convidar-a-tots-els-corredors-de-muntanya-benissers-que-sacosten-al-cor-de-la-carrera-que-sinvolucren\\\/\"},\"author\":{\"name\":\"Redacci\u00f3n\",\"@id\":\"https:\\\/\\\/radiolitoral.com\\\/#\\\/schema\\\/person\\\/f2b2343c49b5d721857cc1002bfdb151\"},\"headline\":\"V\u00edctor Giron\u00e9s: \u201cVolem convidar a tots els corredors de muntanya benissers que s&#8217;acosten al cor de la carrera, que s\u2019involucren\u201d\",\"datePublished\":\"2025-02-25T09:51:19+00:00\",\"mainEntityOfPage\":{\"@id\":\"https:\\\/\\\/radiolitoral.com\\\/2025\\\/02\\\/victor-girones-volem-convidar-a-tots-els-corredors-de-muntanya-benissers-que-sacosten-al-cor-de-la-carrera-que-sinvolucren\\\/\"},\"wordCount\":428,\"commentCount\":0,\"publisher\":{\"@id\":\"https:\\\/\\\/radiolitoral.com\\\/#organization\"},\"image\":{\"@id\":\"https:\\\/\\\/radiolitoral.com\\\/2025\\\/02\\\/victor-girones-volem-convidar-a-tots-els-corredors-de-muntanya-benissers-que-sacosten-al-cor-de-la-carrera-que-sinvolucren\\\/#primaryimage\"},\"thumbnailUrl\":\"https:\\\/\\\/media.radiolitoral.com\\\/wp-content\\\/uploads\\\/2025\\\/02\\\/25104706\\\/Victor-i-Jaki-en-el-Primer-Cafe-e1740477037218.jpg\",\"keywords\":[\"Carreras Monta\u00f1a\",\"Corredors de muntanya\",\"Jaki Mart\u00ednez\",\"Perimetral Benissa\",\"Primer Caf\u00e9\",\"Proba esportiva\",\"Serra de B\u00e8rnia\",\"V\u00edctor Giron\u00e9s\"],\"articleSection\":[\"Deportes\",\"Entrevistas\"],\"inLanguage\":\"ca\",\"potentialAction\":[{\"@type\":\"CommentAction\",\"name\":\"Comment\",\"target\":[\"https:\\\/\\\/radiolitoral.com\\\/2025\\\/02\\\/victor-girones-volem-convidar-a-tots-els-corredors-de-muntanya-benissers-que-sacosten-al-cor-de-la-carrera-que-sinvolucren\\\/#respond\"]}]},{\"@type\":[\"WebPage\",\"ItemPage\"],\"@id\":\"https:\\\/\\\/radiolitoral.com\\\/2025\\\/02\\\/victor-girones-volem-convidar-a-tots-els-corredors-de-muntanya-benissers-que-sacosten-al-cor-de-la-carrera-que-sinvolucren\\\/\",\"url\":\"https:\\\/\\\/radiolitoral.com\\\/2025\\\/02\\\/victor-girones-volem-convidar-a-tots-els-corredors-de-muntanya-benissers-que-sacosten-al-cor-de-la-carrera-que-sinvolucren\\\/\",\"name\":\"V\u00edctor Giron\u00e9s: \u201cVolem convidar a tots els corredors de muntanya benissers que s'acosten al cor de la carrera, que s\u2019involucren\u201d | R\u00e0dio Litoral\",\"isPartOf\":{\"@id\":\"https:\\\/\\\/radiolitoral.com\\\/#website\"},\"primaryImageOfPage\":{\"@id\":\"https:\\\/\\\/radiolitoral.com\\\/2025\\\/02\\\/victor-girones-volem-convidar-a-tots-els-corredors-de-muntanya-benissers-que-sacosten-al-cor-de-la-carrera-que-sinvolucren\\\/#primaryimage\"},\"image\":{\"@id\":\"https:\\\/\\\/radiolitoral.com\\\/2025\\\/02\\\/victor-girones-volem-convidar-a-tots-els-corredors-de-muntanya-benissers-que-sacosten-al-cor-de-la-carrera-que-sinvolucren\\\/#primaryimage\"},\"thumbnailUrl\":\"https:\\\/\\\/media.radiolitoral.com\\\/wp-content\\\/uploads\\\/2025\\\/02\\\/25104706\\\/Victor-i-Jaki-en-el-Primer-Cafe-e1740477037218.jpg\",\"datePublished\":\"2025-02-25T09:51:19+00:00\",\"description\":\"M\u00e9s de 400 corredors participaran el dissabte 8 de mar\u00e7 a la XII Perimetral de Benissa carregada de novetats\",\"breadcrumb\":{\"@id\":\"https:\\\/\\\/radiolitoral.com\\\/2025\\\/02\\\/victor-girones-volem-convidar-a-tots-els-corredors-de-muntanya-benissers-que-sacosten-al-cor-de-la-carrera-que-sinvolucren\\\/#breadcrumb\"},\"inLanguage\":\"ca\",\"potentialAction\":[{\"@type\":\"ReadAction\",\"target\":[\"https:\\\/\\\/radiolitoral.com\\\/2025\\\/02\\\/victor-girones-volem-convidar-a-tots-els-corredors-de-muntanya-benissers-que-sacosten-al-cor-de-la-carrera-que-sinvolucren\\\/\"]}]},{\"@type\":\"ImageObject\",\"inLanguage\":\"ca\",\"@id\":\"https:\\\/\\\/radiolitoral.com\\\/2025\\\/02\\\/victor-girones-volem-convidar-a-tots-els-corredors-de-muntanya-benissers-que-sacosten-al-cor-de-la-carrera-que-sinvolucren\\\/#primaryimage\",\"url\":\"https:\\\/\\\/media.radiolitoral.com\\\/wp-content\\\/uploads\\\/2025\\\/02\\\/25104706\\\/Victor-i-Jaki-en-el-Primer-Cafe-e1740477037218.jpg\",\"contentUrl\":\"https:\\\/\\\/media.radiolitoral.com\\\/wp-content\\\/uploads\\\/2025\\\/02\\\/25104706\\\/Victor-i-Jaki-en-el-Primer-Cafe-e1740477037218.jpg\",\"width\":1600,\"height\":1107},{\"@type\":\"BreadcrumbList\",\"@id\":\"https:\\\/\\\/radiolitoral.com\\\/2025\\\/02\\\/victor-girones-volem-convidar-a-tots-els-corredors-de-muntanya-benissers-que-sacosten-al-cor-de-la-carrera-que-sinvolucren\\\/#breadcrumb\",\"itemListElement\":[{\"@type\":\"ListItem\",\"position\":1,\"name\":\"Portada\",\"item\":\"https:\\\/\\\/radiolitoral.com\\\/\"},{\"@type\":\"ListItem\",\"position\":2,\"name\":\"V\u00edctor Giron\u00e9s: \u201cVolem convidar a tots els corredors de muntanya benissers que s&#8217;acosten al cor de la carrera, que s\u2019involucren\u201d\"}]},{\"@type\":\"WebSite\",\"@id\":\"https:\\\/\\\/radiolitoral.com\\\/#website\",\"url\":\"https:\\\/\\\/radiolitoral.com\\\/\",\"name\":\"Radio Litoral\",\"description\":\"La radio local de la Marina Alta\",\"publisher\":{\"@id\":\"https:\\\/\\\/radiolitoral.com\\\/#organization\"},\"alternateName\":\"Litoral FM\",\"potentialAction\":[{\"@type\":\"SearchAction\",\"target\":{\"@type\":\"EntryPoint\",\"urlTemplate\":\"https:\\\/\\\/radiolitoral.com\\\/?s={search_term_string}\"},\"query-input\":{\"@type\":\"PropertyValueSpecification\",\"valueRequired\":true,\"valueName\":\"search_term_string\"}}],\"inLanguage\":\"ca\"},{\"@type\":\"Organization\",\"@id\":\"https:\\\/\\\/radiolitoral.com\\\/#organization\",\"name\":\"Radio Litoral\",\"url\":\"https:\\\/\\\/radiolitoral.com\\\/\",\"logo\":{\"@type\":\"ImageObject\",\"inLanguage\":\"ca\",\"@id\":\"https:\\\/\\\/radiolitoral.com\\\/#\\\/schema\\\/logo\\\/image\\\/\",\"url\":\"https:\\\/\\\/media.radiolitoral.com\\\/wp-content\\\/uploads\\\/2023\\\/02\\\/24143238\\\/CL-V-RadioLitoral696.png\",\"contentUrl\":\"https:\\\/\\\/media.radiolitoral.com\\\/wp-content\\\/uploads\\\/2023\\\/02\\\/24143238\\\/CL-V-RadioLitoral696.png\",\"width\":696,\"height\":696,\"caption\":\"Radio Litoral\"},\"image\":{\"@id\":\"https:\\\/\\\/radiolitoral.com\\\/#\\\/schema\\\/logo\\\/image\\\/\"},\"sameAs\":[\"https:\\\/\\\/www.facebook.com\\\/Laradiolitoral\\\/\"]},{\"@type\":\"Person\",\"@id\":\"https:\\\/\\\/radiolitoral.com\\\/#\\\/schema\\\/person\\\/f2b2343c49b5d721857cc1002bfdb151\",\"name\":\"Redacci\u00f3n\",\"image\":{\"@type\":\"ImageObject\",\"inLanguage\":\"ca\",\"@id\":\"https:\\\/\\\/secure.gravatar.com\\\/avatar\\\/f771d896c203ad8b3382d7905cfcce5a5c9b008b84b3cd9114e9b9f4cb63f789?s=96&d=mm&r=g\",\"url\":\"https:\\\/\\\/secure.gravatar.com\\\/avatar\\\/f771d896c203ad8b3382d7905cfcce5a5c9b008b84b3cd9114e9b9f4cb63f789?s=96&d=mm&r=g\",\"contentUrl\":\"https:\\\/\\\/secure.gravatar.com\\\/avatar\\\/f771d896c203ad8b3382d7905cfcce5a5c9b008b84b3cd9114e9b9f4cb63f789?s=96&d=mm&r=g\",\"caption\":\"Redacci\u00f3n\"},\"url\":\"https:\\\/\\\/radiolitoral.com\\\/ca\\\/author\\\/miriam-pagan\\\/\"}]}<\/script>\n<!-- \/ Yoast SEO plugin. -->","yoast_head_json":{"title":"V\u00edctor Giron\u00e9s: \u201cVolem convidar tots els corredors de muntanya benissers que s&#039;acostin al cor de la cursa, que s&#039;hi involucrin\u201d | R\u00e0dio Litoral","description":"M\u00e9s de 400 corredors participaran el dissabte 8 de mar\u00e7 a la XII Perimetral de Benissa carregada de novetats","robots":{"index":"index","follow":"follow","max-snippet":"max-snippet:-1","max-image-preview":"max-image-preview:large","max-video-preview":"max-video-preview:-1"},"canonical":"https:\/\/radiolitoral.com\/ca\/2025\/02\/victor-girons-volem-convidar-a-tots-els-corredors-de-muntanya-benissers-que-sacstin-al-cor-de-la-cursa-que-involucrin\/","og_locale":"ca_ES","og_type":"article","og_title":"V\u00edctor Giron\u00e9s: \u201cVolem convidar a tots els corredors de muntanya benissers que s'acosten al cor de la carrera, que s\u2019involucren\u201d | R\u00e0dio Litoral","og_description":"M\u00e9s de 400 corredors participaran el dissabte 8 de mar\u00e7 a la XII Perimetral de Benissa carregada de novetats","og_url":"https:\/\/radiolitoral.com\/ca\/2025\/02\/victor-girons-volem-convidar-a-tots-els-corredors-de-muntanya-benissers-que-sacstin-al-cor-de-la-cursa-que-involucrin\/","og_site_name":"R\u00e0dio Litoral","article_publisher":"https:\/\/www.facebook.com\/Laradiolitoral\/","article_published_time":"2025-02-25T09:51:19+00:00","og_image":[{"width":1600,"height":1107,"url":"https:\/\/media.radiolitoral.com\/wp-content\/uploads\/2025\/02\/25104706\/Victor-i-Jaki-en-el-Primer-Cafe-e1740477037218.jpg","type":"image\/jpeg"}],"author":"Redacci\u00f3n","twitter_card":"summary_large_image","twitter_misc":{"Escrit per":"Redacci\u00f3n","Temps estimat de lectura":"3 minuts"},"schema":{"@context":"https:\/\/schema.org","@graph":[{"@type":"NewsArticle","@id":"https:\/\/radiolitoral.com\/2025\/02\/victor-girones-volem-convidar-a-tots-els-corredors-de-muntanya-benissers-que-sacosten-al-cor-de-la-carrera-que-sinvolucren\/#article","isPartOf":{"@id":"https:\/\/radiolitoral.com\/2025\/02\/victor-girones-volem-convidar-a-tots-els-corredors-de-muntanya-benissers-que-sacosten-al-cor-de-la-carrera-que-sinvolucren\/"},"author":{"name":"Redacci\u00f3n","@id":"https:\/\/radiolitoral.com\/#\/schema\/person\/f2b2343c49b5d721857cc1002bfdb151"},"headline":"V\u00edctor Giron\u00e9s: \u201cVolem convidar a tots els corredors de muntanya benissers que s&#8217;acosten al cor de la carrera, que s\u2019involucren\u201d","datePublished":"2025-02-25T09:51:19+00:00","mainEntityOfPage":{"@id":"https:\/\/radiolitoral.com\/2025\/02\/victor-girones-volem-convidar-a-tots-els-corredors-de-muntanya-benissers-que-sacosten-al-cor-de-la-carrera-que-sinvolucren\/"},"wordCount":428,"commentCount":0,"publisher":{"@id":"https:\/\/radiolitoral.com\/#organization"},"image":{"@id":"https:\/\/radiolitoral.com\/2025\/02\/victor-girones-volem-convidar-a-tots-els-corredors-de-muntanya-benissers-que-sacosten-al-cor-de-la-carrera-que-sinvolucren\/#primaryimage"},"thumbnailUrl":"https:\/\/media.radiolitoral.com\/wp-content\/uploads\/2025\/02\/25104706\/Victor-i-Jaki-en-el-Primer-Cafe-e1740477037218.jpg","keywords":["Carreras Monta\u00f1a","Corredors de muntanya","Jaki Mart\u00ednez","Perimetral Benissa","Primer Caf\u00e9","Proba esportiva","Serra de B\u00e8rnia","V\u00edctor Giron\u00e9s"],"articleSection":["Deportes","Entrevistas"],"inLanguage":"ca","potentialAction":[{"@type":"CommentAction","name":"Comment","target":["https:\/\/radiolitoral.com\/2025\/02\/victor-girones-volem-convidar-a-tots-els-corredors-de-muntanya-benissers-que-sacosten-al-cor-de-la-carrera-que-sinvolucren\/#respond"]}]},{"@type":["WebPage","ItemPage"],"@id":"https:\/\/radiolitoral.com\/2025\/02\/victor-girones-volem-convidar-a-tots-els-corredors-de-muntanya-benissers-que-sacosten-al-cor-de-la-carrera-que-sinvolucren\/","url":"https:\/\/radiolitoral.com\/2025\/02\/victor-girones-volem-convidar-a-tots-els-corredors-de-muntanya-benissers-que-sacosten-al-cor-de-la-carrera-que-sinvolucren\/","name":"V\u00edctor Giron\u00e9s: \u201cVolem convidar tots els corredors de muntanya benissers que s&#039;acostin al cor de la cursa, que s&#039;hi involucrin\u201d | R\u00e0dio Litoral","isPartOf":{"@id":"https:\/\/radiolitoral.com\/#website"},"primaryImageOfPage":{"@id":"https:\/\/radiolitoral.com\/2025\/02\/victor-girones-volem-convidar-a-tots-els-corredors-de-muntanya-benissers-que-sacosten-al-cor-de-la-carrera-que-sinvolucren\/#primaryimage"},"image":{"@id":"https:\/\/radiolitoral.com\/2025\/02\/victor-girones-volem-convidar-a-tots-els-corredors-de-muntanya-benissers-que-sacosten-al-cor-de-la-carrera-que-sinvolucren\/#primaryimage"},"thumbnailUrl":"https:\/\/media.radiolitoral.com\/wp-content\/uploads\/2025\/02\/25104706\/Victor-i-Jaki-en-el-Primer-Cafe-e1740477037218.jpg","datePublished":"2025-02-25T09:51:19+00:00","description":"M\u00e9s de 400 corredors participaran el dissabte 8 de mar\u00e7 a la XII Perimetral de Benissa carregada de novetats","breadcrumb":{"@id":"https:\/\/radiolitoral.com\/2025\/02\/victor-girones-volem-convidar-a-tots-els-corredors-de-muntanya-benissers-que-sacosten-al-cor-de-la-carrera-que-sinvolucren\/#breadcrumb"},"inLanguage":"ca","potentialAction":[{"@type":"ReadAction","target":["https:\/\/radiolitoral.com\/2025\/02\/victor-girones-volem-convidar-a-tots-els-corredors-de-muntanya-benissers-que-sacosten-al-cor-de-la-carrera-que-sinvolucren\/"]}]},{"@type":"ImageObject","inLanguage":"ca","@id":"https:\/\/radiolitoral.com\/2025\/02\/victor-girones-volem-convidar-a-tots-els-corredors-de-muntanya-benissers-que-sacosten-al-cor-de-la-carrera-que-sinvolucren\/#primaryimage","url":"https:\/\/media.radiolitoral.com\/wp-content\/uploads\/2025\/02\/25104706\/Victor-i-Jaki-en-el-Primer-Cafe-e1740477037218.jpg","contentUrl":"https:\/\/media.radiolitoral.com\/wp-content\/uploads\/2025\/02\/25104706\/Victor-i-Jaki-en-el-Primer-Cafe-e1740477037218.jpg","width":1600,"height":1107},{"@type":"BreadcrumbList","@id":"https:\/\/radiolitoral.com\/2025\/02\/victor-girones-volem-convidar-a-tots-els-corredors-de-muntanya-benissers-que-sacosten-al-cor-de-la-carrera-que-sinvolucren\/#breadcrumb","itemListElement":[{"@type":"ListItem","position":1,"name":"Portada","item":"https:\/\/radiolitoral.com\/"},{"@type":"ListItem","position":2,"name":"V\u00edctor Giron\u00e9s: \u201cVolem convidar a tots els corredors de muntanya benissers que s&#8217;acosten al cor de la carrera, que s\u2019involucren\u201d"}]},{"@type":"WebSite","@id":"https:\/\/radiolitoral.com\/#website","url":"https:\/\/radiolitoral.com\/","name":"R\u00e0dio Litoral","description":"La r\u00e0dio local de la Marina Alta","publisher":{"@id":"https:\/\/radiolitoral.com\/#organization"},"alternateName":"Litoral FM","potentialAction":[{"@type":"SearchAction","target":{"@type":"EntryPoint","urlTemplate":"https:\/\/radiolitoral.com\/?s={search_term_string}"},"query-input":{"@type":"PropertyValueSpecification","valueRequired":true,"valueName":"search_term_string"}}],"inLanguage":"ca"},{"@type":"Organization","@id":"https:\/\/radiolitoral.com\/#organization","name":"R\u00e0dio Litoral","url":"https:\/\/radiolitoral.com\/","logo":{"@type":"ImageObject","inLanguage":"ca","@id":"https:\/\/radiolitoral.com\/#\/schema\/logo\/image\/","url":"https:\/\/media.radiolitoral.com\/wp-content\/uploads\/2023\/02\/24143238\/CL-V-RadioLitoral696.png","contentUrl":"https:\/\/media.radiolitoral.com\/wp-content\/uploads\/2023\/02\/24143238\/CL-V-RadioLitoral696.png","width":696,"height":696,"caption":"Radio Litoral"},"image":{"@id":"https:\/\/radiolitoral.com\/#\/schema\/logo\/image\/"},"sameAs":["https:\/\/www.facebook.com\/Laradiolitoral\/"]},{"@type":"Person","@id":"https:\/\/radiolitoral.com\/#\/schema\/person\/f2b2343c49b5d721857cc1002bfdb151","name":"Redacci\u00f3","image":{"@type":"ImageObject","inLanguage":"ca","@id":"https:\/\/secure.gravatar.com\/avatar\/f771d896c203ad8b3382d7905cfcce5a5c9b008b84b3cd9114e9b9f4cb63f789?s=96&d=mm&r=g","url":"https:\/\/secure.gravatar.com\/avatar\/f771d896c203ad8b3382d7905cfcce5a5c9b008b84b3cd9114e9b9f4cb63f789?s=96&d=mm&r=g","contentUrl":"https:\/\/secure.gravatar.com\/avatar\/f771d896c203ad8b3382d7905cfcce5a5c9b008b84b3cd9114e9b9f4cb63f789?s=96&d=mm&r=g","caption":"Redacci\u00f3n"},"url":"https:\/\/radiolitoral.com\/ca\/author\/miriam-pagan\/"}]}},"_links":{"self":[{"href":"https:\/\/radiolitoral.com\/ca\/wp-json\/wp\/v2\/posts\/15202","targetHints":{"allow":["GET"]}}],"collection":[{"href":"https:\/\/radiolitoral.com\/ca\/wp-json\/wp\/v2\/posts"}],"about":[{"href":"https:\/\/radiolitoral.com\/ca\/wp-json\/wp\/v2\/types\/post"}],"author":[{"embeddable":true,"href":"https:\/\/radiolitoral.com\/ca\/wp-json\/wp\/v2\/users\/13"}],"replies":[{"embeddable":true,"href":"https:\/\/radiolitoral.com\/ca\/wp-json\/wp\/v2\/comments?post=15202"}],"version-history":[{"count":3,"href":"https:\/\/radiolitoral.com\/ca\/wp-json\/wp\/v2\/posts\/15202\/revisions"}],"predecessor-version":[{"id":15207,"href":"https:\/\/radiolitoral.com\/ca\/wp-json\/wp\/v2\/posts\/15202\/revisions\/15207"}],"wp:featuredmedia":[{"embeddable":true,"href":"https:\/\/radiolitoral.com\/ca\/wp-json\/wp\/v2\/media\/15204"}],"wp:attachment":[{"href":"https:\/\/radiolitoral.com\/ca\/wp-json\/wp\/v2\/media?parent=15202"}],"wp:term":[{"taxonomy":"category","embeddable":true,"href":"https:\/\/radiolitoral.com\/ca\/wp-json\/wp\/v2\/categories?post=15202"},{"taxonomy":"post_tag","embeddable":true,"href":"https:\/\/radiolitoral.com\/ca\/wp-json\/wp\/v2\/tags?post=15202"}],"curies":[{"name":"wp","href":"https:\/\/api.w.org\/{rel}","templated":true}]}}