{"id":15192,"date":"2025-02-25T10:22:38","date_gmt":"2025-02-25T09:22:38","guid":{"rendered":"https:\/\/radiolitoral.com\/?p=15192"},"modified":"2025-02-25T10:22:38","modified_gmt":"2025-02-25T09:22:38","slug":"el-paidos-f-fernandez-lluna-va-guanyar-al-cd-dominics","status":"publish","type":"post","link":"https:\/\/radiolitoral.com\/ca\/2025\/02\/el-paidos-f-fernandez-luna-va-guanyar-al-cd-dominicos\/","title":{"rendered":"El Paidos-F. Fern\u00e1ndez Luna guany\u00e0 el CD Dominicos"},"content":{"rendered":"<p data-start=\"184\" data-end=\"565\">El <strong data-start=\"187\" data-end=\"215\">Paidos-F. Fern\u00e1ndez Luna<\/strong> va sumar un triomf contundent per <strong data-start=\"250\" data-end=\"257\">2-8<\/strong> en la seva visita al <strong data-start=\"279\" data-end=\"303\">CD Dominics Llevant<\/strong>, en un partit disputat al pavell\u00f3 de <strong data-start=\"341\" data-end=\"367\">El Cabanyal, a Val\u00e8ncia<\/strong>. Els col\u00b7legials van mostrar la seva superioritat des de l&#039;inici i van controlar el joc, aconseguint una vict\u00f2ria que els <strong data-start=\"490\" data-end=\"562\">consolida com a l\u00edders de la Lliga Auton\u00f2mica Juvenil de futbol sala<\/strong>.<\/p>\n<p data-start=\"567\" data-end=\"879\">L&#039;encontre va comen\u00e7ar de manera immillorable per als dianencs, amb un <strong data-start=\"639\" data-end=\"677\">gol matiner d&#039;Andreu al minut 3<\/strong> que va donar tranquil\u00b7litat a l&#039;equip. Tot i aix\u00f2, el rival va anar creixent al partit, i durant molts minuts es va viure una igualtat m\u00e0xima, amb defensas molt s\u00f2lides per part dels dos conjunts.<\/p>\n<p data-start=\"881\" data-end=\"1247\">Va ser a la recta final de la <strong data-start=\"912\" data-end=\"930\">primera meitat<\/strong> quan es van desfermar les hostilitats. <strong data-start=\"970\" data-end=\"1010\">Pau va ampliar dist\u00e0ncies amb el 0-2<\/strong> i poc despr\u00e9s, <strong data-start=\"1026\" data-end=\"1050\">El Miquel va fer el 0-3<\/strong>. El CD Dominicos va reaccionar amb l&#039;1-3, obra d&#039;Hugo, per\u00f2 el <strong data-start=\"1115\" data-end=\"1194\">Paidos va colpejar de nou abans del descans amb el gol de Vicente Rodr\u00edguez<\/strong>, arribant al <strong data-start=\"1208\" data-end=\"1244\">temps de descans amb un clar 1-4<\/strong>.<\/p>\n<p data-start=\"1249\" data-end=\"1672\">A la <strong data-start=\"1255\" data-end=\"1272\">segona meitat<\/strong>, l&#039;equip local va sortir amb energia i va retallar difer\u00e8ncies amb el <strong data-start=\"1342\" data-end=\"1367\">2-4 anotat per Miguel<\/strong>, per\u00f2 la resposta del Paidos no es va fer esperar. <strong data-start=\"1419\" data-end=\"1445\">Bosch va marcar el 2-5<\/strong> i, a partir d&#039;aqu\u00ed, els dianencs controlaran completament el joc. Els intents locals per estirar-se al marcador es van trobar amb una <strong data-start=\"1585\" data-end=\"1669\">defensa molt ben ordenada per part de la formaci\u00f3 de Luis Llinares i Paco Pastor<\/strong>.<\/p>\n<p data-start=\"1674\" data-end=\"1936\">A mesura que passaven els minuts, cada errada del CD Dominicos va ser castigada amb gols per part del Paidos. Els dianencs van aprofitar els espais i van acabar golejant amb els <strong data-start=\"1853\" data-end=\"1885\">tants de Pau, Andreu i Pau<\/strong>, certificant un <strong data-start=\"1902\" data-end=\"1933\">triomf espectacular per 2-8<\/strong>.<\/p>\n<p><script src=\"chrome-extension:\/\/flbolonkboilcbnohjlchlfgdalomdpl\/iFrame.js\" type=\"text\/javascript\"><\/script><\/p>","protected":false},"excerpt":{"rendered":"<p>El Paidos-F. Fern\u00e1ndez Luna va sumar un triomf contundent per 2-8 en la seua visita al CD Dominicos Levante, en un partit disputat al pavell\u00f3 de El Caba\u00f1al, a Val\u00e8ncia. Els col\u00b7legials van mostrar la seua superioritat des de l&#8217;inici i van controlar el joc, aconseguint una vict\u00f2ria que els consolida com a l\u00edders de [&#8230;]<\/p>\n<p><a class=\"btn btn-secondary understrap-read-more-link\" href=\"https:\/\/radiolitoral.com\/ca\/2025\/02\/el-paidos-f-fernandez-luna-va-guanyar-al-cd-dominicos\/\">Continua llegint&#8230;<span class=\"screen-reader-text\"> from El Paidos-F. Fern\u00e1ndez Luna va guanyar al CD Dominicos<\/span><\/a><\/p>\n","protected":false},"author":12,"featured_media":15194,"comment_status":"open","ping_status":"closed","sticky":false,"template":"","format":"standard","meta":{"_acf_changed":false,"inline_featured_image":false,"footnotes":""},"categories":[5],"tags":[3781,2242,6,3782],"class_list":["post-15192","post","type-post","status-publish","format-standard","has-post-thumbnail","hentry","category-deportes","tag-cd-dominicos-levante","tag-cd-paidos-f-fernandez-luna","tag-deportes","tag-lliga-autonomica-juvenil-de-futbol-sala","cobertura-denia"],"acf":[],"yoast_head":"<!-- This site is optimized with the Yoast SEO plugin v27.5 - https:\/\/yoast.com\/product\/yoast-seo-wordpress\/ -->\n<title>El Paidos-F. Fern\u00e1ndez Luna va guanyar al CD Dominicos | R\u00e0dio Litoral<\/title>\n<meta name=\"description\" content=\"Continuen liderant en solitari la Lliga Auton\u00f2mica Juvenil despr\u00e9s de la seua vict\u00f2ria per 2 a 8 a Val\u00e8nciaContinuen liderant en solitari la Lliga Auton\u00f2mica Juvenil despr\u00e9s de la seua vict\u00f2ria per 2 a 8 a Val\u00e8ncia\" \/>\n<meta name=\"robots\" content=\"index, follow, max-snippet:-1, max-image-preview:large, max-video-preview:-1\" \/>\n<link rel=\"canonical\" href=\"https:\/\/radiolitoral.com\/ca\/2025\/02\/el-paidos-f-fernandez-lluna-va-guanyar-al-cd-dominics\/\" \/>\n<meta property=\"og:locale\" content=\"ca_ES\" \/>\n<meta property=\"og:type\" content=\"article\" \/>\n<meta property=\"og:title\" content=\"El Paidos-F. Fern\u00e1ndez Luna va guanyar al CD Dominicos | R\u00e0dio Litoral\" \/>\n<meta property=\"og:description\" content=\"Continuen liderant en solitari la Lliga Auton\u00f2mica Juvenil despr\u00e9s de la seua vict\u00f2ria per 2 a 8 a Val\u00e8nciaContinuen liderant en solitari la Lliga Auton\u00f2mica Juvenil despr\u00e9s de la seua vict\u00f2ria per 2 a 8 a Val\u00e8ncia\" \/>\n<meta property=\"og:url\" content=\"https:\/\/radiolitoral.com\/ca\/2025\/02\/el-paidos-f-fernandez-lluna-va-guanyar-al-cd-dominics\/\" \/>\n<meta property=\"og:site_name\" content=\"R\u00e0dio Litoral\" \/>\n<meta property=\"article:publisher\" content=\"https:\/\/www.facebook.com\/Laradiolitoral\/\" \/>\n<meta property=\"article:published_time\" content=\"2025-02-25T09:22:38+00:00\" \/>\n<meta property=\"og:image\" content=\"https:\/\/media.radiolitoral.com\/wp-content\/uploads\/2025\/02\/25102110\/Paidos-F.-Fernandez-Luna-celebrando-en-Valencia.jpg\" \/>\n\t<meta property=\"og:image:width\" content=\"1600\" \/>\n\t<meta property=\"og:image:height\" content=\"1200\" \/>\n\t<meta property=\"og:image:type\" content=\"image\/jpeg\" \/>\n<meta name=\"author\" content=\"Javier Zamora\" \/>\n<meta name=\"twitter:card\" content=\"summary_large_image\" \/>\n<meta name=\"twitter:label1\" content=\"Escrit per\" \/>\n\t<meta name=\"twitter:data1\" content=\"Javier Zamora\" \/>\n\t<meta name=\"twitter:label2\" content=\"Temps estimat de lectura\" \/>\n\t<meta name=\"twitter:data2\" content=\"2 minuts\" \/>\n<script type=\"application\/ld+json\" class=\"yoast-schema-graph\">{\"@context\":\"https:\\\/\\\/schema.org\",\"@graph\":[{\"@type\":\"NewsArticle\",\"@id\":\"https:\\\/\\\/radiolitoral.com\\\/2025\\\/02\\\/el-paidos-f-fernandez-luna-va-guanyar-al-cd-dominicos\\\/#article\",\"isPartOf\":{\"@id\":\"https:\\\/\\\/radiolitoral.com\\\/2025\\\/02\\\/el-paidos-f-fernandez-luna-va-guanyar-al-cd-dominicos\\\/\"},\"author\":{\"name\":\"Javier Zamora\",\"@id\":\"https:\\\/\\\/radiolitoral.com\\\/#\\\/schema\\\/person\\\/7b1480b5caeb5acdd4ec6379caf62b22\"},\"headline\":\"El Paidos-F. Fern\u00e1ndez Luna va guanyar al CD Dominicos\",\"datePublished\":\"2025-02-25T09:22:38+00:00\",\"mainEntityOfPage\":{\"@id\":\"https:\\\/\\\/radiolitoral.com\\\/2025\\\/02\\\/el-paidos-f-fernandez-luna-va-guanyar-al-cd-dominicos\\\/\"},\"wordCount\":331,\"commentCount\":0,\"publisher\":{\"@id\":\"https:\\\/\\\/radiolitoral.com\\\/#organization\"},\"image\":{\"@id\":\"https:\\\/\\\/radiolitoral.com\\\/2025\\\/02\\\/el-paidos-f-fernandez-luna-va-guanyar-al-cd-dominicos\\\/#primaryimage\"},\"thumbnailUrl\":\"https:\\\/\\\/media.radiolitoral.com\\\/wp-content\\\/uploads\\\/2025\\\/02\\\/25102110\\\/Paidos-F.-Fernandez-Luna-celebrando-en-Valencia.jpg\",\"keywords\":[\"CD Dominicos Levante\",\"CD Paidos \u2013 F. Fern\u00e1ndez Luna\",\"deportes\",\"Lliga Auton\u00f2mica Juvenil de futbol sala\"],\"articleSection\":[\"Deportes\"],\"inLanguage\":\"ca\",\"potentialAction\":[{\"@type\":\"CommentAction\",\"name\":\"Comment\",\"target\":[\"https:\\\/\\\/radiolitoral.com\\\/2025\\\/02\\\/el-paidos-f-fernandez-luna-va-guanyar-al-cd-dominicos\\\/#respond\"]}]},{\"@type\":[\"WebPage\",\"ItemPage\"],\"@id\":\"https:\\\/\\\/radiolitoral.com\\\/2025\\\/02\\\/el-paidos-f-fernandez-luna-va-guanyar-al-cd-dominicos\\\/\",\"url\":\"https:\\\/\\\/radiolitoral.com\\\/2025\\\/02\\\/el-paidos-f-fernandez-luna-va-guanyar-al-cd-dominicos\\\/\",\"name\":\"El Paidos-F. Fern\u00e1ndez Luna va guanyar al CD Dominicos | R\u00e0dio Litoral\",\"isPartOf\":{\"@id\":\"https:\\\/\\\/radiolitoral.com\\\/#website\"},\"primaryImageOfPage\":{\"@id\":\"https:\\\/\\\/radiolitoral.com\\\/2025\\\/02\\\/el-paidos-f-fernandez-luna-va-guanyar-al-cd-dominicos\\\/#primaryimage\"},\"image\":{\"@id\":\"https:\\\/\\\/radiolitoral.com\\\/2025\\\/02\\\/el-paidos-f-fernandez-luna-va-guanyar-al-cd-dominicos\\\/#primaryimage\"},\"thumbnailUrl\":\"https:\\\/\\\/media.radiolitoral.com\\\/wp-content\\\/uploads\\\/2025\\\/02\\\/25102110\\\/Paidos-F.-Fernandez-Luna-celebrando-en-Valencia.jpg\",\"datePublished\":\"2025-02-25T09:22:38+00:00\",\"description\":\"Continuen liderant en solitari la Lliga Auton\u00f2mica Juvenil despr\u00e9s de la seua vict\u00f2ria per 2 a 8 a Val\u00e8nciaContinuen liderant en solitari la Lliga Auton\u00f2mica Juvenil despr\u00e9s de la seua vict\u00f2ria per 2 a 8 a Val\u00e8ncia\",\"breadcrumb\":{\"@id\":\"https:\\\/\\\/radiolitoral.com\\\/2025\\\/02\\\/el-paidos-f-fernandez-luna-va-guanyar-al-cd-dominicos\\\/#breadcrumb\"},\"inLanguage\":\"ca\",\"potentialAction\":[{\"@type\":\"ReadAction\",\"target\":[\"https:\\\/\\\/radiolitoral.com\\\/2025\\\/02\\\/el-paidos-f-fernandez-luna-va-guanyar-al-cd-dominicos\\\/\"]}]},{\"@type\":\"ImageObject\",\"inLanguage\":\"ca\",\"@id\":\"https:\\\/\\\/radiolitoral.com\\\/2025\\\/02\\\/el-paidos-f-fernandez-luna-va-guanyar-al-cd-dominicos\\\/#primaryimage\",\"url\":\"https:\\\/\\\/media.radiolitoral.com\\\/wp-content\\\/uploads\\\/2025\\\/02\\\/25102110\\\/Paidos-F.-Fernandez-Luna-celebrando-en-Valencia.jpg\",\"contentUrl\":\"https:\\\/\\\/media.radiolitoral.com\\\/wp-content\\\/uploads\\\/2025\\\/02\\\/25102110\\\/Paidos-F.-Fernandez-Luna-celebrando-en-Valencia.jpg\",\"width\":1600,\"height\":1200},{\"@type\":\"BreadcrumbList\",\"@id\":\"https:\\\/\\\/radiolitoral.com\\\/2025\\\/02\\\/el-paidos-f-fernandez-luna-va-guanyar-al-cd-dominicos\\\/#breadcrumb\",\"itemListElement\":[{\"@type\":\"ListItem\",\"position\":1,\"name\":\"Portada\",\"item\":\"https:\\\/\\\/radiolitoral.com\\\/\"},{\"@type\":\"ListItem\",\"position\":2,\"name\":\"El Paidos-F. Fern\u00e1ndez Luna va guanyar al CD Dominicos\"}]},{\"@type\":\"WebSite\",\"@id\":\"https:\\\/\\\/radiolitoral.com\\\/#website\",\"url\":\"https:\\\/\\\/radiolitoral.com\\\/\",\"name\":\"Radio Litoral\",\"description\":\"La radio local de la Marina Alta\",\"publisher\":{\"@id\":\"https:\\\/\\\/radiolitoral.com\\\/#organization\"},\"alternateName\":\"Litoral FM\",\"potentialAction\":[{\"@type\":\"SearchAction\",\"target\":{\"@type\":\"EntryPoint\",\"urlTemplate\":\"https:\\\/\\\/radiolitoral.com\\\/?s={search_term_string}\"},\"query-input\":{\"@type\":\"PropertyValueSpecification\",\"valueRequired\":true,\"valueName\":\"search_term_string\"}}],\"inLanguage\":\"ca\"},{\"@type\":\"Organization\",\"@id\":\"https:\\\/\\\/radiolitoral.com\\\/#organization\",\"name\":\"Radio Litoral\",\"url\":\"https:\\\/\\\/radiolitoral.com\\\/\",\"logo\":{\"@type\":\"ImageObject\",\"inLanguage\":\"ca\",\"@id\":\"https:\\\/\\\/radiolitoral.com\\\/#\\\/schema\\\/logo\\\/image\\\/\",\"url\":\"https:\\\/\\\/media.radiolitoral.com\\\/wp-content\\\/uploads\\\/2023\\\/02\\\/24143238\\\/CL-V-RadioLitoral696.png\",\"contentUrl\":\"https:\\\/\\\/media.radiolitoral.com\\\/wp-content\\\/uploads\\\/2023\\\/02\\\/24143238\\\/CL-V-RadioLitoral696.png\",\"width\":696,\"height\":696,\"caption\":\"Radio Litoral\"},\"image\":{\"@id\":\"https:\\\/\\\/radiolitoral.com\\\/#\\\/schema\\\/logo\\\/image\\\/\"},\"sameAs\":[\"https:\\\/\\\/www.facebook.com\\\/Laradiolitoral\\\/\"]},{\"@type\":\"Person\",\"@id\":\"https:\\\/\\\/radiolitoral.com\\\/#\\\/schema\\\/person\\\/7b1480b5caeb5acdd4ec6379caf62b22\",\"name\":\"Javier Zamora\",\"image\":{\"@type\":\"ImageObject\",\"inLanguage\":\"ca\",\"@id\":\"https:\\\/\\\/secure.gravatar.com\\\/avatar\\\/467a11f6918c7d619c4043fc6fa2d3853053107973f05b6e9c04ea6c4e3a7b3f?s=96&d=mm&r=g\",\"url\":\"https:\\\/\\\/secure.gravatar.com\\\/avatar\\\/467a11f6918c7d619c4043fc6fa2d3853053107973f05b6e9c04ea6c4e3a7b3f?s=96&d=mm&r=g\",\"contentUrl\":\"https:\\\/\\\/secure.gravatar.com\\\/avatar\\\/467a11f6918c7d619c4043fc6fa2d3853053107973f05b6e9c04ea6c4e3a7b3f?s=96&d=mm&r=g\",\"caption\":\"Javier Zamora\"},\"url\":\"https:\\\/\\\/radiolitoral.com\\\/ca\\\/author\\\/javier-zamora\\\/\"}]}<\/script>\n<!-- \/ Yoast SEO plugin. -->","yoast_head_json":{"title":"El Paidos-F. Fern\u00e1ndez Luna guanya el CD Dominicos | R\u00e0dio Litoral","description":"Continuen liderant en solitari la Lliga Auton\u00f2mica Juvenil despr\u00e9s de su vict\u00f2ria per 2 a 8 a Val\u00e8nciaContinuen liderant en solitari la Lliga Auton\u00f2mica Juvenil despr\u00e9s de su vict\u00f2ria per 2 a 8 a Val\u00e8ncia","robots":{"index":"index","follow":"follow","max-snippet":"max-snippet:-1","max-image-preview":"max-image-preview:large","max-video-preview":"max-video-preview:-1"},"canonical":"https:\/\/radiolitoral.com\/ca\/2025\/02\/el-paidos-f-fernandez-lluna-va-guanyar-al-cd-dominics\/","og_locale":"ca_ES","og_type":"article","og_title":"El Paidos-F. Fern\u00e1ndez Luna va guanyar al CD Dominicos | R\u00e0dio Litoral","og_description":"Continuen liderant en solitari la Lliga Auton\u00f2mica Juvenil despr\u00e9s de la seua vict\u00f2ria per 2 a 8 a Val\u00e8nciaContinuen liderant en solitari la Lliga Auton\u00f2mica Juvenil despr\u00e9s de la seua vict\u00f2ria per 2 a 8 a Val\u00e8ncia","og_url":"https:\/\/radiolitoral.com\/ca\/2025\/02\/el-paidos-f-fernandez-lluna-va-guanyar-al-cd-dominics\/","og_site_name":"R\u00e0dio Litoral","article_publisher":"https:\/\/www.facebook.com\/Laradiolitoral\/","article_published_time":"2025-02-25T09:22:38+00:00","og_image":[{"width":1600,"height":1200,"url":"https:\/\/media.radiolitoral.com\/wp-content\/uploads\/2025\/02\/25102110\/Paidos-F.-Fernandez-Luna-celebrando-en-Valencia.jpg","type":"image\/jpeg"}],"author":"Javier Zamora","twitter_card":"summary_large_image","twitter_misc":{"Escrit per":"Javier Zamora","Temps estimat de lectura":"2 minuts"},"schema":{"@context":"https:\/\/schema.org","@graph":[{"@type":"NewsArticle","@id":"https:\/\/radiolitoral.com\/2025\/02\/el-paidos-f-fernandez-luna-va-guanyar-al-cd-dominicos\/#article","isPartOf":{"@id":"https:\/\/radiolitoral.com\/2025\/02\/el-paidos-f-fernandez-luna-va-guanyar-al-cd-dominicos\/"},"author":{"name":"Javier Zamora","@id":"https:\/\/radiolitoral.com\/#\/schema\/person\/7b1480b5caeb5acdd4ec6379caf62b22"},"headline":"El Paidos-F. Fern\u00e1ndez Luna va guanyar al CD Dominicos","datePublished":"2025-02-25T09:22:38+00:00","mainEntityOfPage":{"@id":"https:\/\/radiolitoral.com\/2025\/02\/el-paidos-f-fernandez-luna-va-guanyar-al-cd-dominicos\/"},"wordCount":331,"commentCount":0,"publisher":{"@id":"https:\/\/radiolitoral.com\/#organization"},"image":{"@id":"https:\/\/radiolitoral.com\/2025\/02\/el-paidos-f-fernandez-luna-va-guanyar-al-cd-dominicos\/#primaryimage"},"thumbnailUrl":"https:\/\/media.radiolitoral.com\/wp-content\/uploads\/2025\/02\/25102110\/Paidos-F.-Fernandez-Luna-celebrando-en-Valencia.jpg","keywords":["CD Dominicos Levante","CD Paidos \u2013 F. Fern\u00e1ndez Luna","deportes","Lliga Auton\u00f2mica Juvenil de futbol sala"],"articleSection":["Deportes"],"inLanguage":"ca","potentialAction":[{"@type":"CommentAction","name":"Comment","target":["https:\/\/radiolitoral.com\/2025\/02\/el-paidos-f-fernandez-luna-va-guanyar-al-cd-dominicos\/#respond"]}]},{"@type":["WebPage","ItemPage"],"@id":"https:\/\/radiolitoral.com\/2025\/02\/el-paidos-f-fernandez-luna-va-guanyar-al-cd-dominicos\/","url":"https:\/\/radiolitoral.com\/2025\/02\/el-paidos-f-fernandez-luna-va-guanyar-al-cd-dominicos\/","name":"El Paidos-F. Fern\u00e1ndez Luna guanya el CD Dominicos | R\u00e0dio Litoral","isPartOf":{"@id":"https:\/\/radiolitoral.com\/#website"},"primaryImageOfPage":{"@id":"https:\/\/radiolitoral.com\/2025\/02\/el-paidos-f-fernandez-luna-va-guanyar-al-cd-dominicos\/#primaryimage"},"image":{"@id":"https:\/\/radiolitoral.com\/2025\/02\/el-paidos-f-fernandez-luna-va-guanyar-al-cd-dominicos\/#primaryimage"},"thumbnailUrl":"https:\/\/media.radiolitoral.com\/wp-content\/uploads\/2025\/02\/25102110\/Paidos-F.-Fernandez-Luna-celebrando-en-Valencia.jpg","datePublished":"2025-02-25T09:22:38+00:00","description":"Continuen liderant en solitari la Lliga Auton\u00f2mica Juvenil despr\u00e9s de su vict\u00f2ria per 2 a 8 a Val\u00e8nciaContinuen liderant en solitari la Lliga Auton\u00f2mica Juvenil despr\u00e9s de su vict\u00f2ria per 2 a 8 a Val\u00e8ncia","breadcrumb":{"@id":"https:\/\/radiolitoral.com\/2025\/02\/el-paidos-f-fernandez-luna-va-guanyar-al-cd-dominicos\/#breadcrumb"},"inLanguage":"ca","potentialAction":[{"@type":"ReadAction","target":["https:\/\/radiolitoral.com\/2025\/02\/el-paidos-f-fernandez-luna-va-guanyar-al-cd-dominicos\/"]}]},{"@type":"ImageObject","inLanguage":"ca","@id":"https:\/\/radiolitoral.com\/2025\/02\/el-paidos-f-fernandez-luna-va-guanyar-al-cd-dominicos\/#primaryimage","url":"https:\/\/media.radiolitoral.com\/wp-content\/uploads\/2025\/02\/25102110\/Paidos-F.-Fernandez-Luna-celebrando-en-Valencia.jpg","contentUrl":"https:\/\/media.radiolitoral.com\/wp-content\/uploads\/2025\/02\/25102110\/Paidos-F.-Fernandez-Luna-celebrando-en-Valencia.jpg","width":1600,"height":1200},{"@type":"BreadcrumbList","@id":"https:\/\/radiolitoral.com\/2025\/02\/el-paidos-f-fernandez-luna-va-guanyar-al-cd-dominicos\/#breadcrumb","itemListElement":[{"@type":"ListItem","position":1,"name":"Portada","item":"https:\/\/radiolitoral.com\/"},{"@type":"ListItem","position":2,"name":"El Paidos-F. Fern\u00e1ndez Luna va guanyar al CD Dominicos"}]},{"@type":"WebSite","@id":"https:\/\/radiolitoral.com\/#website","url":"https:\/\/radiolitoral.com\/","name":"R\u00e0dio Litoral","description":"La r\u00e0dio local de la Marina Alta","publisher":{"@id":"https:\/\/radiolitoral.com\/#organization"},"alternateName":"Litoral FM","potentialAction":[{"@type":"SearchAction","target":{"@type":"EntryPoint","urlTemplate":"https:\/\/radiolitoral.com\/?s={search_term_string}"},"query-input":{"@type":"PropertyValueSpecification","valueRequired":true,"valueName":"search_term_string"}}],"inLanguage":"ca"},{"@type":"Organization","@id":"https:\/\/radiolitoral.com\/#organization","name":"R\u00e0dio Litoral","url":"https:\/\/radiolitoral.com\/","logo":{"@type":"ImageObject","inLanguage":"ca","@id":"https:\/\/radiolitoral.com\/#\/schema\/logo\/image\/","url":"https:\/\/media.radiolitoral.com\/wp-content\/uploads\/2023\/02\/24143238\/CL-V-RadioLitoral696.png","contentUrl":"https:\/\/media.radiolitoral.com\/wp-content\/uploads\/2023\/02\/24143238\/CL-V-RadioLitoral696.png","width":696,"height":696,"caption":"Radio Litoral"},"image":{"@id":"https:\/\/radiolitoral.com\/#\/schema\/logo\/image\/"},"sameAs":["https:\/\/www.facebook.com\/Laradiolitoral\/"]},{"@type":"Person","@id":"https:\/\/radiolitoral.com\/#\/schema\/person\/7b1480b5caeb5acdd4ec6379caf62b22","name":"Javier Zamora","image":{"@type":"ImageObject","inLanguage":"ca","@id":"https:\/\/secure.gravatar.com\/avatar\/467a11f6918c7d619c4043fc6fa2d3853053107973f05b6e9c04ea6c4e3a7b3f?s=96&d=mm&r=g","url":"https:\/\/secure.gravatar.com\/avatar\/467a11f6918c7d619c4043fc6fa2d3853053107973f05b6e9c04ea6c4e3a7b3f?s=96&d=mm&r=g","contentUrl":"https:\/\/secure.gravatar.com\/avatar\/467a11f6918c7d619c4043fc6fa2d3853053107973f05b6e9c04ea6c4e3a7b3f?s=96&d=mm&r=g","caption":"Javier Zamora"},"url":"https:\/\/radiolitoral.com\/ca\/author\/javier-zamora\/"}]}},"_links":{"self":[{"href":"https:\/\/radiolitoral.com\/ca\/wp-json\/wp\/v2\/posts\/15192","targetHints":{"allow":["GET"]}}],"collection":[{"href":"https:\/\/radiolitoral.com\/ca\/wp-json\/wp\/v2\/posts"}],"about":[{"href":"https:\/\/radiolitoral.com\/ca\/wp-json\/wp\/v2\/types\/post"}],"author":[{"embeddable":true,"href":"https:\/\/radiolitoral.com\/ca\/wp-json\/wp\/v2\/users\/12"}],"replies":[{"embeddable":true,"href":"https:\/\/radiolitoral.com\/ca\/wp-json\/wp\/v2\/comments?post=15192"}],"version-history":[{"count":2,"href":"https:\/\/radiolitoral.com\/ca\/wp-json\/wp\/v2\/posts\/15192\/revisions"}],"predecessor-version":[{"id":15196,"href":"https:\/\/radiolitoral.com\/ca\/wp-json\/wp\/v2\/posts\/15192\/revisions\/15196"}],"wp:featuredmedia":[{"embeddable":true,"href":"https:\/\/radiolitoral.com\/ca\/wp-json\/wp\/v2\/media\/15194"}],"wp:attachment":[{"href":"https:\/\/radiolitoral.com\/ca\/wp-json\/wp\/v2\/media?parent=15192"}],"wp:term":[{"taxonomy":"category","embeddable":true,"href":"https:\/\/radiolitoral.com\/ca\/wp-json\/wp\/v2\/categories?post=15192"},{"taxonomy":"post_tag","embeddable":true,"href":"https:\/\/radiolitoral.com\/ca\/wp-json\/wp\/v2\/tags?post=15192"}],"curies":[{"name":"wp","href":"https:\/\/api.w.org\/{rel}","templated":true}]}}