{"id":15186,"date":"2025-02-25T09:28:14","date_gmt":"2025-02-25T08:28:14","guid":{"rendered":"https:\/\/radiolitoral.com\/?p=15186"},"modified":"2025-02-25T09:28:14","modified_gmt":"2025-02-25T08:28:14","slug":"proteccio-civil-benitatxell-complix-15-anys-amb-un-compromis-inalterable-amb-la-ciutat","status":"publish","type":"post","link":"https:\/\/radiolitoral.com\/ca\/2025\/02\/proteccio-civil-benitatxell-cumplix-15-anys-amb-un-compromis-inalterable-amb-la-ciutat\/","title":{"rendered":"Protecci\u00f3 Civil Benitatxell complix 15 anys amb un comprom\u00eds inalterable amb la ciutat"},"content":{"rendered":"<p data-pm-slice=\"1 1 []\">El passat dissabte, Protecci\u00f3 Civil El Poble Nou de Benitatxell va celebrar el seu <strong>15\u00e8 aniversari<\/strong>, un esdeveniment marcat per l&#039;<strong>emoci\u00f3, la gratitud i els reconeixements<\/strong>. A la cerim\u00f2nia hi assistiren membres de l&#039;Ajuntament, for\u00e7a de seguretat, entitats col\u00b7laboradors i familiars, que volen acompanyar els voluntaris en aquesta commemoraci\u00f3.<\/p>\n<h3><strong>Un servei essencial per al municipi<\/strong><\/h3>\n<p>La regidora de Seguretat, <strong>Maria Jos\u00e9 Ivars<\/strong>, va iniciar l&#039;acte amb paraules de reconeixement cap als voluntaris: \u00abDurant quinze anys han estat al servei de la ciutadania, treballant amb esfor\u00e7 i dedicaci\u00f3 sense esperar res a canvi\u00bb. Tamb\u00e9 ressalta la seva actuaci\u00f3 en situacions d&#039;emerg\u00e8ncia com la recent <strong>DANA<\/strong>, en la qual van jugar un paper fonamental.<\/p>\n<figure id=\"attachment_15188\" aria-describedby=\"caption-attachment-15188\" style=\"width: 2048px\" class=\"wp-caption aligncenter\"><a href=\"https:\/\/media.radiolitoral.com\/wp-content\/uploads\/2025\/02\/25092550\/15-anos-proteccion-civil-benitatxell-2.jpg\"><img loading=\"lazy\" decoding=\"async\" class=\"wp-image-15188 size-full\" src=\"https:\/\/media.radiolitoral.com\/wp-content\/uploads\/2025\/02\/25092550\/15-anos-proteccion-civil-benitatxell-2.jpg\" alt=\"\" width=\"2048\" height=\"1152\" srcset=\"https:\/\/media.radiolitoral.com\/wp-content\/uploads\/2025\/02\/25092550\/15-anos-proteccion-civil-benitatxell-2.jpg 2048w, https:\/\/media.radiolitoral.com\/wp-content\/uploads\/2025\/02\/25092550\/15-anos-proteccion-civil-benitatxell-2-300x169.jpg 300w, https:\/\/media.radiolitoral.com\/wp-content\/uploads\/2025\/02\/25092550\/15-anos-proteccion-civil-benitatxell-2-1024x576.jpg 1024w, https:\/\/media.radiolitoral.com\/wp-content\/uploads\/2025\/02\/25092550\/15-anos-proteccion-civil-benitatxell-2-768x432.jpg 768w, https:\/\/media.radiolitoral.com\/wp-content\/uploads\/2025\/02\/25092550\/15-anos-proteccion-civil-benitatxell-2-1536x864.jpg 1536w, https:\/\/media.radiolitoral.com\/wp-content\/uploads\/2025\/02\/25092550\/15-anos-proteccion-civil-benitatxell-2-18x10.jpg 18w, https:\/\/media.radiolitoral.com\/wp-content\/uploads\/2025\/02\/25092550\/15-anos-proteccion-civil-benitatxell-2-1000x563.jpg 1000w, https:\/\/media.radiolitoral.com\/wp-content\/uploads\/2025\/02\/25092550\/15-anos-proteccion-civil-benitatxell-2-100x56.jpg 100w, https:\/\/media.radiolitoral.com\/wp-content\/uploads\/2025\/02\/25092550\/15-anos-proteccion-civil-benitatxell-2-200x113.jpg 200w\" sizes=\"auto, (max-width: 2048px) 100vw, 2048px\" \/><\/a><figcaption id=\"caption-attachment-15188\" class=\"wp-caption-text\">Homenatge als voluntaris de protecci\u00f3 civil | Aj. Benitatxell<\/figcaption><\/figure>\n<p>&nbsp;<\/p>\n<p>Per la seva banda, el cap de Protecci\u00f3 Civil, <strong>Arturo Esteve<\/strong>, va destacar la import\u00e0ncia de la <strong>col\u00b7laboraci\u00f3<\/strong> al treball diari de l&#039;agrupaci\u00f3: \u00abSom aqu\u00ed per donar suport, sempre des de la vocaci\u00f3 i sense substituir ning\u00fa\u00bb. A m\u00e9s, posar\u00e0 en valor els moments dif\u00edcils que han afrontat junts, des d&#039;incendis i rescats fins a la pand\u00e8mia de la <strong>Covid-19<\/strong>.<\/p>\n<h3><strong>Despidos i homenatges a figures clau<\/strong><\/h3>\n<p>L&#039;acte va incloure un sentit de comiat a <strong>Muriel Sadler<\/strong>, una dels fundadors de l&#039;agrupaci\u00f3, qui \u00e9s jubila despr\u00e9s d&#039;una traject\u00f2ria de lliurament a la comunitat.<\/p>\n<p>Tamb\u00e9 es va rendir homenatge a <strong>Jos\u00e9 Antonio Ivars<\/strong>, qui va ser sotscap i fundador de Protecci\u00f3 Civil Benitatxell i va perdre la vida a causa de la <strong>Covid-19<\/strong>. El seu pare, <strong>Jos\u00e9 Ivars<\/strong>, va recollir una medalla de reconeixement p\u00f2stum en el seu honor.<\/p>\n<figure id=\"attachment_15187\" aria-describedby=\"caption-attachment-15187\" style=\"width: 2560px\" class=\"wp-caption aligncenter\"><a href=\"https:\/\/media.radiolitoral.com\/wp-content\/uploads\/2025\/02\/25092544\/15-anos-proteccion-civil-benitatxell-1-scaled.jpg\"><img loading=\"lazy\" decoding=\"async\" class=\"wp-image-15187 size-full\" src=\"https:\/\/media.radiolitoral.com\/wp-content\/uploads\/2025\/02\/25092544\/15-anos-proteccion-civil-benitatxell-1-scaled.jpg\" alt=\"\" width=\"2560\" height=\"1920\" srcset=\"https:\/\/media.radiolitoral.com\/wp-content\/uploads\/2025\/02\/25092544\/15-anos-proteccion-civil-benitatxell-1-scaled.jpg 2560w, https:\/\/media.radiolitoral.com\/wp-content\/uploads\/2025\/02\/25092544\/15-anos-proteccion-civil-benitatxell-1-300x225.jpg 300w, https:\/\/media.radiolitoral.com\/wp-content\/uploads\/2025\/02\/25092544\/15-anos-proteccion-civil-benitatxell-1-1024x768.jpg 1024w, https:\/\/media.radiolitoral.com\/wp-content\/uploads\/2025\/02\/25092544\/15-anos-proteccion-civil-benitatxell-1-768x576.jpg 768w, https:\/\/media.radiolitoral.com\/wp-content\/uploads\/2025\/02\/25092544\/15-anos-proteccion-civil-benitatxell-1-1536x1152.jpg 1536w, https:\/\/media.radiolitoral.com\/wp-content\/uploads\/2025\/02\/25092544\/15-anos-proteccion-civil-benitatxell-1-2048x1536.jpg 2048w, https:\/\/media.radiolitoral.com\/wp-content\/uploads\/2025\/02\/25092544\/15-anos-proteccion-civil-benitatxell-1-16x12.jpg 16w, https:\/\/media.radiolitoral.com\/wp-content\/uploads\/2025\/02\/25092544\/15-anos-proteccion-civil-benitatxell-1-1000x750.jpg 1000w, https:\/\/media.radiolitoral.com\/wp-content\/uploads\/2025\/02\/25092544\/15-anos-proteccion-civil-benitatxell-1-100x75.jpg 100w, https:\/\/media.radiolitoral.com\/wp-content\/uploads\/2025\/02\/25092544\/15-anos-proteccion-civil-benitatxell-1-200x150.jpg 200w\" sizes=\"auto, (max-width: 2560px) 100vw, 2560px\" \/><\/a><figcaption id=\"caption-attachment-15187\" class=\"wp-caption-text\">Homenatge al difunt Jos\u00e9 Antonio Ivars | Aj. Benitatxell<\/figcaption><\/figure>\n<p>A m\u00e9s, es van concedir distintius a diferents membres de l&#039;agrupaci\u00f3, aix\u00ed com a entitats col\u00b7laboradores com el <strong>Teulada Moraira Lions Club<\/strong>, la <strong>Gu\u00e0rdia Civil de X\u00e0bia<\/strong> i la <strong>Policia Local<\/strong>. Es lliuraran <strong>medallas de servei<\/strong> als voluntaris amb 15, 10, 5 i 2 anys d&#039;antiguitat.<\/p>\n<h3><strong>Recolzament institucional a una tasca imprescindible<\/strong><\/h3>\n<p>L&#039;alcalde, <strong>Miquel \u00c0ngel Garc\u00eda<\/strong>, va tancar l&#039;acte amb paraules d&#039;agra\u00efment: \u00abEn una societat com la nostra, el vostre treball altruista \u00e9s un exemple d&#039;entrega i solidaritat\u00bb.<\/p>\n<p>Tamb\u00e9 va recordar la import\u00e0ncia del suport institucional des del seu inici, quan l&#039;agrupaci\u00f3 va ser impulsada per l&#039;exalcaldessa <strong>Josefa Ronda<\/strong>. \u00abEl poble valora enormement la vostra tasca, i l&#039;Ajuntament estar\u00e0 sempre al vostre costat per garantir que continueu fent aquesta feina imprescindible\u00bb, va concloure Garc\u00eda.<\/p>","protected":false},"excerpt":{"rendered":"<p>El passat dissabte, Protecci\u00f3 Civil El Poble Nou de Benitatxell va celebrar el seu 15\u00e9 aniversari, un esdeveniment marcat per l\u2019emoci\u00f3, la gratitud i els reconeixements. A la cerim\u00f2nia van assistir membres de l\u2019Ajuntament, forces de seguretat, entitats col\u00b7laboradores i familiars, que van voler acompanyar els voluntaris en aquesta commemoraci\u00f3. Un servei essencial per al [&#8230;]<\/p>\n<p><a class=\"btn btn-secondary understrap-read-more-link\" href=\"https:\/\/radiolitoral.com\/ca\/2025\/02\/proteccio-civil-benitatxell-cumplix-15-anys-amb-un-compromis-inalterable-amb-la-ciutat\/\">Continua llegint&#8230;<span class=\"screen-reader-text\"> from Protecci\u00f3 Civil Benitatxell cumplix 15 anys amb un comprom\u00eds inalterable amb la ciutat<\/span><\/a><\/p>\n","protected":false},"author":14,"featured_media":15189,"comment_status":"open","ping_status":"closed","sticky":false,"template":"","format":"standard","meta":{"_acf_changed":false,"inline_featured_image":false,"footnotes":""},"categories":[46],"tags":[3780,184,220,3489],"class_list":["post-15186","post","type-post","status-publish","format-standard","has-post-thumbnail","hentry","category-sociedad","tag-aniversario-proteccion-civil","tag-benitatxell","tag-proteccion-civil","tag-proteccion-civil-benitatxell","cobertura-poble-nou-de-benitatxell"],"acf":[],"yoast_head":"<!-- This site is optimized with the Yoast SEO plugin v27.5 - https:\/\/yoast.com\/product\/yoast-seo-wordpress\/ -->\n<title>Protecci\u00f3 Civil Benitatxell cumplix 15 anys amb un comprom\u00eds inalterable amb la ciutat | R\u00e0dio Litoral<\/title>\n<meta name=\"description\" content=\"El consistori ha celebrat un acte de reconeixement i homenatge als seus membres\" \/>\n<meta name=\"robots\" content=\"index, follow, max-snippet:-1, max-image-preview:large, max-video-preview:-1\" \/>\n<link rel=\"canonical\" href=\"https:\/\/radiolitoral.com\/ca\/2025\/02\/proteccio-civil-benitatxell-complix-15-anys-amb-un-compromis-inalterable-amb-la-ciutat\/\" \/>\n<meta property=\"og:locale\" content=\"ca_ES\" \/>\n<meta property=\"og:type\" content=\"article\" \/>\n<meta property=\"og:title\" content=\"Protecci\u00f3 Civil Benitatxell cumplix 15 anys amb un comprom\u00eds inalterable amb la ciutat | R\u00e0dio Litoral\" \/>\n<meta property=\"og:description\" content=\"El consistori ha celebrat un acte de reconeixement i homenatge als seus membres\" \/>\n<meta property=\"og:url\" content=\"https:\/\/radiolitoral.com\/ca\/2025\/02\/proteccio-civil-benitatxell-complix-15-anys-amb-un-compromis-inalterable-amb-la-ciutat\/\" \/>\n<meta property=\"og:site_name\" content=\"R\u00e0dio Litoral\" \/>\n<meta property=\"article:publisher\" content=\"https:\/\/www.facebook.com\/Laradiolitoral\/\" \/>\n<meta property=\"article:published_time\" content=\"2025-02-25T08:28:14+00:00\" \/>\n<meta property=\"og:image\" content=\"https:\/\/media.radiolitoral.com\/wp-content\/uploads\/2025\/02\/25092558\/15-anos-proteccion-civil-benitatxell-3-scaled.jpg\" \/>\n\t<meta property=\"og:image:width\" content=\"2560\" \/>\n\t<meta property=\"og:image:height\" content=\"1920\" \/>\n\t<meta property=\"og:image:type\" content=\"image\/jpeg\" \/>\n<meta name=\"author\" content=\"Redacci\u00f3n\" \/>\n<meta name=\"twitter:card\" content=\"summary_large_image\" \/>\n<meta name=\"twitter:label1\" content=\"Escrit per\" \/>\n\t<meta name=\"twitter:data1\" content=\"Redacci\u00f3n\" \/>\n\t<meta name=\"twitter:label2\" content=\"Temps estimat de lectura\" \/>\n\t<meta name=\"twitter:data2\" content=\"3 minuts\" \/>\n<script type=\"application\/ld+json\" class=\"yoast-schema-graph\">{\"@context\":\"https:\\\/\\\/schema.org\",\"@graph\":[{\"@type\":\"NewsArticle\",\"@id\":\"https:\\\/\\\/radiolitoral.com\\\/2025\\\/02\\\/proteccio-civil-benitatxell-cumplix-15-anys-amb-un-compromis-inalterable-amb-la-ciutat\\\/#article\",\"isPartOf\":{\"@id\":\"https:\\\/\\\/radiolitoral.com\\\/2025\\\/02\\\/proteccio-civil-benitatxell-cumplix-15-anys-amb-un-compromis-inalterable-amb-la-ciutat\\\/\"},\"author\":{\"name\":\"Redacci\u00f3n\",\"@id\":\"https:\\\/\\\/radiolitoral.com\\\/#\\\/schema\\\/person\\\/96b739642eb3bedb532aac3812d23307\"},\"headline\":\"Protecci\u00f3 Civil Benitatxell cumplix 15 anys amb un comprom\u00eds inalterable amb la ciutat\",\"datePublished\":\"2025-02-25T08:28:14+00:00\",\"mainEntityOfPage\":{\"@id\":\"https:\\\/\\\/radiolitoral.com\\\/2025\\\/02\\\/proteccio-civil-benitatxell-cumplix-15-anys-amb-un-compromis-inalterable-amb-la-ciutat\\\/\"},\"wordCount\":458,\"commentCount\":0,\"publisher\":{\"@id\":\"https:\\\/\\\/radiolitoral.com\\\/#organization\"},\"image\":{\"@id\":\"https:\\\/\\\/radiolitoral.com\\\/2025\\\/02\\\/proteccio-civil-benitatxell-cumplix-15-anys-amb-un-compromis-inalterable-amb-la-ciutat\\\/#primaryimage\"},\"thumbnailUrl\":\"https:\\\/\\\/media.radiolitoral.com\\\/wp-content\\\/uploads\\\/2025\\\/02\\\/25092558\\\/15-anos-proteccion-civil-benitatxell-3-scaled.jpg\",\"keywords\":[\"aniversario protecci\u00f3n civil\",\"Benitatxell\",\"Protecci\u00f3n Civil\",\"protecci\u00f3n civil benitatxell\"],\"articleSection\":[\"Sociedad\"],\"inLanguage\":\"ca\",\"potentialAction\":[{\"@type\":\"CommentAction\",\"name\":\"Comment\",\"target\":[\"https:\\\/\\\/radiolitoral.com\\\/2025\\\/02\\\/proteccio-civil-benitatxell-cumplix-15-anys-amb-un-compromis-inalterable-amb-la-ciutat\\\/#respond\"]}]},{\"@type\":[\"WebPage\",\"ItemPage\"],\"@id\":\"https:\\\/\\\/radiolitoral.com\\\/2025\\\/02\\\/proteccio-civil-benitatxell-cumplix-15-anys-amb-un-compromis-inalterable-amb-la-ciutat\\\/\",\"url\":\"https:\\\/\\\/radiolitoral.com\\\/2025\\\/02\\\/proteccio-civil-benitatxell-cumplix-15-anys-amb-un-compromis-inalterable-amb-la-ciutat\\\/\",\"name\":\"Protecci\u00f3 Civil Benitatxell cumplix 15 anys amb un comprom\u00eds inalterable amb la ciutat | R\u00e0dio Litoral\",\"isPartOf\":{\"@id\":\"https:\\\/\\\/radiolitoral.com\\\/#website\"},\"primaryImageOfPage\":{\"@id\":\"https:\\\/\\\/radiolitoral.com\\\/2025\\\/02\\\/proteccio-civil-benitatxell-cumplix-15-anys-amb-un-compromis-inalterable-amb-la-ciutat\\\/#primaryimage\"},\"image\":{\"@id\":\"https:\\\/\\\/radiolitoral.com\\\/2025\\\/02\\\/proteccio-civil-benitatxell-cumplix-15-anys-amb-un-compromis-inalterable-amb-la-ciutat\\\/#primaryimage\"},\"thumbnailUrl\":\"https:\\\/\\\/media.radiolitoral.com\\\/wp-content\\\/uploads\\\/2025\\\/02\\\/25092558\\\/15-anos-proteccion-civil-benitatxell-3-scaled.jpg\",\"datePublished\":\"2025-02-25T08:28:14+00:00\",\"description\":\"El consistori ha celebrat un acte de reconeixement i homenatge als seus membres\",\"breadcrumb\":{\"@id\":\"https:\\\/\\\/radiolitoral.com\\\/2025\\\/02\\\/proteccio-civil-benitatxell-cumplix-15-anys-amb-un-compromis-inalterable-amb-la-ciutat\\\/#breadcrumb\"},\"inLanguage\":\"ca\",\"potentialAction\":[{\"@type\":\"ReadAction\",\"target\":[\"https:\\\/\\\/radiolitoral.com\\\/2025\\\/02\\\/proteccio-civil-benitatxell-cumplix-15-anys-amb-un-compromis-inalterable-amb-la-ciutat\\\/\"]}]},{\"@type\":\"ImageObject\",\"inLanguage\":\"ca\",\"@id\":\"https:\\\/\\\/radiolitoral.com\\\/2025\\\/02\\\/proteccio-civil-benitatxell-cumplix-15-anys-amb-un-compromis-inalterable-amb-la-ciutat\\\/#primaryimage\",\"url\":\"https:\\\/\\\/media.radiolitoral.com\\\/wp-content\\\/uploads\\\/2025\\\/02\\\/25092558\\\/15-anos-proteccion-civil-benitatxell-3-scaled.jpg\",\"contentUrl\":\"https:\\\/\\\/media.radiolitoral.com\\\/wp-content\\\/uploads\\\/2025\\\/02\\\/25092558\\\/15-anos-proteccion-civil-benitatxell-3-scaled.jpg\",\"width\":2560,\"height\":1920},{\"@type\":\"BreadcrumbList\",\"@id\":\"https:\\\/\\\/radiolitoral.com\\\/2025\\\/02\\\/proteccio-civil-benitatxell-cumplix-15-anys-amb-un-compromis-inalterable-amb-la-ciutat\\\/#breadcrumb\",\"itemListElement\":[{\"@type\":\"ListItem\",\"position\":1,\"name\":\"Portada\",\"item\":\"https:\\\/\\\/radiolitoral.com\\\/\"},{\"@type\":\"ListItem\",\"position\":2,\"name\":\"Protecci\u00f3 Civil Benitatxell cumplix 15 anys amb un comprom\u00eds inalterable amb la ciutat\"}]},{\"@type\":\"WebSite\",\"@id\":\"https:\\\/\\\/radiolitoral.com\\\/#website\",\"url\":\"https:\\\/\\\/radiolitoral.com\\\/\",\"name\":\"Radio Litoral\",\"description\":\"La radio local de la Marina Alta\",\"publisher\":{\"@id\":\"https:\\\/\\\/radiolitoral.com\\\/#organization\"},\"alternateName\":\"Litoral FM\",\"potentialAction\":[{\"@type\":\"SearchAction\",\"target\":{\"@type\":\"EntryPoint\",\"urlTemplate\":\"https:\\\/\\\/radiolitoral.com\\\/?s={search_term_string}\"},\"query-input\":{\"@type\":\"PropertyValueSpecification\",\"valueRequired\":true,\"valueName\":\"search_term_string\"}}],\"inLanguage\":\"ca\"},{\"@type\":\"Organization\",\"@id\":\"https:\\\/\\\/radiolitoral.com\\\/#organization\",\"name\":\"Radio Litoral\",\"url\":\"https:\\\/\\\/radiolitoral.com\\\/\",\"logo\":{\"@type\":\"ImageObject\",\"inLanguage\":\"ca\",\"@id\":\"https:\\\/\\\/radiolitoral.com\\\/#\\\/schema\\\/logo\\\/image\\\/\",\"url\":\"https:\\\/\\\/media.radiolitoral.com\\\/wp-content\\\/uploads\\\/2023\\\/02\\\/24143238\\\/CL-V-RadioLitoral696.png\",\"contentUrl\":\"https:\\\/\\\/media.radiolitoral.com\\\/wp-content\\\/uploads\\\/2023\\\/02\\\/24143238\\\/CL-V-RadioLitoral696.png\",\"width\":696,\"height\":696,\"caption\":\"Radio Litoral\"},\"image\":{\"@id\":\"https:\\\/\\\/radiolitoral.com\\\/#\\\/schema\\\/logo\\\/image\\\/\"},\"sameAs\":[\"https:\\\/\\\/www.facebook.com\\\/Laradiolitoral\\\/\"]},{\"@type\":\"Person\",\"@id\":\"https:\\\/\\\/radiolitoral.com\\\/#\\\/schema\\\/person\\\/96b739642eb3bedb532aac3812d23307\",\"name\":\"Redacci\u00f3n\",\"image\":{\"@type\":\"ImageObject\",\"inLanguage\":\"ca\",\"@id\":\"https:\\\/\\\/secure.gravatar.com\\\/avatar\\\/30cd06129ee90411dd9c7cbdcf17464181d1a3c7b072e92070ea75a25cf0097e?s=96&d=mm&r=g\",\"url\":\"https:\\\/\\\/secure.gravatar.com\\\/avatar\\\/30cd06129ee90411dd9c7cbdcf17464181d1a3c7b072e92070ea75a25cf0097e?s=96&d=mm&r=g\",\"contentUrl\":\"https:\\\/\\\/secure.gravatar.com\\\/avatar\\\/30cd06129ee90411dd9c7cbdcf17464181d1a3c7b072e92070ea75a25cf0097e?s=96&d=mm&r=g\",\"caption\":\"Redacci\u00f3n\"},\"url\":\"https:\\\/\\\/radiolitoral.com\\\/ca\\\/author\\\/kevin-carrio\\\/\"}]}<\/script>\n<!-- \/ Yoast SEO plugin. -->","yoast_head_json":{"title":"Protecci\u00f3 Civil Benitatxell fa 15 anys amb un comprom\u00eds inalterable amb la ciutat | R\u00e0dio Litoral","description":"El consistori ha celebrat un acte de reconeixement i homenatge als membres","robots":{"index":"index","follow":"follow","max-snippet":"max-snippet:-1","max-image-preview":"max-image-preview:large","max-video-preview":"max-video-preview:-1"},"canonical":"https:\/\/radiolitoral.com\/ca\/2025\/02\/proteccio-civil-benitatxell-complix-15-anys-amb-un-compromis-inalterable-amb-la-ciutat\/","og_locale":"ca_ES","og_type":"article","og_title":"Protecci\u00f3 Civil Benitatxell cumplix 15 anys amb un comprom\u00eds inalterable amb la ciutat | R\u00e0dio Litoral","og_description":"El consistori ha celebrat un acte de reconeixement i homenatge als seus membres","og_url":"https:\/\/radiolitoral.com\/ca\/2025\/02\/proteccio-civil-benitatxell-complix-15-anys-amb-un-compromis-inalterable-amb-la-ciutat\/","og_site_name":"R\u00e0dio Litoral","article_publisher":"https:\/\/www.facebook.com\/Laradiolitoral\/","article_published_time":"2025-02-25T08:28:14+00:00","og_image":[{"width":2560,"height":1920,"url":"https:\/\/media.radiolitoral.com\/wp-content\/uploads\/2025\/02\/25092558\/15-anos-proteccion-civil-benitatxell-3-scaled.jpg","type":"image\/jpeg"}],"author":"Redacci\u00f3n","twitter_card":"summary_large_image","twitter_misc":{"Escrit per":"Redacci\u00f3n","Temps estimat de lectura":"3 minuts"},"schema":{"@context":"https:\/\/schema.org","@graph":[{"@type":"NewsArticle","@id":"https:\/\/radiolitoral.com\/2025\/02\/proteccio-civil-benitatxell-cumplix-15-anys-amb-un-compromis-inalterable-amb-la-ciutat\/#article","isPartOf":{"@id":"https:\/\/radiolitoral.com\/2025\/02\/proteccio-civil-benitatxell-cumplix-15-anys-amb-un-compromis-inalterable-amb-la-ciutat\/"},"author":{"name":"Redacci\u00f3n","@id":"https:\/\/radiolitoral.com\/#\/schema\/person\/96b739642eb3bedb532aac3812d23307"},"headline":"Protecci\u00f3 Civil Benitatxell cumplix 15 anys amb un comprom\u00eds inalterable amb la ciutat","datePublished":"2025-02-25T08:28:14+00:00","mainEntityOfPage":{"@id":"https:\/\/radiolitoral.com\/2025\/02\/proteccio-civil-benitatxell-cumplix-15-anys-amb-un-compromis-inalterable-amb-la-ciutat\/"},"wordCount":458,"commentCount":0,"publisher":{"@id":"https:\/\/radiolitoral.com\/#organization"},"image":{"@id":"https:\/\/radiolitoral.com\/2025\/02\/proteccio-civil-benitatxell-cumplix-15-anys-amb-un-compromis-inalterable-amb-la-ciutat\/#primaryimage"},"thumbnailUrl":"https:\/\/media.radiolitoral.com\/wp-content\/uploads\/2025\/02\/25092558\/15-anos-proteccion-civil-benitatxell-3-scaled.jpg","keywords":["aniversario protecci\u00f3n civil","Benitatxell","Protecci\u00f3n Civil","protecci\u00f3n civil benitatxell"],"articleSection":["Sociedad"],"inLanguage":"ca","potentialAction":[{"@type":"CommentAction","name":"Comment","target":["https:\/\/radiolitoral.com\/2025\/02\/proteccio-civil-benitatxell-cumplix-15-anys-amb-un-compromis-inalterable-amb-la-ciutat\/#respond"]}]},{"@type":["WebPage","ItemPage"],"@id":"https:\/\/radiolitoral.com\/2025\/02\/proteccio-civil-benitatxell-cumplix-15-anys-amb-un-compromis-inalterable-amb-la-ciutat\/","url":"https:\/\/radiolitoral.com\/2025\/02\/proteccio-civil-benitatxell-cumplix-15-anys-amb-un-compromis-inalterable-amb-la-ciutat\/","name":"Protecci\u00f3 Civil Benitatxell fa 15 anys amb un comprom\u00eds inalterable amb la ciutat | R\u00e0dio Litoral","isPartOf":{"@id":"https:\/\/radiolitoral.com\/#website"},"primaryImageOfPage":{"@id":"https:\/\/radiolitoral.com\/2025\/02\/proteccio-civil-benitatxell-cumplix-15-anys-amb-un-compromis-inalterable-amb-la-ciutat\/#primaryimage"},"image":{"@id":"https:\/\/radiolitoral.com\/2025\/02\/proteccio-civil-benitatxell-cumplix-15-anys-amb-un-compromis-inalterable-amb-la-ciutat\/#primaryimage"},"thumbnailUrl":"https:\/\/media.radiolitoral.com\/wp-content\/uploads\/2025\/02\/25092558\/15-anos-proteccion-civil-benitatxell-3-scaled.jpg","datePublished":"2025-02-25T08:28:14+00:00","description":"El consistori ha celebrat un acte de reconeixement i homenatge als membres","breadcrumb":{"@id":"https:\/\/radiolitoral.com\/2025\/02\/proteccio-civil-benitatxell-cumplix-15-anys-amb-un-compromis-inalterable-amb-la-ciutat\/#breadcrumb"},"inLanguage":"ca","potentialAction":[{"@type":"ReadAction","target":["https:\/\/radiolitoral.com\/2025\/02\/proteccio-civil-benitatxell-cumplix-15-anys-amb-un-compromis-inalterable-amb-la-ciutat\/"]}]},{"@type":"ImageObject","inLanguage":"ca","@id":"https:\/\/radiolitoral.com\/2025\/02\/proteccio-civil-benitatxell-cumplix-15-anys-amb-un-compromis-inalterable-amb-la-ciutat\/#primaryimage","url":"https:\/\/media.radiolitoral.com\/wp-content\/uploads\/2025\/02\/25092558\/15-anos-proteccion-civil-benitatxell-3-scaled.jpg","contentUrl":"https:\/\/media.radiolitoral.com\/wp-content\/uploads\/2025\/02\/25092558\/15-anos-proteccion-civil-benitatxell-3-scaled.jpg","width":2560,"height":1920},{"@type":"BreadcrumbList","@id":"https:\/\/radiolitoral.com\/2025\/02\/proteccio-civil-benitatxell-cumplix-15-anys-amb-un-compromis-inalterable-amb-la-ciutat\/#breadcrumb","itemListElement":[{"@type":"ListItem","position":1,"name":"Portada","item":"https:\/\/radiolitoral.com\/"},{"@type":"ListItem","position":2,"name":"Protecci\u00f3 Civil Benitatxell cumplix 15 anys amb un comprom\u00eds inalterable amb la ciutat"}]},{"@type":"WebSite","@id":"https:\/\/radiolitoral.com\/#website","url":"https:\/\/radiolitoral.com\/","name":"R\u00e0dio Litoral","description":"La r\u00e0dio local de la Marina Alta","publisher":{"@id":"https:\/\/radiolitoral.com\/#organization"},"alternateName":"Litoral FM","potentialAction":[{"@type":"SearchAction","target":{"@type":"EntryPoint","urlTemplate":"https:\/\/radiolitoral.com\/?s={search_term_string}"},"query-input":{"@type":"PropertyValueSpecification","valueRequired":true,"valueName":"search_term_string"}}],"inLanguage":"ca"},{"@type":"Organization","@id":"https:\/\/radiolitoral.com\/#organization","name":"R\u00e0dio Litoral","url":"https:\/\/radiolitoral.com\/","logo":{"@type":"ImageObject","inLanguage":"ca","@id":"https:\/\/radiolitoral.com\/#\/schema\/logo\/image\/","url":"https:\/\/media.radiolitoral.com\/wp-content\/uploads\/2023\/02\/24143238\/CL-V-RadioLitoral696.png","contentUrl":"https:\/\/media.radiolitoral.com\/wp-content\/uploads\/2023\/02\/24143238\/CL-V-RadioLitoral696.png","width":696,"height":696,"caption":"Radio Litoral"},"image":{"@id":"https:\/\/radiolitoral.com\/#\/schema\/logo\/image\/"},"sameAs":["https:\/\/www.facebook.com\/Laradiolitoral\/"]},{"@type":"Person","@id":"https:\/\/radiolitoral.com\/#\/schema\/person\/96b739642eb3bedb532aac3812d23307","name":"Redacci\u00f3","image":{"@type":"ImageObject","inLanguage":"ca","@id":"https:\/\/secure.gravatar.com\/avatar\/30cd06129ee90411dd9c7cbdcf17464181d1a3c7b072e92070ea75a25cf0097e?s=96&d=mm&r=g","url":"https:\/\/secure.gravatar.com\/avatar\/30cd06129ee90411dd9c7cbdcf17464181d1a3c7b072e92070ea75a25cf0097e?s=96&d=mm&r=g","contentUrl":"https:\/\/secure.gravatar.com\/avatar\/30cd06129ee90411dd9c7cbdcf17464181d1a3c7b072e92070ea75a25cf0097e?s=96&d=mm&r=g","caption":"Redacci\u00f3n"},"url":"https:\/\/radiolitoral.com\/ca\/author\/kevin-carrio\/"}]}},"_links":{"self":[{"href":"https:\/\/radiolitoral.com\/ca\/wp-json\/wp\/v2\/posts\/15186","targetHints":{"allow":["GET"]}}],"collection":[{"href":"https:\/\/radiolitoral.com\/ca\/wp-json\/wp\/v2\/posts"}],"about":[{"href":"https:\/\/radiolitoral.com\/ca\/wp-json\/wp\/v2\/types\/post"}],"author":[{"embeddable":true,"href":"https:\/\/radiolitoral.com\/ca\/wp-json\/wp\/v2\/users\/14"}],"replies":[{"embeddable":true,"href":"https:\/\/radiolitoral.com\/ca\/wp-json\/wp\/v2\/comments?post=15186"}],"version-history":[{"count":1,"href":"https:\/\/radiolitoral.com\/ca\/wp-json\/wp\/v2\/posts\/15186\/revisions"}],"predecessor-version":[{"id":15190,"href":"https:\/\/radiolitoral.com\/ca\/wp-json\/wp\/v2\/posts\/15186\/revisions\/15190"}],"wp:featuredmedia":[{"embeddable":true,"href":"https:\/\/radiolitoral.com\/ca\/wp-json\/wp\/v2\/media\/15189"}],"wp:attachment":[{"href":"https:\/\/radiolitoral.com\/ca\/wp-json\/wp\/v2\/media?parent=15186"}],"wp:term":[{"taxonomy":"category","embeddable":true,"href":"https:\/\/radiolitoral.com\/ca\/wp-json\/wp\/v2\/categories?post=15186"},{"taxonomy":"post_tag","embeddable":true,"href":"https:\/\/radiolitoral.com\/ca\/wp-json\/wp\/v2\/tags?post=15186"}],"curies":[{"name":"wp","href":"https:\/\/api.w.org\/{rel}","templated":true}]}}