{"id":15171,"date":"2025-02-24T11:16:53","date_gmt":"2025-02-24T10:16:53","guid":{"rendered":"https:\/\/radiolitoral.com\/?p=15171"},"modified":"2025-02-24T11:16:53","modified_gmt":"2025-02-24T10:16:53","slug":"raul-llobell-anem-a-portar-escultures-de-molt-de-nivell-donarem-a-teulada-moraira-un-tipus-diferent-de-turisme","status":"publish","type":"post","link":"https:\/\/radiolitoral.com\/ca\/2025\/02\/raul-llobell-anem-a-portar-escultures-de-molt-de-nivell-donarem-a-teulada-moraira-un-tipus-diferent-de-turisme\/","title":{"rendered":"Ra\u00fal Llobell: \u201cAnem a portar escultures de molt nivell, donarem a Teulada Moraira un tipus diferent de turisme\u201d"},"content":{"rendered":"<p>Al Primer Caf\u00e8 de R\u00e0dio Litoral hem comen\u00e7at la setmana posant el focus en un projecte potent que situar\u00e0 a <strong>Teulada Moraira<\/strong> al punt de mira de l&#039;expressi\u00f3 art\u00edstica per mitj\u00e0 de l&#039;<strong>escultura<\/strong>. Aquesta mat\u00ed hem conegut una iniciativa \u00fanica i nova: <strong>Teulada Moraira Ciutat de Cultura i Escultura<\/strong>, amb <strong>l&#039;alcalde de la localitat, Ra\u00fal Llobell i la regidora de Cultura i Turisme, Ver\u00f3nica Mart\u00ednez.<\/strong><\/p>\n<p>Amb ells hem pogut con\u00e8ixer com es pret\u00e9n transformar el paisatge urb\u00e0 del municipi a trav\u00e9s de l&#039;art monumental i quins artistes ho faran possible. Noms propis com Antonio L\u00f3pez, V\u00edctor Ochoa o Coderch i Malavia, tots ells, artistes rellevants del panorama nacional i internacional. Es tracta d&#039;una ruta escult\u00f2rica que converteix en museu a l&#039;aire lliure les carrers i places del municipi, composta, en principi, per set escultures de grans mesures, amb el corresponent QR, que permetr\u00e0 al visitant con\u00e8ixer tots els detalls sobre l&#039;obra i l&#039;autor.<\/p>\n<p>Tot aix\u00f2 amb l&#039;objectiu de millorar el dest\u00ed Teulada Moraira, potenciant la desestacionalitzaci\u00f3 del sector tur\u00edstic, fomentant la seva oferta cultural tant per a possibles visitants com per als mateixos ve\u00efns de la localitat i la comarca.<\/p>\n<p>Tot va n\u00e0ixer amb el Gegant de Sal, escultura que va arribar a l&#039;esplanada del Castell de Moraira, despr\u00e9s de la pand\u00e8mia, i que ha suposat un important atraient tur\u00edstic. Un projecte que ser\u00e0 finan\u00e7at al 100% per les arques municipals a la seva primera edici\u00f3. Que compta amb l&#039;assessorament professional d&#039;experts i que disposar\u00e0 de les escultures cedides temporalment pels artistas participants.<\/p>\n<p>Al mes d\u00b4octubre est\u00e0 prevista la inauguraci\u00f3 d\u00b4aquesta ruta escult\u00f2rica. Acte que es far\u00e0 coincidir amb el I Congr\u00e9s Internacional sobre Escultura Monumental a l&#039;Auditori Teulada Moraira, on tamb\u00e9 s&#039;exposaran al voltant de mig centenar d&#039;obres escult\u00f2riques.<\/p>\n<p>Pots tornar a escortar l&#039;entrevista completa aqu\u00ed.<\/p>\n<audio class=\"wp-audio-shortcode\" id=\"audio-15171-1\" preload=\"none\" style=\"width: 100%;\" controls=\"controls\"><source type=\"audio\/mpeg\" src=\"https:\/\/media.radiolitoral.com\/wp-content\/uploads\/2025\/02\/24110949\/Primer-Cafe-TM-Escultura.mp3?_=1\" \/><a href=\"https:\/\/media.radiolitoral.com\/wp-content\/uploads\/2025\/02\/24110949\/Primer-Cafe-TM-Escultura.mp3\">https:\/\/media.radiolitoral.com\/wp-content\/uploads\/2025\/02\/24110949\/Primer-Cafe-TM-Escultura.mp3<\/a><\/audio>","protected":false},"excerpt":{"rendered":"<p>En el Primer Caf\u00e9 de R\u00e0dio Litoral hem comen\u00e7at la setmana posant el focus en un projecte potent que situar\u00e0 a Teulada Moraira en el punt de mira de l&#8217;expressi\u00f3 art\u00edstica per mitj\u00e0 de l&#8217;escultura. Aquest mat\u00ed hem conegut una iniciativa \u00fanica i nova: Teulada Moraira Ciutat de Cultura i Escultura, amb l&#8217;alcalde de la [&#8230;]<\/p>\n<p><a class=\"btn btn-secondary understrap-read-more-link\" href=\"https:\/\/radiolitoral.com\/ca\/2025\/02\/raul-llobell-anem-a-portar-escultures-de-molt-de-nivell-donarem-a-teulada-moraira-un-tipus-diferent-de-turisme\/\">Continua llegint&#8230;<span class=\"screen-reader-text\"> from Ra\u00fal Llobell: \u201cAnem a portar escultures de molt de nivell, donarem a Teulada Moraira un tipus diferent de turisme\u201d<\/span><\/a><\/p>\n","protected":false},"author":13,"featured_media":15173,"comment_status":"open","ping_status":"closed","sticky":false,"template":"","format":"standard","meta":{"_acf_changed":false,"inline_featured_image":false,"footnotes":""},"categories":[55,2753,144],"tags":[463,3774,3775,3777,2312,1282,3776,2518],"class_list":["post-15171","post","type-post","status-publish","format-standard","has-post-thumbnail","hentry","category-cultura","category-entrevistas","category-turismo","tag-auditori-teulada-moraira","tag-ciudad-de-cultura-y-escultura","tag-escultura-monumental","tag-i-congreso-escultura","tag-primer-cafe","tag-raul-llobell","tag-turismo-cultural","tag-veronica-martinez","cobertura-teulada-moraira"],"acf":[],"yoast_head":"<!-- This site is optimized with the Yoast SEO plugin v27.5 - https:\/\/yoast.com\/product\/yoast-seo-wordpress\/ -->\n<title>Ra\u00fal Llobell: \u201cAnem a portar escultures de molt de nivell, donarem a Teulada Moraira un tipus diferent de turisme\u201d | R\u00e0dio Litoral<\/title>\n<meta name=\"description\" content=\"Teulada Moraira Ciutat de Cultura i Escultura s&#039;inaugurar\u00e0 el mes d&#039;octubre e inclour\u00e1 un Congr\u00e9s Internacional sobre escultura monumental\" \/>\n<meta name=\"robots\" content=\"index, follow, max-snippet:-1, max-image-preview:large, max-video-preview:-1\" \/>\n<link rel=\"canonical\" href=\"https:\/\/radiolitoral.com\/ca\/2025\/02\/raul-llobell-anem-a-portar-escultures-de-molt-de-nivell-donarem-a-teulada-moraira-un-tipus-diferent-de-turisme\/\" \/>\n<meta property=\"og:locale\" content=\"ca_ES\" \/>\n<meta property=\"og:type\" content=\"article\" \/>\n<meta property=\"og:title\" content=\"Ra\u00fal Llobell: \u201cAnem a portar escultures de molt de nivell, donarem a Teulada Moraira un tipus diferent de turisme\u201d | R\u00e0dio Litoral\" \/>\n<meta property=\"og:description\" content=\"Teulada Moraira Ciutat de Cultura i Escultura s&#039;inaugurar\u00e0 el mes d&#039;octubre e inclour\u00e1 un Congr\u00e9s Internacional sobre escultura monumental\" \/>\n<meta property=\"og:url\" content=\"https:\/\/radiolitoral.com\/ca\/2025\/02\/raul-llobell-anem-a-portar-escultures-de-molt-de-nivell-donarem-a-teulada-moraira-un-tipus-diferent-de-turisme\/\" \/>\n<meta property=\"og:site_name\" content=\"R\u00e0dio Litoral\" \/>\n<meta property=\"article:publisher\" content=\"https:\/\/www.facebook.com\/Laradiolitoral\/\" \/>\n<meta property=\"article:published_time\" content=\"2025-02-24T10:16:53+00:00\" \/>\n<meta property=\"og:image\" content=\"https:\/\/media.radiolitoral.com\/wp-content\/uploads\/2025\/02\/24111251\/Raul-i-Veronica-Primer-Cafe-e1740392153361.jpg\" \/>\n\t<meta property=\"og:image:width\" content=\"1920\" \/>\n\t<meta property=\"og:image:height\" content=\"1300\" \/>\n\t<meta property=\"og:image:type\" content=\"image\/jpeg\" \/>\n<meta name=\"author\" content=\"Redacci\u00f3n\" \/>\n<meta name=\"twitter:card\" content=\"summary_large_image\" \/>\n<meta name=\"twitter:label1\" content=\"Escrit per\" \/>\n\t<meta name=\"twitter:data1\" content=\"Redacci\u00f3n\" \/>\n\t<meta name=\"twitter:label2\" content=\"Temps estimat de lectura\" \/>\n\t<meta name=\"twitter:data2\" content=\"2 minuts\" \/>\n<script type=\"application\/ld+json\" class=\"yoast-schema-graph\">{\"@context\":\"https:\\\/\\\/schema.org\",\"@graph\":[{\"@type\":\"NewsArticle\",\"@id\":\"https:\\\/\\\/radiolitoral.com\\\/2025\\\/02\\\/raul-llobell-anem-a-portar-escultures-de-molt-de-nivell-donarem-a-teulada-moraira-un-tipus-diferent-de-turisme\\\/#article\",\"isPartOf\":{\"@id\":\"https:\\\/\\\/radiolitoral.com\\\/2025\\\/02\\\/raul-llobell-anem-a-portar-escultures-de-molt-de-nivell-donarem-a-teulada-moraira-un-tipus-diferent-de-turisme\\\/\"},\"author\":{\"name\":\"Redacci\u00f3n\",\"@id\":\"https:\\\/\\\/radiolitoral.com\\\/#\\\/schema\\\/person\\\/f2b2343c49b5d721857cc1002bfdb151\"},\"headline\":\"Ra\u00fal Llobell: \u201cAnem a portar escultures de molt de nivell, donarem a Teulada Moraira un tipus diferent de turisme\u201d\",\"datePublished\":\"2025-02-24T10:16:53+00:00\",\"mainEntityOfPage\":{\"@id\":\"https:\\\/\\\/radiolitoral.com\\\/2025\\\/02\\\/raul-llobell-anem-a-portar-escultures-de-molt-de-nivell-donarem-a-teulada-moraira-un-tipus-diferent-de-turisme\\\/\"},\"wordCount\":371,\"commentCount\":0,\"publisher\":{\"@id\":\"https:\\\/\\\/radiolitoral.com\\\/#organization\"},\"image\":{\"@id\":\"https:\\\/\\\/radiolitoral.com\\\/2025\\\/02\\\/raul-llobell-anem-a-portar-escultures-de-molt-de-nivell-donarem-a-teulada-moraira-un-tipus-diferent-de-turisme\\\/#primaryimage\"},\"thumbnailUrl\":\"https:\\\/\\\/media.radiolitoral.com\\\/wp-content\\\/uploads\\\/2025\\\/02\\\/24111251\\\/Raul-i-Veronica-Primer-Cafe-e1740392153361.jpg\",\"keywords\":[\"Auditori Teulada Moraira\",\"Ciudad de Cultura y Escultura\",\"Escultura Monumental\",\"I Congreso Escultura\",\"Primer Caf\u00e9\",\"Ra\u00fal Llobell\",\"Turismo cultural\",\"Ver\u00f3nica Mart\u00ednez\"],\"articleSection\":[\"Cultura\",\"Entrevistas\",\"Turismo\"],\"inLanguage\":\"ca\",\"potentialAction\":[{\"@type\":\"CommentAction\",\"name\":\"Comment\",\"target\":[\"https:\\\/\\\/radiolitoral.com\\\/2025\\\/02\\\/raul-llobell-anem-a-portar-escultures-de-molt-de-nivell-donarem-a-teulada-moraira-un-tipus-diferent-de-turisme\\\/#respond\"]}]},{\"@type\":[\"WebPage\",\"ItemPage\"],\"@id\":\"https:\\\/\\\/radiolitoral.com\\\/2025\\\/02\\\/raul-llobell-anem-a-portar-escultures-de-molt-de-nivell-donarem-a-teulada-moraira-un-tipus-diferent-de-turisme\\\/\",\"url\":\"https:\\\/\\\/radiolitoral.com\\\/2025\\\/02\\\/raul-llobell-anem-a-portar-escultures-de-molt-de-nivell-donarem-a-teulada-moraira-un-tipus-diferent-de-turisme\\\/\",\"name\":\"Ra\u00fal Llobell: \u201cAnem a portar escultures de molt de nivell, donarem a Teulada Moraira un tipus diferent de turisme\u201d | R\u00e0dio Litoral\",\"isPartOf\":{\"@id\":\"https:\\\/\\\/radiolitoral.com\\\/#website\"},\"primaryImageOfPage\":{\"@id\":\"https:\\\/\\\/radiolitoral.com\\\/2025\\\/02\\\/raul-llobell-anem-a-portar-escultures-de-molt-de-nivell-donarem-a-teulada-moraira-un-tipus-diferent-de-turisme\\\/#primaryimage\"},\"image\":{\"@id\":\"https:\\\/\\\/radiolitoral.com\\\/2025\\\/02\\\/raul-llobell-anem-a-portar-escultures-de-molt-de-nivell-donarem-a-teulada-moraira-un-tipus-diferent-de-turisme\\\/#primaryimage\"},\"thumbnailUrl\":\"https:\\\/\\\/media.radiolitoral.com\\\/wp-content\\\/uploads\\\/2025\\\/02\\\/24111251\\\/Raul-i-Veronica-Primer-Cafe-e1740392153361.jpg\",\"datePublished\":\"2025-02-24T10:16:53+00:00\",\"description\":\"Teulada Moraira Ciutat de Cultura i Escultura s'inaugurar\u00e0 el mes d'octubre e inclour\u00e1 un Congr\u00e9s Internacional sobre escultura monumental\",\"breadcrumb\":{\"@id\":\"https:\\\/\\\/radiolitoral.com\\\/2025\\\/02\\\/raul-llobell-anem-a-portar-escultures-de-molt-de-nivell-donarem-a-teulada-moraira-un-tipus-diferent-de-turisme\\\/#breadcrumb\"},\"inLanguage\":\"ca\",\"potentialAction\":[{\"@type\":\"ReadAction\",\"target\":[\"https:\\\/\\\/radiolitoral.com\\\/2025\\\/02\\\/raul-llobell-anem-a-portar-escultures-de-molt-de-nivell-donarem-a-teulada-moraira-un-tipus-diferent-de-turisme\\\/\"]}]},{\"@type\":\"ImageObject\",\"inLanguage\":\"ca\",\"@id\":\"https:\\\/\\\/radiolitoral.com\\\/2025\\\/02\\\/raul-llobell-anem-a-portar-escultures-de-molt-de-nivell-donarem-a-teulada-moraira-un-tipus-diferent-de-turisme\\\/#primaryimage\",\"url\":\"https:\\\/\\\/media.radiolitoral.com\\\/wp-content\\\/uploads\\\/2025\\\/02\\\/24111251\\\/Raul-i-Veronica-Primer-Cafe-e1740392153361.jpg\",\"contentUrl\":\"https:\\\/\\\/media.radiolitoral.com\\\/wp-content\\\/uploads\\\/2025\\\/02\\\/24111251\\\/Raul-i-Veronica-Primer-Cafe-e1740392153361.jpg\",\"width\":1920,\"height\":1300},{\"@type\":\"BreadcrumbList\",\"@id\":\"https:\\\/\\\/radiolitoral.com\\\/2025\\\/02\\\/raul-llobell-anem-a-portar-escultures-de-molt-de-nivell-donarem-a-teulada-moraira-un-tipus-diferent-de-turisme\\\/#breadcrumb\",\"itemListElement\":[{\"@type\":\"ListItem\",\"position\":1,\"name\":\"Portada\",\"item\":\"https:\\\/\\\/radiolitoral.com\\\/\"},{\"@type\":\"ListItem\",\"position\":2,\"name\":\"Ra\u00fal Llobell: \u201cAnem a portar escultures de molt de nivell, donarem a Teulada Moraira un tipus diferent de turisme\u201d\"}]},{\"@type\":\"WebSite\",\"@id\":\"https:\\\/\\\/radiolitoral.com\\\/#website\",\"url\":\"https:\\\/\\\/radiolitoral.com\\\/\",\"name\":\"Radio Litoral\",\"description\":\"La radio local de la Marina Alta\",\"publisher\":{\"@id\":\"https:\\\/\\\/radiolitoral.com\\\/#organization\"},\"alternateName\":\"Litoral FM\",\"potentialAction\":[{\"@type\":\"SearchAction\",\"target\":{\"@type\":\"EntryPoint\",\"urlTemplate\":\"https:\\\/\\\/radiolitoral.com\\\/?s={search_term_string}\"},\"query-input\":{\"@type\":\"PropertyValueSpecification\",\"valueRequired\":true,\"valueName\":\"search_term_string\"}}],\"inLanguage\":\"ca\"},{\"@type\":\"Organization\",\"@id\":\"https:\\\/\\\/radiolitoral.com\\\/#organization\",\"name\":\"Radio Litoral\",\"url\":\"https:\\\/\\\/radiolitoral.com\\\/\",\"logo\":{\"@type\":\"ImageObject\",\"inLanguage\":\"ca\",\"@id\":\"https:\\\/\\\/radiolitoral.com\\\/#\\\/schema\\\/logo\\\/image\\\/\",\"url\":\"https:\\\/\\\/media.radiolitoral.com\\\/wp-content\\\/uploads\\\/2023\\\/02\\\/24143238\\\/CL-V-RadioLitoral696.png\",\"contentUrl\":\"https:\\\/\\\/media.radiolitoral.com\\\/wp-content\\\/uploads\\\/2023\\\/02\\\/24143238\\\/CL-V-RadioLitoral696.png\",\"width\":696,\"height\":696,\"caption\":\"Radio Litoral\"},\"image\":{\"@id\":\"https:\\\/\\\/radiolitoral.com\\\/#\\\/schema\\\/logo\\\/image\\\/\"},\"sameAs\":[\"https:\\\/\\\/www.facebook.com\\\/Laradiolitoral\\\/\"]},{\"@type\":\"Person\",\"@id\":\"https:\\\/\\\/radiolitoral.com\\\/#\\\/schema\\\/person\\\/f2b2343c49b5d721857cc1002bfdb151\",\"name\":\"Redacci\u00f3n\",\"image\":{\"@type\":\"ImageObject\",\"inLanguage\":\"ca\",\"@id\":\"https:\\\/\\\/secure.gravatar.com\\\/avatar\\\/f771d896c203ad8b3382d7905cfcce5a5c9b008b84b3cd9114e9b9f4cb63f789?s=96&d=mm&r=g\",\"url\":\"https:\\\/\\\/secure.gravatar.com\\\/avatar\\\/f771d896c203ad8b3382d7905cfcce5a5c9b008b84b3cd9114e9b9f4cb63f789?s=96&d=mm&r=g\",\"contentUrl\":\"https:\\\/\\\/secure.gravatar.com\\\/avatar\\\/f771d896c203ad8b3382d7905cfcce5a5c9b008b84b3cd9114e9b9f4cb63f789?s=96&d=mm&r=g\",\"caption\":\"Redacci\u00f3n\"},\"url\":\"https:\\\/\\\/radiolitoral.com\\\/ca\\\/author\\\/miriam-pagan\\\/\"}]}<\/script>\n<!-- \/ Yoast SEO plugin. -->","yoast_head_json":{"title":"Ra\u00fal Llobell: \u201cAnem a portar escultures de molt nivell, donarem a Teulada Moraira un tipus diferent de turisme\u201d | R\u00e0dio Litoral","description":"Teulada Moraira Ciutat de Cultura i Escultura s&#039;inaugurar\u00e0 el mes d&#039;octubre i inclour\u00e0 un Congr\u00e9s Internacional sobre escultura monumental","robots":{"index":"index","follow":"follow","max-snippet":"max-snippet:-1","max-image-preview":"max-image-preview:large","max-video-preview":"max-video-preview:-1"},"canonical":"https:\/\/radiolitoral.com\/ca\/2025\/02\/raul-llobell-anem-a-portar-escultures-de-molt-de-nivell-donarem-a-teulada-moraira-un-tipus-diferent-de-turisme\/","og_locale":"ca_ES","og_type":"article","og_title":"Ra\u00fal Llobell: \u201cAnem a portar escultures de molt de nivell, donarem a Teulada Moraira un tipus diferent de turisme\u201d | R\u00e0dio Litoral","og_description":"Teulada Moraira Ciutat de Cultura i Escultura s'inaugurar\u00e0 el mes d'octubre e inclour\u00e1 un Congr\u00e9s Internacional sobre escultura monumental","og_url":"https:\/\/radiolitoral.com\/ca\/2025\/02\/raul-llobell-anem-a-portar-escultures-de-molt-de-nivell-donarem-a-teulada-moraira-un-tipus-diferent-de-turisme\/","og_site_name":"R\u00e0dio Litoral","article_publisher":"https:\/\/www.facebook.com\/Laradiolitoral\/","article_published_time":"2025-02-24T10:16:53+00:00","og_image":[{"width":1920,"height":1300,"url":"https:\/\/media.radiolitoral.com\/wp-content\/uploads\/2025\/02\/24111251\/Raul-i-Veronica-Primer-Cafe-e1740392153361.jpg","type":"image\/jpeg"}],"author":"Redacci\u00f3n","twitter_card":"summary_large_image","twitter_misc":{"Escrit per":"Redacci\u00f3n","Temps estimat de lectura":"2 minuts"},"schema":{"@context":"https:\/\/schema.org","@graph":[{"@type":"NewsArticle","@id":"https:\/\/radiolitoral.com\/2025\/02\/raul-llobell-anem-a-portar-escultures-de-molt-de-nivell-donarem-a-teulada-moraira-un-tipus-diferent-de-turisme\/#article","isPartOf":{"@id":"https:\/\/radiolitoral.com\/2025\/02\/raul-llobell-anem-a-portar-escultures-de-molt-de-nivell-donarem-a-teulada-moraira-un-tipus-diferent-de-turisme\/"},"author":{"name":"Redacci\u00f3n","@id":"https:\/\/radiolitoral.com\/#\/schema\/person\/f2b2343c49b5d721857cc1002bfdb151"},"headline":"Ra\u00fal Llobell: \u201cAnem a portar escultures de molt de nivell, donarem a Teulada Moraira un tipus diferent de turisme\u201d","datePublished":"2025-02-24T10:16:53+00:00","mainEntityOfPage":{"@id":"https:\/\/radiolitoral.com\/2025\/02\/raul-llobell-anem-a-portar-escultures-de-molt-de-nivell-donarem-a-teulada-moraira-un-tipus-diferent-de-turisme\/"},"wordCount":371,"commentCount":0,"publisher":{"@id":"https:\/\/radiolitoral.com\/#organization"},"image":{"@id":"https:\/\/radiolitoral.com\/2025\/02\/raul-llobell-anem-a-portar-escultures-de-molt-de-nivell-donarem-a-teulada-moraira-un-tipus-diferent-de-turisme\/#primaryimage"},"thumbnailUrl":"https:\/\/media.radiolitoral.com\/wp-content\/uploads\/2025\/02\/24111251\/Raul-i-Veronica-Primer-Cafe-e1740392153361.jpg","keywords":["Auditori Teulada Moraira","Ciudad de Cultura y Escultura","Escultura Monumental","I Congreso Escultura","Primer Caf\u00e9","Ra\u00fal Llobell","Turismo cultural","Ver\u00f3nica Mart\u00ednez"],"articleSection":["Cultura","Entrevistas","Turismo"],"inLanguage":"ca","potentialAction":[{"@type":"CommentAction","name":"Comment","target":["https:\/\/radiolitoral.com\/2025\/02\/raul-llobell-anem-a-portar-escultures-de-molt-de-nivell-donarem-a-teulada-moraira-un-tipus-diferent-de-turisme\/#respond"]}]},{"@type":["WebPage","ItemPage"],"@id":"https:\/\/radiolitoral.com\/2025\/02\/raul-llobell-anem-a-portar-escultures-de-molt-de-nivell-donarem-a-teulada-moraira-un-tipus-diferent-de-turisme\/","url":"https:\/\/radiolitoral.com\/2025\/02\/raul-llobell-anem-a-portar-escultures-de-molt-de-nivell-donarem-a-teulada-moraira-un-tipus-diferent-de-turisme\/","name":"Ra\u00fal Llobell: \u201cAnem a portar escultures de molt nivell, donarem a Teulada Moraira un tipus diferent de turisme\u201d | R\u00e0dio Litoral","isPartOf":{"@id":"https:\/\/radiolitoral.com\/#website"},"primaryImageOfPage":{"@id":"https:\/\/radiolitoral.com\/2025\/02\/raul-llobell-anem-a-portar-escultures-de-molt-de-nivell-donarem-a-teulada-moraira-un-tipus-diferent-de-turisme\/#primaryimage"},"image":{"@id":"https:\/\/radiolitoral.com\/2025\/02\/raul-llobell-anem-a-portar-escultures-de-molt-de-nivell-donarem-a-teulada-moraira-un-tipus-diferent-de-turisme\/#primaryimage"},"thumbnailUrl":"https:\/\/media.radiolitoral.com\/wp-content\/uploads\/2025\/02\/24111251\/Raul-i-Veronica-Primer-Cafe-e1740392153361.jpg","datePublished":"2025-02-24T10:16:53+00:00","description":"Teulada Moraira Ciutat de Cultura i Escultura s&#039;inaugurar\u00e0 el mes d&#039;octubre i inclour\u00e0 un Congr\u00e9s Internacional sobre escultura monumental","breadcrumb":{"@id":"https:\/\/radiolitoral.com\/2025\/02\/raul-llobell-anem-a-portar-escultures-de-molt-de-nivell-donarem-a-teulada-moraira-un-tipus-diferent-de-turisme\/#breadcrumb"},"inLanguage":"ca","potentialAction":[{"@type":"ReadAction","target":["https:\/\/radiolitoral.com\/2025\/02\/raul-llobell-anem-a-portar-escultures-de-molt-de-nivell-donarem-a-teulada-moraira-un-tipus-diferent-de-turisme\/"]}]},{"@type":"ImageObject","inLanguage":"ca","@id":"https:\/\/radiolitoral.com\/2025\/02\/raul-llobell-anem-a-portar-escultures-de-molt-de-nivell-donarem-a-teulada-moraira-un-tipus-diferent-de-turisme\/#primaryimage","url":"https:\/\/media.radiolitoral.com\/wp-content\/uploads\/2025\/02\/24111251\/Raul-i-Veronica-Primer-Cafe-e1740392153361.jpg","contentUrl":"https:\/\/media.radiolitoral.com\/wp-content\/uploads\/2025\/02\/24111251\/Raul-i-Veronica-Primer-Cafe-e1740392153361.jpg","width":1920,"height":1300},{"@type":"BreadcrumbList","@id":"https:\/\/radiolitoral.com\/2025\/02\/raul-llobell-anem-a-portar-escultures-de-molt-de-nivell-donarem-a-teulada-moraira-un-tipus-diferent-de-turisme\/#breadcrumb","itemListElement":[{"@type":"ListItem","position":1,"name":"Portada","item":"https:\/\/radiolitoral.com\/"},{"@type":"ListItem","position":2,"name":"Ra\u00fal Llobell: \u201cAnem a portar escultures de molt de nivell, donarem a Teulada Moraira un tipus diferent de turisme\u201d"}]},{"@type":"WebSite","@id":"https:\/\/radiolitoral.com\/#website","url":"https:\/\/radiolitoral.com\/","name":"R\u00e0dio Litoral","description":"La r\u00e0dio local de la Marina Alta","publisher":{"@id":"https:\/\/radiolitoral.com\/#organization"},"alternateName":"Litoral FM","potentialAction":[{"@type":"SearchAction","target":{"@type":"EntryPoint","urlTemplate":"https:\/\/radiolitoral.com\/?s={search_term_string}"},"query-input":{"@type":"PropertyValueSpecification","valueRequired":true,"valueName":"search_term_string"}}],"inLanguage":"ca"},{"@type":"Organization","@id":"https:\/\/radiolitoral.com\/#organization","name":"R\u00e0dio Litoral","url":"https:\/\/radiolitoral.com\/","logo":{"@type":"ImageObject","inLanguage":"ca","@id":"https:\/\/radiolitoral.com\/#\/schema\/logo\/image\/","url":"https:\/\/media.radiolitoral.com\/wp-content\/uploads\/2023\/02\/24143238\/CL-V-RadioLitoral696.png","contentUrl":"https:\/\/media.radiolitoral.com\/wp-content\/uploads\/2023\/02\/24143238\/CL-V-RadioLitoral696.png","width":696,"height":696,"caption":"Radio Litoral"},"image":{"@id":"https:\/\/radiolitoral.com\/#\/schema\/logo\/image\/"},"sameAs":["https:\/\/www.facebook.com\/Laradiolitoral\/"]},{"@type":"Person","@id":"https:\/\/radiolitoral.com\/#\/schema\/person\/f2b2343c49b5d721857cc1002bfdb151","name":"Redacci\u00f3","image":{"@type":"ImageObject","inLanguage":"ca","@id":"https:\/\/secure.gravatar.com\/avatar\/f771d896c203ad8b3382d7905cfcce5a5c9b008b84b3cd9114e9b9f4cb63f789?s=96&d=mm&r=g","url":"https:\/\/secure.gravatar.com\/avatar\/f771d896c203ad8b3382d7905cfcce5a5c9b008b84b3cd9114e9b9f4cb63f789?s=96&d=mm&r=g","contentUrl":"https:\/\/secure.gravatar.com\/avatar\/f771d896c203ad8b3382d7905cfcce5a5c9b008b84b3cd9114e9b9f4cb63f789?s=96&d=mm&r=g","caption":"Redacci\u00f3n"},"url":"https:\/\/radiolitoral.com\/ca\/author\/miriam-pagan\/"}]}},"_links":{"self":[{"href":"https:\/\/radiolitoral.com\/ca\/wp-json\/wp\/v2\/posts\/15171","targetHints":{"allow":["GET"]}}],"collection":[{"href":"https:\/\/radiolitoral.com\/ca\/wp-json\/wp\/v2\/posts"}],"about":[{"href":"https:\/\/radiolitoral.com\/ca\/wp-json\/wp\/v2\/types\/post"}],"author":[{"embeddable":true,"href":"https:\/\/radiolitoral.com\/ca\/wp-json\/wp\/v2\/users\/13"}],"replies":[{"embeddable":true,"href":"https:\/\/radiolitoral.com\/ca\/wp-json\/wp\/v2\/comments?post=15171"}],"version-history":[{"count":3,"href":"https:\/\/radiolitoral.com\/ca\/wp-json\/wp\/v2\/posts\/15171\/revisions"}],"predecessor-version":[{"id":15176,"href":"https:\/\/radiolitoral.com\/ca\/wp-json\/wp\/v2\/posts\/15171\/revisions\/15176"}],"wp:featuredmedia":[{"embeddable":true,"href":"https:\/\/radiolitoral.com\/ca\/wp-json\/wp\/v2\/media\/15173"}],"wp:attachment":[{"href":"https:\/\/radiolitoral.com\/ca\/wp-json\/wp\/v2\/media?parent=15171"}],"wp:term":[{"taxonomy":"category","embeddable":true,"href":"https:\/\/radiolitoral.com\/ca\/wp-json\/wp\/v2\/categories?post=15171"},{"taxonomy":"post_tag","embeddable":true,"href":"https:\/\/radiolitoral.com\/ca\/wp-json\/wp\/v2\/tags?post=15171"}],"curies":[{"name":"wp","href":"https:\/\/api.w.org\/{rel}","templated":true}]}}