{"id":15159,"date":"2025-02-24T10:10:50","date_gmt":"2025-02-24T09:10:50","guid":{"rendered":"https:\/\/radiolitoral.com\/?p=15159"},"modified":"2025-02-24T10:21:39","modified_gmt":"2025-02-24T09:21:39","slug":"miguel-fernandez-i-ma-isabel-ferrer-guanyadors-a-xabia","status":"publish","type":"post","link":"https:\/\/radiolitoral.com\/ca\/2025\/02\/miguel-fernandez-i-ma-isabel-ferrer-guanyadors-a-xabia\/","title":{"rendered":"Miguel Fern\u00e1ndez i M\u00aa Isabel Ferrer guanyadors a X\u00e0bia"},"content":{"rendered":"<p data-start=\"179\" data-end=\"534\">El <strong data-start=\"182\" data-end=\"217\">XXVII Circuit a Peu Marina Alta<\/strong> va donar el tret de sortida amb la celebraci\u00f3 de la <strong data-start=\"270\" data-end=\"313\">Volta a Peu a X\u00e0bia, Memorial Jos\u00e9 Albi<\/strong>, organitzada amb gran encert pel <strong data-start=\"347\" data-end=\"367\">CE Llebeig X\u00e0bia<\/strong>. La prova va coronar com a vencedors <strong data-start=\"405\" data-end=\"479\">Miguel Fern\u00e1ndez en categoria masculina i M\u00aa Isabel Ferrer en femenina<\/strong>, en una jornada marcada per la meteorologia adversa.<\/p>\n<p data-start=\"536\" data-end=\"865\">L&#039;organitzaci\u00f3 va estar a l&#039;al\u00e7ada malgrat les complicacions que van sorgir al llarg de la matinada. La <strong data-start=\"634\" data-end=\"648\">lluvia fina<\/strong> i els <strong data-start=\"655\" data-end=\"682\">forts r\u00e0fegues de vent<\/strong> posaran a prova la resist\u00e8ncia dels atletes, especialment als trams propers a la mar, on el vent en contra dificultar\u00e0 encara m\u00e9s la cursa de tornada cap a la l\u00ednia de meta.<\/p>\n<p data-start=\"867\" data-end=\"1439\">Des de l&#039;inici, el grup dels favorits va marcar un ritme alt, intentant mesurar b\u00e9 les forces per evitar defalliments a la part final de la prova. <strong data-start=\"1019\" data-end=\"1082\">Miguel Fern\u00e1ndez (CT Gandia) i Moha Rida <\/strong>(CE Llebeig X\u00e0bia) van arribar junts als darrers <strong data-start=\"1112\" data-end=\"1125\">50 metres<\/strong>, per\u00f2 l&#039;atleta local no va poder repetir el triomf de l&#039;any passat i va cedir davant l&#039;esprint final del company de fuga. <strong data-start=\"1252\" data-end=\"1283\">Jos\u00e9 Manuel Garc\u00eda Barrag\u00e1n <\/strong>(CE Llebeig X\u00e0bia), una cara coneguda del <strong data-start=\"1307\" data-end=\"1324\">Circuit a Peu<\/strong>, va completar el podi amb una gran actuaci\u00f3 en el seu retorn a la competici\u00f3 despr\u00e9s de <strong data-start=\"1413\" data-end=\"1436\">seis anys d&#039;abs\u00e8ncia<\/strong>.<\/p>\n<p data-start=\"867\" data-end=\"1439\">En categoria femenina, la incombustible <strong data-start=\"1481\" data-end=\"1501\">M\u00aa Isabel Ferrer<\/strong> segueix sense rival al Circuit a Peu i s&#039;impos\u00e0 amb claredat, creuant la meta en solitari. L&#039;atleta del CE Llebeig X\u00e0bia inicia la temporada de la millor manera possible, consolidant-se com a gran favorita. <strong data-start=\"1730\" data-end=\"1745\">Andrea Abad (CA Publidom)<\/strong> va aconseguir la <strong data-start=\"1763\" data-end=\"1781\">segona posici\u00f3<\/strong>, mantenint-se prop de Ferrer durant bona part de la prova. A <strong data-start=\"1844\" data-end=\"1859\">tercer lloc<\/strong>, una altra atleta local, <strong data-start=\"1885\" data-end=\"1905\">Cristina Rosell\u00f3 <\/strong>(CA Publidom), va completar el podi amb una actuaci\u00f3 molt destacada.<\/p>\n<p data-start=\"1964\" data-end=\"2283\"><img loading=\"lazy\" decoding=\"async\" class=\"alignnone wp-image-15161 size-full\" src=\"https:\/\/media.radiolitoral.com\/wp-content\/uploads\/2025\/02\/24100749\/DSC_0971-scaled.jpg\" alt=\"\" width=\"2560\" height=\"1707\" srcset=\"https:\/\/media.radiolitoral.com\/wp-content\/uploads\/2025\/02\/24100749\/DSC_0971-scaled.jpg 2560w, https:\/\/media.radiolitoral.com\/wp-content\/uploads\/2025\/02\/24100749\/DSC_0971-300x200.jpg 300w, https:\/\/media.radiolitoral.com\/wp-content\/uploads\/2025\/02\/24100749\/DSC_0971-1024x683.jpg 1024w, https:\/\/media.radiolitoral.com\/wp-content\/uploads\/2025\/02\/24100749\/DSC_0971-768x512.jpg 768w, https:\/\/media.radiolitoral.com\/wp-content\/uploads\/2025\/02\/24100749\/DSC_0971-1536x1024.jpg 1536w, https:\/\/media.radiolitoral.com\/wp-content\/uploads\/2025\/02\/24100749\/DSC_0971-2048x1365.jpg 2048w, https:\/\/media.radiolitoral.com\/wp-content\/uploads\/2025\/02\/24100749\/DSC_0971-18x12.jpg 18w, https:\/\/media.radiolitoral.com\/wp-content\/uploads\/2025\/02\/24100749\/DSC_0971-1000x667.jpg 1000w, https:\/\/media.radiolitoral.com\/wp-content\/uploads\/2025\/02\/24100749\/DSC_0971-100x67.jpg 100w, https:\/\/media.radiolitoral.com\/wp-content\/uploads\/2025\/02\/24100749\/DSC_0971-200x133.jpg 200w\" sizes=\"auto, (max-width: 2560px) 100vw, 2560px\" \/><\/p>\n<p data-start=\"1964\" data-end=\"2283\">Malgrat les dif\u00edcils condicions meteorol\u00f2giques, la participaci\u00f3 a la prova reina va ser tot un \u00e8xit. <strong data-start=\"2071\" data-end=\"2096\">prop de 1.300 atlets<\/strong> creuant la l\u00ednia de meta. A m\u00e9s, nombrosos joves corredors van disputar les proves destinades a les categories inferiors, donant un ambient festiu a una jornada esportiva espectacular.<\/p>\n<p data-start=\"2285\" data-end=\"2387\" data-is-last-node=\"\" data-is-only-node=\"\">El <strong data-start=\"2288\" data-end=\"2317\">Circuit a Peu Marina Alta<\/strong> ja ha comen\u00e7at, i promet emoci\u00f3 i competici\u00f3 fins a la darrera cursa. La propera carrera ser\u00e0 la <strong>XII<\/strong> <strong>Cursa Popular de Calp<\/strong> diumenge que ve des de les 10 hores, organitzada pel <strong>CA Irun Calp<\/strong>.<\/p>\n<p><script src=\"chrome-extension:\/\/flbolonkboilcbnohjlchlfgdalomdpl\/iFrame.js\" type=\"text\/javascript\"><\/script><\/p>\n<p><script src=\"chrome-extension:\/\/flbolonkboilcbnohjlchlfgdalomdpl\/iFrame.js\" type=\"text\/javascript\"><\/script><\/p>\n<p><script src=\"chrome-extension:\/\/flbolonkboilcbnohjlchlfgdalomdpl\/iFrame.js\" type=\"text\/javascript\"><\/script><\/p>","protected":false},"excerpt":{"rendered":"<p>El XXVII Circuit a Peu Marina Alta va donar el tret de sortida amb la celebraci\u00f3 de la Volta a Peu a X\u00e0bia, Memorial Jos\u00e9 Albi, organitzada amb gran encert pel CE Llebeig X\u00e0bia. La prova va coronar com a vencedors Miguel Fern\u00e1ndez en categoria masculina i M\u00aa Isabel Ferrer en femenina, en una jornada [&#8230;]<\/p>\n<p><a class=\"btn btn-secondary understrap-read-more-link\" href=\"https:\/\/radiolitoral.com\/ca\/2025\/02\/miguel-fernandez-i-ma-isabel-ferrer-guanyadors-a-xabia\/\">Continua llegint&#8230;<span class=\"screen-reader-text\"> from Miguel Fern\u00e1ndez i M\u00aa Isabel Ferrer guanyadors a X\u00e0bia<\/span><\/a><\/p>\n","protected":false},"author":12,"featured_media":15160,"comment_status":"open","ping_status":"closed","sticky":false,"template":"","format":"standard","meta":{"_acf_changed":false,"inline_featured_image":false,"footnotes":""},"categories":[5],"tags":[1261,1292,1213,922,1045,6,1407,923,3773,1039,3753],"class_list":["post-15159","post","type-post","status-publish","format-standard","has-post-thumbnail","hentry","category-deportes","tag-andrea-abad","tag-ca-publidom","tag-ce-llebeig-xabia","tag-circuit-a-peu-marina-alta","tag-cristina-rosello","tag-deportes","tag-jose-manuel-garcia-barragan","tag-ma-isabel-ferrer","tag-miguel-fernandez","tag-moha-rida","tag-volta-a-peu-a-xabia","cobertura-xabia"],"acf":[],"yoast_head":"<!-- This site is optimized with the Yoast SEO plugin v27.5 - https:\/\/yoast.com\/product\/yoast-seo-wordpress\/ -->\n<title>Miguel Fern\u00e1ndez i M\u00aa Isabel Ferrer guanyadors a X\u00e0bia | R\u00e0dio Litoral<\/title>\n<meta name=\"description\" content=\"La Volta a Peu a X\u00e0bia va congregar a prop de 1.300 participants malgrat les males condicions climatol\u00f2giques\" \/>\n<meta name=\"robots\" content=\"index, follow, max-snippet:-1, max-image-preview:large, max-video-preview:-1\" \/>\n<link rel=\"canonical\" href=\"https:\/\/radiolitoral.com\/ca\/2025\/02\/miguel-fernandez-i-ma-isabel-ferrer-guanyadors-a-xabia\/\" \/>\n<meta property=\"og:locale\" content=\"ca_ES\" \/>\n<meta property=\"og:type\" content=\"article\" \/>\n<meta property=\"og:title\" content=\"Miguel Fern\u00e1ndez i M\u00aa Isabel Ferrer guanyadors a X\u00e0bia | R\u00e0dio Litoral\" \/>\n<meta property=\"og:description\" content=\"La Volta a Peu a X\u00e0bia va congregar a prop de 1.300 participants malgrat les males condicions climatol\u00f2giques\" \/>\n<meta property=\"og:url\" content=\"https:\/\/radiolitoral.com\/ca\/2025\/02\/miguel-fernandez-i-ma-isabel-ferrer-guanyadors-a-xabia\/\" \/>\n<meta property=\"og:site_name\" content=\"R\u00e0dio Litoral\" \/>\n<meta property=\"article:publisher\" content=\"https:\/\/www.facebook.com\/Laradiolitoral\/\" \/>\n<meta property=\"article:published_time\" content=\"2025-02-24T09:10:50+00:00\" \/>\n<meta property=\"article:modified_time\" content=\"2025-02-24T09:21:39+00:00\" \/>\n<meta property=\"og:image\" content=\"https:\/\/media.radiolitoral.com\/wp-content\/uploads\/2025\/02\/24100543\/DSC_0961-scaled.jpg\" \/>\n\t<meta property=\"og:image:width\" content=\"2560\" \/>\n\t<meta property=\"og:image:height\" content=\"1707\" \/>\n\t<meta property=\"og:image:type\" content=\"image\/jpeg\" \/>\n<meta name=\"author\" content=\"Javier Zamora\" \/>\n<meta name=\"twitter:card\" content=\"summary_large_image\" \/>\n<meta name=\"twitter:label1\" content=\"Escrit per\" \/>\n\t<meta name=\"twitter:data1\" content=\"Javier Zamora\" \/>\n\t<meta name=\"twitter:label2\" content=\"Temps estimat de lectura\" \/>\n\t<meta name=\"twitter:data2\" content=\"3 minuts\" \/>\n<script type=\"application\/ld+json\" class=\"yoast-schema-graph\">{\"@context\":\"https:\\\/\\\/schema.org\",\"@graph\":[{\"@type\":\"NewsArticle\",\"@id\":\"https:\\\/\\\/radiolitoral.com\\\/2025\\\/02\\\/miguel-fernandez-i-ma-isabel-ferrer-guanyadors-a-xabia\\\/#article\",\"isPartOf\":{\"@id\":\"https:\\\/\\\/radiolitoral.com\\\/2025\\\/02\\\/miguel-fernandez-i-ma-isabel-ferrer-guanyadors-a-xabia\\\/\"},\"author\":{\"name\":\"Javier Zamora\",\"@id\":\"https:\\\/\\\/radiolitoral.com\\\/#\\\/schema\\\/person\\\/7b1480b5caeb5acdd4ec6379caf62b22\"},\"headline\":\"Miguel Fern\u00e1ndez i M\u00aa Isabel Ferrer guanyadors a X\u00e0bia\",\"datePublished\":\"2025-02-24T09:10:50+00:00\",\"dateModified\":\"2025-02-24T09:21:39+00:00\",\"mainEntityOfPage\":{\"@id\":\"https:\\\/\\\/radiolitoral.com\\\/2025\\\/02\\\/miguel-fernandez-i-ma-isabel-ferrer-guanyadors-a-xabia\\\/\"},\"wordCount\":432,\"commentCount\":0,\"publisher\":{\"@id\":\"https:\\\/\\\/radiolitoral.com\\\/#organization\"},\"image\":{\"@id\":\"https:\\\/\\\/radiolitoral.com\\\/2025\\\/02\\\/miguel-fernandez-i-ma-isabel-ferrer-guanyadors-a-xabia\\\/#primaryimage\"},\"thumbnailUrl\":\"https:\\\/\\\/media.radiolitoral.com\\\/wp-content\\\/uploads\\\/2025\\\/02\\\/24100543\\\/DSC_0961-scaled.jpg\",\"keywords\":[\"Andrea Abad\",\"CA Publidom\",\"CE Llebeig X\u00e1bia\",\"Circuit a Peu Marina Alta\",\"Cristina Rosell\u00f3\",\"deportes\",\"Jos\u00e9 Manuel Garc\u00eda Barrag\u00e1n\",\"M\u00aa Isabel Ferrer\",\"Miguel Fern\u00e1ndez\",\"Moha Rida\",\"Volta a Peu a X\u00e0bia\"],\"articleSection\":[\"Deportes\"],\"inLanguage\":\"ca\",\"potentialAction\":[{\"@type\":\"CommentAction\",\"name\":\"Comment\",\"target\":[\"https:\\\/\\\/radiolitoral.com\\\/2025\\\/02\\\/miguel-fernandez-i-ma-isabel-ferrer-guanyadors-a-xabia\\\/#respond\"]}]},{\"@type\":[\"WebPage\",\"ItemPage\"],\"@id\":\"https:\\\/\\\/radiolitoral.com\\\/2025\\\/02\\\/miguel-fernandez-i-ma-isabel-ferrer-guanyadors-a-xabia\\\/\",\"url\":\"https:\\\/\\\/radiolitoral.com\\\/2025\\\/02\\\/miguel-fernandez-i-ma-isabel-ferrer-guanyadors-a-xabia\\\/\",\"name\":\"Miguel Fern\u00e1ndez i M\u00aa Isabel Ferrer guanyadors a X\u00e0bia | R\u00e0dio Litoral\",\"isPartOf\":{\"@id\":\"https:\\\/\\\/radiolitoral.com\\\/#website\"},\"primaryImageOfPage\":{\"@id\":\"https:\\\/\\\/radiolitoral.com\\\/2025\\\/02\\\/miguel-fernandez-i-ma-isabel-ferrer-guanyadors-a-xabia\\\/#primaryimage\"},\"image\":{\"@id\":\"https:\\\/\\\/radiolitoral.com\\\/2025\\\/02\\\/miguel-fernandez-i-ma-isabel-ferrer-guanyadors-a-xabia\\\/#primaryimage\"},\"thumbnailUrl\":\"https:\\\/\\\/media.radiolitoral.com\\\/wp-content\\\/uploads\\\/2025\\\/02\\\/24100543\\\/DSC_0961-scaled.jpg\",\"datePublished\":\"2025-02-24T09:10:50+00:00\",\"dateModified\":\"2025-02-24T09:21:39+00:00\",\"description\":\"La Volta a Peu a X\u00e0bia va congregar a prop de 1.300 participants malgrat les males condicions climatol\u00f2giques\",\"breadcrumb\":{\"@id\":\"https:\\\/\\\/radiolitoral.com\\\/2025\\\/02\\\/miguel-fernandez-i-ma-isabel-ferrer-guanyadors-a-xabia\\\/#breadcrumb\"},\"inLanguage\":\"ca\",\"potentialAction\":[{\"@type\":\"ReadAction\",\"target\":[\"https:\\\/\\\/radiolitoral.com\\\/2025\\\/02\\\/miguel-fernandez-i-ma-isabel-ferrer-guanyadors-a-xabia\\\/\"]}]},{\"@type\":\"ImageObject\",\"inLanguage\":\"ca\",\"@id\":\"https:\\\/\\\/radiolitoral.com\\\/2025\\\/02\\\/miguel-fernandez-i-ma-isabel-ferrer-guanyadors-a-xabia\\\/#primaryimage\",\"url\":\"https:\\\/\\\/media.radiolitoral.com\\\/wp-content\\\/uploads\\\/2025\\\/02\\\/24100543\\\/DSC_0961-scaled.jpg\",\"contentUrl\":\"https:\\\/\\\/media.radiolitoral.com\\\/wp-content\\\/uploads\\\/2025\\\/02\\\/24100543\\\/DSC_0961-scaled.jpg\",\"width\":2560,\"height\":1707},{\"@type\":\"BreadcrumbList\",\"@id\":\"https:\\\/\\\/radiolitoral.com\\\/2025\\\/02\\\/miguel-fernandez-i-ma-isabel-ferrer-guanyadors-a-xabia\\\/#breadcrumb\",\"itemListElement\":[{\"@type\":\"ListItem\",\"position\":1,\"name\":\"Portada\",\"item\":\"https:\\\/\\\/radiolitoral.com\\\/\"},{\"@type\":\"ListItem\",\"position\":2,\"name\":\"Miguel Fern\u00e1ndez i M\u00aa Isabel Ferrer guanyadors a X\u00e0bia\"}]},{\"@type\":\"WebSite\",\"@id\":\"https:\\\/\\\/radiolitoral.com\\\/#website\",\"url\":\"https:\\\/\\\/radiolitoral.com\\\/\",\"name\":\"Radio Litoral\",\"description\":\"La radio local de la Marina Alta\",\"publisher\":{\"@id\":\"https:\\\/\\\/radiolitoral.com\\\/#organization\"},\"alternateName\":\"Litoral FM\",\"potentialAction\":[{\"@type\":\"SearchAction\",\"target\":{\"@type\":\"EntryPoint\",\"urlTemplate\":\"https:\\\/\\\/radiolitoral.com\\\/?s={search_term_string}\"},\"query-input\":{\"@type\":\"PropertyValueSpecification\",\"valueRequired\":true,\"valueName\":\"search_term_string\"}}],\"inLanguage\":\"ca\"},{\"@type\":\"Organization\",\"@id\":\"https:\\\/\\\/radiolitoral.com\\\/#organization\",\"name\":\"Radio Litoral\",\"url\":\"https:\\\/\\\/radiolitoral.com\\\/\",\"logo\":{\"@type\":\"ImageObject\",\"inLanguage\":\"ca\",\"@id\":\"https:\\\/\\\/radiolitoral.com\\\/#\\\/schema\\\/logo\\\/image\\\/\",\"url\":\"https:\\\/\\\/media.radiolitoral.com\\\/wp-content\\\/uploads\\\/2023\\\/02\\\/24143238\\\/CL-V-RadioLitoral696.png\",\"contentUrl\":\"https:\\\/\\\/media.radiolitoral.com\\\/wp-content\\\/uploads\\\/2023\\\/02\\\/24143238\\\/CL-V-RadioLitoral696.png\",\"width\":696,\"height\":696,\"caption\":\"Radio Litoral\"},\"image\":{\"@id\":\"https:\\\/\\\/radiolitoral.com\\\/#\\\/schema\\\/logo\\\/image\\\/\"},\"sameAs\":[\"https:\\\/\\\/www.facebook.com\\\/Laradiolitoral\\\/\"]},{\"@type\":\"Person\",\"@id\":\"https:\\\/\\\/radiolitoral.com\\\/#\\\/schema\\\/person\\\/7b1480b5caeb5acdd4ec6379caf62b22\",\"name\":\"Javier Zamora\",\"image\":{\"@type\":\"ImageObject\",\"inLanguage\":\"ca\",\"@id\":\"https:\\\/\\\/secure.gravatar.com\\\/avatar\\\/467a11f6918c7d619c4043fc6fa2d3853053107973f05b6e9c04ea6c4e3a7b3f?s=96&d=mm&r=g\",\"url\":\"https:\\\/\\\/secure.gravatar.com\\\/avatar\\\/467a11f6918c7d619c4043fc6fa2d3853053107973f05b6e9c04ea6c4e3a7b3f?s=96&d=mm&r=g\",\"contentUrl\":\"https:\\\/\\\/secure.gravatar.com\\\/avatar\\\/467a11f6918c7d619c4043fc6fa2d3853053107973f05b6e9c04ea6c4e3a7b3f?s=96&d=mm&r=g\",\"caption\":\"Javier Zamora\"},\"url\":\"https:\\\/\\\/radiolitoral.com\\\/ca\\\/author\\\/javier-zamora\\\/\"}]}<\/script>\n<!-- \/ Yoast SEO plugin. -->","yoast_head_json":{"title":"Miguel Fern\u00e1ndez i M\u00aa Isabel Ferrer guanyadors a X\u00e0bia | R\u00e0dio Litoral","description":"La Volta a Peu a X\u00e0bia va congregar prop de 1.300 participants malgrat les males condicions climatol\u00f2giques","robots":{"index":"index","follow":"follow","max-snippet":"max-snippet:-1","max-image-preview":"max-image-preview:large","max-video-preview":"max-video-preview:-1"},"canonical":"https:\/\/radiolitoral.com\/ca\/2025\/02\/miguel-fernandez-i-ma-isabel-ferrer-guanyadors-a-xabia\/","og_locale":"ca_ES","og_type":"article","og_title":"Miguel Fern\u00e1ndez i M\u00aa Isabel Ferrer guanyadors a X\u00e0bia | R\u00e0dio Litoral","og_description":"La Volta a Peu a X\u00e0bia va congregar a prop de 1.300 participants malgrat les males condicions climatol\u00f2giques","og_url":"https:\/\/radiolitoral.com\/ca\/2025\/02\/miguel-fernandez-i-ma-isabel-ferrer-guanyadors-a-xabia\/","og_site_name":"R\u00e0dio Litoral","article_publisher":"https:\/\/www.facebook.com\/Laradiolitoral\/","article_published_time":"2025-02-24T09:10:50+00:00","article_modified_time":"2025-02-24T09:21:39+00:00","og_image":[{"width":2560,"height":1707,"url":"https:\/\/media.radiolitoral.com\/wp-content\/uploads\/2025\/02\/24100543\/DSC_0961-scaled.jpg","type":"image\/jpeg"}],"author":"Javier Zamora","twitter_card":"summary_large_image","twitter_misc":{"Escrit per":"Javier Zamora","Temps estimat de lectura":"3 minuts"},"schema":{"@context":"https:\/\/schema.org","@graph":[{"@type":"NewsArticle","@id":"https:\/\/radiolitoral.com\/2025\/02\/miguel-fernandez-i-ma-isabel-ferrer-guanyadors-a-xabia\/#article","isPartOf":{"@id":"https:\/\/radiolitoral.com\/2025\/02\/miguel-fernandez-i-ma-isabel-ferrer-guanyadors-a-xabia\/"},"author":{"name":"Javier Zamora","@id":"https:\/\/radiolitoral.com\/#\/schema\/person\/7b1480b5caeb5acdd4ec6379caf62b22"},"headline":"Miguel Fern\u00e1ndez i M\u00aa Isabel Ferrer guanyadors a X\u00e0bia","datePublished":"2025-02-24T09:10:50+00:00","dateModified":"2025-02-24T09:21:39+00:00","mainEntityOfPage":{"@id":"https:\/\/radiolitoral.com\/2025\/02\/miguel-fernandez-i-ma-isabel-ferrer-guanyadors-a-xabia\/"},"wordCount":432,"commentCount":0,"publisher":{"@id":"https:\/\/radiolitoral.com\/#organization"},"image":{"@id":"https:\/\/radiolitoral.com\/2025\/02\/miguel-fernandez-i-ma-isabel-ferrer-guanyadors-a-xabia\/#primaryimage"},"thumbnailUrl":"https:\/\/media.radiolitoral.com\/wp-content\/uploads\/2025\/02\/24100543\/DSC_0961-scaled.jpg","keywords":["Andrea Abad","CA Publidom","CE Llebeig X\u00e1bia","Circuit a Peu Marina Alta","Cristina Rosell\u00f3","deportes","Jos\u00e9 Manuel Garc\u00eda Barrag\u00e1n","M\u00aa Isabel Ferrer","Miguel Fern\u00e1ndez","Moha Rida","Volta a Peu a X\u00e0bia"],"articleSection":["Deportes"],"inLanguage":"ca","potentialAction":[{"@type":"CommentAction","name":"Comment","target":["https:\/\/radiolitoral.com\/2025\/02\/miguel-fernandez-i-ma-isabel-ferrer-guanyadors-a-xabia\/#respond"]}]},{"@type":["WebPage","ItemPage"],"@id":"https:\/\/radiolitoral.com\/2025\/02\/miguel-fernandez-i-ma-isabel-ferrer-guanyadors-a-xabia\/","url":"https:\/\/radiolitoral.com\/2025\/02\/miguel-fernandez-i-ma-isabel-ferrer-guanyadors-a-xabia\/","name":"Miguel Fern\u00e1ndez i M\u00aa Isabel Ferrer guanyadors a X\u00e0bia | R\u00e0dio Litoral","isPartOf":{"@id":"https:\/\/radiolitoral.com\/#website"},"primaryImageOfPage":{"@id":"https:\/\/radiolitoral.com\/2025\/02\/miguel-fernandez-i-ma-isabel-ferrer-guanyadors-a-xabia\/#primaryimage"},"image":{"@id":"https:\/\/radiolitoral.com\/2025\/02\/miguel-fernandez-i-ma-isabel-ferrer-guanyadors-a-xabia\/#primaryimage"},"thumbnailUrl":"https:\/\/media.radiolitoral.com\/wp-content\/uploads\/2025\/02\/24100543\/DSC_0961-scaled.jpg","datePublished":"2025-02-24T09:10:50+00:00","dateModified":"2025-02-24T09:21:39+00:00","description":"La Volta a Peu a X\u00e0bia va congregar prop de 1.300 participants malgrat les males condicions climatol\u00f2giques","breadcrumb":{"@id":"https:\/\/radiolitoral.com\/2025\/02\/miguel-fernandez-i-ma-isabel-ferrer-guanyadors-a-xabia\/#breadcrumb"},"inLanguage":"ca","potentialAction":[{"@type":"ReadAction","target":["https:\/\/radiolitoral.com\/2025\/02\/miguel-fernandez-i-ma-isabel-ferrer-guanyadors-a-xabia\/"]}]},{"@type":"ImageObject","inLanguage":"ca","@id":"https:\/\/radiolitoral.com\/2025\/02\/miguel-fernandez-i-ma-isabel-ferrer-guanyadors-a-xabia\/#primaryimage","url":"https:\/\/media.radiolitoral.com\/wp-content\/uploads\/2025\/02\/24100543\/DSC_0961-scaled.jpg","contentUrl":"https:\/\/media.radiolitoral.com\/wp-content\/uploads\/2025\/02\/24100543\/DSC_0961-scaled.jpg","width":2560,"height":1707},{"@type":"BreadcrumbList","@id":"https:\/\/radiolitoral.com\/2025\/02\/miguel-fernandez-i-ma-isabel-ferrer-guanyadors-a-xabia\/#breadcrumb","itemListElement":[{"@type":"ListItem","position":1,"name":"Portada","item":"https:\/\/radiolitoral.com\/"},{"@type":"ListItem","position":2,"name":"Miguel Fern\u00e1ndez i M\u00aa Isabel Ferrer guanyadors a X\u00e0bia"}]},{"@type":"WebSite","@id":"https:\/\/radiolitoral.com\/#website","url":"https:\/\/radiolitoral.com\/","name":"R\u00e0dio Litoral","description":"La r\u00e0dio local de la Marina Alta","publisher":{"@id":"https:\/\/radiolitoral.com\/#organization"},"alternateName":"Litoral FM","potentialAction":[{"@type":"SearchAction","target":{"@type":"EntryPoint","urlTemplate":"https:\/\/radiolitoral.com\/?s={search_term_string}"},"query-input":{"@type":"PropertyValueSpecification","valueRequired":true,"valueName":"search_term_string"}}],"inLanguage":"ca"},{"@type":"Organization","@id":"https:\/\/radiolitoral.com\/#organization","name":"R\u00e0dio Litoral","url":"https:\/\/radiolitoral.com\/","logo":{"@type":"ImageObject","inLanguage":"ca","@id":"https:\/\/radiolitoral.com\/#\/schema\/logo\/image\/","url":"https:\/\/media.radiolitoral.com\/wp-content\/uploads\/2023\/02\/24143238\/CL-V-RadioLitoral696.png","contentUrl":"https:\/\/media.radiolitoral.com\/wp-content\/uploads\/2023\/02\/24143238\/CL-V-RadioLitoral696.png","width":696,"height":696,"caption":"Radio Litoral"},"image":{"@id":"https:\/\/radiolitoral.com\/#\/schema\/logo\/image\/"},"sameAs":["https:\/\/www.facebook.com\/Laradiolitoral\/"]},{"@type":"Person","@id":"https:\/\/radiolitoral.com\/#\/schema\/person\/7b1480b5caeb5acdd4ec6379caf62b22","name":"Javier Zamora","image":{"@type":"ImageObject","inLanguage":"ca","@id":"https:\/\/secure.gravatar.com\/avatar\/467a11f6918c7d619c4043fc6fa2d3853053107973f05b6e9c04ea6c4e3a7b3f?s=96&d=mm&r=g","url":"https:\/\/secure.gravatar.com\/avatar\/467a11f6918c7d619c4043fc6fa2d3853053107973f05b6e9c04ea6c4e3a7b3f?s=96&d=mm&r=g","contentUrl":"https:\/\/secure.gravatar.com\/avatar\/467a11f6918c7d619c4043fc6fa2d3853053107973f05b6e9c04ea6c4e3a7b3f?s=96&d=mm&r=g","caption":"Javier Zamora"},"url":"https:\/\/radiolitoral.com\/ca\/author\/javier-zamora\/"}]}},"_links":{"self":[{"href":"https:\/\/radiolitoral.com\/ca\/wp-json\/wp\/v2\/posts\/15159","targetHints":{"allow":["GET"]}}],"collection":[{"href":"https:\/\/radiolitoral.com\/ca\/wp-json\/wp\/v2\/posts"}],"about":[{"href":"https:\/\/radiolitoral.com\/ca\/wp-json\/wp\/v2\/types\/post"}],"author":[{"embeddable":true,"href":"https:\/\/radiolitoral.com\/ca\/wp-json\/wp\/v2\/users\/12"}],"replies":[{"embeddable":true,"href":"https:\/\/radiolitoral.com\/ca\/wp-json\/wp\/v2\/comments?post=15159"}],"version-history":[{"count":4,"href":"https:\/\/radiolitoral.com\/ca\/wp-json\/wp\/v2\/posts\/15159\/revisions"}],"predecessor-version":[{"id":15169,"href":"https:\/\/radiolitoral.com\/ca\/wp-json\/wp\/v2\/posts\/15159\/revisions\/15169"}],"wp:featuredmedia":[{"embeddable":true,"href":"https:\/\/radiolitoral.com\/ca\/wp-json\/wp\/v2\/media\/15160"}],"wp:attachment":[{"href":"https:\/\/radiolitoral.com\/ca\/wp-json\/wp\/v2\/media?parent=15159"}],"wp:term":[{"taxonomy":"category","embeddable":true,"href":"https:\/\/radiolitoral.com\/ca\/wp-json\/wp\/v2\/categories?post=15159"},{"taxonomy":"post_tag","embeddable":true,"href":"https:\/\/radiolitoral.com\/ca\/wp-json\/wp\/v2\/tags?post=15159"}],"curies":[{"name":"wp","href":"https:\/\/api.w.org\/{rel}","templated":true}]}}