{"id":15133,"date":"2025-02-21T12:27:41","date_gmt":"2025-02-21T11:27:41","guid":{"rendered":"https:\/\/radiolitoral.com\/?p=15133"},"modified":"2025-02-21T12:37:55","modified_gmt":"2025-02-21T11:37:55","slug":"ferran-vila-si-no-teniu-pla-pel-primer-cap-de-setmana-de-maig-xalonia-es-la-millor-opcio","status":"publish","type":"post","link":"https:\/\/radiolitoral.com\/ca\/2025\/02\/ferran-vila-si-no-teniu-pla-pel-primer-cap-de-setmana-de-maig-xalonia-es-la-millor-opcio\/","title":{"rendered":"Ferran Vila: \u201cSi no teniu pla pel primer cap de setmana de maig, Xal\u00f3nia \u00e9s la millor opci\u00f3\u201d"},"content":{"rendered":"<p>El <strong>Primer Caf\u00e8 de R\u00e0dio Litoral<\/strong> de hui divendres ens ha ajudat a fer plans ja de cara al mes de maig. Aprofitant que s&#039;han donat a con\u00e8ixer alguns dels plats forts de la programaci\u00f3 de<strong> Xal\u00f2nia 2025<\/strong> hem conversat amb el <strong>regidor de Comer\u00e7 de Xal\u00f3, Ferran Vila,<\/strong> que ens ha avan\u00e7at alguns dels continguts que oferir\u00e0 la 13a edici\u00f3 d&#039;aquesta consolidada convocat\u00f2ria. Un encontre l\u00fadic, comercial, festiu i gastron\u00f2mic que es converteix en una cita obligada per tota la comarca i m\u00e9s enll\u00e0 de les nostres fronteres.<\/p>\n<p><strong>Xal\u00f3<\/strong> prepara, un any m\u00e9s, un intens cap de setmana, el del 3 i 4 de maig, per mostrar la seva ess\u00e8ncia, mantenint el seu lema inicial \u201ctot all\u00f2 que ens fa ser poble\u201d. Entre les propostes ja tancades destaca el festival de concerts que inclou les actuacions de <strong>La F\u00famiga, Cactus i Vaire<\/strong>. Les entrades ja s\u00f3n a la venda a trav\u00e9s de la plataforma notikumi.<\/p>\n<p>Cultura, comer\u00e7, gastronomia, tradicions\u2026 Xal\u00f3nia ho te tot. Un intens cap de setmana que tamb\u00e9 inclou actuacions de les diferents agrupacions locals, com ara la banda de m\u00fasica o la batucada, la Fira del vi i la picaeta, activitats infantils, propostes culturals i comercials. Aquesta \u00e9s una aposta per la promoci\u00f3 comercial i tur\u00edstica de Xal\u00f3 que implica un gran desplegament i esfor\u00e7 tant per part de l&#039;Ajuntament com de les associacions locals i el teixit empresarial que participa a l&#039;esdeveniment. Un aparador del que \u00e9s Xal\u00f3, que congrega any rere any milers de persones i que suposa un important impacto econ\u00f2mic per a la localitat.<\/p>\n<p>Una cita a deixar ja reservada pel primer cap de setmana del mes de maig. Si vols saber-ne m\u00e9s, pots tornar a escortar l&#039;entrevista completa aqu\u00ed.<\/p>\n<audio class=\"wp-audio-shortcode\" id=\"audio-15133-1\" preload=\"none\" style=\"width: 100%;\" controls=\"controls\"><source type=\"audio\/mpeg\" src=\"https:\/\/media.radiolitoral.com\/wp-content\/uploads\/2025\/02\/21121805\/Primer-Cafe-Xalonia.mp3?_=1\" \/><a href=\"https:\/\/media.radiolitoral.com\/wp-content\/uploads\/2025\/02\/21121805\/Primer-Cafe-Xalonia.mp3\">https:\/\/media.radiolitoral.com\/wp-content\/uploads\/2025\/02\/21121805\/Primer-Cafe-Xalonia.mp3<\/a><\/audio>","protected":false},"excerpt":{"rendered":"<p>El Primer Caf\u00e9 de R\u00e0dio Litoral de hui divendres ens ha ajudat a fer plans ja de cara al mes de maig. Aprofitant que s&#8217;han donat a con\u00e8ixer alguns dels plats forts de la programaci\u00f3 de Xal\u00f3nia 2025 hem conversat amb el regidor de Comer\u00e7 de Xal\u00f3, Ferran Vila, que ens ha avan\u00e7at alguns dels [&#8230;]<\/p>\n<p><a class=\"btn btn-secondary understrap-read-more-link\" href=\"https:\/\/radiolitoral.com\/ca\/2025\/02\/ferran-vila-si-no-teniu-pla-pel-primer-cap-de-setmana-de-maig-xalonia-es-la-millor-opcio\/\">Continua llegint&#8230;<span class=\"screen-reader-text\"> from Ferran Vila: \u201cSi no teniu pla pel primer cap de setmana de maig, Xal\u00f3nia \u00e9s la millor opci\u00f3\u201d<\/span><\/a><\/p>\n","protected":false},"author":13,"featured_media":15135,"comment_status":"open","ping_status":"closed","sticky":false,"template":"","format":"standard","meta":{"_acf_changed":false,"inline_featured_image":false,"footnotes":""},"categories":[230,55,2753,549],"tags":[3769,3767,3765,3768,2312,2680,3766,3770,647],"class_list":["post-15133","post","type-post","status-publish","format-standard","has-post-thumbnail","hentry","category-comercio","category-cultura","category-entrevistas","category-gastronomia","tag-cactus","tag-concerts","tag-ferran-vila","tag-la-fumiga","tag-primer-cafe","tag-tradicions","tag-turisme","tag-vaire","tag-xalonia","cobertura-marina-alta","cobertura-xalo"],"acf":[],"yoast_head":"<!-- This site is optimized with the Yoast SEO plugin v27.5 - https:\/\/yoast.com\/product\/yoast-seo-wordpress\/ -->\n<title>Ferran Vila: \u201cSi no teniu pla pel primer cap de setmana de maig, Xal\u00f3nia \u00e9s la millor opci\u00f3\u201d | R\u00e0dio Litoral<\/title>\n<meta name=\"description\" content=\"Xalonia presentar\u00e0 en concert a La F\u00famiga, Cactus i Vaire com a plats forts de la programaci\u00f3 d&#039;aquesta 13 edici\u00f3 del Festival\" \/>\n<meta name=\"robots\" content=\"index, follow, max-snippet:-1, max-image-preview:large, max-video-preview:-1\" \/>\n<link rel=\"canonical\" href=\"https:\/\/radiolitoral.com\/ca\/2025\/02\/ferran-vila-si-no-teniu-pla-pel-primer-cap-de-setmana-de-maig-xalonia-es-la-millor-opcio\/\" \/>\n<meta property=\"og:locale\" content=\"ca_ES\" \/>\n<meta property=\"og:type\" content=\"article\" \/>\n<meta property=\"og:title\" content=\"Ferran Vila: \u201cSi no teniu pla pel primer cap de setmana de maig, Xal\u00f3nia \u00e9s la millor opci\u00f3\u201d | R\u00e0dio Litoral\" \/>\n<meta property=\"og:description\" content=\"Xalonia presentar\u00e0 en concert a La F\u00famiga, Cactus i Vaire com a plats forts de la programaci\u00f3 d&#039;aquesta 13 edici\u00f3 del Festival\" \/>\n<meta property=\"og:url\" content=\"https:\/\/radiolitoral.com\/ca\/2025\/02\/ferran-vila-si-no-teniu-pla-pel-primer-cap-de-setmana-de-maig-xalonia-es-la-millor-opcio\/\" \/>\n<meta property=\"og:site_name\" content=\"R\u00e0dio Litoral\" \/>\n<meta property=\"article:publisher\" content=\"https:\/\/www.facebook.com\/Laradiolitoral\/\" \/>\n<meta property=\"article:published_time\" content=\"2025-02-21T11:27:41+00:00\" \/>\n<meta property=\"article:modified_time\" content=\"2025-02-21T11:37:55+00:00\" \/>\n<meta property=\"og:image\" content=\"https:\/\/media.radiolitoral.com\/wp-content\/uploads\/2025\/02\/21122014\/Ferran-Vila-Primer-Cafe-e1740137181340.jpg\" \/>\n\t<meta property=\"og:image:width\" content=\"1997\" \/>\n\t<meta property=\"og:image:height\" content=\"1333\" \/>\n\t<meta property=\"og:image:type\" content=\"image\/jpeg\" \/>\n<meta name=\"author\" content=\"Redacci\u00f3n\" \/>\n<meta name=\"twitter:card\" content=\"summary_large_image\" \/>\n<meta name=\"twitter:label1\" content=\"Escrit per\" \/>\n\t<meta name=\"twitter:data1\" content=\"Redacci\u00f3n\" \/>\n\t<meta name=\"twitter:label2\" content=\"Temps estimat de lectura\" \/>\n\t<meta name=\"twitter:data2\" content=\"2 minuts\" \/>\n<script type=\"application\/ld+json\" class=\"yoast-schema-graph\">{\"@context\":\"https:\\\/\\\/schema.org\",\"@graph\":[{\"@type\":\"NewsArticle\",\"@id\":\"https:\\\/\\\/radiolitoral.com\\\/2025\\\/02\\\/ferran-vila-si-no-teniu-pla-pel-primer-cap-de-setmana-de-maig-xalonia-es-la-millor-opcio\\\/#article\",\"isPartOf\":{\"@id\":\"https:\\\/\\\/radiolitoral.com\\\/2025\\\/02\\\/ferran-vila-si-no-teniu-pla-pel-primer-cap-de-setmana-de-maig-xalonia-es-la-millor-opcio\\\/\"},\"author\":{\"name\":\"Redacci\u00f3n\",\"@id\":\"https:\\\/\\\/radiolitoral.com\\\/#\\\/schema\\\/person\\\/f2b2343c49b5d721857cc1002bfdb151\"},\"headline\":\"Ferran Vila: \u201cSi no teniu pla pel primer cap de setmana de maig, Xal\u00f3nia \u00e9s la millor opci\u00f3\u201d\",\"datePublished\":\"2025-02-21T11:27:41+00:00\",\"dateModified\":\"2025-02-21T11:37:55+00:00\",\"mainEntityOfPage\":{\"@id\":\"https:\\\/\\\/radiolitoral.com\\\/2025\\\/02\\\/ferran-vila-si-no-teniu-pla-pel-primer-cap-de-setmana-de-maig-xalonia-es-la-millor-opcio\\\/\"},\"wordCount\":337,\"commentCount\":0,\"publisher\":{\"@id\":\"https:\\\/\\\/radiolitoral.com\\\/#organization\"},\"image\":{\"@id\":\"https:\\\/\\\/radiolitoral.com\\\/2025\\\/02\\\/ferran-vila-si-no-teniu-pla-pel-primer-cap-de-setmana-de-maig-xalonia-es-la-millor-opcio\\\/#primaryimage\"},\"thumbnailUrl\":\"https:\\\/\\\/media.radiolitoral.com\\\/wp-content\\\/uploads\\\/2025\\\/02\\\/21122014\\\/Ferran-Vila-Primer-Cafe-e1740137181340.jpg\",\"keywords\":[\"Cactus\",\"Concerts\",\"Ferran Vila\",\"La F\u00famiga\",\"Primer Caf\u00e9\",\"Tradicions\",\"Turisme\",\"Vaire\",\"Xal\u00f3nia\"],\"articleSection\":[\"Comercio\",\"Cultura\",\"Entrevistas\",\"Gastronom\u00eda\"],\"inLanguage\":\"ca\",\"potentialAction\":[{\"@type\":\"CommentAction\",\"name\":\"Comment\",\"target\":[\"https:\\\/\\\/radiolitoral.com\\\/2025\\\/02\\\/ferran-vila-si-no-teniu-pla-pel-primer-cap-de-setmana-de-maig-xalonia-es-la-millor-opcio\\\/#respond\"]}]},{\"@type\":[\"WebPage\",\"ItemPage\"],\"@id\":\"https:\\\/\\\/radiolitoral.com\\\/2025\\\/02\\\/ferran-vila-si-no-teniu-pla-pel-primer-cap-de-setmana-de-maig-xalonia-es-la-millor-opcio\\\/\",\"url\":\"https:\\\/\\\/radiolitoral.com\\\/2025\\\/02\\\/ferran-vila-si-no-teniu-pla-pel-primer-cap-de-setmana-de-maig-xalonia-es-la-millor-opcio\\\/\",\"name\":\"Ferran Vila: \u201cSi no teniu pla pel primer cap de setmana de maig, Xal\u00f3nia \u00e9s la millor opci\u00f3\u201d | R\u00e0dio Litoral\",\"isPartOf\":{\"@id\":\"https:\\\/\\\/radiolitoral.com\\\/#website\"},\"primaryImageOfPage\":{\"@id\":\"https:\\\/\\\/radiolitoral.com\\\/2025\\\/02\\\/ferran-vila-si-no-teniu-pla-pel-primer-cap-de-setmana-de-maig-xalonia-es-la-millor-opcio\\\/#primaryimage\"},\"image\":{\"@id\":\"https:\\\/\\\/radiolitoral.com\\\/2025\\\/02\\\/ferran-vila-si-no-teniu-pla-pel-primer-cap-de-setmana-de-maig-xalonia-es-la-millor-opcio\\\/#primaryimage\"},\"thumbnailUrl\":\"https:\\\/\\\/media.radiolitoral.com\\\/wp-content\\\/uploads\\\/2025\\\/02\\\/21122014\\\/Ferran-Vila-Primer-Cafe-e1740137181340.jpg\",\"datePublished\":\"2025-02-21T11:27:41+00:00\",\"dateModified\":\"2025-02-21T11:37:55+00:00\",\"description\":\"Xalonia presentar\u00e0 en concert a La F\u00famiga, Cactus i Vaire com a plats forts de la programaci\u00f3 d'aquesta 13 edici\u00f3 del Festival\",\"breadcrumb\":{\"@id\":\"https:\\\/\\\/radiolitoral.com\\\/2025\\\/02\\\/ferran-vila-si-no-teniu-pla-pel-primer-cap-de-setmana-de-maig-xalonia-es-la-millor-opcio\\\/#breadcrumb\"},\"inLanguage\":\"ca\",\"potentialAction\":[{\"@type\":\"ReadAction\",\"target\":[\"https:\\\/\\\/radiolitoral.com\\\/2025\\\/02\\\/ferran-vila-si-no-teniu-pla-pel-primer-cap-de-setmana-de-maig-xalonia-es-la-millor-opcio\\\/\"]}]},{\"@type\":\"ImageObject\",\"inLanguage\":\"ca\",\"@id\":\"https:\\\/\\\/radiolitoral.com\\\/2025\\\/02\\\/ferran-vila-si-no-teniu-pla-pel-primer-cap-de-setmana-de-maig-xalonia-es-la-millor-opcio\\\/#primaryimage\",\"url\":\"https:\\\/\\\/media.radiolitoral.com\\\/wp-content\\\/uploads\\\/2025\\\/02\\\/21122014\\\/Ferran-Vila-Primer-Cafe-e1740137181340.jpg\",\"contentUrl\":\"https:\\\/\\\/media.radiolitoral.com\\\/wp-content\\\/uploads\\\/2025\\\/02\\\/21122014\\\/Ferran-Vila-Primer-Cafe-e1740137181340.jpg\",\"width\":1997,\"height\":1333},{\"@type\":\"BreadcrumbList\",\"@id\":\"https:\\\/\\\/radiolitoral.com\\\/2025\\\/02\\\/ferran-vila-si-no-teniu-pla-pel-primer-cap-de-setmana-de-maig-xalonia-es-la-millor-opcio\\\/#breadcrumb\",\"itemListElement\":[{\"@type\":\"ListItem\",\"position\":1,\"name\":\"Portada\",\"item\":\"https:\\\/\\\/radiolitoral.com\\\/\"},{\"@type\":\"ListItem\",\"position\":2,\"name\":\"Ferran Vila: \u201cSi no teniu pla pel primer cap de setmana de maig, Xal\u00f3nia \u00e9s la millor opci\u00f3\u201d\"}]},{\"@type\":\"WebSite\",\"@id\":\"https:\\\/\\\/radiolitoral.com\\\/#website\",\"url\":\"https:\\\/\\\/radiolitoral.com\\\/\",\"name\":\"Radio Litoral\",\"description\":\"La radio local de la Marina Alta\",\"publisher\":{\"@id\":\"https:\\\/\\\/radiolitoral.com\\\/#organization\"},\"alternateName\":\"Litoral FM\",\"potentialAction\":[{\"@type\":\"SearchAction\",\"target\":{\"@type\":\"EntryPoint\",\"urlTemplate\":\"https:\\\/\\\/radiolitoral.com\\\/?s={search_term_string}\"},\"query-input\":{\"@type\":\"PropertyValueSpecification\",\"valueRequired\":true,\"valueName\":\"search_term_string\"}}],\"inLanguage\":\"ca\"},{\"@type\":\"Organization\",\"@id\":\"https:\\\/\\\/radiolitoral.com\\\/#organization\",\"name\":\"Radio Litoral\",\"url\":\"https:\\\/\\\/radiolitoral.com\\\/\",\"logo\":{\"@type\":\"ImageObject\",\"inLanguage\":\"ca\",\"@id\":\"https:\\\/\\\/radiolitoral.com\\\/#\\\/schema\\\/logo\\\/image\\\/\",\"url\":\"https:\\\/\\\/media.radiolitoral.com\\\/wp-content\\\/uploads\\\/2023\\\/02\\\/24143238\\\/CL-V-RadioLitoral696.png\",\"contentUrl\":\"https:\\\/\\\/media.radiolitoral.com\\\/wp-content\\\/uploads\\\/2023\\\/02\\\/24143238\\\/CL-V-RadioLitoral696.png\",\"width\":696,\"height\":696,\"caption\":\"Radio Litoral\"},\"image\":{\"@id\":\"https:\\\/\\\/radiolitoral.com\\\/#\\\/schema\\\/logo\\\/image\\\/\"},\"sameAs\":[\"https:\\\/\\\/www.facebook.com\\\/Laradiolitoral\\\/\"]},{\"@type\":\"Person\",\"@id\":\"https:\\\/\\\/radiolitoral.com\\\/#\\\/schema\\\/person\\\/f2b2343c49b5d721857cc1002bfdb151\",\"name\":\"Redacci\u00f3n\",\"image\":{\"@type\":\"ImageObject\",\"inLanguage\":\"ca\",\"@id\":\"https:\\\/\\\/secure.gravatar.com\\\/avatar\\\/f771d896c203ad8b3382d7905cfcce5a5c9b008b84b3cd9114e9b9f4cb63f789?s=96&d=mm&r=g\",\"url\":\"https:\\\/\\\/secure.gravatar.com\\\/avatar\\\/f771d896c203ad8b3382d7905cfcce5a5c9b008b84b3cd9114e9b9f4cb63f789?s=96&d=mm&r=g\",\"contentUrl\":\"https:\\\/\\\/secure.gravatar.com\\\/avatar\\\/f771d896c203ad8b3382d7905cfcce5a5c9b008b84b3cd9114e9b9f4cb63f789?s=96&d=mm&r=g\",\"caption\":\"Redacci\u00f3n\"},\"url\":\"https:\\\/\\\/radiolitoral.com\\\/ca\\\/author\\\/miriam-pagan\\\/\"}]}<\/script>\n<!-- \/ Yoast SEO plugin. -->","yoast_head_json":{"title":"Ferran Vila: \u201cSi no teniu pla pel primer cap de setmana de maig, Xal\u00f3nia \u00e9s la millor opci\u00f3\u201d | R\u00e0dio Litoral","description":"Xalonia presentar\u00e0 en concert La F\u00famiga, Cactus i Vaire com a plats forts de la programaci\u00f3 d&#039;aquesta 13a edici\u00f3 del Festival","robots":{"index":"index","follow":"follow","max-snippet":"max-snippet:-1","max-image-preview":"max-image-preview:large","max-video-preview":"max-video-preview:-1"},"canonical":"https:\/\/radiolitoral.com\/ca\/2025\/02\/ferran-vila-si-no-teniu-pla-pel-primer-cap-de-setmana-de-maig-xalonia-es-la-millor-opcio\/","og_locale":"ca_ES","og_type":"article","og_title":"Ferran Vila: \u201cSi no teniu pla pel primer cap de setmana de maig, Xal\u00f3nia \u00e9s la millor opci\u00f3\u201d | R\u00e0dio Litoral","og_description":"Xalonia presentar\u00e0 en concert a La F\u00famiga, Cactus i Vaire com a plats forts de la programaci\u00f3 d'aquesta 13 edici\u00f3 del Festival","og_url":"https:\/\/radiolitoral.com\/ca\/2025\/02\/ferran-vila-si-no-teniu-pla-pel-primer-cap-de-setmana-de-maig-xalonia-es-la-millor-opcio\/","og_site_name":"R\u00e0dio Litoral","article_publisher":"https:\/\/www.facebook.com\/Laradiolitoral\/","article_published_time":"2025-02-21T11:27:41+00:00","article_modified_time":"2025-02-21T11:37:55+00:00","og_image":[{"width":1997,"height":1333,"url":"https:\/\/media.radiolitoral.com\/wp-content\/uploads\/2025\/02\/21122014\/Ferran-Vila-Primer-Cafe-e1740137181340.jpg","type":"image\/jpeg"}],"author":"Redacci\u00f3n","twitter_card":"summary_large_image","twitter_misc":{"Escrit per":"Redacci\u00f3n","Temps estimat de lectura":"2 minuts"},"schema":{"@context":"https:\/\/schema.org","@graph":[{"@type":"NewsArticle","@id":"https:\/\/radiolitoral.com\/2025\/02\/ferran-vila-si-no-teniu-pla-pel-primer-cap-de-setmana-de-maig-xalonia-es-la-millor-opcio\/#article","isPartOf":{"@id":"https:\/\/radiolitoral.com\/2025\/02\/ferran-vila-si-no-teniu-pla-pel-primer-cap-de-setmana-de-maig-xalonia-es-la-millor-opcio\/"},"author":{"name":"Redacci\u00f3n","@id":"https:\/\/radiolitoral.com\/#\/schema\/person\/f2b2343c49b5d721857cc1002bfdb151"},"headline":"Ferran Vila: \u201cSi no teniu pla pel primer cap de setmana de maig, Xal\u00f3nia \u00e9s la millor opci\u00f3\u201d","datePublished":"2025-02-21T11:27:41+00:00","dateModified":"2025-02-21T11:37:55+00:00","mainEntityOfPage":{"@id":"https:\/\/radiolitoral.com\/2025\/02\/ferran-vila-si-no-teniu-pla-pel-primer-cap-de-setmana-de-maig-xalonia-es-la-millor-opcio\/"},"wordCount":337,"commentCount":0,"publisher":{"@id":"https:\/\/radiolitoral.com\/#organization"},"image":{"@id":"https:\/\/radiolitoral.com\/2025\/02\/ferran-vila-si-no-teniu-pla-pel-primer-cap-de-setmana-de-maig-xalonia-es-la-millor-opcio\/#primaryimage"},"thumbnailUrl":"https:\/\/media.radiolitoral.com\/wp-content\/uploads\/2025\/02\/21122014\/Ferran-Vila-Primer-Cafe-e1740137181340.jpg","keywords":["Cactus","Concerts","Ferran Vila","La F\u00famiga","Primer Caf\u00e9","Tradicions","Turisme","Vaire","Xal\u00f3nia"],"articleSection":["Comercio","Cultura","Entrevistas","Gastronom\u00eda"],"inLanguage":"ca","potentialAction":[{"@type":"CommentAction","name":"Comment","target":["https:\/\/radiolitoral.com\/2025\/02\/ferran-vila-si-no-teniu-pla-pel-primer-cap-de-setmana-de-maig-xalonia-es-la-millor-opcio\/#respond"]}]},{"@type":["WebPage","ItemPage"],"@id":"https:\/\/radiolitoral.com\/2025\/02\/ferran-vila-si-no-teniu-pla-pel-primer-cap-de-setmana-de-maig-xalonia-es-la-millor-opcio\/","url":"https:\/\/radiolitoral.com\/2025\/02\/ferran-vila-si-no-teniu-pla-pel-primer-cap-de-setmana-de-maig-xalonia-es-la-millor-opcio\/","name":"Ferran Vila: \u201cSi no teniu pla pel primer cap de setmana de maig, Xal\u00f3nia \u00e9s la millor opci\u00f3\u201d | R\u00e0dio Litoral","isPartOf":{"@id":"https:\/\/radiolitoral.com\/#website"},"primaryImageOfPage":{"@id":"https:\/\/radiolitoral.com\/2025\/02\/ferran-vila-si-no-teniu-pla-pel-primer-cap-de-setmana-de-maig-xalonia-es-la-millor-opcio\/#primaryimage"},"image":{"@id":"https:\/\/radiolitoral.com\/2025\/02\/ferran-vila-si-no-teniu-pla-pel-primer-cap-de-setmana-de-maig-xalonia-es-la-millor-opcio\/#primaryimage"},"thumbnailUrl":"https:\/\/media.radiolitoral.com\/wp-content\/uploads\/2025\/02\/21122014\/Ferran-Vila-Primer-Cafe-e1740137181340.jpg","datePublished":"2025-02-21T11:27:41+00:00","dateModified":"2025-02-21T11:37:55+00:00","description":"Xalonia presentar\u00e0 en concert La F\u00famiga, Cactus i Vaire com a plats forts de la programaci\u00f3 d&#039;aquesta 13a edici\u00f3 del Festival","breadcrumb":{"@id":"https:\/\/radiolitoral.com\/2025\/02\/ferran-vila-si-no-teniu-pla-pel-primer-cap-de-setmana-de-maig-xalonia-es-la-millor-opcio\/#breadcrumb"},"inLanguage":"ca","potentialAction":[{"@type":"ReadAction","target":["https:\/\/radiolitoral.com\/2025\/02\/ferran-vila-si-no-teniu-pla-pel-primer-cap-de-setmana-de-maig-xalonia-es-la-millor-opcio\/"]}]},{"@type":"ImageObject","inLanguage":"ca","@id":"https:\/\/radiolitoral.com\/2025\/02\/ferran-vila-si-no-teniu-pla-pel-primer-cap-de-setmana-de-maig-xalonia-es-la-millor-opcio\/#primaryimage","url":"https:\/\/media.radiolitoral.com\/wp-content\/uploads\/2025\/02\/21122014\/Ferran-Vila-Primer-Cafe-e1740137181340.jpg","contentUrl":"https:\/\/media.radiolitoral.com\/wp-content\/uploads\/2025\/02\/21122014\/Ferran-Vila-Primer-Cafe-e1740137181340.jpg","width":1997,"height":1333},{"@type":"BreadcrumbList","@id":"https:\/\/radiolitoral.com\/2025\/02\/ferran-vila-si-no-teniu-pla-pel-primer-cap-de-setmana-de-maig-xalonia-es-la-millor-opcio\/#breadcrumb","itemListElement":[{"@type":"ListItem","position":1,"name":"Portada","item":"https:\/\/radiolitoral.com\/"},{"@type":"ListItem","position":2,"name":"Ferran Vila: \u201cSi no teniu pla pel primer cap de setmana de maig, Xal\u00f3nia \u00e9s la millor opci\u00f3\u201d"}]},{"@type":"WebSite","@id":"https:\/\/radiolitoral.com\/#website","url":"https:\/\/radiolitoral.com\/","name":"R\u00e0dio Litoral","description":"La r\u00e0dio local de la Marina Alta","publisher":{"@id":"https:\/\/radiolitoral.com\/#organization"},"alternateName":"Litoral FM","potentialAction":[{"@type":"SearchAction","target":{"@type":"EntryPoint","urlTemplate":"https:\/\/radiolitoral.com\/?s={search_term_string}"},"query-input":{"@type":"PropertyValueSpecification","valueRequired":true,"valueName":"search_term_string"}}],"inLanguage":"ca"},{"@type":"Organization","@id":"https:\/\/radiolitoral.com\/#organization","name":"R\u00e0dio Litoral","url":"https:\/\/radiolitoral.com\/","logo":{"@type":"ImageObject","inLanguage":"ca","@id":"https:\/\/radiolitoral.com\/#\/schema\/logo\/image\/","url":"https:\/\/media.radiolitoral.com\/wp-content\/uploads\/2023\/02\/24143238\/CL-V-RadioLitoral696.png","contentUrl":"https:\/\/media.radiolitoral.com\/wp-content\/uploads\/2023\/02\/24143238\/CL-V-RadioLitoral696.png","width":696,"height":696,"caption":"Radio Litoral"},"image":{"@id":"https:\/\/radiolitoral.com\/#\/schema\/logo\/image\/"},"sameAs":["https:\/\/www.facebook.com\/Laradiolitoral\/"]},{"@type":"Person","@id":"https:\/\/radiolitoral.com\/#\/schema\/person\/f2b2343c49b5d721857cc1002bfdb151","name":"Redacci\u00f3","image":{"@type":"ImageObject","inLanguage":"ca","@id":"https:\/\/secure.gravatar.com\/avatar\/f771d896c203ad8b3382d7905cfcce5a5c9b008b84b3cd9114e9b9f4cb63f789?s=96&d=mm&r=g","url":"https:\/\/secure.gravatar.com\/avatar\/f771d896c203ad8b3382d7905cfcce5a5c9b008b84b3cd9114e9b9f4cb63f789?s=96&d=mm&r=g","contentUrl":"https:\/\/secure.gravatar.com\/avatar\/f771d896c203ad8b3382d7905cfcce5a5c9b008b84b3cd9114e9b9f4cb63f789?s=96&d=mm&r=g","caption":"Redacci\u00f3n"},"url":"https:\/\/radiolitoral.com\/ca\/author\/miriam-pagan\/"}]}},"_links":{"self":[{"href":"https:\/\/radiolitoral.com\/ca\/wp-json\/wp\/v2\/posts\/15133","targetHints":{"allow":["GET"]}}],"collection":[{"href":"https:\/\/radiolitoral.com\/ca\/wp-json\/wp\/v2\/posts"}],"about":[{"href":"https:\/\/radiolitoral.com\/ca\/wp-json\/wp\/v2\/types\/post"}],"author":[{"embeddable":true,"href":"https:\/\/radiolitoral.com\/ca\/wp-json\/wp\/v2\/users\/13"}],"replies":[{"embeddable":true,"href":"https:\/\/radiolitoral.com\/ca\/wp-json\/wp\/v2\/comments?post=15133"}],"version-history":[{"count":5,"href":"https:\/\/radiolitoral.com\/ca\/wp-json\/wp\/v2\/posts\/15133\/revisions"}],"predecessor-version":[{"id":15141,"href":"https:\/\/radiolitoral.com\/ca\/wp-json\/wp\/v2\/posts\/15133\/revisions\/15141"}],"wp:featuredmedia":[{"embeddable":true,"href":"https:\/\/radiolitoral.com\/ca\/wp-json\/wp\/v2\/media\/15135"}],"wp:attachment":[{"href":"https:\/\/radiolitoral.com\/ca\/wp-json\/wp\/v2\/media?parent=15133"}],"wp:term":[{"taxonomy":"category","embeddable":true,"href":"https:\/\/radiolitoral.com\/ca\/wp-json\/wp\/v2\/categories?post=15133"},{"taxonomy":"post_tag","embeddable":true,"href":"https:\/\/radiolitoral.com\/ca\/wp-json\/wp\/v2\/tags?post=15133"}],"curies":[{"name":"wp","href":"https:\/\/api.w.org\/{rel}","templated":true}]}}