{"id":15110,"date":"2025-02-20T17:23:03","date_gmt":"2025-02-20T16:23:03","guid":{"rendered":"https:\/\/radiolitoral.com\/?p=15110"},"modified":"2025-02-20T17:23:03","modified_gmt":"2025-02-20T16:23:03","slug":"jorge-pascual-et-mes-to-en-vessant-politic-que-educatiu","status":"publish","type":"post","link":"https:\/\/radiolitoral.com\/ca\/2025\/02\/jorge-pascual-te-mes-to-en-vessant-politic-que-educatiu\/","title":{"rendered":"Jorge Pascual: \u00abT\u00e9 m\u00e9s to en vessant pol\u00edtic que no pas educatiu\u00bb"},"content":{"rendered":"<p data-pm-slice=\"1 1 []\">El <strong>Ple de l&#039;Ajuntament del Poble Nou de Benitatxell<\/strong> ha aprovat per majoria una <strong>moci\u00f3 impulsada per la Regidoria d&#039;Educaci\u00f3<\/strong> en defensa del valenci\u00e0 i en contra de la consulta promoguda per la <strong>Conselleria d&#039;Educaci\u00f3 de la Generalitat Valenciana<\/strong> sobre la llengua vehicular als centres educatius p\u00fablics.<\/p>\n<p>Segons el regidor d&#039;Educaci\u00f3, <strong>Jorge Pascual<\/strong>, la mesura auton\u00f2mica \u00abte m\u00e9s en vesant pol\u00edtic que educatiu\u00bb, ja que no compta amb el suport ni de la comunitat educativa ni de la comunitat cient\u00edfica. Pascual ha defensat que la consulta planteja un fals debat entre <strong>castell\u00e0 i castell\u00e0<\/strong>, en lloc de promover una compet\u00e8ncia equilibrada entre ambdues lleng\u00fces oficials.<\/p>\n<figure id=\"attachment_15112\" aria-describedby=\"caption-attachment-15112\" style=\"width: 2560px\" class=\"wp-caption aligncenter\"><a href=\"https:\/\/media.radiolitoral.com\/wp-content\/uploads\/2025\/02\/20172125\/IMG_3266-scaled.jpg\"><img loading=\"lazy\" decoding=\"async\" class=\"wp-image-15112 size-full\" src=\"https:\/\/media.radiolitoral.com\/wp-content\/uploads\/2025\/02\/20172125\/IMG_3266-scaled.jpg\" alt=\"\" width=\"2560\" height=\"1920\" srcset=\"https:\/\/media.radiolitoral.com\/wp-content\/uploads\/2025\/02\/20172125\/IMG_3266-scaled.jpg 2560w, https:\/\/media.radiolitoral.com\/wp-content\/uploads\/2025\/02\/20172125\/IMG_3266-300x225.jpg 300w, https:\/\/media.radiolitoral.com\/wp-content\/uploads\/2025\/02\/20172125\/IMG_3266-1024x768.jpg 1024w, https:\/\/media.radiolitoral.com\/wp-content\/uploads\/2025\/02\/20172125\/IMG_3266-768x576.jpg 768w, https:\/\/media.radiolitoral.com\/wp-content\/uploads\/2025\/02\/20172125\/IMG_3266-1536x1152.jpg 1536w, https:\/\/media.radiolitoral.com\/wp-content\/uploads\/2025\/02\/20172125\/IMG_3266-2048x1536.jpg 2048w, https:\/\/media.radiolitoral.com\/wp-content\/uploads\/2025\/02\/20172125\/IMG_3266-16x12.jpg 16w, https:\/\/media.radiolitoral.com\/wp-content\/uploads\/2025\/02\/20172125\/IMG_3266-1000x750.jpg 1000w, https:\/\/media.radiolitoral.com\/wp-content\/uploads\/2025\/02\/20172125\/IMG_3266-100x75.jpg 100w, https:\/\/media.radiolitoral.com\/wp-content\/uploads\/2025\/02\/20172125\/IMG_3266-200x150.jpg 200w\" sizes=\"auto, (max-width: 2560px) 100vw, 2560px\" \/><\/a><figcaption id=\"caption-attachment-15112\" class=\"wp-caption-text\">Sessi\u00f3 plen\u00e0ria | El Poble Nou de Benitatxell<\/figcaption><\/figure>\n<h3 data-pm-slice=\"1 1 []\"><strong>Xerrades informatives per a la ciutadania<\/strong><\/h3>\n<p>Davant la preocupaci\u00f3 generada entre les fam\u00edlies, el consistori ha organitzat diverses <strong>xerrades informatives<\/strong>. La primera, realitzada el dimarts passat en col\u00b7laboraci\u00f3 amb l&#039;<strong>AMPA,\u00a0<\/strong>va comptar amb una notable participaci\u00f3 de mars i parells.<\/p>\n<p data-pm-slice=\"1 1 []\">\u00abLa gent est\u00e0 una mica confusa, no sabeu exactament qu\u00e8 es pret\u00e9n amb aquesta consulta ni quins seran les seves conseq\u00fc\u00e8ncies\u00bb, ha explicat Pascual. Segons el regidor, una de les majors preocupacions \u00e9s que el nou model <strong>pugui generar segregaci\u00f3 entre grups d&#039;alumnes<\/strong>, dificultant una educaci\u00f3 equilibrada.<\/p>\n<p>Per tal d&#039;arribar a tota la poblaci\u00f3, especialment a les fam\u00edlies d&#039;origen estranger que no dominin el valenci\u00e0, el <strong>dimarts 25 de febrer<\/strong> \u00e9s realitzar\u00e0 una nova <strong>xerrada en castell\u00e0<\/strong>, impartida per un expert en educaci\u00f3 de la zona.<\/p>\n<p>Pots escortar l&#039;entrevista completa al podcast.<\/p>\n<audio class=\"wp-audio-shortcode\" id=\"audio-15110-1\" preload=\"none\" style=\"width: 100%;\" controls=\"controls\"><source type=\"audio\/mpeg\" src=\"https:\/\/media.radiolitoral.com\/wp-content\/uploads\/2025\/02\/20164242\/ENTREVISTA-JORGE-PASCUAL-BENITATXELL-LLEI-EDUCATIVA-OK.mp3?_=1\" \/><a href=\"https:\/\/media.radiolitoral.com\/wp-content\/uploads\/2025\/02\/20164242\/ENTREVISTA-JORGE-PASCUAL-BENITATXELL-LLEI-EDUCATIVA-OK.mp3\">https:\/\/media.radiolitoral.com\/wp-content\/uploads\/2025\/02\/20164242\/ENTREVISTA-JORGE-PASCUAL-BENITATXELL-LLEI-EDUCATIVA-OK.mp3<\/a><\/audio>","protected":false},"excerpt":{"rendered":"<p>El Ple de l&#8217;Ajuntament de El Poble Nou de Benitatxell ha aprovat per majoria una moci\u00f3 impulsada per la Regidoria d&#8217;Educaci\u00f3 en defensa del valenci\u00e0 i en contra de la consulta promoguda per la Conselleria d&#8217;Educaci\u00f3 de la Generalitat Valenciana sobre la llengua vehicular en els centres educatius p\u00fablics. Segons el regidor d&#8217;Educaci\u00f3, Jorge Pascual, [&#8230;]<\/p>\n<p><a class=\"btn btn-secondary understrap-read-more-link\" href=\"https:\/\/radiolitoral.com\/ca\/2025\/02\/jorge-pascual-te-mes-to-en-vessant-politic-que-educatiu\/\">Continua llegint&#8230;<span class=\"screen-reader-text\"> from Jorge Pascual: \u00abT\u00e9 m\u00e9s to en vessant pol\u00edtic que educatiu\u00bb<\/span><\/a><\/p>\n","protected":false},"author":14,"featured_media":15113,"comment_status":"open","ping_status":"closed","sticky":false,"template":"","format":"standard","meta":{"_acf_changed":false,"inline_featured_image":false,"footnotes":""},"categories":[2753],"tags":[184,3759,134,2708,471],"class_list":["post-15110","post","type-post","status-publish","format-standard","has-post-thumbnail","hentry","category-entrevistas","tag-benitatxell","tag-consulta-educativa","tag-educacion","tag-jorge-pascual","tag-valenciano","cobertura-poble-nou-de-benitatxell"],"acf":[],"yoast_head":"<!-- This site is optimized with the Yoast SEO plugin v27.5 - https:\/\/yoast.com\/product\/yoast-seo-wordpress\/ -->\n<title>Jorge Pascual: &quot;T\u00e9 m\u00e9s to en vessant pol\u00edtic que educatiu&quot; | R\u00e0dio Litoral<\/title>\n<meta name=\"description\" content=\"Benitatxell defensa el valenci\u00e0 i rebutja la consulta de la Generalitat\" \/>\n<meta name=\"robots\" content=\"index, follow, max-snippet:-1, max-image-preview:large, max-video-preview:-1\" \/>\n<link rel=\"canonical\" href=\"https:\/\/radiolitoral.com\/ca\/2025\/02\/jorge-pascual-et-mes-to-en-vessant-politic-que-educatiu\/\" \/>\n<meta property=\"og:locale\" content=\"ca_ES\" \/>\n<meta property=\"og:type\" content=\"article\" \/>\n<meta property=\"og:title\" content=\"Jorge Pascual: &quot;T\u00e9 m\u00e9s to en vessant pol\u00edtic que educatiu&quot; | R\u00e0dio Litoral\" \/>\n<meta property=\"og:description\" content=\"Benitatxell defensa el valenci\u00e0 i rebutja la consulta de la Generalitat\" \/>\n<meta property=\"og:url\" content=\"https:\/\/radiolitoral.com\/ca\/2025\/02\/jorge-pascual-et-mes-to-en-vessant-politic-que-educatiu\/\" \/>\n<meta property=\"og:site_name\" content=\"R\u00e0dio Litoral\" \/>\n<meta property=\"article:publisher\" content=\"https:\/\/www.facebook.com\/Laradiolitoral\/\" \/>\n<meta property=\"article:published_time\" content=\"2025-02-20T16:23:03+00:00\" \/>\n<meta property=\"og:image\" content=\"https:\/\/media.radiolitoral.com\/wp-content\/uploads\/2025\/02\/20172132\/PXL_20250218_185118085-scaled.jpg\" \/>\n\t<meta property=\"og:image:width\" content=\"2560\" \/>\n\t<meta property=\"og:image:height\" content=\"1440\" \/>\n\t<meta property=\"og:image:type\" content=\"image\/jpeg\" \/>\n<meta name=\"author\" content=\"Redacci\u00f3n\" \/>\n<meta name=\"twitter:card\" content=\"summary_large_image\" \/>\n<meta name=\"twitter:label1\" content=\"Escrit per\" \/>\n\t<meta name=\"twitter:data1\" content=\"Redacci\u00f3n\" \/>\n\t<meta name=\"twitter:label2\" content=\"Temps estimat de lectura\" \/>\n\t<meta name=\"twitter:data2\" content=\"2 minuts\" \/>\n<script type=\"application\/ld+json\" class=\"yoast-schema-graph\">{\"@context\":\"https:\\\/\\\/schema.org\",\"@graph\":[{\"@type\":\"NewsArticle\",\"@id\":\"https:\\\/\\\/radiolitoral.com\\\/2025\\\/02\\\/jorge-pascual-te-mes-to-en-vessant-politic-que-educatiu\\\/#article\",\"isPartOf\":{\"@id\":\"https:\\\/\\\/radiolitoral.com\\\/2025\\\/02\\\/jorge-pascual-te-mes-to-en-vessant-politic-que-educatiu\\\/\"},\"author\":{\"name\":\"Redacci\u00f3n\",\"@id\":\"https:\\\/\\\/radiolitoral.com\\\/#\\\/schema\\\/person\\\/96b739642eb3bedb532aac3812d23307\"},\"headline\":\"Jorge Pascual: \u00abT\u00e9 m\u00e9s to en vessant pol\u00edtic que educatiu\u00bb\",\"datePublished\":\"2025-02-20T16:23:03+00:00\",\"mainEntityOfPage\":{\"@id\":\"https:\\\/\\\/radiolitoral.com\\\/2025\\\/02\\\/jorge-pascual-te-mes-to-en-vessant-politic-que-educatiu\\\/\"},\"wordCount\":296,\"commentCount\":0,\"publisher\":{\"@id\":\"https:\\\/\\\/radiolitoral.com\\\/#organization\"},\"image\":{\"@id\":\"https:\\\/\\\/radiolitoral.com\\\/2025\\\/02\\\/jorge-pascual-te-mes-to-en-vessant-politic-que-educatiu\\\/#primaryimage\"},\"thumbnailUrl\":\"https:\\\/\\\/media.radiolitoral.com\\\/wp-content\\\/uploads\\\/2025\\\/02\\\/20172132\\\/PXL_20250218_185118085-scaled.jpg\",\"keywords\":[\"Benitatxell\",\"consulta educativa\",\"educaci\u00f3n\",\"Jorge Pascual\",\"valenciano\"],\"articleSection\":[\"Entrevistas\"],\"inLanguage\":\"ca\",\"potentialAction\":[{\"@type\":\"CommentAction\",\"name\":\"Comment\",\"target\":[\"https:\\\/\\\/radiolitoral.com\\\/2025\\\/02\\\/jorge-pascual-te-mes-to-en-vessant-politic-que-educatiu\\\/#respond\"]}]},{\"@type\":[\"WebPage\",\"ItemPage\"],\"@id\":\"https:\\\/\\\/radiolitoral.com\\\/2025\\\/02\\\/jorge-pascual-te-mes-to-en-vessant-politic-que-educatiu\\\/\",\"url\":\"https:\\\/\\\/radiolitoral.com\\\/2025\\\/02\\\/jorge-pascual-te-mes-to-en-vessant-politic-que-educatiu\\\/\",\"name\":\"Jorge Pascual: \\\"T\u00e9 m\u00e9s to en vessant pol\u00edtic que educatiu\\\" | R\u00e0dio Litoral\",\"isPartOf\":{\"@id\":\"https:\\\/\\\/radiolitoral.com\\\/#website\"},\"primaryImageOfPage\":{\"@id\":\"https:\\\/\\\/radiolitoral.com\\\/2025\\\/02\\\/jorge-pascual-te-mes-to-en-vessant-politic-que-educatiu\\\/#primaryimage\"},\"image\":{\"@id\":\"https:\\\/\\\/radiolitoral.com\\\/2025\\\/02\\\/jorge-pascual-te-mes-to-en-vessant-politic-que-educatiu\\\/#primaryimage\"},\"thumbnailUrl\":\"https:\\\/\\\/media.radiolitoral.com\\\/wp-content\\\/uploads\\\/2025\\\/02\\\/20172132\\\/PXL_20250218_185118085-scaled.jpg\",\"datePublished\":\"2025-02-20T16:23:03+00:00\",\"description\":\"Benitatxell defensa el valenci\u00e0 i rebutja la consulta de la Generalitat\",\"breadcrumb\":{\"@id\":\"https:\\\/\\\/radiolitoral.com\\\/2025\\\/02\\\/jorge-pascual-te-mes-to-en-vessant-politic-que-educatiu\\\/#breadcrumb\"},\"inLanguage\":\"ca\",\"potentialAction\":[{\"@type\":\"ReadAction\",\"target\":[\"https:\\\/\\\/radiolitoral.com\\\/2025\\\/02\\\/jorge-pascual-te-mes-to-en-vessant-politic-que-educatiu\\\/\"]}]},{\"@type\":\"ImageObject\",\"inLanguage\":\"ca\",\"@id\":\"https:\\\/\\\/radiolitoral.com\\\/2025\\\/02\\\/jorge-pascual-te-mes-to-en-vessant-politic-que-educatiu\\\/#primaryimage\",\"url\":\"https:\\\/\\\/media.radiolitoral.com\\\/wp-content\\\/uploads\\\/2025\\\/02\\\/20172132\\\/PXL_20250218_185118085-scaled.jpg\",\"contentUrl\":\"https:\\\/\\\/media.radiolitoral.com\\\/wp-content\\\/uploads\\\/2025\\\/02\\\/20172132\\\/PXL_20250218_185118085-scaled.jpg\",\"width\":2560,\"height\":1440},{\"@type\":\"BreadcrumbList\",\"@id\":\"https:\\\/\\\/radiolitoral.com\\\/2025\\\/02\\\/jorge-pascual-te-mes-to-en-vessant-politic-que-educatiu\\\/#breadcrumb\",\"itemListElement\":[{\"@type\":\"ListItem\",\"position\":1,\"name\":\"Portada\",\"item\":\"https:\\\/\\\/radiolitoral.com\\\/\"},{\"@type\":\"ListItem\",\"position\":2,\"name\":\"Jorge Pascual: \u00abT\u00e9 m\u00e9s to en vessant pol\u00edtic que educatiu\u00bb\"}]},{\"@type\":\"WebSite\",\"@id\":\"https:\\\/\\\/radiolitoral.com\\\/#website\",\"url\":\"https:\\\/\\\/radiolitoral.com\\\/\",\"name\":\"Radio Litoral\",\"description\":\"La radio local de la Marina Alta\",\"publisher\":{\"@id\":\"https:\\\/\\\/radiolitoral.com\\\/#organization\"},\"alternateName\":\"Litoral FM\",\"potentialAction\":[{\"@type\":\"SearchAction\",\"target\":{\"@type\":\"EntryPoint\",\"urlTemplate\":\"https:\\\/\\\/radiolitoral.com\\\/?s={search_term_string}\"},\"query-input\":{\"@type\":\"PropertyValueSpecification\",\"valueRequired\":true,\"valueName\":\"search_term_string\"}}],\"inLanguage\":\"ca\"},{\"@type\":\"Organization\",\"@id\":\"https:\\\/\\\/radiolitoral.com\\\/#organization\",\"name\":\"Radio Litoral\",\"url\":\"https:\\\/\\\/radiolitoral.com\\\/\",\"logo\":{\"@type\":\"ImageObject\",\"inLanguage\":\"ca\",\"@id\":\"https:\\\/\\\/radiolitoral.com\\\/#\\\/schema\\\/logo\\\/image\\\/\",\"url\":\"https:\\\/\\\/media.radiolitoral.com\\\/wp-content\\\/uploads\\\/2023\\\/02\\\/24143238\\\/CL-V-RadioLitoral696.png\",\"contentUrl\":\"https:\\\/\\\/media.radiolitoral.com\\\/wp-content\\\/uploads\\\/2023\\\/02\\\/24143238\\\/CL-V-RadioLitoral696.png\",\"width\":696,\"height\":696,\"caption\":\"Radio Litoral\"},\"image\":{\"@id\":\"https:\\\/\\\/radiolitoral.com\\\/#\\\/schema\\\/logo\\\/image\\\/\"},\"sameAs\":[\"https:\\\/\\\/www.facebook.com\\\/Laradiolitoral\\\/\"]},{\"@type\":\"Person\",\"@id\":\"https:\\\/\\\/radiolitoral.com\\\/#\\\/schema\\\/person\\\/96b739642eb3bedb532aac3812d23307\",\"name\":\"Redacci\u00f3n\",\"image\":{\"@type\":\"ImageObject\",\"inLanguage\":\"ca\",\"@id\":\"https:\\\/\\\/secure.gravatar.com\\\/avatar\\\/30cd06129ee90411dd9c7cbdcf17464181d1a3c7b072e92070ea75a25cf0097e?s=96&d=mm&r=g\",\"url\":\"https:\\\/\\\/secure.gravatar.com\\\/avatar\\\/30cd06129ee90411dd9c7cbdcf17464181d1a3c7b072e92070ea75a25cf0097e?s=96&d=mm&r=g\",\"contentUrl\":\"https:\\\/\\\/secure.gravatar.com\\\/avatar\\\/30cd06129ee90411dd9c7cbdcf17464181d1a3c7b072e92070ea75a25cf0097e?s=96&d=mm&r=g\",\"caption\":\"Redacci\u00f3n\"},\"url\":\"https:\\\/\\\/radiolitoral.com\\\/ca\\\/author\\\/kevin-carrio\\\/\"}]}<\/script>\n<!-- \/ Yoast SEO plugin. -->","yoast_head_json":{"title":"Jorge Pascual: &quot;T\u00e9 m\u00e9s to en vessant pol\u00edtic que no pas educatiu&quot; | R\u00e0dio Litoral","description":"Benitatxell defensa el valenci\u00e0 i rechaza la consulta de la Generalitat","robots":{"index":"index","follow":"follow","max-snippet":"max-snippet:-1","max-image-preview":"max-image-preview:large","max-video-preview":"max-video-preview:-1"},"canonical":"https:\/\/radiolitoral.com\/ca\/2025\/02\/jorge-pascual-et-mes-to-en-vessant-politic-que-educatiu\/","og_locale":"ca_ES","og_type":"article","og_title":"Jorge Pascual: \"T\u00e9 m\u00e9s to en vessant pol\u00edtic que educatiu\" | R\u00e0dio Litoral","og_description":"Benitatxell defensa el valenci\u00e0 i rebutja la consulta de la Generalitat","og_url":"https:\/\/radiolitoral.com\/ca\/2025\/02\/jorge-pascual-et-mes-to-en-vessant-politic-que-educatiu\/","og_site_name":"R\u00e0dio Litoral","article_publisher":"https:\/\/www.facebook.com\/Laradiolitoral\/","article_published_time":"2025-02-20T16:23:03+00:00","og_image":[{"width":2560,"height":1440,"url":"https:\/\/media.radiolitoral.com\/wp-content\/uploads\/2025\/02\/20172132\/PXL_20250218_185118085-scaled.jpg","type":"image\/jpeg"}],"author":"Redacci\u00f3n","twitter_card":"summary_large_image","twitter_misc":{"Escrit per":"Redacci\u00f3n","Temps estimat de lectura":"2 minuts"},"schema":{"@context":"https:\/\/schema.org","@graph":[{"@type":"NewsArticle","@id":"https:\/\/radiolitoral.com\/2025\/02\/jorge-pascual-te-mes-to-en-vessant-politic-que-educatiu\/#article","isPartOf":{"@id":"https:\/\/radiolitoral.com\/2025\/02\/jorge-pascual-te-mes-to-en-vessant-politic-que-educatiu\/"},"author":{"name":"Redacci\u00f3n","@id":"https:\/\/radiolitoral.com\/#\/schema\/person\/96b739642eb3bedb532aac3812d23307"},"headline":"Jorge Pascual: \u00abT\u00e9 m\u00e9s to en vessant pol\u00edtic que educatiu\u00bb","datePublished":"2025-02-20T16:23:03+00:00","mainEntityOfPage":{"@id":"https:\/\/radiolitoral.com\/2025\/02\/jorge-pascual-te-mes-to-en-vessant-politic-que-educatiu\/"},"wordCount":296,"commentCount":0,"publisher":{"@id":"https:\/\/radiolitoral.com\/#organization"},"image":{"@id":"https:\/\/radiolitoral.com\/2025\/02\/jorge-pascual-te-mes-to-en-vessant-politic-que-educatiu\/#primaryimage"},"thumbnailUrl":"https:\/\/media.radiolitoral.com\/wp-content\/uploads\/2025\/02\/20172132\/PXL_20250218_185118085-scaled.jpg","keywords":["Benitatxell","consulta educativa","educaci\u00f3n","Jorge Pascual","valenciano"],"articleSection":["Entrevistas"],"inLanguage":"ca","potentialAction":[{"@type":"CommentAction","name":"Comment","target":["https:\/\/radiolitoral.com\/2025\/02\/jorge-pascual-te-mes-to-en-vessant-politic-que-educatiu\/#respond"]}]},{"@type":["WebPage","ItemPage"],"@id":"https:\/\/radiolitoral.com\/2025\/02\/jorge-pascual-te-mes-to-en-vessant-politic-que-educatiu\/","url":"https:\/\/radiolitoral.com\/2025\/02\/jorge-pascual-te-mes-to-en-vessant-politic-que-educatiu\/","name":"Jorge Pascual: &quot;T\u00e9 m\u00e9s to en vessant pol\u00edtic que no pas educatiu&quot; | R\u00e0dio Litoral","isPartOf":{"@id":"https:\/\/radiolitoral.com\/#website"},"primaryImageOfPage":{"@id":"https:\/\/radiolitoral.com\/2025\/02\/jorge-pascual-te-mes-to-en-vessant-politic-que-educatiu\/#primaryimage"},"image":{"@id":"https:\/\/radiolitoral.com\/2025\/02\/jorge-pascual-te-mes-to-en-vessant-politic-que-educatiu\/#primaryimage"},"thumbnailUrl":"https:\/\/media.radiolitoral.com\/wp-content\/uploads\/2025\/02\/20172132\/PXL_20250218_185118085-scaled.jpg","datePublished":"2025-02-20T16:23:03+00:00","description":"Benitatxell defensa el valenci\u00e0 i rechaza la consulta de la Generalitat","breadcrumb":{"@id":"https:\/\/radiolitoral.com\/2025\/02\/jorge-pascual-te-mes-to-en-vessant-politic-que-educatiu\/#breadcrumb"},"inLanguage":"ca","potentialAction":[{"@type":"ReadAction","target":["https:\/\/radiolitoral.com\/2025\/02\/jorge-pascual-te-mes-to-en-vessant-politic-que-educatiu\/"]}]},{"@type":"ImageObject","inLanguage":"ca","@id":"https:\/\/radiolitoral.com\/2025\/02\/jorge-pascual-te-mes-to-en-vessant-politic-que-educatiu\/#primaryimage","url":"https:\/\/media.radiolitoral.com\/wp-content\/uploads\/2025\/02\/20172132\/PXL_20250218_185118085-scaled.jpg","contentUrl":"https:\/\/media.radiolitoral.com\/wp-content\/uploads\/2025\/02\/20172132\/PXL_20250218_185118085-scaled.jpg","width":2560,"height":1440},{"@type":"BreadcrumbList","@id":"https:\/\/radiolitoral.com\/2025\/02\/jorge-pascual-te-mes-to-en-vessant-politic-que-educatiu\/#breadcrumb","itemListElement":[{"@type":"ListItem","position":1,"name":"Portada","item":"https:\/\/radiolitoral.com\/"},{"@type":"ListItem","position":2,"name":"Jorge Pascual: \u00abT\u00e9 m\u00e9s to en vessant pol\u00edtic que educatiu\u00bb"}]},{"@type":"WebSite","@id":"https:\/\/radiolitoral.com\/#website","url":"https:\/\/radiolitoral.com\/","name":"R\u00e0dio Litoral","description":"La r\u00e0dio local de la Marina Alta","publisher":{"@id":"https:\/\/radiolitoral.com\/#organization"},"alternateName":"Litoral FM","potentialAction":[{"@type":"SearchAction","target":{"@type":"EntryPoint","urlTemplate":"https:\/\/radiolitoral.com\/?s={search_term_string}"},"query-input":{"@type":"PropertyValueSpecification","valueRequired":true,"valueName":"search_term_string"}}],"inLanguage":"ca"},{"@type":"Organization","@id":"https:\/\/radiolitoral.com\/#organization","name":"R\u00e0dio Litoral","url":"https:\/\/radiolitoral.com\/","logo":{"@type":"ImageObject","inLanguage":"ca","@id":"https:\/\/radiolitoral.com\/#\/schema\/logo\/image\/","url":"https:\/\/media.radiolitoral.com\/wp-content\/uploads\/2023\/02\/24143238\/CL-V-RadioLitoral696.png","contentUrl":"https:\/\/media.radiolitoral.com\/wp-content\/uploads\/2023\/02\/24143238\/CL-V-RadioLitoral696.png","width":696,"height":696,"caption":"Radio Litoral"},"image":{"@id":"https:\/\/radiolitoral.com\/#\/schema\/logo\/image\/"},"sameAs":["https:\/\/www.facebook.com\/Laradiolitoral\/"]},{"@type":"Person","@id":"https:\/\/radiolitoral.com\/#\/schema\/person\/96b739642eb3bedb532aac3812d23307","name":"Redacci\u00f3","image":{"@type":"ImageObject","inLanguage":"ca","@id":"https:\/\/secure.gravatar.com\/avatar\/30cd06129ee90411dd9c7cbdcf17464181d1a3c7b072e92070ea75a25cf0097e?s=96&d=mm&r=g","url":"https:\/\/secure.gravatar.com\/avatar\/30cd06129ee90411dd9c7cbdcf17464181d1a3c7b072e92070ea75a25cf0097e?s=96&d=mm&r=g","contentUrl":"https:\/\/secure.gravatar.com\/avatar\/30cd06129ee90411dd9c7cbdcf17464181d1a3c7b072e92070ea75a25cf0097e?s=96&d=mm&r=g","caption":"Redacci\u00f3n"},"url":"https:\/\/radiolitoral.com\/ca\/author\/kevin-carrio\/"}]}},"_links":{"self":[{"href":"https:\/\/radiolitoral.com\/ca\/wp-json\/wp\/v2\/posts\/15110","targetHints":{"allow":["GET"]}}],"collection":[{"href":"https:\/\/radiolitoral.com\/ca\/wp-json\/wp\/v2\/posts"}],"about":[{"href":"https:\/\/radiolitoral.com\/ca\/wp-json\/wp\/v2\/types\/post"}],"author":[{"embeddable":true,"href":"https:\/\/radiolitoral.com\/ca\/wp-json\/wp\/v2\/users\/14"}],"replies":[{"embeddable":true,"href":"https:\/\/radiolitoral.com\/ca\/wp-json\/wp\/v2\/comments?post=15110"}],"version-history":[{"count":1,"href":"https:\/\/radiolitoral.com\/ca\/wp-json\/wp\/v2\/posts\/15110\/revisions"}],"predecessor-version":[{"id":15114,"href":"https:\/\/radiolitoral.com\/ca\/wp-json\/wp\/v2\/posts\/15110\/revisions\/15114"}],"wp:featuredmedia":[{"embeddable":true,"href":"https:\/\/radiolitoral.com\/ca\/wp-json\/wp\/v2\/media\/15113"}],"wp:attachment":[{"href":"https:\/\/radiolitoral.com\/ca\/wp-json\/wp\/v2\/media?parent=15110"}],"wp:term":[{"taxonomy":"category","embeddable":true,"href":"https:\/\/radiolitoral.com\/ca\/wp-json\/wp\/v2\/categories?post=15110"},{"taxonomy":"post_tag","embeddable":true,"href":"https:\/\/radiolitoral.com\/ca\/wp-json\/wp\/v2\/tags?post=15110"}],"curies":[{"name":"wp","href":"https:\/\/api.w.org\/{rel}","templated":true}]}}