{"id":15095,"date":"2025-02-20T10:47:20","date_gmt":"2025-02-20T09:47:20","guid":{"rendered":"https:\/\/radiolitoral.com\/?p=15095"},"modified":"2025-02-20T10:47:20","modified_gmt":"2025-02-20T09:47:20","slug":"les-xiques-del-rcn-calp-sextes-a-la-regata-dalacant","status":"publish","type":"post","link":"https:\/\/radiolitoral.com\/ca\/2025\/02\/les-xiques-del-rcn-calpe-sisenes-en-la-regata-dalacant\/","title":{"rendered":"Les xiques del RCN Calp sextes a la regata d&#039;Alacant"},"content":{"rendered":"<article class=\"w-full text-token-text-primary focus-visible:outline-2 focus-visible:outline-offset-[-4px]\" dir=\"auto\" data-testid=\"conversation-turn-149\" data-scroll-anchor=\"true\">\n<div class=\"m-auto text-base py-[18px] px-6\">\n<div class=\"mx-auto flex flex-1 text-base gap-4 md:gap-5 lg:gap-6 md:max-w-3xl lg:max-w-[40rem] xl:max-w-[48rem]\">\n<div class=\"group\/conversation-turn relative flex w-full min-w-0 flex-col agent-turn @xs\/thread:px-0 @sm\/thread:px-1.5 @md\/thread:px-4\">\n<div class=\"text-center\">\n<article class=\"w-full text-token-text-primary focus-visible:outline-2 focus-visible:outline-offset-[-4px]\" dir=\"auto\" data-testid=\"conversation-turn-151\" data-scroll-anchor=\"true\">\n<div class=\"m-auto text-base py-[18px] px-6\">\n<div class=\"mx-auto flex flex-1 text-base gap-4 md:gap-5 lg:gap-6 md:max-w-3xl lg:max-w-[40rem] xl:max-w-[48rem]\">\n<div class=\"group\/conversation-turn relative flex w-full min-w-0 flex-col agent-turn @xs\/thread:px-0 @sm\/thread:px-1.5 @md\/thread:px-4\">\n<div class=\"flex-col gap-1 md:gap-3\">\n<div class=\"flex max-w-full flex-col flex-grow\">\n<div class=\"min-h-8 text-message flex w-full flex-col items-end gap-2 whitespace-normal break-words text-start [.text-message+&amp;]:mt-5\" dir=\"auto\" data-message-author-role=\"assistant\" data-message-id=\"a265e8d9-e83e-4b82-b7e5-347cec124ccd\" data-message-model-slug=\"gpt-4o\">\n<div class=\"flex w-full flex-col gap-1 empty:hidden first:pt-[3px]\">\n<div class=\"markdown prose w-full break-words dark:prose-invert light\">\n<p data-start=\"187\" data-end=\"421\">El <strong data-start=\"190\" data-end=\"214\">Club Regates Alacant<\/strong> va ser l\u2019escenari de la cinquena regata de la <strong data-start=\"261\" data-end=\"302\">Lliga Suma Banco Fijo del Mediterrani<\/strong>, una cita que va reunir els millors equips de la Comunitat Valenciana en una competici\u00f3 plena de nivell i exig\u00e8ncia.<\/p>\n<p data-start=\"423\" data-end=\"657\">L\u2019equip <strong data-start=\"431\" data-end=\"449\">Absolut Femen\u00ed<\/strong> del <strong data-start=\"454\" data-end=\"479\">Real Club N\u00e0utico Calpe<\/strong> va aconseguir una merit\u00f2ria <strong data-start=\"508\" data-end=\"526\">sisena posici\u00f3<\/strong>, mentre que en la categoria <strong data-start=\"555\" data-end=\"567\">Veterans<\/strong> la formaci\u00f3 calpina va finalitzar <strong data-start=\"602\" data-end=\"612\">desena<\/strong> i en <strong data-start=\"618\" data-end=\"631\">Veteranes<\/strong>, en el lloc <strong data-start=\"644\" data-end=\"654\">tretz\u00e9<\/strong>.<\/p>\n<figure id=\"attachment_15097\" aria-describedby=\"caption-attachment-15097\" style=\"width: 1325px\" class=\"wp-caption alignnone\"><img loading=\"lazy\" decoding=\"async\" class=\"wp-image-15097 size-full\" src=\"https:\/\/media.radiolitoral.com\/wp-content\/uploads\/2025\/02\/20104631\/Representantes-del-RCN-Calpe-en-Alicante.jpg\" alt=\"\" width=\"1325\" height=\"838\" srcset=\"https:\/\/media.radiolitoral.com\/wp-content\/uploads\/2025\/02\/20104631\/Representantes-del-RCN-Calpe-en-Alicante.jpg 1325w, https:\/\/media.radiolitoral.com\/wp-content\/uploads\/2025\/02\/20104631\/Representantes-del-RCN-Calpe-en-Alicante-300x190.jpg 300w, https:\/\/media.radiolitoral.com\/wp-content\/uploads\/2025\/02\/20104631\/Representantes-del-RCN-Calpe-en-Alicante-1024x648.jpg 1024w, https:\/\/media.radiolitoral.com\/wp-content\/uploads\/2025\/02\/20104631\/Representantes-del-RCN-Calpe-en-Alicante-768x486.jpg 768w, https:\/\/media.radiolitoral.com\/wp-content\/uploads\/2025\/02\/20104631\/Representantes-del-RCN-Calpe-en-Alicante-18x12.jpg 18w, https:\/\/media.radiolitoral.com\/wp-content\/uploads\/2025\/02\/20104631\/Representantes-del-RCN-Calpe-en-Alicante-1000x632.jpg 1000w, https:\/\/media.radiolitoral.com\/wp-content\/uploads\/2025\/02\/20104631\/Representantes-del-RCN-Calpe-en-Alicante-100x63.jpg 100w, https:\/\/media.radiolitoral.com\/wp-content\/uploads\/2025\/02\/20104631\/Representantes-del-RCN-Calpe-en-Alicante-200x126.jpg 200w\" sizes=\"auto, (max-width: 1325px) 100vw, 1325px\" \/><figcaption id=\"caption-attachment-15097\" class=\"wp-caption-text\">Representants del RCN Calpe a Alacant | RCN Calpe<\/figcaption><\/figure>\n<p data-start=\"659\" data-end=\"1114\">El <strong data-start=\"662\" data-end=\"686\">Club Regates Alicante<\/strong>, com a amfitri\u00f3, va demostrar el seu potencial aconseguint la vict\u00f2ria en <strong data-start=\"761\" data-end=\"787\">les dues proves cadets<\/strong> i en la competici\u00f3 de <strong data-start=\"810\" data-end=\"829\">juvenil mascul\u00ed<\/strong>. En la prova femenina juvenil, la vict\u00f2ria va ser per al <strong data-start=\"887\" data-end=\"913\">Club N\u00e0utico Santa Pola<\/strong>. A m\u00e9s, el conjunt alacant\u00ed va liderar la regata en la categoria <strong data-start=\"979\" data-end=\"986\">SCM<\/strong>, mentre que en <strong data-start=\"1002\" data-end=\"1027\">Mixta G\u00e8nere Promoci\u00f3<\/strong>, un representant del <strong data-start=\"1049\" data-end=\"1078\">Real Club N\u00e0utico Val\u00e8ncia<\/strong> va tindre una actuaci\u00f3 destacada.<\/p>\n<p data-start=\"1116\" data-end=\"1257\">En la modalitat <strong data-start=\"1132\" data-end=\"1160\">Mixta Categoria Promoci\u00f3<\/strong>, valencians i santapolers van demostrar la seua fortalesa i es van repartir els primers llocs.<\/p>\n<p data-start=\"1259\" data-end=\"1524\">En la categoria <strong data-start=\"1275\" data-end=\"1297\">Absoluta Masculina<\/strong>, la vict\u00f2ria va ser per al <strong data-start=\"1325\" data-end=\"1354\">Real Club N\u00e1utico Val\u00e8ncia<\/strong>, mentre que en la modalitat <strong data-start=\"1383\" data-end=\"1396\">Veteranes<\/strong>, el triomf va ser per al <strong data-start=\"1422\" data-end=\"1447\">Club Rem Marina D\u00e9nia<\/strong>, i en <strong data-start=\"1454\" data-end=\"1466\">Veterans<\/strong>, el primer lloc va ser per al <strong data-start=\"1497\" data-end=\"1521\">Club Regates Alicante<\/strong>.<\/p>\n<p data-start=\"1526\" data-end=\"1756\" data-is-last-node=\"\" data-is-only-node=\"\">La <strong data-start=\"1529\" data-end=\"1570\">Lliga Suma Banco Fijo del Mediterrani<\/strong> continua amb la seua sisena regata, que es disputar\u00e0 aquest <strong data-start=\"1631\" data-end=\"1643\">diumenge<\/strong> al <strong data-start=\"1647\" data-end=\"1672\">Real Club N\u00e1utico Calpe<\/strong>, que ser\u00e0 l\u2019amfitri\u00f3 d\u2019una nova jornada de competici\u00f3 des de primera hora del mat\u00ed.<\/p>\n<\/div>\n<\/div>\n<\/div>\n<\/div>\n<\/div>\n<div class=\"absolute\">\n<div class=\"flex items-center justify-center\"><\/div>\n<\/div>\n<\/div>\n<\/div>\n<\/div>\n<\/article>\n<div class=\"pointer-events-none h-px w-px\" aria-hidden=\"true\" data-edge=\"true\"><\/div>\n<\/div>\n<div class=\"absolute\">\n<div class=\"flex items-center justify-center\"><\/div>\n<\/div>\n<\/div>\n<\/div>\n<\/div>\n<\/article>\n<div class=\"pointer-events-none h-px w-px\" aria-hidden=\"true\" data-edge=\"true\"><\/div>\n<p><script src=\"chrome-extension:\/\/flbolonkboilcbnohjlchlfgdalomdpl\/iFrame.js\" type=\"text\/javascript\"><\/script><\/p>\n","protected":false},"excerpt":{"rendered":"<p>El Club Regates Alacant va ser l\u2019escenari de la cinquena regata de la Lliga Suma Banco Fijo del Mediterrani, una cita que va reunir els millors equips de la Comunitat Valenciana en una competici\u00f3 plena de nivell i exig\u00e8ncia. L\u2019equip Absolut Femen\u00ed del Real Club N\u00e0utico Calpe va aconseguir una merit\u00f2ria sisena posici\u00f3, mentre que [&#8230;]<\/p>\n<p><a class=\"btn btn-secondary understrap-read-more-link\" href=\"https:\/\/radiolitoral.com\/ca\/2025\/02\/les-xiques-del-rcn-calpe-sisenes-en-la-regata-dalacant\/\">Continua llegint&#8230;<span class=\"screen-reader-text\"> from Les xiques del RCN Calpe sisenes en la regata d&#8217;Alacant<\/span><\/a><\/p>\n","protected":false},"author":12,"featured_media":15096,"comment_status":"open","ping_status":"closed","sticky":false,"template":"","format":"standard","meta":{"_acf_changed":false,"inline_featured_image":false,"footnotes":""},"categories":[5],"tags":[3756,6,3755,1048,3347,3320],"class_list":["post-15095","post","type-post","status-publish","format-standard","has-post-thumbnail","hentry","category-deportes","tag-club-nautico-santa-pola","tag-deportes","tag-lliga-suma-banco-fijo-del-mediterrani","tag-real-club-nautico-calpe","tag-real-club-nautico-valencia","tag-universitat-dalacant","cobertura-calp"],"acf":[],"yoast_head":"<!-- This site is optimized with the Yoast SEO plugin v27.5 - https:\/\/yoast.com\/product\/yoast-seo-wordpress\/ -->\n<title>Les xiques del RCN Calpe sisenes en la regata d&#039;Alacant | R\u00e0dio Litoral<\/title>\n<meta name=\"description\" content=\"Este diumenge a Calp tindr\u00e0 lloc la VI prova de la Lliga Suma Banc Fix del MediterraniEste diumenge a Calp tindr\u00e0 lloc la VI prova de la Lliga Suma Banc Fix del Mediterrani\" \/>\n<meta name=\"robots\" content=\"index, follow, max-snippet:-1, max-image-preview:large, max-video-preview:-1\" \/>\n<link rel=\"canonical\" href=\"https:\/\/radiolitoral.com\/ca\/2025\/02\/les-xiques-del-rcn-calp-sextes-a-la-regata-dalacant\/\" \/>\n<meta property=\"og:locale\" content=\"ca_ES\" \/>\n<meta property=\"og:type\" content=\"article\" \/>\n<meta property=\"og:title\" content=\"Les xiques del RCN Calpe sisenes en la regata d&#039;Alacant | R\u00e0dio Litoral\" \/>\n<meta property=\"og:description\" content=\"Este diumenge a Calp tindr\u00e0 lloc la VI prova de la Lliga Suma Banc Fix del MediterraniEste diumenge a Calp tindr\u00e0 lloc la VI prova de la Lliga Suma Banc Fix del Mediterrani\" \/>\n<meta property=\"og:url\" content=\"https:\/\/radiolitoral.com\/ca\/2025\/02\/les-xiques-del-rcn-calp-sextes-a-la-regata-dalacant\/\" \/>\n<meta property=\"og:site_name\" content=\"R\u00e0dio Litoral\" \/>\n<meta property=\"article:publisher\" content=\"https:\/\/www.facebook.com\/Laradiolitoral\/\" \/>\n<meta property=\"article:published_time\" content=\"2025-02-20T09:47:20+00:00\" \/>\n<meta property=\"og:image\" content=\"https:\/\/media.radiolitoral.com\/wp-content\/uploads\/2025\/02\/20104608\/Equipo-femenino-del-RCN-Calpe.jpg\" \/>\n\t<meta property=\"og:image:width\" content=\"1893\" \/>\n\t<meta property=\"og:image:height\" content=\"992\" \/>\n\t<meta property=\"og:image:type\" content=\"image\/jpeg\" \/>\n<meta name=\"author\" content=\"Javier Zamora\" \/>\n<meta name=\"twitter:card\" content=\"summary_large_image\" \/>\n<meta name=\"twitter:label1\" content=\"Escrit per\" \/>\n\t<meta name=\"twitter:data1\" content=\"Javier Zamora\" \/>\n\t<meta name=\"twitter:label2\" content=\"Temps estimat de lectura\" \/>\n\t<meta name=\"twitter:data2\" content=\"2 minuts\" \/>\n<script type=\"application\/ld+json\" class=\"yoast-schema-graph\">{\"@context\":\"https:\\\/\\\/schema.org\",\"@graph\":[{\"@type\":\"NewsArticle\",\"@id\":\"https:\\\/\\\/radiolitoral.com\\\/2025\\\/02\\\/les-xiques-del-rcn-calpe-sisenes-en-la-regata-dalacant\\\/#article\",\"isPartOf\":{\"@id\":\"https:\\\/\\\/radiolitoral.com\\\/2025\\\/02\\\/les-xiques-del-rcn-calpe-sisenes-en-la-regata-dalacant\\\/\"},\"author\":{\"name\":\"Javier Zamora\",\"@id\":\"https:\\\/\\\/radiolitoral.com\\\/#\\\/schema\\\/person\\\/7b1480b5caeb5acdd4ec6379caf62b22\"},\"headline\":\"Les xiques del RCN Calpe sisenes en la regata d&#8217;Alacant\",\"datePublished\":\"2025-02-20T09:47:20+00:00\",\"mainEntityOfPage\":{\"@id\":\"https:\\\/\\\/radiolitoral.com\\\/2025\\\/02\\\/les-xiques-del-rcn-calpe-sisenes-en-la-regata-dalacant\\\/\"},\"wordCount\":292,\"commentCount\":0,\"publisher\":{\"@id\":\"https:\\\/\\\/radiolitoral.com\\\/#organization\"},\"image\":{\"@id\":\"https:\\\/\\\/radiolitoral.com\\\/2025\\\/02\\\/les-xiques-del-rcn-calpe-sisenes-en-la-regata-dalacant\\\/#primaryimage\"},\"thumbnailUrl\":\"https:\\\/\\\/media.radiolitoral.com\\\/wp-content\\\/uploads\\\/2025\\\/02\\\/20104608\\\/Equipo-femenino-del-RCN-Calpe.jpg\",\"keywords\":[\"Club N\u00e0utico Santa Pola\",\"deportes\",\"Lliga Suma Banco Fijo del Mediterrani\",\"Real Club N\u00e1utico Calpe\",\"Real Club N\u00e1utico Val\u00e8ncia\",\"Universitat d'Alacant\"],\"articleSection\":[\"Deportes\"],\"inLanguage\":\"ca\",\"potentialAction\":[{\"@type\":\"CommentAction\",\"name\":\"Comment\",\"target\":[\"https:\\\/\\\/radiolitoral.com\\\/2025\\\/02\\\/les-xiques-del-rcn-calpe-sisenes-en-la-regata-dalacant\\\/#respond\"]}]},{\"@type\":[\"WebPage\",\"ItemPage\"],\"@id\":\"https:\\\/\\\/radiolitoral.com\\\/2025\\\/02\\\/les-xiques-del-rcn-calpe-sisenes-en-la-regata-dalacant\\\/\",\"url\":\"https:\\\/\\\/radiolitoral.com\\\/2025\\\/02\\\/les-xiques-del-rcn-calpe-sisenes-en-la-regata-dalacant\\\/\",\"name\":\"Les xiques del RCN Calpe sisenes en la regata d'Alacant | R\u00e0dio Litoral\",\"isPartOf\":{\"@id\":\"https:\\\/\\\/radiolitoral.com\\\/#website\"},\"primaryImageOfPage\":{\"@id\":\"https:\\\/\\\/radiolitoral.com\\\/2025\\\/02\\\/les-xiques-del-rcn-calpe-sisenes-en-la-regata-dalacant\\\/#primaryimage\"},\"image\":{\"@id\":\"https:\\\/\\\/radiolitoral.com\\\/2025\\\/02\\\/les-xiques-del-rcn-calpe-sisenes-en-la-regata-dalacant\\\/#primaryimage\"},\"thumbnailUrl\":\"https:\\\/\\\/media.radiolitoral.com\\\/wp-content\\\/uploads\\\/2025\\\/02\\\/20104608\\\/Equipo-femenino-del-RCN-Calpe.jpg\",\"datePublished\":\"2025-02-20T09:47:20+00:00\",\"description\":\"Este diumenge a Calp tindr\u00e0 lloc la VI prova de la Lliga Suma Banc Fix del MediterraniEste diumenge a Calp tindr\u00e0 lloc la VI prova de la Lliga Suma Banc Fix del Mediterrani\",\"breadcrumb\":{\"@id\":\"https:\\\/\\\/radiolitoral.com\\\/2025\\\/02\\\/les-xiques-del-rcn-calpe-sisenes-en-la-regata-dalacant\\\/#breadcrumb\"},\"inLanguage\":\"ca\",\"potentialAction\":[{\"@type\":\"ReadAction\",\"target\":[\"https:\\\/\\\/radiolitoral.com\\\/2025\\\/02\\\/les-xiques-del-rcn-calpe-sisenes-en-la-regata-dalacant\\\/\"]}]},{\"@type\":\"ImageObject\",\"inLanguage\":\"ca\",\"@id\":\"https:\\\/\\\/radiolitoral.com\\\/2025\\\/02\\\/les-xiques-del-rcn-calpe-sisenes-en-la-regata-dalacant\\\/#primaryimage\",\"url\":\"https:\\\/\\\/media.radiolitoral.com\\\/wp-content\\\/uploads\\\/2025\\\/02\\\/20104608\\\/Equipo-femenino-del-RCN-Calpe.jpg\",\"contentUrl\":\"https:\\\/\\\/media.radiolitoral.com\\\/wp-content\\\/uploads\\\/2025\\\/02\\\/20104608\\\/Equipo-femenino-del-RCN-Calpe.jpg\",\"width\":1893,\"height\":992},{\"@type\":\"BreadcrumbList\",\"@id\":\"https:\\\/\\\/radiolitoral.com\\\/2025\\\/02\\\/les-xiques-del-rcn-calpe-sisenes-en-la-regata-dalacant\\\/#breadcrumb\",\"itemListElement\":[{\"@type\":\"ListItem\",\"position\":1,\"name\":\"Portada\",\"item\":\"https:\\\/\\\/radiolitoral.com\\\/\"},{\"@type\":\"ListItem\",\"position\":2,\"name\":\"Les xiques del RCN Calpe sisenes en la regata d&#8217;Alacant\"}]},{\"@type\":\"WebSite\",\"@id\":\"https:\\\/\\\/radiolitoral.com\\\/#website\",\"url\":\"https:\\\/\\\/radiolitoral.com\\\/\",\"name\":\"Radio Litoral\",\"description\":\"La radio local de la Marina Alta\",\"publisher\":{\"@id\":\"https:\\\/\\\/radiolitoral.com\\\/#organization\"},\"alternateName\":\"Litoral FM\",\"potentialAction\":[{\"@type\":\"SearchAction\",\"target\":{\"@type\":\"EntryPoint\",\"urlTemplate\":\"https:\\\/\\\/radiolitoral.com\\\/?s={search_term_string}\"},\"query-input\":{\"@type\":\"PropertyValueSpecification\",\"valueRequired\":true,\"valueName\":\"search_term_string\"}}],\"inLanguage\":\"ca\"},{\"@type\":\"Organization\",\"@id\":\"https:\\\/\\\/radiolitoral.com\\\/#organization\",\"name\":\"Radio Litoral\",\"url\":\"https:\\\/\\\/radiolitoral.com\\\/\",\"logo\":{\"@type\":\"ImageObject\",\"inLanguage\":\"ca\",\"@id\":\"https:\\\/\\\/radiolitoral.com\\\/#\\\/schema\\\/logo\\\/image\\\/\",\"url\":\"https:\\\/\\\/media.radiolitoral.com\\\/wp-content\\\/uploads\\\/2023\\\/02\\\/24143238\\\/CL-V-RadioLitoral696.png\",\"contentUrl\":\"https:\\\/\\\/media.radiolitoral.com\\\/wp-content\\\/uploads\\\/2023\\\/02\\\/24143238\\\/CL-V-RadioLitoral696.png\",\"width\":696,\"height\":696,\"caption\":\"Radio Litoral\"},\"image\":{\"@id\":\"https:\\\/\\\/radiolitoral.com\\\/#\\\/schema\\\/logo\\\/image\\\/\"},\"sameAs\":[\"https:\\\/\\\/www.facebook.com\\\/Laradiolitoral\\\/\"]},{\"@type\":\"Person\",\"@id\":\"https:\\\/\\\/radiolitoral.com\\\/#\\\/schema\\\/person\\\/7b1480b5caeb5acdd4ec6379caf62b22\",\"name\":\"Javier Zamora\",\"image\":{\"@type\":\"ImageObject\",\"inLanguage\":\"ca\",\"@id\":\"https:\\\/\\\/secure.gravatar.com\\\/avatar\\\/467a11f6918c7d619c4043fc6fa2d3853053107973f05b6e9c04ea6c4e3a7b3f?s=96&d=mm&r=g\",\"url\":\"https:\\\/\\\/secure.gravatar.com\\\/avatar\\\/467a11f6918c7d619c4043fc6fa2d3853053107973f05b6e9c04ea6c4e3a7b3f?s=96&d=mm&r=g\",\"contentUrl\":\"https:\\\/\\\/secure.gravatar.com\\\/avatar\\\/467a11f6918c7d619c4043fc6fa2d3853053107973f05b6e9c04ea6c4e3a7b3f?s=96&d=mm&r=g\",\"caption\":\"Javier Zamora\"},\"url\":\"https:\\\/\\\/radiolitoral.com\\\/ca\\\/author\\\/javier-zamora\\\/\"}]}<\/script>\n<!-- \/ Yoast SEO plugin. -->","yoast_head_json":{"title":"Les xiques del RCN Calp sextes a la regata d&#039;Alacant | R\u00e0dio Litoral","description":"Aquest diumenge a Calp tindr\u00e0 lloc la VI prova de la Lliga Suma Banc Fix del Mediterrani Aquest diumenge a Calp tindr\u00e0 lloc la VI prova de la Lliga Suma Banc Fix del Mediterrani","robots":{"index":"index","follow":"follow","max-snippet":"max-snippet:-1","max-image-preview":"max-image-preview:large","max-video-preview":"max-video-preview:-1"},"canonical":"https:\/\/radiolitoral.com\/ca\/2025\/02\/les-xiques-del-rcn-calp-sextes-a-la-regata-dalacant\/","og_locale":"ca_ES","og_type":"article","og_title":"Les xiques del RCN Calpe sisenes en la regata d'Alacant | R\u00e0dio Litoral","og_description":"Este diumenge a Calp tindr\u00e0 lloc la VI prova de la Lliga Suma Banc Fix del MediterraniEste diumenge a Calp tindr\u00e0 lloc la VI prova de la Lliga Suma Banc Fix del Mediterrani","og_url":"https:\/\/radiolitoral.com\/ca\/2025\/02\/les-xiques-del-rcn-calp-sextes-a-la-regata-dalacant\/","og_site_name":"R\u00e0dio Litoral","article_publisher":"https:\/\/www.facebook.com\/Laradiolitoral\/","article_published_time":"2025-02-20T09:47:20+00:00","og_image":[{"width":1893,"height":992,"url":"https:\/\/media.radiolitoral.com\/wp-content\/uploads\/2025\/02\/20104608\/Equipo-femenino-del-RCN-Calpe.jpg","type":"image\/jpeg"}],"author":"Javier Zamora","twitter_card":"summary_large_image","twitter_misc":{"Escrit per":"Javier Zamora","Temps estimat de lectura":"2 minuts"},"schema":{"@context":"https:\/\/schema.org","@graph":[{"@type":"NewsArticle","@id":"https:\/\/radiolitoral.com\/2025\/02\/les-xiques-del-rcn-calpe-sisenes-en-la-regata-dalacant\/#article","isPartOf":{"@id":"https:\/\/radiolitoral.com\/2025\/02\/les-xiques-del-rcn-calpe-sisenes-en-la-regata-dalacant\/"},"author":{"name":"Javier Zamora","@id":"https:\/\/radiolitoral.com\/#\/schema\/person\/7b1480b5caeb5acdd4ec6379caf62b22"},"headline":"Les xiques del RCN Calpe sisenes en la regata d&#8217;Alacant","datePublished":"2025-02-20T09:47:20+00:00","mainEntityOfPage":{"@id":"https:\/\/radiolitoral.com\/2025\/02\/les-xiques-del-rcn-calpe-sisenes-en-la-regata-dalacant\/"},"wordCount":292,"commentCount":0,"publisher":{"@id":"https:\/\/radiolitoral.com\/#organization"},"image":{"@id":"https:\/\/radiolitoral.com\/2025\/02\/les-xiques-del-rcn-calpe-sisenes-en-la-regata-dalacant\/#primaryimage"},"thumbnailUrl":"https:\/\/media.radiolitoral.com\/wp-content\/uploads\/2025\/02\/20104608\/Equipo-femenino-del-RCN-Calpe.jpg","keywords":["Club N\u00e0utico Santa Pola","deportes","Lliga Suma Banco Fijo del Mediterrani","Real Club N\u00e1utico Calpe","Real Club N\u00e1utico Val\u00e8ncia","Universitat d'Alacant"],"articleSection":["Deportes"],"inLanguage":"ca","potentialAction":[{"@type":"CommentAction","name":"Comment","target":["https:\/\/radiolitoral.com\/2025\/02\/les-xiques-del-rcn-calpe-sisenes-en-la-regata-dalacant\/#respond"]}]},{"@type":["WebPage","ItemPage"],"@id":"https:\/\/radiolitoral.com\/2025\/02\/les-xiques-del-rcn-calpe-sisenes-en-la-regata-dalacant\/","url":"https:\/\/radiolitoral.com\/2025\/02\/les-xiques-del-rcn-calpe-sisenes-en-la-regata-dalacant\/","name":"Les xiques del RCN Calp sextes a la regata d&#039;Alacant | R\u00e0dio Litoral","isPartOf":{"@id":"https:\/\/radiolitoral.com\/#website"},"primaryImageOfPage":{"@id":"https:\/\/radiolitoral.com\/2025\/02\/les-xiques-del-rcn-calpe-sisenes-en-la-regata-dalacant\/#primaryimage"},"image":{"@id":"https:\/\/radiolitoral.com\/2025\/02\/les-xiques-del-rcn-calpe-sisenes-en-la-regata-dalacant\/#primaryimage"},"thumbnailUrl":"https:\/\/media.radiolitoral.com\/wp-content\/uploads\/2025\/02\/20104608\/Equipo-femenino-del-RCN-Calpe.jpg","datePublished":"2025-02-20T09:47:20+00:00","description":"Aquest diumenge a Calp tindr\u00e0 lloc la VI prova de la Lliga Suma Banc Fix del Mediterrani Aquest diumenge a Calp tindr\u00e0 lloc la VI prova de la Lliga Suma Banc Fix del Mediterrani","breadcrumb":{"@id":"https:\/\/radiolitoral.com\/2025\/02\/les-xiques-del-rcn-calpe-sisenes-en-la-regata-dalacant\/#breadcrumb"},"inLanguage":"ca","potentialAction":[{"@type":"ReadAction","target":["https:\/\/radiolitoral.com\/2025\/02\/les-xiques-del-rcn-calpe-sisenes-en-la-regata-dalacant\/"]}]},{"@type":"ImageObject","inLanguage":"ca","@id":"https:\/\/radiolitoral.com\/2025\/02\/les-xiques-del-rcn-calpe-sisenes-en-la-regata-dalacant\/#primaryimage","url":"https:\/\/media.radiolitoral.com\/wp-content\/uploads\/2025\/02\/20104608\/Equipo-femenino-del-RCN-Calpe.jpg","contentUrl":"https:\/\/media.radiolitoral.com\/wp-content\/uploads\/2025\/02\/20104608\/Equipo-femenino-del-RCN-Calpe.jpg","width":1893,"height":992},{"@type":"BreadcrumbList","@id":"https:\/\/radiolitoral.com\/2025\/02\/les-xiques-del-rcn-calpe-sisenes-en-la-regata-dalacant\/#breadcrumb","itemListElement":[{"@type":"ListItem","position":1,"name":"Portada","item":"https:\/\/radiolitoral.com\/"},{"@type":"ListItem","position":2,"name":"Les xiques del RCN Calpe sisenes en la regata d&#8217;Alacant"}]},{"@type":"WebSite","@id":"https:\/\/radiolitoral.com\/#website","url":"https:\/\/radiolitoral.com\/","name":"R\u00e0dio Litoral","description":"La r\u00e0dio local de la Marina Alta","publisher":{"@id":"https:\/\/radiolitoral.com\/#organization"},"alternateName":"Litoral FM","potentialAction":[{"@type":"SearchAction","target":{"@type":"EntryPoint","urlTemplate":"https:\/\/radiolitoral.com\/?s={search_term_string}"},"query-input":{"@type":"PropertyValueSpecification","valueRequired":true,"valueName":"search_term_string"}}],"inLanguage":"ca"},{"@type":"Organization","@id":"https:\/\/radiolitoral.com\/#organization","name":"R\u00e0dio Litoral","url":"https:\/\/radiolitoral.com\/","logo":{"@type":"ImageObject","inLanguage":"ca","@id":"https:\/\/radiolitoral.com\/#\/schema\/logo\/image\/","url":"https:\/\/media.radiolitoral.com\/wp-content\/uploads\/2023\/02\/24143238\/CL-V-RadioLitoral696.png","contentUrl":"https:\/\/media.radiolitoral.com\/wp-content\/uploads\/2023\/02\/24143238\/CL-V-RadioLitoral696.png","width":696,"height":696,"caption":"Radio Litoral"},"image":{"@id":"https:\/\/radiolitoral.com\/#\/schema\/logo\/image\/"},"sameAs":["https:\/\/www.facebook.com\/Laradiolitoral\/"]},{"@type":"Person","@id":"https:\/\/radiolitoral.com\/#\/schema\/person\/7b1480b5caeb5acdd4ec6379caf62b22","name":"Javier Zamora","image":{"@type":"ImageObject","inLanguage":"ca","@id":"https:\/\/secure.gravatar.com\/avatar\/467a11f6918c7d619c4043fc6fa2d3853053107973f05b6e9c04ea6c4e3a7b3f?s=96&d=mm&r=g","url":"https:\/\/secure.gravatar.com\/avatar\/467a11f6918c7d619c4043fc6fa2d3853053107973f05b6e9c04ea6c4e3a7b3f?s=96&d=mm&r=g","contentUrl":"https:\/\/secure.gravatar.com\/avatar\/467a11f6918c7d619c4043fc6fa2d3853053107973f05b6e9c04ea6c4e3a7b3f?s=96&d=mm&r=g","caption":"Javier Zamora"},"url":"https:\/\/radiolitoral.com\/ca\/author\/javier-zamora\/"}]}},"_links":{"self":[{"href":"https:\/\/radiolitoral.com\/ca\/wp-json\/wp\/v2\/posts\/15095","targetHints":{"allow":["GET"]}}],"collection":[{"href":"https:\/\/radiolitoral.com\/ca\/wp-json\/wp\/v2\/posts"}],"about":[{"href":"https:\/\/radiolitoral.com\/ca\/wp-json\/wp\/v2\/types\/post"}],"author":[{"embeddable":true,"href":"https:\/\/radiolitoral.com\/ca\/wp-json\/wp\/v2\/users\/12"}],"replies":[{"embeddable":true,"href":"https:\/\/radiolitoral.com\/ca\/wp-json\/wp\/v2\/comments?post=15095"}],"version-history":[{"count":1,"href":"https:\/\/radiolitoral.com\/ca\/wp-json\/wp\/v2\/posts\/15095\/revisions"}],"predecessor-version":[{"id":15098,"href":"https:\/\/radiolitoral.com\/ca\/wp-json\/wp\/v2\/posts\/15095\/revisions\/15098"}],"wp:featuredmedia":[{"embeddable":true,"href":"https:\/\/radiolitoral.com\/ca\/wp-json\/wp\/v2\/media\/15096"}],"wp:attachment":[{"href":"https:\/\/radiolitoral.com\/ca\/wp-json\/wp\/v2\/media?parent=15095"}],"wp:term":[{"taxonomy":"category","embeddable":true,"href":"https:\/\/radiolitoral.com\/ca\/wp-json\/wp\/v2\/categories?post=15095"},{"taxonomy":"post_tag","embeddable":true,"href":"https:\/\/radiolitoral.com\/ca\/wp-json\/wp\/v2\/tags?post=15095"}],"curies":[{"name":"wp","href":"https:\/\/api.w.org\/{rel}","templated":true}]}}