{"id":1509,"date":"2023-03-21T13:53:03","date_gmt":"2023-03-21T12:53:03","guid":{"rendered":"https:\/\/radiolitoral.com\/?p=1509"},"modified":"2023-03-21T13:54:48","modified_gmt":"2023-03-21T12:54:48","slug":"el-diumenge-se-celebres-la-iii-cursa-de-la-dona-a-benitatxell","status":"publish","type":"post","link":"https:\/\/radiolitoral.com\/ca\/2023\/03\/el-domingo-se-celebrara-la-iii-cursa-de-la-dona-en-benitatxell\/","title":{"rendered":"Diumenge se celebrar\u00e0 la III Cursa de la Dona a Benitatxell"},"content":{"rendered":"<p>Aquest <strong>diumenge 26 de mar\u00e7, a partir de les 10:30 ha la pla\u00e7a del Mercat del Poble Nou, se celebrar\u00e0 la III Cursa de la Dona amb la col\u00b7laboraci\u00f3 del Club Multiesport Benitatxell. <\/strong>Aquest any, s&#039;ha apostat per posar \u00e8mfasi en el component solidari de la carrera, involucrant en la seva organitzaci\u00f3 i difusi\u00f3 a<strong> l&#039;Associaci\u00f3 Aprosdeco, a la qual aniran a parar tots els beneficis de la venda de dorsals i samarretes.<\/strong><\/p>\n<p>Aprosdeco \u00e9s una associaci\u00f3 sense \u00e0nim de lucre de mares, pares, familiars i tutors de persones amb diversitat funcional intel\u00b7lectual que des de l&#039;any 1974 aposta per innovar, impulsar i posar a l&#039;abast de les persones amb diversitat funcional tots els recursos i suports per millorar-ne qualitat de vida. El Poble Nou de Benitatxell mant\u00e9 una estreta relaci\u00f3 amb aquesta associaci\u00f3, de la qual s\u00f3n usu\u00e0ries diverses persones del municipi.<\/p>\n<p><strong>La inscripci\u00f3 a la cursa inclou dorsal i samarreta. Costa 3 euros (encara que es pot fer un donatiu m\u00e9s alt) i es pot fer fins aquest dimecres 22 de mar\u00e7 al departament de Serveis Socials (C\/ Mercat, 2) en horari de mat\u00ed o fins divendres 24 a les 12:00 h a la p\u00e0gina web www.somesport.com.<\/strong> <strong>Els dorsals i samarretes es recolliran el mateix dia de la cursa des de les 8:30 hi fins a les 10.15 ha la pla\u00e7a del Mercat.<\/strong><\/p>\n<p>Primer sortiran els<strong> nens i nenes, que faran un recorregut espec\u00edfic de 700 metres. <\/strong>Despr\u00e9s ho faran les persones adultes.<strong> Tant caminants com corredores i corredors faran un recorregut urb\u00e0 de 4,4 quil\u00f2metres amb perfil gaireb\u00e9 pla<\/strong>.<\/p>\n<p>Apuntar que encara que la cursa \u00e9s de car\u00e0cter no competitiu, l&#039;organitzaci\u00f3 ha previst regals per a les cinc primeres persones a travessar la meta ia les cinc primeres corredores locals. En acabar, hi haur\u00e0 rifa amb els obsequis dels comer\u00e7os i els bars patrocinadors de l&#039;esdeveniment.<\/p>\n<p>&quot;Aquest esdeveniment combina l\u00b4esport amb altres reptes com promoure la uni\u00f3 i complicitat entre dones i donar suport a associacions que realitzen una important tasca social a la comarca i al nostre municipi&quot;, ha destacat el regidor d\u00b4Igualtat i Pol\u00edtiques de G\u00e8nere, V\u00edctor Bisquert, qui tamb\u00e9 ha volgut agrair la gran implicaci\u00f3 del Club Multiesport en aquesta activitat.<\/p>","protected":false},"excerpt":{"rendered":"<p>Este domingo 26 de marzo, a partir de las 10:30 h en la plaza del Mercat de El Poble Nou, se celebrar\u00e1 la III Cursa de la Dona con la colaboraci\u00f3n del Club Multiesport Benitatxell. Este a\u00f1o, se ha apostado por poner \u00e9nfasis en el componente solidario de la carrera, involucrando en su organizaci\u00f3n y [&#8230;]<\/p>\n<p><a class=\"btn btn-secondary understrap-read-more-link\" href=\"https:\/\/radiolitoral.com\/ca\/2023\/03\/el-domingo-se-celebrara-la-iii-cursa-de-la-dona-en-benitatxell\/\">Continua llegint&#8230;<span class=\"screen-reader-text\"> from El domingo se celebrar\u00e1 la III Cursa de la Dona en Benitatxell<\/span><\/a><\/p>\n","protected":false},"author":21,"featured_media":1510,"comment_status":"open","ping_status":"closed","sticky":false,"template":"","format":"standard","meta":{"_acf_changed":false,"inline_featured_image":false,"footnotes":""},"categories":[5],"tags":[279,184,203,278],"class_list":["post-1509","post","type-post","status-publish","format-standard","has-post-thumbnail","hentry","category-deportes","tag-aprosdeco","tag-benitatxell","tag-carrera-solidaria-benitatxell","tag-cursa-benitatxell","cobertura-poble-nou-de-benitatxell"],"acf":[],"yoast_head":"<!-- This site is optimized with the Yoast SEO plugin v27.5 - https:\/\/yoast.com\/product\/yoast-seo-wordpress\/ -->\n<title>El domingo se celebrar\u00e1 la III Cursa de la Dona en Benitatxell | R\u00e0dio Litoral<\/title>\n<meta name=\"description\" content=\"Los beneficios de la venta de dorsales y camisetas ir\u00e1n para Asociaci\u00f3n Aprosdeco\" \/>\n<meta name=\"robots\" content=\"index, follow, max-snippet:-1, max-image-preview:large, max-video-preview:-1\" \/>\n<link rel=\"canonical\" href=\"https:\/\/radiolitoral.com\/ca\/2023\/03\/el-diumenge-se-celebres-la-iii-cursa-de-la-dona-a-benitatxell\/\" \/>\n<meta property=\"og:locale\" content=\"ca_ES\" \/>\n<meta property=\"og:type\" content=\"article\" \/>\n<meta property=\"og:title\" content=\"El domingo se celebrar\u00e1 la III Cursa de la Dona en Benitatxell | R\u00e0dio Litoral\" \/>\n<meta property=\"og:description\" content=\"Los beneficios de la venta de dorsales y camisetas ir\u00e1n para Asociaci\u00f3n Aprosdeco\" \/>\n<meta property=\"og:url\" content=\"https:\/\/radiolitoral.com\/ca\/2023\/03\/el-diumenge-se-celebres-la-iii-cursa-de-la-dona-a-benitatxell\/\" \/>\n<meta property=\"og:site_name\" content=\"R\u00e0dio Litoral\" \/>\n<meta property=\"article:publisher\" content=\"https:\/\/www.facebook.com\/Laradiolitoral\/\" \/>\n<meta property=\"article:published_time\" content=\"2023-03-21T12:53:03+00:00\" \/>\n<meta property=\"article:modified_time\" content=\"2023-03-21T12:54:48+00:00\" \/>\n<meta property=\"og:image\" content=\"https:\/\/media.radiolitoral.com\/wp-content\/uploads\/2023\/03\/21135253\/cursa-1.png\" \/>\n\t<meta property=\"og:image:width\" content=\"766\" \/>\n\t<meta property=\"og:image:height\" content=\"1073\" \/>\n\t<meta property=\"og:image:type\" content=\"image\/png\" \/>\n<meta name=\"author\" content=\"Mel Pescuezo\" \/>\n<meta name=\"twitter:card\" content=\"summary_large_image\" \/>\n<meta name=\"twitter:label1\" content=\"Escrit per\" \/>\n\t<meta name=\"twitter:data1\" content=\"Mel Pescuezo\" \/>\n\t<meta name=\"twitter:label2\" content=\"Temps estimat de lectura\" \/>\n\t<meta name=\"twitter:data2\" content=\"2 minuts\" \/>\n<script type=\"application\/ld+json\" class=\"yoast-schema-graph\">{\"@context\":\"https:\\\/\\\/schema.org\",\"@graph\":[{\"@type\":\"NewsArticle\",\"@id\":\"https:\\\/\\\/radiolitoral.com\\\/2023\\\/03\\\/el-domingo-se-celebrara-la-iii-cursa-de-la-dona-en-benitatxell\\\/#article\",\"isPartOf\":{\"@id\":\"https:\\\/\\\/radiolitoral.com\\\/2023\\\/03\\\/el-domingo-se-celebrara-la-iii-cursa-de-la-dona-en-benitatxell\\\/\"},\"author\":{\"name\":\"Mel Pescuezo\",\"@id\":\"https:\\\/\\\/radiolitoral.com\\\/#\\\/schema\\\/person\\\/aad4f72efa404f85b68e832d24cac059\"},\"headline\":\"El domingo se celebrar\u00e1 la III Cursa de la Dona en Benitatxell\",\"datePublished\":\"2023-03-21T12:53:03+00:00\",\"dateModified\":\"2023-03-21T12:54:48+00:00\",\"mainEntityOfPage\":{\"@id\":\"https:\\\/\\\/radiolitoral.com\\\/2023\\\/03\\\/el-domingo-se-celebrara-la-iii-cursa-de-la-dona-en-benitatxell\\\/\"},\"wordCount\":408,\"commentCount\":0,\"publisher\":{\"@id\":\"https:\\\/\\\/radiolitoral.com\\\/#organization\"},\"image\":{\"@id\":\"https:\\\/\\\/radiolitoral.com\\\/2023\\\/03\\\/el-domingo-se-celebrara-la-iii-cursa-de-la-dona-en-benitatxell\\\/#primaryimage\"},\"thumbnailUrl\":\"https:\\\/\\\/media.radiolitoral.com\\\/wp-content\\\/uploads\\\/2023\\\/03\\\/21135253\\\/cursa-1.png\",\"keywords\":[\"Aprosdeco\",\"Benitatxell\",\"carrera solidaria Benitatxell\",\"Cursa Benitatxell\"],\"articleSection\":[\"Deportes\"],\"inLanguage\":\"ca\",\"potentialAction\":[{\"@type\":\"CommentAction\",\"name\":\"Comment\",\"target\":[\"https:\\\/\\\/radiolitoral.com\\\/2023\\\/03\\\/el-domingo-se-celebrara-la-iii-cursa-de-la-dona-en-benitatxell\\\/#respond\"]}]},{\"@type\":[\"WebPage\",\"ItemPage\"],\"@id\":\"https:\\\/\\\/radiolitoral.com\\\/2023\\\/03\\\/el-domingo-se-celebrara-la-iii-cursa-de-la-dona-en-benitatxell\\\/\",\"url\":\"https:\\\/\\\/radiolitoral.com\\\/2023\\\/03\\\/el-domingo-se-celebrara-la-iii-cursa-de-la-dona-en-benitatxell\\\/\",\"name\":\"El domingo se celebrar\u00e1 la III Cursa de la Dona en Benitatxell | R\u00e0dio Litoral\",\"isPartOf\":{\"@id\":\"https:\\\/\\\/radiolitoral.com\\\/#website\"},\"primaryImageOfPage\":{\"@id\":\"https:\\\/\\\/radiolitoral.com\\\/2023\\\/03\\\/el-domingo-se-celebrara-la-iii-cursa-de-la-dona-en-benitatxell\\\/#primaryimage\"},\"image\":{\"@id\":\"https:\\\/\\\/radiolitoral.com\\\/2023\\\/03\\\/el-domingo-se-celebrara-la-iii-cursa-de-la-dona-en-benitatxell\\\/#primaryimage\"},\"thumbnailUrl\":\"https:\\\/\\\/media.radiolitoral.com\\\/wp-content\\\/uploads\\\/2023\\\/03\\\/21135253\\\/cursa-1.png\",\"datePublished\":\"2023-03-21T12:53:03+00:00\",\"dateModified\":\"2023-03-21T12:54:48+00:00\",\"description\":\"Los beneficios de la venta de dorsales y camisetas ir\u00e1n para Asociaci\u00f3n Aprosdeco\",\"breadcrumb\":{\"@id\":\"https:\\\/\\\/radiolitoral.com\\\/2023\\\/03\\\/el-domingo-se-celebrara-la-iii-cursa-de-la-dona-en-benitatxell\\\/#breadcrumb\"},\"inLanguage\":\"ca\",\"potentialAction\":[{\"@type\":\"ReadAction\",\"target\":[\"https:\\\/\\\/radiolitoral.com\\\/2023\\\/03\\\/el-domingo-se-celebrara-la-iii-cursa-de-la-dona-en-benitatxell\\\/\"]}]},{\"@type\":\"ImageObject\",\"inLanguage\":\"ca\",\"@id\":\"https:\\\/\\\/radiolitoral.com\\\/2023\\\/03\\\/el-domingo-se-celebrara-la-iii-cursa-de-la-dona-en-benitatxell\\\/#primaryimage\",\"url\":\"https:\\\/\\\/media.radiolitoral.com\\\/wp-content\\\/uploads\\\/2023\\\/03\\\/21135253\\\/cursa-1.png\",\"contentUrl\":\"https:\\\/\\\/media.radiolitoral.com\\\/wp-content\\\/uploads\\\/2023\\\/03\\\/21135253\\\/cursa-1.png\",\"width\":766,\"height\":1073},{\"@type\":\"BreadcrumbList\",\"@id\":\"https:\\\/\\\/radiolitoral.com\\\/2023\\\/03\\\/el-domingo-se-celebrara-la-iii-cursa-de-la-dona-en-benitatxell\\\/#breadcrumb\",\"itemListElement\":[{\"@type\":\"ListItem\",\"position\":1,\"name\":\"Portada\",\"item\":\"https:\\\/\\\/radiolitoral.com\\\/\"},{\"@type\":\"ListItem\",\"position\":2,\"name\":\"El domingo se celebrar\u00e1 la III Cursa de la Dona en Benitatxell\"}]},{\"@type\":\"WebSite\",\"@id\":\"https:\\\/\\\/radiolitoral.com\\\/#website\",\"url\":\"https:\\\/\\\/radiolitoral.com\\\/\",\"name\":\"Radio Litoral\",\"description\":\"La radio local de la Marina Alta\",\"publisher\":{\"@id\":\"https:\\\/\\\/radiolitoral.com\\\/#organization\"},\"alternateName\":\"Litoral FM\",\"potentialAction\":[{\"@type\":\"SearchAction\",\"target\":{\"@type\":\"EntryPoint\",\"urlTemplate\":\"https:\\\/\\\/radiolitoral.com\\\/?s={search_term_string}\"},\"query-input\":{\"@type\":\"PropertyValueSpecification\",\"valueRequired\":true,\"valueName\":\"search_term_string\"}}],\"inLanguage\":\"ca\"},{\"@type\":\"Organization\",\"@id\":\"https:\\\/\\\/radiolitoral.com\\\/#organization\",\"name\":\"Radio Litoral\",\"url\":\"https:\\\/\\\/radiolitoral.com\\\/\",\"logo\":{\"@type\":\"ImageObject\",\"inLanguage\":\"ca\",\"@id\":\"https:\\\/\\\/radiolitoral.com\\\/#\\\/schema\\\/logo\\\/image\\\/\",\"url\":\"https:\\\/\\\/media.radiolitoral.com\\\/wp-content\\\/uploads\\\/2023\\\/02\\\/24143238\\\/CL-V-RadioLitoral696.png\",\"contentUrl\":\"https:\\\/\\\/media.radiolitoral.com\\\/wp-content\\\/uploads\\\/2023\\\/02\\\/24143238\\\/CL-V-RadioLitoral696.png\",\"width\":696,\"height\":696,\"caption\":\"Radio Litoral\"},\"image\":{\"@id\":\"https:\\\/\\\/radiolitoral.com\\\/#\\\/schema\\\/logo\\\/image\\\/\"},\"sameAs\":[\"https:\\\/\\\/www.facebook.com\\\/Laradiolitoral\\\/\"]},{\"@type\":\"Person\",\"@id\":\"https:\\\/\\\/radiolitoral.com\\\/#\\\/schema\\\/person\\\/aad4f72efa404f85b68e832d24cac059\",\"name\":\"Mel Pescuezo\",\"image\":{\"@type\":\"ImageObject\",\"inLanguage\":\"ca\",\"@id\":\"https:\\\/\\\/secure.gravatar.com\\\/avatar\\\/993975ae489c70cb0dd9bfa9413a082f0bd276582dac13661af7b33f161e7eea?s=96&d=mm&r=g\",\"url\":\"https:\\\/\\\/secure.gravatar.com\\\/avatar\\\/993975ae489c70cb0dd9bfa9413a082f0bd276582dac13661af7b33f161e7eea?s=96&d=mm&r=g\",\"contentUrl\":\"https:\\\/\\\/secure.gravatar.com\\\/avatar\\\/993975ae489c70cb0dd9bfa9413a082f0bd276582dac13661af7b33f161e7eea?s=96&d=mm&r=g\",\"caption\":\"Mel Pescuezo\"},\"url\":\"https:\\\/\\\/radiolitoral.com\\\/ca\\\/author\\\/serviciospararadios\\\/\"}]}<\/script>\n<!-- \/ Yoast SEO plugin. -->","yoast_head_json":{"title":"Diumenge se celebrar\u00e0 la III Cursa de la Dona a Benitatxell | R\u00e0dio Litoral","description":"Els beneficis de la venda de dorsals i samarretes aniran per a Asociaci\u00f3n Aprosdeco","robots":{"index":"index","follow":"follow","max-snippet":"max-snippet:-1","max-image-preview":"max-image-preview:large","max-video-preview":"max-video-preview:-1"},"canonical":"https:\/\/radiolitoral.com\/ca\/2023\/03\/el-diumenge-se-celebres-la-iii-cursa-de-la-dona-a-benitatxell\/","og_locale":"ca_ES","og_type":"article","og_title":"El domingo se celebrar\u00e1 la III Cursa de la Dona en Benitatxell | R\u00e0dio Litoral","og_description":"Los beneficios de la venta de dorsales y camisetas ir\u00e1n para Asociaci\u00f3n Aprosdeco","og_url":"https:\/\/radiolitoral.com\/ca\/2023\/03\/el-diumenge-se-celebres-la-iii-cursa-de-la-dona-a-benitatxell\/","og_site_name":"R\u00e0dio Litoral","article_publisher":"https:\/\/www.facebook.com\/Laradiolitoral\/","article_published_time":"2023-03-21T12:53:03+00:00","article_modified_time":"2023-03-21T12:54:48+00:00","og_image":[{"width":766,"height":1073,"url":"https:\/\/media.radiolitoral.com\/wp-content\/uploads\/2023\/03\/21135253\/cursa-1.png","type":"image\/png"}],"author":"Mel Pescuezo","twitter_card":"summary_large_image","twitter_misc":{"Escrit per":"Mel Pescuezo","Temps estimat de lectura":"2 minuts"},"schema":{"@context":"https:\/\/schema.org","@graph":[{"@type":"NewsArticle","@id":"https:\/\/radiolitoral.com\/2023\/03\/el-domingo-se-celebrara-la-iii-cursa-de-la-dona-en-benitatxell\/#article","isPartOf":{"@id":"https:\/\/radiolitoral.com\/2023\/03\/el-domingo-se-celebrara-la-iii-cursa-de-la-dona-en-benitatxell\/"},"author":{"name":"Mel Pescuezo","@id":"https:\/\/radiolitoral.com\/#\/schema\/person\/aad4f72efa404f85b68e832d24cac059"},"headline":"El domingo se celebrar\u00e1 la III Cursa de la Dona en Benitatxell","datePublished":"2023-03-21T12:53:03+00:00","dateModified":"2023-03-21T12:54:48+00:00","mainEntityOfPage":{"@id":"https:\/\/radiolitoral.com\/2023\/03\/el-domingo-se-celebrara-la-iii-cursa-de-la-dona-en-benitatxell\/"},"wordCount":408,"commentCount":0,"publisher":{"@id":"https:\/\/radiolitoral.com\/#organization"},"image":{"@id":"https:\/\/radiolitoral.com\/2023\/03\/el-domingo-se-celebrara-la-iii-cursa-de-la-dona-en-benitatxell\/#primaryimage"},"thumbnailUrl":"https:\/\/media.radiolitoral.com\/wp-content\/uploads\/2023\/03\/21135253\/cursa-1.png","keywords":["Aprosdeco","Benitatxell","carrera solidaria Benitatxell","Cursa Benitatxell"],"articleSection":["Deportes"],"inLanguage":"ca","potentialAction":[{"@type":"CommentAction","name":"Comment","target":["https:\/\/radiolitoral.com\/2023\/03\/el-domingo-se-celebrara-la-iii-cursa-de-la-dona-en-benitatxell\/#respond"]}]},{"@type":["WebPage","ItemPage"],"@id":"https:\/\/radiolitoral.com\/2023\/03\/el-domingo-se-celebrara-la-iii-cursa-de-la-dona-en-benitatxell\/","url":"https:\/\/radiolitoral.com\/2023\/03\/el-domingo-se-celebrara-la-iii-cursa-de-la-dona-en-benitatxell\/","name":"Diumenge se celebrar\u00e0 la III Cursa de la Dona a Benitatxell | R\u00e0dio Litoral","isPartOf":{"@id":"https:\/\/radiolitoral.com\/#website"},"primaryImageOfPage":{"@id":"https:\/\/radiolitoral.com\/2023\/03\/el-domingo-se-celebrara-la-iii-cursa-de-la-dona-en-benitatxell\/#primaryimage"},"image":{"@id":"https:\/\/radiolitoral.com\/2023\/03\/el-domingo-se-celebrara-la-iii-cursa-de-la-dona-en-benitatxell\/#primaryimage"},"thumbnailUrl":"https:\/\/media.radiolitoral.com\/wp-content\/uploads\/2023\/03\/21135253\/cursa-1.png","datePublished":"2023-03-21T12:53:03+00:00","dateModified":"2023-03-21T12:54:48+00:00","description":"Els beneficis de la venda de dorsals i samarretes aniran per a Asociaci\u00f3n Aprosdeco","breadcrumb":{"@id":"https:\/\/radiolitoral.com\/2023\/03\/el-domingo-se-celebrara-la-iii-cursa-de-la-dona-en-benitatxell\/#breadcrumb"},"inLanguage":"ca","potentialAction":[{"@type":"ReadAction","target":["https:\/\/radiolitoral.com\/2023\/03\/el-domingo-se-celebrara-la-iii-cursa-de-la-dona-en-benitatxell\/"]}]},{"@type":"ImageObject","inLanguage":"ca","@id":"https:\/\/radiolitoral.com\/2023\/03\/el-domingo-se-celebrara-la-iii-cursa-de-la-dona-en-benitatxell\/#primaryimage","url":"https:\/\/media.radiolitoral.com\/wp-content\/uploads\/2023\/03\/21135253\/cursa-1.png","contentUrl":"https:\/\/media.radiolitoral.com\/wp-content\/uploads\/2023\/03\/21135253\/cursa-1.png","width":766,"height":1073},{"@type":"BreadcrumbList","@id":"https:\/\/radiolitoral.com\/2023\/03\/el-domingo-se-celebrara-la-iii-cursa-de-la-dona-en-benitatxell\/#breadcrumb","itemListElement":[{"@type":"ListItem","position":1,"name":"Portada","item":"https:\/\/radiolitoral.com\/"},{"@type":"ListItem","position":2,"name":"El domingo se celebrar\u00e1 la III Cursa de la Dona en Benitatxell"}]},{"@type":"WebSite","@id":"https:\/\/radiolitoral.com\/#website","url":"https:\/\/radiolitoral.com\/","name":"R\u00e0dio Litoral","description":"La r\u00e0dio local de la Marina Alta","publisher":{"@id":"https:\/\/radiolitoral.com\/#organization"},"alternateName":"Litoral FM","potentialAction":[{"@type":"SearchAction","target":{"@type":"EntryPoint","urlTemplate":"https:\/\/radiolitoral.com\/?s={search_term_string}"},"query-input":{"@type":"PropertyValueSpecification","valueRequired":true,"valueName":"search_term_string"}}],"inLanguage":"ca"},{"@type":"Organization","@id":"https:\/\/radiolitoral.com\/#organization","name":"R\u00e0dio Litoral","url":"https:\/\/radiolitoral.com\/","logo":{"@type":"ImageObject","inLanguage":"ca","@id":"https:\/\/radiolitoral.com\/#\/schema\/logo\/image\/","url":"https:\/\/media.radiolitoral.com\/wp-content\/uploads\/2023\/02\/24143238\/CL-V-RadioLitoral696.png","contentUrl":"https:\/\/media.radiolitoral.com\/wp-content\/uploads\/2023\/02\/24143238\/CL-V-RadioLitoral696.png","width":696,"height":696,"caption":"Radio Litoral"},"image":{"@id":"https:\/\/radiolitoral.com\/#\/schema\/logo\/image\/"},"sameAs":["https:\/\/www.facebook.com\/Laradiolitoral\/"]},{"@type":"Person","@id":"https:\/\/radiolitoral.com\/#\/schema\/person\/aad4f72efa404f85b68e832d24cac059","name":"Mel Pescuezo","image":{"@type":"ImageObject","inLanguage":"ca","@id":"https:\/\/secure.gravatar.com\/avatar\/993975ae489c70cb0dd9bfa9413a082f0bd276582dac13661af7b33f161e7eea?s=96&d=mm&r=g","url":"https:\/\/secure.gravatar.com\/avatar\/993975ae489c70cb0dd9bfa9413a082f0bd276582dac13661af7b33f161e7eea?s=96&d=mm&r=g","contentUrl":"https:\/\/secure.gravatar.com\/avatar\/993975ae489c70cb0dd9bfa9413a082f0bd276582dac13661af7b33f161e7eea?s=96&d=mm&r=g","caption":"Mel Pescuezo"},"url":"https:\/\/radiolitoral.com\/ca\/author\/serviciospararadios\/"}]}},"_links":{"self":[{"href":"https:\/\/radiolitoral.com\/ca\/wp-json\/wp\/v2\/posts\/1509","targetHints":{"allow":["GET"]}}],"collection":[{"href":"https:\/\/radiolitoral.com\/ca\/wp-json\/wp\/v2\/posts"}],"about":[{"href":"https:\/\/radiolitoral.com\/ca\/wp-json\/wp\/v2\/types\/post"}],"author":[{"embeddable":true,"href":"https:\/\/radiolitoral.com\/ca\/wp-json\/wp\/v2\/users\/21"}],"replies":[{"embeddable":true,"href":"https:\/\/radiolitoral.com\/ca\/wp-json\/wp\/v2\/comments?post=1509"}],"version-history":[{"count":1,"href":"https:\/\/radiolitoral.com\/ca\/wp-json\/wp\/v2\/posts\/1509\/revisions"}],"predecessor-version":[{"id":1511,"href":"https:\/\/radiolitoral.com\/ca\/wp-json\/wp\/v2\/posts\/1509\/revisions\/1511"}],"wp:featuredmedia":[{"embeddable":true,"href":"https:\/\/radiolitoral.com\/ca\/wp-json\/wp\/v2\/media\/1510"}],"wp:attachment":[{"href":"https:\/\/radiolitoral.com\/ca\/wp-json\/wp\/v2\/media?parent=1509"}],"wp:term":[{"taxonomy":"category","embeddable":true,"href":"https:\/\/radiolitoral.com\/ca\/wp-json\/wp\/v2\/categories?post=1509"},{"taxonomy":"post_tag","embeddable":true,"href":"https:\/\/radiolitoral.com\/ca\/wp-json\/wp\/v2\/tags?post=1509"}],"curies":[{"name":"wp","href":"https:\/\/api.w.org\/{rel}","templated":true}]}}