{"id":15071,"date":"2025-02-19T11:03:33","date_gmt":"2025-02-19T10:03:33","guid":{"rendered":"https:\/\/radiolitoral.com\/?p=15071"},"modified":"2025-02-19T11:03:33","modified_gmt":"2025-02-19T10:03:33","slug":"paco-molins-una-hora-a-la-setmana-per-a-voluntariat-no-es-res-de-temps-i-per-a-una-altra-persona-es-molt","status":"publish","type":"post","link":"https:\/\/radiolitoral.com\/ca\/2025\/02\/paco-molines-una-hora-a-la-setmana-per-a-voluntariat-no-es-res-de-temps-i-per-a-una-altra-persona-es-molt\/","title":{"rendered":"Paco Molines: \u201cUna hora a la setmana per a voluntariat no \u00e9s res de temps i per a una altra persona \u00e9s molt\u201d"},"content":{"rendered":"<p>Aquesta mat\u00ed al <strong>Primer Caf\u00e8 de R\u00e0dio Litoral<\/strong> hem posat el focus a la immensa <strong>labor social<\/strong> que exerceix la <strong>Creu Roja de Calp<\/strong>. Una ONG que est\u00e0 al costat dels qui m\u00e9s ho necessiten, que promou la igualtat d&#039;oportunitats i d\u00f3na suport a diverses causes solid\u00e0ries que ens toquin de prop. Ens ha parlat de tots els projectes que estan executant des de la seva calpina <strong>president d&#039;aquesta ONG, Paco Molines.<\/strong><\/p>\n<p>Entre les crides solid\u00e0ries m\u00e9s properes el nostre convidat ha recordat la col\u00b7laboraci\u00f3 que Creu Roja Calp va mantenir amb el Centre de Transfusions de la Comunitat Valenciana, cedint la seva seu, situada al carrer Maria Jorro, per a una donaci\u00f3 de sang que tindr\u00e0 lloc el proper divendres 28 de febrer.<\/p>\n<p>Per\u00f2 a m\u00e9s, la Creu Roja est\u00e0 duent a terme el repartiment d&#039;aliments entre fam\u00edlies vulnerables del municipi a trav\u00e9s d&#039;un programa amb qu\u00e8 s&#039;evita el desaprofitament alimentari. Una acci\u00f3 en col\u00b7laboraci\u00f3 amb diferents supermercats calpins. Tamb\u00e9 imparteix tallers de mem\u00f2ria per a persones grans, orienta a la cerca de treball a aturats de diferents nacionalitats, ofereix classes de refor\u00e7 per a escolars, est\u00e0 al costat de les v\u00edctimas de viol\u00e8ncia de g\u00e8nere, i disposa de material ortop\u00e8dic per a pr\u00e9stec a persones sense recursos.<\/p>\n<p>Amb vista de futur, Paco Molines, ens ha avan\u00e7at la intenci\u00f3 d&#039;impartir cursos i formaci\u00f3 reglada a les aules que tenen a la seva seu.<\/p>\n<p>Per poder tirar endavant tota aquesta important tasca social s\u00f3n imprescindibles els voluntaris i les aportacions dels socis, aix\u00ed com els acords que s&#039;aconsegueixen amb empreses i amb les administracions p\u00fabliques. Paco Molines ha fet una crida a col\u00b7laborar en els projectes que desenvolupa la Creu Roja de Calp.<\/p>\n<p>Podeu escortar l&#039;entrevista completa aqu\u00ed.<\/p>\n<audio class=\"wp-audio-shortcode\" id=\"audio-15071-1\" preload=\"none\" style=\"width: 100%;\" controls=\"controls\"><source type=\"audio\/mpeg\" src=\"https:\/\/media.radiolitoral.com\/wp-content\/uploads\/2025\/02\/19105811\/Primer-Cafe-Cruz-Roja-Calp.mp3?_=1\" \/><a href=\"https:\/\/media.radiolitoral.com\/wp-content\/uploads\/2025\/02\/19105811\/Primer-Cafe-Cruz-Roja-Calp.mp3\">https:\/\/media.radiolitoral.com\/wp-content\/uploads\/2025\/02\/19105811\/Primer-Cafe-Cruz-Roja-Calp.mp3<\/a><\/audio>","protected":false},"excerpt":{"rendered":"<p>Aquest mat\u00ed en el Primer Caf\u00e8 de R\u00e0dio Litoral hem posat el focus en la immensa labor social que exerceix la Creu Roja de Calp. Una ONG que est\u00e0 al costat dels que m\u00e9s ho necessiten, que promou la igualtat d&#8217;oportunitats i dona suport a diverses causes solid\u00e0ries que ens toquen de prop. Ens ha [&#8230;]<\/p>\n<p><a class=\"btn btn-secondary understrap-read-more-link\" href=\"https:\/\/radiolitoral.com\/ca\/2025\/02\/paco-molines-una-hora-a-la-setmana-per-a-voluntariat-no-es-res-de-temps-i-per-a-una-altra-persona-es-molt\/\">Continua llegint&#8230;<span class=\"screen-reader-text\"> from Paco Molines: \u201cUna hora a la setmana per a voluntariat no \u00e9s res de temps i per a una altra persona es molt\u201d<\/span><\/a><\/p>\n","protected":false},"author":13,"featured_media":15073,"comment_status":"open","ping_status":"closed","sticky":false,"template":"","format":"standard","meta":{"_acf_changed":false,"inline_featured_image":false,"footnotes":""},"categories":[2753,855],"tags":[3025,3742,3744,3743,3741,2312,716],"class_list":["post-15071","post","type-post","status-publish","format-standard","has-post-thumbnail","hentry","category-entrevistas","category-solidaridad","tag-creu-roja","tag-creu-roja-calp","tag-familias-vulnerables","tag-labor-social","tag-paco-molines","tag-primer-cafe","tag-voluntariado","cobertura-calp"],"acf":[],"yoast_head":"<!-- This site is optimized with the Yoast SEO plugin v27.5 - https:\/\/yoast.com\/product\/yoast-seo-wordpress\/ -->\n<title>Paco Molines: \u201cUna hora a la setmana per a voluntariat no \u00e9s res de temps i per a una altra persona es molt\u201d | R\u00e0dio Litoral<\/title>\n<meta name=\"description\" content=\"La Creu Roja de Calp repassa en El Primer Caf\u00e8 els projectes que desenvolupa per a estar al costat dels m\u00e9s necessitats\" \/>\n<meta name=\"robots\" content=\"index, follow, max-snippet:-1, max-image-preview:large, max-video-preview:-1\" \/>\n<link rel=\"canonical\" href=\"https:\/\/radiolitoral.com\/ca\/2025\/02\/paco-molins-una-hora-a-la-setmana-per-a-voluntariat-no-es-res-de-temps-i-per-a-una-altra-persona-es-molt\/\" \/>\n<meta property=\"og:locale\" content=\"ca_ES\" \/>\n<meta property=\"og:type\" content=\"article\" \/>\n<meta property=\"og:title\" content=\"Paco Molines: \u201cUna hora a la setmana per a voluntariat no \u00e9s res de temps i per a una altra persona es molt\u201d | R\u00e0dio Litoral\" \/>\n<meta property=\"og:description\" content=\"La Creu Roja de Calp repassa en El Primer Caf\u00e8 els projectes que desenvolupa per a estar al costat dels m\u00e9s necessitats\" \/>\n<meta property=\"og:url\" content=\"https:\/\/radiolitoral.com\/ca\/2025\/02\/paco-molins-una-hora-a-la-setmana-per-a-voluntariat-no-es-res-de-temps-i-per-a-una-altra-persona-es-molt\/\" \/>\n<meta property=\"og:site_name\" content=\"R\u00e0dio Litoral\" \/>\n<meta property=\"article:publisher\" content=\"https:\/\/www.facebook.com\/Laradiolitoral\/\" \/>\n<meta property=\"article:published_time\" content=\"2025-02-19T10:03:33+00:00\" \/>\n<meta property=\"og:image\" content=\"https:\/\/media.radiolitoral.com\/wp-content\/uploads\/2025\/02\/19110015\/Paco-Molines-Primer-Cafe.jpg\" \/>\n\t<meta property=\"og:image:width\" content=\"2000\" \/>\n\t<meta property=\"og:image:height\" content=\"1500\" \/>\n\t<meta property=\"og:image:type\" content=\"image\/jpeg\" \/>\n<meta name=\"author\" content=\"Redacci\u00f3n\" \/>\n<meta name=\"twitter:card\" content=\"summary_large_image\" \/>\n<meta name=\"twitter:label1\" content=\"Escrit per\" \/>\n\t<meta name=\"twitter:data1\" content=\"Redacci\u00f3n\" \/>\n\t<meta name=\"twitter:label2\" content=\"Temps estimat de lectura\" \/>\n\t<meta name=\"twitter:data2\" content=\"2 minuts\" \/>\n<script type=\"application\/ld+json\" class=\"yoast-schema-graph\">{\"@context\":\"https:\\\/\\\/schema.org\",\"@graph\":[{\"@type\":\"NewsArticle\",\"@id\":\"https:\\\/\\\/radiolitoral.com\\\/2025\\\/02\\\/paco-molines-una-hora-a-la-setmana-per-a-voluntariat-no-es-res-de-temps-i-per-a-una-altra-persona-es-molt\\\/#article\",\"isPartOf\":{\"@id\":\"https:\\\/\\\/radiolitoral.com\\\/2025\\\/02\\\/paco-molines-una-hora-a-la-setmana-per-a-voluntariat-no-es-res-de-temps-i-per-a-una-altra-persona-es-molt\\\/\"},\"author\":{\"name\":\"Redacci\u00f3n\",\"@id\":\"https:\\\/\\\/radiolitoral.com\\\/#\\\/schema\\\/person\\\/f2b2343c49b5d721857cc1002bfdb151\"},\"headline\":\"Paco Molines: \u201cUna hora a la setmana per a voluntariat no \u00e9s res de temps i per a una altra persona es molt\u201d\",\"datePublished\":\"2025-02-19T10:03:33+00:00\",\"mainEntityOfPage\":{\"@id\":\"https:\\\/\\\/radiolitoral.com\\\/2025\\\/02\\\/paco-molines-una-hora-a-la-setmana-per-a-voluntariat-no-es-res-de-temps-i-per-a-una-altra-persona-es-molt\\\/\"},\"wordCount\":353,\"commentCount\":0,\"publisher\":{\"@id\":\"https:\\\/\\\/radiolitoral.com\\\/#organization\"},\"image\":{\"@id\":\"https:\\\/\\\/radiolitoral.com\\\/2025\\\/02\\\/paco-molines-una-hora-a-la-setmana-per-a-voluntariat-no-es-res-de-temps-i-per-a-una-altra-persona-es-molt\\\/#primaryimage\"},\"thumbnailUrl\":\"https:\\\/\\\/media.radiolitoral.com\\\/wp-content\\\/uploads\\\/2025\\\/02\\\/19110015\\\/Paco-Molines-Primer-Cafe.jpg\",\"keywords\":[\"Creu Roja\",\"Creu Roja Calp\",\"familias vulnerables\",\"labor social\",\"Paco Molines\",\"Primer Caf\u00e9\",\"Voluntariado\"],\"articleSection\":[\"Entrevistas\",\"Solidaridad\"],\"inLanguage\":\"ca\",\"potentialAction\":[{\"@type\":\"CommentAction\",\"name\":\"Comment\",\"target\":[\"https:\\\/\\\/radiolitoral.com\\\/2025\\\/02\\\/paco-molines-una-hora-a-la-setmana-per-a-voluntariat-no-es-res-de-temps-i-per-a-una-altra-persona-es-molt\\\/#respond\"]}]},{\"@type\":[\"WebPage\",\"ItemPage\"],\"@id\":\"https:\\\/\\\/radiolitoral.com\\\/2025\\\/02\\\/paco-molines-una-hora-a-la-setmana-per-a-voluntariat-no-es-res-de-temps-i-per-a-una-altra-persona-es-molt\\\/\",\"url\":\"https:\\\/\\\/radiolitoral.com\\\/2025\\\/02\\\/paco-molines-una-hora-a-la-setmana-per-a-voluntariat-no-es-res-de-temps-i-per-a-una-altra-persona-es-molt\\\/\",\"name\":\"Paco Molines: \u201cUna hora a la setmana per a voluntariat no \u00e9s res de temps i per a una altra persona es molt\u201d | R\u00e0dio Litoral\",\"isPartOf\":{\"@id\":\"https:\\\/\\\/radiolitoral.com\\\/#website\"},\"primaryImageOfPage\":{\"@id\":\"https:\\\/\\\/radiolitoral.com\\\/2025\\\/02\\\/paco-molines-una-hora-a-la-setmana-per-a-voluntariat-no-es-res-de-temps-i-per-a-una-altra-persona-es-molt\\\/#primaryimage\"},\"image\":{\"@id\":\"https:\\\/\\\/radiolitoral.com\\\/2025\\\/02\\\/paco-molines-una-hora-a-la-setmana-per-a-voluntariat-no-es-res-de-temps-i-per-a-una-altra-persona-es-molt\\\/#primaryimage\"},\"thumbnailUrl\":\"https:\\\/\\\/media.radiolitoral.com\\\/wp-content\\\/uploads\\\/2025\\\/02\\\/19110015\\\/Paco-Molines-Primer-Cafe.jpg\",\"datePublished\":\"2025-02-19T10:03:33+00:00\",\"description\":\"La Creu Roja de Calp repassa en El Primer Caf\u00e8 els projectes que desenvolupa per a estar al costat dels m\u00e9s necessitats\",\"breadcrumb\":{\"@id\":\"https:\\\/\\\/radiolitoral.com\\\/2025\\\/02\\\/paco-molines-una-hora-a-la-setmana-per-a-voluntariat-no-es-res-de-temps-i-per-a-una-altra-persona-es-molt\\\/#breadcrumb\"},\"inLanguage\":\"ca\",\"potentialAction\":[{\"@type\":\"ReadAction\",\"target\":[\"https:\\\/\\\/radiolitoral.com\\\/2025\\\/02\\\/paco-molines-una-hora-a-la-setmana-per-a-voluntariat-no-es-res-de-temps-i-per-a-una-altra-persona-es-molt\\\/\"]}]},{\"@type\":\"ImageObject\",\"inLanguage\":\"ca\",\"@id\":\"https:\\\/\\\/radiolitoral.com\\\/2025\\\/02\\\/paco-molines-una-hora-a-la-setmana-per-a-voluntariat-no-es-res-de-temps-i-per-a-una-altra-persona-es-molt\\\/#primaryimage\",\"url\":\"https:\\\/\\\/media.radiolitoral.com\\\/wp-content\\\/uploads\\\/2025\\\/02\\\/19110015\\\/Paco-Molines-Primer-Cafe.jpg\",\"contentUrl\":\"https:\\\/\\\/media.radiolitoral.com\\\/wp-content\\\/uploads\\\/2025\\\/02\\\/19110015\\\/Paco-Molines-Primer-Cafe.jpg\",\"width\":2000,\"height\":1500},{\"@type\":\"BreadcrumbList\",\"@id\":\"https:\\\/\\\/radiolitoral.com\\\/2025\\\/02\\\/paco-molines-una-hora-a-la-setmana-per-a-voluntariat-no-es-res-de-temps-i-per-a-una-altra-persona-es-molt\\\/#breadcrumb\",\"itemListElement\":[{\"@type\":\"ListItem\",\"position\":1,\"name\":\"Portada\",\"item\":\"https:\\\/\\\/radiolitoral.com\\\/\"},{\"@type\":\"ListItem\",\"position\":2,\"name\":\"Paco Molines: \u201cUna hora a la setmana per a voluntariat no \u00e9s res de temps i per a una altra persona es molt\u201d\"}]},{\"@type\":\"WebSite\",\"@id\":\"https:\\\/\\\/radiolitoral.com\\\/#website\",\"url\":\"https:\\\/\\\/radiolitoral.com\\\/\",\"name\":\"Radio Litoral\",\"description\":\"La radio local de la Marina Alta\",\"publisher\":{\"@id\":\"https:\\\/\\\/radiolitoral.com\\\/#organization\"},\"alternateName\":\"Litoral FM\",\"potentialAction\":[{\"@type\":\"SearchAction\",\"target\":{\"@type\":\"EntryPoint\",\"urlTemplate\":\"https:\\\/\\\/radiolitoral.com\\\/?s={search_term_string}\"},\"query-input\":{\"@type\":\"PropertyValueSpecification\",\"valueRequired\":true,\"valueName\":\"search_term_string\"}}],\"inLanguage\":\"ca\"},{\"@type\":\"Organization\",\"@id\":\"https:\\\/\\\/radiolitoral.com\\\/#organization\",\"name\":\"Radio Litoral\",\"url\":\"https:\\\/\\\/radiolitoral.com\\\/\",\"logo\":{\"@type\":\"ImageObject\",\"inLanguage\":\"ca\",\"@id\":\"https:\\\/\\\/radiolitoral.com\\\/#\\\/schema\\\/logo\\\/image\\\/\",\"url\":\"https:\\\/\\\/media.radiolitoral.com\\\/wp-content\\\/uploads\\\/2023\\\/02\\\/24143238\\\/CL-V-RadioLitoral696.png\",\"contentUrl\":\"https:\\\/\\\/media.radiolitoral.com\\\/wp-content\\\/uploads\\\/2023\\\/02\\\/24143238\\\/CL-V-RadioLitoral696.png\",\"width\":696,\"height\":696,\"caption\":\"Radio Litoral\"},\"image\":{\"@id\":\"https:\\\/\\\/radiolitoral.com\\\/#\\\/schema\\\/logo\\\/image\\\/\"},\"sameAs\":[\"https:\\\/\\\/www.facebook.com\\\/Laradiolitoral\\\/\"]},{\"@type\":\"Person\",\"@id\":\"https:\\\/\\\/radiolitoral.com\\\/#\\\/schema\\\/person\\\/f2b2343c49b5d721857cc1002bfdb151\",\"name\":\"Redacci\u00f3n\",\"image\":{\"@type\":\"ImageObject\",\"inLanguage\":\"ca\",\"@id\":\"https:\\\/\\\/secure.gravatar.com\\\/avatar\\\/f771d896c203ad8b3382d7905cfcce5a5c9b008b84b3cd9114e9b9f4cb63f789?s=96&d=mm&r=g\",\"url\":\"https:\\\/\\\/secure.gravatar.com\\\/avatar\\\/f771d896c203ad8b3382d7905cfcce5a5c9b008b84b3cd9114e9b9f4cb63f789?s=96&d=mm&r=g\",\"contentUrl\":\"https:\\\/\\\/secure.gravatar.com\\\/avatar\\\/f771d896c203ad8b3382d7905cfcce5a5c9b008b84b3cd9114e9b9f4cb63f789?s=96&d=mm&r=g\",\"caption\":\"Redacci\u00f3n\"},\"url\":\"https:\\\/\\\/radiolitoral.com\\\/ca\\\/author\\\/miriam-pagan\\\/\"}]}<\/script>\n<!-- \/ Yoast SEO plugin. -->","yoast_head_json":{"title":"Paco Molines: \u201cUna hora a la setmana per a voluntariat no \u00e9s res de temps i per a una altra persona \u00e9s molt\u201d | R\u00e0dio Litoral","description":"La Creu Roja de Calp repassa al Primer Caf\u00e8 els projectes que desenvolupa per estar al costat dels m\u00e9s necessitats","robots":{"index":"index","follow":"follow","max-snippet":"max-snippet:-1","max-image-preview":"max-image-preview:large","max-video-preview":"max-video-preview:-1"},"canonical":"https:\/\/radiolitoral.com\/ca\/2025\/02\/paco-molins-una-hora-a-la-setmana-per-a-voluntariat-no-es-res-de-temps-i-per-a-una-altra-persona-es-molt\/","og_locale":"ca_ES","og_type":"article","og_title":"Paco Molines: \u201cUna hora a la setmana per a voluntariat no \u00e9s res de temps i per a una altra persona es molt\u201d | R\u00e0dio Litoral","og_description":"La Creu Roja de Calp repassa en El Primer Caf\u00e8 els projectes que desenvolupa per a estar al costat dels m\u00e9s necessitats","og_url":"https:\/\/radiolitoral.com\/ca\/2025\/02\/paco-molins-una-hora-a-la-setmana-per-a-voluntariat-no-es-res-de-temps-i-per-a-una-altra-persona-es-molt\/","og_site_name":"R\u00e0dio Litoral","article_publisher":"https:\/\/www.facebook.com\/Laradiolitoral\/","article_published_time":"2025-02-19T10:03:33+00:00","og_image":[{"width":2000,"height":1500,"url":"https:\/\/media.radiolitoral.com\/wp-content\/uploads\/2025\/02\/19110015\/Paco-Molines-Primer-Cafe.jpg","type":"image\/jpeg"}],"author":"Redacci\u00f3n","twitter_card":"summary_large_image","twitter_misc":{"Escrit per":"Redacci\u00f3n","Temps estimat de lectura":"2 minuts"},"schema":{"@context":"https:\/\/schema.org","@graph":[{"@type":"NewsArticle","@id":"https:\/\/radiolitoral.com\/2025\/02\/paco-molines-una-hora-a-la-setmana-per-a-voluntariat-no-es-res-de-temps-i-per-a-una-altra-persona-es-molt\/#article","isPartOf":{"@id":"https:\/\/radiolitoral.com\/2025\/02\/paco-molines-una-hora-a-la-setmana-per-a-voluntariat-no-es-res-de-temps-i-per-a-una-altra-persona-es-molt\/"},"author":{"name":"Redacci\u00f3n","@id":"https:\/\/radiolitoral.com\/#\/schema\/person\/f2b2343c49b5d721857cc1002bfdb151"},"headline":"Paco Molines: \u201cUna hora a la setmana per a voluntariat no \u00e9s res de temps i per a una altra persona es molt\u201d","datePublished":"2025-02-19T10:03:33+00:00","mainEntityOfPage":{"@id":"https:\/\/radiolitoral.com\/2025\/02\/paco-molines-una-hora-a-la-setmana-per-a-voluntariat-no-es-res-de-temps-i-per-a-una-altra-persona-es-molt\/"},"wordCount":353,"commentCount":0,"publisher":{"@id":"https:\/\/radiolitoral.com\/#organization"},"image":{"@id":"https:\/\/radiolitoral.com\/2025\/02\/paco-molines-una-hora-a-la-setmana-per-a-voluntariat-no-es-res-de-temps-i-per-a-una-altra-persona-es-molt\/#primaryimage"},"thumbnailUrl":"https:\/\/media.radiolitoral.com\/wp-content\/uploads\/2025\/02\/19110015\/Paco-Molines-Primer-Cafe.jpg","keywords":["Creu Roja","Creu Roja Calp","familias vulnerables","labor social","Paco Molines","Primer Caf\u00e9","Voluntariado"],"articleSection":["Entrevistas","Solidaridad"],"inLanguage":"ca","potentialAction":[{"@type":"CommentAction","name":"Comment","target":["https:\/\/radiolitoral.com\/2025\/02\/paco-molines-una-hora-a-la-setmana-per-a-voluntariat-no-es-res-de-temps-i-per-a-una-altra-persona-es-molt\/#respond"]}]},{"@type":["WebPage","ItemPage"],"@id":"https:\/\/radiolitoral.com\/2025\/02\/paco-molines-una-hora-a-la-setmana-per-a-voluntariat-no-es-res-de-temps-i-per-a-una-altra-persona-es-molt\/","url":"https:\/\/radiolitoral.com\/2025\/02\/paco-molines-una-hora-a-la-setmana-per-a-voluntariat-no-es-res-de-temps-i-per-a-una-altra-persona-es-molt\/","name":"Paco Molines: \u201cUna hora a la setmana per a voluntariat no \u00e9s res de temps i per a una altra persona \u00e9s molt\u201d | R\u00e0dio Litoral","isPartOf":{"@id":"https:\/\/radiolitoral.com\/#website"},"primaryImageOfPage":{"@id":"https:\/\/radiolitoral.com\/2025\/02\/paco-molines-una-hora-a-la-setmana-per-a-voluntariat-no-es-res-de-temps-i-per-a-una-altra-persona-es-molt\/#primaryimage"},"image":{"@id":"https:\/\/radiolitoral.com\/2025\/02\/paco-molines-una-hora-a-la-setmana-per-a-voluntariat-no-es-res-de-temps-i-per-a-una-altra-persona-es-molt\/#primaryimage"},"thumbnailUrl":"https:\/\/media.radiolitoral.com\/wp-content\/uploads\/2025\/02\/19110015\/Paco-Molines-Primer-Cafe.jpg","datePublished":"2025-02-19T10:03:33+00:00","description":"La Creu Roja de Calp repassa al Primer Caf\u00e8 els projectes que desenvolupa per estar al costat dels m\u00e9s necessitats","breadcrumb":{"@id":"https:\/\/radiolitoral.com\/2025\/02\/paco-molines-una-hora-a-la-setmana-per-a-voluntariat-no-es-res-de-temps-i-per-a-una-altra-persona-es-molt\/#breadcrumb"},"inLanguage":"ca","potentialAction":[{"@type":"ReadAction","target":["https:\/\/radiolitoral.com\/2025\/02\/paco-molines-una-hora-a-la-setmana-per-a-voluntariat-no-es-res-de-temps-i-per-a-una-altra-persona-es-molt\/"]}]},{"@type":"ImageObject","inLanguage":"ca","@id":"https:\/\/radiolitoral.com\/2025\/02\/paco-molines-una-hora-a-la-setmana-per-a-voluntariat-no-es-res-de-temps-i-per-a-una-altra-persona-es-molt\/#primaryimage","url":"https:\/\/media.radiolitoral.com\/wp-content\/uploads\/2025\/02\/19110015\/Paco-Molines-Primer-Cafe.jpg","contentUrl":"https:\/\/media.radiolitoral.com\/wp-content\/uploads\/2025\/02\/19110015\/Paco-Molines-Primer-Cafe.jpg","width":2000,"height":1500},{"@type":"BreadcrumbList","@id":"https:\/\/radiolitoral.com\/2025\/02\/paco-molines-una-hora-a-la-setmana-per-a-voluntariat-no-es-res-de-temps-i-per-a-una-altra-persona-es-molt\/#breadcrumb","itemListElement":[{"@type":"ListItem","position":1,"name":"Portada","item":"https:\/\/radiolitoral.com\/"},{"@type":"ListItem","position":2,"name":"Paco Molines: \u201cUna hora a la setmana per a voluntariat no \u00e9s res de temps i per a una altra persona es molt\u201d"}]},{"@type":"WebSite","@id":"https:\/\/radiolitoral.com\/#website","url":"https:\/\/radiolitoral.com\/","name":"R\u00e0dio Litoral","description":"La r\u00e0dio local de la Marina Alta","publisher":{"@id":"https:\/\/radiolitoral.com\/#organization"},"alternateName":"Litoral FM","potentialAction":[{"@type":"SearchAction","target":{"@type":"EntryPoint","urlTemplate":"https:\/\/radiolitoral.com\/?s={search_term_string}"},"query-input":{"@type":"PropertyValueSpecification","valueRequired":true,"valueName":"search_term_string"}}],"inLanguage":"ca"},{"@type":"Organization","@id":"https:\/\/radiolitoral.com\/#organization","name":"R\u00e0dio Litoral","url":"https:\/\/radiolitoral.com\/","logo":{"@type":"ImageObject","inLanguage":"ca","@id":"https:\/\/radiolitoral.com\/#\/schema\/logo\/image\/","url":"https:\/\/media.radiolitoral.com\/wp-content\/uploads\/2023\/02\/24143238\/CL-V-RadioLitoral696.png","contentUrl":"https:\/\/media.radiolitoral.com\/wp-content\/uploads\/2023\/02\/24143238\/CL-V-RadioLitoral696.png","width":696,"height":696,"caption":"Radio Litoral"},"image":{"@id":"https:\/\/radiolitoral.com\/#\/schema\/logo\/image\/"},"sameAs":["https:\/\/www.facebook.com\/Laradiolitoral\/"]},{"@type":"Person","@id":"https:\/\/radiolitoral.com\/#\/schema\/person\/f2b2343c49b5d721857cc1002bfdb151","name":"Redacci\u00f3","image":{"@type":"ImageObject","inLanguage":"ca","@id":"https:\/\/secure.gravatar.com\/avatar\/f771d896c203ad8b3382d7905cfcce5a5c9b008b84b3cd9114e9b9f4cb63f789?s=96&d=mm&r=g","url":"https:\/\/secure.gravatar.com\/avatar\/f771d896c203ad8b3382d7905cfcce5a5c9b008b84b3cd9114e9b9f4cb63f789?s=96&d=mm&r=g","contentUrl":"https:\/\/secure.gravatar.com\/avatar\/f771d896c203ad8b3382d7905cfcce5a5c9b008b84b3cd9114e9b9f4cb63f789?s=96&d=mm&r=g","caption":"Redacci\u00f3n"},"url":"https:\/\/radiolitoral.com\/ca\/author\/miriam-pagan\/"}]}},"_links":{"self":[{"href":"https:\/\/radiolitoral.com\/ca\/wp-json\/wp\/v2\/posts\/15071","targetHints":{"allow":["GET"]}}],"collection":[{"href":"https:\/\/radiolitoral.com\/ca\/wp-json\/wp\/v2\/posts"}],"about":[{"href":"https:\/\/radiolitoral.com\/ca\/wp-json\/wp\/v2\/types\/post"}],"author":[{"embeddable":true,"href":"https:\/\/radiolitoral.com\/ca\/wp-json\/wp\/v2\/users\/13"}],"replies":[{"embeddable":true,"href":"https:\/\/radiolitoral.com\/ca\/wp-json\/wp\/v2\/comments?post=15071"}],"version-history":[{"count":2,"href":"https:\/\/radiolitoral.com\/ca\/wp-json\/wp\/v2\/posts\/15071\/revisions"}],"predecessor-version":[{"id":15075,"href":"https:\/\/radiolitoral.com\/ca\/wp-json\/wp\/v2\/posts\/15071\/revisions\/15075"}],"wp:featuredmedia":[{"embeddable":true,"href":"https:\/\/radiolitoral.com\/ca\/wp-json\/wp\/v2\/media\/15073"}],"wp:attachment":[{"href":"https:\/\/radiolitoral.com\/ca\/wp-json\/wp\/v2\/media?parent=15071"}],"wp:term":[{"taxonomy":"category","embeddable":true,"href":"https:\/\/radiolitoral.com\/ca\/wp-json\/wp\/v2\/categories?post=15071"},{"taxonomy":"post_tag","embeddable":true,"href":"https:\/\/radiolitoral.com\/ca\/wp-json\/wp\/v2\/tags?post=15071"}],"curies":[{"name":"wp","href":"https:\/\/api.w.org\/{rel}","templated":true}]}}