{"id":15064,"date":"2025-02-19T10:48:21","date_gmt":"2025-02-19T09:48:21","guid":{"rendered":"https:\/\/radiolitoral.com\/?p=15064"},"modified":"2025-02-19T10:48:21","modified_gmt":"2025-02-19T09:48:21","slug":"el-denia-bc-va-caure-davant-el-cb-benidorm-92-86","status":"publish","type":"post","link":"https:\/\/radiolitoral.com\/ca\/2025\/02\/el-denia-bc-va-caure-davant-el-cb-benidorm-92-86\/","title":{"rendered":"El D\u00e9nia BC va caure davant del CB Benidorm (92-86)"},"content":{"rendered":"<p>El <strong>D\u00e9nia BC<\/strong> va fer un partid\u00e0s en la visita a la pista del <strong>CB Benidorm<\/strong>, que va necessitar esfor\u00e7ar-se al m\u00e0xim per aconseguir una ajustada vict\u00f2ria per <strong>(92-86)<\/strong> davant els deniers. Amb\u00a0<span class=\"hiddenSuggestion\">aquest<\/span>\u00a0triomf, CB Benidorm \u00e9s col\u00b7loca a la segona pla\u00e7a de la classificaci\u00f3.<\/p>\n<p>Les primeres avantatges van ser per als locals gr\u00e0cies a la superioritat sota el\u00a0<span class=\"hiddenSuggestion\">aro<\/span>\u00a0del seu\u00a0<span class=\"hiddenSpellError\">pivot<\/span>\u00a0de 2,08 m,\u00a0<strong><span class=\"hiddenSpellError\">Kaj<\/span>\u00a0<span class=\"hiddenSpellError\">Sherman<\/span><\/strong>, una constant durant tot el partit. No obstant aix\u00f2, els d&#039;<strong>Eduardo\u00a0<span class=\"hiddenSpellError\">Clavero<\/span><\/strong>, amb una defensa intensa i un atac din\u00e0mic basat en r\u00e0pides transicions, evitaren la fugida dels amfitrions i demostraren que volien lluitar fins al final (29-25).<\/p>\n<h4>Reacci\u00f3 deniera<\/h4>\n<p><span style=\"background-color: var(--bs-body-bg); color: var(--bs-body-color); font-family: var(--bs-body-font-family); font-size: var(--bs-body-font-size); font-weight: var(--bs-body-font-weight); text-align: var(--bs-body-text-align);\">El segon per\u00edode va ser senzillament brillant per als deniers. La defensa va limitar l&#039;encert exterior dels locals i va provocar seis p\u00e8rdues de pilota, que es van convertir en punts a l&#039;altre costat de la pista. A m\u00e9s, van arribar tres triples en seis intents i es va encertar des de la l\u00ednia de tirs lliures. Nom\u00e9s <\/span><span class=\"hiddenSpellError\" style=\"background-color: var(--bs-body-bg); color: var(--bs-body-color); font-family: var(--bs-body-font-family); font-size: var(--bs-body-font-size); font-weight: var(--bs-body-font-weight); text-align: var(--bs-body-text-align);\">Sherman<\/span><span style=\"background-color: var(--bs-body-bg); color: var(--bs-body-color); font-family: var(--bs-body-font-family); font-size: var(--bs-body-font-size); font-weight: var(--bs-body-font-weight); text-align: var(--bs-body-text-align);\">, amb 19 punts al descans, onze des del tir lliure, va impedir que el D\u00e9nia BC s&#039;alluny\u00e9s m\u00e9s al marcador (45-51).<\/span><\/p>\n<p>A la presa, el CB Benidorm va reaccionar amb canvis defensius, per\u00f2 els homes de\u00a0<span class=\"hiddenSpellError\">Clavero<\/span>\u00a0van mantenir el control i va aconseguir la m\u00e0xima renda del partit amb onze punts d&#039;avantatge en els primers cinc minuts del tercer quart.<\/p>\n<p>A mesura que avan\u00e7ava el quart, la manca d&#039;encert des del triple i deu punts m\u00e9s de\u00a0<span class=\"hiddenSpellError\">Sherman<\/span> van reduir la difer\u00e8ncia. Aix\u00ed, s&#039;arribava al darrer quart amb un ajustat 68-70.<\/p>\n<p>El gran encert al triple de CB Benidorm a l&#039;\u00faltim quart va acabar amb la resistencia visitant. Els locals es van posar per davant i es van distanciar amb seis punts d&#039;avantatge quan faltin cinc minuts (81-75).<\/p>\n<p>Tot i aix\u00f2, el D\u00e9nia BC no es rendir\u00e0 i lluitar\u00e0 fins al final, mantenint opcions de tornar a igualar el marcador. Tot i la derrota, els deniers van deixar molt bones sensacions i van exigir el m\u00e0xim a un rival de la zona alta.<\/p>\n<p>&nbsp;<\/p>\n<p><script src=\"chrome-extension:\/\/flbolonkboilcbnohjlchlfgdalomdpl\/iFrame.js\" type=\"text\/javascript\"><\/script><\/p>","protected":false},"excerpt":{"rendered":"<p>El D\u00e9nia BC va fer un partid\u00e0s en la seua visita a la pista del CB Benidorm, que va necessitar esfor\u00e7ar-se al m\u00e0xim per aconseguir una ajustada vict\u00f2ria per (92-86) davant els deniers. Amb\u00a0aquest\u00a0triomf, CB Benidorm es col\u00b7loca en la segona pla\u00e7a de la classificaci\u00f3. Els primers avantatges van ser per als locals gr\u00e0cies a [&#8230;]<\/p>\n<p><a class=\"btn btn-secondary understrap-read-more-link\" href=\"https:\/\/radiolitoral.com\/ca\/2025\/02\/el-denia-bc-va-caure-davant-el-cb-benidorm-92-86\/\">Continua llegint&#8230;<span class=\"screen-reader-text\"> from El D\u00e9nia BC va caure davant el CB Benidorm (92-86)<\/span><\/a><\/p>\n","protected":false},"author":12,"featured_media":15067,"comment_status":"open","ping_status":"closed","sticky":false,"template":"","format":"standard","meta":{"_acf_changed":false,"inline_featured_image":false,"footnotes":""},"categories":[5],"tags":[1796,1355,6,965,3740],"class_list":["post-15064","post","type-post","status-publish","format-standard","has-post-thumbnail","hentry","category-deportes","tag-cb-benidorm","tag-denia-bc","tag-deportes","tag-eduardo-clavero","tag-kaj-sherman","cobertura-denia"],"acf":[],"yoast_head":"<!-- This site is optimized with the Yoast SEO plugin v27.5 - https:\/\/yoast.com\/product\/yoast-seo-wordpress\/ -->\n<title>El D\u00e9nia BC va caure davant el CB Benidorm (92-86) | R\u00e0dio Litoral<\/title>\n<meta name=\"description\" content=\"L&#039;equip d&#039;Eduardo Clavero es va mantindre per davant del marcador durant molts minuts per\u00f2 va acabar perdentL&#039;equip d&#039;Eduardo Clavero es va mantindre per davant del marcador durant molts minuts per\u00f2 va acabar perdent\" \/>\n<meta name=\"robots\" content=\"index, follow, max-snippet:-1, max-image-preview:large, max-video-preview:-1\" \/>\n<link rel=\"canonical\" href=\"https:\/\/radiolitoral.com\/ca\/2025\/02\/el-denia-bc-va-caure-davant-el-cb-benidorm-92-86\/\" \/>\n<meta property=\"og:locale\" content=\"ca_ES\" \/>\n<meta property=\"og:type\" content=\"article\" \/>\n<meta property=\"og:title\" content=\"El D\u00e9nia BC va caure davant el CB Benidorm (92-86) | R\u00e0dio Litoral\" \/>\n<meta property=\"og:description\" content=\"L&#039;equip d&#039;Eduardo Clavero es va mantindre per davant del marcador durant molts minuts per\u00f2 va acabar perdentL&#039;equip d&#039;Eduardo Clavero es va mantindre per davant del marcador durant molts minuts per\u00f2 va acabar perdent\" \/>\n<meta property=\"og:url\" content=\"https:\/\/radiolitoral.com\/ca\/2025\/02\/el-denia-bc-va-caure-davant-el-cb-benidorm-92-86\/\" \/>\n<meta property=\"og:site_name\" content=\"R\u00e0dio Litoral\" \/>\n<meta property=\"article:publisher\" content=\"https:\/\/www.facebook.com\/Laradiolitoral\/\" \/>\n<meta property=\"article:published_time\" content=\"2025-02-19T09:48:21+00:00\" \/>\n<meta property=\"og:image\" content=\"https:\/\/media.radiolitoral.com\/wp-content\/uploads\/2025\/02\/19104756\/DSC_0521-1.jpg\" \/>\n\t<meta property=\"og:image:width\" content=\"1600\" \/>\n\t<meta property=\"og:image:height\" content=\"910\" \/>\n\t<meta property=\"og:image:type\" content=\"image\/jpeg\" \/>\n<meta name=\"author\" content=\"Javier Zamora\" \/>\n<meta name=\"twitter:card\" content=\"summary_large_image\" \/>\n<meta name=\"twitter:label1\" content=\"Escrit per\" \/>\n\t<meta name=\"twitter:data1\" content=\"Javier Zamora\" \/>\n\t<meta name=\"twitter:label2\" content=\"Temps estimat de lectura\" \/>\n\t<meta name=\"twitter:data2\" content=\"2 minuts\" \/>\n<script type=\"application\/ld+json\" class=\"yoast-schema-graph\">{\"@context\":\"https:\\\/\\\/schema.org\",\"@graph\":[{\"@type\":\"NewsArticle\",\"@id\":\"https:\\\/\\\/radiolitoral.com\\\/2025\\\/02\\\/el-denia-bc-va-caure-davant-el-cb-benidorm-92-86\\\/#article\",\"isPartOf\":{\"@id\":\"https:\\\/\\\/radiolitoral.com\\\/2025\\\/02\\\/el-denia-bc-va-caure-davant-el-cb-benidorm-92-86\\\/\"},\"author\":{\"name\":\"Javier Zamora\",\"@id\":\"https:\\\/\\\/radiolitoral.com\\\/#\\\/schema\\\/person\\\/7b1480b5caeb5acdd4ec6379caf62b22\"},\"headline\":\"El D\u00e9nia BC va caure davant el CB Benidorm (92-86)\",\"datePublished\":\"2025-02-19T09:48:21+00:00\",\"mainEntityOfPage\":{\"@id\":\"https:\\\/\\\/radiolitoral.com\\\/2025\\\/02\\\/el-denia-bc-va-caure-davant-el-cb-benidorm-92-86\\\/\"},\"wordCount\":394,\"commentCount\":0,\"publisher\":{\"@id\":\"https:\\\/\\\/radiolitoral.com\\\/#organization\"},\"image\":{\"@id\":\"https:\\\/\\\/radiolitoral.com\\\/2025\\\/02\\\/el-denia-bc-va-caure-davant-el-cb-benidorm-92-86\\\/#primaryimage\"},\"thumbnailUrl\":\"https:\\\/\\\/media.radiolitoral.com\\\/wp-content\\\/uploads\\\/2025\\\/02\\\/19104756\\\/DSC_0521-1.jpg\",\"keywords\":[\"CB\u00a0Benidorm\",\"D\u00e9nia BC\",\"deportes\",\"Eduardo Clavero\",\"Kaj Sherman\"],\"articleSection\":[\"Deportes\"],\"inLanguage\":\"ca\",\"potentialAction\":[{\"@type\":\"CommentAction\",\"name\":\"Comment\",\"target\":[\"https:\\\/\\\/radiolitoral.com\\\/2025\\\/02\\\/el-denia-bc-va-caure-davant-el-cb-benidorm-92-86\\\/#respond\"]}]},{\"@type\":[\"WebPage\",\"ItemPage\"],\"@id\":\"https:\\\/\\\/radiolitoral.com\\\/2025\\\/02\\\/el-denia-bc-va-caure-davant-el-cb-benidorm-92-86\\\/\",\"url\":\"https:\\\/\\\/radiolitoral.com\\\/2025\\\/02\\\/el-denia-bc-va-caure-davant-el-cb-benidorm-92-86\\\/\",\"name\":\"El D\u00e9nia BC va caure davant el CB Benidorm (92-86) | R\u00e0dio Litoral\",\"isPartOf\":{\"@id\":\"https:\\\/\\\/radiolitoral.com\\\/#website\"},\"primaryImageOfPage\":{\"@id\":\"https:\\\/\\\/radiolitoral.com\\\/2025\\\/02\\\/el-denia-bc-va-caure-davant-el-cb-benidorm-92-86\\\/#primaryimage\"},\"image\":{\"@id\":\"https:\\\/\\\/radiolitoral.com\\\/2025\\\/02\\\/el-denia-bc-va-caure-davant-el-cb-benidorm-92-86\\\/#primaryimage\"},\"thumbnailUrl\":\"https:\\\/\\\/media.radiolitoral.com\\\/wp-content\\\/uploads\\\/2025\\\/02\\\/19104756\\\/DSC_0521-1.jpg\",\"datePublished\":\"2025-02-19T09:48:21+00:00\",\"description\":\"L'equip d'Eduardo Clavero es va mantindre per davant del marcador durant molts minuts per\u00f2 va acabar perdentL'equip d'Eduardo Clavero es va mantindre per davant del marcador durant molts minuts per\u00f2 va acabar perdent\",\"breadcrumb\":{\"@id\":\"https:\\\/\\\/radiolitoral.com\\\/2025\\\/02\\\/el-denia-bc-va-caure-davant-el-cb-benidorm-92-86\\\/#breadcrumb\"},\"inLanguage\":\"ca\",\"potentialAction\":[{\"@type\":\"ReadAction\",\"target\":[\"https:\\\/\\\/radiolitoral.com\\\/2025\\\/02\\\/el-denia-bc-va-caure-davant-el-cb-benidorm-92-86\\\/\"]}]},{\"@type\":\"ImageObject\",\"inLanguage\":\"ca\",\"@id\":\"https:\\\/\\\/radiolitoral.com\\\/2025\\\/02\\\/el-denia-bc-va-caure-davant-el-cb-benidorm-92-86\\\/#primaryimage\",\"url\":\"https:\\\/\\\/media.radiolitoral.com\\\/wp-content\\\/uploads\\\/2025\\\/02\\\/19104756\\\/DSC_0521-1.jpg\",\"contentUrl\":\"https:\\\/\\\/media.radiolitoral.com\\\/wp-content\\\/uploads\\\/2025\\\/02\\\/19104756\\\/DSC_0521-1.jpg\",\"width\":1600,\"height\":910},{\"@type\":\"BreadcrumbList\",\"@id\":\"https:\\\/\\\/radiolitoral.com\\\/2025\\\/02\\\/el-denia-bc-va-caure-davant-el-cb-benidorm-92-86\\\/#breadcrumb\",\"itemListElement\":[{\"@type\":\"ListItem\",\"position\":1,\"name\":\"Portada\",\"item\":\"https:\\\/\\\/radiolitoral.com\\\/\"},{\"@type\":\"ListItem\",\"position\":2,\"name\":\"El D\u00e9nia BC va caure davant el CB Benidorm (92-86)\"}]},{\"@type\":\"WebSite\",\"@id\":\"https:\\\/\\\/radiolitoral.com\\\/#website\",\"url\":\"https:\\\/\\\/radiolitoral.com\\\/\",\"name\":\"Radio Litoral\",\"description\":\"La radio local de la Marina Alta\",\"publisher\":{\"@id\":\"https:\\\/\\\/radiolitoral.com\\\/#organization\"},\"alternateName\":\"Litoral FM\",\"potentialAction\":[{\"@type\":\"SearchAction\",\"target\":{\"@type\":\"EntryPoint\",\"urlTemplate\":\"https:\\\/\\\/radiolitoral.com\\\/?s={search_term_string}\"},\"query-input\":{\"@type\":\"PropertyValueSpecification\",\"valueRequired\":true,\"valueName\":\"search_term_string\"}}],\"inLanguage\":\"ca\"},{\"@type\":\"Organization\",\"@id\":\"https:\\\/\\\/radiolitoral.com\\\/#organization\",\"name\":\"Radio Litoral\",\"url\":\"https:\\\/\\\/radiolitoral.com\\\/\",\"logo\":{\"@type\":\"ImageObject\",\"inLanguage\":\"ca\",\"@id\":\"https:\\\/\\\/radiolitoral.com\\\/#\\\/schema\\\/logo\\\/image\\\/\",\"url\":\"https:\\\/\\\/media.radiolitoral.com\\\/wp-content\\\/uploads\\\/2023\\\/02\\\/24143238\\\/CL-V-RadioLitoral696.png\",\"contentUrl\":\"https:\\\/\\\/media.radiolitoral.com\\\/wp-content\\\/uploads\\\/2023\\\/02\\\/24143238\\\/CL-V-RadioLitoral696.png\",\"width\":696,\"height\":696,\"caption\":\"Radio Litoral\"},\"image\":{\"@id\":\"https:\\\/\\\/radiolitoral.com\\\/#\\\/schema\\\/logo\\\/image\\\/\"},\"sameAs\":[\"https:\\\/\\\/www.facebook.com\\\/Laradiolitoral\\\/\"]},{\"@type\":\"Person\",\"@id\":\"https:\\\/\\\/radiolitoral.com\\\/#\\\/schema\\\/person\\\/7b1480b5caeb5acdd4ec6379caf62b22\",\"name\":\"Javier Zamora\",\"image\":{\"@type\":\"ImageObject\",\"inLanguage\":\"ca\",\"@id\":\"https:\\\/\\\/secure.gravatar.com\\\/avatar\\\/467a11f6918c7d619c4043fc6fa2d3853053107973f05b6e9c04ea6c4e3a7b3f?s=96&d=mm&r=g\",\"url\":\"https:\\\/\\\/secure.gravatar.com\\\/avatar\\\/467a11f6918c7d619c4043fc6fa2d3853053107973f05b6e9c04ea6c4e3a7b3f?s=96&d=mm&r=g\",\"contentUrl\":\"https:\\\/\\\/secure.gravatar.com\\\/avatar\\\/467a11f6918c7d619c4043fc6fa2d3853053107973f05b6e9c04ea6c4e3a7b3f?s=96&d=mm&r=g\",\"caption\":\"Javier Zamora\"},\"url\":\"https:\\\/\\\/radiolitoral.com\\\/ca\\\/author\\\/javier-zamora\\\/\"}]}<\/script>\n<!-- \/ Yoast SEO plugin. -->","yoast_head_json":{"title":"El D\u00e9nia BC caur\u00e0 davant el CB Benidorm (92-86) | R\u00e0dio Litoral","description":"L&#039;equip d&#039;Eduardo Clavero es va mantenir per davant del marcador durant molts minuts per\u00f2 va acabar perdent L&#039;equip d&#039;Eduardo Clavero es va mantenir per davant del marcador durant molts minuts per\u00f2 va acabar perdent","robots":{"index":"index","follow":"follow","max-snippet":"max-snippet:-1","max-image-preview":"max-image-preview:large","max-video-preview":"max-video-preview:-1"},"canonical":"https:\/\/radiolitoral.com\/ca\/2025\/02\/el-denia-bc-va-caure-davant-el-cb-benidorm-92-86\/","og_locale":"ca_ES","og_type":"article","og_title":"El D\u00e9nia BC va caure davant el CB Benidorm (92-86) | R\u00e0dio Litoral","og_description":"L'equip d'Eduardo Clavero es va mantindre per davant del marcador durant molts minuts per\u00f2 va acabar perdentL'equip d'Eduardo Clavero es va mantindre per davant del marcador durant molts minuts per\u00f2 va acabar perdent","og_url":"https:\/\/radiolitoral.com\/ca\/2025\/02\/el-denia-bc-va-caure-davant-el-cb-benidorm-92-86\/","og_site_name":"R\u00e0dio Litoral","article_publisher":"https:\/\/www.facebook.com\/Laradiolitoral\/","article_published_time":"2025-02-19T09:48:21+00:00","og_image":[{"width":1600,"height":910,"url":"https:\/\/media.radiolitoral.com\/wp-content\/uploads\/2025\/02\/19104756\/DSC_0521-1.jpg","type":"image\/jpeg"}],"author":"Javier Zamora","twitter_card":"summary_large_image","twitter_misc":{"Escrit per":"Javier Zamora","Temps estimat de lectura":"2 minuts"},"schema":{"@context":"https:\/\/schema.org","@graph":[{"@type":"NewsArticle","@id":"https:\/\/radiolitoral.com\/2025\/02\/el-denia-bc-va-caure-davant-el-cb-benidorm-92-86\/#article","isPartOf":{"@id":"https:\/\/radiolitoral.com\/2025\/02\/el-denia-bc-va-caure-davant-el-cb-benidorm-92-86\/"},"author":{"name":"Javier Zamora","@id":"https:\/\/radiolitoral.com\/#\/schema\/person\/7b1480b5caeb5acdd4ec6379caf62b22"},"headline":"El D\u00e9nia BC va caure davant el CB Benidorm (92-86)","datePublished":"2025-02-19T09:48:21+00:00","mainEntityOfPage":{"@id":"https:\/\/radiolitoral.com\/2025\/02\/el-denia-bc-va-caure-davant-el-cb-benidorm-92-86\/"},"wordCount":394,"commentCount":0,"publisher":{"@id":"https:\/\/radiolitoral.com\/#organization"},"image":{"@id":"https:\/\/radiolitoral.com\/2025\/02\/el-denia-bc-va-caure-davant-el-cb-benidorm-92-86\/#primaryimage"},"thumbnailUrl":"https:\/\/media.radiolitoral.com\/wp-content\/uploads\/2025\/02\/19104756\/DSC_0521-1.jpg","keywords":["CB\u00a0Benidorm","D\u00e9nia BC","deportes","Eduardo Clavero","Kaj Sherman"],"articleSection":["Deportes"],"inLanguage":"ca","potentialAction":[{"@type":"CommentAction","name":"Comment","target":["https:\/\/radiolitoral.com\/2025\/02\/el-denia-bc-va-caure-davant-el-cb-benidorm-92-86\/#respond"]}]},{"@type":["WebPage","ItemPage"],"@id":"https:\/\/radiolitoral.com\/2025\/02\/el-denia-bc-va-caure-davant-el-cb-benidorm-92-86\/","url":"https:\/\/radiolitoral.com\/2025\/02\/el-denia-bc-va-caure-davant-el-cb-benidorm-92-86\/","name":"El D\u00e9nia BC caur\u00e0 davant el CB Benidorm (92-86) | R\u00e0dio Litoral","isPartOf":{"@id":"https:\/\/radiolitoral.com\/#website"},"primaryImageOfPage":{"@id":"https:\/\/radiolitoral.com\/2025\/02\/el-denia-bc-va-caure-davant-el-cb-benidorm-92-86\/#primaryimage"},"image":{"@id":"https:\/\/radiolitoral.com\/2025\/02\/el-denia-bc-va-caure-davant-el-cb-benidorm-92-86\/#primaryimage"},"thumbnailUrl":"https:\/\/media.radiolitoral.com\/wp-content\/uploads\/2025\/02\/19104756\/DSC_0521-1.jpg","datePublished":"2025-02-19T09:48:21+00:00","description":"L&#039;equip d&#039;Eduardo Clavero es va mantenir per davant del marcador durant molts minuts per\u00f2 va acabar perdent L&#039;equip d&#039;Eduardo Clavero es va mantenir per davant del marcador durant molts minuts per\u00f2 va acabar perdent","breadcrumb":{"@id":"https:\/\/radiolitoral.com\/2025\/02\/el-denia-bc-va-caure-davant-el-cb-benidorm-92-86\/#breadcrumb"},"inLanguage":"ca","potentialAction":[{"@type":"ReadAction","target":["https:\/\/radiolitoral.com\/2025\/02\/el-denia-bc-va-caure-davant-el-cb-benidorm-92-86\/"]}]},{"@type":"ImageObject","inLanguage":"ca","@id":"https:\/\/radiolitoral.com\/2025\/02\/el-denia-bc-va-caure-davant-el-cb-benidorm-92-86\/#primaryimage","url":"https:\/\/media.radiolitoral.com\/wp-content\/uploads\/2025\/02\/19104756\/DSC_0521-1.jpg","contentUrl":"https:\/\/media.radiolitoral.com\/wp-content\/uploads\/2025\/02\/19104756\/DSC_0521-1.jpg","width":1600,"height":910},{"@type":"BreadcrumbList","@id":"https:\/\/radiolitoral.com\/2025\/02\/el-denia-bc-va-caure-davant-el-cb-benidorm-92-86\/#breadcrumb","itemListElement":[{"@type":"ListItem","position":1,"name":"Portada","item":"https:\/\/radiolitoral.com\/"},{"@type":"ListItem","position":2,"name":"El D\u00e9nia BC va caure davant el CB Benidorm (92-86)"}]},{"@type":"WebSite","@id":"https:\/\/radiolitoral.com\/#website","url":"https:\/\/radiolitoral.com\/","name":"R\u00e0dio Litoral","description":"La r\u00e0dio local de la Marina Alta","publisher":{"@id":"https:\/\/radiolitoral.com\/#organization"},"alternateName":"Litoral FM","potentialAction":[{"@type":"SearchAction","target":{"@type":"EntryPoint","urlTemplate":"https:\/\/radiolitoral.com\/?s={search_term_string}"},"query-input":{"@type":"PropertyValueSpecification","valueRequired":true,"valueName":"search_term_string"}}],"inLanguage":"ca"},{"@type":"Organization","@id":"https:\/\/radiolitoral.com\/#organization","name":"R\u00e0dio Litoral","url":"https:\/\/radiolitoral.com\/","logo":{"@type":"ImageObject","inLanguage":"ca","@id":"https:\/\/radiolitoral.com\/#\/schema\/logo\/image\/","url":"https:\/\/media.radiolitoral.com\/wp-content\/uploads\/2023\/02\/24143238\/CL-V-RadioLitoral696.png","contentUrl":"https:\/\/media.radiolitoral.com\/wp-content\/uploads\/2023\/02\/24143238\/CL-V-RadioLitoral696.png","width":696,"height":696,"caption":"Radio Litoral"},"image":{"@id":"https:\/\/radiolitoral.com\/#\/schema\/logo\/image\/"},"sameAs":["https:\/\/www.facebook.com\/Laradiolitoral\/"]},{"@type":"Person","@id":"https:\/\/radiolitoral.com\/#\/schema\/person\/7b1480b5caeb5acdd4ec6379caf62b22","name":"Javier Zamora","image":{"@type":"ImageObject","inLanguage":"ca","@id":"https:\/\/secure.gravatar.com\/avatar\/467a11f6918c7d619c4043fc6fa2d3853053107973f05b6e9c04ea6c4e3a7b3f?s=96&d=mm&r=g","url":"https:\/\/secure.gravatar.com\/avatar\/467a11f6918c7d619c4043fc6fa2d3853053107973f05b6e9c04ea6c4e3a7b3f?s=96&d=mm&r=g","contentUrl":"https:\/\/secure.gravatar.com\/avatar\/467a11f6918c7d619c4043fc6fa2d3853053107973f05b6e9c04ea6c4e3a7b3f?s=96&d=mm&r=g","caption":"Javier Zamora"},"url":"https:\/\/radiolitoral.com\/ca\/author\/javier-zamora\/"}]}},"_links":{"self":[{"href":"https:\/\/radiolitoral.com\/ca\/wp-json\/wp\/v2\/posts\/15064","targetHints":{"allow":["GET"]}}],"collection":[{"href":"https:\/\/radiolitoral.com\/ca\/wp-json\/wp\/v2\/posts"}],"about":[{"href":"https:\/\/radiolitoral.com\/ca\/wp-json\/wp\/v2\/types\/post"}],"author":[{"embeddable":true,"href":"https:\/\/radiolitoral.com\/ca\/wp-json\/wp\/v2\/users\/12"}],"replies":[{"embeddable":true,"href":"https:\/\/radiolitoral.com\/ca\/wp-json\/wp\/v2\/comments?post=15064"}],"version-history":[{"count":3,"href":"https:\/\/radiolitoral.com\/ca\/wp-json\/wp\/v2\/posts\/15064\/revisions"}],"predecessor-version":[{"id":15069,"href":"https:\/\/radiolitoral.com\/ca\/wp-json\/wp\/v2\/posts\/15064\/revisions\/15069"}],"wp:featuredmedia":[{"embeddable":true,"href":"https:\/\/radiolitoral.com\/ca\/wp-json\/wp\/v2\/media\/15067"}],"wp:attachment":[{"href":"https:\/\/radiolitoral.com\/ca\/wp-json\/wp\/v2\/media?parent=15064"}],"wp:term":[{"taxonomy":"category","embeddable":true,"href":"https:\/\/radiolitoral.com\/ca\/wp-json\/wp\/v2\/categories?post=15064"},{"taxonomy":"post_tag","embeddable":true,"href":"https:\/\/radiolitoral.com\/ca\/wp-json\/wp\/v2\/tags?post=15064"}],"curies":[{"name":"wp","href":"https:\/\/api.w.org\/{rel}","templated":true}]}}